{"id":13543571,"date":"2024-07-11T06:15:57","date_gmt":"2024-07-11T05:15:57","guid":{"rendered":"https:\/\/kapitalis.com\/tunisie\/?p=13543571"},"modified":"2024-07-11T06:15:59","modified_gmt":"2024-07-11T05:15:59","slug":"les-maghrebins-en-pole-position-des-visas-schengen-en-france","status":"publish","type":"post","link":"https:\/\/kapitalis.com\/tunisie\/2024\/07\/11\/les-maghrebins-en-pole-position-des-visas-schengen-en-france\/","title":{"rendered":"Les Maghr\u00e9bins en p\u00f4le position des visas Schengen en France"},"content":{"rendered":"\n<p><strong><em>Selon les statistiques du <a href=\"https:\/\/www.immigration.interieur.gouv.fr\/Info-ressources\/Etudes-et-statistiques\/Chiffres-cles-sejour-visas-eloignements-asile-acces-a-la-nationalite\/Les-chiffres-2023-publication-annuelle-parue-le-27-juin-2024\" target=\"_blank\" rel=\"noreferrer noopener\">minist\u00e8re fran\u00e7ais de l\u2019Int\u00e9rieur<\/a>, rapport\u00e9es par le magazine <a href=\"https:\/\/www.businesstravel.fr\/visas-schengen-en-france-les-maghrebins-en-pole-position.html\" target=\"_blank\" rel=\"noreferrer noopener\">Business Travel France<\/a>, le tiers des premiers titres de s\u00e9jour d\u00e9livr\u00e9s par la France en 2023 l\u2019ont \u00e9t\u00e9 pour les Marocains, Alg\u00e9riens et Tunisiens.<\/em><\/strong><\/p>\n\n\n\n<!--more-->\n\n\n\n<p>Dans le d\u00e9tail 36 648 des titres de s\u00e9jour \u00e9taient d\u00e9livr\u00e9s aux Marocains, 31 943 aux Alg\u00e9riens et 22 639 aux Tunisiens. Les Chinois arrivent en 4<sup>e<\/sup> position (14 603) devant les Am\u00e9ricains (12153), les Ivoiriens (11696), les Afghans (10499), les S\u00e9n\u00e9galais (10423), les Indiens (9819) et les Turcs (8917).<\/p>\n\n\n\n<p>Cependant, les Marocains (avec 310 057 demandes) et les Alg\u00e9riens (avec 279 005) ont \u00e9t\u00e9 ceux qui ont demand\u00e9 le plus de visas Schengen en 2023 \u00e0 la France loin devant les Chinois (271\u00a0111) et les Indiens (176\u00a0237). Les Tunisiens arrivant en 9<sup>e<\/sup> position avec 85 917 demandes.<\/p>\n\n\n\n<p>Ainsi la France repr\u00e9sente 52,4% du total des demandes de visas Schengen pour les Marocains contre 53,6% pour les Alg\u00e9riens et 57,1% pour les Tunisiens&nbsp;<a href=\"https:\/\/www.schengenvisainfo.com\/statistics\/france\/\">selon Schengenvisainfo<\/a>.<\/p>\n\n\n\n<p>En terme de d\u00e9livrance de visas Schengen, la situation est diff\u00e9rente. Les Chinois ont obtenu le plus de visas en 2023 soit 371 151 avec une hausse de 271%, suivis par les Marocains (241&nbsp;544) avec une hausse de 34,6%, et les Alg\u00e9riens (209 708) avec une hausse de 59,8%. Les Turcs arrivent en 4<sup>e<\/sup> position (130 834) avec une hausse de 26,6% et les Russes en 5e position (116 246) avec une hausse de 69,3%.<\/p>\n\n\n\n<p>Sur un autre plan, les trois principales nationalit\u00e9s maghr\u00e9bines sont celles qui ont obtenu le plus la nationalit\u00e9 fran\u00e7aise en 2023 soit au total 18 595 personnes. Dans le d\u00e9tail, 8 017 Marocains ont obtenu la nationalit\u00e9 fran\u00e7aise par naturalisation ou mariage descendance, contre 6 737 Alg\u00e9riens et 3 841 Tunisiens. On trouve ensuite les Russes (1558), les Britanniques (1522), les Ivoiriens (1465), les S\u00e9n\u00e9galais (1458), les Camerounais (1337) , les Malgaches (1274) et les Congolais (1149).<\/p>\n","protected":false},"excerpt":{"rendered":"<p>Les Marocains, Alg\u00e9riens et Tunisiens sont ceux qui ont obtenu le plus la nationalit\u00e9 fran\u00e7aise en 2023 soit au total 18 595 personnes. <\/p>\n","protected":false},"author":8,"featured_media":7354960,"comment_status":"closed","ping_status":"open","sticky":false,"template":"","format":"standard","meta":{"footnotes":""},"categories":[998,2433],"tags":[2752,395,8583,92820,104012,1117,109683],"class_list":["post-13543571","post","type-post","status-publish","format-standard","has-post-thumbnail","hentry","category-societe","category-tunisie","tag-algeriens","tag-france","tag-marocains","tag-nationalite-francaise","tag-titres-de-sejour","tag-tunisiens","tag-visa-schengen"],"yoast_head":"<!-- This site is optimized with the Yoast SEO plugin v26.6 - https:\/\/yoast.com\/wordpress\/plugins\/seo\/ -->\n<title>Les Maghr\u00e9bins en p\u00f4le position des visas Schengen en France - Kapitalis<\/title>\n<meta name=\"robots\" content=\"index, follow, max-snippet:-1, max-image-preview:large, max-video-preview:-1\" \/>\n<link rel=\"canonical\" href=\"https:\/\/kapitalis.com\/tunisie\/2024\/07\/11\/les-maghrebins-en-pole-position-des-visas-schengen-en-france\/\" \/>\n<meta property=\"og:locale\" content=\"fr_FR\" \/>\n<meta property=\"og:type\" content=\"article\" \/>\n<meta property=\"og:title\" content=\"Les Maghr\u00e9bins en p\u00f4le position des visas Schengen en France - Kapitalis\" \/>\n<meta property=\"og:description\" content=\"Les Marocains, Alg\u00e9riens et Tunisiens sont ceux qui ont obtenu le plus la nationalit\u00e9 fran\u00e7aise en 2023 soit au total 18 595 personnes.\" \/>\n<meta property=\"og:url\" content=\"https:\/\/kapitalis.com\/tunisie\/2024\/07\/11\/les-maghrebins-en-pole-position-des-visas-schengen-en-france\/\" \/>\n<meta property=\"og:site_name\" content=\"Kapitalis\" \/>\n<meta property=\"article:publisher\" content=\"https:\/\/www.facebook.com\/KapitalisInfo\/\" \/>\n<meta property=\"article:published_time\" content=\"2024-07-11T05:15:57+00:00\" \/>\n<meta property=\"article:modified_time\" content=\"2024-07-11T05:15:59+00:00\" \/>\n<meta property=\"og:image\" content=\"https:\/\/kapitalis.com\/tunisie\/wp-content\/uploads\/2023\/04\/Visa-Schengen.jpg\" \/>\n\t<meta property=\"og:image:width\" content=\"1200\" \/>\n\t<meta property=\"og:image:height\" content=\"630\" \/>\n\t<meta property=\"og:image:type\" content=\"image\/jpeg\" \/>\n<meta name=\"author\" content=\"webmaster kapitalis\" \/>\n<meta name=\"twitter:card\" content=\"summary_large_image\" \/>\n<meta name=\"twitter:creator\" content=\"@KapitalisInfo\" \/>\n<meta name=\"twitter:site\" content=\"@KapitalisInfo\" \/>\n<meta name=\"twitter:label1\" content=\"\u00c9crit par\" \/>\n\t<meta name=\"twitter:data1\" content=\"webmaster kapitalis\" \/>\n\t<meta name=\"twitter:label2\" content=\"Dur\u00e9e de lecture estim\u00e9e\" \/>\n\t<meta name=\"twitter:data2\" content=\"2 minutes\" \/>\n<script type=\"application\/ld+json\" class=\"yoast-schema-graph\">{\"@context\":\"https:\/\/schema.org\",\"@graph\":[{\"@type\":\"Article\",\"@id\":\"https:\/\/kapitalis.com\/tunisie\/2024\/07\/11\/les-maghrebins-en-pole-position-des-visas-schengen-en-france\/#article\",\"isPartOf\":{\"@id\":\"https:\/\/kapitalis.com\/tunisie\/2024\/07\/11\/les-maghrebins-en-pole-position-des-visas-schengen-en-france\/\"},\"author\":{\"name\":\"webmaster kapitalis\",\"@id\":\"https:\/\/kapitalis.com\/tunisie\/#\/schema\/person\/d71f33a9ca44f7bad4698210b480c8e9\"},\"headline\":\"Les Maghr\u00e9bins en p\u00f4le position des visas Schengen en France\",\"datePublished\":\"2024-07-11T05:15:57+00:00\",\"dateModified\":\"2024-07-11T05:15:59+00:00\",\"mainEntityOfPage\":{\"@id\":\"https:\/\/kapitalis.com\/tunisie\/2024\/07\/11\/les-maghrebins-en-pole-position-des-visas-schengen-en-france\/\"},\"wordCount\":299,\"publisher\":{\"@id\":\"https:\/\/kapitalis.com\/tunisie\/#organization\"},\"image\":{\"@id\":\"https:\/\/kapitalis.com\/tunisie\/2024\/07\/11\/les-maghrebins-en-pole-position-des-visas-schengen-en-france\/#primaryimage\"},\"thumbnailUrl\":\"https:\/\/kapitalis.com\/tunisie\/wp-content\/uploads\/2023\/04\/Visa-Schengen.jpg\",\"keywords\":[\"Alg\u00e9riens\",\"France\",\"Marocains\",\"nationalit\u00e9 fran\u00e7aise\",\"titres de s\u00e9jour\",\"tunisiens\",\"visa Schengen\"],\"articleSection\":[\"SOCIETE\",\"Tunisie\"],\"inLanguage\":\"fr-FR\"},{\"@type\":\"WebPage\",\"@id\":\"https:\/\/kapitalis.com\/tunisie\/2024\/07\/11\/les-maghrebins-en-pole-position-des-visas-schengen-en-france\/\",\"url\":\"https:\/\/kapitalis.com\/tunisie\/2024\/07\/11\/les-maghrebins-en-pole-position-des-visas-schengen-en-france\/\",\"name\":\"Les Maghr\u00e9bins en p\u00f4le position des visas Schengen en France - Kapitalis\",\"isPartOf\":{\"@id\":\"https:\/\/kapitalis.com\/tunisie\/#website\"},\"primaryImageOfPage\":{\"@id\":\"https:\/\/kapitalis.com\/tunisie\/2024\/07\/11\/les-maghrebins-en-pole-position-des-visas-schengen-en-france\/#primaryimage\"},\"image\":{\"@id\":\"https:\/\/kapitalis.com\/tunisie\/2024\/07\/11\/les-maghrebins-en-pole-position-des-visas-schengen-en-france\/#primaryimage\"},\"thumbnailUrl\":\"https:\/\/kapitalis.com\/tunisie\/wp-content\/uploads\/2023\/04\/Visa-Schengen.jpg\",\"datePublished\":\"2024-07-11T05:15:57+00:00\",\"dateModified\":\"2024-07-11T05:15:59+00:00\",\"breadcrumb\":{\"@id\":\"https:\/\/kapitalis.com\/tunisie\/2024\/07\/11\/les-maghrebins-en-pole-position-des-visas-schengen-en-france\/#breadcrumb\"},\"inLanguage\":\"fr-FR\",\"potentialAction\":[{\"@type\":\"ReadAction\",\"target\":[\"https:\/\/kapitalis.com\/tunisie\/2024\/07\/11\/les-maghrebins-en-pole-position-des-visas-schengen-en-france\/\"]}]},{\"@type\":\"ImageObject\",\"inLanguage\":\"fr-FR\",\"@id\":\"https:\/\/kapitalis.com\/tunisie\/2024\/07\/11\/les-maghrebins-en-pole-position-des-visas-schengen-en-france\/#primaryimage\",\"url\":\"https:\/\/kapitalis.com\/tunisie\/wp-content\/uploads\/2023\/04\/Visa-Schengen.jpg\",\"contentUrl\":\"https:\/\/kapitalis.com\/tunisie\/wp-content\/uploads\/2023\/04\/Visa-Schengen.jpg\",\"width\":1200,\"height\":630},{\"@type\":\"BreadcrumbList\",\"@id\":\"https:\/\/kapitalis.com\/tunisie\/2024\/07\/11\/les-maghrebins-en-pole-position-des-visas-schengen-en-france\/#breadcrumb\",\"itemListElement\":[{\"@type\":\"ListItem\",\"position\":1,\"name\":\"Accueil\",\"item\":\"https:\/\/kapitalis.com\/tunisie\/\"},{\"@type\":\"ListItem\",\"position\":2,\"name\":\"Les Maghr\u00e9bins en p\u00f4le position des visas Schengen en France\"}]},{\"@type\":\"WebSite\",\"@id\":\"https:\/\/kapitalis.com\/tunisie\/#website\",\"url\":\"https:\/\/kapitalis.com\/tunisie\/\",\"name\":\"Kapitalis\",\"description\":\"L&#039;actualit\u00e9 en Tunisie et dans le monde\",\"publisher\":{\"@id\":\"https:\/\/kapitalis.com\/tunisie\/#organization\"},\"potentialAction\":[{\"@type\":\"SearchAction\",\"target\":{\"@type\":\"EntryPoint\",\"urlTemplate\":\"https:\/\/kapitalis.com\/tunisie\/?s={search_term_string}\"},\"query-input\":{\"@type\":\"PropertyValueSpecification\",\"valueRequired\":true,\"valueName\":\"search_term_string\"}}],\"inLanguage\":\"fr-FR\"},{\"@type\":\"Organization\",\"@id\":\"https:\/\/kapitalis.com\/tunisie\/#organization\",\"name\":\"Kapitalis\",\"url\":\"https:\/\/kapitalis.com\/tunisie\/\",\"logo\":{\"@type\":\"ImageObject\",\"inLanguage\":\"fr-FR\",\"@id\":\"https:\/\/kapitalis.com\/tunisie\/#\/schema\/logo\/image\/\",\"url\":\"https:\/\/kapitalis.com\/tunisie\/wp-content\/uploads\/2022\/05\/Kapitalis-big-size.png\",\"contentUrl\":\"https:\/\/kapitalis.com\/tunisie\/wp-content\/uploads\/2022\/05\/Kapitalis-big-size.png\",\"width\":5000,\"height\":1500,\"caption\":\"Kapitalis\"},\"image\":{\"@id\":\"https:\/\/kapitalis.com\/tunisie\/#\/schema\/logo\/image\/\"},\"sameAs\":[\"https:\/\/www.facebook.com\/KapitalisInfo\/\",\"https:\/\/x.com\/KapitalisInfo\",\"https:\/\/www.youtube.com\/channel\/UC-yDYrHyfFBWWZaOw3FPg9Q\"]},{\"@type\":\"Person\",\"@id\":\"https:\/\/kapitalis.com\/tunisie\/#\/schema\/person\/d71f33a9ca44f7bad4698210b480c8e9\",\"name\":\"webmaster kapitalis\",\"url\":\"https:\/\/kapitalis.com\/tunisie\/author\/webmaster-kapitalis\/\"}]}<\/script>\n<!-- \/ Yoast SEO plugin. -->","yoast_head_json":{"title":"Les Maghr\u00e9bins en p\u00f4le position des visas Schengen en France - Kapitalis","robots":{"index":"index","follow":"follow","max-snippet":"max-snippet:-1","max-image-preview":"max-image-preview:large","max-video-preview":"max-video-preview:-1"},"canonical":"https:\/\/kapitalis.com\/tunisie\/2024\/07\/11\/les-maghrebins-en-pole-position-des-visas-schengen-en-france\/","og_locale":"fr_FR","og_type":"article","og_title":"Les Maghr\u00e9bins en p\u00f4le position des visas Schengen en France - Kapitalis","og_description":"Les Marocains, Alg\u00e9riens et Tunisiens sont ceux qui ont obtenu le plus la nationalit\u00e9 fran\u00e7aise en 2023 soit au total 18 595 personnes.","og_url":"https:\/\/kapitalis.com\/tunisie\/2024\/07\/11\/les-maghrebins-en-pole-position-des-visas-schengen-en-france\/","og_site_name":"Kapitalis","article_publisher":"https:\/\/www.facebook.com\/KapitalisInfo\/","article_published_time":"2024-07-11T05:15:57+00:00","article_modified_time":"2024-07-11T05:15:59+00:00","og_image":[{"width":1200,"height":630,"url":"https:\/\/kapitalis.com\/tunisie\/wp-content\/uploads\/2023\/04\/Visa-Schengen.jpg","type":"image\/jpeg"}],"author":"webmaster kapitalis","twitter_card":"summary_large_image","twitter_creator":"@KapitalisInfo","twitter_site":"@KapitalisInfo","twitter_misc":{"\u00c9crit par":"webmaster kapitalis","Dur\u00e9e de lecture estim\u00e9e":"2 minutes"},"schema":{"@context":"https:\/\/schema.org","@graph":[{"@type":"Article","@id":"https:\/\/kapitalis.com\/tunisie\/2024\/07\/11\/les-maghrebins-en-pole-position-des-visas-schengen-en-france\/#article","isPartOf":{"@id":"https:\/\/kapitalis.com\/tunisie\/2024\/07\/11\/les-maghrebins-en-pole-position-des-visas-schengen-en-france\/"},"author":{"name":"webmaster kapitalis","@id":"https:\/\/kapitalis.com\/tunisie\/#\/schema\/person\/d71f33a9ca44f7bad4698210b480c8e9"},"headline":"Les Maghr\u00e9bins en p\u00f4le position des visas Schengen en France","datePublished":"2024-07-11T05:15:57+00:00","dateModified":"2024-07-11T05:15:59+00:00","mainEntityOfPage":{"@id":"https:\/\/kapitalis.com\/tunisie\/2024\/07\/11\/les-maghrebins-en-pole-position-des-visas-schengen-en-france\/"},"wordCount":299,"publisher":{"@id":"https:\/\/kapitalis.com\/tunisie\/#organization"},"image":{"@id":"https:\/\/kapitalis.com\/tunisie\/2024\/07\/11\/les-maghrebins-en-pole-position-des-visas-schengen-en-france\/#primaryimage"},"thumbnailUrl":"https:\/\/kapitalis.com\/tunisie\/wp-content\/uploads\/2023\/04\/Visa-Schengen.jpg","keywords":["Alg\u00e9riens","France","Marocains","nationalit\u00e9 fran\u00e7aise","titres de s\u00e9jour","tunisiens","visa Schengen"],"articleSection":["SOCIETE","Tunisie"],"inLanguage":"fr-FR"},{"@type":"WebPage","@id":"https:\/\/kapitalis.com\/tunisie\/2024\/07\/11\/les-maghrebins-en-pole-position-des-visas-schengen-en-france\/","url":"https:\/\/kapitalis.com\/tunisie\/2024\/07\/11\/les-maghrebins-en-pole-position-des-visas-schengen-en-france\/","name":"Les Maghr\u00e9bins en p\u00f4le position des visas Schengen en France - Kapitalis","isPartOf":{"@id":"https:\/\/kapitalis.com\/tunisie\/#website"},"primaryImageOfPage":{"@id":"https:\/\/kapitalis.com\/tunisie\/2024\/07\/11\/les-maghrebins-en-pole-position-des-visas-schengen-en-france\/#primaryimage"},"image":{"@id":"https:\/\/kapitalis.com\/tunisie\/2024\/07\/11\/les-maghrebins-en-pole-position-des-visas-schengen-en-france\/#primaryimage"},"thumbnailUrl":"https:\/\/kapitalis.com\/tunisie\/wp-content\/uploads\/2023\/04\/Visa-Schengen.jpg","datePublished":"2024-07-11T05:15:57+00:00","dateModified":"2024-07-11T05:15:59+00:00","breadcrumb":{"@id":"https:\/\/kapitalis.com\/tunisie\/2024\/07\/11\/les-maghrebins-en-pole-position-des-visas-schengen-en-france\/#breadcrumb"},"inLanguage":"fr-FR","potentialAction":[{"@type":"ReadAction","target":["https:\/\/kapitalis.com\/tunisie\/2024\/07\/11\/les-maghrebins-en-pole-position-des-visas-schengen-en-france\/"]}]},{"@type":"ImageObject","inLanguage":"fr-FR","@id":"https:\/\/kapitalis.com\/tunisie\/2024\/07\/11\/les-maghrebins-en-pole-position-des-visas-schengen-en-france\/#primaryimage","url":"https:\/\/kapitalis.com\/tunisie\/wp-content\/uploads\/2023\/04\/Visa-Schengen.jpg","contentUrl":"https:\/\/kapitalis.com\/tunisie\/wp-content\/uploads\/2023\/04\/Visa-Schengen.jpg","width":1200,"height":630},{"@type":"BreadcrumbList","@id":"https:\/\/kapitalis.com\/tunisie\/2024\/07\/11\/les-maghrebins-en-pole-position-des-visas-schengen-en-france\/#breadcrumb","itemListElement":[{"@type":"ListItem","position":1,"name":"Accueil","item":"https:\/\/kapitalis.com\/tunisie\/"},{"@type":"ListItem","position":2,"name":"Les Maghr\u00e9bins en p\u00f4le position des visas Schengen en France"}]},{"@type":"WebSite","@id":"https:\/\/kapitalis.com\/tunisie\/#website","url":"https:\/\/kapitalis.com\/tunisie\/","name":"Kapitalis","description":"L&#039;actualit\u00e9 en Tunisie et dans le monde","publisher":{"@id":"https:\/\/kapitalis.com\/tunisie\/#organization"},"potentialAction":[{"@type":"SearchAction","target":{"@type":"EntryPoint","urlTemplate":"https:\/\/kapitalis.com\/tunisie\/?s={search_term_string}"},"query-input":{"@type":"PropertyValueSpecification","valueRequired":true,"valueName":"search_term_string"}}],"inLanguage":"fr-FR"},{"@type":"Organization","@id":"https:\/\/kapitalis.com\/tunisie\/#organization","name":"Kapitalis","url":"https:\/\/kapitalis.com\/tunisie\/","logo":{"@type":"ImageObject","inLanguage":"fr-FR","@id":"https:\/\/kapitalis.com\/tunisie\/#\/schema\/logo\/image\/","url":"https:\/\/kapitalis.com\/tunisie\/wp-content\/uploads\/2022\/05\/Kapitalis-big-size.png","contentUrl":"https:\/\/kapitalis.com\/tunisie\/wp-content\/uploads\/2022\/05\/Kapitalis-big-size.png","width":5000,"height":1500,"caption":"Kapitalis"},"image":{"@id":"https:\/\/kapitalis.com\/tunisie\/#\/schema\/logo\/image\/"},"sameAs":["https:\/\/www.facebook.com\/KapitalisInfo\/","https:\/\/x.com\/KapitalisInfo","https:\/\/www.youtube.com\/channel\/UC-yDYrHyfFBWWZaOw3FPg9Q"]},{"@type":"Person","@id":"https:\/\/kapitalis.com\/tunisie\/#\/schema\/person\/d71f33a9ca44f7bad4698210b480c8e9","name":"webmaster kapitalis","url":"https:\/\/kapitalis.com\/tunisie\/author\/webmaster-kapitalis\/"}]}},"_links":{"self":[{"href":"https:\/\/kapitalis.com\/tunisie\/wp-json\/wp\/v2\/posts\/13543571","targetHints":{"allow":["GET"]}}],"collection":[{"href":"https:\/\/kapitalis.com\/tunisie\/wp-json\/wp\/v2\/posts"}],"about":[{"href":"https:\/\/kapitalis.com\/tunisie\/wp-json\/wp\/v2\/types\/post"}],"author":[{"embeddable":true,"href":"https:\/\/kapitalis.com\/tunisie\/wp-json\/wp\/v2\/users\/8"}],"replies":[{"embeddable":true,"href":"https:\/\/kapitalis.com\/tunisie\/wp-json\/wp\/v2\/comments?post=13543571"}],"version-history":[{"count":1,"href":"https:\/\/kapitalis.com\/tunisie\/wp-json\/wp\/v2\/posts\/13543571\/revisions"}],"predecessor-version":[{"id":13543581,"href":"https:\/\/kapitalis.com\/tunisie\/wp-json\/wp\/v2\/posts\/13543571\/revisions\/13543581"}],"wp:featuredmedia":[{"embeddable":true,"href":"https:\/\/kapitalis.com\/tunisie\/wp-json\/wp\/v2\/media\/7354960"}],"wp:attachment":[{"href":"https:\/\/kapitalis.com\/tunisie\/wp-json\/wp\/v2\/media?parent=13543571"}],"wp:term":[{"taxonomy":"category","embeddable":true,"href":"https:\/\/kapitalis.com\/tunisie\/wp-json\/wp\/v2\/categories?post=13543571"},{"taxonomy":"post_tag","embeddable":true,"href":"https:\/\/kapitalis.com\/tunisie\/wp-json\/wp\/v2\/tags?post=13543571"}],"curies":[{"name":"wp","href":"https:\/\/api.w.org\/{rel}","templated":true}]}}