{"id":135521,"date":"2018-01-28T10:04:03","date_gmt":"2018-01-28T09:04:03","guid":{"rendered":"http:\/\/kapitalis.com\/tunisie\/?p=135521"},"modified":"2018-01-28T10:22:15","modified_gmt":"2018-01-28T09:22:15","slug":"emploi-on-pense-aux-chomeurs-qualifies","status":"publish","type":"post","link":"https:\/\/kapitalis.com\/tunisie\/2018\/01\/28\/emploi-on-pense-aux-chomeurs-qualifies\/","title":{"rendered":"Emploi : Pour une fois, on pense aux ch\u00f4meurs moins qualifi\u00e9s"},"content":{"rendered":"<p style=\"text-align: center;\"><img loading=\"lazy\" decoding=\"async\" class=\"alignnone size-full wp-image-135522\" src=\"http:\/\/kapitalis.com\/tunisie\/wp-content\/uploads\/2018\/01\/Ain-Drahem-1.jpg\" alt=\"\" width=\"626\" height=\"380\" \/><\/p>\n<p style=\"text-align: center;\"><em>Ain Drahem (Ph. Zohra Abid).<\/em><\/p>\n<p><em><strong>Un programme vise \u00e0 am\u00e9liorer l\u2019emploi, par la cr\u00e9ation de micro-entreprises, et \u00e0 intensifier l\u2019agriculture irrigu\u00e9e dans plusieurs r\u00e9gions de la Tunisie.<\/strong> <\/em><\/p>\n<p><!--more--><\/p>\n<p>La Banque mondiale (BM) vient d\u00e9bourser, d\u00e9but janvier 2018, un cr\u00e9dit de 100 millions de dollars, soit environ 250 millions de dinars tunisiens (MDT, pour le <em>\u00abco-d\u00e9veloppement des zones foresti\u00e8res et des paysages\u00bb<\/em> dans 8 gouvernorats au nord-est, nord-ouest et centre-ouest de la Tunisie.<\/p>\n<p>Samir Taieb, ministre de l\u2019Agriculture, des Ressources hydrauliques et de la P\u00eache, a tenu, le 16 janvier 2018, une s\u00e9ance de travail non m\u00e9diatis\u00e9e avec les commissaires au d\u00e9veloppement agricole des r\u00e9gions concern\u00e9es (Bizerte, B\u00e9ja, Siliana, le Kef, Jendouba, Kasserine, Kairouan, Sidi Bouzid). L\u2019objectif : r\u00e9partir cette enveloppe sur ces r\u00e9gions et coordonner entre les projets \u00e0 lancer.<\/p>\n<p>La r\u00e9alisation de ce programme, qui va couvrir une superficie globale de 400.000 hectares, s\u2019\u00e9tendra sur la p\u00e9riode 2018-2023.<\/p>\n<p>Dans le d\u00e9tail, le programme comporte deux composantes. La premi\u00e8re consiste en un programme d\u2019emploi pour les jeunes moins qualifi\u00e9s ou ayant des qualifications limit\u00e9es dans les r\u00e9gions d\u00e9favoris\u00e9es (150 MDT). Il s\u2019agit de les inciter \u00e0 cr\u00e9er des micro-entreprises g\u00e9n\u00e9ratrices d\u2019emplois<\/p>\n<p>La seconde concerne l\u2019irrigation intensive dans le but d\u2019intensifier l\u2019agriculture irrigu\u00e9e, d\u2019am\u00e9liorer les p\u00e9rim\u00e8tres irrigu\u00e9s dans l\u2019arri\u00e8re pays et mieux valoriser les projets agricoles irrigu\u00e9s d\u00e9j\u00e0 existants.<\/p>\n<p>Manifestement, ce programme promet par la qualit\u00e9 de sa conception et par le nombre de la population qu\u2019il cible (un million de personnes). Une fois r\u00e9alis\u00e9, il ne manquera pas de contribuer \u00e0 la s\u00e9dentarisation des jeunes des r\u00e9gions b\u00e9n\u00e9ficiaires et d\u2019am\u00e9liorer leurs conditions de vie.<\/p>\n<p>C\u2019est un exemple concret de la discrimination positive pr\u00e9vue par la constitution de janvier 2014.<\/p>\n<p style=\"text-align: right;\"><strong>Kh\u00e9maies Krimi<\/strong><\/p>\n<blockquote class=\"wp-embedded-content\" data-secret=\"dCm1qE5uNz\"><p><a href=\"https:\/\/kapitalis.com\/tunisie\/2017\/11\/11\/pret-de-160-me-de-la-bad-pour-lagriculture-tunisienne\/\">Pr\u00eat de 160 M\u20ac de la Bad pour l\u2019agriculture tunisienne<\/a><\/p><\/blockquote>\n<p><iframe loading=\"lazy\" class=\"wp-embedded-content\" sandbox=\"allow-scripts\" security=\"restricted\" style=\"position: absolute; clip: rect(1px, 1px, 1px, 1px);\" title=\"\u00ab\u00a0Pr\u00eat de 160 M\u20ac de la Bad pour l\u2019agriculture tunisienne\u00a0\u00bb &#8212; Kapitalis\" src=\"https:\/\/kapitalis.com\/tunisie\/2017\/11\/11\/pret-de-160-me-de-la-bad-pour-lagriculture-tunisienne\/embed\/#?secret=agsjrj2Kdz#?secret=dCm1qE5uNz\" data-secret=\"dCm1qE5uNz\" width=\"600\" height=\"338\" frameborder=\"0\" marginwidth=\"0\" marginheight=\"0\" scrolling=\"no\"><\/iframe><\/p>\n<blockquote class=\"wp-embedded-content\" data-secret=\"JTFoUjSE5P\"><p><a href=\"https:\/\/kapitalis.com\/tunisie\/2017\/10\/25\/bad-prets-de-386-me-pour-lagriculture-tunisienne\/\">BAD : Pr\u00eats de 38,6 M\u20ac pour l\u2019agriculture tunisienne<\/a><\/p><\/blockquote>\n<p><iframe loading=\"lazy\" class=\"wp-embedded-content\" sandbox=\"allow-scripts\" security=\"restricted\" style=\"position: absolute; clip: rect(1px, 1px, 1px, 1px);\" title=\"\u00ab\u00a0BAD : Pr\u00eats de 38,6 M\u20ac pour l\u2019agriculture tunisienne\u00a0\u00bb &#8212; Kapitalis\" src=\"https:\/\/kapitalis.com\/tunisie\/2017\/10\/25\/bad-prets-de-386-me-pour-lagriculture-tunisienne\/embed\/#?secret=guvHM5oSHs#?secret=JTFoUjSE5P\" data-secret=\"JTFoUjSE5P\" width=\"600\" height=\"338\" frameborder=\"0\" marginwidth=\"0\" marginheight=\"0\" scrolling=\"no\"><\/iframe><\/p>\n","protected":false},"excerpt":{"rendered":"<p>Ain Drahem (Ph. Zohra Abid). Un programme vise \u00e0 am\u00e9liorer l\u2019emploi, par la cr\u00e9ation de micro-entreprises, et \u00e0 intensifier l\u2019agriculture irrigu\u00e9e dans plusieurs r\u00e9gions de la Tunisie.<\/p>\n","protected":false},"author":8,"featured_media":135522,"comment_status":"open","ping_status":"open","sticky":false,"template":"","format":"standard","meta":{"footnotes":""},"categories":[995,2433],"tags":[47,130,136,2048,6470,9487,2763],"class_list":["post-135521","post","type-post","status-publish","format-standard","has-post-thumbnail","hentry","category-economie","category-tunisie","tag-agriculture","tag-banque-mondiale","tag-beja","tag-emploi","tag-le-kef","tag-samir-taieb","tag-siliana"],"yoast_head":"<!-- This site is optimized with the Yoast SEO plugin v26.6 - https:\/\/yoast.com\/wordpress\/plugins\/seo\/ -->\n<title>Emploi : Pour une fois, on pense aux ch\u00f4meurs moins qualifi\u00e9s - Kapitalis<\/title>\n<meta name=\"robots\" content=\"index, follow, max-snippet:-1, max-image-preview:large, max-video-preview:-1\" \/>\n<link rel=\"canonical\" href=\"https:\/\/kapitalis.com\/tunisie\/2018\/01\/28\/emploi-on-pense-aux-chomeurs-qualifies\/\" \/>\n<meta property=\"og:locale\" content=\"fr_FR\" \/>\n<meta property=\"og:type\" content=\"article\" \/>\n<meta property=\"og:title\" content=\"Emploi : Pour une fois, on pense aux ch\u00f4meurs moins qualifi\u00e9s - Kapitalis\" \/>\n<meta property=\"og:description\" content=\"Ain Drahem (Ph. Zohra Abid). Un programme vise \u00e0 am\u00e9liorer l\u2019emploi, par la cr\u00e9ation de micro-entreprises, et \u00e0 intensifier l\u2019agriculture irrigu\u00e9e dans plusieurs r\u00e9gions de la Tunisie.\" \/>\n<meta property=\"og:url\" content=\"https:\/\/kapitalis.com\/tunisie\/2018\/01\/28\/emploi-on-pense-aux-chomeurs-qualifies\/\" \/>\n<meta property=\"og:site_name\" content=\"Kapitalis\" \/>\n<meta property=\"article:publisher\" content=\"https:\/\/www.facebook.com\/KapitalisInfo\/\" \/>\n<meta property=\"article:published_time\" content=\"2018-01-28T09:04:03+00:00\" \/>\n<meta property=\"article:modified_time\" content=\"2018-01-28T09:22:15+00:00\" \/>\n<meta property=\"og:image\" content=\"https:\/\/kapitalis.com\/tunisie\/wp-content\/uploads\/2022\/05\/kapitalis-logo-fb.png\" \/>\n\t<meta property=\"og:image:width\" content=\"1200\" \/>\n\t<meta property=\"og:image:height\" content=\"630\" \/>\n\t<meta property=\"og:image:type\" content=\"image\/png\" \/>\n<meta name=\"author\" content=\"webmaster kapitalis\" \/>\n<meta name=\"twitter:card\" content=\"summary_large_image\" \/>\n<meta name=\"twitter:creator\" content=\"@KapitalisInfo\" \/>\n<meta name=\"twitter:site\" content=\"@KapitalisInfo\" \/>\n<meta name=\"twitter:label1\" content=\"\u00c9crit par\" \/>\n\t<meta name=\"twitter:data1\" content=\"webmaster kapitalis\" \/>\n\t<meta name=\"twitter:label2\" content=\"Dur\u00e9e de lecture estim\u00e9e\" \/>\n\t<meta name=\"twitter:data2\" content=\"2 minutes\" \/>\n<script type=\"application\/ld+json\" class=\"yoast-schema-graph\">{\"@context\":\"https:\/\/schema.org\",\"@graph\":[{\"@type\":\"Article\",\"@id\":\"https:\/\/kapitalis.com\/tunisie\/2018\/01\/28\/emploi-on-pense-aux-chomeurs-qualifies\/#article\",\"isPartOf\":{\"@id\":\"https:\/\/kapitalis.com\/tunisie\/2018\/01\/28\/emploi-on-pense-aux-chomeurs-qualifies\/\"},\"author\":{\"name\":\"webmaster kapitalis\",\"@id\":\"https:\/\/kapitalis.com\/tunisie\/#\/schema\/person\/d71f33a9ca44f7bad4698210b480c8e9\"},\"headline\":\"Emploi : Pour une fois, on pense aux ch\u00f4meurs moins qualifi\u00e9s\",\"datePublished\":\"2018-01-28T09:04:03+00:00\",\"dateModified\":\"2018-01-28T09:22:15+00:00\",\"mainEntityOfPage\":{\"@id\":\"https:\/\/kapitalis.com\/tunisie\/2018\/01\/28\/emploi-on-pense-aux-chomeurs-qualifies\/\"},\"wordCount\":352,\"commentCount\":1,\"publisher\":{\"@id\":\"https:\/\/kapitalis.com\/tunisie\/#organization\"},\"image\":{\"@id\":\"https:\/\/kapitalis.com\/tunisie\/2018\/01\/28\/emploi-on-pense-aux-chomeurs-qualifies\/#primaryimage\"},\"thumbnailUrl\":\"\",\"keywords\":[\"Agriculture\",\"Banque Mondiale\",\"B\u00e9ja\",\"emploi\",\"Le Kef\",\"Samir Taieb\",\"Siliana\"],\"articleSection\":[\"ECONOMIE\",\"Tunisie\"],\"inLanguage\":\"fr-FR\",\"potentialAction\":[{\"@type\":\"CommentAction\",\"name\":\"Comment\",\"target\":[\"https:\/\/kapitalis.com\/tunisie\/2018\/01\/28\/emploi-on-pense-aux-chomeurs-qualifies\/#respond\"]}]},{\"@type\":\"WebPage\",\"@id\":\"https:\/\/kapitalis.com\/tunisie\/2018\/01\/28\/emploi-on-pense-aux-chomeurs-qualifies\/\",\"url\":\"https:\/\/kapitalis.com\/tunisie\/2018\/01\/28\/emploi-on-pense-aux-chomeurs-qualifies\/\",\"name\":\"Emploi : Pour une fois, on pense aux ch\u00f4meurs moins qualifi\u00e9s - Kapitalis\",\"isPartOf\":{\"@id\":\"https:\/\/kapitalis.com\/tunisie\/#website\"},\"primaryImageOfPage\":{\"@id\":\"https:\/\/kapitalis.com\/tunisie\/2018\/01\/28\/emploi-on-pense-aux-chomeurs-qualifies\/#primaryimage\"},\"image\":{\"@id\":\"https:\/\/kapitalis.com\/tunisie\/2018\/01\/28\/emploi-on-pense-aux-chomeurs-qualifies\/#primaryimage\"},\"thumbnailUrl\":\"\",\"datePublished\":\"2018-01-28T09:04:03+00:00\",\"dateModified\":\"2018-01-28T09:22:15+00:00\",\"breadcrumb\":{\"@id\":\"https:\/\/kapitalis.com\/tunisie\/2018\/01\/28\/emploi-on-pense-aux-chomeurs-qualifies\/#breadcrumb\"},\"inLanguage\":\"fr-FR\",\"potentialAction\":[{\"@type\":\"ReadAction\",\"target\":[\"https:\/\/kapitalis.com\/tunisie\/2018\/01\/28\/emploi-on-pense-aux-chomeurs-qualifies\/\"]}]},{\"@type\":\"ImageObject\",\"inLanguage\":\"fr-FR\",\"@id\":\"https:\/\/kapitalis.com\/tunisie\/2018\/01\/28\/emploi-on-pense-aux-chomeurs-qualifies\/#primaryimage\",\"url\":\"\",\"contentUrl\":\"\"},{\"@type\":\"BreadcrumbList\",\"@id\":\"https:\/\/kapitalis.com\/tunisie\/2018\/01\/28\/emploi-on-pense-aux-chomeurs-qualifies\/#breadcrumb\",\"itemListElement\":[{\"@type\":\"ListItem\",\"position\":1,\"name\":\"Accueil\",\"item\":\"https:\/\/kapitalis.com\/tunisie\/\"},{\"@type\":\"ListItem\",\"position\":2,\"name\":\"Emploi : Pour une fois, on pense aux ch\u00f4meurs moins qualifi\u00e9s\"}]},{\"@type\":\"WebSite\",\"@id\":\"https:\/\/kapitalis.com\/tunisie\/#website\",\"url\":\"https:\/\/kapitalis.com\/tunisie\/\",\"name\":\"Kapitalis\",\"description\":\"L&#039;actualit\u00e9 en Tunisie et dans le monde\",\"publisher\":{\"@id\":\"https:\/\/kapitalis.com\/tunisie\/#organization\"},\"potentialAction\":[{\"@type\":\"SearchAction\",\"target\":{\"@type\":\"EntryPoint\",\"urlTemplate\":\"https:\/\/kapitalis.com\/tunisie\/?s={search_term_string}\"},\"query-input\":{\"@type\":\"PropertyValueSpecification\",\"valueRequired\":true,\"valueName\":\"search_term_string\"}}],\"inLanguage\":\"fr-FR\"},{\"@type\":\"Organization\",\"@id\":\"https:\/\/kapitalis.com\/tunisie\/#organization\",\"name\":\"Kapitalis\",\"url\":\"https:\/\/kapitalis.com\/tunisie\/\",\"logo\":{\"@type\":\"ImageObject\",\"inLanguage\":\"fr-FR\",\"@id\":\"https:\/\/kapitalis.com\/tunisie\/#\/schema\/logo\/image\/\",\"url\":\"https:\/\/kapitalis.com\/tunisie\/wp-content\/uploads\/2022\/05\/Kapitalis-big-size.png\",\"contentUrl\":\"https:\/\/kapitalis.com\/tunisie\/wp-content\/uploads\/2022\/05\/Kapitalis-big-size.png\",\"width\":5000,\"height\":1500,\"caption\":\"Kapitalis\"},\"image\":{\"@id\":\"https:\/\/kapitalis.com\/tunisie\/#\/schema\/logo\/image\/\"},\"sameAs\":[\"https:\/\/www.facebook.com\/KapitalisInfo\/\",\"https:\/\/x.com\/KapitalisInfo\",\"https:\/\/www.youtube.com\/channel\/UC-yDYrHyfFBWWZaOw3FPg9Q\"]},{\"@type\":\"Person\",\"@id\":\"https:\/\/kapitalis.com\/tunisie\/#\/schema\/person\/d71f33a9ca44f7bad4698210b480c8e9\",\"name\":\"webmaster kapitalis\",\"url\":\"https:\/\/kapitalis.com\/tunisie\/author\/webmaster-kapitalis\/\"}]}<\/script>\n<!-- \/ Yoast SEO plugin. -->","yoast_head_json":{"title":"Emploi : Pour une fois, on pense aux ch\u00f4meurs moins qualifi\u00e9s - Kapitalis","robots":{"index":"index","follow":"follow","max-snippet":"max-snippet:-1","max-image-preview":"max-image-preview:large","max-video-preview":"max-video-preview:-1"},"canonical":"https:\/\/kapitalis.com\/tunisie\/2018\/01\/28\/emploi-on-pense-aux-chomeurs-qualifies\/","og_locale":"fr_FR","og_type":"article","og_title":"Emploi : Pour une fois, on pense aux ch\u00f4meurs moins qualifi\u00e9s - Kapitalis","og_description":"Ain Drahem (Ph. Zohra Abid). Un programme vise \u00e0 am\u00e9liorer l\u2019emploi, par la cr\u00e9ation de micro-entreprises, et \u00e0 intensifier l\u2019agriculture irrigu\u00e9e dans plusieurs r\u00e9gions de la Tunisie.","og_url":"https:\/\/kapitalis.com\/tunisie\/2018\/01\/28\/emploi-on-pense-aux-chomeurs-qualifies\/","og_site_name":"Kapitalis","article_publisher":"https:\/\/www.facebook.com\/KapitalisInfo\/","article_published_time":"2018-01-28T09:04:03+00:00","article_modified_time":"2018-01-28T09:22:15+00:00","og_image":[{"width":1200,"height":630,"url":"https:\/\/kapitalis.com\/tunisie\/wp-content\/uploads\/2022\/05\/kapitalis-logo-fb.png","type":"image\/png"}],"author":"webmaster kapitalis","twitter_card":"summary_large_image","twitter_creator":"@KapitalisInfo","twitter_site":"@KapitalisInfo","twitter_misc":{"\u00c9crit par":"webmaster kapitalis","Dur\u00e9e de lecture estim\u00e9e":"2 minutes"},"schema":{"@context":"https:\/\/schema.org","@graph":[{"@type":"Article","@id":"https:\/\/kapitalis.com\/tunisie\/2018\/01\/28\/emploi-on-pense-aux-chomeurs-qualifies\/#article","isPartOf":{"@id":"https:\/\/kapitalis.com\/tunisie\/2018\/01\/28\/emploi-on-pense-aux-chomeurs-qualifies\/"},"author":{"name":"webmaster kapitalis","@id":"https:\/\/kapitalis.com\/tunisie\/#\/schema\/person\/d71f33a9ca44f7bad4698210b480c8e9"},"headline":"Emploi : Pour une fois, on pense aux ch\u00f4meurs moins qualifi\u00e9s","datePublished":"2018-01-28T09:04:03+00:00","dateModified":"2018-01-28T09:22:15+00:00","mainEntityOfPage":{"@id":"https:\/\/kapitalis.com\/tunisie\/2018\/01\/28\/emploi-on-pense-aux-chomeurs-qualifies\/"},"wordCount":352,"commentCount":1,"publisher":{"@id":"https:\/\/kapitalis.com\/tunisie\/#organization"},"image":{"@id":"https:\/\/kapitalis.com\/tunisie\/2018\/01\/28\/emploi-on-pense-aux-chomeurs-qualifies\/#primaryimage"},"thumbnailUrl":"","keywords":["Agriculture","Banque Mondiale","B\u00e9ja","emploi","Le Kef","Samir Taieb","Siliana"],"articleSection":["ECONOMIE","Tunisie"],"inLanguage":"fr-FR","potentialAction":[{"@type":"CommentAction","name":"Comment","target":["https:\/\/kapitalis.com\/tunisie\/2018\/01\/28\/emploi-on-pense-aux-chomeurs-qualifies\/#respond"]}]},{"@type":"WebPage","@id":"https:\/\/kapitalis.com\/tunisie\/2018\/01\/28\/emploi-on-pense-aux-chomeurs-qualifies\/","url":"https:\/\/kapitalis.com\/tunisie\/2018\/01\/28\/emploi-on-pense-aux-chomeurs-qualifies\/","name":"Emploi : Pour une fois, on pense aux ch\u00f4meurs moins qualifi\u00e9s - Kapitalis","isPartOf":{"@id":"https:\/\/kapitalis.com\/tunisie\/#website"},"primaryImageOfPage":{"@id":"https:\/\/kapitalis.com\/tunisie\/2018\/01\/28\/emploi-on-pense-aux-chomeurs-qualifies\/#primaryimage"},"image":{"@id":"https:\/\/kapitalis.com\/tunisie\/2018\/01\/28\/emploi-on-pense-aux-chomeurs-qualifies\/#primaryimage"},"thumbnailUrl":"","datePublished":"2018-01-28T09:04:03+00:00","dateModified":"2018-01-28T09:22:15+00:00","breadcrumb":{"@id":"https:\/\/kapitalis.com\/tunisie\/2018\/01\/28\/emploi-on-pense-aux-chomeurs-qualifies\/#breadcrumb"},"inLanguage":"fr-FR","potentialAction":[{"@type":"ReadAction","target":["https:\/\/kapitalis.com\/tunisie\/2018\/01\/28\/emploi-on-pense-aux-chomeurs-qualifies\/"]}]},{"@type":"ImageObject","inLanguage":"fr-FR","@id":"https:\/\/kapitalis.com\/tunisie\/2018\/01\/28\/emploi-on-pense-aux-chomeurs-qualifies\/#primaryimage","url":"","contentUrl":""},{"@type":"BreadcrumbList","@id":"https:\/\/kapitalis.com\/tunisie\/2018\/01\/28\/emploi-on-pense-aux-chomeurs-qualifies\/#breadcrumb","itemListElement":[{"@type":"ListItem","position":1,"name":"Accueil","item":"https:\/\/kapitalis.com\/tunisie\/"},{"@type":"ListItem","position":2,"name":"Emploi : Pour une fois, on pense aux ch\u00f4meurs moins qualifi\u00e9s"}]},{"@type":"WebSite","@id":"https:\/\/kapitalis.com\/tunisie\/#website","url":"https:\/\/kapitalis.com\/tunisie\/","name":"Kapitalis","description":"L&#039;actualit\u00e9 en Tunisie et dans le monde","publisher":{"@id":"https:\/\/kapitalis.com\/tunisie\/#organization"},"potentialAction":[{"@type":"SearchAction","target":{"@type":"EntryPoint","urlTemplate":"https:\/\/kapitalis.com\/tunisie\/?s={search_term_string}"},"query-input":{"@type":"PropertyValueSpecification","valueRequired":true,"valueName":"search_term_string"}}],"inLanguage":"fr-FR"},{"@type":"Organization","@id":"https:\/\/kapitalis.com\/tunisie\/#organization","name":"Kapitalis","url":"https:\/\/kapitalis.com\/tunisie\/","logo":{"@type":"ImageObject","inLanguage":"fr-FR","@id":"https:\/\/kapitalis.com\/tunisie\/#\/schema\/logo\/image\/","url":"https:\/\/kapitalis.com\/tunisie\/wp-content\/uploads\/2022\/05\/Kapitalis-big-size.png","contentUrl":"https:\/\/kapitalis.com\/tunisie\/wp-content\/uploads\/2022\/05\/Kapitalis-big-size.png","width":5000,"height":1500,"caption":"Kapitalis"},"image":{"@id":"https:\/\/kapitalis.com\/tunisie\/#\/schema\/logo\/image\/"},"sameAs":["https:\/\/www.facebook.com\/KapitalisInfo\/","https:\/\/x.com\/KapitalisInfo","https:\/\/www.youtube.com\/channel\/UC-yDYrHyfFBWWZaOw3FPg9Q"]},{"@type":"Person","@id":"https:\/\/kapitalis.com\/tunisie\/#\/schema\/person\/d71f33a9ca44f7bad4698210b480c8e9","name":"webmaster kapitalis","url":"https:\/\/kapitalis.com\/tunisie\/author\/webmaster-kapitalis\/"}]}},"_links":{"self":[{"href":"https:\/\/kapitalis.com\/tunisie\/wp-json\/wp\/v2\/posts\/135521","targetHints":{"allow":["GET"]}}],"collection":[{"href":"https:\/\/kapitalis.com\/tunisie\/wp-json\/wp\/v2\/posts"}],"about":[{"href":"https:\/\/kapitalis.com\/tunisie\/wp-json\/wp\/v2\/types\/post"}],"author":[{"embeddable":true,"href":"https:\/\/kapitalis.com\/tunisie\/wp-json\/wp\/v2\/users\/8"}],"replies":[{"embeddable":true,"href":"https:\/\/kapitalis.com\/tunisie\/wp-json\/wp\/v2\/comments?post=135521"}],"version-history":[{"count":0,"href":"https:\/\/kapitalis.com\/tunisie\/wp-json\/wp\/v2\/posts\/135521\/revisions"}],"wp:featuredmedia":[{"embeddable":true,"href":"https:\/\/kapitalis.com\/tunisie\/wp-json\/wp\/v2\/media\/135522"}],"wp:attachment":[{"href":"https:\/\/kapitalis.com\/tunisie\/wp-json\/wp\/v2\/media?parent=135521"}],"wp:term":[{"taxonomy":"category","embeddable":true,"href":"https:\/\/kapitalis.com\/tunisie\/wp-json\/wp\/v2\/categories?post=135521"},{"taxonomy":"post_tag","embeddable":true,"href":"https:\/\/kapitalis.com\/tunisie\/wp-json\/wp\/v2\/tags?post=135521"}],"curies":[{"name":"wp","href":"https:\/\/api.w.org\/{rel}","templated":true}]}}