{"id":1355339,"date":"2022-06-10T08:44:23","date_gmt":"2022-06-10T07:44:23","guid":{"rendered":"https:\/\/kapitalis.com\/tunisie\/?p=1355339"},"modified":"2022-06-10T08:44:24","modified_gmt":"2022-06-10T07:44:24","slug":"la-tunisie-investit-dans-lhydrogene-vert-grace-a-une-aide-allemande","status":"publish","type":"post","link":"https:\/\/kapitalis.com\/tunisie\/2022\/06\/10\/la-tunisie-investit-dans-lhydrogene-vert-grace-a-une-aide-allemande\/","title":{"rendered":"La Tunisie investit dans l\u2019hydrog\u00e8ne vert gr\u00e2ce \u00e0 une aide allemande"},"content":{"rendered":"\n<p><strong><em>Face \u00e0 forte hausse des prix du p\u00e9trole et du gaz sur le march\u00e9 internationale, la Tunisie envisage, \u00e0 l&rsquo;instar de plusieurs pays dans le monde, d&rsquo;investir dans l\u2019hydrog\u00e8ne vert, per\u00e7u comme le carburant de l&rsquo;avenir et qui repr\u00e9sente \u00e0 la fois un gros potentiel de diminution de gaz \u00e0 effet de serre et une manne \u00e9conomique significative.<\/em><\/strong><\/p>\n\n\n\n<!--more-->\n\n\n\n<p>Dans cette optique, le minist\u00e8re de l\u2019Industrie, des Mines et de l&rsquo;Energie est en train de d\u00e9velopper en partenariat avec l&rsquo;Agence allemande de coop\u00e9ration internationale (GIZ), la strat\u00e9gie nationale de l\u2019hydrog\u00e8ne vert en Tunisie.<\/p>\n\n\n\n<p><em>\u00abCette strat\u00e9gie sera pr\u00eate d\u2019ici l\u2019ann\u00e9e prochaine\u00bb<\/em>, a d\u00e9clar\u00e9 Tanja Faller, cheffe du cluster Energie &amp; Climat de la hydrog\u00e8ne vert Tunisie, dans une interview accord\u00e9e \u00e0 l&rsquo;Agence Tap.<\/p>\n\n\n\n<p><em>\u00abPromouvoir l\u2019hydrog\u00e8ne vert, un march\u00e9 en pleine expansion aujourd&rsquo;hui dans le monde, est tr\u00e8s important pour la Tunisie. Toutefois, pour investir dans ce cr\u00e9neau, il faut d&rsquo;abord aller de l&rsquo;avant dans la production d&rsquo;\u00e9nergies vertes\u00bb<\/em>, a soulign\u00e9 la responsable allemande.<\/p>\n\n\n\n<p>L&rsquo;hydrog\u00e8ne vert, g\u00e9n\u00e9ralement fabriqu\u00e9 \u00e0 partir d&rsquo;\u00e9lectricit\u00e9 issue d&rsquo;\u00e9nergies renouvelables, pr\u00e9sente, selon Faller, plusieurs opportunit\u00e9s de croissance \u00e9conomique en Tunisie. <em>\u00abC&rsquo;est pour cela, qu&rsquo;il faut continuer \u00e0 d\u00e9velopper le secteur des \u00e9nergies renouvelables dans le pays\u00bb<\/em>, a-t-elle dit.<\/p>\n\n\n\n<p>La responsable a pr\u00e9cis\u00e9, par ailleurs, que des fonds ont \u00e9t\u00e9 mobilis\u00e9s pour accompagner la Tunisie dans cette d\u00e9marche. <em>\u00abIl s&rsquo;agit d&rsquo;une subvention de 6 millions d\u2019euros pour l\u2019assistance technique de la GIZ, en plus de 25 millions d\u2019euros en tant qu&rsquo;assistance financi\u00e8re de la banque allemande de d\u00e9veloppement KFW, mandat\u00e9e par le minist\u00e8re f\u00e9d\u00e9ral allemand de la Coop\u00e9ration \u00e9conomique et du D\u00e9veloppement (BMZ)\u00bb<\/em>.<\/p>\n\n\n\n<p>La particularit\u00e9 de l&rsquo;hydrog\u00e8ne vert est de pouvoir \u00eatre comprim\u00e9 et stock\u00e9 pour \u00eatre utilis\u00e9 \u00e0 la demande comme gaz vert ou pour \u00eatre reconverti en \u00e9lectricit\u00e9 gr\u00e2ce \u00e0 une pile \u00e0 combustible. C&rsquo;est cette derni\u00e8re qui permet \u00e0 un v\u00e9hicule de fonctionner.<\/p>\n\n\n\n<p>Sur un autre plan, la responsable estime que <em>\u00abc&rsquo;est une chance pour le partenariat tuniso-allemand parce que l&rsquo;Allemagne est \u00e0 la recherche de nouveaux partenaires pour pouvoir impl\u00e9menter et soutenir de grands projets strat\u00e9giques\u00bb<\/em>.<\/p>\n\n\n\n<p>Elle a cit\u00e9 \u00e0 titre d&rsquo;exemple l\u2019interconnexion \u00e9lectrique envisag\u00e9e entre l\u2019Italie et la Tunisie, qui pourrait aider les deux pays \u00e0 mieux g\u00e9rer les pics de consommation d&rsquo;\u00e9lectricit\u00e9, en baisser les co\u00fbts et aussi avoir un impact positif sur l&rsquo;efficacit\u00e9 \u00e9nerg\u00e9tique.<\/p>\n\n\n\n<p>La cheffe du cluster Energie &amp; Climat de la GIZ Tunisie a appel\u00e9 \u00e0 l&rsquo;acc\u00e9l\u00e9ration de la mise en service des sites de production d\u2019\u00e9nergie renouvelable en Tunisie, pour pouvoir <em>\u00abprofiter r\u00e9ellement du potentiel existant et passer au d\u00e9veloppement d&rsquo;autres opportunit\u00e9s\u00bb<\/em>.<\/p>\n\n\n\n<p>Pour m\u00e9moire, la Tunisie a conclu depuis d\u00e9cembre 2020, un accord avec l\u2019Allemagne approuvant la cr\u00e9ation d&rsquo;une Alliance tuniso-allemande pour l\u2019hydrog\u00e8ne vert. En vertu de cet accord, l\u2019Allemagne accorde au pays, un don de 31 millions d\u2019\u20ac, destin\u00e9s \u00e0 la mise en place d\u2019une unit\u00e9 pilote de production d\u2019hydrog\u00e8ne, \u00e0 la r\u00e9alisation d&rsquo;\u00e9tudes, au renforcement des capacit\u00e9s et \u00e0 la mise en place du cadre institutionnel et r\u00e9glementaire.<\/p>\n\n\n\n<p>Une \u00e9tude, men\u00e9e en 2020 pour le compte du gouvernement allemand par le Wuppertal Institute, organisme ciblant la cr\u00e9ation d&rsquo;une <em>\u00absoci\u00e9t\u00e9 climatiquement neutre et l\u00e9g\u00e8re en ressources\u00bb<\/em> d&rsquo;ici 2050, a conclu que la Tunisie dispose d\u2019un potentiel important pour le d\u00e9veloppement du secteur de l\u2019HV.<\/p>\n","protected":false},"excerpt":{"rendered":"<p>La Tunisie envisage, \u00e0 l&rsquo;instar de plusieurs pays dans le monde, d&rsquo;investir dans l\u2019hydrog\u00e8ne vert.<\/p>\n","protected":false},"author":8,"featured_media":1355984,"comment_status":"open","ping_status":"open","sticky":false,"template":"","format":"standard","meta":{"footnotes":""},"categories":[995,2433],"tags":[64444,5640,5179,91928,87182,62643],"class_list":["post-1355339","post","type-post","status-publish","format-standard","has-post-thumbnail","hentry","category-economie","category-tunisie","tag-bmz","tag-energies-renouvelables","tag-giz","tag-hydrogene-vert","tag-tanja-faller","tag-tunisie"],"yoast_head":"<!-- This site is optimized with the Yoast SEO plugin v26.6 - https:\/\/yoast.com\/wordpress\/plugins\/seo\/ -->\n<title>La Tunisie investit dans l\u2019hydrog\u00e8ne vert gr\u00e2ce \u00e0 une aide allemande - Kapitalis<\/title>\n<meta name=\"robots\" content=\"index, follow, max-snippet:-1, max-image-preview:large, max-video-preview:-1\" \/>\n<link rel=\"canonical\" href=\"https:\/\/kapitalis.com\/tunisie\/2022\/06\/10\/la-tunisie-investit-dans-lhydrogene-vert-grace-a-une-aide-allemande\/\" \/>\n<meta property=\"og:locale\" content=\"fr_FR\" \/>\n<meta property=\"og:type\" content=\"article\" \/>\n<meta property=\"og:title\" content=\"La Tunisie investit dans l\u2019hydrog\u00e8ne vert gr\u00e2ce \u00e0 une aide allemande - Kapitalis\" \/>\n<meta property=\"og:description\" content=\"La Tunisie envisage, \u00e0 l&#039;instar de plusieurs pays dans le monde, d&#039;investir dans l\u2019hydrog\u00e8ne vert.\" \/>\n<meta property=\"og:url\" content=\"https:\/\/kapitalis.com\/tunisie\/2022\/06\/10\/la-tunisie-investit-dans-lhydrogene-vert-grace-a-une-aide-allemande\/\" \/>\n<meta property=\"og:site_name\" content=\"Kapitalis\" \/>\n<meta property=\"article:publisher\" content=\"https:\/\/www.facebook.com\/KapitalisInfo\/\" \/>\n<meta property=\"article:published_time\" content=\"2022-06-10T07:44:23+00:00\" \/>\n<meta property=\"article:modified_time\" content=\"2022-06-10T07:44:24+00:00\" \/>\n<meta property=\"og:image\" content=\"https:\/\/kapitalis.com\/tunisie\/wp-content\/uploads\/2022\/06\/Tanja-Faller-GIZ.jpg\" \/>\n\t<meta property=\"og:image:width\" content=\"1200\" \/>\n\t<meta property=\"og:image:height\" content=\"630\" \/>\n\t<meta property=\"og:image:type\" content=\"image\/jpeg\" \/>\n<meta name=\"author\" content=\"webmaster kapitalis\" \/>\n<meta name=\"twitter:card\" content=\"summary_large_image\" \/>\n<meta name=\"twitter:creator\" content=\"@KapitalisInfo\" \/>\n<meta name=\"twitter:site\" content=\"@KapitalisInfo\" \/>\n<meta name=\"twitter:label1\" content=\"\u00c9crit par\" \/>\n\t<meta name=\"twitter:data1\" content=\"webmaster kapitalis\" \/>\n\t<meta name=\"twitter:label2\" content=\"Dur\u00e9e de lecture estim\u00e9e\" \/>\n\t<meta name=\"twitter:data2\" content=\"3 minutes\" \/>\n<script type=\"application\/ld+json\" class=\"yoast-schema-graph\">{\"@context\":\"https:\/\/schema.org\",\"@graph\":[{\"@type\":\"Article\",\"@id\":\"https:\/\/kapitalis.com\/tunisie\/2022\/06\/10\/la-tunisie-investit-dans-lhydrogene-vert-grace-a-une-aide-allemande\/#article\",\"isPartOf\":{\"@id\":\"https:\/\/kapitalis.com\/tunisie\/2022\/06\/10\/la-tunisie-investit-dans-lhydrogene-vert-grace-a-une-aide-allemande\/\"},\"author\":{\"name\":\"webmaster kapitalis\",\"@id\":\"https:\/\/kapitalis.com\/tunisie\/#\/schema\/person\/d71f33a9ca44f7bad4698210b480c8e9\"},\"headline\":\"La Tunisie investit dans l\u2019hydrog\u00e8ne vert gr\u00e2ce \u00e0 une aide allemande\",\"datePublished\":\"2022-06-10T07:44:23+00:00\",\"dateModified\":\"2022-06-10T07:44:24+00:00\",\"mainEntityOfPage\":{\"@id\":\"https:\/\/kapitalis.com\/tunisie\/2022\/06\/10\/la-tunisie-investit-dans-lhydrogene-vert-grace-a-une-aide-allemande\/\"},\"wordCount\":613,\"commentCount\":4,\"publisher\":{\"@id\":\"https:\/\/kapitalis.com\/tunisie\/#organization\"},\"image\":{\"@id\":\"https:\/\/kapitalis.com\/tunisie\/2022\/06\/10\/la-tunisie-investit-dans-lhydrogene-vert-grace-a-une-aide-allemande\/#primaryimage\"},\"thumbnailUrl\":\"https:\/\/kapitalis.com\/tunisie\/wp-content\/uploads\/2022\/06\/Tanja-Faller-GIZ.jpg\",\"keywords\":[\"BMZ\",\"\u00e9nergies renouvelables\",\"GIZ\",\"hydrog\u00e8ne vert\",\"Tanja Faller\",\"Tunisie\"],\"articleSection\":[\"ECONOMIE\",\"Tunisie\"],\"inLanguage\":\"fr-FR\",\"potentialAction\":[{\"@type\":\"CommentAction\",\"name\":\"Comment\",\"target\":[\"https:\/\/kapitalis.com\/tunisie\/2022\/06\/10\/la-tunisie-investit-dans-lhydrogene-vert-grace-a-une-aide-allemande\/#respond\"]}]},{\"@type\":\"WebPage\",\"@id\":\"https:\/\/kapitalis.com\/tunisie\/2022\/06\/10\/la-tunisie-investit-dans-lhydrogene-vert-grace-a-une-aide-allemande\/\",\"url\":\"https:\/\/kapitalis.com\/tunisie\/2022\/06\/10\/la-tunisie-investit-dans-lhydrogene-vert-grace-a-une-aide-allemande\/\",\"name\":\"La Tunisie investit dans l\u2019hydrog\u00e8ne vert gr\u00e2ce \u00e0 une aide allemande - Kapitalis\",\"isPartOf\":{\"@id\":\"https:\/\/kapitalis.com\/tunisie\/#website\"},\"primaryImageOfPage\":{\"@id\":\"https:\/\/kapitalis.com\/tunisie\/2022\/06\/10\/la-tunisie-investit-dans-lhydrogene-vert-grace-a-une-aide-allemande\/#primaryimage\"},\"image\":{\"@id\":\"https:\/\/kapitalis.com\/tunisie\/2022\/06\/10\/la-tunisie-investit-dans-lhydrogene-vert-grace-a-une-aide-allemande\/#primaryimage\"},\"thumbnailUrl\":\"https:\/\/kapitalis.com\/tunisie\/wp-content\/uploads\/2022\/06\/Tanja-Faller-GIZ.jpg\",\"datePublished\":\"2022-06-10T07:44:23+00:00\",\"dateModified\":\"2022-06-10T07:44:24+00:00\",\"breadcrumb\":{\"@id\":\"https:\/\/kapitalis.com\/tunisie\/2022\/06\/10\/la-tunisie-investit-dans-lhydrogene-vert-grace-a-une-aide-allemande\/#breadcrumb\"},\"inLanguage\":\"fr-FR\",\"potentialAction\":[{\"@type\":\"ReadAction\",\"target\":[\"https:\/\/kapitalis.com\/tunisie\/2022\/06\/10\/la-tunisie-investit-dans-lhydrogene-vert-grace-a-une-aide-allemande\/\"]}]},{\"@type\":\"ImageObject\",\"inLanguage\":\"fr-FR\",\"@id\":\"https:\/\/kapitalis.com\/tunisie\/2022\/06\/10\/la-tunisie-investit-dans-lhydrogene-vert-grace-a-une-aide-allemande\/#primaryimage\",\"url\":\"https:\/\/kapitalis.com\/tunisie\/wp-content\/uploads\/2022\/06\/Tanja-Faller-GIZ.jpg\",\"contentUrl\":\"https:\/\/kapitalis.com\/tunisie\/wp-content\/uploads\/2022\/06\/Tanja-Faller-GIZ.jpg\",\"width\":1200,\"height\":630},{\"@type\":\"BreadcrumbList\",\"@id\":\"https:\/\/kapitalis.com\/tunisie\/2022\/06\/10\/la-tunisie-investit-dans-lhydrogene-vert-grace-a-une-aide-allemande\/#breadcrumb\",\"itemListElement\":[{\"@type\":\"ListItem\",\"position\":1,\"name\":\"Accueil\",\"item\":\"https:\/\/kapitalis.com\/tunisie\/\"},{\"@type\":\"ListItem\",\"position\":2,\"name\":\"La Tunisie investit dans l\u2019hydrog\u00e8ne vert gr\u00e2ce \u00e0 une aide allemande\"}]},{\"@type\":\"WebSite\",\"@id\":\"https:\/\/kapitalis.com\/tunisie\/#website\",\"url\":\"https:\/\/kapitalis.com\/tunisie\/\",\"name\":\"Kapitalis\",\"description\":\"L&#039;actualit\u00e9 en Tunisie et dans le monde\",\"publisher\":{\"@id\":\"https:\/\/kapitalis.com\/tunisie\/#organization\"},\"potentialAction\":[{\"@type\":\"SearchAction\",\"target\":{\"@type\":\"EntryPoint\",\"urlTemplate\":\"https:\/\/kapitalis.com\/tunisie\/?s={search_term_string}\"},\"query-input\":{\"@type\":\"PropertyValueSpecification\",\"valueRequired\":true,\"valueName\":\"search_term_string\"}}],\"inLanguage\":\"fr-FR\"},{\"@type\":\"Organization\",\"@id\":\"https:\/\/kapitalis.com\/tunisie\/#organization\",\"name\":\"Kapitalis\",\"url\":\"https:\/\/kapitalis.com\/tunisie\/\",\"logo\":{\"@type\":\"ImageObject\",\"inLanguage\":\"fr-FR\",\"@id\":\"https:\/\/kapitalis.com\/tunisie\/#\/schema\/logo\/image\/\",\"url\":\"https:\/\/kapitalis.com\/tunisie\/wp-content\/uploads\/2022\/05\/Kapitalis-big-size.png\",\"contentUrl\":\"https:\/\/kapitalis.com\/tunisie\/wp-content\/uploads\/2022\/05\/Kapitalis-big-size.png\",\"width\":5000,\"height\":1500,\"caption\":\"Kapitalis\"},\"image\":{\"@id\":\"https:\/\/kapitalis.com\/tunisie\/#\/schema\/logo\/image\/\"},\"sameAs\":[\"https:\/\/www.facebook.com\/KapitalisInfo\/\",\"https:\/\/x.com\/KapitalisInfo\",\"https:\/\/www.youtube.com\/channel\/UC-yDYrHyfFBWWZaOw3FPg9Q\"]},{\"@type\":\"Person\",\"@id\":\"https:\/\/kapitalis.com\/tunisie\/#\/schema\/person\/d71f33a9ca44f7bad4698210b480c8e9\",\"name\":\"webmaster kapitalis\",\"url\":\"https:\/\/kapitalis.com\/tunisie\/author\/webmaster-kapitalis\/\"}]}<\/script>\n<!-- \/ Yoast SEO plugin. -->","yoast_head_json":{"title":"La Tunisie investit dans l\u2019hydrog\u00e8ne vert gr\u00e2ce \u00e0 une aide allemande - Kapitalis","robots":{"index":"index","follow":"follow","max-snippet":"max-snippet:-1","max-image-preview":"max-image-preview:large","max-video-preview":"max-video-preview:-1"},"canonical":"https:\/\/kapitalis.com\/tunisie\/2022\/06\/10\/la-tunisie-investit-dans-lhydrogene-vert-grace-a-une-aide-allemande\/","og_locale":"fr_FR","og_type":"article","og_title":"La Tunisie investit dans l\u2019hydrog\u00e8ne vert gr\u00e2ce \u00e0 une aide allemande - Kapitalis","og_description":"La Tunisie envisage, \u00e0 l'instar de plusieurs pays dans le monde, d'investir dans l\u2019hydrog\u00e8ne vert.","og_url":"https:\/\/kapitalis.com\/tunisie\/2022\/06\/10\/la-tunisie-investit-dans-lhydrogene-vert-grace-a-une-aide-allemande\/","og_site_name":"Kapitalis","article_publisher":"https:\/\/www.facebook.com\/KapitalisInfo\/","article_published_time":"2022-06-10T07:44:23+00:00","article_modified_time":"2022-06-10T07:44:24+00:00","og_image":[{"width":1200,"height":630,"url":"https:\/\/kapitalis.com\/tunisie\/wp-content\/uploads\/2022\/06\/Tanja-Faller-GIZ.jpg","type":"image\/jpeg"}],"author":"webmaster kapitalis","twitter_card":"summary_large_image","twitter_creator":"@KapitalisInfo","twitter_site":"@KapitalisInfo","twitter_misc":{"\u00c9crit par":"webmaster kapitalis","Dur\u00e9e de lecture estim\u00e9e":"3 minutes"},"schema":{"@context":"https:\/\/schema.org","@graph":[{"@type":"Article","@id":"https:\/\/kapitalis.com\/tunisie\/2022\/06\/10\/la-tunisie-investit-dans-lhydrogene-vert-grace-a-une-aide-allemande\/#article","isPartOf":{"@id":"https:\/\/kapitalis.com\/tunisie\/2022\/06\/10\/la-tunisie-investit-dans-lhydrogene-vert-grace-a-une-aide-allemande\/"},"author":{"name":"webmaster kapitalis","@id":"https:\/\/kapitalis.com\/tunisie\/#\/schema\/person\/d71f33a9ca44f7bad4698210b480c8e9"},"headline":"La Tunisie investit dans l\u2019hydrog\u00e8ne vert gr\u00e2ce \u00e0 une aide allemande","datePublished":"2022-06-10T07:44:23+00:00","dateModified":"2022-06-10T07:44:24+00:00","mainEntityOfPage":{"@id":"https:\/\/kapitalis.com\/tunisie\/2022\/06\/10\/la-tunisie-investit-dans-lhydrogene-vert-grace-a-une-aide-allemande\/"},"wordCount":613,"commentCount":4,"publisher":{"@id":"https:\/\/kapitalis.com\/tunisie\/#organization"},"image":{"@id":"https:\/\/kapitalis.com\/tunisie\/2022\/06\/10\/la-tunisie-investit-dans-lhydrogene-vert-grace-a-une-aide-allemande\/#primaryimage"},"thumbnailUrl":"https:\/\/kapitalis.com\/tunisie\/wp-content\/uploads\/2022\/06\/Tanja-Faller-GIZ.jpg","keywords":["BMZ","\u00e9nergies renouvelables","GIZ","hydrog\u00e8ne vert","Tanja Faller","Tunisie"],"articleSection":["ECONOMIE","Tunisie"],"inLanguage":"fr-FR","potentialAction":[{"@type":"CommentAction","name":"Comment","target":["https:\/\/kapitalis.com\/tunisie\/2022\/06\/10\/la-tunisie-investit-dans-lhydrogene-vert-grace-a-une-aide-allemande\/#respond"]}]},{"@type":"WebPage","@id":"https:\/\/kapitalis.com\/tunisie\/2022\/06\/10\/la-tunisie-investit-dans-lhydrogene-vert-grace-a-une-aide-allemande\/","url":"https:\/\/kapitalis.com\/tunisie\/2022\/06\/10\/la-tunisie-investit-dans-lhydrogene-vert-grace-a-une-aide-allemande\/","name":"La Tunisie investit dans l\u2019hydrog\u00e8ne vert gr\u00e2ce \u00e0 une aide allemande - Kapitalis","isPartOf":{"@id":"https:\/\/kapitalis.com\/tunisie\/#website"},"primaryImageOfPage":{"@id":"https:\/\/kapitalis.com\/tunisie\/2022\/06\/10\/la-tunisie-investit-dans-lhydrogene-vert-grace-a-une-aide-allemande\/#primaryimage"},"image":{"@id":"https:\/\/kapitalis.com\/tunisie\/2022\/06\/10\/la-tunisie-investit-dans-lhydrogene-vert-grace-a-une-aide-allemande\/#primaryimage"},"thumbnailUrl":"https:\/\/kapitalis.com\/tunisie\/wp-content\/uploads\/2022\/06\/Tanja-Faller-GIZ.jpg","datePublished":"2022-06-10T07:44:23+00:00","dateModified":"2022-06-10T07:44:24+00:00","breadcrumb":{"@id":"https:\/\/kapitalis.com\/tunisie\/2022\/06\/10\/la-tunisie-investit-dans-lhydrogene-vert-grace-a-une-aide-allemande\/#breadcrumb"},"inLanguage":"fr-FR","potentialAction":[{"@type":"ReadAction","target":["https:\/\/kapitalis.com\/tunisie\/2022\/06\/10\/la-tunisie-investit-dans-lhydrogene-vert-grace-a-une-aide-allemande\/"]}]},{"@type":"ImageObject","inLanguage":"fr-FR","@id":"https:\/\/kapitalis.com\/tunisie\/2022\/06\/10\/la-tunisie-investit-dans-lhydrogene-vert-grace-a-une-aide-allemande\/#primaryimage","url":"https:\/\/kapitalis.com\/tunisie\/wp-content\/uploads\/2022\/06\/Tanja-Faller-GIZ.jpg","contentUrl":"https:\/\/kapitalis.com\/tunisie\/wp-content\/uploads\/2022\/06\/Tanja-Faller-GIZ.jpg","width":1200,"height":630},{"@type":"BreadcrumbList","@id":"https:\/\/kapitalis.com\/tunisie\/2022\/06\/10\/la-tunisie-investit-dans-lhydrogene-vert-grace-a-une-aide-allemande\/#breadcrumb","itemListElement":[{"@type":"ListItem","position":1,"name":"Accueil","item":"https:\/\/kapitalis.com\/tunisie\/"},{"@type":"ListItem","position":2,"name":"La Tunisie investit dans l\u2019hydrog\u00e8ne vert gr\u00e2ce \u00e0 une aide allemande"}]},{"@type":"WebSite","@id":"https:\/\/kapitalis.com\/tunisie\/#website","url":"https:\/\/kapitalis.com\/tunisie\/","name":"Kapitalis","description":"L&#039;actualit\u00e9 en Tunisie et dans le monde","publisher":{"@id":"https:\/\/kapitalis.com\/tunisie\/#organization"},"potentialAction":[{"@type":"SearchAction","target":{"@type":"EntryPoint","urlTemplate":"https:\/\/kapitalis.com\/tunisie\/?s={search_term_string}"},"query-input":{"@type":"PropertyValueSpecification","valueRequired":true,"valueName":"search_term_string"}}],"inLanguage":"fr-FR"},{"@type":"Organization","@id":"https:\/\/kapitalis.com\/tunisie\/#organization","name":"Kapitalis","url":"https:\/\/kapitalis.com\/tunisie\/","logo":{"@type":"ImageObject","inLanguage":"fr-FR","@id":"https:\/\/kapitalis.com\/tunisie\/#\/schema\/logo\/image\/","url":"https:\/\/kapitalis.com\/tunisie\/wp-content\/uploads\/2022\/05\/Kapitalis-big-size.png","contentUrl":"https:\/\/kapitalis.com\/tunisie\/wp-content\/uploads\/2022\/05\/Kapitalis-big-size.png","width":5000,"height":1500,"caption":"Kapitalis"},"image":{"@id":"https:\/\/kapitalis.com\/tunisie\/#\/schema\/logo\/image\/"},"sameAs":["https:\/\/www.facebook.com\/KapitalisInfo\/","https:\/\/x.com\/KapitalisInfo","https:\/\/www.youtube.com\/channel\/UC-yDYrHyfFBWWZaOw3FPg9Q"]},{"@type":"Person","@id":"https:\/\/kapitalis.com\/tunisie\/#\/schema\/person\/d71f33a9ca44f7bad4698210b480c8e9","name":"webmaster kapitalis","url":"https:\/\/kapitalis.com\/tunisie\/author\/webmaster-kapitalis\/"}]}},"_links":{"self":[{"href":"https:\/\/kapitalis.com\/tunisie\/wp-json\/wp\/v2\/posts\/1355339","targetHints":{"allow":["GET"]}}],"collection":[{"href":"https:\/\/kapitalis.com\/tunisie\/wp-json\/wp\/v2\/posts"}],"about":[{"href":"https:\/\/kapitalis.com\/tunisie\/wp-json\/wp\/v2\/types\/post"}],"author":[{"embeddable":true,"href":"https:\/\/kapitalis.com\/tunisie\/wp-json\/wp\/v2\/users\/8"}],"replies":[{"embeddable":true,"href":"https:\/\/kapitalis.com\/tunisie\/wp-json\/wp\/v2\/comments?post=1355339"}],"version-history":[{"count":0,"href":"https:\/\/kapitalis.com\/tunisie\/wp-json\/wp\/v2\/posts\/1355339\/revisions"}],"wp:featuredmedia":[{"embeddable":true,"href":"https:\/\/kapitalis.com\/tunisie\/wp-json\/wp\/v2\/media\/1355984"}],"wp:attachment":[{"href":"https:\/\/kapitalis.com\/tunisie\/wp-json\/wp\/v2\/media?parent=1355339"}],"wp:term":[{"taxonomy":"category","embeddable":true,"href":"https:\/\/kapitalis.com\/tunisie\/wp-json\/wp\/v2\/categories?post=1355339"},{"taxonomy":"post_tag","embeddable":true,"href":"https:\/\/kapitalis.com\/tunisie\/wp-json\/wp\/v2\/tags?post=1355339"}],"curies":[{"name":"wp","href":"https:\/\/api.w.org\/{rel}","templated":true}]}}