{"id":1356755,"date":"2022-06-10T09:13:37","date_gmt":"2022-06-10T08:13:37","guid":{"rendered":"https:\/\/kapitalis.com\/tunisie\/?p=1356755"},"modified":"2022-06-10T09:13:39","modified_gmt":"2022-06-10T08:13:39","slug":"la-bad-appuie-la-tunisie-dans-la-mise-a-niveau-de-ses-silos-de-ble","status":"publish","type":"post","link":"https:\/\/kapitalis.com\/tunisie\/2022\/06\/10\/la-bad-appuie-la-tunisie-dans-la-mise-a-niveau-de-ses-silos-de-ble\/","title":{"rendered":"La Bad appuie la Tunisie dans la mise \u00e0 niveau de ses silos de bl\u00e9"},"content":{"rendered":"\n<p><strong><em>Dans un entretien accord\u00e9 \u00e0 l\u2019agence TAP, le directeur g\u00e9n\u00e9ral de la BAD pour la r\u00e9gion de l&rsquo;Afrique du Nord, Mohamed Al-Azizi revient sur ces priorit\u00e9s et sur l&rsquo;appui que pr\u00e9voit d&rsquo;apporter la BAD \u00e0 la Tunisie, notamment dans le domaine agroalimentaire.<\/em><\/strong><\/p>\n\n\n\n<!--more-->\n\n\n\n<p><em>\u00abNous travaillons \u00e0 adapter nos financements en les convertissant en programmes de travail qui r\u00e9pondent aux besoins des pays affect\u00e9s par la crise alimentaire r\u00e9sultant du contexte g\u00e9opolitique\u00bb<\/em>, a d\u00e9clar\u00e9 Al-Azizi, et d&rsquo;ajouter que la BAD a entam\u00e9, cette ann\u00e9e, un programme de travail sur le secteur de bl\u00e9. Une \u00e9tude a ainsi \u00e9t\u00e9 pr\u00e9sent\u00e9e il y a quelques semaines et ses recommandations vont aider la BAD \u00e0 d\u00e9ployer des op\u00e9rations d\u00e9di\u00e9es sp\u00e9cifiquement \u00e0 la crise. <em>\u00abIl s&rsquo;agit, \u00e0 court terme, de mettre \u00e0 niveau les silos existants et d\u2019en construire de nouveaux, de d\u00e9velopper la logistique n\u00e9cessaire avec toute la cha\u00eene de valeur du bl\u00e9 au niveau du pays, en plus de l&rsquo;appui au secteur priv\u00e9 en soutenant les lignes de cr\u00e9dit destin\u00e9es au secteur agricole et en apportant de l&rsquo;aide aux agriculteurs afin qu\u2019ils soient plus r\u00e9silients aux effets du changement climatique et \u00e0 la crise alimentaire\u00bb<\/em>, a expliqu\u00e9 M. Al-Azizi. Et d&rsquo;encha\u00eener : <em>\u00abA long terme, nous devons r\u00e9fl\u00e9chir ensemble \u00e0 renforcer la dynamique de d\u00e9veloppement des silos permettant au pays de constituer un stock strat\u00e9gique pour subvenir \u00e0 ses besoins. Pour ce faire, nous contribuerons \u00e0 introduire des nouvelles technologies num\u00e9riques pour moderniser la gestion des silos. A ce stade, la banque intervient \u00e0 travers une assistance technique, en mobilisant des dons pour assurer ce processus, ainsi que des financements d\u00e9di\u00e9s aux projets d\u2019investissement.\u00bb<\/em><\/p>\n","protected":false},"excerpt":{"rendered":"<p>La BAD va aider la Tunisie \u00e0 mettre \u00e0 niveau les silos de bl\u00e9 existants et \u00e0 en construire de nouveaux, et \u00e0 d\u00e9velopper la logistique n\u00e9cessaire avec toute la cha\u00eene de valeur du bl\u00e9 au niveau du pays.<\/p>\n","protected":false},"author":8,"featured_media":1357217,"comment_status":"open","ping_status":"open","sticky":false,"template":"","format":"standard","meta":{"footnotes":""},"categories":[995,2433],"tags":[119,100476,100477,62643],"class_list":["post-1356755","post","type-post","status-publish","format-standard","has-post-thumbnail","hentry","category-economie","category-tunisie","tag-bad","tag-mohamed-el-azizi-2","tag-silos-de-ble","tag-tunisie"],"yoast_head":"<!-- This site is optimized with the Yoast SEO plugin v26.6 - https:\/\/yoast.com\/wordpress\/plugins\/seo\/ -->\n<title>La Bad appuie la Tunisie dans la mise \u00e0 niveau de ses silos de bl\u00e9 - Kapitalis<\/title>\n<meta name=\"robots\" content=\"index, follow, max-snippet:-1, max-image-preview:large, max-video-preview:-1\" \/>\n<link rel=\"canonical\" href=\"https:\/\/kapitalis.com\/tunisie\/2022\/06\/10\/la-bad-appuie-la-tunisie-dans-la-mise-a-niveau-de-ses-silos-de-ble\/\" \/>\n<meta property=\"og:locale\" content=\"fr_FR\" \/>\n<meta property=\"og:type\" content=\"article\" \/>\n<meta property=\"og:title\" content=\"La Bad appuie la Tunisie dans la mise \u00e0 niveau de ses silos de bl\u00e9 - Kapitalis\" \/>\n<meta property=\"og:description\" content=\"La BAD va aider la Tunisie \u00e0 mettre \u00e0 niveau les silos de bl\u00e9 existants et \u00e0 en construire de nouveaux, et \u00e0 d\u00e9velopper la logistique n\u00e9cessaire avec toute la cha\u00eene de valeur du bl\u00e9 au niveau du pays.\" \/>\n<meta property=\"og:url\" content=\"https:\/\/kapitalis.com\/tunisie\/2022\/06\/10\/la-bad-appuie-la-tunisie-dans-la-mise-a-niveau-de-ses-silos-de-ble\/\" \/>\n<meta property=\"og:site_name\" content=\"Kapitalis\" \/>\n<meta property=\"article:publisher\" content=\"https:\/\/www.facebook.com\/KapitalisInfo\/\" \/>\n<meta property=\"article:published_time\" content=\"2022-06-10T08:13:37+00:00\" \/>\n<meta property=\"article:modified_time\" content=\"2022-06-10T08:13:39+00:00\" \/>\n<meta property=\"og:image\" content=\"https:\/\/kapitalis.com\/tunisie\/wp-content\/uploads\/2022\/06\/Mohamed-El-Azizi.jpg\" \/>\n\t<meta property=\"og:image:width\" content=\"1200\" \/>\n\t<meta property=\"og:image:height\" content=\"630\" \/>\n\t<meta property=\"og:image:type\" content=\"image\/jpeg\" \/>\n<meta name=\"author\" content=\"webmaster kapitalis\" \/>\n<meta name=\"twitter:card\" content=\"summary_large_image\" \/>\n<meta name=\"twitter:creator\" content=\"@KapitalisInfo\" \/>\n<meta name=\"twitter:site\" content=\"@KapitalisInfo\" \/>\n<meta name=\"twitter:label1\" content=\"\u00c9crit par\" \/>\n\t<meta name=\"twitter:data1\" content=\"webmaster kapitalis\" \/>\n\t<meta name=\"twitter:label2\" content=\"Dur\u00e9e de lecture estim\u00e9e\" \/>\n\t<meta name=\"twitter:data2\" content=\"2 minutes\" \/>\n<script type=\"application\/ld+json\" class=\"yoast-schema-graph\">{\"@context\":\"https:\/\/schema.org\",\"@graph\":[{\"@type\":\"Article\",\"@id\":\"https:\/\/kapitalis.com\/tunisie\/2022\/06\/10\/la-bad-appuie-la-tunisie-dans-la-mise-a-niveau-de-ses-silos-de-ble\/#article\",\"isPartOf\":{\"@id\":\"https:\/\/kapitalis.com\/tunisie\/2022\/06\/10\/la-bad-appuie-la-tunisie-dans-la-mise-a-niveau-de-ses-silos-de-ble\/\"},\"author\":{\"name\":\"webmaster kapitalis\",\"@id\":\"https:\/\/kapitalis.com\/tunisie\/#\/schema\/person\/d71f33a9ca44f7bad4698210b480c8e9\"},\"headline\":\"La Bad appuie la Tunisie dans la mise \u00e0 niveau de ses silos de bl\u00e9\",\"datePublished\":\"2022-06-10T08:13:37+00:00\",\"dateModified\":\"2022-06-10T08:13:39+00:00\",\"mainEntityOfPage\":{\"@id\":\"https:\/\/kapitalis.com\/tunisie\/2022\/06\/10\/la-bad-appuie-la-tunisie-dans-la-mise-a-niveau-de-ses-silos-de-ble\/\"},\"wordCount\":307,\"commentCount\":2,\"publisher\":{\"@id\":\"https:\/\/kapitalis.com\/tunisie\/#organization\"},\"image\":{\"@id\":\"https:\/\/kapitalis.com\/tunisie\/2022\/06\/10\/la-bad-appuie-la-tunisie-dans-la-mise-a-niveau-de-ses-silos-de-ble\/#primaryimage\"},\"thumbnailUrl\":\"https:\/\/kapitalis.com\/tunisie\/wp-content\/uploads\/2022\/06\/Mohamed-El-Azizi.jpg\",\"keywords\":[\"BAD\",\"Mohamed El-Azizi\",\"silos de bl\u00e9\",\"Tunisie\"],\"articleSection\":[\"ECONOMIE\",\"Tunisie\"],\"inLanguage\":\"fr-FR\",\"potentialAction\":[{\"@type\":\"CommentAction\",\"name\":\"Comment\",\"target\":[\"https:\/\/kapitalis.com\/tunisie\/2022\/06\/10\/la-bad-appuie-la-tunisie-dans-la-mise-a-niveau-de-ses-silos-de-ble\/#respond\"]}]},{\"@type\":\"WebPage\",\"@id\":\"https:\/\/kapitalis.com\/tunisie\/2022\/06\/10\/la-bad-appuie-la-tunisie-dans-la-mise-a-niveau-de-ses-silos-de-ble\/\",\"url\":\"https:\/\/kapitalis.com\/tunisie\/2022\/06\/10\/la-bad-appuie-la-tunisie-dans-la-mise-a-niveau-de-ses-silos-de-ble\/\",\"name\":\"La Bad appuie la Tunisie dans la mise \u00e0 niveau de ses silos de bl\u00e9 - Kapitalis\",\"isPartOf\":{\"@id\":\"https:\/\/kapitalis.com\/tunisie\/#website\"},\"primaryImageOfPage\":{\"@id\":\"https:\/\/kapitalis.com\/tunisie\/2022\/06\/10\/la-bad-appuie-la-tunisie-dans-la-mise-a-niveau-de-ses-silos-de-ble\/#primaryimage\"},\"image\":{\"@id\":\"https:\/\/kapitalis.com\/tunisie\/2022\/06\/10\/la-bad-appuie-la-tunisie-dans-la-mise-a-niveau-de-ses-silos-de-ble\/#primaryimage\"},\"thumbnailUrl\":\"https:\/\/kapitalis.com\/tunisie\/wp-content\/uploads\/2022\/06\/Mohamed-El-Azizi.jpg\",\"datePublished\":\"2022-06-10T08:13:37+00:00\",\"dateModified\":\"2022-06-10T08:13:39+00:00\",\"breadcrumb\":{\"@id\":\"https:\/\/kapitalis.com\/tunisie\/2022\/06\/10\/la-bad-appuie-la-tunisie-dans-la-mise-a-niveau-de-ses-silos-de-ble\/#breadcrumb\"},\"inLanguage\":\"fr-FR\",\"potentialAction\":[{\"@type\":\"ReadAction\",\"target\":[\"https:\/\/kapitalis.com\/tunisie\/2022\/06\/10\/la-bad-appuie-la-tunisie-dans-la-mise-a-niveau-de-ses-silos-de-ble\/\"]}]},{\"@type\":\"ImageObject\",\"inLanguage\":\"fr-FR\",\"@id\":\"https:\/\/kapitalis.com\/tunisie\/2022\/06\/10\/la-bad-appuie-la-tunisie-dans-la-mise-a-niveau-de-ses-silos-de-ble\/#primaryimage\",\"url\":\"https:\/\/kapitalis.com\/tunisie\/wp-content\/uploads\/2022\/06\/Mohamed-El-Azizi.jpg\",\"contentUrl\":\"https:\/\/kapitalis.com\/tunisie\/wp-content\/uploads\/2022\/06\/Mohamed-El-Azizi.jpg\",\"width\":1200,\"height\":630},{\"@type\":\"BreadcrumbList\",\"@id\":\"https:\/\/kapitalis.com\/tunisie\/2022\/06\/10\/la-bad-appuie-la-tunisie-dans-la-mise-a-niveau-de-ses-silos-de-ble\/#breadcrumb\",\"itemListElement\":[{\"@type\":\"ListItem\",\"position\":1,\"name\":\"Accueil\",\"item\":\"https:\/\/kapitalis.com\/tunisie\/\"},{\"@type\":\"ListItem\",\"position\":2,\"name\":\"La Bad appuie la Tunisie dans la mise \u00e0 niveau de ses silos de bl\u00e9\"}]},{\"@type\":\"WebSite\",\"@id\":\"https:\/\/kapitalis.com\/tunisie\/#website\",\"url\":\"https:\/\/kapitalis.com\/tunisie\/\",\"name\":\"Kapitalis\",\"description\":\"L&#039;actualit\u00e9 en Tunisie et dans le monde\",\"publisher\":{\"@id\":\"https:\/\/kapitalis.com\/tunisie\/#organization\"},\"potentialAction\":[{\"@type\":\"SearchAction\",\"target\":{\"@type\":\"EntryPoint\",\"urlTemplate\":\"https:\/\/kapitalis.com\/tunisie\/?s={search_term_string}\"},\"query-input\":{\"@type\":\"PropertyValueSpecification\",\"valueRequired\":true,\"valueName\":\"search_term_string\"}}],\"inLanguage\":\"fr-FR\"},{\"@type\":\"Organization\",\"@id\":\"https:\/\/kapitalis.com\/tunisie\/#organization\",\"name\":\"Kapitalis\",\"url\":\"https:\/\/kapitalis.com\/tunisie\/\",\"logo\":{\"@type\":\"ImageObject\",\"inLanguage\":\"fr-FR\",\"@id\":\"https:\/\/kapitalis.com\/tunisie\/#\/schema\/logo\/image\/\",\"url\":\"https:\/\/kapitalis.com\/tunisie\/wp-content\/uploads\/2022\/05\/Kapitalis-big-size.png\",\"contentUrl\":\"https:\/\/kapitalis.com\/tunisie\/wp-content\/uploads\/2022\/05\/Kapitalis-big-size.png\",\"width\":5000,\"height\":1500,\"caption\":\"Kapitalis\"},\"image\":{\"@id\":\"https:\/\/kapitalis.com\/tunisie\/#\/schema\/logo\/image\/\"},\"sameAs\":[\"https:\/\/www.facebook.com\/KapitalisInfo\/\",\"https:\/\/x.com\/KapitalisInfo\",\"https:\/\/www.youtube.com\/channel\/UC-yDYrHyfFBWWZaOw3FPg9Q\"]},{\"@type\":\"Person\",\"@id\":\"https:\/\/kapitalis.com\/tunisie\/#\/schema\/person\/d71f33a9ca44f7bad4698210b480c8e9\",\"name\":\"webmaster kapitalis\",\"url\":\"https:\/\/kapitalis.com\/tunisie\/author\/webmaster-kapitalis\/\"}]}<\/script>\n<!-- \/ Yoast SEO plugin. -->","yoast_head_json":{"title":"La Bad appuie la Tunisie dans la mise \u00e0 niveau de ses silos de bl\u00e9 - Kapitalis","robots":{"index":"index","follow":"follow","max-snippet":"max-snippet:-1","max-image-preview":"max-image-preview:large","max-video-preview":"max-video-preview:-1"},"canonical":"https:\/\/kapitalis.com\/tunisie\/2022\/06\/10\/la-bad-appuie-la-tunisie-dans-la-mise-a-niveau-de-ses-silos-de-ble\/","og_locale":"fr_FR","og_type":"article","og_title":"La Bad appuie la Tunisie dans la mise \u00e0 niveau de ses silos de bl\u00e9 - Kapitalis","og_description":"La BAD va aider la Tunisie \u00e0 mettre \u00e0 niveau les silos de bl\u00e9 existants et \u00e0 en construire de nouveaux, et \u00e0 d\u00e9velopper la logistique n\u00e9cessaire avec toute la cha\u00eene de valeur du bl\u00e9 au niveau du pays.","og_url":"https:\/\/kapitalis.com\/tunisie\/2022\/06\/10\/la-bad-appuie-la-tunisie-dans-la-mise-a-niveau-de-ses-silos-de-ble\/","og_site_name":"Kapitalis","article_publisher":"https:\/\/www.facebook.com\/KapitalisInfo\/","article_published_time":"2022-06-10T08:13:37+00:00","article_modified_time":"2022-06-10T08:13:39+00:00","og_image":[{"width":1200,"height":630,"url":"https:\/\/kapitalis.com\/tunisie\/wp-content\/uploads\/2022\/06\/Mohamed-El-Azizi.jpg","type":"image\/jpeg"}],"author":"webmaster kapitalis","twitter_card":"summary_large_image","twitter_creator":"@KapitalisInfo","twitter_site":"@KapitalisInfo","twitter_misc":{"\u00c9crit par":"webmaster kapitalis","Dur\u00e9e de lecture estim\u00e9e":"2 minutes"},"schema":{"@context":"https:\/\/schema.org","@graph":[{"@type":"Article","@id":"https:\/\/kapitalis.com\/tunisie\/2022\/06\/10\/la-bad-appuie-la-tunisie-dans-la-mise-a-niveau-de-ses-silos-de-ble\/#article","isPartOf":{"@id":"https:\/\/kapitalis.com\/tunisie\/2022\/06\/10\/la-bad-appuie-la-tunisie-dans-la-mise-a-niveau-de-ses-silos-de-ble\/"},"author":{"name":"webmaster kapitalis","@id":"https:\/\/kapitalis.com\/tunisie\/#\/schema\/person\/d71f33a9ca44f7bad4698210b480c8e9"},"headline":"La Bad appuie la Tunisie dans la mise \u00e0 niveau de ses silos de bl\u00e9","datePublished":"2022-06-10T08:13:37+00:00","dateModified":"2022-06-10T08:13:39+00:00","mainEntityOfPage":{"@id":"https:\/\/kapitalis.com\/tunisie\/2022\/06\/10\/la-bad-appuie-la-tunisie-dans-la-mise-a-niveau-de-ses-silos-de-ble\/"},"wordCount":307,"commentCount":2,"publisher":{"@id":"https:\/\/kapitalis.com\/tunisie\/#organization"},"image":{"@id":"https:\/\/kapitalis.com\/tunisie\/2022\/06\/10\/la-bad-appuie-la-tunisie-dans-la-mise-a-niveau-de-ses-silos-de-ble\/#primaryimage"},"thumbnailUrl":"https:\/\/kapitalis.com\/tunisie\/wp-content\/uploads\/2022\/06\/Mohamed-El-Azizi.jpg","keywords":["BAD","Mohamed El-Azizi","silos de bl\u00e9","Tunisie"],"articleSection":["ECONOMIE","Tunisie"],"inLanguage":"fr-FR","potentialAction":[{"@type":"CommentAction","name":"Comment","target":["https:\/\/kapitalis.com\/tunisie\/2022\/06\/10\/la-bad-appuie-la-tunisie-dans-la-mise-a-niveau-de-ses-silos-de-ble\/#respond"]}]},{"@type":"WebPage","@id":"https:\/\/kapitalis.com\/tunisie\/2022\/06\/10\/la-bad-appuie-la-tunisie-dans-la-mise-a-niveau-de-ses-silos-de-ble\/","url":"https:\/\/kapitalis.com\/tunisie\/2022\/06\/10\/la-bad-appuie-la-tunisie-dans-la-mise-a-niveau-de-ses-silos-de-ble\/","name":"La Bad appuie la Tunisie dans la mise \u00e0 niveau de ses silos de bl\u00e9 - Kapitalis","isPartOf":{"@id":"https:\/\/kapitalis.com\/tunisie\/#website"},"primaryImageOfPage":{"@id":"https:\/\/kapitalis.com\/tunisie\/2022\/06\/10\/la-bad-appuie-la-tunisie-dans-la-mise-a-niveau-de-ses-silos-de-ble\/#primaryimage"},"image":{"@id":"https:\/\/kapitalis.com\/tunisie\/2022\/06\/10\/la-bad-appuie-la-tunisie-dans-la-mise-a-niveau-de-ses-silos-de-ble\/#primaryimage"},"thumbnailUrl":"https:\/\/kapitalis.com\/tunisie\/wp-content\/uploads\/2022\/06\/Mohamed-El-Azizi.jpg","datePublished":"2022-06-10T08:13:37+00:00","dateModified":"2022-06-10T08:13:39+00:00","breadcrumb":{"@id":"https:\/\/kapitalis.com\/tunisie\/2022\/06\/10\/la-bad-appuie-la-tunisie-dans-la-mise-a-niveau-de-ses-silos-de-ble\/#breadcrumb"},"inLanguage":"fr-FR","potentialAction":[{"@type":"ReadAction","target":["https:\/\/kapitalis.com\/tunisie\/2022\/06\/10\/la-bad-appuie-la-tunisie-dans-la-mise-a-niveau-de-ses-silos-de-ble\/"]}]},{"@type":"ImageObject","inLanguage":"fr-FR","@id":"https:\/\/kapitalis.com\/tunisie\/2022\/06\/10\/la-bad-appuie-la-tunisie-dans-la-mise-a-niveau-de-ses-silos-de-ble\/#primaryimage","url":"https:\/\/kapitalis.com\/tunisie\/wp-content\/uploads\/2022\/06\/Mohamed-El-Azizi.jpg","contentUrl":"https:\/\/kapitalis.com\/tunisie\/wp-content\/uploads\/2022\/06\/Mohamed-El-Azizi.jpg","width":1200,"height":630},{"@type":"BreadcrumbList","@id":"https:\/\/kapitalis.com\/tunisie\/2022\/06\/10\/la-bad-appuie-la-tunisie-dans-la-mise-a-niveau-de-ses-silos-de-ble\/#breadcrumb","itemListElement":[{"@type":"ListItem","position":1,"name":"Accueil","item":"https:\/\/kapitalis.com\/tunisie\/"},{"@type":"ListItem","position":2,"name":"La Bad appuie la Tunisie dans la mise \u00e0 niveau de ses silos de bl\u00e9"}]},{"@type":"WebSite","@id":"https:\/\/kapitalis.com\/tunisie\/#website","url":"https:\/\/kapitalis.com\/tunisie\/","name":"Kapitalis","description":"L&#039;actualit\u00e9 en Tunisie et dans le monde","publisher":{"@id":"https:\/\/kapitalis.com\/tunisie\/#organization"},"potentialAction":[{"@type":"SearchAction","target":{"@type":"EntryPoint","urlTemplate":"https:\/\/kapitalis.com\/tunisie\/?s={search_term_string}"},"query-input":{"@type":"PropertyValueSpecification","valueRequired":true,"valueName":"search_term_string"}}],"inLanguage":"fr-FR"},{"@type":"Organization","@id":"https:\/\/kapitalis.com\/tunisie\/#organization","name":"Kapitalis","url":"https:\/\/kapitalis.com\/tunisie\/","logo":{"@type":"ImageObject","inLanguage":"fr-FR","@id":"https:\/\/kapitalis.com\/tunisie\/#\/schema\/logo\/image\/","url":"https:\/\/kapitalis.com\/tunisie\/wp-content\/uploads\/2022\/05\/Kapitalis-big-size.png","contentUrl":"https:\/\/kapitalis.com\/tunisie\/wp-content\/uploads\/2022\/05\/Kapitalis-big-size.png","width":5000,"height":1500,"caption":"Kapitalis"},"image":{"@id":"https:\/\/kapitalis.com\/tunisie\/#\/schema\/logo\/image\/"},"sameAs":["https:\/\/www.facebook.com\/KapitalisInfo\/","https:\/\/x.com\/KapitalisInfo","https:\/\/www.youtube.com\/channel\/UC-yDYrHyfFBWWZaOw3FPg9Q"]},{"@type":"Person","@id":"https:\/\/kapitalis.com\/tunisie\/#\/schema\/person\/d71f33a9ca44f7bad4698210b480c8e9","name":"webmaster kapitalis","url":"https:\/\/kapitalis.com\/tunisie\/author\/webmaster-kapitalis\/"}]}},"_links":{"self":[{"href":"https:\/\/kapitalis.com\/tunisie\/wp-json\/wp\/v2\/posts\/1356755","targetHints":{"allow":["GET"]}}],"collection":[{"href":"https:\/\/kapitalis.com\/tunisie\/wp-json\/wp\/v2\/posts"}],"about":[{"href":"https:\/\/kapitalis.com\/tunisie\/wp-json\/wp\/v2\/types\/post"}],"author":[{"embeddable":true,"href":"https:\/\/kapitalis.com\/tunisie\/wp-json\/wp\/v2\/users\/8"}],"replies":[{"embeddable":true,"href":"https:\/\/kapitalis.com\/tunisie\/wp-json\/wp\/v2\/comments?post=1356755"}],"version-history":[{"count":0,"href":"https:\/\/kapitalis.com\/tunisie\/wp-json\/wp\/v2\/posts\/1356755\/revisions"}],"wp:featuredmedia":[{"embeddable":true,"href":"https:\/\/kapitalis.com\/tunisie\/wp-json\/wp\/v2\/media\/1357217"}],"wp:attachment":[{"href":"https:\/\/kapitalis.com\/tunisie\/wp-json\/wp\/v2\/media?parent=1356755"}],"wp:term":[{"taxonomy":"category","embeddable":true,"href":"https:\/\/kapitalis.com\/tunisie\/wp-json\/wp\/v2\/categories?post=1356755"},{"taxonomy":"post_tag","embeddable":true,"href":"https:\/\/kapitalis.com\/tunisie\/wp-json\/wp\/v2\/tags?post=1356755"}],"curies":[{"name":"wp","href":"https:\/\/api.w.org\/{rel}","templated":true}]}}