{"id":13571438,"date":"2024-07-15T07:31:57","date_gmt":"2024-07-15T06:31:57","guid":{"rendered":"https:\/\/kapitalis.com\/tunisie\/?p=13571438"},"modified":"2024-07-15T07:40:56","modified_gmt":"2024-07-15T06:40:56","slug":"des-saveurs-tunisiennes-au-pavillon-afrique-du-summer-fancy-food-show-a-new-york","status":"publish","type":"post","link":"https:\/\/kapitalis.com\/tunisie\/2024\/07\/15\/des-saveurs-tunisiennes-au-pavillon-afrique-du-summer-fancy-food-show-a-new-york\/","title":{"rendered":"Des saveurs tunisiennes au pavillon Afrique du Summer Fancy Food Show \u00e0 New York"},"content":{"rendered":"\n<p><strong><em>Pour la premi\u00e8re fois, l\u2019ensemble du continent africain a \u00e9t\u00e9 repr\u00e9sent\u00e9 de mani\u00e8re significative au Summer Fancy Food Show l\u2019\u00e9v\u00e9nement phare de l\u2019industrie alimentaire, le plus important et le plus embl\u00e9matique au monde, qui s\u2019est tenu 23 et 25 juin 2024 \u00e0 New York.<\/em><\/strong><\/p>\n\n\n\n<!--more-->\n\n\n\n<p>Environ 120 entreprises africaines pr\u00eates \u00e0 l\u2019exportation, ont pr\u00e9sent\u00e9 une explosion de saveurs et de produits innovants au pavillon Africa Fine Foods du Javits Center \u00e0 New York, mettant en \u00e9vidence le riche patrimoine culinaire africain dans la capitale gastronomique des \u00c9tats-Unis.<\/p>\n\n\n\n<p>Des d\u00e9l\u00e9gations de haut niveau de <a href=\"https:\/\/www.prosperafrica.gov\/\" target=\"_blank\" rel=\"noreferrer noopener\">Prosper Africa <\/a>&#8211; une initiative de s\u00e9curit\u00e9 nationale au niveau pr\u00e9sidentiel des \u00c9tats-Unis, de l\u2019<a href=\"https:\/\/www.usaid.gov\/ati\" target=\"_blank\" rel=\"noreferrer noopener\">USAID<\/a>, de hauts responsables alg\u00e9riens, marocains et de l\u2019ambassade tunisienne aux \u00c9tats-Unis se sont rendus au pavillon Afrique pour affirmer leur engagement \u00e0 promouvoir les relations commerciales entre l\u2019Afrique et les \u00c9tats-Unis.<\/p>\n\n\n\n<p>En compl\u00e9ment des activit\u00e9s interentreprises et commerciales, une rencontre gastronomique et de r\u00e9seautage a eu lieu le lundi 24 juin 2024, mettant en vedette des produits d\u2019Alg\u00e9rie, de Libye, du Maroc et de Tunisie.<\/p>\n\n\n\n<p>L\u2019\u00e9v\u00e9nement de cette ann\u00e9e s\u2019appuie sur le succ\u00e8s du Summer Fancy Food Show 2023, o\u00f9 32 marques sud-africaines ont \u00e9t\u00e9 pr\u00e9sent\u00e9es sur le march\u00e9 am\u00e9ricain, g\u00e9n\u00e9rant des exportations \u00e9valu\u00e9es \u00e0 23 millions de dollars. Par cons\u00e9quent, Prosper Africa et l\u2019USAID ont \u00e9largi le programme pour inclure environ 120 exposants africains, qui ont explor\u00e9 avec enthousiasme leur potentiel, g\u00e9n\u00e9rant un tr\u00e8s grand int\u00e9r\u00eat pour leurs produits, ce qui a abouti \u00e0 plus de 800 pr\u00e9-accords commerciaux.<\/p>\n\n\n\n<h2 class=\"wp-block-heading\">Une fusion de riches saveurs<\/h2>\n\n\n\n<p>L\u2019Afrique a s\u00e9duit son public avec une fusion de saveurs riches \u2013 \u00e9pic\u00e9es, fum\u00e9es, sucr\u00e9es et sal\u00e9es \u2013 offrant une vari\u00e9t\u00e9 d\u2019aliments exceptionnels adapt\u00e9s au march\u00e9 am\u00e9ricain. Plus de 30 entreprises nord-africaines d\u2019Alg\u00e9rie, du Maroc, de Tunisie et, pour la premi\u00e8re fois, de Libye, ont particip\u00e9 sous le pavillon africain au Summer Fancy Food Show cette ann\u00e9e. Ils ont \u00e9tabli des liens avec plus de 400 acheteurs am\u00e9ricains et ont d\u00e9j\u00e0 conclu des contrats d\u2019exportation totalisant 2,75 millions de dollars.<\/p>\n\n\n<div class=\"wp-block-image\">\n<figure class=\"aligncenter size-large\"><img loading=\"lazy\" decoding=\"async\" width=\"1024\" height=\"538\" src=\"https:\/\/kapitalis.com\/tunisie\/wp-content\/uploads\/2024\/07\/Hanene-Tajouri-au-Simmer-Fancy-Food-2024-1024x538.jpg\" alt=\"\" class=\"wp-image-13571488\" srcset=\"https:\/\/kapitalis.com\/tunisie\/wp-content\/uploads\/2024\/07\/Hanene-Tajouri-au-Simmer-Fancy-Food-2024-1024x538.jpg 1024w, https:\/\/kapitalis.com\/tunisie\/wp-content\/uploads\/2024\/07\/Hanene-Tajouri-au-Simmer-Fancy-Food-2024-300x158.jpg 300w, https:\/\/kapitalis.com\/tunisie\/wp-content\/uploads\/2024\/07\/Hanene-Tajouri-au-Simmer-Fancy-Food-2024-768x403.jpg 768w, https:\/\/kapitalis.com\/tunisie\/wp-content\/uploads\/2024\/07\/Hanene-Tajouri-au-Simmer-Fancy-Food-2024-580x305.jpg 580w, https:\/\/kapitalis.com\/tunisie\/wp-content\/uploads\/2024\/07\/Hanene-Tajouri-au-Simmer-Fancy-Food-2024-860x452.jpg 860w, https:\/\/kapitalis.com\/tunisie\/wp-content\/uploads\/2024\/07\/Hanene-Tajouri-au-Simmer-Fancy-Food-2024-1160x609.jpg 1160w, https:\/\/kapitalis.com\/tunisie\/wp-content\/uploads\/2024\/07\/Hanene-Tajouri-au-Simmer-Fancy-Food-2024.jpg 1200w\" sizes=\"auto, (max-width: 1024px) 100vw, 1024px\" \/><figcaption class=\"wp-element-caption\"><em>L&rsquo;ambassadrice Han\u00e8ne Tajouri Bessassi visitant le pavillon Afrique. <\/em><\/figcaption><\/figure>\n<\/div>\n\n\n<p><em>\u00abLe Pavillon africain du Summer Fancy Food Show contribue \u00e0 renforcer le partenariat strat\u00e9gique et \u00e9conomique entre les \u00c9tats-Unis et l\u2019Afrique par le biais du commerce bilat\u00e9ral dans le secteur agroalimentaire\u00bb<\/em>, explique British A. Robinson, coordinateur de Prosper Africa, lors d\u2019une visite du pavillon.<em> \u00abNous sommes privil\u00e9gi\u00e9s de pouvoir promouvoir l\u2019Afrique et tous ses dons et talents ; c\u2019est incroyable\u00bb<\/em>, a-t-il ajout\u00e9.<\/p>\n\n\n\n<p>Prosper Africa, par le biais de l\u2019activit\u00e9 de l\u2019USAID, soutient les entreprises africaines du secteur priv\u00e9 lors de salons professionnels internationaux. L\u2019objectif est de connecter ces entreprises aux march\u00e9s des \u00c9tats-Unis et d\u2019ailleurs, de d\u00e9velopper les exportations, de cr\u00e9er des emplois, de stimuler la croissance \u00e9conomique et de servir de porte d\u2019entr\u00e9e aux nouveaux acheteurs et investisseurs am\u00e9ricains.<\/p>\n\n\n\n<p>La pr\u00e9sence de l\u2019Afrique du Nord au salon renforce l\u2019engagement des gouvernements nationaux respectifs \u00e0 soutenir l\u2019\u00e9tablissement d\u2019un pavillon africain de mani\u00e8re durable.<\/p>\n\n\n\n<p>L\u2019ambassadrice de Tunisie aux \u00c9tats-Unis, Han\u00e8ne Tajouri Bessassi, et l\u2019ambassadeur d\u2019Alg\u00e9rie \u00e0 l\u2019Onu, Amar Bendjama, ont visit\u00e9 le pavillon et ont rencontr\u00e9 des exposants tunisiens et alg\u00e9riens, affirmant leur engagement \u00e0 promouvoir un partenariat plus \u00e9troit avec Prosper Africa et l\u2019USAID. Ils visent \u00e0 renforcer la participation d\u2019un plus grand nombre d\u2019entreprises tunisiennes et alg\u00e9riennes aux prochaines \u00e9ditions du salon.<\/p>\n\n\n\n<h2 class=\"wp-block-heading\">Plus de 130 exposants pr\u00eats \u00e0 exporter<\/h2>\n\n\n\n<p>La pr\u00e9sence d\u2019un pavillon africain peut r\u00e9pondre aux besoins de la cha\u00eene d&rsquo;approvisionnement et attirer de grands acheteurs. <em>\u00abL\u2019ann\u00e9e 2024 marque un tournant dans les relations commerciales entre les \u00c9tats-Unis et l\u2019Afrique. Les acheteurs am\u00e9ricains peuvent maintenant consid\u00e9rer le continent africain comme un fournisseur s\u00e9rieux et cr\u00e9dible qui r\u00e9pond \u00e0 la demande de la cha\u00eene d\u2019approvisionnement avec un pavillon africain qui compte plus de 130 exposants pr\u00eats \u00e0 exporter\u00bb<\/em>, explique le Dr Golden Mahove, directeur technique de l\u2019activit\u00e9 <em>\u00abCommerce et investissement en Afrique\u00bb<\/em> de l\u2019USAID.<em> \u00abNous sommes impatients de voir les exposants du Pavillon de l\u2019Afrique conclure des accords \u00e0 hauteur de 100 millions de dollars, au cours des 12 prochains mois\u00bb<\/em>, a ajout\u00e9 M. Mahove.<\/p>\n\n\n<div class=\"wp-block-image\">\n<figure class=\"aligncenter size-large\"><img loading=\"lazy\" decoding=\"async\" width=\"1024\" height=\"538\" src=\"https:\/\/kapitalis.com\/tunisie\/wp-content\/uploads\/2024\/07\/Aftica-Fine-Foods-New-York-Delegation-tunisienne-1024x538.jpg\" alt=\"\" class=\"wp-image-13571500\" srcset=\"https:\/\/kapitalis.com\/tunisie\/wp-content\/uploads\/2024\/07\/Aftica-Fine-Foods-New-York-Delegation-tunisienne-1024x538.jpg 1024w, https:\/\/kapitalis.com\/tunisie\/wp-content\/uploads\/2024\/07\/Aftica-Fine-Foods-New-York-Delegation-tunisienne-300x158.jpg 300w, https:\/\/kapitalis.com\/tunisie\/wp-content\/uploads\/2024\/07\/Aftica-Fine-Foods-New-York-Delegation-tunisienne-768x403.jpg 768w, https:\/\/kapitalis.com\/tunisie\/wp-content\/uploads\/2024\/07\/Aftica-Fine-Foods-New-York-Delegation-tunisienne-580x305.jpg 580w, https:\/\/kapitalis.com\/tunisie\/wp-content\/uploads\/2024\/07\/Aftica-Fine-Foods-New-York-Delegation-tunisienne-860x452.jpg 860w, https:\/\/kapitalis.com\/tunisie\/wp-content\/uploads\/2024\/07\/Aftica-Fine-Foods-New-York-Delegation-tunisienne-1160x609.jpg 1160w, https:\/\/kapitalis.com\/tunisie\/wp-content\/uploads\/2024\/07\/Aftica-Fine-Foods-New-York-Delegation-tunisienne.jpg 1200w\" sizes=\"auto, (max-width: 1024px) 100vw, 1024px\" \/><\/figure>\n<\/div>\n\n\n<p>Les entreprises d\u2019Afrique du Nord ont aussi \u00e9t\u00e9 promues par le groupe de r\u00e9flexion <em>\u00abMediterranean Diet Roundtable\u00bb<\/em>, qui a invit\u00e9 des entreprises am\u00e9ricaines de la restauration collective et de la distribution de produits gourmets, d\u00e9sireuses d\u2019\u00e9largir leur offre avec les saveurs uniques du Sud de la M\u00e9diterran\u00e9e.<\/p>\n\n\n\n<p>Parmi les exposants nord-africains de cette ann\u00e9e, soutenus par Prosper Africa et le Bureau r\u00e9gional de l\u2019USAID pour le Moyen-Orient, se trouvaient des entreprises ayant des missions sociales et environnementales \u00e9largies, notamment la promotion d\u2019entreprises dirig\u00e9es par des femmes, la fourniture de produits certifi\u00e9s biologiques et l\u2019approvisionnement aupr\u00e8s de petits exploitants agricoles. <\/p>\n\n\n\n<p><strong><em>Communiqu\u00e9.<\/em><\/strong><\/p>\n","protected":false},"excerpt":{"rendered":"<p>Des entreprises agroalimentaires tunisiennes au Summer Fancy Food Show \u00e0 New York.<\/p>\n","protected":false},"author":8,"featured_media":13571464,"comment_status":"closed","ping_status":"open","sticky":false,"template":"","format":"standard","meta":{"footnotes":""},"categories":[995,2433],"tags":[41,64,116955,116957,116956,19562,82410,577,71945,62643,1990],"class_list":["post-13571438","post","type-post","status-publish","format-standard","has-post-thumbnail","hentry","category-economie","category-tunisie","tag-afrique","tag-algerie","tag-amar-bendjama","tag-british-a-robinson","tag-dr-golden-mahove","tag-fancy-food-show","tag-hanene-tajouri-bessassi","tag-maroc","tag-prosper-africa","tag-tunisie","tag-usaid"],"yoast_head":"<!-- This site is optimized with the Yoast SEO plugin v26.6 - https:\/\/yoast.com\/wordpress\/plugins\/seo\/ -->\n<title>Des saveurs tunisiennes au pavillon Afrique du Summer Fancy Food Show \u00e0 New York - Kapitalis<\/title>\n<meta name=\"robots\" content=\"index, follow, max-snippet:-1, max-image-preview:large, max-video-preview:-1\" \/>\n<link rel=\"canonical\" href=\"https:\/\/kapitalis.com\/tunisie\/2024\/07\/15\/des-saveurs-tunisiennes-au-pavillon-afrique-du-summer-fancy-food-show-a-new-york\/\" \/>\n<meta property=\"og:locale\" content=\"fr_FR\" \/>\n<meta property=\"og:type\" content=\"article\" \/>\n<meta property=\"og:title\" content=\"Des saveurs tunisiennes au pavillon Afrique du Summer Fancy Food Show \u00e0 New York - Kapitalis\" \/>\n<meta property=\"og:description\" content=\"Des entreprises agroalimentaires tunisiennes au Summer Fancy Food Show \u00e0 New York.\" \/>\n<meta property=\"og:url\" content=\"https:\/\/kapitalis.com\/tunisie\/2024\/07\/15\/des-saveurs-tunisiennes-au-pavillon-afrique-du-summer-fancy-food-show-a-new-york\/\" \/>\n<meta property=\"og:site_name\" content=\"Kapitalis\" \/>\n<meta property=\"article:publisher\" content=\"https:\/\/www.facebook.com\/KapitalisInfo\/\" \/>\n<meta property=\"article:published_time\" content=\"2024-07-15T06:31:57+00:00\" \/>\n<meta property=\"article:modified_time\" content=\"2024-07-15T06:40:56+00:00\" \/>\n<meta property=\"og:image\" content=\"https:\/\/kapitalis.com\/tunisie\/wp-content\/uploads\/2024\/07\/Africa-Fine-Foods-Pavillion.jpg\" \/>\n\t<meta property=\"og:image:width\" content=\"1200\" \/>\n\t<meta property=\"og:image:height\" content=\"630\" \/>\n\t<meta property=\"og:image:type\" content=\"image\/jpeg\" \/>\n<meta name=\"author\" content=\"webmaster kapitalis\" \/>\n<meta name=\"twitter:card\" content=\"summary_large_image\" \/>\n<meta name=\"twitter:creator\" content=\"@KapitalisInfo\" \/>\n<meta name=\"twitter:site\" content=\"@KapitalisInfo\" \/>\n<meta name=\"twitter:label1\" content=\"\u00c9crit par\" \/>\n\t<meta name=\"twitter:data1\" content=\"webmaster kapitalis\" \/>\n\t<meta name=\"twitter:label2\" content=\"Dur\u00e9e de lecture estim\u00e9e\" \/>\n\t<meta name=\"twitter:data2\" content=\"5 minutes\" \/>\n<script type=\"application\/ld+json\" class=\"yoast-schema-graph\">{\"@context\":\"https:\/\/schema.org\",\"@graph\":[{\"@type\":\"Article\",\"@id\":\"https:\/\/kapitalis.com\/tunisie\/2024\/07\/15\/des-saveurs-tunisiennes-au-pavillon-afrique-du-summer-fancy-food-show-a-new-york\/#article\",\"isPartOf\":{\"@id\":\"https:\/\/kapitalis.com\/tunisie\/2024\/07\/15\/des-saveurs-tunisiennes-au-pavillon-afrique-du-summer-fancy-food-show-a-new-york\/\"},\"author\":{\"name\":\"webmaster kapitalis\",\"@id\":\"https:\/\/kapitalis.com\/tunisie\/#\/schema\/person\/d71f33a9ca44f7bad4698210b480c8e9\"},\"headline\":\"Des saveurs tunisiennes au pavillon Afrique du Summer Fancy Food Show \u00e0 New York\",\"datePublished\":\"2024-07-15T06:31:57+00:00\",\"dateModified\":\"2024-07-15T06:40:56+00:00\",\"mainEntityOfPage\":{\"@id\":\"https:\/\/kapitalis.com\/tunisie\/2024\/07\/15\/des-saveurs-tunisiennes-au-pavillon-afrique-du-summer-fancy-food-show-a-new-york\/\"},\"wordCount\":873,\"publisher\":{\"@id\":\"https:\/\/kapitalis.com\/tunisie\/#organization\"},\"image\":{\"@id\":\"https:\/\/kapitalis.com\/tunisie\/2024\/07\/15\/des-saveurs-tunisiennes-au-pavillon-afrique-du-summer-fancy-food-show-a-new-york\/#primaryimage\"},\"thumbnailUrl\":\"https:\/\/kapitalis.com\/tunisie\/wp-content\/uploads\/2024\/07\/Africa-Fine-Foods-Pavillion.jpg\",\"keywords\":[\"Afrique\",\"Alg\u00e9rie\",\"Amar Bendjama\",\"British A. Robinson\",\"Dr Golden Mahove\",\"Fancy Food Show\",\"Han\u00e8ne Tajouri Bessassi\",\"Maroc\",\"Prosper Africa\",\"Tunisie\",\"USAID\"],\"articleSection\":[\"ECONOMIE\",\"Tunisie\"],\"inLanguage\":\"fr-FR\"},{\"@type\":\"WebPage\",\"@id\":\"https:\/\/kapitalis.com\/tunisie\/2024\/07\/15\/des-saveurs-tunisiennes-au-pavillon-afrique-du-summer-fancy-food-show-a-new-york\/\",\"url\":\"https:\/\/kapitalis.com\/tunisie\/2024\/07\/15\/des-saveurs-tunisiennes-au-pavillon-afrique-du-summer-fancy-food-show-a-new-york\/\",\"name\":\"Des saveurs tunisiennes au pavillon Afrique du Summer Fancy Food Show \u00e0 New York - Kapitalis\",\"isPartOf\":{\"@id\":\"https:\/\/kapitalis.com\/tunisie\/#website\"},\"primaryImageOfPage\":{\"@id\":\"https:\/\/kapitalis.com\/tunisie\/2024\/07\/15\/des-saveurs-tunisiennes-au-pavillon-afrique-du-summer-fancy-food-show-a-new-york\/#primaryimage\"},\"image\":{\"@id\":\"https:\/\/kapitalis.com\/tunisie\/2024\/07\/15\/des-saveurs-tunisiennes-au-pavillon-afrique-du-summer-fancy-food-show-a-new-york\/#primaryimage\"},\"thumbnailUrl\":\"https:\/\/kapitalis.com\/tunisie\/wp-content\/uploads\/2024\/07\/Africa-Fine-Foods-Pavillion.jpg\",\"datePublished\":\"2024-07-15T06:31:57+00:00\",\"dateModified\":\"2024-07-15T06:40:56+00:00\",\"breadcrumb\":{\"@id\":\"https:\/\/kapitalis.com\/tunisie\/2024\/07\/15\/des-saveurs-tunisiennes-au-pavillon-afrique-du-summer-fancy-food-show-a-new-york\/#breadcrumb\"},\"inLanguage\":\"fr-FR\",\"potentialAction\":[{\"@type\":\"ReadAction\",\"target\":[\"https:\/\/kapitalis.com\/tunisie\/2024\/07\/15\/des-saveurs-tunisiennes-au-pavillon-afrique-du-summer-fancy-food-show-a-new-york\/\"]}]},{\"@type\":\"ImageObject\",\"inLanguage\":\"fr-FR\",\"@id\":\"https:\/\/kapitalis.com\/tunisie\/2024\/07\/15\/des-saveurs-tunisiennes-au-pavillon-afrique-du-summer-fancy-food-show-a-new-york\/#primaryimage\",\"url\":\"https:\/\/kapitalis.com\/tunisie\/wp-content\/uploads\/2024\/07\/Africa-Fine-Foods-Pavillion.jpg\",\"contentUrl\":\"https:\/\/kapitalis.com\/tunisie\/wp-content\/uploads\/2024\/07\/Africa-Fine-Foods-Pavillion.jpg\",\"width\":1200,\"height\":630},{\"@type\":\"BreadcrumbList\",\"@id\":\"https:\/\/kapitalis.com\/tunisie\/2024\/07\/15\/des-saveurs-tunisiennes-au-pavillon-afrique-du-summer-fancy-food-show-a-new-york\/#breadcrumb\",\"itemListElement\":[{\"@type\":\"ListItem\",\"position\":1,\"name\":\"Accueil\",\"item\":\"https:\/\/kapitalis.com\/tunisie\/\"},{\"@type\":\"ListItem\",\"position\":2,\"name\":\"Des saveurs tunisiennes au pavillon Afrique du Summer Fancy Food Show \u00e0 New York\"}]},{\"@type\":\"WebSite\",\"@id\":\"https:\/\/kapitalis.com\/tunisie\/#website\",\"url\":\"https:\/\/kapitalis.com\/tunisie\/\",\"name\":\"Kapitalis\",\"description\":\"L&#039;actualit\u00e9 en Tunisie et dans le monde\",\"publisher\":{\"@id\":\"https:\/\/kapitalis.com\/tunisie\/#organization\"},\"potentialAction\":[{\"@type\":\"SearchAction\",\"target\":{\"@type\":\"EntryPoint\",\"urlTemplate\":\"https:\/\/kapitalis.com\/tunisie\/?s={search_term_string}\"},\"query-input\":{\"@type\":\"PropertyValueSpecification\",\"valueRequired\":true,\"valueName\":\"search_term_string\"}}],\"inLanguage\":\"fr-FR\"},{\"@type\":\"Organization\",\"@id\":\"https:\/\/kapitalis.com\/tunisie\/#organization\",\"name\":\"Kapitalis\",\"url\":\"https:\/\/kapitalis.com\/tunisie\/\",\"logo\":{\"@type\":\"ImageObject\",\"inLanguage\":\"fr-FR\",\"@id\":\"https:\/\/kapitalis.com\/tunisie\/#\/schema\/logo\/image\/\",\"url\":\"https:\/\/kapitalis.com\/tunisie\/wp-content\/uploads\/2022\/05\/Kapitalis-big-size.png\",\"contentUrl\":\"https:\/\/kapitalis.com\/tunisie\/wp-content\/uploads\/2022\/05\/Kapitalis-big-size.png\",\"width\":5000,\"height\":1500,\"caption\":\"Kapitalis\"},\"image\":{\"@id\":\"https:\/\/kapitalis.com\/tunisie\/#\/schema\/logo\/image\/\"},\"sameAs\":[\"https:\/\/www.facebook.com\/KapitalisInfo\/\",\"https:\/\/x.com\/KapitalisInfo\",\"https:\/\/www.youtube.com\/channel\/UC-yDYrHyfFBWWZaOw3FPg9Q\"]},{\"@type\":\"Person\",\"@id\":\"https:\/\/kapitalis.com\/tunisie\/#\/schema\/person\/d71f33a9ca44f7bad4698210b480c8e9\",\"name\":\"webmaster kapitalis\",\"url\":\"https:\/\/kapitalis.com\/tunisie\/author\/webmaster-kapitalis\/\"}]}<\/script>\n<!-- \/ Yoast SEO plugin. -->","yoast_head_json":{"title":"Des saveurs tunisiennes au pavillon Afrique du Summer Fancy Food Show \u00e0 New York - Kapitalis","robots":{"index":"index","follow":"follow","max-snippet":"max-snippet:-1","max-image-preview":"max-image-preview:large","max-video-preview":"max-video-preview:-1"},"canonical":"https:\/\/kapitalis.com\/tunisie\/2024\/07\/15\/des-saveurs-tunisiennes-au-pavillon-afrique-du-summer-fancy-food-show-a-new-york\/","og_locale":"fr_FR","og_type":"article","og_title":"Des saveurs tunisiennes au pavillon Afrique du Summer Fancy Food Show \u00e0 New York - Kapitalis","og_description":"Des entreprises agroalimentaires tunisiennes au Summer Fancy Food Show \u00e0 New York.","og_url":"https:\/\/kapitalis.com\/tunisie\/2024\/07\/15\/des-saveurs-tunisiennes-au-pavillon-afrique-du-summer-fancy-food-show-a-new-york\/","og_site_name":"Kapitalis","article_publisher":"https:\/\/www.facebook.com\/KapitalisInfo\/","article_published_time":"2024-07-15T06:31:57+00:00","article_modified_time":"2024-07-15T06:40:56+00:00","og_image":[{"width":1200,"height":630,"url":"https:\/\/kapitalis.com\/tunisie\/wp-content\/uploads\/2024\/07\/Africa-Fine-Foods-Pavillion.jpg","type":"image\/jpeg"}],"author":"webmaster kapitalis","twitter_card":"summary_large_image","twitter_creator":"@KapitalisInfo","twitter_site":"@KapitalisInfo","twitter_misc":{"\u00c9crit par":"webmaster kapitalis","Dur\u00e9e de lecture estim\u00e9e":"5 minutes"},"schema":{"@context":"https:\/\/schema.org","@graph":[{"@type":"Article","@id":"https:\/\/kapitalis.com\/tunisie\/2024\/07\/15\/des-saveurs-tunisiennes-au-pavillon-afrique-du-summer-fancy-food-show-a-new-york\/#article","isPartOf":{"@id":"https:\/\/kapitalis.com\/tunisie\/2024\/07\/15\/des-saveurs-tunisiennes-au-pavillon-afrique-du-summer-fancy-food-show-a-new-york\/"},"author":{"name":"webmaster kapitalis","@id":"https:\/\/kapitalis.com\/tunisie\/#\/schema\/person\/d71f33a9ca44f7bad4698210b480c8e9"},"headline":"Des saveurs tunisiennes au pavillon Afrique du Summer Fancy Food Show \u00e0 New York","datePublished":"2024-07-15T06:31:57+00:00","dateModified":"2024-07-15T06:40:56+00:00","mainEntityOfPage":{"@id":"https:\/\/kapitalis.com\/tunisie\/2024\/07\/15\/des-saveurs-tunisiennes-au-pavillon-afrique-du-summer-fancy-food-show-a-new-york\/"},"wordCount":873,"publisher":{"@id":"https:\/\/kapitalis.com\/tunisie\/#organization"},"image":{"@id":"https:\/\/kapitalis.com\/tunisie\/2024\/07\/15\/des-saveurs-tunisiennes-au-pavillon-afrique-du-summer-fancy-food-show-a-new-york\/#primaryimage"},"thumbnailUrl":"https:\/\/kapitalis.com\/tunisie\/wp-content\/uploads\/2024\/07\/Africa-Fine-Foods-Pavillion.jpg","keywords":["Afrique","Alg\u00e9rie","Amar Bendjama","British A. Robinson","Dr Golden Mahove","Fancy Food Show","Han\u00e8ne Tajouri Bessassi","Maroc","Prosper Africa","Tunisie","USAID"],"articleSection":["ECONOMIE","Tunisie"],"inLanguage":"fr-FR"},{"@type":"WebPage","@id":"https:\/\/kapitalis.com\/tunisie\/2024\/07\/15\/des-saveurs-tunisiennes-au-pavillon-afrique-du-summer-fancy-food-show-a-new-york\/","url":"https:\/\/kapitalis.com\/tunisie\/2024\/07\/15\/des-saveurs-tunisiennes-au-pavillon-afrique-du-summer-fancy-food-show-a-new-york\/","name":"Des saveurs tunisiennes au pavillon Afrique du Summer Fancy Food Show \u00e0 New York - Kapitalis","isPartOf":{"@id":"https:\/\/kapitalis.com\/tunisie\/#website"},"primaryImageOfPage":{"@id":"https:\/\/kapitalis.com\/tunisie\/2024\/07\/15\/des-saveurs-tunisiennes-au-pavillon-afrique-du-summer-fancy-food-show-a-new-york\/#primaryimage"},"image":{"@id":"https:\/\/kapitalis.com\/tunisie\/2024\/07\/15\/des-saveurs-tunisiennes-au-pavillon-afrique-du-summer-fancy-food-show-a-new-york\/#primaryimage"},"thumbnailUrl":"https:\/\/kapitalis.com\/tunisie\/wp-content\/uploads\/2024\/07\/Africa-Fine-Foods-Pavillion.jpg","datePublished":"2024-07-15T06:31:57+00:00","dateModified":"2024-07-15T06:40:56+00:00","breadcrumb":{"@id":"https:\/\/kapitalis.com\/tunisie\/2024\/07\/15\/des-saveurs-tunisiennes-au-pavillon-afrique-du-summer-fancy-food-show-a-new-york\/#breadcrumb"},"inLanguage":"fr-FR","potentialAction":[{"@type":"ReadAction","target":["https:\/\/kapitalis.com\/tunisie\/2024\/07\/15\/des-saveurs-tunisiennes-au-pavillon-afrique-du-summer-fancy-food-show-a-new-york\/"]}]},{"@type":"ImageObject","inLanguage":"fr-FR","@id":"https:\/\/kapitalis.com\/tunisie\/2024\/07\/15\/des-saveurs-tunisiennes-au-pavillon-afrique-du-summer-fancy-food-show-a-new-york\/#primaryimage","url":"https:\/\/kapitalis.com\/tunisie\/wp-content\/uploads\/2024\/07\/Africa-Fine-Foods-Pavillion.jpg","contentUrl":"https:\/\/kapitalis.com\/tunisie\/wp-content\/uploads\/2024\/07\/Africa-Fine-Foods-Pavillion.jpg","width":1200,"height":630},{"@type":"BreadcrumbList","@id":"https:\/\/kapitalis.com\/tunisie\/2024\/07\/15\/des-saveurs-tunisiennes-au-pavillon-afrique-du-summer-fancy-food-show-a-new-york\/#breadcrumb","itemListElement":[{"@type":"ListItem","position":1,"name":"Accueil","item":"https:\/\/kapitalis.com\/tunisie\/"},{"@type":"ListItem","position":2,"name":"Des saveurs tunisiennes au pavillon Afrique du Summer Fancy Food Show \u00e0 New York"}]},{"@type":"WebSite","@id":"https:\/\/kapitalis.com\/tunisie\/#website","url":"https:\/\/kapitalis.com\/tunisie\/","name":"Kapitalis","description":"L&#039;actualit\u00e9 en Tunisie et dans le monde","publisher":{"@id":"https:\/\/kapitalis.com\/tunisie\/#organization"},"potentialAction":[{"@type":"SearchAction","target":{"@type":"EntryPoint","urlTemplate":"https:\/\/kapitalis.com\/tunisie\/?s={search_term_string}"},"query-input":{"@type":"PropertyValueSpecification","valueRequired":true,"valueName":"search_term_string"}}],"inLanguage":"fr-FR"},{"@type":"Organization","@id":"https:\/\/kapitalis.com\/tunisie\/#organization","name":"Kapitalis","url":"https:\/\/kapitalis.com\/tunisie\/","logo":{"@type":"ImageObject","inLanguage":"fr-FR","@id":"https:\/\/kapitalis.com\/tunisie\/#\/schema\/logo\/image\/","url":"https:\/\/kapitalis.com\/tunisie\/wp-content\/uploads\/2022\/05\/Kapitalis-big-size.png","contentUrl":"https:\/\/kapitalis.com\/tunisie\/wp-content\/uploads\/2022\/05\/Kapitalis-big-size.png","width":5000,"height":1500,"caption":"Kapitalis"},"image":{"@id":"https:\/\/kapitalis.com\/tunisie\/#\/schema\/logo\/image\/"},"sameAs":["https:\/\/www.facebook.com\/KapitalisInfo\/","https:\/\/x.com\/KapitalisInfo","https:\/\/www.youtube.com\/channel\/UC-yDYrHyfFBWWZaOw3FPg9Q"]},{"@type":"Person","@id":"https:\/\/kapitalis.com\/tunisie\/#\/schema\/person\/d71f33a9ca44f7bad4698210b480c8e9","name":"webmaster kapitalis","url":"https:\/\/kapitalis.com\/tunisie\/author\/webmaster-kapitalis\/"}]}},"_links":{"self":[{"href":"https:\/\/kapitalis.com\/tunisie\/wp-json\/wp\/v2\/posts\/13571438","targetHints":{"allow":["GET"]}}],"collection":[{"href":"https:\/\/kapitalis.com\/tunisie\/wp-json\/wp\/v2\/posts"}],"about":[{"href":"https:\/\/kapitalis.com\/tunisie\/wp-json\/wp\/v2\/types\/post"}],"author":[{"embeddable":true,"href":"https:\/\/kapitalis.com\/tunisie\/wp-json\/wp\/v2\/users\/8"}],"replies":[{"embeddable":true,"href":"https:\/\/kapitalis.com\/tunisie\/wp-json\/wp\/v2\/comments?post=13571438"}],"version-history":[{"count":3,"href":"https:\/\/kapitalis.com\/tunisie\/wp-json\/wp\/v2\/posts\/13571438\/revisions"}],"predecessor-version":[{"id":13571501,"href":"https:\/\/kapitalis.com\/tunisie\/wp-json\/wp\/v2\/posts\/13571438\/revisions\/13571501"}],"wp:featuredmedia":[{"embeddable":true,"href":"https:\/\/kapitalis.com\/tunisie\/wp-json\/wp\/v2\/media\/13571464"}],"wp:attachment":[{"href":"https:\/\/kapitalis.com\/tunisie\/wp-json\/wp\/v2\/media?parent=13571438"}],"wp:term":[{"taxonomy":"category","embeddable":true,"href":"https:\/\/kapitalis.com\/tunisie\/wp-json\/wp\/v2\/categories?post=13571438"},{"taxonomy":"post_tag","embeddable":true,"href":"https:\/\/kapitalis.com\/tunisie\/wp-json\/wp\/v2\/tags?post=13571438"}],"curies":[{"name":"wp","href":"https:\/\/api.w.org\/{rel}","templated":true}]}}