{"id":13572415,"date":"2024-07-15T12:03:05","date_gmt":"2024-07-15T11:03:05","guid":{"rendered":"https:\/\/kapitalis.com\/tunisie\/?p=13572415"},"modified":"2024-07-15T12:03:07","modified_gmt":"2024-07-15T11:03:07","slug":"seconde-tournee-estivale-de-ooredoo-music-fest-by-oppo","status":"publish","type":"post","link":"https:\/\/kapitalis.com\/tunisie\/2024\/07\/15\/seconde-tournee-estivale-de-ooredoo-music-fest-by-oppo\/","title":{"rendered":"Seconde tourn\u00e9e estivale de \u201cOoredoo Music Fest by Oppo\u201d"},"content":{"rendered":"\n<p><strong><em>Apr\u00e8s le succ\u00e8s retentissant de la premi\u00e8re \u00e9dition tenue l\u2019ann\u00e9e derni\u00e8re,<\/em><\/strong> <strong><em>Ooredoo annonce le lancement de la 2e \u00e9dition de sa tourn\u00e9e musicale \u00abOoredoo Music Fest by Oppo\u00bb, ouverte samedi 13 juillet 2024, \u00e0 la plage Corniche Hiboun, \u00e0 Mahdia.<\/em><\/strong><\/p>\n\n\n\n<!--more-->\n\n\n\n<p>Avec une r\u00e9putation bien \u00e9tablie pour apporter le bonheur et l&rsquo;enthousiasme \u00e0 ses clients, le leader du march\u00e9 des t\u00e9l\u00e9communications en Tunisie et partenaire de la joie de tous les Tunisiens chaque \u00e9t\u00e9 depuis plus de 20 ans, s\u2019engage une nouvelle fois \u00e0 rendre cet \u00e9t\u00e9 encore plus m\u00e9morable. Pr\u00e9parez-vous pour une saison estivale inoubliable pleine de surprises, de divertissements et de nombreux cadeaux!<\/p>\n\n\n\n<h2 class=\"wp-block-heading\">A la rencontre des clients dans 6 r\u00e9gions<\/h2>\n\n\n\n<ul class=\"wp-block-list\"><\/ul>\n\n\n\n<p>Cette ann\u00e9e, Ooredoo parcourra six magnifiques r\u00e9gions pour apporter la musique, le divertissement et des moments de bonheur \u00e0 tous ses clients. En parcourant les plages ensoleill\u00e9es et les places anim\u00e9es, l\u2019objectif est de se rapprocher les gens et de c\u00e9l\u00e9brer l\u2019\u00e9t\u00e9 ensemble. Car l\u2019\u00e9t\u00e9 se c\u00e9l\u00e8bre ensemble ! Venez partager des moments inoubliables de festivit\u00e9s, de rires et de musique dans une ambiance chaleureuse et conviviale avec des cadeaux et des surprises \u00e0 la cl\u00e9.<\/p>\n\n\n\n<h2 class=\"wp-block-heading\">Dates et lieux de la tourn\u00e9e :<\/h2>\n\n\n\n<p><strong>Mahdia<\/strong>&nbsp;: samedi 13 juillet, Plage corniche Hiboun.<\/p>\n\n\n\n<p><strong>Monastir&nbsp;: <\/strong>samedi 20 juillet, Place des Arts Habib Bourguiba.<\/p>\n\n\n\n<p><strong>Tabarka&nbsp;: <\/strong>samedi 27 juillet, Place du Statue Marjen.<\/p>\n\n\n\n<p><strong>Bizerte&nbsp;: <\/strong>samedi 3 ao\u00fbt, Plage Sidi Salem.<\/p>\n\n\n\n<p><strong>Nabeul&nbsp;: <\/strong>samedi 10 ao\u00fbt, Av. Habib Bourguiba &#8211; Hotel Kheops.<\/p>\n\n\n\n<p><strong>Djerba <\/strong>: samedi 17 ao\u00fbt, Place Farhat Hached.<\/p>\n\n\n\n<p>Ne manquez pas ces rendez-vous exceptionnels o\u00f9 musique et festivit\u00e9s seront au rendez-vous. Venez nombreux pour partager des moments inoubliables avec Ooredoo.<\/p>\n\n\n\n<p><strong><em>Communiqu\u00e9.<\/em><\/strong><\/p>\n","protected":false},"excerpt":{"rendered":"<p>La 2e \u00e9dition de sa tourn\u00e9e musicale \u00abOoredoo Music Fest by Oppo\u00bb se tient di 13 juillet au 17 ao\u00fbt 2024. <\/p>\n","protected":false},"author":8,"featured_media":13572427,"comment_status":"closed","ping_status":"open","sticky":false,"template":"","format":"standard","meta":{"footnotes":""},"categories":[993,2433],"tags":[148,284,565,633,650,110089,53258,3699],"class_list":["post-13572415","post","type-post","status-publish","format-standard","has-post-thumbnail","hentry","category-conso","category-tunisie","tag-bizerte","tag-djerba","tag-mahdia","tag-monastir","tag-nabeul","tag-ooredoo-music-fest","tag-oppo","tag-tabarka"],"yoast_head":"<!-- This site is optimized with the Yoast SEO plugin v26.6 - https:\/\/yoast.com\/wordpress\/plugins\/seo\/ -->\n<title>Seconde tourn\u00e9e estivale de \u201cOoredoo Music Fest by Oppo\u201d - Kapitalis<\/title>\n<meta name=\"robots\" content=\"index, follow, max-snippet:-1, max-image-preview:large, max-video-preview:-1\" \/>\n<link rel=\"canonical\" href=\"https:\/\/kapitalis.com\/tunisie\/2024\/07\/15\/seconde-tournee-estivale-de-ooredoo-music-fest-by-oppo\/\" \/>\n<meta property=\"og:locale\" content=\"fr_FR\" \/>\n<meta property=\"og:type\" content=\"article\" \/>\n<meta property=\"og:title\" content=\"Seconde tourn\u00e9e estivale de \u201cOoredoo Music Fest by Oppo\u201d - Kapitalis\" \/>\n<meta property=\"og:description\" content=\"La 2e \u00e9dition de sa tourn\u00e9e musicale \u00abOoredoo Music Fest by Oppo\u00bb se tient di 13 juillet au 17 ao\u00fbt 2024.\" \/>\n<meta property=\"og:url\" content=\"https:\/\/kapitalis.com\/tunisie\/2024\/07\/15\/seconde-tournee-estivale-de-ooredoo-music-fest-by-oppo\/\" \/>\n<meta property=\"og:site_name\" content=\"Kapitalis\" \/>\n<meta property=\"article:publisher\" content=\"https:\/\/www.facebook.com\/KapitalisInfo\/\" \/>\n<meta property=\"article:published_time\" content=\"2024-07-15T11:03:05+00:00\" \/>\n<meta property=\"article:modified_time\" content=\"2024-07-15T11:03:07+00:00\" \/>\n<meta property=\"og:image\" content=\"https:\/\/kapitalis.com\/tunisie\/wp-content\/uploads\/2024\/07\/Ooredoo-Music.jpg\" \/>\n\t<meta property=\"og:image:width\" content=\"1200\" \/>\n\t<meta property=\"og:image:height\" content=\"630\" \/>\n\t<meta property=\"og:image:type\" content=\"image\/jpeg\" \/>\n<meta name=\"author\" content=\"webmaster kapitalis\" \/>\n<meta name=\"twitter:card\" content=\"summary_large_image\" \/>\n<meta name=\"twitter:creator\" content=\"@KapitalisInfo\" \/>\n<meta name=\"twitter:site\" content=\"@KapitalisInfo\" \/>\n<meta name=\"twitter:label1\" content=\"\u00c9crit par\" \/>\n\t<meta name=\"twitter:data1\" content=\"webmaster kapitalis\" \/>\n\t<meta name=\"twitter:label2\" content=\"Dur\u00e9e de lecture estim\u00e9e\" \/>\n\t<meta name=\"twitter:data2\" content=\"2 minutes\" \/>\n<script type=\"application\/ld+json\" class=\"yoast-schema-graph\">{\"@context\":\"https:\/\/schema.org\",\"@graph\":[{\"@type\":\"Article\",\"@id\":\"https:\/\/kapitalis.com\/tunisie\/2024\/07\/15\/seconde-tournee-estivale-de-ooredoo-music-fest-by-oppo\/#article\",\"isPartOf\":{\"@id\":\"https:\/\/kapitalis.com\/tunisie\/2024\/07\/15\/seconde-tournee-estivale-de-ooredoo-music-fest-by-oppo\/\"},\"author\":{\"name\":\"webmaster kapitalis\",\"@id\":\"https:\/\/kapitalis.com\/tunisie\/#\/schema\/person\/d71f33a9ca44f7bad4698210b480c8e9\"},\"headline\":\"Seconde tourn\u00e9e estivale de \u201cOoredoo Music Fest by Oppo\u201d\",\"datePublished\":\"2024-07-15T11:03:05+00:00\",\"dateModified\":\"2024-07-15T11:03:07+00:00\",\"mainEntityOfPage\":{\"@id\":\"https:\/\/kapitalis.com\/tunisie\/2024\/07\/15\/seconde-tournee-estivale-de-ooredoo-music-fest-by-oppo\/\"},\"wordCount\":294,\"publisher\":{\"@id\":\"https:\/\/kapitalis.com\/tunisie\/#organization\"},\"image\":{\"@id\":\"https:\/\/kapitalis.com\/tunisie\/2024\/07\/15\/seconde-tournee-estivale-de-ooredoo-music-fest-by-oppo\/#primaryimage\"},\"thumbnailUrl\":\"https:\/\/kapitalis.com\/tunisie\/wp-content\/uploads\/2024\/07\/Ooredoo-Music.jpg\",\"keywords\":[\"Bizerte\",\"Djerba\",\"Mahdia\",\"Monastir\",\"Nabeul\",\"Ooredoo Music Fest\",\"Oppo\",\"Tabarka\"],\"articleSection\":[\"CONSO\",\"Tunisie\"],\"inLanguage\":\"fr-FR\"},{\"@type\":\"WebPage\",\"@id\":\"https:\/\/kapitalis.com\/tunisie\/2024\/07\/15\/seconde-tournee-estivale-de-ooredoo-music-fest-by-oppo\/\",\"url\":\"https:\/\/kapitalis.com\/tunisie\/2024\/07\/15\/seconde-tournee-estivale-de-ooredoo-music-fest-by-oppo\/\",\"name\":\"Seconde tourn\u00e9e estivale de \u201cOoredoo Music Fest by Oppo\u201d - Kapitalis\",\"isPartOf\":{\"@id\":\"https:\/\/kapitalis.com\/tunisie\/#website\"},\"primaryImageOfPage\":{\"@id\":\"https:\/\/kapitalis.com\/tunisie\/2024\/07\/15\/seconde-tournee-estivale-de-ooredoo-music-fest-by-oppo\/#primaryimage\"},\"image\":{\"@id\":\"https:\/\/kapitalis.com\/tunisie\/2024\/07\/15\/seconde-tournee-estivale-de-ooredoo-music-fest-by-oppo\/#primaryimage\"},\"thumbnailUrl\":\"https:\/\/kapitalis.com\/tunisie\/wp-content\/uploads\/2024\/07\/Ooredoo-Music.jpg\",\"datePublished\":\"2024-07-15T11:03:05+00:00\",\"dateModified\":\"2024-07-15T11:03:07+00:00\",\"breadcrumb\":{\"@id\":\"https:\/\/kapitalis.com\/tunisie\/2024\/07\/15\/seconde-tournee-estivale-de-ooredoo-music-fest-by-oppo\/#breadcrumb\"},\"inLanguage\":\"fr-FR\",\"potentialAction\":[{\"@type\":\"ReadAction\",\"target\":[\"https:\/\/kapitalis.com\/tunisie\/2024\/07\/15\/seconde-tournee-estivale-de-ooredoo-music-fest-by-oppo\/\"]}]},{\"@type\":\"ImageObject\",\"inLanguage\":\"fr-FR\",\"@id\":\"https:\/\/kapitalis.com\/tunisie\/2024\/07\/15\/seconde-tournee-estivale-de-ooredoo-music-fest-by-oppo\/#primaryimage\",\"url\":\"https:\/\/kapitalis.com\/tunisie\/wp-content\/uploads\/2024\/07\/Ooredoo-Music.jpg\",\"contentUrl\":\"https:\/\/kapitalis.com\/tunisie\/wp-content\/uploads\/2024\/07\/Ooredoo-Music.jpg\",\"width\":1200,\"height\":630},{\"@type\":\"BreadcrumbList\",\"@id\":\"https:\/\/kapitalis.com\/tunisie\/2024\/07\/15\/seconde-tournee-estivale-de-ooredoo-music-fest-by-oppo\/#breadcrumb\",\"itemListElement\":[{\"@type\":\"ListItem\",\"position\":1,\"name\":\"Accueil\",\"item\":\"https:\/\/kapitalis.com\/tunisie\/\"},{\"@type\":\"ListItem\",\"position\":2,\"name\":\"Seconde tourn\u00e9e estivale de \u201cOoredoo Music Fest by Oppo\u201d\"}]},{\"@type\":\"WebSite\",\"@id\":\"https:\/\/kapitalis.com\/tunisie\/#website\",\"url\":\"https:\/\/kapitalis.com\/tunisie\/\",\"name\":\"Kapitalis\",\"description\":\"L&#039;actualit\u00e9 en Tunisie et dans le monde\",\"publisher\":{\"@id\":\"https:\/\/kapitalis.com\/tunisie\/#organization\"},\"potentialAction\":[{\"@type\":\"SearchAction\",\"target\":{\"@type\":\"EntryPoint\",\"urlTemplate\":\"https:\/\/kapitalis.com\/tunisie\/?s={search_term_string}\"},\"query-input\":{\"@type\":\"PropertyValueSpecification\",\"valueRequired\":true,\"valueName\":\"search_term_string\"}}],\"inLanguage\":\"fr-FR\"},{\"@type\":\"Organization\",\"@id\":\"https:\/\/kapitalis.com\/tunisie\/#organization\",\"name\":\"Kapitalis\",\"url\":\"https:\/\/kapitalis.com\/tunisie\/\",\"logo\":{\"@type\":\"ImageObject\",\"inLanguage\":\"fr-FR\",\"@id\":\"https:\/\/kapitalis.com\/tunisie\/#\/schema\/logo\/image\/\",\"url\":\"https:\/\/kapitalis.com\/tunisie\/wp-content\/uploads\/2022\/05\/Kapitalis-big-size.png\",\"contentUrl\":\"https:\/\/kapitalis.com\/tunisie\/wp-content\/uploads\/2022\/05\/Kapitalis-big-size.png\",\"width\":5000,\"height\":1500,\"caption\":\"Kapitalis\"},\"image\":{\"@id\":\"https:\/\/kapitalis.com\/tunisie\/#\/schema\/logo\/image\/\"},\"sameAs\":[\"https:\/\/www.facebook.com\/KapitalisInfo\/\",\"https:\/\/x.com\/KapitalisInfo\",\"https:\/\/www.youtube.com\/channel\/UC-yDYrHyfFBWWZaOw3FPg9Q\"]},{\"@type\":\"Person\",\"@id\":\"https:\/\/kapitalis.com\/tunisie\/#\/schema\/person\/d71f33a9ca44f7bad4698210b480c8e9\",\"name\":\"webmaster kapitalis\",\"url\":\"https:\/\/kapitalis.com\/tunisie\/author\/webmaster-kapitalis\/\"}]}<\/script>\n<!-- \/ Yoast SEO plugin. -->","yoast_head_json":{"title":"Seconde tourn\u00e9e estivale de \u201cOoredoo Music Fest by Oppo\u201d - Kapitalis","robots":{"index":"index","follow":"follow","max-snippet":"max-snippet:-1","max-image-preview":"max-image-preview:large","max-video-preview":"max-video-preview:-1"},"canonical":"https:\/\/kapitalis.com\/tunisie\/2024\/07\/15\/seconde-tournee-estivale-de-ooredoo-music-fest-by-oppo\/","og_locale":"fr_FR","og_type":"article","og_title":"Seconde tourn\u00e9e estivale de \u201cOoredoo Music Fest by Oppo\u201d - Kapitalis","og_description":"La 2e \u00e9dition de sa tourn\u00e9e musicale \u00abOoredoo Music Fest by Oppo\u00bb se tient di 13 juillet au 17 ao\u00fbt 2024.","og_url":"https:\/\/kapitalis.com\/tunisie\/2024\/07\/15\/seconde-tournee-estivale-de-ooredoo-music-fest-by-oppo\/","og_site_name":"Kapitalis","article_publisher":"https:\/\/www.facebook.com\/KapitalisInfo\/","article_published_time":"2024-07-15T11:03:05+00:00","article_modified_time":"2024-07-15T11:03:07+00:00","og_image":[{"width":1200,"height":630,"url":"https:\/\/kapitalis.com\/tunisie\/wp-content\/uploads\/2024\/07\/Ooredoo-Music.jpg","type":"image\/jpeg"}],"author":"webmaster kapitalis","twitter_card":"summary_large_image","twitter_creator":"@KapitalisInfo","twitter_site":"@KapitalisInfo","twitter_misc":{"\u00c9crit par":"webmaster kapitalis","Dur\u00e9e de lecture estim\u00e9e":"2 minutes"},"schema":{"@context":"https:\/\/schema.org","@graph":[{"@type":"Article","@id":"https:\/\/kapitalis.com\/tunisie\/2024\/07\/15\/seconde-tournee-estivale-de-ooredoo-music-fest-by-oppo\/#article","isPartOf":{"@id":"https:\/\/kapitalis.com\/tunisie\/2024\/07\/15\/seconde-tournee-estivale-de-ooredoo-music-fest-by-oppo\/"},"author":{"name":"webmaster kapitalis","@id":"https:\/\/kapitalis.com\/tunisie\/#\/schema\/person\/d71f33a9ca44f7bad4698210b480c8e9"},"headline":"Seconde tourn\u00e9e estivale de \u201cOoredoo Music Fest by Oppo\u201d","datePublished":"2024-07-15T11:03:05+00:00","dateModified":"2024-07-15T11:03:07+00:00","mainEntityOfPage":{"@id":"https:\/\/kapitalis.com\/tunisie\/2024\/07\/15\/seconde-tournee-estivale-de-ooredoo-music-fest-by-oppo\/"},"wordCount":294,"publisher":{"@id":"https:\/\/kapitalis.com\/tunisie\/#organization"},"image":{"@id":"https:\/\/kapitalis.com\/tunisie\/2024\/07\/15\/seconde-tournee-estivale-de-ooredoo-music-fest-by-oppo\/#primaryimage"},"thumbnailUrl":"https:\/\/kapitalis.com\/tunisie\/wp-content\/uploads\/2024\/07\/Ooredoo-Music.jpg","keywords":["Bizerte","Djerba","Mahdia","Monastir","Nabeul","Ooredoo Music Fest","Oppo","Tabarka"],"articleSection":["CONSO","Tunisie"],"inLanguage":"fr-FR"},{"@type":"WebPage","@id":"https:\/\/kapitalis.com\/tunisie\/2024\/07\/15\/seconde-tournee-estivale-de-ooredoo-music-fest-by-oppo\/","url":"https:\/\/kapitalis.com\/tunisie\/2024\/07\/15\/seconde-tournee-estivale-de-ooredoo-music-fest-by-oppo\/","name":"Seconde tourn\u00e9e estivale de \u201cOoredoo Music Fest by Oppo\u201d - Kapitalis","isPartOf":{"@id":"https:\/\/kapitalis.com\/tunisie\/#website"},"primaryImageOfPage":{"@id":"https:\/\/kapitalis.com\/tunisie\/2024\/07\/15\/seconde-tournee-estivale-de-ooredoo-music-fest-by-oppo\/#primaryimage"},"image":{"@id":"https:\/\/kapitalis.com\/tunisie\/2024\/07\/15\/seconde-tournee-estivale-de-ooredoo-music-fest-by-oppo\/#primaryimage"},"thumbnailUrl":"https:\/\/kapitalis.com\/tunisie\/wp-content\/uploads\/2024\/07\/Ooredoo-Music.jpg","datePublished":"2024-07-15T11:03:05+00:00","dateModified":"2024-07-15T11:03:07+00:00","breadcrumb":{"@id":"https:\/\/kapitalis.com\/tunisie\/2024\/07\/15\/seconde-tournee-estivale-de-ooredoo-music-fest-by-oppo\/#breadcrumb"},"inLanguage":"fr-FR","potentialAction":[{"@type":"ReadAction","target":["https:\/\/kapitalis.com\/tunisie\/2024\/07\/15\/seconde-tournee-estivale-de-ooredoo-music-fest-by-oppo\/"]}]},{"@type":"ImageObject","inLanguage":"fr-FR","@id":"https:\/\/kapitalis.com\/tunisie\/2024\/07\/15\/seconde-tournee-estivale-de-ooredoo-music-fest-by-oppo\/#primaryimage","url":"https:\/\/kapitalis.com\/tunisie\/wp-content\/uploads\/2024\/07\/Ooredoo-Music.jpg","contentUrl":"https:\/\/kapitalis.com\/tunisie\/wp-content\/uploads\/2024\/07\/Ooredoo-Music.jpg","width":1200,"height":630},{"@type":"BreadcrumbList","@id":"https:\/\/kapitalis.com\/tunisie\/2024\/07\/15\/seconde-tournee-estivale-de-ooredoo-music-fest-by-oppo\/#breadcrumb","itemListElement":[{"@type":"ListItem","position":1,"name":"Accueil","item":"https:\/\/kapitalis.com\/tunisie\/"},{"@type":"ListItem","position":2,"name":"Seconde tourn\u00e9e estivale de \u201cOoredoo Music Fest by Oppo\u201d"}]},{"@type":"WebSite","@id":"https:\/\/kapitalis.com\/tunisie\/#website","url":"https:\/\/kapitalis.com\/tunisie\/","name":"Kapitalis","description":"L&#039;actualit\u00e9 en Tunisie et dans le monde","publisher":{"@id":"https:\/\/kapitalis.com\/tunisie\/#organization"},"potentialAction":[{"@type":"SearchAction","target":{"@type":"EntryPoint","urlTemplate":"https:\/\/kapitalis.com\/tunisie\/?s={search_term_string}"},"query-input":{"@type":"PropertyValueSpecification","valueRequired":true,"valueName":"search_term_string"}}],"inLanguage":"fr-FR"},{"@type":"Organization","@id":"https:\/\/kapitalis.com\/tunisie\/#organization","name":"Kapitalis","url":"https:\/\/kapitalis.com\/tunisie\/","logo":{"@type":"ImageObject","inLanguage":"fr-FR","@id":"https:\/\/kapitalis.com\/tunisie\/#\/schema\/logo\/image\/","url":"https:\/\/kapitalis.com\/tunisie\/wp-content\/uploads\/2022\/05\/Kapitalis-big-size.png","contentUrl":"https:\/\/kapitalis.com\/tunisie\/wp-content\/uploads\/2022\/05\/Kapitalis-big-size.png","width":5000,"height":1500,"caption":"Kapitalis"},"image":{"@id":"https:\/\/kapitalis.com\/tunisie\/#\/schema\/logo\/image\/"},"sameAs":["https:\/\/www.facebook.com\/KapitalisInfo\/","https:\/\/x.com\/KapitalisInfo","https:\/\/www.youtube.com\/channel\/UC-yDYrHyfFBWWZaOw3FPg9Q"]},{"@type":"Person","@id":"https:\/\/kapitalis.com\/tunisie\/#\/schema\/person\/d71f33a9ca44f7bad4698210b480c8e9","name":"webmaster kapitalis","url":"https:\/\/kapitalis.com\/tunisie\/author\/webmaster-kapitalis\/"}]}},"_links":{"self":[{"href":"https:\/\/kapitalis.com\/tunisie\/wp-json\/wp\/v2\/posts\/13572415","targetHints":{"allow":["GET"]}}],"collection":[{"href":"https:\/\/kapitalis.com\/tunisie\/wp-json\/wp\/v2\/posts"}],"about":[{"href":"https:\/\/kapitalis.com\/tunisie\/wp-json\/wp\/v2\/types\/post"}],"author":[{"embeddable":true,"href":"https:\/\/kapitalis.com\/tunisie\/wp-json\/wp\/v2\/users\/8"}],"replies":[{"embeddable":true,"href":"https:\/\/kapitalis.com\/tunisie\/wp-json\/wp\/v2\/comments?post=13572415"}],"version-history":[{"count":1,"href":"https:\/\/kapitalis.com\/tunisie\/wp-json\/wp\/v2\/posts\/13572415\/revisions"}],"predecessor-version":[{"id":13572444,"href":"https:\/\/kapitalis.com\/tunisie\/wp-json\/wp\/v2\/posts\/13572415\/revisions\/13572444"}],"wp:featuredmedia":[{"embeddable":true,"href":"https:\/\/kapitalis.com\/tunisie\/wp-json\/wp\/v2\/media\/13572427"}],"wp:attachment":[{"href":"https:\/\/kapitalis.com\/tunisie\/wp-json\/wp\/v2\/media?parent=13572415"}],"wp:term":[{"taxonomy":"category","embeddable":true,"href":"https:\/\/kapitalis.com\/tunisie\/wp-json\/wp\/v2\/categories?post=13572415"},{"taxonomy":"post_tag","embeddable":true,"href":"https:\/\/kapitalis.com\/tunisie\/wp-json\/wp\/v2\/tags?post=13572415"}],"curies":[{"name":"wp","href":"https:\/\/api.w.org\/{rel}","templated":true}]}}