{"id":13573380,"date":"2024-07-15T16:33:19","date_gmt":"2024-07-15T15:33:19","guid":{"rendered":"https:\/\/kapitalis.com\/tunisie\/?p=13573380"},"modified":"2024-07-15T16:48:18","modified_gmt":"2024-07-15T15:48:18","slug":"saida-akremi-noureddine-bhiri-en-reanimation-a-lhopital-de-la-rabta","status":"publish","type":"post","link":"https:\/\/kapitalis.com\/tunisie\/2024\/07\/15\/saida-akremi-noureddine-bhiri-en-reanimation-a-lhopital-de-la-rabta\/","title":{"rendered":"Sa\u00efda Akremi : Noureddine Bhiri en r\u00e9animation \u00e0 l\u2019h\u00f4pital de la Rabta"},"content":{"rendered":"\n<p><strong><em>L\u2019ancien ministre et dirigeant du parti islamiste Ennahdha, Noureddine Bhiri, a \u00e9t\u00e9 admis, ce lundi 15 juillet 2024, en r\u00e9animation \u00e0 l\u2019h\u00f4pital de la Rabta de Tunis.<\/em><\/strong><\/p>\n\n\n\n<!--more-->\n\n\n\n<p>C&rsquo;est ce qu&rsquo;a fait savoir son \u00e9pouse l\u2019avocate Sa\u00efda Akremi via un post publi\u00e9 sur sa page Facebook, sachant que l&rsquo;\u00e9tat de sant\u00e9 de Noureddine Bhiri s&rsquo;est d\u00e9t\u00e9rior\u00e9 suite \u00e0 la gr\u00e8ve de la faim qu&rsquo;il observe en prison depuis le 28 juin dernier.<\/p>\n\n\n\n<p>Noureddine Bhiri est entr\u00e9 gr\u00e8ve sauvage de la faim afin de d\u00e9noncer l\u2019inaction du minist\u00e8re public quant aux plaintes qu\u2019il a d\u00e9pos\u00e9es contre des agents de police , qu\u2019il accuse \u00ab <em>de torture et de mauvais traitement<\/em>\u00bb, lors de son interpellation<\/p>\n\n\n\n<p>Rappelons par ailleurs que le 2 juillet courant, Noureddine Bhiri a \u00e9t\u00e9 entendu par la chambre criminelle du tribunal de Tunis dans le cadre d\u2019une affaire instruite sur la base d\u2019une publication sur les r\u00e9seaux sociaux et dans laquelle il est accus\u00e9 \u00ab<em> d\u2019attentat visant \u00e0 changer la structure de l\u2019\u00c9tat, inciter les habitants \u00e0 s\u2019attaquer les uns les autres et \u00e0 provoquer des troubles <\/em>\u00bb .<\/p>\n\n\n\n<p class=\"has-text-align-right\"><strong>Y. N.<\/strong><\/p>\n","protected":false},"excerpt":{"rendered":"<p>L\u2019ancien ministre et dirigeant du parti islamiste Ennahdha, Noureddine Bhiri, a \u00e9t\u00e9 admis, ce lundi 15 juillet 2024, en r\u00e9animation \u00e0 l\u2019h\u00f4pital de la Rabta de Tunis.<\/p>\n","protected":false},"author":6,"featured_media":5516758,"comment_status":"closed","ping_status":"open","sticky":false,"template":"","format":"standard","meta":{"footnotes":""},"categories":[997,2433],"tags":[76903,6461,1442,81213,64491,62643],"class_list":["post-13573380","post","type-post","status-publish","format-standard","has-post-thumbnail","hentry","category-politique","category-tunisie","tag-hopital-de-la-rabta","tag-prison-mornaguia","tag-reanimation","tag-saida-akremi","tag-tunis","tag-tunisie"],"yoast_head":"<!-- This site is optimized with the Yoast SEO plugin v26.6 - https:\/\/yoast.com\/wordpress\/plugins\/seo\/ -->\n<title>Sa\u00efda Akremi : Noureddine Bhiri en r\u00e9animation \u00e0 l\u2019h\u00f4pital de la Rabta - Kapitalis<\/title>\n<meta name=\"robots\" content=\"index, follow, max-snippet:-1, max-image-preview:large, max-video-preview:-1\" \/>\n<link rel=\"canonical\" href=\"https:\/\/kapitalis.com\/tunisie\/2024\/07\/15\/saida-akremi-noureddine-bhiri-en-reanimation-a-lhopital-de-la-rabta\/\" \/>\n<meta property=\"og:locale\" content=\"fr_FR\" \/>\n<meta property=\"og:type\" content=\"article\" \/>\n<meta property=\"og:title\" content=\"Sa\u00efda Akremi : Noureddine Bhiri en r\u00e9animation \u00e0 l\u2019h\u00f4pital de la Rabta - Kapitalis\" \/>\n<meta property=\"og:description\" content=\"L\u2019ancien ministre et dirigeant du parti islamiste Ennahdha, Noureddine Bhiri, a \u00e9t\u00e9 admis, ce lundi 15 juillet 2024, en r\u00e9animation \u00e0 l\u2019h\u00f4pital de la Rabta de Tunis.\" \/>\n<meta property=\"og:url\" content=\"https:\/\/kapitalis.com\/tunisie\/2024\/07\/15\/saida-akremi-noureddine-bhiri-en-reanimation-a-lhopital-de-la-rabta\/\" \/>\n<meta property=\"og:site_name\" content=\"Kapitalis\" \/>\n<meta property=\"article:publisher\" content=\"https:\/\/www.facebook.com\/KapitalisInfo\/\" \/>\n<meta property=\"article:published_time\" content=\"2024-07-15T15:33:19+00:00\" \/>\n<meta property=\"article:modified_time\" content=\"2024-07-15T15:48:18+00:00\" \/>\n<meta property=\"og:image\" content=\"https:\/\/kapitalis.com\/tunisie\/wp-content\/uploads\/2022\/12\/Noureddine-Bhiri.jpg\" \/>\n\t<meta property=\"og:image:width\" content=\"1200\" \/>\n\t<meta property=\"og:image:height\" content=\"630\" \/>\n\t<meta property=\"og:image:type\" content=\"image\/jpeg\" \/>\n<meta name=\"author\" content=\"Yusra NY\" \/>\n<meta name=\"twitter:card\" content=\"summary_large_image\" \/>\n<meta name=\"twitter:creator\" content=\"@KapitalisInfo\" \/>\n<meta name=\"twitter:site\" content=\"@KapitalisInfo\" \/>\n<meta name=\"twitter:label1\" content=\"\u00c9crit par\" \/>\n\t<meta name=\"twitter:data1\" content=\"Yusra NY\" \/>\n\t<meta name=\"twitter:label2\" content=\"Dur\u00e9e de lecture estim\u00e9e\" \/>\n\t<meta name=\"twitter:data2\" content=\"2 minutes\" \/>\n<script type=\"application\/ld+json\" class=\"yoast-schema-graph\">{\"@context\":\"https:\/\/schema.org\",\"@graph\":[{\"@type\":\"Article\",\"@id\":\"https:\/\/kapitalis.com\/tunisie\/2024\/07\/15\/saida-akremi-noureddine-bhiri-en-reanimation-a-lhopital-de-la-rabta\/#article\",\"isPartOf\":{\"@id\":\"https:\/\/kapitalis.com\/tunisie\/2024\/07\/15\/saida-akremi-noureddine-bhiri-en-reanimation-a-lhopital-de-la-rabta\/\"},\"author\":{\"name\":\"Yusra NY\",\"@id\":\"https:\/\/kapitalis.com\/tunisie\/#\/schema\/person\/74bbde0154d49d790a92aaeac5bc01d5\"},\"headline\":\"Sa\u00efda Akremi : Noureddine Bhiri en r\u00e9animation \u00e0 l\u2019h\u00f4pital de la Rabta\",\"datePublished\":\"2024-07-15T15:33:19+00:00\",\"dateModified\":\"2024-07-15T15:48:18+00:00\",\"mainEntityOfPage\":{\"@id\":\"https:\/\/kapitalis.com\/tunisie\/2024\/07\/15\/saida-akremi-noureddine-bhiri-en-reanimation-a-lhopital-de-la-rabta\/\"},\"wordCount\":205,\"publisher\":{\"@id\":\"https:\/\/kapitalis.com\/tunisie\/#organization\"},\"image\":{\"@id\":\"https:\/\/kapitalis.com\/tunisie\/2024\/07\/15\/saida-akremi-noureddine-bhiri-en-reanimation-a-lhopital-de-la-rabta\/#primaryimage\"},\"thumbnailUrl\":\"https:\/\/kapitalis.com\/tunisie\/wp-content\/uploads\/2022\/12\/Noureddine-Bhiri.jpg\",\"keywords\":[\"h\u00f4pital de la Rabta\",\"Prison Mornaguia\",\"r\u00e9animation\",\"Sa\u00efda Akremi\",\"Tunis\",\"Tunisie\"],\"articleSection\":[\"POLITIQUE\",\"Tunisie\"],\"inLanguage\":\"fr-FR\"},{\"@type\":\"WebPage\",\"@id\":\"https:\/\/kapitalis.com\/tunisie\/2024\/07\/15\/saida-akremi-noureddine-bhiri-en-reanimation-a-lhopital-de-la-rabta\/\",\"url\":\"https:\/\/kapitalis.com\/tunisie\/2024\/07\/15\/saida-akremi-noureddine-bhiri-en-reanimation-a-lhopital-de-la-rabta\/\",\"name\":\"Sa\u00efda Akremi : Noureddine Bhiri en r\u00e9animation \u00e0 l\u2019h\u00f4pital de la Rabta - Kapitalis\",\"isPartOf\":{\"@id\":\"https:\/\/kapitalis.com\/tunisie\/#website\"},\"primaryImageOfPage\":{\"@id\":\"https:\/\/kapitalis.com\/tunisie\/2024\/07\/15\/saida-akremi-noureddine-bhiri-en-reanimation-a-lhopital-de-la-rabta\/#primaryimage\"},\"image\":{\"@id\":\"https:\/\/kapitalis.com\/tunisie\/2024\/07\/15\/saida-akremi-noureddine-bhiri-en-reanimation-a-lhopital-de-la-rabta\/#primaryimage\"},\"thumbnailUrl\":\"https:\/\/kapitalis.com\/tunisie\/wp-content\/uploads\/2022\/12\/Noureddine-Bhiri.jpg\",\"datePublished\":\"2024-07-15T15:33:19+00:00\",\"dateModified\":\"2024-07-15T15:48:18+00:00\",\"breadcrumb\":{\"@id\":\"https:\/\/kapitalis.com\/tunisie\/2024\/07\/15\/saida-akremi-noureddine-bhiri-en-reanimation-a-lhopital-de-la-rabta\/#breadcrumb\"},\"inLanguage\":\"fr-FR\",\"potentialAction\":[{\"@type\":\"ReadAction\",\"target\":[\"https:\/\/kapitalis.com\/tunisie\/2024\/07\/15\/saida-akremi-noureddine-bhiri-en-reanimation-a-lhopital-de-la-rabta\/\"]}]},{\"@type\":\"ImageObject\",\"inLanguage\":\"fr-FR\",\"@id\":\"https:\/\/kapitalis.com\/tunisie\/2024\/07\/15\/saida-akremi-noureddine-bhiri-en-reanimation-a-lhopital-de-la-rabta\/#primaryimage\",\"url\":\"https:\/\/kapitalis.com\/tunisie\/wp-content\/uploads\/2022\/12\/Noureddine-Bhiri.jpg\",\"contentUrl\":\"https:\/\/kapitalis.com\/tunisie\/wp-content\/uploads\/2022\/12\/Noureddine-Bhiri.jpg\",\"width\":1200,\"height\":630},{\"@type\":\"BreadcrumbList\",\"@id\":\"https:\/\/kapitalis.com\/tunisie\/2024\/07\/15\/saida-akremi-noureddine-bhiri-en-reanimation-a-lhopital-de-la-rabta\/#breadcrumb\",\"itemListElement\":[{\"@type\":\"ListItem\",\"position\":1,\"name\":\"Accueil\",\"item\":\"https:\/\/kapitalis.com\/tunisie\/\"},{\"@type\":\"ListItem\",\"position\":2,\"name\":\"Sa\u00efda Akremi : Noureddine Bhiri en r\u00e9animation \u00e0 l\u2019h\u00f4pital de la Rabta\"}]},{\"@type\":\"WebSite\",\"@id\":\"https:\/\/kapitalis.com\/tunisie\/#website\",\"url\":\"https:\/\/kapitalis.com\/tunisie\/\",\"name\":\"Kapitalis\",\"description\":\"L&#039;actualit\u00e9 en Tunisie et dans le monde\",\"publisher\":{\"@id\":\"https:\/\/kapitalis.com\/tunisie\/#organization\"},\"potentialAction\":[{\"@type\":\"SearchAction\",\"target\":{\"@type\":\"EntryPoint\",\"urlTemplate\":\"https:\/\/kapitalis.com\/tunisie\/?s={search_term_string}\"},\"query-input\":{\"@type\":\"PropertyValueSpecification\",\"valueRequired\":true,\"valueName\":\"search_term_string\"}}],\"inLanguage\":\"fr-FR\"},{\"@type\":\"Organization\",\"@id\":\"https:\/\/kapitalis.com\/tunisie\/#organization\",\"name\":\"Kapitalis\",\"url\":\"https:\/\/kapitalis.com\/tunisie\/\",\"logo\":{\"@type\":\"ImageObject\",\"inLanguage\":\"fr-FR\",\"@id\":\"https:\/\/kapitalis.com\/tunisie\/#\/schema\/logo\/image\/\",\"url\":\"https:\/\/kapitalis.com\/tunisie\/wp-content\/uploads\/2022\/05\/Kapitalis-big-size.png\",\"contentUrl\":\"https:\/\/kapitalis.com\/tunisie\/wp-content\/uploads\/2022\/05\/Kapitalis-big-size.png\",\"width\":5000,\"height\":1500,\"caption\":\"Kapitalis\"},\"image\":{\"@id\":\"https:\/\/kapitalis.com\/tunisie\/#\/schema\/logo\/image\/\"},\"sameAs\":[\"https:\/\/www.facebook.com\/KapitalisInfo\/\",\"https:\/\/x.com\/KapitalisInfo\",\"https:\/\/www.youtube.com\/channel\/UC-yDYrHyfFBWWZaOw3FPg9Q\"]},{\"@type\":\"Person\",\"@id\":\"https:\/\/kapitalis.com\/tunisie\/#\/schema\/person\/74bbde0154d49d790a92aaeac5bc01d5\",\"name\":\"Yusra NY\",\"url\":\"https:\/\/kapitalis.com\/tunisie\/author\/yuza_adam\/\"}]}<\/script>\n<!-- \/ Yoast SEO plugin. -->","yoast_head_json":{"title":"Sa\u00efda Akremi : Noureddine Bhiri en r\u00e9animation \u00e0 l\u2019h\u00f4pital de la Rabta - Kapitalis","robots":{"index":"index","follow":"follow","max-snippet":"max-snippet:-1","max-image-preview":"max-image-preview:large","max-video-preview":"max-video-preview:-1"},"canonical":"https:\/\/kapitalis.com\/tunisie\/2024\/07\/15\/saida-akremi-noureddine-bhiri-en-reanimation-a-lhopital-de-la-rabta\/","og_locale":"fr_FR","og_type":"article","og_title":"Sa\u00efda Akremi : Noureddine Bhiri en r\u00e9animation \u00e0 l\u2019h\u00f4pital de la Rabta - Kapitalis","og_description":"L\u2019ancien ministre et dirigeant du parti islamiste Ennahdha, Noureddine Bhiri, a \u00e9t\u00e9 admis, ce lundi 15 juillet 2024, en r\u00e9animation \u00e0 l\u2019h\u00f4pital de la Rabta de Tunis.","og_url":"https:\/\/kapitalis.com\/tunisie\/2024\/07\/15\/saida-akremi-noureddine-bhiri-en-reanimation-a-lhopital-de-la-rabta\/","og_site_name":"Kapitalis","article_publisher":"https:\/\/www.facebook.com\/KapitalisInfo\/","article_published_time":"2024-07-15T15:33:19+00:00","article_modified_time":"2024-07-15T15:48:18+00:00","og_image":[{"width":1200,"height":630,"url":"https:\/\/kapitalis.com\/tunisie\/wp-content\/uploads\/2022\/12\/Noureddine-Bhiri.jpg","type":"image\/jpeg"}],"author":"Yusra NY","twitter_card":"summary_large_image","twitter_creator":"@KapitalisInfo","twitter_site":"@KapitalisInfo","twitter_misc":{"\u00c9crit par":"Yusra NY","Dur\u00e9e de lecture estim\u00e9e":"2 minutes"},"schema":{"@context":"https:\/\/schema.org","@graph":[{"@type":"Article","@id":"https:\/\/kapitalis.com\/tunisie\/2024\/07\/15\/saida-akremi-noureddine-bhiri-en-reanimation-a-lhopital-de-la-rabta\/#article","isPartOf":{"@id":"https:\/\/kapitalis.com\/tunisie\/2024\/07\/15\/saida-akremi-noureddine-bhiri-en-reanimation-a-lhopital-de-la-rabta\/"},"author":{"name":"Yusra NY","@id":"https:\/\/kapitalis.com\/tunisie\/#\/schema\/person\/74bbde0154d49d790a92aaeac5bc01d5"},"headline":"Sa\u00efda Akremi : Noureddine Bhiri en r\u00e9animation \u00e0 l\u2019h\u00f4pital de la Rabta","datePublished":"2024-07-15T15:33:19+00:00","dateModified":"2024-07-15T15:48:18+00:00","mainEntityOfPage":{"@id":"https:\/\/kapitalis.com\/tunisie\/2024\/07\/15\/saida-akremi-noureddine-bhiri-en-reanimation-a-lhopital-de-la-rabta\/"},"wordCount":205,"publisher":{"@id":"https:\/\/kapitalis.com\/tunisie\/#organization"},"image":{"@id":"https:\/\/kapitalis.com\/tunisie\/2024\/07\/15\/saida-akremi-noureddine-bhiri-en-reanimation-a-lhopital-de-la-rabta\/#primaryimage"},"thumbnailUrl":"https:\/\/kapitalis.com\/tunisie\/wp-content\/uploads\/2022\/12\/Noureddine-Bhiri.jpg","keywords":["h\u00f4pital de la Rabta","Prison Mornaguia","r\u00e9animation","Sa\u00efda Akremi","Tunis","Tunisie"],"articleSection":["POLITIQUE","Tunisie"],"inLanguage":"fr-FR"},{"@type":"WebPage","@id":"https:\/\/kapitalis.com\/tunisie\/2024\/07\/15\/saida-akremi-noureddine-bhiri-en-reanimation-a-lhopital-de-la-rabta\/","url":"https:\/\/kapitalis.com\/tunisie\/2024\/07\/15\/saida-akremi-noureddine-bhiri-en-reanimation-a-lhopital-de-la-rabta\/","name":"Sa\u00efda Akremi : Noureddine Bhiri en r\u00e9animation \u00e0 l\u2019h\u00f4pital de la Rabta - Kapitalis","isPartOf":{"@id":"https:\/\/kapitalis.com\/tunisie\/#website"},"primaryImageOfPage":{"@id":"https:\/\/kapitalis.com\/tunisie\/2024\/07\/15\/saida-akremi-noureddine-bhiri-en-reanimation-a-lhopital-de-la-rabta\/#primaryimage"},"image":{"@id":"https:\/\/kapitalis.com\/tunisie\/2024\/07\/15\/saida-akremi-noureddine-bhiri-en-reanimation-a-lhopital-de-la-rabta\/#primaryimage"},"thumbnailUrl":"https:\/\/kapitalis.com\/tunisie\/wp-content\/uploads\/2022\/12\/Noureddine-Bhiri.jpg","datePublished":"2024-07-15T15:33:19+00:00","dateModified":"2024-07-15T15:48:18+00:00","breadcrumb":{"@id":"https:\/\/kapitalis.com\/tunisie\/2024\/07\/15\/saida-akremi-noureddine-bhiri-en-reanimation-a-lhopital-de-la-rabta\/#breadcrumb"},"inLanguage":"fr-FR","potentialAction":[{"@type":"ReadAction","target":["https:\/\/kapitalis.com\/tunisie\/2024\/07\/15\/saida-akremi-noureddine-bhiri-en-reanimation-a-lhopital-de-la-rabta\/"]}]},{"@type":"ImageObject","inLanguage":"fr-FR","@id":"https:\/\/kapitalis.com\/tunisie\/2024\/07\/15\/saida-akremi-noureddine-bhiri-en-reanimation-a-lhopital-de-la-rabta\/#primaryimage","url":"https:\/\/kapitalis.com\/tunisie\/wp-content\/uploads\/2022\/12\/Noureddine-Bhiri.jpg","contentUrl":"https:\/\/kapitalis.com\/tunisie\/wp-content\/uploads\/2022\/12\/Noureddine-Bhiri.jpg","width":1200,"height":630},{"@type":"BreadcrumbList","@id":"https:\/\/kapitalis.com\/tunisie\/2024\/07\/15\/saida-akremi-noureddine-bhiri-en-reanimation-a-lhopital-de-la-rabta\/#breadcrumb","itemListElement":[{"@type":"ListItem","position":1,"name":"Accueil","item":"https:\/\/kapitalis.com\/tunisie\/"},{"@type":"ListItem","position":2,"name":"Sa\u00efda Akremi : Noureddine Bhiri en r\u00e9animation \u00e0 l\u2019h\u00f4pital de la Rabta"}]},{"@type":"WebSite","@id":"https:\/\/kapitalis.com\/tunisie\/#website","url":"https:\/\/kapitalis.com\/tunisie\/","name":"Kapitalis","description":"L&#039;actualit\u00e9 en Tunisie et dans le monde","publisher":{"@id":"https:\/\/kapitalis.com\/tunisie\/#organization"},"potentialAction":[{"@type":"SearchAction","target":{"@type":"EntryPoint","urlTemplate":"https:\/\/kapitalis.com\/tunisie\/?s={search_term_string}"},"query-input":{"@type":"PropertyValueSpecification","valueRequired":true,"valueName":"search_term_string"}}],"inLanguage":"fr-FR"},{"@type":"Organization","@id":"https:\/\/kapitalis.com\/tunisie\/#organization","name":"Kapitalis","url":"https:\/\/kapitalis.com\/tunisie\/","logo":{"@type":"ImageObject","inLanguage":"fr-FR","@id":"https:\/\/kapitalis.com\/tunisie\/#\/schema\/logo\/image\/","url":"https:\/\/kapitalis.com\/tunisie\/wp-content\/uploads\/2022\/05\/Kapitalis-big-size.png","contentUrl":"https:\/\/kapitalis.com\/tunisie\/wp-content\/uploads\/2022\/05\/Kapitalis-big-size.png","width":5000,"height":1500,"caption":"Kapitalis"},"image":{"@id":"https:\/\/kapitalis.com\/tunisie\/#\/schema\/logo\/image\/"},"sameAs":["https:\/\/www.facebook.com\/KapitalisInfo\/","https:\/\/x.com\/KapitalisInfo","https:\/\/www.youtube.com\/channel\/UC-yDYrHyfFBWWZaOw3FPg9Q"]},{"@type":"Person","@id":"https:\/\/kapitalis.com\/tunisie\/#\/schema\/person\/74bbde0154d49d790a92aaeac5bc01d5","name":"Yusra NY","url":"https:\/\/kapitalis.com\/tunisie\/author\/yuza_adam\/"}]}},"_links":{"self":[{"href":"https:\/\/kapitalis.com\/tunisie\/wp-json\/wp\/v2\/posts\/13573380","targetHints":{"allow":["GET"]}}],"collection":[{"href":"https:\/\/kapitalis.com\/tunisie\/wp-json\/wp\/v2\/posts"}],"about":[{"href":"https:\/\/kapitalis.com\/tunisie\/wp-json\/wp\/v2\/types\/post"}],"author":[{"embeddable":true,"href":"https:\/\/kapitalis.com\/tunisie\/wp-json\/wp\/v2\/users\/6"}],"replies":[{"embeddable":true,"href":"https:\/\/kapitalis.com\/tunisie\/wp-json\/wp\/v2\/comments?post=13573380"}],"version-history":[{"count":3,"href":"https:\/\/kapitalis.com\/tunisie\/wp-json\/wp\/v2\/posts\/13573380\/revisions"}],"predecessor-version":[{"id":13573395,"href":"https:\/\/kapitalis.com\/tunisie\/wp-json\/wp\/v2\/posts\/13573380\/revisions\/13573395"}],"wp:featuredmedia":[{"embeddable":true,"href":"https:\/\/kapitalis.com\/tunisie\/wp-json\/wp\/v2\/media\/5516758"}],"wp:attachment":[{"href":"https:\/\/kapitalis.com\/tunisie\/wp-json\/wp\/v2\/media?parent=13573380"}],"wp:term":[{"taxonomy":"category","embeddable":true,"href":"https:\/\/kapitalis.com\/tunisie\/wp-json\/wp\/v2\/categories?post=13573380"},{"taxonomy":"post_tag","embeddable":true,"href":"https:\/\/kapitalis.com\/tunisie\/wp-json\/wp\/v2\/tags?post=13573380"}],"curies":[{"name":"wp","href":"https:\/\/api.w.org\/{rel}","templated":true}]}}