{"id":13576824,"date":"2024-07-16T11:08:12","date_gmt":"2024-07-16T10:08:12","guid":{"rendered":"https:\/\/kapitalis.com\/tunisie\/?p=13576824"},"modified":"2024-07-16T11:13:39","modified_gmt":"2024-07-16T10:13:39","slug":"tunisie-le-fsn-inquiet-pour-la-sante-de-noureddine-bhiri","status":"publish","type":"post","link":"https:\/\/kapitalis.com\/tunisie\/2024\/07\/16\/tunisie-le-fsn-inquiet-pour-la-sante-de-noureddine-bhiri\/","title":{"rendered":"Tunisie : le FSN inquiet pour la sant\u00e9 de Noureddine Bhiri"},"content":{"rendered":"\n<p><strong><em>Le Front de salut national &nbsp;(FSN) \u00absuit avec une grande inqui\u00e9tude l\u2019aggravation de l\u2019\u00e9tat de sant\u00e9 du prisonnier politique Noureddine Bhiri, en raison de la gr\u00e8ve de la faim entam\u00e9e il y a 17 jours, qui a n\u00e9cessit\u00e9 son <a href=\"https:\/\/kapitalis.com\/tunisie\/2024\/07\/15\/saida-akremi-noureddine-bhiri-en-reanimation-a-lhopital-de-la-rabta\/\" target=\"_blank\" rel=\"noreferrer noopener\">hospitalisation d\u2019urgence<\/a> en soins intensifs \u00e0 l\u2019h\u00f4pital de la Rabta\u00bb.<\/em><\/strong> <em>(Illustration : Me Sa\u00efda Akremi, ici avec Me Samir Dilou). <\/em><\/p>\n\n\n\n<!--more-->\n\n\n\n<p>La principale coalition d\u2019opposition en Tunisie l\u2019a fait savoir, lundi 15 juillet 2024, sur sa page Facebook, en r\u00e9it\u00e9rant sa condamnation des <em>\u00abarrestations arbitraires et des proc\u00e8s politiques injustes contre les opposants au r\u00e9gime en place et tous ceux qui expriment librement leur opinion, constatant la d\u00e9t\u00e9rioration des conditions (dans le pays) au point qu\u2019un prisonnier politique est contraint de mener une gr\u00e8ve de la faim d\u2019une dur\u00e9e illimit\u00e9e, risquant sa sant\u00e9 et sa vie simplement pour revendiquer l\u2019un des droits les plus fondamentaux de la citoyennet\u00e9, \u00e0 savoir le droit \u00e0 un proc\u00e8s \u00e9quitable.\u00bb<\/em><\/p>\n\n\n\n<p><em>\u00abLe Front appelle \u00e9galement \u00e0 mettre fin \u00e0 la campagne d\u2019intimidation des opposants \u00e0 travers des arrestations et des proc\u00e8s, qui refl\u00e8te la confusion du pouvoir \u00e0 l\u2019approche du scrutin \u00e9lectoral\u00bb<\/em>, ajoute le FSN par allusion \u00e0 la pr\u00e9sidentielle dont le 1<sup>er<\/sup> tour est fix\u00e9 au 6 octobre prochain.<\/p>\n\n\n\n<p>Bhiri, ancien ministre de la Justice et dirigeant historique du parti islamique Ennhadha, est en prison depuis le 13 f\u00e9vrier 2023 dans le cadre d\u2019une sur ce qui qualifi\u00e9e de <em>\u00abcomplot contre la s\u00fbret\u00e9 de l\u2019\u00c9tat\u00bb<\/em>.<\/p>\n\n\n\n<p>&nbsp;C\u2019est l\u2019\u00e9pouse de Bhiri, Sa\u00efda Akremi, avocate de son \u00e9tat, qui a appris et r\u00e9v\u00e9l\u00e9 l\u2019hospitalisation en urgence de son \u00e9poux. <\/p>\n\n\n\n<p class=\"has-text-align-right\"><strong>I. B.<\/strong><\/p>\n\n\n<div class=\"wp-block-image\">\n<figure class=\"aligncenter size-large\"><img loading=\"lazy\" decoding=\"async\" width=\"1024\" height=\"1024\" src=\"https:\/\/kapitalis.com\/tunisie\/wp-content\/uploads\/2024\/07\/Communique-FSN-Bhiri-1024x1024.jpg\" alt=\"\" class=\"wp-image-13576912\" srcset=\"https:\/\/kapitalis.com\/tunisie\/wp-content\/uploads\/2024\/07\/Communique-FSN-Bhiri-1024x1024.jpg 1024w, https:\/\/kapitalis.com\/tunisie\/wp-content\/uploads\/2024\/07\/Communique-FSN-Bhiri-300x300.jpg 300w, https:\/\/kapitalis.com\/tunisie\/wp-content\/uploads\/2024\/07\/Communique-FSN-Bhiri-150x150.jpg 150w, https:\/\/kapitalis.com\/tunisie\/wp-content\/uploads\/2024\/07\/Communique-FSN-Bhiri-768x768.jpg 768w, https:\/\/kapitalis.com\/tunisie\/wp-content\/uploads\/2024\/07\/Communique-FSN-Bhiri-120x120.jpg 120w, https:\/\/kapitalis.com\/tunisie\/wp-content\/uploads\/2024\/07\/Communique-FSN-Bhiri-360x360.jpg 360w, https:\/\/kapitalis.com\/tunisie\/wp-content\/uploads\/2024\/07\/Communique-FSN-Bhiri-580x580.jpg 580w, https:\/\/kapitalis.com\/tunisie\/wp-content\/uploads\/2024\/07\/Communique-FSN-Bhiri-860x860.jpg 860w, https:\/\/kapitalis.com\/tunisie\/wp-content\/uploads\/2024\/07\/Communique-FSN-Bhiri-1160x1160.jpg 1160w, https:\/\/kapitalis.com\/tunisie\/wp-content\/uploads\/2024\/07\/Communique-FSN-Bhiri.jpg 1400w\" sizes=\"auto, (max-width: 1024px) 100vw, 1024px\" \/><\/figure>\n<\/div>","protected":false},"excerpt":{"rendered":"<p>L&rsquo;\u00e9tat de sant\u00e9 du prisonnier politique Noureddine Bhiri, admis en r\u00e9animation, inqui\u00e8te le Front de salut national.  <\/p>\n","protected":false},"author":8,"featured_media":13576844,"comment_status":"closed","ping_status":"open","sticky":false,"template":"","format":"standard","meta":{"footnotes":""},"categories":[997,2433],"tags":[49543,99029,111140,78939,107373,81213],"class_list":["post-13576824","post","type-post","status-publish","format-standard","has-post-thumbnail","hentry","category-politique","category-tunisie","tag-ennahdha","tag-front-de-salut-national","tag-greve-de-la-faim-2","tag-noureddine-bhiri-2","tag-proces-politiques","tag-saida-akremi"],"yoast_head":"<!-- This site is optimized with the Yoast SEO plugin v26.6 - https:\/\/yoast.com\/wordpress\/plugins\/seo\/ -->\n<title>Tunisie : le FSN inquiet pour la sant\u00e9 de Noureddine Bhiri - Kapitalis<\/title>\n<meta name=\"robots\" content=\"index, follow, max-snippet:-1, max-image-preview:large, max-video-preview:-1\" \/>\n<link rel=\"canonical\" href=\"https:\/\/kapitalis.com\/tunisie\/2024\/07\/16\/tunisie-le-fsn-inquiet-pour-la-sante-de-noureddine-bhiri\/\" \/>\n<meta property=\"og:locale\" content=\"fr_FR\" \/>\n<meta property=\"og:type\" content=\"article\" \/>\n<meta property=\"og:title\" content=\"Tunisie : le FSN inquiet pour la sant\u00e9 de Noureddine Bhiri - Kapitalis\" \/>\n<meta property=\"og:description\" content=\"L&#039;\u00e9tat de sant\u00e9 du prisonnier politique Noureddine Bhiri, admis en r\u00e9animation, inqui\u00e8te le Front de salut national.\" \/>\n<meta property=\"og:url\" content=\"https:\/\/kapitalis.com\/tunisie\/2024\/07\/16\/tunisie-le-fsn-inquiet-pour-la-sante-de-noureddine-bhiri\/\" \/>\n<meta property=\"og:site_name\" content=\"Kapitalis\" \/>\n<meta property=\"article:publisher\" content=\"https:\/\/www.facebook.com\/KapitalisInfo\/\" \/>\n<meta property=\"article:published_time\" content=\"2024-07-16T10:08:12+00:00\" \/>\n<meta property=\"article:modified_time\" content=\"2024-07-16T10:13:39+00:00\" \/>\n<meta property=\"og:image\" content=\"https:\/\/kapitalis.com\/tunisie\/wp-content\/uploads\/2024\/07\/Saida-Akremi-et-Samir-Dilou.jpg\" \/>\n\t<meta property=\"og:image:width\" content=\"1200\" \/>\n\t<meta property=\"og:image:height\" content=\"630\" \/>\n\t<meta property=\"og:image:type\" content=\"image\/jpeg\" \/>\n<meta name=\"author\" content=\"webmaster kapitalis\" \/>\n<meta name=\"twitter:card\" content=\"summary_large_image\" \/>\n<meta name=\"twitter:creator\" content=\"@KapitalisInfo\" \/>\n<meta name=\"twitter:site\" content=\"@KapitalisInfo\" \/>\n<meta name=\"twitter:label1\" content=\"\u00c9crit par\" \/>\n\t<meta name=\"twitter:data1\" content=\"webmaster kapitalis\" \/>\n\t<meta name=\"twitter:label2\" content=\"Dur\u00e9e de lecture estim\u00e9e\" \/>\n\t<meta name=\"twitter:data2\" content=\"2 minutes\" \/>\n<script type=\"application\/ld+json\" class=\"yoast-schema-graph\">{\"@context\":\"https:\/\/schema.org\",\"@graph\":[{\"@type\":\"Article\",\"@id\":\"https:\/\/kapitalis.com\/tunisie\/2024\/07\/16\/tunisie-le-fsn-inquiet-pour-la-sante-de-noureddine-bhiri\/#article\",\"isPartOf\":{\"@id\":\"https:\/\/kapitalis.com\/tunisie\/2024\/07\/16\/tunisie-le-fsn-inquiet-pour-la-sante-de-noureddine-bhiri\/\"},\"author\":{\"name\":\"webmaster kapitalis\",\"@id\":\"https:\/\/kapitalis.com\/tunisie\/#\/schema\/person\/d71f33a9ca44f7bad4698210b480c8e9\"},\"headline\":\"Tunisie : le FSN inquiet pour la sant\u00e9 de Noureddine Bhiri\",\"datePublished\":\"2024-07-16T10:08:12+00:00\",\"dateModified\":\"2024-07-16T10:13:39+00:00\",\"mainEntityOfPage\":{\"@id\":\"https:\/\/kapitalis.com\/tunisie\/2024\/07\/16\/tunisie-le-fsn-inquiet-pour-la-sante-de-noureddine-bhiri\/\"},\"wordCount\":300,\"publisher\":{\"@id\":\"https:\/\/kapitalis.com\/tunisie\/#organization\"},\"image\":{\"@id\":\"https:\/\/kapitalis.com\/tunisie\/2024\/07\/16\/tunisie-le-fsn-inquiet-pour-la-sante-de-noureddine-bhiri\/#primaryimage\"},\"thumbnailUrl\":\"https:\/\/kapitalis.com\/tunisie\/wp-content\/uploads\/2024\/07\/Saida-Akremi-et-Samir-Dilou.jpg\",\"keywords\":[\"Ennahdha\",\"Front de salut national\",\"GR\u00c8VE DE LA FAIM\",\"Noureddine Bhiri\",\"proc\u00e8s politiques\",\"Sa\u00efda Akremi\"],\"articleSection\":[\"POLITIQUE\",\"Tunisie\"],\"inLanguage\":\"fr-FR\"},{\"@type\":\"WebPage\",\"@id\":\"https:\/\/kapitalis.com\/tunisie\/2024\/07\/16\/tunisie-le-fsn-inquiet-pour-la-sante-de-noureddine-bhiri\/\",\"url\":\"https:\/\/kapitalis.com\/tunisie\/2024\/07\/16\/tunisie-le-fsn-inquiet-pour-la-sante-de-noureddine-bhiri\/\",\"name\":\"Tunisie : le FSN inquiet pour la sant\u00e9 de Noureddine Bhiri - Kapitalis\",\"isPartOf\":{\"@id\":\"https:\/\/kapitalis.com\/tunisie\/#website\"},\"primaryImageOfPage\":{\"@id\":\"https:\/\/kapitalis.com\/tunisie\/2024\/07\/16\/tunisie-le-fsn-inquiet-pour-la-sante-de-noureddine-bhiri\/#primaryimage\"},\"image\":{\"@id\":\"https:\/\/kapitalis.com\/tunisie\/2024\/07\/16\/tunisie-le-fsn-inquiet-pour-la-sante-de-noureddine-bhiri\/#primaryimage\"},\"thumbnailUrl\":\"https:\/\/kapitalis.com\/tunisie\/wp-content\/uploads\/2024\/07\/Saida-Akremi-et-Samir-Dilou.jpg\",\"datePublished\":\"2024-07-16T10:08:12+00:00\",\"dateModified\":\"2024-07-16T10:13:39+00:00\",\"breadcrumb\":{\"@id\":\"https:\/\/kapitalis.com\/tunisie\/2024\/07\/16\/tunisie-le-fsn-inquiet-pour-la-sante-de-noureddine-bhiri\/#breadcrumb\"},\"inLanguage\":\"fr-FR\",\"potentialAction\":[{\"@type\":\"ReadAction\",\"target\":[\"https:\/\/kapitalis.com\/tunisie\/2024\/07\/16\/tunisie-le-fsn-inquiet-pour-la-sante-de-noureddine-bhiri\/\"]}]},{\"@type\":\"ImageObject\",\"inLanguage\":\"fr-FR\",\"@id\":\"https:\/\/kapitalis.com\/tunisie\/2024\/07\/16\/tunisie-le-fsn-inquiet-pour-la-sante-de-noureddine-bhiri\/#primaryimage\",\"url\":\"https:\/\/kapitalis.com\/tunisie\/wp-content\/uploads\/2024\/07\/Saida-Akremi-et-Samir-Dilou.jpg\",\"contentUrl\":\"https:\/\/kapitalis.com\/tunisie\/wp-content\/uploads\/2024\/07\/Saida-Akremi-et-Samir-Dilou.jpg\",\"width\":1200,\"height\":630},{\"@type\":\"BreadcrumbList\",\"@id\":\"https:\/\/kapitalis.com\/tunisie\/2024\/07\/16\/tunisie-le-fsn-inquiet-pour-la-sante-de-noureddine-bhiri\/#breadcrumb\",\"itemListElement\":[{\"@type\":\"ListItem\",\"position\":1,\"name\":\"Accueil\",\"item\":\"https:\/\/kapitalis.com\/tunisie\/\"},{\"@type\":\"ListItem\",\"position\":2,\"name\":\"Tunisie : le FSN inquiet pour la sant\u00e9 de Noureddine Bhiri\"}]},{\"@type\":\"WebSite\",\"@id\":\"https:\/\/kapitalis.com\/tunisie\/#website\",\"url\":\"https:\/\/kapitalis.com\/tunisie\/\",\"name\":\"Kapitalis\",\"description\":\"L&#039;actualit\u00e9 en Tunisie et dans le monde\",\"publisher\":{\"@id\":\"https:\/\/kapitalis.com\/tunisie\/#organization\"},\"potentialAction\":[{\"@type\":\"SearchAction\",\"target\":{\"@type\":\"EntryPoint\",\"urlTemplate\":\"https:\/\/kapitalis.com\/tunisie\/?s={search_term_string}\"},\"query-input\":{\"@type\":\"PropertyValueSpecification\",\"valueRequired\":true,\"valueName\":\"search_term_string\"}}],\"inLanguage\":\"fr-FR\"},{\"@type\":\"Organization\",\"@id\":\"https:\/\/kapitalis.com\/tunisie\/#organization\",\"name\":\"Kapitalis\",\"url\":\"https:\/\/kapitalis.com\/tunisie\/\",\"logo\":{\"@type\":\"ImageObject\",\"inLanguage\":\"fr-FR\",\"@id\":\"https:\/\/kapitalis.com\/tunisie\/#\/schema\/logo\/image\/\",\"url\":\"https:\/\/kapitalis.com\/tunisie\/wp-content\/uploads\/2022\/05\/Kapitalis-big-size.png\",\"contentUrl\":\"https:\/\/kapitalis.com\/tunisie\/wp-content\/uploads\/2022\/05\/Kapitalis-big-size.png\",\"width\":5000,\"height\":1500,\"caption\":\"Kapitalis\"},\"image\":{\"@id\":\"https:\/\/kapitalis.com\/tunisie\/#\/schema\/logo\/image\/\"},\"sameAs\":[\"https:\/\/www.facebook.com\/KapitalisInfo\/\",\"https:\/\/x.com\/KapitalisInfo\",\"https:\/\/www.youtube.com\/channel\/UC-yDYrHyfFBWWZaOw3FPg9Q\"]},{\"@type\":\"Person\",\"@id\":\"https:\/\/kapitalis.com\/tunisie\/#\/schema\/person\/d71f33a9ca44f7bad4698210b480c8e9\",\"name\":\"webmaster kapitalis\",\"url\":\"https:\/\/kapitalis.com\/tunisie\/author\/webmaster-kapitalis\/\"}]}<\/script>\n<!-- \/ Yoast SEO plugin. -->","yoast_head_json":{"title":"Tunisie : le FSN inquiet pour la sant\u00e9 de Noureddine Bhiri - Kapitalis","robots":{"index":"index","follow":"follow","max-snippet":"max-snippet:-1","max-image-preview":"max-image-preview:large","max-video-preview":"max-video-preview:-1"},"canonical":"https:\/\/kapitalis.com\/tunisie\/2024\/07\/16\/tunisie-le-fsn-inquiet-pour-la-sante-de-noureddine-bhiri\/","og_locale":"fr_FR","og_type":"article","og_title":"Tunisie : le FSN inquiet pour la sant\u00e9 de Noureddine Bhiri - Kapitalis","og_description":"L'\u00e9tat de sant\u00e9 du prisonnier politique Noureddine Bhiri, admis en r\u00e9animation, inqui\u00e8te le Front de salut national.","og_url":"https:\/\/kapitalis.com\/tunisie\/2024\/07\/16\/tunisie-le-fsn-inquiet-pour-la-sante-de-noureddine-bhiri\/","og_site_name":"Kapitalis","article_publisher":"https:\/\/www.facebook.com\/KapitalisInfo\/","article_published_time":"2024-07-16T10:08:12+00:00","article_modified_time":"2024-07-16T10:13:39+00:00","og_image":[{"width":1200,"height":630,"url":"https:\/\/kapitalis.com\/tunisie\/wp-content\/uploads\/2024\/07\/Saida-Akremi-et-Samir-Dilou.jpg","type":"image\/jpeg"}],"author":"webmaster kapitalis","twitter_card":"summary_large_image","twitter_creator":"@KapitalisInfo","twitter_site":"@KapitalisInfo","twitter_misc":{"\u00c9crit par":"webmaster kapitalis","Dur\u00e9e de lecture estim\u00e9e":"2 minutes"},"schema":{"@context":"https:\/\/schema.org","@graph":[{"@type":"Article","@id":"https:\/\/kapitalis.com\/tunisie\/2024\/07\/16\/tunisie-le-fsn-inquiet-pour-la-sante-de-noureddine-bhiri\/#article","isPartOf":{"@id":"https:\/\/kapitalis.com\/tunisie\/2024\/07\/16\/tunisie-le-fsn-inquiet-pour-la-sante-de-noureddine-bhiri\/"},"author":{"name":"webmaster kapitalis","@id":"https:\/\/kapitalis.com\/tunisie\/#\/schema\/person\/d71f33a9ca44f7bad4698210b480c8e9"},"headline":"Tunisie : le FSN inquiet pour la sant\u00e9 de Noureddine Bhiri","datePublished":"2024-07-16T10:08:12+00:00","dateModified":"2024-07-16T10:13:39+00:00","mainEntityOfPage":{"@id":"https:\/\/kapitalis.com\/tunisie\/2024\/07\/16\/tunisie-le-fsn-inquiet-pour-la-sante-de-noureddine-bhiri\/"},"wordCount":300,"publisher":{"@id":"https:\/\/kapitalis.com\/tunisie\/#organization"},"image":{"@id":"https:\/\/kapitalis.com\/tunisie\/2024\/07\/16\/tunisie-le-fsn-inquiet-pour-la-sante-de-noureddine-bhiri\/#primaryimage"},"thumbnailUrl":"https:\/\/kapitalis.com\/tunisie\/wp-content\/uploads\/2024\/07\/Saida-Akremi-et-Samir-Dilou.jpg","keywords":["Ennahdha","Front de salut national","GR\u00c8VE DE LA FAIM","Noureddine Bhiri","proc\u00e8s politiques","Sa\u00efda Akremi"],"articleSection":["POLITIQUE","Tunisie"],"inLanguage":"fr-FR"},{"@type":"WebPage","@id":"https:\/\/kapitalis.com\/tunisie\/2024\/07\/16\/tunisie-le-fsn-inquiet-pour-la-sante-de-noureddine-bhiri\/","url":"https:\/\/kapitalis.com\/tunisie\/2024\/07\/16\/tunisie-le-fsn-inquiet-pour-la-sante-de-noureddine-bhiri\/","name":"Tunisie : le FSN inquiet pour la sant\u00e9 de Noureddine Bhiri - Kapitalis","isPartOf":{"@id":"https:\/\/kapitalis.com\/tunisie\/#website"},"primaryImageOfPage":{"@id":"https:\/\/kapitalis.com\/tunisie\/2024\/07\/16\/tunisie-le-fsn-inquiet-pour-la-sante-de-noureddine-bhiri\/#primaryimage"},"image":{"@id":"https:\/\/kapitalis.com\/tunisie\/2024\/07\/16\/tunisie-le-fsn-inquiet-pour-la-sante-de-noureddine-bhiri\/#primaryimage"},"thumbnailUrl":"https:\/\/kapitalis.com\/tunisie\/wp-content\/uploads\/2024\/07\/Saida-Akremi-et-Samir-Dilou.jpg","datePublished":"2024-07-16T10:08:12+00:00","dateModified":"2024-07-16T10:13:39+00:00","breadcrumb":{"@id":"https:\/\/kapitalis.com\/tunisie\/2024\/07\/16\/tunisie-le-fsn-inquiet-pour-la-sante-de-noureddine-bhiri\/#breadcrumb"},"inLanguage":"fr-FR","potentialAction":[{"@type":"ReadAction","target":["https:\/\/kapitalis.com\/tunisie\/2024\/07\/16\/tunisie-le-fsn-inquiet-pour-la-sante-de-noureddine-bhiri\/"]}]},{"@type":"ImageObject","inLanguage":"fr-FR","@id":"https:\/\/kapitalis.com\/tunisie\/2024\/07\/16\/tunisie-le-fsn-inquiet-pour-la-sante-de-noureddine-bhiri\/#primaryimage","url":"https:\/\/kapitalis.com\/tunisie\/wp-content\/uploads\/2024\/07\/Saida-Akremi-et-Samir-Dilou.jpg","contentUrl":"https:\/\/kapitalis.com\/tunisie\/wp-content\/uploads\/2024\/07\/Saida-Akremi-et-Samir-Dilou.jpg","width":1200,"height":630},{"@type":"BreadcrumbList","@id":"https:\/\/kapitalis.com\/tunisie\/2024\/07\/16\/tunisie-le-fsn-inquiet-pour-la-sante-de-noureddine-bhiri\/#breadcrumb","itemListElement":[{"@type":"ListItem","position":1,"name":"Accueil","item":"https:\/\/kapitalis.com\/tunisie\/"},{"@type":"ListItem","position":2,"name":"Tunisie : le FSN inquiet pour la sant\u00e9 de Noureddine Bhiri"}]},{"@type":"WebSite","@id":"https:\/\/kapitalis.com\/tunisie\/#website","url":"https:\/\/kapitalis.com\/tunisie\/","name":"Kapitalis","description":"L&#039;actualit\u00e9 en Tunisie et dans le monde","publisher":{"@id":"https:\/\/kapitalis.com\/tunisie\/#organization"},"potentialAction":[{"@type":"SearchAction","target":{"@type":"EntryPoint","urlTemplate":"https:\/\/kapitalis.com\/tunisie\/?s={search_term_string}"},"query-input":{"@type":"PropertyValueSpecification","valueRequired":true,"valueName":"search_term_string"}}],"inLanguage":"fr-FR"},{"@type":"Organization","@id":"https:\/\/kapitalis.com\/tunisie\/#organization","name":"Kapitalis","url":"https:\/\/kapitalis.com\/tunisie\/","logo":{"@type":"ImageObject","inLanguage":"fr-FR","@id":"https:\/\/kapitalis.com\/tunisie\/#\/schema\/logo\/image\/","url":"https:\/\/kapitalis.com\/tunisie\/wp-content\/uploads\/2022\/05\/Kapitalis-big-size.png","contentUrl":"https:\/\/kapitalis.com\/tunisie\/wp-content\/uploads\/2022\/05\/Kapitalis-big-size.png","width":5000,"height":1500,"caption":"Kapitalis"},"image":{"@id":"https:\/\/kapitalis.com\/tunisie\/#\/schema\/logo\/image\/"},"sameAs":["https:\/\/www.facebook.com\/KapitalisInfo\/","https:\/\/x.com\/KapitalisInfo","https:\/\/www.youtube.com\/channel\/UC-yDYrHyfFBWWZaOw3FPg9Q"]},{"@type":"Person","@id":"https:\/\/kapitalis.com\/tunisie\/#\/schema\/person\/d71f33a9ca44f7bad4698210b480c8e9","name":"webmaster kapitalis","url":"https:\/\/kapitalis.com\/tunisie\/author\/webmaster-kapitalis\/"}]}},"_links":{"self":[{"href":"https:\/\/kapitalis.com\/tunisie\/wp-json\/wp\/v2\/posts\/13576824","targetHints":{"allow":["GET"]}}],"collection":[{"href":"https:\/\/kapitalis.com\/tunisie\/wp-json\/wp\/v2\/posts"}],"about":[{"href":"https:\/\/kapitalis.com\/tunisie\/wp-json\/wp\/v2\/types\/post"}],"author":[{"embeddable":true,"href":"https:\/\/kapitalis.com\/tunisie\/wp-json\/wp\/v2\/users\/8"}],"replies":[{"embeddable":true,"href":"https:\/\/kapitalis.com\/tunisie\/wp-json\/wp\/v2\/comments?post=13576824"}],"version-history":[{"count":3,"href":"https:\/\/kapitalis.com\/tunisie\/wp-json\/wp\/v2\/posts\/13576824\/revisions"}],"predecessor-version":[{"id":13576919,"href":"https:\/\/kapitalis.com\/tunisie\/wp-json\/wp\/v2\/posts\/13576824\/revisions\/13576919"}],"wp:featuredmedia":[{"embeddable":true,"href":"https:\/\/kapitalis.com\/tunisie\/wp-json\/wp\/v2\/media\/13576844"}],"wp:attachment":[{"href":"https:\/\/kapitalis.com\/tunisie\/wp-json\/wp\/v2\/media?parent=13576824"}],"wp:term":[{"taxonomy":"category","embeddable":true,"href":"https:\/\/kapitalis.com\/tunisie\/wp-json\/wp\/v2\/categories?post=13576824"},{"taxonomy":"post_tag","embeddable":true,"href":"https:\/\/kapitalis.com\/tunisie\/wp-json\/wp\/v2\/tags?post=13576824"}],"curies":[{"name":"wp","href":"https:\/\/api.w.org\/{rel}","templated":true}]}}