{"id":13577184,"date":"2024-07-16T12:40:46","date_gmt":"2024-07-16T11:40:46","guid":{"rendered":"https:\/\/kapitalis.com\/tunisie\/?p=13577184"},"modified":"2024-07-16T12:40:48","modified_gmt":"2024-07-16T11:40:48","slug":"tunisie-dr-lahidheb-cyber-candidat-a-la-presidence-de-la-republique-video","status":"publish","type":"post","link":"https:\/\/kapitalis.com\/tunisie\/2024\/07\/16\/tunisie-dr-lahidheb-cyber-candidat-a-la-presidence-de-la-republique-video\/","title":{"rendered":"Tunisie : Dr Lahidheb, cyber-candidat \u00e0 la pr\u00e9sidence de la r\u00e9publique \u00a0(Vid\u00e9o)"},"content":{"rendered":"\n<p><strong><em>Dr Dhaker Lahidheb, le tr\u00e8s m\u00e9diatis\u00e9 cardiologue, a confirm\u00e9 son intention de pr\u00e9senter sa candidature \u00e0 la prochaine pr\u00e9sidentielle dont le 1<sup>er<\/sup> tour est fix\u00e9 au 6 octobre 2024. Dans un entretien hier, lundi 15 juillet, avec Express FM, il annonce sa d\u00e9cision de mener sa campagne \u00e9lectorale enti\u00e8rement sur le web. <a href=\"https:\/\/www.facebook.com\/100064305745083\/posts\/886955680124615\/?rdid=cgsiMf38fgaL5H85\" target=\"_blank\" rel=\"noreferrer noopener\">Vid\u00e9o.<\/a> <\/em><\/strong><\/p>\n\n\n\n<p><strong>Imed Bahri <\/strong><\/p>\n\n\n\n<!--more-->\n\n\n\n<p><em>\u00abJ\u2019esp\u00e8re d\u00e9passer bient\u00f4t la phase de l\u2019intention pour celle de la candidature officielle \u00e0 la fin de ce mois\u00bb<\/em>, a-t-il d\u00e9clar\u00e9, ajoutant qu\u2019il est en train de collecter les 10\u00a0000 parrainages citoyens n\u00e9cessaires \u00e0 la l\u00e9galisation de sa candidature par la commission \u00e9lectorale. <em>\u00abJ\u2019esp\u00e8re rassembler plus que 10\u00a0000 parrainages, car certains parrainages collect\u00e9s pourraient \u00eatre annul\u00e9s pour vice de forme\u00bb<\/em>, a admis Dr Lahidheb, en d\u00e9plorant le climat de peur qui r\u00e8gne actuellement dans le pays et qui n\u2019encourage pas les citoyens \u00e0 accorder leur parrainage au candidat auquel ils font pourtant confiance.<\/p>\n\n\n\n<h2 class=\"wp-block-heading\">Rattraper les occasions rat\u00e9es <\/h2>\n\n\n\n<p>Dr Lahidheb affirme avoir d\u00e9j\u00e0 enlev\u00e9 sa blouse blanche pour se consacrer \u00e0 la course \u00e0 la pr\u00e9sidence de la r\u00e9publique, ajoutant qu\u2019un coll\u00e8gue le remplacera au cours des prochains mois \u00e0 son cabinet. <em>\u00abCe n\u2019\u00e9tait facile pour moi, car je fais un m\u00e9tier que j\u2019aime. J\u2019ai eu mal au c\u0153ur, mais quand on estime avoir des responsabilit\u00e9s envers son peuple, il ne faut pas h\u00e9siter\u00bb<\/em>, a-t-il expliqu\u00e9.<\/p>\n\n\n\n<p>Le cardiologue n\u2019a pas une grande exp\u00e9rience politique, m\u00eame s\u2019il avoue s\u2019\u00eatre toujours int\u00e9ress\u00e9 \u00e0 la politique depuis son plus jeune \u00e2ge, en suivant notamment l\u2019actualit\u00e9 des pays d\u00e9mocratiques comme l\u2019Italie, la France ou l\u2019Allemagne. Il est venu \u00e0 la politique apr\u00e8s la r\u00e9volution de 2011 en prenant part \u00e0 la fondation du Courant d\u00e9mocratique ou Attayar, dont il a d\u00e9missionn\u00e9 en 2019, tout en gardant de tr\u00e8s bonnes relations avec tous ses dirigeants.<\/p>\n\n\n\n<p><em>\u00abNous avons eu une occasion en or pour instaurer une vraie d\u00e9mocratie en Tunisie au lendemain de la r\u00e9volution de 2011, mais nous l\u2019avons lamentablement rat\u00e9e et nous sommes tous responsables de ce ratage\u00bb<\/em>, a soulign\u00e9 Dr Lahidheb, en estimant que la Tunisie ne pourra pas progresser sur la voie du d\u00e9veloppement sans une v\u00e9ritable d\u00e9mocratie qui lib\u00e8re les volont\u00e9s et les \u00e9nergies et met tout le monde au travail, sans s\u00e9gr\u00e9gation ni exclusion. <em>\u00abOn ne peut d\u00e9velopper un pays en mettant son sort entre les mains d\u2019un seul homme inspir\u00e9 \u00e9lev\u00e9 au rang de proph\u00e8te. Les hommes passent, seul demeure l\u2019Etat et ses institutions\u00bb<\/em>, a d\u00e9clar\u00e9 Dr Lahidheb \u00e0 Express FM en affirmant que son programme est pr\u00eat et qu\u2019il sera incessamment r\u00e9v\u00e9l\u00e9 au public.<\/p>\n\n\n\n<p><em>\u00abJ\u2019ai pr\u00e9sent\u00e9 ma candidature sans aucune peur\u00bb<\/em>, a d\u00e9clar\u00e9 le cardiologie, faisant allusion aux candidats qui l\u2019ont pr\u00e9c\u00e9d\u00e9 sur cette voie et qui ont \u00e9t\u00e9 arr\u00eat\u00e9s et incarc\u00e9r\u00e9s, poursuivis dans de vagues affaires de complot contre la s\u00fbret\u00e9 de l\u2019Etat, terrorisme et\/ou blanchiment d\u2019argent. Il ajoute\u00a0: <em>\u00abEt si je le fais c\u2019est parce que j\u2019aime mon pays et que je veux le sortir de la crise et l\u2019engager sur la voie du progr\u00e8s et du d\u00e9veloppement. Mais aussi pour redonner l\u2019espoir \u00e0 mes compatriotes. J\u2019ai une fille qui a vingt ans et je voudrai la convaincre et convaincre tous nos enfants de rester au pays\u00bb<\/em>.<\/p>\n\n\n\n<h2 class=\"wp-block-heading\">Campagne avec un faible impact carbone<\/h2>\n\n\n\n<p>Dr Lahidheb a r\u00e9v\u00e9l\u00e9 les deux principaux slogans de sa campagne \u00e9lectorale et qui sont <em>\u00abLa Tunisie\u00a0 au c\u0153ur\u00bb<\/em>, et ce n\u2019est pas chercher tr\u00e8s loin pour un cardiologue qui conna\u00eet le r\u00f4le de cet organe dans le fonctionnement d\u2019un corps, mais aussi\u00a0: <em>\u00abUn Etat intelligent et juste\u00bb<\/em>, par allusion \u00e0 l\u2019intelligence artificielle qui devrait, selon lui, prendre une place pr\u00e9pond\u00e9rante dans les activit\u00e9s du futur. D\u2019ailleurs, affirme-t-il, il m\u00e8nera toute sa campagne sur le web, \u00e0 travers les r\u00e9seaux sociaux, pour en r\u00e9duire l\u2019impact carbone. Et promet, \u00e9galement, une fois \u00e9lu, de favoriser le transport \u00e9cologique, intelligent et respectueux de l\u2019environnement, notamment la bicyclette, en prenant exemple sur un pays pionnier dans ce domaine, les Pays-Bas, qui a d\u00e9pens\u00e9 12 milliards d\u2019euros pour g\u00e9n\u00e9raliser l\u2019usage de ce moyen de locomotion \u00e0 grande \u00e9chelle.<\/p>\n\n\n\n<p>R\u00eaveur Dr Lahidheb, utopiste ou na\u00eff\u00a0? Lui, en tout cas, croit que toutes les bonnes id\u00e9es peuvent \u00eatre r\u00e9alis\u00e9es pour peu qu\u2019on s\u2019arme de volont\u00e9 et qu\u2019on s&rsquo;en donnent les moyens, humains et mat\u00e9riels, pour les faire aboutir.<\/p>\n\n\n\n<figure class=\"wp-block-embed is-type-wp-embed is-provider-kapitalis wp-block-embed-kapitalis\"><div class=\"wp-block-embed__wrapper\">\n<blockquote class=\"wp-embedded-content\" data-secret=\"XEbwfGXmxR\"><a href=\"https:\/\/kapitalis.com\/tunisie\/2024\/07\/16\/presidentielle-2024-kamel-akrout-propose-son-plan-strategique-carthage-2050\/\">Pr\u00e9sidentielle 2024\u00a0: Kamel Akrout propose son plan strat\u00e9gique \u00abCarthage 2050\u00bb<\/a><\/blockquote><iframe loading=\"lazy\" class=\"wp-embedded-content\" sandbox=\"allow-scripts\" security=\"restricted\" style=\"position: absolute; clip: rect(1px, 1px, 1px, 1px);\" title=\"\u00ab\u00a0Pr\u00e9sidentielle 2024\u00a0: Kamel Akrout propose son plan strat\u00e9gique \u00abCarthage 2050\u00bb\u00a0\u00bb &#8212; Kapitalis\" src=\"https:\/\/kapitalis.com\/tunisie\/2024\/07\/16\/presidentielle-2024-kamel-akrout-propose-son-plan-strategique-carthage-2050\/embed\/#?secret=Rk6PyqMgv1#?secret=XEbwfGXmxR\" data-secret=\"XEbwfGXmxR\" width=\"600\" height=\"338\" frameborder=\"0\" marginwidth=\"0\" marginheight=\"0\" scrolling=\"no\"><\/iframe>\n<\/div><\/figure>\n","protected":false},"excerpt":{"rendered":"<p>Dr Dhaker Lahidheb a confirm\u00e9 son intention de pr\u00e9senter sa candidature \u00e0 la prochaine pr\u00e9sidentielle. <\/p>\n","protected":false},"author":8,"featured_media":13577232,"comment_status":"closed","ping_status":"open","sticky":false,"template":"","format":"standard","meta":{"footnotes":""},"categories":[992,996,997,2433,4806],"tags":[15519,67134,76409,4797],"class_list":["post-13577184","post","type-post","status-publish","format-standard","has-post-thumbnail","hentry","category-a-la-une","category-media","category-politique","category-tunisie","category-videos","tag-attayar","tag-courant-democrate","tag-dr-dhaker-lahidheb","tag-presidentielle"],"yoast_head":"<!-- This site is optimized with the Yoast SEO plugin v26.6 - https:\/\/yoast.com\/wordpress\/plugins\/seo\/ -->\n<title>Tunisie : Dr Lahidheb, cyber-candidat \u00e0 la pr\u00e9sidence de la r\u00e9publique \u00a0(Vid\u00e9o) - Kapitalis<\/title>\n<meta name=\"robots\" content=\"index, follow, max-snippet:-1, max-image-preview:large, max-video-preview:-1\" \/>\n<link rel=\"canonical\" href=\"https:\/\/kapitalis.com\/tunisie\/2024\/07\/16\/tunisie-dr-lahidheb-cyber-candidat-a-la-presidence-de-la-republique-video\/\" \/>\n<meta property=\"og:locale\" content=\"fr_FR\" \/>\n<meta property=\"og:type\" content=\"article\" \/>\n<meta property=\"og:title\" content=\"Tunisie : Dr Lahidheb, cyber-candidat \u00e0 la pr\u00e9sidence de la r\u00e9publique \u00a0(Vid\u00e9o) - Kapitalis\" \/>\n<meta property=\"og:description\" content=\"Dr Dhaker Lahidheb a confirm\u00e9 son intention de pr\u00e9senter sa candidature \u00e0 la prochaine pr\u00e9sidentielle.\" \/>\n<meta property=\"og:url\" content=\"https:\/\/kapitalis.com\/tunisie\/2024\/07\/16\/tunisie-dr-lahidheb-cyber-candidat-a-la-presidence-de-la-republique-video\/\" \/>\n<meta property=\"og:site_name\" content=\"Kapitalis\" \/>\n<meta property=\"article:publisher\" content=\"https:\/\/www.facebook.com\/KapitalisInfo\/\" \/>\n<meta property=\"article:published_time\" content=\"2024-07-16T11:40:46+00:00\" \/>\n<meta property=\"article:modified_time\" content=\"2024-07-16T11:40:48+00:00\" \/>\n<meta property=\"og:image\" content=\"https:\/\/kapitalis.com\/tunisie\/wp-content\/uploads\/2024\/07\/Dr-Dhaker-Lahidheb.jpg\" \/>\n\t<meta property=\"og:image:width\" content=\"1200\" \/>\n\t<meta property=\"og:image:height\" content=\"630\" \/>\n\t<meta property=\"og:image:type\" content=\"image\/jpeg\" \/>\n<meta name=\"author\" content=\"webmaster kapitalis\" \/>\n<meta name=\"twitter:card\" content=\"summary_large_image\" \/>\n<meta name=\"twitter:creator\" content=\"@KapitalisInfo\" \/>\n<meta name=\"twitter:site\" content=\"@KapitalisInfo\" \/>\n<meta name=\"twitter:label1\" content=\"\u00c9crit par\" \/>\n\t<meta name=\"twitter:data1\" content=\"webmaster kapitalis\" \/>\n\t<meta name=\"twitter:label2\" content=\"Dur\u00e9e de lecture estim\u00e9e\" \/>\n\t<meta name=\"twitter:data2\" content=\"4 minutes\" \/>\n<script type=\"application\/ld+json\" class=\"yoast-schema-graph\">{\"@context\":\"https:\/\/schema.org\",\"@graph\":[{\"@type\":\"Article\",\"@id\":\"https:\/\/kapitalis.com\/tunisie\/2024\/07\/16\/tunisie-dr-lahidheb-cyber-candidat-a-la-presidence-de-la-republique-video\/#article\",\"isPartOf\":{\"@id\":\"https:\/\/kapitalis.com\/tunisie\/2024\/07\/16\/tunisie-dr-lahidheb-cyber-candidat-a-la-presidence-de-la-republique-video\/\"},\"author\":{\"name\":\"webmaster kapitalis\",\"@id\":\"https:\/\/kapitalis.com\/tunisie\/#\/schema\/person\/d71f33a9ca44f7bad4698210b480c8e9\"},\"headline\":\"Tunisie : Dr Lahidheb, cyber-candidat \u00e0 la pr\u00e9sidence de la r\u00e9publique \u00a0(Vid\u00e9o)\",\"datePublished\":\"2024-07-16T11:40:46+00:00\",\"dateModified\":\"2024-07-16T11:40:48+00:00\",\"mainEntityOfPage\":{\"@id\":\"https:\/\/kapitalis.com\/tunisie\/2024\/07\/16\/tunisie-dr-lahidheb-cyber-candidat-a-la-presidence-de-la-republique-video\/\"},\"wordCount\":822,\"publisher\":{\"@id\":\"https:\/\/kapitalis.com\/tunisie\/#organization\"},\"image\":{\"@id\":\"https:\/\/kapitalis.com\/tunisie\/2024\/07\/16\/tunisie-dr-lahidheb-cyber-candidat-a-la-presidence-de-la-republique-video\/#primaryimage\"},\"thumbnailUrl\":\"https:\/\/kapitalis.com\/tunisie\/wp-content\/uploads\/2024\/07\/Dr-Dhaker-Lahidheb.jpg\",\"keywords\":[\"Attayar\",\"Courant d\u00e9mocrate\",\"Dr Dhaker Lahidheb\",\"pr\u00e9sidentielle\"],\"articleSection\":[\"A LA UNE\",\"MEDIA\",\"POLITIQUE\",\"Tunisie\",\"VIDEOS\"],\"inLanguage\":\"fr-FR\"},{\"@type\":\"WebPage\",\"@id\":\"https:\/\/kapitalis.com\/tunisie\/2024\/07\/16\/tunisie-dr-lahidheb-cyber-candidat-a-la-presidence-de-la-republique-video\/\",\"url\":\"https:\/\/kapitalis.com\/tunisie\/2024\/07\/16\/tunisie-dr-lahidheb-cyber-candidat-a-la-presidence-de-la-republique-video\/\",\"name\":\"Tunisie : Dr Lahidheb, cyber-candidat \u00e0 la pr\u00e9sidence de la r\u00e9publique \u00a0(Vid\u00e9o) - Kapitalis\",\"isPartOf\":{\"@id\":\"https:\/\/kapitalis.com\/tunisie\/#website\"},\"primaryImageOfPage\":{\"@id\":\"https:\/\/kapitalis.com\/tunisie\/2024\/07\/16\/tunisie-dr-lahidheb-cyber-candidat-a-la-presidence-de-la-republique-video\/#primaryimage\"},\"image\":{\"@id\":\"https:\/\/kapitalis.com\/tunisie\/2024\/07\/16\/tunisie-dr-lahidheb-cyber-candidat-a-la-presidence-de-la-republique-video\/#primaryimage\"},\"thumbnailUrl\":\"https:\/\/kapitalis.com\/tunisie\/wp-content\/uploads\/2024\/07\/Dr-Dhaker-Lahidheb.jpg\",\"datePublished\":\"2024-07-16T11:40:46+00:00\",\"dateModified\":\"2024-07-16T11:40:48+00:00\",\"breadcrumb\":{\"@id\":\"https:\/\/kapitalis.com\/tunisie\/2024\/07\/16\/tunisie-dr-lahidheb-cyber-candidat-a-la-presidence-de-la-republique-video\/#breadcrumb\"},\"inLanguage\":\"fr-FR\",\"potentialAction\":[{\"@type\":\"ReadAction\",\"target\":[\"https:\/\/kapitalis.com\/tunisie\/2024\/07\/16\/tunisie-dr-lahidheb-cyber-candidat-a-la-presidence-de-la-republique-video\/\"]}]},{\"@type\":\"ImageObject\",\"inLanguage\":\"fr-FR\",\"@id\":\"https:\/\/kapitalis.com\/tunisie\/2024\/07\/16\/tunisie-dr-lahidheb-cyber-candidat-a-la-presidence-de-la-republique-video\/#primaryimage\",\"url\":\"https:\/\/kapitalis.com\/tunisie\/wp-content\/uploads\/2024\/07\/Dr-Dhaker-Lahidheb.jpg\",\"contentUrl\":\"https:\/\/kapitalis.com\/tunisie\/wp-content\/uploads\/2024\/07\/Dr-Dhaker-Lahidheb.jpg\",\"width\":1200,\"height\":630},{\"@type\":\"BreadcrumbList\",\"@id\":\"https:\/\/kapitalis.com\/tunisie\/2024\/07\/16\/tunisie-dr-lahidheb-cyber-candidat-a-la-presidence-de-la-republique-video\/#breadcrumb\",\"itemListElement\":[{\"@type\":\"ListItem\",\"position\":1,\"name\":\"Accueil\",\"item\":\"https:\/\/kapitalis.com\/tunisie\/\"},{\"@type\":\"ListItem\",\"position\":2,\"name\":\"Tunisie : Dr Lahidheb, cyber-candidat \u00e0 la pr\u00e9sidence de la r\u00e9publique \u00a0(Vid\u00e9o)\"}]},{\"@type\":\"WebSite\",\"@id\":\"https:\/\/kapitalis.com\/tunisie\/#website\",\"url\":\"https:\/\/kapitalis.com\/tunisie\/\",\"name\":\"Kapitalis\",\"description\":\"L&#039;actualit\u00e9 en Tunisie et dans le monde\",\"publisher\":{\"@id\":\"https:\/\/kapitalis.com\/tunisie\/#organization\"},\"potentialAction\":[{\"@type\":\"SearchAction\",\"target\":{\"@type\":\"EntryPoint\",\"urlTemplate\":\"https:\/\/kapitalis.com\/tunisie\/?s={search_term_string}\"},\"query-input\":{\"@type\":\"PropertyValueSpecification\",\"valueRequired\":true,\"valueName\":\"search_term_string\"}}],\"inLanguage\":\"fr-FR\"},{\"@type\":\"Organization\",\"@id\":\"https:\/\/kapitalis.com\/tunisie\/#organization\",\"name\":\"Kapitalis\",\"url\":\"https:\/\/kapitalis.com\/tunisie\/\",\"logo\":{\"@type\":\"ImageObject\",\"inLanguage\":\"fr-FR\",\"@id\":\"https:\/\/kapitalis.com\/tunisie\/#\/schema\/logo\/image\/\",\"url\":\"https:\/\/kapitalis.com\/tunisie\/wp-content\/uploads\/2022\/05\/Kapitalis-big-size.png\",\"contentUrl\":\"https:\/\/kapitalis.com\/tunisie\/wp-content\/uploads\/2022\/05\/Kapitalis-big-size.png\",\"width\":5000,\"height\":1500,\"caption\":\"Kapitalis\"},\"image\":{\"@id\":\"https:\/\/kapitalis.com\/tunisie\/#\/schema\/logo\/image\/\"},\"sameAs\":[\"https:\/\/www.facebook.com\/KapitalisInfo\/\",\"https:\/\/x.com\/KapitalisInfo\",\"https:\/\/www.youtube.com\/channel\/UC-yDYrHyfFBWWZaOw3FPg9Q\"]},{\"@type\":\"Person\",\"@id\":\"https:\/\/kapitalis.com\/tunisie\/#\/schema\/person\/d71f33a9ca44f7bad4698210b480c8e9\",\"name\":\"webmaster kapitalis\",\"url\":\"https:\/\/kapitalis.com\/tunisie\/author\/webmaster-kapitalis\/\"}]}<\/script>\n<!-- \/ Yoast SEO plugin. -->","yoast_head_json":{"title":"Tunisie : Dr Lahidheb, cyber-candidat \u00e0 la pr\u00e9sidence de la r\u00e9publique \u00a0(Vid\u00e9o) - Kapitalis","robots":{"index":"index","follow":"follow","max-snippet":"max-snippet:-1","max-image-preview":"max-image-preview:large","max-video-preview":"max-video-preview:-1"},"canonical":"https:\/\/kapitalis.com\/tunisie\/2024\/07\/16\/tunisie-dr-lahidheb-cyber-candidat-a-la-presidence-de-la-republique-video\/","og_locale":"fr_FR","og_type":"article","og_title":"Tunisie : Dr Lahidheb, cyber-candidat \u00e0 la pr\u00e9sidence de la r\u00e9publique \u00a0(Vid\u00e9o) - Kapitalis","og_description":"Dr Dhaker Lahidheb a confirm\u00e9 son intention de pr\u00e9senter sa candidature \u00e0 la prochaine pr\u00e9sidentielle.","og_url":"https:\/\/kapitalis.com\/tunisie\/2024\/07\/16\/tunisie-dr-lahidheb-cyber-candidat-a-la-presidence-de-la-republique-video\/","og_site_name":"Kapitalis","article_publisher":"https:\/\/www.facebook.com\/KapitalisInfo\/","article_published_time":"2024-07-16T11:40:46+00:00","article_modified_time":"2024-07-16T11:40:48+00:00","og_image":[{"width":1200,"height":630,"url":"https:\/\/kapitalis.com\/tunisie\/wp-content\/uploads\/2024\/07\/Dr-Dhaker-Lahidheb.jpg","type":"image\/jpeg"}],"author":"webmaster kapitalis","twitter_card":"summary_large_image","twitter_creator":"@KapitalisInfo","twitter_site":"@KapitalisInfo","twitter_misc":{"\u00c9crit par":"webmaster kapitalis","Dur\u00e9e de lecture estim\u00e9e":"4 minutes"},"schema":{"@context":"https:\/\/schema.org","@graph":[{"@type":"Article","@id":"https:\/\/kapitalis.com\/tunisie\/2024\/07\/16\/tunisie-dr-lahidheb-cyber-candidat-a-la-presidence-de-la-republique-video\/#article","isPartOf":{"@id":"https:\/\/kapitalis.com\/tunisie\/2024\/07\/16\/tunisie-dr-lahidheb-cyber-candidat-a-la-presidence-de-la-republique-video\/"},"author":{"name":"webmaster kapitalis","@id":"https:\/\/kapitalis.com\/tunisie\/#\/schema\/person\/d71f33a9ca44f7bad4698210b480c8e9"},"headline":"Tunisie : Dr Lahidheb, cyber-candidat \u00e0 la pr\u00e9sidence de la r\u00e9publique \u00a0(Vid\u00e9o)","datePublished":"2024-07-16T11:40:46+00:00","dateModified":"2024-07-16T11:40:48+00:00","mainEntityOfPage":{"@id":"https:\/\/kapitalis.com\/tunisie\/2024\/07\/16\/tunisie-dr-lahidheb-cyber-candidat-a-la-presidence-de-la-republique-video\/"},"wordCount":822,"publisher":{"@id":"https:\/\/kapitalis.com\/tunisie\/#organization"},"image":{"@id":"https:\/\/kapitalis.com\/tunisie\/2024\/07\/16\/tunisie-dr-lahidheb-cyber-candidat-a-la-presidence-de-la-republique-video\/#primaryimage"},"thumbnailUrl":"https:\/\/kapitalis.com\/tunisie\/wp-content\/uploads\/2024\/07\/Dr-Dhaker-Lahidheb.jpg","keywords":["Attayar","Courant d\u00e9mocrate","Dr Dhaker Lahidheb","pr\u00e9sidentielle"],"articleSection":["A LA UNE","MEDIA","POLITIQUE","Tunisie","VIDEOS"],"inLanguage":"fr-FR"},{"@type":"WebPage","@id":"https:\/\/kapitalis.com\/tunisie\/2024\/07\/16\/tunisie-dr-lahidheb-cyber-candidat-a-la-presidence-de-la-republique-video\/","url":"https:\/\/kapitalis.com\/tunisie\/2024\/07\/16\/tunisie-dr-lahidheb-cyber-candidat-a-la-presidence-de-la-republique-video\/","name":"Tunisie : Dr Lahidheb, cyber-candidat \u00e0 la pr\u00e9sidence de la r\u00e9publique \u00a0(Vid\u00e9o) - Kapitalis","isPartOf":{"@id":"https:\/\/kapitalis.com\/tunisie\/#website"},"primaryImageOfPage":{"@id":"https:\/\/kapitalis.com\/tunisie\/2024\/07\/16\/tunisie-dr-lahidheb-cyber-candidat-a-la-presidence-de-la-republique-video\/#primaryimage"},"image":{"@id":"https:\/\/kapitalis.com\/tunisie\/2024\/07\/16\/tunisie-dr-lahidheb-cyber-candidat-a-la-presidence-de-la-republique-video\/#primaryimage"},"thumbnailUrl":"https:\/\/kapitalis.com\/tunisie\/wp-content\/uploads\/2024\/07\/Dr-Dhaker-Lahidheb.jpg","datePublished":"2024-07-16T11:40:46+00:00","dateModified":"2024-07-16T11:40:48+00:00","breadcrumb":{"@id":"https:\/\/kapitalis.com\/tunisie\/2024\/07\/16\/tunisie-dr-lahidheb-cyber-candidat-a-la-presidence-de-la-republique-video\/#breadcrumb"},"inLanguage":"fr-FR","potentialAction":[{"@type":"ReadAction","target":["https:\/\/kapitalis.com\/tunisie\/2024\/07\/16\/tunisie-dr-lahidheb-cyber-candidat-a-la-presidence-de-la-republique-video\/"]}]},{"@type":"ImageObject","inLanguage":"fr-FR","@id":"https:\/\/kapitalis.com\/tunisie\/2024\/07\/16\/tunisie-dr-lahidheb-cyber-candidat-a-la-presidence-de-la-republique-video\/#primaryimage","url":"https:\/\/kapitalis.com\/tunisie\/wp-content\/uploads\/2024\/07\/Dr-Dhaker-Lahidheb.jpg","contentUrl":"https:\/\/kapitalis.com\/tunisie\/wp-content\/uploads\/2024\/07\/Dr-Dhaker-Lahidheb.jpg","width":1200,"height":630},{"@type":"BreadcrumbList","@id":"https:\/\/kapitalis.com\/tunisie\/2024\/07\/16\/tunisie-dr-lahidheb-cyber-candidat-a-la-presidence-de-la-republique-video\/#breadcrumb","itemListElement":[{"@type":"ListItem","position":1,"name":"Accueil","item":"https:\/\/kapitalis.com\/tunisie\/"},{"@type":"ListItem","position":2,"name":"Tunisie : Dr Lahidheb, cyber-candidat \u00e0 la pr\u00e9sidence de la r\u00e9publique \u00a0(Vid\u00e9o)"}]},{"@type":"WebSite","@id":"https:\/\/kapitalis.com\/tunisie\/#website","url":"https:\/\/kapitalis.com\/tunisie\/","name":"Kapitalis","description":"L&#039;actualit\u00e9 en Tunisie et dans le monde","publisher":{"@id":"https:\/\/kapitalis.com\/tunisie\/#organization"},"potentialAction":[{"@type":"SearchAction","target":{"@type":"EntryPoint","urlTemplate":"https:\/\/kapitalis.com\/tunisie\/?s={search_term_string}"},"query-input":{"@type":"PropertyValueSpecification","valueRequired":true,"valueName":"search_term_string"}}],"inLanguage":"fr-FR"},{"@type":"Organization","@id":"https:\/\/kapitalis.com\/tunisie\/#organization","name":"Kapitalis","url":"https:\/\/kapitalis.com\/tunisie\/","logo":{"@type":"ImageObject","inLanguage":"fr-FR","@id":"https:\/\/kapitalis.com\/tunisie\/#\/schema\/logo\/image\/","url":"https:\/\/kapitalis.com\/tunisie\/wp-content\/uploads\/2022\/05\/Kapitalis-big-size.png","contentUrl":"https:\/\/kapitalis.com\/tunisie\/wp-content\/uploads\/2022\/05\/Kapitalis-big-size.png","width":5000,"height":1500,"caption":"Kapitalis"},"image":{"@id":"https:\/\/kapitalis.com\/tunisie\/#\/schema\/logo\/image\/"},"sameAs":["https:\/\/www.facebook.com\/KapitalisInfo\/","https:\/\/x.com\/KapitalisInfo","https:\/\/www.youtube.com\/channel\/UC-yDYrHyfFBWWZaOw3FPg9Q"]},{"@type":"Person","@id":"https:\/\/kapitalis.com\/tunisie\/#\/schema\/person\/d71f33a9ca44f7bad4698210b480c8e9","name":"webmaster kapitalis","url":"https:\/\/kapitalis.com\/tunisie\/author\/webmaster-kapitalis\/"}]}},"_links":{"self":[{"href":"https:\/\/kapitalis.com\/tunisie\/wp-json\/wp\/v2\/posts\/13577184","targetHints":{"allow":["GET"]}}],"collection":[{"href":"https:\/\/kapitalis.com\/tunisie\/wp-json\/wp\/v2\/posts"}],"about":[{"href":"https:\/\/kapitalis.com\/tunisie\/wp-json\/wp\/v2\/types\/post"}],"author":[{"embeddable":true,"href":"https:\/\/kapitalis.com\/tunisie\/wp-json\/wp\/v2\/users\/8"}],"replies":[{"embeddable":true,"href":"https:\/\/kapitalis.com\/tunisie\/wp-json\/wp\/v2\/comments?post=13577184"}],"version-history":[{"count":1,"href":"https:\/\/kapitalis.com\/tunisie\/wp-json\/wp\/v2\/posts\/13577184\/revisions"}],"predecessor-version":[{"id":13577259,"href":"https:\/\/kapitalis.com\/tunisie\/wp-json\/wp\/v2\/posts\/13577184\/revisions\/13577259"}],"wp:featuredmedia":[{"embeddable":true,"href":"https:\/\/kapitalis.com\/tunisie\/wp-json\/wp\/v2\/media\/13577232"}],"wp:attachment":[{"href":"https:\/\/kapitalis.com\/tunisie\/wp-json\/wp\/v2\/media?parent=13577184"}],"wp:term":[{"taxonomy":"category","embeddable":true,"href":"https:\/\/kapitalis.com\/tunisie\/wp-json\/wp\/v2\/categories?post=13577184"},{"taxonomy":"post_tag","embeddable":true,"href":"https:\/\/kapitalis.com\/tunisie\/wp-json\/wp\/v2\/tags?post=13577184"}],"curies":[{"name":"wp","href":"https:\/\/api.w.org\/{rel}","templated":true}]}}