{"id":1357879,"date":"2022-06-10T09:47:26","date_gmt":"2022-06-10T08:47:26","guid":{"rendered":"https:\/\/kapitalis.com\/tunisie\/?p=1357879"},"modified":"2022-06-10T09:47:28","modified_gmt":"2022-06-10T08:47:28","slug":"associations-les-libertes-en-danger-en-tunisie","status":"publish","type":"post","link":"https:\/\/kapitalis.com\/tunisie\/2022\/06\/10\/associations-les-libertes-en-danger-en-tunisie\/","title":{"rendered":"Associations : Les libert\u00e9s en danger en Tunisie !"},"content":{"rendered":"\n<p><strong><em>Dans l&rsquo;appel que nous reproduisons ci-dessous, des associations tunisiennes en France estiment que les libert\u00e9s en Tunisie sont menac\u00e9es et appellent \u00e0 un rassemblement le mardi 14 juin \u00e0 18h devant l&rsquo;ambassade de Tunisie \u00e0 Paris (m\u00e9tro Saint-Fran\u00e7ois Xavier)&#8230; pour d\u00e9fendre l&rsquo;ind\u00e9pendance de la justice ainsi que la s\u00e9paration des pouvoirs, l\u2019\u00e9galit\u00e9 et la dignit\u00e9 de la femme en Tunisie.<\/em><\/strong><\/p>\n\n\n\n<!--more-->\n\n\n\n<p>La Tunisie traverse actuellement une crise profonde sur les plans politique, \u00e9conomique, social et institutionnel, \u00e9minemment dangereuse pour la pr\u00e9servation des acquis que sont les libert\u00e9s et les droits humains.<\/p>\n\n\n\n<p>Plusieurs d\u00e9cisions majeures du pr\u00e9sident de la r\u00e9publique sont intervenues depuis son coup de force du 25 juillet 2021, en particulier le d\u00e9cret 117 du 22 septembre 2021 o\u00f9 Ka\u00efs Sa\u00efed s&rsquo;attribue de fait tous les pouvoirs. Ceci a notamment abouti \u00e0 la dissolution du Parlement puis \u00e0 celle du Conseil sup\u00e9rieur de la magistrature et \u00e0 la nomination d&rsquo;un conseil de son choix, \u00e0 la d\u00e9signation d&rsquo;une nouvelle direction \u00e0 l&rsquo;Instance sup\u00e9rieure ind\u00e9pendante pour les \u00e9lections (Isie) selon des modalit\u00e9s fix\u00e9es \u00e0 sa discr\u00e9tion.<\/p>\n\n\n\n<p>La derni\u00e8re d\u00e9cision en date est la r\u00e9vocation de 57 juges avec, dans la foul\u00e9e, une campagne de d\u00e9nigrement sur les r\u00e9seaux sociaux contre certains d&rsquo;entre eux, en l&rsquo;occurrence deux magistrat-es qui sont la cible d&rsquo;une campagne scandaleuse portant atteinte aux libert\u00e9s individuelles et au droit de toutes et tous au respect de la vie priv\u00e9e et des choix de vie.<\/p>\n\n\n\n<p>Pour d\u00e9fendre l&rsquo;ind\u00e9pendance de la justice ainsi que la dignit\u00e9 de ces magistrat-es et plus g\u00e9n\u00e9ralement celle de la Femme en Tunisie, nous appelons \u00e0 un rassemblement le mardi 14 juin \u00e0 18h devant l&rsquo;ambassade de Tunisie \u00e0 Paris, m\u00e9tro Saint-Fran\u00e7ois Xavier.<\/p>\n\n\n\n<h2 class=\"wp-block-heading\">Premiers signataires :<\/h2>\n\n\n\n<ul class=\"wp-block-list\"><li>Comit\u00e9 pour le Respect des Libert\u00e9s et des droits de \u2019homme en Tunisie (CRLDHT)<\/li><li>F\u00e9d\u00e9ration des tunisiens citoyens des deux rives (FTCR)<\/li><li>Collectif des femmes tunisien-nes (CFT)<\/li><li>Union des travailleurs immigr\u00e9s tunisiens (UTIT)<\/li><li>Aljoumhouri France Nord<\/li><li>Ettakattol \u2013 France<\/li><li>Parti Attayar France Nord.<\/li><li>Parti des travailleurs de Tunisie (section France)<\/li><\/ul>\n\n\n\n<h2 class=\"wp-block-heading\">Soutiens<\/h2>\n\n\n\n<p>Association des citoyens originaires de Turquie (ACORT)<\/p>\n\n\n\n<p>Association de d\u00e9fense des droits de l\u2019homme au Maroc (ASDHOM)<\/p>\n\n\n\n<p>Agir pour le changement et la d\u00e9mocratie en Alg\u00e9rie (ACDA)<\/p>\n\n\n\n<p>Association femmes plurielles (AFM)<\/p>\n\n\n\n<p>Association des Marocains en France (AMF)<\/p>\n\n\n\n<p>Association des familles des disparus et des prisonniers Sahraouis (AFAPREDESA)<\/p>\n\n\n\n<p>Association des travailleurs maghr\u00e9bins de France (ATMF)<\/p>\n\n\n\n<p>Association pour la taxation des transactions financi\u00e8res et pour l\u2019action citoyenne (ATTAC)<\/p>\n\n\n\n<p>Cedetim<\/p>\n\n\n\n<p>Droit au logement (DAL)<\/p>\n\n\n\n<p>Ligue des droits de l\u2019homme (LDH)<\/p>\n\n\n\n<p>Mouvement contre le racisme et pour l\u2019amiti\u00e9 entre les peuples (MRAP)<\/p>\n\n\n\n<p>La Fondation Frantz Fanon<\/p>\n\n\n\n<p>R\u00e9seau F\u00e9ministe \u00ab Ruptures \u00bb.<\/p>\n\n\n\n<p>Riposte Internationale (RI)<\/p>\n\n\n\n<p>Union syndicale Solidaires<\/p>\n\n\n\n<p>Europe Ecologie Les Verts (EELV)<\/p>\n\n\n\n<p>Ensemble ! (Mouvement pour une alternative de gauche, \u00e9cologiste et solidaire)<\/p>\n\n\n\n<p>Pour une \u00e9cologie populaire et Sociale (PEPS)<\/p>\n\n\n\n<p>Le Parti communiste fran\u00e7ais (PCF)<\/p>\n\n\n\n<p>Nouveau Parti Anticapitaliste (NPA)<\/p>\n\n\n\n<p>Parti communiste des ouvriers de France (PCOF)<\/p>\n","protected":false},"excerpt":{"rendered":"<p>Des associations appellent \u00e0 un rassemblement le mardi 14 juin \u00e0 18h devant l&rsquo;ambassade de Tunisie \u00e0 Paris&#8230; pour d\u00e9fendre l&rsquo;ind\u00e9pendance de la justice. <\/p>\n","protected":false},"author":8,"featured_media":1358196,"comment_status":"open","ping_status":"open","sticky":false,"template":"","format":"standard","meta":{"footnotes":""},"categories":[997,2433],"tags":[100478,14101,100480,100479,62643],"class_list":["post-1357879","post","type-post","status-publish","format-standard","has-post-thumbnail","hentry","category-politique","category-tunisie","tag-independance-de-la-justice","tag-libertes","tag-revocation-des-juges","tag-separation-des-pouvoirs","tag-tunisie"],"yoast_head":"<!-- This site is optimized with the Yoast SEO plugin v26.6 - https:\/\/yoast.com\/wordpress\/plugins\/seo\/ -->\n<title>Associations : Les libert\u00e9s en danger en Tunisie ! - Kapitalis<\/title>\n<meta name=\"robots\" content=\"index, follow, max-snippet:-1, max-image-preview:large, max-video-preview:-1\" \/>\n<link rel=\"canonical\" href=\"https:\/\/kapitalis.com\/tunisie\/2022\/06\/10\/associations-les-libertes-en-danger-en-tunisie\/\" \/>\n<meta property=\"og:locale\" content=\"fr_FR\" \/>\n<meta property=\"og:type\" content=\"article\" \/>\n<meta property=\"og:title\" content=\"Associations : Les libert\u00e9s en danger en Tunisie ! - Kapitalis\" \/>\n<meta property=\"og:description\" content=\"Des associations appellent \u00e0 un rassemblement le mardi 14 juin \u00e0 18h devant l&#039;ambassade de Tunisie \u00e0 Paris... pour d\u00e9fendre l&#039;ind\u00e9pendance de la justice.\" \/>\n<meta property=\"og:url\" content=\"https:\/\/kapitalis.com\/tunisie\/2022\/06\/10\/associations-les-libertes-en-danger-en-tunisie\/\" \/>\n<meta property=\"og:site_name\" content=\"Kapitalis\" \/>\n<meta property=\"article:publisher\" content=\"https:\/\/www.facebook.com\/KapitalisInfo\/\" \/>\n<meta property=\"article:published_time\" content=\"2022-06-10T08:47:26+00:00\" \/>\n<meta property=\"article:modified_time\" content=\"2022-06-10T08:47:28+00:00\" \/>\n<meta property=\"og:image\" content=\"https:\/\/kapitalis.com\/tunisie\/wp-content\/uploads\/2022\/06\/Ambassade-de-Tunisie-en-France.jpg\" \/>\n\t<meta property=\"og:image:width\" content=\"1200\" \/>\n\t<meta property=\"og:image:height\" content=\"630\" \/>\n\t<meta property=\"og:image:type\" content=\"image\/jpeg\" \/>\n<meta name=\"author\" content=\"webmaster kapitalis\" \/>\n<meta name=\"twitter:card\" content=\"summary_large_image\" \/>\n<meta name=\"twitter:creator\" content=\"@KapitalisInfo\" \/>\n<meta name=\"twitter:site\" content=\"@KapitalisInfo\" \/>\n<meta name=\"twitter:label1\" content=\"\u00c9crit par\" \/>\n\t<meta name=\"twitter:data1\" content=\"webmaster kapitalis\" \/>\n\t<meta name=\"twitter:label2\" content=\"Dur\u00e9e de lecture estim\u00e9e\" \/>\n\t<meta name=\"twitter:data2\" content=\"3 minutes\" \/>\n<script type=\"application\/ld+json\" class=\"yoast-schema-graph\">{\"@context\":\"https:\/\/schema.org\",\"@graph\":[{\"@type\":\"Article\",\"@id\":\"https:\/\/kapitalis.com\/tunisie\/2022\/06\/10\/associations-les-libertes-en-danger-en-tunisie\/#article\",\"isPartOf\":{\"@id\":\"https:\/\/kapitalis.com\/tunisie\/2022\/06\/10\/associations-les-libertes-en-danger-en-tunisie\/\"},\"author\":{\"name\":\"webmaster kapitalis\",\"@id\":\"https:\/\/kapitalis.com\/tunisie\/#\/schema\/person\/d71f33a9ca44f7bad4698210b480c8e9\"},\"headline\":\"Associations : Les libert\u00e9s en danger en Tunisie !\",\"datePublished\":\"2022-06-10T08:47:26+00:00\",\"dateModified\":\"2022-06-10T08:47:28+00:00\",\"mainEntityOfPage\":{\"@id\":\"https:\/\/kapitalis.com\/tunisie\/2022\/06\/10\/associations-les-libertes-en-danger-en-tunisie\/\"},\"wordCount\":510,\"commentCount\":5,\"publisher\":{\"@id\":\"https:\/\/kapitalis.com\/tunisie\/#organization\"},\"image\":{\"@id\":\"https:\/\/kapitalis.com\/tunisie\/2022\/06\/10\/associations-les-libertes-en-danger-en-tunisie\/#primaryimage\"},\"thumbnailUrl\":\"https:\/\/kapitalis.com\/tunisie\/wp-content\/uploads\/2022\/06\/Ambassade-de-Tunisie-en-France.jpg\",\"keywords\":[\"ind\u00e9pendance de la justice\",\"libert\u00e9s\",\"r\u00e9vocation des juges\",\"s\u00e9paration des pouvoirs\",\"Tunisie\"],\"articleSection\":[\"POLITIQUE\",\"Tunisie\"],\"inLanguage\":\"fr-FR\",\"potentialAction\":[{\"@type\":\"CommentAction\",\"name\":\"Comment\",\"target\":[\"https:\/\/kapitalis.com\/tunisie\/2022\/06\/10\/associations-les-libertes-en-danger-en-tunisie\/#respond\"]}]},{\"@type\":\"WebPage\",\"@id\":\"https:\/\/kapitalis.com\/tunisie\/2022\/06\/10\/associations-les-libertes-en-danger-en-tunisie\/\",\"url\":\"https:\/\/kapitalis.com\/tunisie\/2022\/06\/10\/associations-les-libertes-en-danger-en-tunisie\/\",\"name\":\"Associations : Les libert\u00e9s en danger en Tunisie ! - Kapitalis\",\"isPartOf\":{\"@id\":\"https:\/\/kapitalis.com\/tunisie\/#website\"},\"primaryImageOfPage\":{\"@id\":\"https:\/\/kapitalis.com\/tunisie\/2022\/06\/10\/associations-les-libertes-en-danger-en-tunisie\/#primaryimage\"},\"image\":{\"@id\":\"https:\/\/kapitalis.com\/tunisie\/2022\/06\/10\/associations-les-libertes-en-danger-en-tunisie\/#primaryimage\"},\"thumbnailUrl\":\"https:\/\/kapitalis.com\/tunisie\/wp-content\/uploads\/2022\/06\/Ambassade-de-Tunisie-en-France.jpg\",\"datePublished\":\"2022-06-10T08:47:26+00:00\",\"dateModified\":\"2022-06-10T08:47:28+00:00\",\"breadcrumb\":{\"@id\":\"https:\/\/kapitalis.com\/tunisie\/2022\/06\/10\/associations-les-libertes-en-danger-en-tunisie\/#breadcrumb\"},\"inLanguage\":\"fr-FR\",\"potentialAction\":[{\"@type\":\"ReadAction\",\"target\":[\"https:\/\/kapitalis.com\/tunisie\/2022\/06\/10\/associations-les-libertes-en-danger-en-tunisie\/\"]}]},{\"@type\":\"ImageObject\",\"inLanguage\":\"fr-FR\",\"@id\":\"https:\/\/kapitalis.com\/tunisie\/2022\/06\/10\/associations-les-libertes-en-danger-en-tunisie\/#primaryimage\",\"url\":\"https:\/\/kapitalis.com\/tunisie\/wp-content\/uploads\/2022\/06\/Ambassade-de-Tunisie-en-France.jpg\",\"contentUrl\":\"https:\/\/kapitalis.com\/tunisie\/wp-content\/uploads\/2022\/06\/Ambassade-de-Tunisie-en-France.jpg\",\"width\":1200,\"height\":630},{\"@type\":\"BreadcrumbList\",\"@id\":\"https:\/\/kapitalis.com\/tunisie\/2022\/06\/10\/associations-les-libertes-en-danger-en-tunisie\/#breadcrumb\",\"itemListElement\":[{\"@type\":\"ListItem\",\"position\":1,\"name\":\"Accueil\",\"item\":\"https:\/\/kapitalis.com\/tunisie\/\"},{\"@type\":\"ListItem\",\"position\":2,\"name\":\"Associations : Les libert\u00e9s en danger en Tunisie !\"}]},{\"@type\":\"WebSite\",\"@id\":\"https:\/\/kapitalis.com\/tunisie\/#website\",\"url\":\"https:\/\/kapitalis.com\/tunisie\/\",\"name\":\"Kapitalis\",\"description\":\"L&#039;actualit\u00e9 en Tunisie et dans le monde\",\"publisher\":{\"@id\":\"https:\/\/kapitalis.com\/tunisie\/#organization\"},\"potentialAction\":[{\"@type\":\"SearchAction\",\"target\":{\"@type\":\"EntryPoint\",\"urlTemplate\":\"https:\/\/kapitalis.com\/tunisie\/?s={search_term_string}\"},\"query-input\":{\"@type\":\"PropertyValueSpecification\",\"valueRequired\":true,\"valueName\":\"search_term_string\"}}],\"inLanguage\":\"fr-FR\"},{\"@type\":\"Organization\",\"@id\":\"https:\/\/kapitalis.com\/tunisie\/#organization\",\"name\":\"Kapitalis\",\"url\":\"https:\/\/kapitalis.com\/tunisie\/\",\"logo\":{\"@type\":\"ImageObject\",\"inLanguage\":\"fr-FR\",\"@id\":\"https:\/\/kapitalis.com\/tunisie\/#\/schema\/logo\/image\/\",\"url\":\"https:\/\/kapitalis.com\/tunisie\/wp-content\/uploads\/2022\/05\/Kapitalis-big-size.png\",\"contentUrl\":\"https:\/\/kapitalis.com\/tunisie\/wp-content\/uploads\/2022\/05\/Kapitalis-big-size.png\",\"width\":5000,\"height\":1500,\"caption\":\"Kapitalis\"},\"image\":{\"@id\":\"https:\/\/kapitalis.com\/tunisie\/#\/schema\/logo\/image\/\"},\"sameAs\":[\"https:\/\/www.facebook.com\/KapitalisInfo\/\",\"https:\/\/x.com\/KapitalisInfo\",\"https:\/\/www.youtube.com\/channel\/UC-yDYrHyfFBWWZaOw3FPg9Q\"]},{\"@type\":\"Person\",\"@id\":\"https:\/\/kapitalis.com\/tunisie\/#\/schema\/person\/d71f33a9ca44f7bad4698210b480c8e9\",\"name\":\"webmaster kapitalis\",\"url\":\"https:\/\/kapitalis.com\/tunisie\/author\/webmaster-kapitalis\/\"}]}<\/script>\n<!-- \/ Yoast SEO plugin. -->","yoast_head_json":{"title":"Associations : Les libert\u00e9s en danger en Tunisie ! - Kapitalis","robots":{"index":"index","follow":"follow","max-snippet":"max-snippet:-1","max-image-preview":"max-image-preview:large","max-video-preview":"max-video-preview:-1"},"canonical":"https:\/\/kapitalis.com\/tunisie\/2022\/06\/10\/associations-les-libertes-en-danger-en-tunisie\/","og_locale":"fr_FR","og_type":"article","og_title":"Associations : Les libert\u00e9s en danger en Tunisie ! - Kapitalis","og_description":"Des associations appellent \u00e0 un rassemblement le mardi 14 juin \u00e0 18h devant l'ambassade de Tunisie \u00e0 Paris... pour d\u00e9fendre l'ind\u00e9pendance de la justice.","og_url":"https:\/\/kapitalis.com\/tunisie\/2022\/06\/10\/associations-les-libertes-en-danger-en-tunisie\/","og_site_name":"Kapitalis","article_publisher":"https:\/\/www.facebook.com\/KapitalisInfo\/","article_published_time":"2022-06-10T08:47:26+00:00","article_modified_time":"2022-06-10T08:47:28+00:00","og_image":[{"width":1200,"height":630,"url":"https:\/\/kapitalis.com\/tunisie\/wp-content\/uploads\/2022\/06\/Ambassade-de-Tunisie-en-France.jpg","type":"image\/jpeg"}],"author":"webmaster kapitalis","twitter_card":"summary_large_image","twitter_creator":"@KapitalisInfo","twitter_site":"@KapitalisInfo","twitter_misc":{"\u00c9crit par":"webmaster kapitalis","Dur\u00e9e de lecture estim\u00e9e":"3 minutes"},"schema":{"@context":"https:\/\/schema.org","@graph":[{"@type":"Article","@id":"https:\/\/kapitalis.com\/tunisie\/2022\/06\/10\/associations-les-libertes-en-danger-en-tunisie\/#article","isPartOf":{"@id":"https:\/\/kapitalis.com\/tunisie\/2022\/06\/10\/associations-les-libertes-en-danger-en-tunisie\/"},"author":{"name":"webmaster kapitalis","@id":"https:\/\/kapitalis.com\/tunisie\/#\/schema\/person\/d71f33a9ca44f7bad4698210b480c8e9"},"headline":"Associations : Les libert\u00e9s en danger en Tunisie !","datePublished":"2022-06-10T08:47:26+00:00","dateModified":"2022-06-10T08:47:28+00:00","mainEntityOfPage":{"@id":"https:\/\/kapitalis.com\/tunisie\/2022\/06\/10\/associations-les-libertes-en-danger-en-tunisie\/"},"wordCount":510,"commentCount":5,"publisher":{"@id":"https:\/\/kapitalis.com\/tunisie\/#organization"},"image":{"@id":"https:\/\/kapitalis.com\/tunisie\/2022\/06\/10\/associations-les-libertes-en-danger-en-tunisie\/#primaryimage"},"thumbnailUrl":"https:\/\/kapitalis.com\/tunisie\/wp-content\/uploads\/2022\/06\/Ambassade-de-Tunisie-en-France.jpg","keywords":["ind\u00e9pendance de la justice","libert\u00e9s","r\u00e9vocation des juges","s\u00e9paration des pouvoirs","Tunisie"],"articleSection":["POLITIQUE","Tunisie"],"inLanguage":"fr-FR","potentialAction":[{"@type":"CommentAction","name":"Comment","target":["https:\/\/kapitalis.com\/tunisie\/2022\/06\/10\/associations-les-libertes-en-danger-en-tunisie\/#respond"]}]},{"@type":"WebPage","@id":"https:\/\/kapitalis.com\/tunisie\/2022\/06\/10\/associations-les-libertes-en-danger-en-tunisie\/","url":"https:\/\/kapitalis.com\/tunisie\/2022\/06\/10\/associations-les-libertes-en-danger-en-tunisie\/","name":"Associations : Les libert\u00e9s en danger en Tunisie ! - Kapitalis","isPartOf":{"@id":"https:\/\/kapitalis.com\/tunisie\/#website"},"primaryImageOfPage":{"@id":"https:\/\/kapitalis.com\/tunisie\/2022\/06\/10\/associations-les-libertes-en-danger-en-tunisie\/#primaryimage"},"image":{"@id":"https:\/\/kapitalis.com\/tunisie\/2022\/06\/10\/associations-les-libertes-en-danger-en-tunisie\/#primaryimage"},"thumbnailUrl":"https:\/\/kapitalis.com\/tunisie\/wp-content\/uploads\/2022\/06\/Ambassade-de-Tunisie-en-France.jpg","datePublished":"2022-06-10T08:47:26+00:00","dateModified":"2022-06-10T08:47:28+00:00","breadcrumb":{"@id":"https:\/\/kapitalis.com\/tunisie\/2022\/06\/10\/associations-les-libertes-en-danger-en-tunisie\/#breadcrumb"},"inLanguage":"fr-FR","potentialAction":[{"@type":"ReadAction","target":["https:\/\/kapitalis.com\/tunisie\/2022\/06\/10\/associations-les-libertes-en-danger-en-tunisie\/"]}]},{"@type":"ImageObject","inLanguage":"fr-FR","@id":"https:\/\/kapitalis.com\/tunisie\/2022\/06\/10\/associations-les-libertes-en-danger-en-tunisie\/#primaryimage","url":"https:\/\/kapitalis.com\/tunisie\/wp-content\/uploads\/2022\/06\/Ambassade-de-Tunisie-en-France.jpg","contentUrl":"https:\/\/kapitalis.com\/tunisie\/wp-content\/uploads\/2022\/06\/Ambassade-de-Tunisie-en-France.jpg","width":1200,"height":630},{"@type":"BreadcrumbList","@id":"https:\/\/kapitalis.com\/tunisie\/2022\/06\/10\/associations-les-libertes-en-danger-en-tunisie\/#breadcrumb","itemListElement":[{"@type":"ListItem","position":1,"name":"Accueil","item":"https:\/\/kapitalis.com\/tunisie\/"},{"@type":"ListItem","position":2,"name":"Associations : Les libert\u00e9s en danger en Tunisie !"}]},{"@type":"WebSite","@id":"https:\/\/kapitalis.com\/tunisie\/#website","url":"https:\/\/kapitalis.com\/tunisie\/","name":"Kapitalis","description":"L&#039;actualit\u00e9 en Tunisie et dans le monde","publisher":{"@id":"https:\/\/kapitalis.com\/tunisie\/#organization"},"potentialAction":[{"@type":"SearchAction","target":{"@type":"EntryPoint","urlTemplate":"https:\/\/kapitalis.com\/tunisie\/?s={search_term_string}"},"query-input":{"@type":"PropertyValueSpecification","valueRequired":true,"valueName":"search_term_string"}}],"inLanguage":"fr-FR"},{"@type":"Organization","@id":"https:\/\/kapitalis.com\/tunisie\/#organization","name":"Kapitalis","url":"https:\/\/kapitalis.com\/tunisie\/","logo":{"@type":"ImageObject","inLanguage":"fr-FR","@id":"https:\/\/kapitalis.com\/tunisie\/#\/schema\/logo\/image\/","url":"https:\/\/kapitalis.com\/tunisie\/wp-content\/uploads\/2022\/05\/Kapitalis-big-size.png","contentUrl":"https:\/\/kapitalis.com\/tunisie\/wp-content\/uploads\/2022\/05\/Kapitalis-big-size.png","width":5000,"height":1500,"caption":"Kapitalis"},"image":{"@id":"https:\/\/kapitalis.com\/tunisie\/#\/schema\/logo\/image\/"},"sameAs":["https:\/\/www.facebook.com\/KapitalisInfo\/","https:\/\/x.com\/KapitalisInfo","https:\/\/www.youtube.com\/channel\/UC-yDYrHyfFBWWZaOw3FPg9Q"]},{"@type":"Person","@id":"https:\/\/kapitalis.com\/tunisie\/#\/schema\/person\/d71f33a9ca44f7bad4698210b480c8e9","name":"webmaster kapitalis","url":"https:\/\/kapitalis.com\/tunisie\/author\/webmaster-kapitalis\/"}]}},"_links":{"self":[{"href":"https:\/\/kapitalis.com\/tunisie\/wp-json\/wp\/v2\/posts\/1357879","targetHints":{"allow":["GET"]}}],"collection":[{"href":"https:\/\/kapitalis.com\/tunisie\/wp-json\/wp\/v2\/posts"}],"about":[{"href":"https:\/\/kapitalis.com\/tunisie\/wp-json\/wp\/v2\/types\/post"}],"author":[{"embeddable":true,"href":"https:\/\/kapitalis.com\/tunisie\/wp-json\/wp\/v2\/users\/8"}],"replies":[{"embeddable":true,"href":"https:\/\/kapitalis.com\/tunisie\/wp-json\/wp\/v2\/comments?post=1357879"}],"version-history":[{"count":0,"href":"https:\/\/kapitalis.com\/tunisie\/wp-json\/wp\/v2\/posts\/1357879\/revisions"}],"wp:featuredmedia":[{"embeddable":true,"href":"https:\/\/kapitalis.com\/tunisie\/wp-json\/wp\/v2\/media\/1358196"}],"wp:attachment":[{"href":"https:\/\/kapitalis.com\/tunisie\/wp-json\/wp\/v2\/media?parent=1357879"}],"wp:term":[{"taxonomy":"category","embeddable":true,"href":"https:\/\/kapitalis.com\/tunisie\/wp-json\/wp\/v2\/categories?post=1357879"},{"taxonomy":"post_tag","embeddable":true,"href":"https:\/\/kapitalis.com\/tunisie\/wp-json\/wp\/v2\/tags?post=1357879"}],"curies":[{"name":"wp","href":"https:\/\/api.w.org\/{rel}","templated":true}]}}