{"id":13580264,"date":"2024-07-17T02:23:01","date_gmt":"2024-07-17T01:23:01","guid":{"rendered":"https:\/\/kapitalis.com\/tunisie\/?p=13580264"},"modified":"2024-07-17T02:25:52","modified_gmt":"2024-07-17T01:25:52","slug":"soiree-de-la-chanson-tunisienne-au-festival-international-de-hammamet","status":"publish","type":"post","link":"https:\/\/kapitalis.com\/tunisie\/2024\/07\/17\/soiree-de-la-chanson-tunisienne-au-festival-international-de-hammamet\/","title":{"rendered":"Soir\u00e9e de la chanson tunisienne au Festival international de Hammamet"},"content":{"rendered":"\n<p><em><strong>La soir\u00e9e de la chanson tunisienne sera au rendez-vous au Festival international de Hammamet, dans la soir\u00e9e du 25 juillet 2024, sous la direction du maestro Mohamed Lassoued avec Ghazi El Ayadi , Asma Ben Ahmed et Mehdi Ayachi<\/strong><\/em><\/p>\n\n\n\n<!--more-->\n\n\n\n<p>Cette c\u00e9l\u00e9bration de la musique tunisienne rend hommage aux musiciens tunisiens qui ont marqu\u00e9 la sc\u00e8ne artistique par leurs apports sc\u00e9niques et leurs r\u00e9pertoires.<\/p>\n\n\n\n<p>Des talents qui ont enrichi la m\u00e9moire collective en Tunisie et la culture. Ghazi Ayadi, Mehdi Ayachi et Asma Ben Ahmed sont trois valeurs s\u00fbres de la sc\u00e8ne tunisienne : ils se distinguent par leurs talents, leurs prestances sur sc\u00e8ne et sont attendus par leur large public. Le trio puisera dans la richesse des textes extraits du patrimoine musical tunisien.<\/p>\n\n\n\n<p>\ud83c\udf9f\ufe0fLes Billets sont disponibles sur le site du Festival et Les billets physiques sont disponibles dans les points de vente au Guichet du Centre Culturel International de Hammamet et \u00e0 Tunis \u00e0 la Cit\u00e9 de la Culture.<\/p>\n\n\n\n<p class=\"has-text-align-right\"><strong>Communiqu\u00e9<\/strong><\/p>\n","protected":false},"excerpt":{"rendered":"<p>La soir\u00e9e de la chanson tunisienne sera au rendez-vous au Festival international de Hammamet, dans la soir\u00e9e du 25 juillet 2024, sous la direction du maestro Mohamed Lassoued avec Ghazi El Ayadi , Asma Ben Ahmed et Mehdi Ayachi<\/p>\n","protected":false},"author":6,"featured_media":13580272,"comment_status":"closed","ping_status":"open","sticky":false,"template":"","format":"standard","meta":{"footnotes":""},"categories":[994,2433],"tags":[80796,19897,439,62643],"class_list":["post-13580264","post","type-post","status-publish","format-standard","has-post-thumbnail","hentry","category-culture","category-tunisie","tag-chanson-tunisienne","tag-festival-international-de-hammamet","tag-hammamet","tag-tunisie"],"yoast_head":"<!-- This site is optimized with the Yoast SEO plugin v26.6 - https:\/\/yoast.com\/wordpress\/plugins\/seo\/ -->\n<title>Soir\u00e9e de la chanson tunisienne au Festival international de Hammamet - Kapitalis<\/title>\n<meta name=\"robots\" content=\"index, follow, max-snippet:-1, max-image-preview:large, max-video-preview:-1\" \/>\n<link rel=\"canonical\" href=\"https:\/\/kapitalis.com\/tunisie\/2024\/07\/17\/soiree-de-la-chanson-tunisienne-au-festival-international-de-hammamet\/\" \/>\n<meta property=\"og:locale\" content=\"fr_FR\" \/>\n<meta property=\"og:type\" content=\"article\" \/>\n<meta property=\"og:title\" content=\"Soir\u00e9e de la chanson tunisienne au Festival international de Hammamet - Kapitalis\" \/>\n<meta property=\"og:description\" content=\"La soir\u00e9e de la chanson tunisienne sera au rendez-vous au Festival international de Hammamet, dans la soir\u00e9e du 25 juillet 2024, sous la direction du maestro Mohamed Lassoued avec Ghazi El Ayadi , Asma Ben Ahmed et Mehdi Ayachi\" \/>\n<meta property=\"og:url\" content=\"https:\/\/kapitalis.com\/tunisie\/2024\/07\/17\/soiree-de-la-chanson-tunisienne-au-festival-international-de-hammamet\/\" \/>\n<meta property=\"og:site_name\" content=\"Kapitalis\" \/>\n<meta property=\"article:publisher\" content=\"https:\/\/www.facebook.com\/KapitalisInfo\/\" \/>\n<meta property=\"article:published_time\" content=\"2024-07-17T01:23:01+00:00\" \/>\n<meta property=\"article:modified_time\" content=\"2024-07-17T01:25:52+00:00\" \/>\n<meta property=\"og:image\" content=\"https:\/\/kapitalis.com\/tunisie\/wp-content\/uploads\/2024\/07\/Soiree-de-la-chanson-tunisienne.jpg\" \/>\n\t<meta property=\"og:image:width\" content=\"1200\" \/>\n\t<meta property=\"og:image:height\" content=\"630\" \/>\n\t<meta property=\"og:image:type\" content=\"image\/jpeg\" \/>\n<meta name=\"author\" content=\"Yusra NY\" \/>\n<meta name=\"twitter:card\" content=\"summary_large_image\" \/>\n<meta name=\"twitter:creator\" content=\"@KapitalisInfo\" \/>\n<meta name=\"twitter:site\" content=\"@KapitalisInfo\" \/>\n<meta name=\"twitter:label1\" content=\"\u00c9crit par\" \/>\n\t<meta name=\"twitter:data1\" content=\"Yusra NY\" \/>\n\t<meta name=\"twitter:label2\" content=\"Dur\u00e9e de lecture estim\u00e9e\" \/>\n\t<meta name=\"twitter:data2\" content=\"2 minutes\" \/>\n<script type=\"application\/ld+json\" class=\"yoast-schema-graph\">{\"@context\":\"https:\/\/schema.org\",\"@graph\":[{\"@type\":\"Article\",\"@id\":\"https:\/\/kapitalis.com\/tunisie\/2024\/07\/17\/soiree-de-la-chanson-tunisienne-au-festival-international-de-hammamet\/#article\",\"isPartOf\":{\"@id\":\"https:\/\/kapitalis.com\/tunisie\/2024\/07\/17\/soiree-de-la-chanson-tunisienne-au-festival-international-de-hammamet\/\"},\"author\":{\"name\":\"Yusra NY\",\"@id\":\"https:\/\/kapitalis.com\/tunisie\/#\/schema\/person\/74bbde0154d49d790a92aaeac5bc01d5\"},\"headline\":\"Soir\u00e9e de la chanson tunisienne au Festival international de Hammamet\",\"datePublished\":\"2024-07-17T01:23:01+00:00\",\"dateModified\":\"2024-07-17T01:25:52+00:00\",\"mainEntityOfPage\":{\"@id\":\"https:\/\/kapitalis.com\/tunisie\/2024\/07\/17\/soiree-de-la-chanson-tunisienne-au-festival-international-de-hammamet\/\"},\"wordCount\":177,\"publisher\":{\"@id\":\"https:\/\/kapitalis.com\/tunisie\/#organization\"},\"image\":{\"@id\":\"https:\/\/kapitalis.com\/tunisie\/2024\/07\/17\/soiree-de-la-chanson-tunisienne-au-festival-international-de-hammamet\/#primaryimage\"},\"thumbnailUrl\":\"https:\/\/kapitalis.com\/tunisie\/wp-content\/uploads\/2024\/07\/Soiree-de-la-chanson-tunisienne.jpg\",\"keywords\":[\"chanson tunisienne\",\"Festival international de Hammamet\",\"Hammamet\",\"Tunisie\"],\"articleSection\":[\"CULTURE\",\"Tunisie\"],\"inLanguage\":\"fr-FR\"},{\"@type\":\"WebPage\",\"@id\":\"https:\/\/kapitalis.com\/tunisie\/2024\/07\/17\/soiree-de-la-chanson-tunisienne-au-festival-international-de-hammamet\/\",\"url\":\"https:\/\/kapitalis.com\/tunisie\/2024\/07\/17\/soiree-de-la-chanson-tunisienne-au-festival-international-de-hammamet\/\",\"name\":\"Soir\u00e9e de la chanson tunisienne au Festival international de Hammamet - Kapitalis\",\"isPartOf\":{\"@id\":\"https:\/\/kapitalis.com\/tunisie\/#website\"},\"primaryImageOfPage\":{\"@id\":\"https:\/\/kapitalis.com\/tunisie\/2024\/07\/17\/soiree-de-la-chanson-tunisienne-au-festival-international-de-hammamet\/#primaryimage\"},\"image\":{\"@id\":\"https:\/\/kapitalis.com\/tunisie\/2024\/07\/17\/soiree-de-la-chanson-tunisienne-au-festival-international-de-hammamet\/#primaryimage\"},\"thumbnailUrl\":\"https:\/\/kapitalis.com\/tunisie\/wp-content\/uploads\/2024\/07\/Soiree-de-la-chanson-tunisienne.jpg\",\"datePublished\":\"2024-07-17T01:23:01+00:00\",\"dateModified\":\"2024-07-17T01:25:52+00:00\",\"breadcrumb\":{\"@id\":\"https:\/\/kapitalis.com\/tunisie\/2024\/07\/17\/soiree-de-la-chanson-tunisienne-au-festival-international-de-hammamet\/#breadcrumb\"},\"inLanguage\":\"fr-FR\",\"potentialAction\":[{\"@type\":\"ReadAction\",\"target\":[\"https:\/\/kapitalis.com\/tunisie\/2024\/07\/17\/soiree-de-la-chanson-tunisienne-au-festival-international-de-hammamet\/\"]}]},{\"@type\":\"ImageObject\",\"inLanguage\":\"fr-FR\",\"@id\":\"https:\/\/kapitalis.com\/tunisie\/2024\/07\/17\/soiree-de-la-chanson-tunisienne-au-festival-international-de-hammamet\/#primaryimage\",\"url\":\"https:\/\/kapitalis.com\/tunisie\/wp-content\/uploads\/2024\/07\/Soiree-de-la-chanson-tunisienne.jpg\",\"contentUrl\":\"https:\/\/kapitalis.com\/tunisie\/wp-content\/uploads\/2024\/07\/Soiree-de-la-chanson-tunisienne.jpg\",\"width\":1200,\"height\":630},{\"@type\":\"BreadcrumbList\",\"@id\":\"https:\/\/kapitalis.com\/tunisie\/2024\/07\/17\/soiree-de-la-chanson-tunisienne-au-festival-international-de-hammamet\/#breadcrumb\",\"itemListElement\":[{\"@type\":\"ListItem\",\"position\":1,\"name\":\"Accueil\",\"item\":\"https:\/\/kapitalis.com\/tunisie\/\"},{\"@type\":\"ListItem\",\"position\":2,\"name\":\"Soir\u00e9e de la chanson tunisienne au Festival international de Hammamet\"}]},{\"@type\":\"WebSite\",\"@id\":\"https:\/\/kapitalis.com\/tunisie\/#website\",\"url\":\"https:\/\/kapitalis.com\/tunisie\/\",\"name\":\"Kapitalis\",\"description\":\"L&#039;actualit\u00e9 en Tunisie et dans le monde\",\"publisher\":{\"@id\":\"https:\/\/kapitalis.com\/tunisie\/#organization\"},\"potentialAction\":[{\"@type\":\"SearchAction\",\"target\":{\"@type\":\"EntryPoint\",\"urlTemplate\":\"https:\/\/kapitalis.com\/tunisie\/?s={search_term_string}\"},\"query-input\":{\"@type\":\"PropertyValueSpecification\",\"valueRequired\":true,\"valueName\":\"search_term_string\"}}],\"inLanguage\":\"fr-FR\"},{\"@type\":\"Organization\",\"@id\":\"https:\/\/kapitalis.com\/tunisie\/#organization\",\"name\":\"Kapitalis\",\"url\":\"https:\/\/kapitalis.com\/tunisie\/\",\"logo\":{\"@type\":\"ImageObject\",\"inLanguage\":\"fr-FR\",\"@id\":\"https:\/\/kapitalis.com\/tunisie\/#\/schema\/logo\/image\/\",\"url\":\"https:\/\/kapitalis.com\/tunisie\/wp-content\/uploads\/2022\/05\/Kapitalis-big-size.png\",\"contentUrl\":\"https:\/\/kapitalis.com\/tunisie\/wp-content\/uploads\/2022\/05\/Kapitalis-big-size.png\",\"width\":5000,\"height\":1500,\"caption\":\"Kapitalis\"},\"image\":{\"@id\":\"https:\/\/kapitalis.com\/tunisie\/#\/schema\/logo\/image\/\"},\"sameAs\":[\"https:\/\/www.facebook.com\/KapitalisInfo\/\",\"https:\/\/x.com\/KapitalisInfo\",\"https:\/\/www.youtube.com\/channel\/UC-yDYrHyfFBWWZaOw3FPg9Q\"]},{\"@type\":\"Person\",\"@id\":\"https:\/\/kapitalis.com\/tunisie\/#\/schema\/person\/74bbde0154d49d790a92aaeac5bc01d5\",\"name\":\"Yusra NY\",\"url\":\"https:\/\/kapitalis.com\/tunisie\/author\/yuza_adam\/\"}]}<\/script>\n<!-- \/ Yoast SEO plugin. -->","yoast_head_json":{"title":"Soir\u00e9e de la chanson tunisienne au Festival international de Hammamet - Kapitalis","robots":{"index":"index","follow":"follow","max-snippet":"max-snippet:-1","max-image-preview":"max-image-preview:large","max-video-preview":"max-video-preview:-1"},"canonical":"https:\/\/kapitalis.com\/tunisie\/2024\/07\/17\/soiree-de-la-chanson-tunisienne-au-festival-international-de-hammamet\/","og_locale":"fr_FR","og_type":"article","og_title":"Soir\u00e9e de la chanson tunisienne au Festival international de Hammamet - Kapitalis","og_description":"La soir\u00e9e de la chanson tunisienne sera au rendez-vous au Festival international de Hammamet, dans la soir\u00e9e du 25 juillet 2024, sous la direction du maestro Mohamed Lassoued avec Ghazi El Ayadi , Asma Ben Ahmed et Mehdi Ayachi","og_url":"https:\/\/kapitalis.com\/tunisie\/2024\/07\/17\/soiree-de-la-chanson-tunisienne-au-festival-international-de-hammamet\/","og_site_name":"Kapitalis","article_publisher":"https:\/\/www.facebook.com\/KapitalisInfo\/","article_published_time":"2024-07-17T01:23:01+00:00","article_modified_time":"2024-07-17T01:25:52+00:00","og_image":[{"width":1200,"height":630,"url":"https:\/\/kapitalis.com\/tunisie\/wp-content\/uploads\/2024\/07\/Soiree-de-la-chanson-tunisienne.jpg","type":"image\/jpeg"}],"author":"Yusra NY","twitter_card":"summary_large_image","twitter_creator":"@KapitalisInfo","twitter_site":"@KapitalisInfo","twitter_misc":{"\u00c9crit par":"Yusra NY","Dur\u00e9e de lecture estim\u00e9e":"2 minutes"},"schema":{"@context":"https:\/\/schema.org","@graph":[{"@type":"Article","@id":"https:\/\/kapitalis.com\/tunisie\/2024\/07\/17\/soiree-de-la-chanson-tunisienne-au-festival-international-de-hammamet\/#article","isPartOf":{"@id":"https:\/\/kapitalis.com\/tunisie\/2024\/07\/17\/soiree-de-la-chanson-tunisienne-au-festival-international-de-hammamet\/"},"author":{"name":"Yusra NY","@id":"https:\/\/kapitalis.com\/tunisie\/#\/schema\/person\/74bbde0154d49d790a92aaeac5bc01d5"},"headline":"Soir\u00e9e de la chanson tunisienne au Festival international de Hammamet","datePublished":"2024-07-17T01:23:01+00:00","dateModified":"2024-07-17T01:25:52+00:00","mainEntityOfPage":{"@id":"https:\/\/kapitalis.com\/tunisie\/2024\/07\/17\/soiree-de-la-chanson-tunisienne-au-festival-international-de-hammamet\/"},"wordCount":177,"publisher":{"@id":"https:\/\/kapitalis.com\/tunisie\/#organization"},"image":{"@id":"https:\/\/kapitalis.com\/tunisie\/2024\/07\/17\/soiree-de-la-chanson-tunisienne-au-festival-international-de-hammamet\/#primaryimage"},"thumbnailUrl":"https:\/\/kapitalis.com\/tunisie\/wp-content\/uploads\/2024\/07\/Soiree-de-la-chanson-tunisienne.jpg","keywords":["chanson tunisienne","Festival international de Hammamet","Hammamet","Tunisie"],"articleSection":["CULTURE","Tunisie"],"inLanguage":"fr-FR"},{"@type":"WebPage","@id":"https:\/\/kapitalis.com\/tunisie\/2024\/07\/17\/soiree-de-la-chanson-tunisienne-au-festival-international-de-hammamet\/","url":"https:\/\/kapitalis.com\/tunisie\/2024\/07\/17\/soiree-de-la-chanson-tunisienne-au-festival-international-de-hammamet\/","name":"Soir\u00e9e de la chanson tunisienne au Festival international de Hammamet - Kapitalis","isPartOf":{"@id":"https:\/\/kapitalis.com\/tunisie\/#website"},"primaryImageOfPage":{"@id":"https:\/\/kapitalis.com\/tunisie\/2024\/07\/17\/soiree-de-la-chanson-tunisienne-au-festival-international-de-hammamet\/#primaryimage"},"image":{"@id":"https:\/\/kapitalis.com\/tunisie\/2024\/07\/17\/soiree-de-la-chanson-tunisienne-au-festival-international-de-hammamet\/#primaryimage"},"thumbnailUrl":"https:\/\/kapitalis.com\/tunisie\/wp-content\/uploads\/2024\/07\/Soiree-de-la-chanson-tunisienne.jpg","datePublished":"2024-07-17T01:23:01+00:00","dateModified":"2024-07-17T01:25:52+00:00","breadcrumb":{"@id":"https:\/\/kapitalis.com\/tunisie\/2024\/07\/17\/soiree-de-la-chanson-tunisienne-au-festival-international-de-hammamet\/#breadcrumb"},"inLanguage":"fr-FR","potentialAction":[{"@type":"ReadAction","target":["https:\/\/kapitalis.com\/tunisie\/2024\/07\/17\/soiree-de-la-chanson-tunisienne-au-festival-international-de-hammamet\/"]}]},{"@type":"ImageObject","inLanguage":"fr-FR","@id":"https:\/\/kapitalis.com\/tunisie\/2024\/07\/17\/soiree-de-la-chanson-tunisienne-au-festival-international-de-hammamet\/#primaryimage","url":"https:\/\/kapitalis.com\/tunisie\/wp-content\/uploads\/2024\/07\/Soiree-de-la-chanson-tunisienne.jpg","contentUrl":"https:\/\/kapitalis.com\/tunisie\/wp-content\/uploads\/2024\/07\/Soiree-de-la-chanson-tunisienne.jpg","width":1200,"height":630},{"@type":"BreadcrumbList","@id":"https:\/\/kapitalis.com\/tunisie\/2024\/07\/17\/soiree-de-la-chanson-tunisienne-au-festival-international-de-hammamet\/#breadcrumb","itemListElement":[{"@type":"ListItem","position":1,"name":"Accueil","item":"https:\/\/kapitalis.com\/tunisie\/"},{"@type":"ListItem","position":2,"name":"Soir\u00e9e de la chanson tunisienne au Festival international de Hammamet"}]},{"@type":"WebSite","@id":"https:\/\/kapitalis.com\/tunisie\/#website","url":"https:\/\/kapitalis.com\/tunisie\/","name":"Kapitalis","description":"L&#039;actualit\u00e9 en Tunisie et dans le monde","publisher":{"@id":"https:\/\/kapitalis.com\/tunisie\/#organization"},"potentialAction":[{"@type":"SearchAction","target":{"@type":"EntryPoint","urlTemplate":"https:\/\/kapitalis.com\/tunisie\/?s={search_term_string}"},"query-input":{"@type":"PropertyValueSpecification","valueRequired":true,"valueName":"search_term_string"}}],"inLanguage":"fr-FR"},{"@type":"Organization","@id":"https:\/\/kapitalis.com\/tunisie\/#organization","name":"Kapitalis","url":"https:\/\/kapitalis.com\/tunisie\/","logo":{"@type":"ImageObject","inLanguage":"fr-FR","@id":"https:\/\/kapitalis.com\/tunisie\/#\/schema\/logo\/image\/","url":"https:\/\/kapitalis.com\/tunisie\/wp-content\/uploads\/2022\/05\/Kapitalis-big-size.png","contentUrl":"https:\/\/kapitalis.com\/tunisie\/wp-content\/uploads\/2022\/05\/Kapitalis-big-size.png","width":5000,"height":1500,"caption":"Kapitalis"},"image":{"@id":"https:\/\/kapitalis.com\/tunisie\/#\/schema\/logo\/image\/"},"sameAs":["https:\/\/www.facebook.com\/KapitalisInfo\/","https:\/\/x.com\/KapitalisInfo","https:\/\/www.youtube.com\/channel\/UC-yDYrHyfFBWWZaOw3FPg9Q"]},{"@type":"Person","@id":"https:\/\/kapitalis.com\/tunisie\/#\/schema\/person\/74bbde0154d49d790a92aaeac5bc01d5","name":"Yusra NY","url":"https:\/\/kapitalis.com\/tunisie\/author\/yuza_adam\/"}]}},"_links":{"self":[{"href":"https:\/\/kapitalis.com\/tunisie\/wp-json\/wp\/v2\/posts\/13580264","targetHints":{"allow":["GET"]}}],"collection":[{"href":"https:\/\/kapitalis.com\/tunisie\/wp-json\/wp\/v2\/posts"}],"about":[{"href":"https:\/\/kapitalis.com\/tunisie\/wp-json\/wp\/v2\/types\/post"}],"author":[{"embeddable":true,"href":"https:\/\/kapitalis.com\/tunisie\/wp-json\/wp\/v2\/users\/6"}],"replies":[{"embeddable":true,"href":"https:\/\/kapitalis.com\/tunisie\/wp-json\/wp\/v2\/comments?post=13580264"}],"version-history":[{"count":3,"href":"https:\/\/kapitalis.com\/tunisie\/wp-json\/wp\/v2\/posts\/13580264\/revisions"}],"predecessor-version":[{"id":13580277,"href":"https:\/\/kapitalis.com\/tunisie\/wp-json\/wp\/v2\/posts\/13580264\/revisions\/13580277"}],"wp:featuredmedia":[{"embeddable":true,"href":"https:\/\/kapitalis.com\/tunisie\/wp-json\/wp\/v2\/media\/13580272"}],"wp:attachment":[{"href":"https:\/\/kapitalis.com\/tunisie\/wp-json\/wp\/v2\/media?parent=13580264"}],"wp:term":[{"taxonomy":"category","embeddable":true,"href":"https:\/\/kapitalis.com\/tunisie\/wp-json\/wp\/v2\/categories?post=13580264"},{"taxonomy":"post_tag","embeddable":true,"href":"https:\/\/kapitalis.com\/tunisie\/wp-json\/wp\/v2\/tags?post=13580264"}],"curies":[{"name":"wp","href":"https:\/\/api.w.org\/{rel}","templated":true}]}}