{"id":13580609,"date":"2024-07-17T08:03:24","date_gmt":"2024-07-17T07:03:24","guid":{"rendered":"https:\/\/kapitalis.com\/tunisie\/?p=13580609"},"modified":"2024-07-17T08:03:26","modified_gmt":"2024-07-17T07:03:26","slug":"vengeance-doutre-tombe-qassem-soleimani-hante-israel","status":"publish","type":"post","link":"https:\/\/kapitalis.com\/tunisie\/2024\/07\/17\/vengeance-doutre-tombe-qassem-soleimani-hante-israel\/","title":{"rendered":"Vengeance d\u2019outre-tombe: Qassem Soleimani hante Isra\u00ebl"},"content":{"rendered":"\n<p><strong><em>Qassem Soleimani, le g\u00e9n\u00e9ral qui dirigeait les Forces Al-Qods qui a constitu\u00e9 et form\u00e9 les groupes militaires de l\u2019axe pro-iranien dans le Moyen-Orient surnomm\u00e9 l\u2019Axe de la R\u00e9sistance et qui a \u00e9t\u00e9 tu\u00e9 sur ordre de Donald Trump le 3 janvier 2020, n\u2019est plus de ce monde mais les maillons de la cha\u00eene qu\u2019il a constitu\u00e9e lui ont surv\u00e9cu et sa strat\u00e9gie de Ceinture de feu autour d\u2019Isra\u00ebl porte ses fruits et \u00e9puise l\u2019arm\u00e9e isra\u00e9lienne d\u2019apr\u00e8s l\u2019analyse du g\u00e9n\u00e9ral isra\u00e9lien Giora Eiland.&nbsp;<\/em><\/strong><\/p>\n\n\n\n<p><strong>Imed Bahri<\/strong><\/p>\n\n\n\n<!--more-->\n\n\n\n<p>Il y a dix ans a eu lieu l\u2019offensive isra\u00e9lienne sur Gaza, op\u00e9ration surnomm\u00e9e par les Isra\u00e9liens&nbsp;<em>\u00abBordure protectrice\u00bb<\/em> qui \u00e9tait fortement meurtri\u00e8re co\u00fbtant la vie \u00e0 plus de 2000 Palestiniens et dirig\u00e9e \u00e0 l\u2019\u00e9poque aussi par le g\u00e9nocidaire Benjamin Netanyahu.<\/p>\n\n\n\n<p>Dans une tribune publi\u00e9e dans le journal isra\u00e9lien de droite <em>Yediot Aharonot<\/em>, le major g\u00e9n\u00e9ral \u00e0 la retraite et ancien pr\u00e9sident du conseil de s\u00e9curit\u00e9 isra\u00e9lien Giora Eiland \u00e9crit: <em>\u00abL\u2019op\u00e9ration \u2018\u2018Bordure protectrice\u2019\u2019 a dur\u00e9 deux mois (8 juillet &#8211; 26 ao\u00fbt 2014, Ndlr) au cours desquels 68 soldats et 6 civils isra\u00e9liens ont \u00e9t\u00e9 tu\u00e9s. Selon les normes de l\u2019\u00e9poque, l\u2019offensive \u00e9tait consid\u00e9r\u00e9e comme particuli\u00e8rement longue et le prix \u00e0 payer en morts \u00e9tait consid\u00e9r\u00e9 comme \u00e9lev\u00e9. La guerre \u00e0 Gaza est aujourd\u2019hui plus grave et plus douloureuse. M\u00eame si cela se situe entre les deux protagonistes et dans la m\u00eame r\u00e9gion, il est utile de comprendre les changements dramatiques survenus au cours de la derni\u00e8re d\u00e9cennie et qui affecteront \u00e9galement la d\u00e9cennie suivante.\u00bb<\/em><\/p>\n\n\n\n<h2 class=\"wp-block-heading\"><em>\u00abCeinture de feu\u00bb<\/em> autour d\u2019Isra\u00ebl<\/h2>\n\n\n\n<p>Le point de d\u00e9part du <em>\u00abchangement strat\u00e9gique n\u00e9gatif\u00bb<\/em> pour les Isra\u00e9liens est le plan \u00e9labor\u00e9 par Qassem Soleimani, le commandant de la Force Al-Qods iranienne (une unit\u00e9 d\u2019\u00e9lite du Corps des Gardiens de la r\u00e9volution islamique) il y a environ dix ans. Il a appel\u00e9 son plan <em>\u00abCeinture de feu\u00bb<\/em> autour d\u2019Isra\u00ebl et il comporte cinq dimensions: 1- cr\u00e9er une menace contre Isra\u00ebl de la part des milices pro-iraniennes en Syrie, en Irak et au Y\u00e9men; 2- doter ces milices d\u2019armes iraniennes tr\u00e8s avanc\u00e9es notamment des missiles de pr\u00e9cision \u00e0 large port\u00e9e, des drones, des h\u00e9licopt\u00e8res et des missiles antichars et antia\u00e9riens avanc\u00e9s; 3- \u00e9tablir une force commando compos\u00e9e de milliers de combattants entra\u00een\u00e9s et d\u00e9ploy\u00e9s pr\u00e8s des fronti\u00e8res isra\u00e9liennes au Liban et \u00e0 Gaza en ayant un \u0153il \u00e9galement sur le plateau du Golan; 4- apporter le plein soutien iranien y compris la volont\u00e9 de participer directement au conflit avec Isra\u00ebl; 5- renforcer la capacit\u00e9 iranienne de coordination et de timing entre toutes les forces. Du point de vue de l\u2019Iran, ce cinqui\u00e8me \u00e9l\u00e9ment est ce qui permettra de r\u00e9aliser la vision de l\u2019an\u00e9antissement d\u2019Isra\u00ebl.<\/p>\n\n\n\n<figure class=\"wp-block-embed is-type-wp-embed is-provider-kapitalis wp-block-embed-kapitalis\"><div class=\"wp-block-embed__wrapper\">\n<blockquote class=\"wp-embedded-content\" data-secret=\"VAY1E2LoYL\"><a href=\"https:\/\/kapitalis.com\/tunisie\/2024\/01\/22\/comment-la-guerre-a-gaza-a-relance-laxe-de-la-resistance\/\">Comment la guerre \u00e0 Gaza a relanc\u00e9 l\u2019Axe de la R\u00e9sistance<\/a><\/blockquote><iframe loading=\"lazy\" class=\"wp-embedded-content\" sandbox=\"allow-scripts\" security=\"restricted\" style=\"position: absolute; visibility: hidden;\" title=\"\u00ab\u00a0Comment la guerre \u00e0 Gaza a relanc\u00e9 l\u2019Axe de la R\u00e9sistance\u00a0\u00bb &#8212; Kapitalis\" src=\"https:\/\/kapitalis.com\/tunisie\/2024\/01\/22\/comment-la-guerre-a-gaza-a-relance-laxe-de-la-resistance\/embed\/#?secret=lP0nfjz06F#?secret=VAY1E2LoYL\" data-secret=\"VAY1E2LoYL\" width=\"600\" height=\"338\" frameborder=\"0\" marginwidth=\"0\" marginheight=\"0\" scrolling=\"no\"><\/iframe>\n<\/div><\/figure>\n\n\n\n<p>Giora Eiland constate en se lamentant: \u00abIl est d\u00e9cevant de savoir que les services de renseignements isra\u00e9liens ont correctement diagnostiqu\u00e9 les \u00e9l\u00e9ments de la vision iranienne et ont m\u00eame su en faire part publiquement en mars 2023 mais n\u2019ont pas pris soin de se pr\u00e9parer correctement.<\/p>\n\n\n\n<p>Celui qui a identifi\u00e9 d\u2019autres \u00e9l\u00e9ments inqui\u00e9tants depuis le d\u00e9but de l\u2019ann\u00e9e 2023 \u00e9tait le chef de la division de planification de l\u2019\u00e9poque le g\u00e9n\u00e9ral de r\u00e9serve Yaakov Benjo, accompagn\u00e9 de deux de ses officiers : Nir Yanai et Yonatan Nabo. Dans un article qu\u2019ils ont publi\u00e9 dans <em>Maarakhot<\/em>, ils ont soulign\u00e9 la fin de l\u2019\u00e2ge d\u2019or au cours duquel Isra\u00ebl jouissait d\u2019une capacit\u00e9 limit\u00e9e \u00e0 g\u00e9rer les confrontations avec l\u2019h\u00e9g\u00e9monie am\u00e9ricaine.<\/p>\n\n\n\n<h2 class=\"wp-block-heading\">D\u00e9t\u00e9rioration de la position strat\u00e9gique d\u2019Isra\u00ebl<\/h2>\n\n\n\n<p>Eiland poursuit: <em>\u00abCe que nous n\u2019avions pas compris \u00e0 la veille de l\u2019attaque du 7 octobre et nous devrions le comprendre et l\u2019assimiler maintenant, c\u2019est la d\u00e9t\u00e9rioration de la position strat\u00e9gique d\u2019Isra\u00ebl et le renforcement de la position de l\u2019Iran du fait de l\u2019axe avec la Russie et la Chine. L\u2019ennemi iranien a r\u00e9ussi \u00e0 combler une grande partie du retard technologique que nous avions et, en plus de cela, il est pr\u00eat \u00e0 entra\u00eener Isra\u00ebl dans une longue guerre d\u2019usure dans plusieurs domaines.\u00bb<\/em><\/p>\n\n\n\n<p>Eiland estime dans son analyse qu\u2019aujourd\u2019hui encore et apr\u00e8s neuf mois de guerre, les dirigeants isra\u00e9liens n\u2019ont pas encore compris le dangereux m\u00e9lange que repr\u00e9sente la poursuite de la guerre \u00e0 Gaza jusqu\u2019\u00e0 la<em> \u00abvictoire absolue\u00bb<\/em>, la poursuite de la guerre d\u2019usure au nord (qui ne s\u2019arr\u00eatera pas tant que les combats \u00e0 Gaza se poursuivent) et la politique suivie en Cisjordanie (qu\u2019ils appellent comme tous les supr\u00e9macistes sionistes Jud\u00e9e Samarie) qui pousse vers une Intifada en retenant l\u2019argent de l\u2019Autorit\u00e9 palestinienne et en harcelant les Palestiniens, ainsi que la d\u00e9t\u00e9rioration de la situation internationale d\u2019Isra\u00ebl avec un avenir \u00e9conomique dangereux et une crise des relations militaro-sociales principalement autour de la loi sur la conscription (pol\u00e9mique autour de l\u2019obligation des ultraorthodoxe \u00e0 servir dans l\u2019arm\u00e9e).<\/p>\n\n\n\n<figure class=\"wp-block-embed is-type-wp-embed is-provider-kapitalis wp-block-embed-kapitalis\"><div class=\"wp-block-embed__wrapper\">\n<blockquote class=\"wp-embedded-content\" data-secret=\"Cn7ZFh77JA\"><a href=\"https:\/\/kapitalis.com\/tunisie\/2024\/01\/11\/moyen-orient-jusquou-ira-linfluence-de-laxe-pro-iranien-video\/\">Moyen-Orient\u00a0: Jusqu\u2019o\u00f9 ira l\u2019influence de l\u2019Axe pro-iranien? (vid\u00e9o)<\/a><\/blockquote><iframe loading=\"lazy\" class=\"wp-embedded-content\" sandbox=\"allow-scripts\" security=\"restricted\" style=\"position: absolute; visibility: hidden;\" title=\"\u00ab\u00a0Moyen-Orient\u00a0: Jusqu\u2019o\u00f9 ira l\u2019influence de l\u2019Axe pro-iranien? (vid\u00e9o)\u00a0\u00bb &#8212; Kapitalis\" src=\"https:\/\/kapitalis.com\/tunisie\/2024\/01\/11\/moyen-orient-jusquou-ira-linfluence-de-laxe-pro-iranien-video\/embed\/#?secret=xQukv64JcK#?secret=Cn7ZFh77JA\" data-secret=\"Cn7ZFh77JA\" width=\"600\" height=\"338\" frameborder=\"0\" marginwidth=\"0\" marginheight=\"0\" scrolling=\"no\"><\/iframe>\n<\/div><\/figure>\n\n\n\n<p>Dans cet \u00e9tat des choses, selon lui, il est l\u00e9gitime d\u2019aspirer \u00e0 la fin de la guerre \u00e0 Gaza qui est une condition n\u00e9cessaire pour am\u00e9liorer tous les autres aspects. Il explique: <em>\u00abCela est justifi\u00e9 avant tout en raison de la n\u00e9cessit\u00e9 urgente d\u2019un accord pour lib\u00e9rer les otages mais pas seulement. D\u2019un point de vue militaire, le Hamas a \u00e9t\u00e9 assez durement touch\u00e9 et si nous savions comment l\u2019isoler politiquement et financi\u00e8rement, il ne sera pas en mesure de reconstruire sa force menac\u00e9e. M\u00eame si cela se produit, apr\u00e8s le retour des otages, nous pourrons rendre la situation encore plus douloureuse.\u00bb<\/em> <\/p>\n\n\n\n<p>Eiland consid\u00e8re que la diff\u00e9rence en 2014 et 2024 c\u2019est qu\u2019aujourd\u2019hui Isra\u00ebl est en conflit contre ce qu\u2019il appelle&nbsp;<em>\u00abl\u2019empire iranien\u00bb <\/em>et que poursuivre les conflits c\u2019est s\u2019\u00e9puiser et ne plus avoir la force n\u00e9cessaire pour contrer l\u2019Iran. Il \u00e9crit: <em>\u00abNous devons comprendre que contrairement \u00e0 l\u2019op\u00e9ration \u2018\u2018Bordure Protectrice\u2019\u2019 de 2014, nous avons un autre round contre une organisation terroriste et m\u00eame une lutte de d\u00e9fi existentiel contre un empire iranien qui a en partie r\u00e9ussi \u00e0 cr\u00e9er un cercle de feu autour de nous. Nous ne pourrons pas faire face \u00e0 cette menace au cours de la prochaine d\u00e9cennie si nous poursuivons la guerre d\u2019usure au sud et au nord, si nous \u00e9puisons nos capacit\u00e9s \u00e9conomiques et si nous ne savons pas comment restaurer l\u2019arm\u00e9e, notre situation internationale et la crise interne.\u00bb<\/em><\/p>\n","protected":false},"excerpt":{"rendered":"<p>Qassem Soleimani, le g\u00e9n\u00e9ral qui dirigeait les Forces Al-Qods qui a constitu\u00e9 et form\u00e9 les groupes militaires de l\u2019axe pro-iranien dans le Moyen-Orient surnomm\u00e9 l\u2019Axe de la R\u00e9sistance et qui a \u00e9t\u00e9 tu\u00e9 sur ordre de Donald Trump le 3 janvier 2020, n\u2019est plus de ce monde mais les maillons de la cha\u00eene qu\u2019il a&#8230;<\/p>\n","protected":false},"author":8,"featured_media":13580641,"comment_status":"closed","ping_status":"open","sticky":false,"template":"","format":"standard","meta":{"footnotes":""},"categories":[992,997,2433],"tags":[116982,78944,116983,2444,112965,497,2478,2739,72143,116984],"class_list":["post-13580609","post","type-post","status-publish","format-standard","has-post-thumbnail","hentry","category-a-la-une","category-politique","category-tunisie","tag-axe-de-la-resistance","tag-benjamin-netanyahu","tag-forces-al-qods","tag-gaza","tag-giora-eiland","tag-iran","tag-israel","tag-palestiniens","tag-qassem-soleimani","tag-yaakov-benjo"],"yoast_head":"<!-- This site is optimized with the Yoast SEO plugin v26.6 - https:\/\/yoast.com\/wordpress\/plugins\/seo\/ -->\n<title>Vengeance d\u2019outre-tombe: Qassem Soleimani hante Isra\u00ebl - Kapitalis<\/title>\n<meta name=\"robots\" content=\"index, follow, max-snippet:-1, max-image-preview:large, max-video-preview:-1\" \/>\n<link rel=\"canonical\" href=\"https:\/\/kapitalis.com\/tunisie\/2024\/07\/17\/vengeance-doutre-tombe-qassem-soleimani-hante-israel\/\" \/>\n<meta property=\"og:locale\" content=\"fr_FR\" \/>\n<meta property=\"og:type\" content=\"article\" \/>\n<meta property=\"og:title\" content=\"Vengeance d\u2019outre-tombe: Qassem Soleimani hante Isra\u00ebl - Kapitalis\" \/>\n<meta property=\"og:description\" content=\"Qassem Soleimani, le g\u00e9n\u00e9ral qui dirigeait les Forces Al-Qods qui a constitu\u00e9 et form\u00e9 les groupes militaires de l\u2019axe pro-iranien dans le Moyen-Orient surnomm\u00e9 l\u2019Axe de la R\u00e9sistance et qui a \u00e9t\u00e9 tu\u00e9 sur ordre de Donald Trump le 3 janvier 2020, n\u2019est plus de ce monde mais les maillons de la cha\u00eene qu\u2019il a...\" \/>\n<meta property=\"og:url\" content=\"https:\/\/kapitalis.com\/tunisie\/2024\/07\/17\/vengeance-doutre-tombe-qassem-soleimani-hante-israel\/\" \/>\n<meta property=\"og:site_name\" content=\"Kapitalis\" \/>\n<meta property=\"article:publisher\" content=\"https:\/\/www.facebook.com\/KapitalisInfo\/\" \/>\n<meta property=\"article:published_time\" content=\"2024-07-17T07:03:24+00:00\" \/>\n<meta property=\"article:modified_time\" content=\"2024-07-17T07:03:26+00:00\" \/>\n<meta property=\"og:image\" content=\"https:\/\/kapitalis.com\/tunisie\/wp-content\/uploads\/2024\/07\/Qassem-Soleimani-et-gouvernement-Israelien.jpg\" \/>\n\t<meta property=\"og:image:width\" content=\"1200\" \/>\n\t<meta property=\"og:image:height\" content=\"630\" \/>\n\t<meta property=\"og:image:type\" content=\"image\/jpeg\" \/>\n<meta name=\"author\" content=\"webmaster kapitalis\" \/>\n<meta name=\"twitter:card\" content=\"summary_large_image\" \/>\n<meta name=\"twitter:creator\" content=\"@KapitalisInfo\" \/>\n<meta name=\"twitter:site\" content=\"@KapitalisInfo\" \/>\n<meta name=\"twitter:label1\" content=\"\u00c9crit par\" \/>\n\t<meta name=\"twitter:data1\" content=\"webmaster kapitalis\" \/>\n\t<meta name=\"twitter:label2\" content=\"Dur\u00e9e de lecture estim\u00e9e\" \/>\n\t<meta name=\"twitter:data2\" content=\"6 minutes\" \/>\n<script type=\"application\/ld+json\" class=\"yoast-schema-graph\">{\"@context\":\"https:\/\/schema.org\",\"@graph\":[{\"@type\":\"Article\",\"@id\":\"https:\/\/kapitalis.com\/tunisie\/2024\/07\/17\/vengeance-doutre-tombe-qassem-soleimani-hante-israel\/#article\",\"isPartOf\":{\"@id\":\"https:\/\/kapitalis.com\/tunisie\/2024\/07\/17\/vengeance-doutre-tombe-qassem-soleimani-hante-israel\/\"},\"author\":{\"name\":\"webmaster kapitalis\",\"@id\":\"https:\/\/kapitalis.com\/tunisie\/#\/schema\/person\/d71f33a9ca44f7bad4698210b480c8e9\"},\"headline\":\"Vengeance d\u2019outre-tombe: Qassem Soleimani hante Isra\u00ebl\",\"datePublished\":\"2024-07-17T07:03:24+00:00\",\"dateModified\":\"2024-07-17T07:03:26+00:00\",\"mainEntityOfPage\":{\"@id\":\"https:\/\/kapitalis.com\/tunisie\/2024\/07\/17\/vengeance-doutre-tombe-qassem-soleimani-hante-israel\/\"},\"wordCount\":1199,\"publisher\":{\"@id\":\"https:\/\/kapitalis.com\/tunisie\/#organization\"},\"image\":{\"@id\":\"https:\/\/kapitalis.com\/tunisie\/2024\/07\/17\/vengeance-doutre-tombe-qassem-soleimani-hante-israel\/#primaryimage\"},\"thumbnailUrl\":\"https:\/\/kapitalis.com\/tunisie\/wp-content\/uploads\/2024\/07\/Qassem-Soleimani-et-gouvernement-Israelien.jpg\",\"keywords\":[\"Axe de la R\u00e9sistance\",\"Benjamin Netanyahu\",\"Forces Al-Qods\",\"Gaza\",\"Giora Eiland\",\"Iran\",\"Isra\u00ebl\",\"Palestiniens\",\"Qassem Soleimani\",\"Yaakov Benjo\"],\"articleSection\":[\"A LA UNE\",\"POLITIQUE\",\"Tunisie\"],\"inLanguage\":\"fr-FR\"},{\"@type\":\"WebPage\",\"@id\":\"https:\/\/kapitalis.com\/tunisie\/2024\/07\/17\/vengeance-doutre-tombe-qassem-soleimani-hante-israel\/\",\"url\":\"https:\/\/kapitalis.com\/tunisie\/2024\/07\/17\/vengeance-doutre-tombe-qassem-soleimani-hante-israel\/\",\"name\":\"Vengeance d\u2019outre-tombe: Qassem Soleimani hante Isra\u00ebl - Kapitalis\",\"isPartOf\":{\"@id\":\"https:\/\/kapitalis.com\/tunisie\/#website\"},\"primaryImageOfPage\":{\"@id\":\"https:\/\/kapitalis.com\/tunisie\/2024\/07\/17\/vengeance-doutre-tombe-qassem-soleimani-hante-israel\/#primaryimage\"},\"image\":{\"@id\":\"https:\/\/kapitalis.com\/tunisie\/2024\/07\/17\/vengeance-doutre-tombe-qassem-soleimani-hante-israel\/#primaryimage\"},\"thumbnailUrl\":\"https:\/\/kapitalis.com\/tunisie\/wp-content\/uploads\/2024\/07\/Qassem-Soleimani-et-gouvernement-Israelien.jpg\",\"datePublished\":\"2024-07-17T07:03:24+00:00\",\"dateModified\":\"2024-07-17T07:03:26+00:00\",\"breadcrumb\":{\"@id\":\"https:\/\/kapitalis.com\/tunisie\/2024\/07\/17\/vengeance-doutre-tombe-qassem-soleimani-hante-israel\/#breadcrumb\"},\"inLanguage\":\"fr-FR\",\"potentialAction\":[{\"@type\":\"ReadAction\",\"target\":[\"https:\/\/kapitalis.com\/tunisie\/2024\/07\/17\/vengeance-doutre-tombe-qassem-soleimani-hante-israel\/\"]}]},{\"@type\":\"ImageObject\",\"inLanguage\":\"fr-FR\",\"@id\":\"https:\/\/kapitalis.com\/tunisie\/2024\/07\/17\/vengeance-doutre-tombe-qassem-soleimani-hante-israel\/#primaryimage\",\"url\":\"https:\/\/kapitalis.com\/tunisie\/wp-content\/uploads\/2024\/07\/Qassem-Soleimani-et-gouvernement-Israelien.jpg\",\"contentUrl\":\"https:\/\/kapitalis.com\/tunisie\/wp-content\/uploads\/2024\/07\/Qassem-Soleimani-et-gouvernement-Israelien.jpg\",\"width\":1200,\"height\":630},{\"@type\":\"BreadcrumbList\",\"@id\":\"https:\/\/kapitalis.com\/tunisie\/2024\/07\/17\/vengeance-doutre-tombe-qassem-soleimani-hante-israel\/#breadcrumb\",\"itemListElement\":[{\"@type\":\"ListItem\",\"position\":1,\"name\":\"Accueil\",\"item\":\"https:\/\/kapitalis.com\/tunisie\/\"},{\"@type\":\"ListItem\",\"position\":2,\"name\":\"Vengeance d\u2019outre-tombe: Qassem Soleimani hante Isra\u00ebl\"}]},{\"@type\":\"WebSite\",\"@id\":\"https:\/\/kapitalis.com\/tunisie\/#website\",\"url\":\"https:\/\/kapitalis.com\/tunisie\/\",\"name\":\"Kapitalis\",\"description\":\"L&#039;actualit\u00e9 en Tunisie et dans le monde\",\"publisher\":{\"@id\":\"https:\/\/kapitalis.com\/tunisie\/#organization\"},\"potentialAction\":[{\"@type\":\"SearchAction\",\"target\":{\"@type\":\"EntryPoint\",\"urlTemplate\":\"https:\/\/kapitalis.com\/tunisie\/?s={search_term_string}\"},\"query-input\":{\"@type\":\"PropertyValueSpecification\",\"valueRequired\":true,\"valueName\":\"search_term_string\"}}],\"inLanguage\":\"fr-FR\"},{\"@type\":\"Organization\",\"@id\":\"https:\/\/kapitalis.com\/tunisie\/#organization\",\"name\":\"Kapitalis\",\"url\":\"https:\/\/kapitalis.com\/tunisie\/\",\"logo\":{\"@type\":\"ImageObject\",\"inLanguage\":\"fr-FR\",\"@id\":\"https:\/\/kapitalis.com\/tunisie\/#\/schema\/logo\/image\/\",\"url\":\"https:\/\/kapitalis.com\/tunisie\/wp-content\/uploads\/2022\/05\/Kapitalis-big-size.png\",\"contentUrl\":\"https:\/\/kapitalis.com\/tunisie\/wp-content\/uploads\/2022\/05\/Kapitalis-big-size.png\",\"width\":5000,\"height\":1500,\"caption\":\"Kapitalis\"},\"image\":{\"@id\":\"https:\/\/kapitalis.com\/tunisie\/#\/schema\/logo\/image\/\"},\"sameAs\":[\"https:\/\/www.facebook.com\/KapitalisInfo\/\",\"https:\/\/x.com\/KapitalisInfo\",\"https:\/\/www.youtube.com\/channel\/UC-yDYrHyfFBWWZaOw3FPg9Q\"]},{\"@type\":\"Person\",\"@id\":\"https:\/\/kapitalis.com\/tunisie\/#\/schema\/person\/d71f33a9ca44f7bad4698210b480c8e9\",\"name\":\"webmaster kapitalis\",\"url\":\"https:\/\/kapitalis.com\/tunisie\/author\/webmaster-kapitalis\/\"}]}<\/script>\n<!-- \/ Yoast SEO plugin. -->","yoast_head_json":{"title":"Vengeance d\u2019outre-tombe: Qassem Soleimani hante Isra\u00ebl - Kapitalis","robots":{"index":"index","follow":"follow","max-snippet":"max-snippet:-1","max-image-preview":"max-image-preview:large","max-video-preview":"max-video-preview:-1"},"canonical":"https:\/\/kapitalis.com\/tunisie\/2024\/07\/17\/vengeance-doutre-tombe-qassem-soleimani-hante-israel\/","og_locale":"fr_FR","og_type":"article","og_title":"Vengeance d\u2019outre-tombe: Qassem Soleimani hante Isra\u00ebl - Kapitalis","og_description":"Qassem Soleimani, le g\u00e9n\u00e9ral qui dirigeait les Forces Al-Qods qui a constitu\u00e9 et form\u00e9 les groupes militaires de l\u2019axe pro-iranien dans le Moyen-Orient surnomm\u00e9 l\u2019Axe de la R\u00e9sistance et qui a \u00e9t\u00e9 tu\u00e9 sur ordre de Donald Trump le 3 janvier 2020, n\u2019est plus de ce monde mais les maillons de la cha\u00eene qu\u2019il a...","og_url":"https:\/\/kapitalis.com\/tunisie\/2024\/07\/17\/vengeance-doutre-tombe-qassem-soleimani-hante-israel\/","og_site_name":"Kapitalis","article_publisher":"https:\/\/www.facebook.com\/KapitalisInfo\/","article_published_time":"2024-07-17T07:03:24+00:00","article_modified_time":"2024-07-17T07:03:26+00:00","og_image":[{"width":1200,"height":630,"url":"https:\/\/kapitalis.com\/tunisie\/wp-content\/uploads\/2024\/07\/Qassem-Soleimani-et-gouvernement-Israelien.jpg","type":"image\/jpeg"}],"author":"webmaster kapitalis","twitter_card":"summary_large_image","twitter_creator":"@KapitalisInfo","twitter_site":"@KapitalisInfo","twitter_misc":{"\u00c9crit par":"webmaster kapitalis","Dur\u00e9e de lecture estim\u00e9e":"6 minutes"},"schema":{"@context":"https:\/\/schema.org","@graph":[{"@type":"Article","@id":"https:\/\/kapitalis.com\/tunisie\/2024\/07\/17\/vengeance-doutre-tombe-qassem-soleimani-hante-israel\/#article","isPartOf":{"@id":"https:\/\/kapitalis.com\/tunisie\/2024\/07\/17\/vengeance-doutre-tombe-qassem-soleimani-hante-israel\/"},"author":{"name":"webmaster kapitalis","@id":"https:\/\/kapitalis.com\/tunisie\/#\/schema\/person\/d71f33a9ca44f7bad4698210b480c8e9"},"headline":"Vengeance d\u2019outre-tombe: Qassem Soleimani hante Isra\u00ebl","datePublished":"2024-07-17T07:03:24+00:00","dateModified":"2024-07-17T07:03:26+00:00","mainEntityOfPage":{"@id":"https:\/\/kapitalis.com\/tunisie\/2024\/07\/17\/vengeance-doutre-tombe-qassem-soleimani-hante-israel\/"},"wordCount":1199,"publisher":{"@id":"https:\/\/kapitalis.com\/tunisie\/#organization"},"image":{"@id":"https:\/\/kapitalis.com\/tunisie\/2024\/07\/17\/vengeance-doutre-tombe-qassem-soleimani-hante-israel\/#primaryimage"},"thumbnailUrl":"https:\/\/kapitalis.com\/tunisie\/wp-content\/uploads\/2024\/07\/Qassem-Soleimani-et-gouvernement-Israelien.jpg","keywords":["Axe de la R\u00e9sistance","Benjamin Netanyahu","Forces Al-Qods","Gaza","Giora Eiland","Iran","Isra\u00ebl","Palestiniens","Qassem Soleimani","Yaakov Benjo"],"articleSection":["A LA UNE","POLITIQUE","Tunisie"],"inLanguage":"fr-FR"},{"@type":"WebPage","@id":"https:\/\/kapitalis.com\/tunisie\/2024\/07\/17\/vengeance-doutre-tombe-qassem-soleimani-hante-israel\/","url":"https:\/\/kapitalis.com\/tunisie\/2024\/07\/17\/vengeance-doutre-tombe-qassem-soleimani-hante-israel\/","name":"Vengeance d\u2019outre-tombe: Qassem Soleimani hante Isra\u00ebl - Kapitalis","isPartOf":{"@id":"https:\/\/kapitalis.com\/tunisie\/#website"},"primaryImageOfPage":{"@id":"https:\/\/kapitalis.com\/tunisie\/2024\/07\/17\/vengeance-doutre-tombe-qassem-soleimani-hante-israel\/#primaryimage"},"image":{"@id":"https:\/\/kapitalis.com\/tunisie\/2024\/07\/17\/vengeance-doutre-tombe-qassem-soleimani-hante-israel\/#primaryimage"},"thumbnailUrl":"https:\/\/kapitalis.com\/tunisie\/wp-content\/uploads\/2024\/07\/Qassem-Soleimani-et-gouvernement-Israelien.jpg","datePublished":"2024-07-17T07:03:24+00:00","dateModified":"2024-07-17T07:03:26+00:00","breadcrumb":{"@id":"https:\/\/kapitalis.com\/tunisie\/2024\/07\/17\/vengeance-doutre-tombe-qassem-soleimani-hante-israel\/#breadcrumb"},"inLanguage":"fr-FR","potentialAction":[{"@type":"ReadAction","target":["https:\/\/kapitalis.com\/tunisie\/2024\/07\/17\/vengeance-doutre-tombe-qassem-soleimani-hante-israel\/"]}]},{"@type":"ImageObject","inLanguage":"fr-FR","@id":"https:\/\/kapitalis.com\/tunisie\/2024\/07\/17\/vengeance-doutre-tombe-qassem-soleimani-hante-israel\/#primaryimage","url":"https:\/\/kapitalis.com\/tunisie\/wp-content\/uploads\/2024\/07\/Qassem-Soleimani-et-gouvernement-Israelien.jpg","contentUrl":"https:\/\/kapitalis.com\/tunisie\/wp-content\/uploads\/2024\/07\/Qassem-Soleimani-et-gouvernement-Israelien.jpg","width":1200,"height":630},{"@type":"BreadcrumbList","@id":"https:\/\/kapitalis.com\/tunisie\/2024\/07\/17\/vengeance-doutre-tombe-qassem-soleimani-hante-israel\/#breadcrumb","itemListElement":[{"@type":"ListItem","position":1,"name":"Accueil","item":"https:\/\/kapitalis.com\/tunisie\/"},{"@type":"ListItem","position":2,"name":"Vengeance d\u2019outre-tombe: Qassem Soleimani hante Isra\u00ebl"}]},{"@type":"WebSite","@id":"https:\/\/kapitalis.com\/tunisie\/#website","url":"https:\/\/kapitalis.com\/tunisie\/","name":"Kapitalis","description":"L&#039;actualit\u00e9 en Tunisie et dans le monde","publisher":{"@id":"https:\/\/kapitalis.com\/tunisie\/#organization"},"potentialAction":[{"@type":"SearchAction","target":{"@type":"EntryPoint","urlTemplate":"https:\/\/kapitalis.com\/tunisie\/?s={search_term_string}"},"query-input":{"@type":"PropertyValueSpecification","valueRequired":true,"valueName":"search_term_string"}}],"inLanguage":"fr-FR"},{"@type":"Organization","@id":"https:\/\/kapitalis.com\/tunisie\/#organization","name":"Kapitalis","url":"https:\/\/kapitalis.com\/tunisie\/","logo":{"@type":"ImageObject","inLanguage":"fr-FR","@id":"https:\/\/kapitalis.com\/tunisie\/#\/schema\/logo\/image\/","url":"https:\/\/kapitalis.com\/tunisie\/wp-content\/uploads\/2022\/05\/Kapitalis-big-size.png","contentUrl":"https:\/\/kapitalis.com\/tunisie\/wp-content\/uploads\/2022\/05\/Kapitalis-big-size.png","width":5000,"height":1500,"caption":"Kapitalis"},"image":{"@id":"https:\/\/kapitalis.com\/tunisie\/#\/schema\/logo\/image\/"},"sameAs":["https:\/\/www.facebook.com\/KapitalisInfo\/","https:\/\/x.com\/KapitalisInfo","https:\/\/www.youtube.com\/channel\/UC-yDYrHyfFBWWZaOw3FPg9Q"]},{"@type":"Person","@id":"https:\/\/kapitalis.com\/tunisie\/#\/schema\/person\/d71f33a9ca44f7bad4698210b480c8e9","name":"webmaster kapitalis","url":"https:\/\/kapitalis.com\/tunisie\/author\/webmaster-kapitalis\/"}]}},"_links":{"self":[{"href":"https:\/\/kapitalis.com\/tunisie\/wp-json\/wp\/v2\/posts\/13580609","targetHints":{"allow":["GET"]}}],"collection":[{"href":"https:\/\/kapitalis.com\/tunisie\/wp-json\/wp\/v2\/posts"}],"about":[{"href":"https:\/\/kapitalis.com\/tunisie\/wp-json\/wp\/v2\/types\/post"}],"author":[{"embeddable":true,"href":"https:\/\/kapitalis.com\/tunisie\/wp-json\/wp\/v2\/users\/8"}],"replies":[{"embeddable":true,"href":"https:\/\/kapitalis.com\/tunisie\/wp-json\/wp\/v2\/comments?post=13580609"}],"version-history":[{"count":3,"href":"https:\/\/kapitalis.com\/tunisie\/wp-json\/wp\/v2\/posts\/13580609\/revisions"}],"predecessor-version":[{"id":13580693,"href":"https:\/\/kapitalis.com\/tunisie\/wp-json\/wp\/v2\/posts\/13580609\/revisions\/13580693"}],"wp:featuredmedia":[{"embeddable":true,"href":"https:\/\/kapitalis.com\/tunisie\/wp-json\/wp\/v2\/media\/13580641"}],"wp:attachment":[{"href":"https:\/\/kapitalis.com\/tunisie\/wp-json\/wp\/v2\/media?parent=13580609"}],"wp:term":[{"taxonomy":"category","embeddable":true,"href":"https:\/\/kapitalis.com\/tunisie\/wp-json\/wp\/v2\/categories?post=13580609"},{"taxonomy":"post_tag","embeddable":true,"href":"https:\/\/kapitalis.com\/tunisie\/wp-json\/wp\/v2\/tags?post=13580609"}],"curies":[{"name":"wp","href":"https:\/\/api.w.org\/{rel}","templated":true}]}}