{"id":13584262,"date":"2024-07-17T21:39:09","date_gmt":"2024-07-17T20:39:09","guid":{"rendered":"https:\/\/kapitalis.com\/tunisie\/?p=13584262"},"modified":"2024-07-18T06:18:47","modified_gmt":"2024-07-18T05:18:47","slug":"presidentielle-2024-le-mouvement-echaab-devoile-lidentite-de-son-candidat","status":"publish","type":"post","link":"https:\/\/kapitalis.com\/tunisie\/2024\/07\/17\/presidentielle-2024-le-mouvement-echaab-devoile-lidentite-de-son-candidat\/","title":{"rendered":"Pr\u00e9sidentielle 2024 : Le mouvement Echa\u00e2b d\u00e9voile l&rsquo;identit\u00e9 de son candidat"},"content":{"rendered":"\n<p><strong><em>Le mouvement Echa\u00e2b a d\u00e9voil\u00e9, ce mercredi 17 juillet 2024, l&rsquo;identit\u00e9 de son candidat \u00e0 l&rsquo;\u00e9lection pr\u00e9sidentielle du 6 octobre 2024.<\/em><\/strong><\/p>\n\n\n\n<!--more-->\n\n\n\n<p>A l&rsquo;issue de sa r\u00e9union tenue dimanche dernier, le Conseil national du mouvement Echa\u00e2b avait annonc\u00e9 son intention de pr\u00e9senter un candidat \u00e0 la pr\u00e9sidentielle, en affirmant que son nom sera d\u00e9voil\u00e9 ult\u00e9rieurement.<\/p>\n\n\n\n<p>Le Mouvement a de ce fait annonc\u00e9 ce jour que son secr\u00e9taire g\u00e9n\u00e9ral Zouhair Maghzaoui sera son candidat pour le 6 octobre, sachant que ce dernier a r\u00e9cup\u00e9r\u00e9 un formulaure de parrainages aupr\u00e8s de l\u2019Instance sup\u00e9rieure ind\u00e9pendantes des \u00e9lections (Isie).<\/p>\n\n\n\n<p class=\"has-text-align-right\"><strong>Y. N.<\/strong><\/p>\n","protected":false},"excerpt":{"rendered":"<p>Le mouvement Echa\u00e2b a d\u00e9voil\u00e9, ce mercredi 17 juillet 2024, l&rsquo;identit\u00e9 de son candidat \u00e0 l&rsquo;\u00e9lection pr\u00e9sidentielle du 6 octobre 2024.<\/p>\n","protected":false},"author":6,"featured_media":3673919,"comment_status":"closed","ping_status":"open","sticky":false,"template":"","format":"standard","meta":{"footnotes":""},"categories":[997,2433],"tags":[116881,1363,499,18689,4797,62643],"class_list":["post-13584262","post","type-post","status-publish","format-standard","has-post-thumbnail","hentry","category-politique","category-tunisie","tag-6-octobre-2024","tag-candidat","tag-isie","tag-mouvement-echaab","tag-presidentielle","tag-tunisie"],"yoast_head":"<!-- This site is optimized with the Yoast SEO plugin v26.6 - https:\/\/yoast.com\/wordpress\/plugins\/seo\/ -->\n<title>Pr\u00e9sidentielle 2024 : Le mouvement Echa\u00e2b d\u00e9voile l&#039;identit\u00e9 de son candidat - Kapitalis<\/title>\n<meta name=\"robots\" content=\"index, follow, max-snippet:-1, max-image-preview:large, max-video-preview:-1\" \/>\n<link rel=\"canonical\" href=\"https:\/\/kapitalis.com\/tunisie\/2024\/07\/17\/presidentielle-2024-le-mouvement-echaab-devoile-lidentite-de-son-candidat\/\" \/>\n<meta property=\"og:locale\" content=\"fr_FR\" \/>\n<meta property=\"og:type\" content=\"article\" \/>\n<meta property=\"og:title\" content=\"Pr\u00e9sidentielle 2024 : Le mouvement Echa\u00e2b d\u00e9voile l&#039;identit\u00e9 de son candidat - Kapitalis\" \/>\n<meta property=\"og:description\" content=\"Le mouvement Echa\u00e2b a d\u00e9voil\u00e9, ce mercredi 17 juillet 2024, l&rsquo;identit\u00e9 de son candidat \u00e0 l&rsquo;\u00e9lection pr\u00e9sidentielle du 6 octobre 2024.\" \/>\n<meta property=\"og:url\" content=\"https:\/\/kapitalis.com\/tunisie\/2024\/07\/17\/presidentielle-2024-le-mouvement-echaab-devoile-lidentite-de-son-candidat\/\" \/>\n<meta property=\"og:site_name\" content=\"Kapitalis\" \/>\n<meta property=\"article:publisher\" content=\"https:\/\/www.facebook.com\/KapitalisInfo\/\" \/>\n<meta property=\"article:published_time\" content=\"2024-07-17T20:39:09+00:00\" \/>\n<meta property=\"article:modified_time\" content=\"2024-07-18T05:18:47+00:00\" \/>\n<meta property=\"og:image\" content=\"https:\/\/kapitalis.com\/tunisie\/wp-content\/uploads\/2022\/09\/Mouvement-Echaab.jpg\" \/>\n\t<meta property=\"og:image:width\" content=\"1200\" \/>\n\t<meta property=\"og:image:height\" content=\"630\" \/>\n\t<meta property=\"og:image:type\" content=\"image\/jpeg\" \/>\n<meta name=\"author\" content=\"Yusra NY\" \/>\n<meta name=\"twitter:card\" content=\"summary_large_image\" \/>\n<meta name=\"twitter:creator\" content=\"@KapitalisInfo\" \/>\n<meta name=\"twitter:site\" content=\"@KapitalisInfo\" \/>\n<meta name=\"twitter:label1\" content=\"\u00c9crit par\" \/>\n\t<meta name=\"twitter:data1\" content=\"Yusra NY\" \/>\n\t<meta name=\"twitter:label2\" content=\"Dur\u00e9e de lecture estim\u00e9e\" \/>\n\t<meta name=\"twitter:data2\" content=\"1 minute\" \/>\n<script type=\"application\/ld+json\" class=\"yoast-schema-graph\">{\"@context\":\"https:\/\/schema.org\",\"@graph\":[{\"@type\":\"Article\",\"@id\":\"https:\/\/kapitalis.com\/tunisie\/2024\/07\/17\/presidentielle-2024-le-mouvement-echaab-devoile-lidentite-de-son-candidat\/#article\",\"isPartOf\":{\"@id\":\"https:\/\/kapitalis.com\/tunisie\/2024\/07\/17\/presidentielle-2024-le-mouvement-echaab-devoile-lidentite-de-son-candidat\/\"},\"author\":{\"name\":\"Yusra NY\",\"@id\":\"https:\/\/kapitalis.com\/tunisie\/#\/schema\/person\/74bbde0154d49d790a92aaeac5bc01d5\"},\"headline\":\"Pr\u00e9sidentielle 2024 : Le mouvement Echa\u00e2b d\u00e9voile l&rsquo;identit\u00e9 de son candidat\",\"datePublished\":\"2024-07-17T20:39:09+00:00\",\"dateModified\":\"2024-07-18T05:18:47+00:00\",\"mainEntityOfPage\":{\"@id\":\"https:\/\/kapitalis.com\/tunisie\/2024\/07\/17\/presidentielle-2024-le-mouvement-echaab-devoile-lidentite-de-son-candidat\/\"},\"wordCount\":120,\"publisher\":{\"@id\":\"https:\/\/kapitalis.com\/tunisie\/#organization\"},\"image\":{\"@id\":\"https:\/\/kapitalis.com\/tunisie\/2024\/07\/17\/presidentielle-2024-le-mouvement-echaab-devoile-lidentite-de-son-candidat\/#primaryimage\"},\"thumbnailUrl\":\"https:\/\/kapitalis.com\/tunisie\/wp-content\/uploads\/2022\/09\/Mouvement-Echaab.jpg\",\"keywords\":[\"6 octobre 2024\",\"candidat\",\"Isie\",\"Mouvement Echa\u00e2b\",\"pr\u00e9sidentielle\",\"Tunisie\"],\"articleSection\":[\"POLITIQUE\",\"Tunisie\"],\"inLanguage\":\"fr-FR\"},{\"@type\":\"WebPage\",\"@id\":\"https:\/\/kapitalis.com\/tunisie\/2024\/07\/17\/presidentielle-2024-le-mouvement-echaab-devoile-lidentite-de-son-candidat\/\",\"url\":\"https:\/\/kapitalis.com\/tunisie\/2024\/07\/17\/presidentielle-2024-le-mouvement-echaab-devoile-lidentite-de-son-candidat\/\",\"name\":\"Pr\u00e9sidentielle 2024 : Le mouvement Echa\u00e2b d\u00e9voile l'identit\u00e9 de son candidat - Kapitalis\",\"isPartOf\":{\"@id\":\"https:\/\/kapitalis.com\/tunisie\/#website\"},\"primaryImageOfPage\":{\"@id\":\"https:\/\/kapitalis.com\/tunisie\/2024\/07\/17\/presidentielle-2024-le-mouvement-echaab-devoile-lidentite-de-son-candidat\/#primaryimage\"},\"image\":{\"@id\":\"https:\/\/kapitalis.com\/tunisie\/2024\/07\/17\/presidentielle-2024-le-mouvement-echaab-devoile-lidentite-de-son-candidat\/#primaryimage\"},\"thumbnailUrl\":\"https:\/\/kapitalis.com\/tunisie\/wp-content\/uploads\/2022\/09\/Mouvement-Echaab.jpg\",\"datePublished\":\"2024-07-17T20:39:09+00:00\",\"dateModified\":\"2024-07-18T05:18:47+00:00\",\"breadcrumb\":{\"@id\":\"https:\/\/kapitalis.com\/tunisie\/2024\/07\/17\/presidentielle-2024-le-mouvement-echaab-devoile-lidentite-de-son-candidat\/#breadcrumb\"},\"inLanguage\":\"fr-FR\",\"potentialAction\":[{\"@type\":\"ReadAction\",\"target\":[\"https:\/\/kapitalis.com\/tunisie\/2024\/07\/17\/presidentielle-2024-le-mouvement-echaab-devoile-lidentite-de-son-candidat\/\"]}]},{\"@type\":\"ImageObject\",\"inLanguage\":\"fr-FR\",\"@id\":\"https:\/\/kapitalis.com\/tunisie\/2024\/07\/17\/presidentielle-2024-le-mouvement-echaab-devoile-lidentite-de-son-candidat\/#primaryimage\",\"url\":\"https:\/\/kapitalis.com\/tunisie\/wp-content\/uploads\/2022\/09\/Mouvement-Echaab.jpg\",\"contentUrl\":\"https:\/\/kapitalis.com\/tunisie\/wp-content\/uploads\/2022\/09\/Mouvement-Echaab.jpg\",\"width\":1200,\"height\":630},{\"@type\":\"BreadcrumbList\",\"@id\":\"https:\/\/kapitalis.com\/tunisie\/2024\/07\/17\/presidentielle-2024-le-mouvement-echaab-devoile-lidentite-de-son-candidat\/#breadcrumb\",\"itemListElement\":[{\"@type\":\"ListItem\",\"position\":1,\"name\":\"Accueil\",\"item\":\"https:\/\/kapitalis.com\/tunisie\/\"},{\"@type\":\"ListItem\",\"position\":2,\"name\":\"Pr\u00e9sidentielle 2024 : Le mouvement Echa\u00e2b d\u00e9voile l&rsquo;identit\u00e9 de son candidat\"}]},{\"@type\":\"WebSite\",\"@id\":\"https:\/\/kapitalis.com\/tunisie\/#website\",\"url\":\"https:\/\/kapitalis.com\/tunisie\/\",\"name\":\"Kapitalis\",\"description\":\"L&#039;actualit\u00e9 en Tunisie et dans le monde\",\"publisher\":{\"@id\":\"https:\/\/kapitalis.com\/tunisie\/#organization\"},\"potentialAction\":[{\"@type\":\"SearchAction\",\"target\":{\"@type\":\"EntryPoint\",\"urlTemplate\":\"https:\/\/kapitalis.com\/tunisie\/?s={search_term_string}\"},\"query-input\":{\"@type\":\"PropertyValueSpecification\",\"valueRequired\":true,\"valueName\":\"search_term_string\"}}],\"inLanguage\":\"fr-FR\"},{\"@type\":\"Organization\",\"@id\":\"https:\/\/kapitalis.com\/tunisie\/#organization\",\"name\":\"Kapitalis\",\"url\":\"https:\/\/kapitalis.com\/tunisie\/\",\"logo\":{\"@type\":\"ImageObject\",\"inLanguage\":\"fr-FR\",\"@id\":\"https:\/\/kapitalis.com\/tunisie\/#\/schema\/logo\/image\/\",\"url\":\"https:\/\/kapitalis.com\/tunisie\/wp-content\/uploads\/2022\/05\/Kapitalis-big-size.png\",\"contentUrl\":\"https:\/\/kapitalis.com\/tunisie\/wp-content\/uploads\/2022\/05\/Kapitalis-big-size.png\",\"width\":5000,\"height\":1500,\"caption\":\"Kapitalis\"},\"image\":{\"@id\":\"https:\/\/kapitalis.com\/tunisie\/#\/schema\/logo\/image\/\"},\"sameAs\":[\"https:\/\/www.facebook.com\/KapitalisInfo\/\",\"https:\/\/x.com\/KapitalisInfo\",\"https:\/\/www.youtube.com\/channel\/UC-yDYrHyfFBWWZaOw3FPg9Q\"]},{\"@type\":\"Person\",\"@id\":\"https:\/\/kapitalis.com\/tunisie\/#\/schema\/person\/74bbde0154d49d790a92aaeac5bc01d5\",\"name\":\"Yusra NY\",\"url\":\"https:\/\/kapitalis.com\/tunisie\/author\/yuza_adam\/\"}]}<\/script>\n<!-- \/ Yoast SEO plugin. -->","yoast_head_json":{"title":"Pr\u00e9sidentielle 2024 : Le mouvement Echa\u00e2b d\u00e9voile l'identit\u00e9 de son candidat - Kapitalis","robots":{"index":"index","follow":"follow","max-snippet":"max-snippet:-1","max-image-preview":"max-image-preview:large","max-video-preview":"max-video-preview:-1"},"canonical":"https:\/\/kapitalis.com\/tunisie\/2024\/07\/17\/presidentielle-2024-le-mouvement-echaab-devoile-lidentite-de-son-candidat\/","og_locale":"fr_FR","og_type":"article","og_title":"Pr\u00e9sidentielle 2024 : Le mouvement Echa\u00e2b d\u00e9voile l'identit\u00e9 de son candidat - Kapitalis","og_description":"Le mouvement Echa\u00e2b a d\u00e9voil\u00e9, ce mercredi 17 juillet 2024, l&rsquo;identit\u00e9 de son candidat \u00e0 l&rsquo;\u00e9lection pr\u00e9sidentielle du 6 octobre 2024.","og_url":"https:\/\/kapitalis.com\/tunisie\/2024\/07\/17\/presidentielle-2024-le-mouvement-echaab-devoile-lidentite-de-son-candidat\/","og_site_name":"Kapitalis","article_publisher":"https:\/\/www.facebook.com\/KapitalisInfo\/","article_published_time":"2024-07-17T20:39:09+00:00","article_modified_time":"2024-07-18T05:18:47+00:00","og_image":[{"width":1200,"height":630,"url":"https:\/\/kapitalis.com\/tunisie\/wp-content\/uploads\/2022\/09\/Mouvement-Echaab.jpg","type":"image\/jpeg"}],"author":"Yusra NY","twitter_card":"summary_large_image","twitter_creator":"@KapitalisInfo","twitter_site":"@KapitalisInfo","twitter_misc":{"\u00c9crit par":"Yusra NY","Dur\u00e9e de lecture estim\u00e9e":"1 minute"},"schema":{"@context":"https:\/\/schema.org","@graph":[{"@type":"Article","@id":"https:\/\/kapitalis.com\/tunisie\/2024\/07\/17\/presidentielle-2024-le-mouvement-echaab-devoile-lidentite-de-son-candidat\/#article","isPartOf":{"@id":"https:\/\/kapitalis.com\/tunisie\/2024\/07\/17\/presidentielle-2024-le-mouvement-echaab-devoile-lidentite-de-son-candidat\/"},"author":{"name":"Yusra NY","@id":"https:\/\/kapitalis.com\/tunisie\/#\/schema\/person\/74bbde0154d49d790a92aaeac5bc01d5"},"headline":"Pr\u00e9sidentielle 2024 : Le mouvement Echa\u00e2b d\u00e9voile l&rsquo;identit\u00e9 de son candidat","datePublished":"2024-07-17T20:39:09+00:00","dateModified":"2024-07-18T05:18:47+00:00","mainEntityOfPage":{"@id":"https:\/\/kapitalis.com\/tunisie\/2024\/07\/17\/presidentielle-2024-le-mouvement-echaab-devoile-lidentite-de-son-candidat\/"},"wordCount":120,"publisher":{"@id":"https:\/\/kapitalis.com\/tunisie\/#organization"},"image":{"@id":"https:\/\/kapitalis.com\/tunisie\/2024\/07\/17\/presidentielle-2024-le-mouvement-echaab-devoile-lidentite-de-son-candidat\/#primaryimage"},"thumbnailUrl":"https:\/\/kapitalis.com\/tunisie\/wp-content\/uploads\/2022\/09\/Mouvement-Echaab.jpg","keywords":["6 octobre 2024","candidat","Isie","Mouvement Echa\u00e2b","pr\u00e9sidentielle","Tunisie"],"articleSection":["POLITIQUE","Tunisie"],"inLanguage":"fr-FR"},{"@type":"WebPage","@id":"https:\/\/kapitalis.com\/tunisie\/2024\/07\/17\/presidentielle-2024-le-mouvement-echaab-devoile-lidentite-de-son-candidat\/","url":"https:\/\/kapitalis.com\/tunisie\/2024\/07\/17\/presidentielle-2024-le-mouvement-echaab-devoile-lidentite-de-son-candidat\/","name":"Pr\u00e9sidentielle 2024 : Le mouvement Echa\u00e2b d\u00e9voile l'identit\u00e9 de son candidat - Kapitalis","isPartOf":{"@id":"https:\/\/kapitalis.com\/tunisie\/#website"},"primaryImageOfPage":{"@id":"https:\/\/kapitalis.com\/tunisie\/2024\/07\/17\/presidentielle-2024-le-mouvement-echaab-devoile-lidentite-de-son-candidat\/#primaryimage"},"image":{"@id":"https:\/\/kapitalis.com\/tunisie\/2024\/07\/17\/presidentielle-2024-le-mouvement-echaab-devoile-lidentite-de-son-candidat\/#primaryimage"},"thumbnailUrl":"https:\/\/kapitalis.com\/tunisie\/wp-content\/uploads\/2022\/09\/Mouvement-Echaab.jpg","datePublished":"2024-07-17T20:39:09+00:00","dateModified":"2024-07-18T05:18:47+00:00","breadcrumb":{"@id":"https:\/\/kapitalis.com\/tunisie\/2024\/07\/17\/presidentielle-2024-le-mouvement-echaab-devoile-lidentite-de-son-candidat\/#breadcrumb"},"inLanguage":"fr-FR","potentialAction":[{"@type":"ReadAction","target":["https:\/\/kapitalis.com\/tunisie\/2024\/07\/17\/presidentielle-2024-le-mouvement-echaab-devoile-lidentite-de-son-candidat\/"]}]},{"@type":"ImageObject","inLanguage":"fr-FR","@id":"https:\/\/kapitalis.com\/tunisie\/2024\/07\/17\/presidentielle-2024-le-mouvement-echaab-devoile-lidentite-de-son-candidat\/#primaryimage","url":"https:\/\/kapitalis.com\/tunisie\/wp-content\/uploads\/2022\/09\/Mouvement-Echaab.jpg","contentUrl":"https:\/\/kapitalis.com\/tunisie\/wp-content\/uploads\/2022\/09\/Mouvement-Echaab.jpg","width":1200,"height":630},{"@type":"BreadcrumbList","@id":"https:\/\/kapitalis.com\/tunisie\/2024\/07\/17\/presidentielle-2024-le-mouvement-echaab-devoile-lidentite-de-son-candidat\/#breadcrumb","itemListElement":[{"@type":"ListItem","position":1,"name":"Accueil","item":"https:\/\/kapitalis.com\/tunisie\/"},{"@type":"ListItem","position":2,"name":"Pr\u00e9sidentielle 2024 : Le mouvement Echa\u00e2b d\u00e9voile l&rsquo;identit\u00e9 de son candidat"}]},{"@type":"WebSite","@id":"https:\/\/kapitalis.com\/tunisie\/#website","url":"https:\/\/kapitalis.com\/tunisie\/","name":"Kapitalis","description":"L&#039;actualit\u00e9 en Tunisie et dans le monde","publisher":{"@id":"https:\/\/kapitalis.com\/tunisie\/#organization"},"potentialAction":[{"@type":"SearchAction","target":{"@type":"EntryPoint","urlTemplate":"https:\/\/kapitalis.com\/tunisie\/?s={search_term_string}"},"query-input":{"@type":"PropertyValueSpecification","valueRequired":true,"valueName":"search_term_string"}}],"inLanguage":"fr-FR"},{"@type":"Organization","@id":"https:\/\/kapitalis.com\/tunisie\/#organization","name":"Kapitalis","url":"https:\/\/kapitalis.com\/tunisie\/","logo":{"@type":"ImageObject","inLanguage":"fr-FR","@id":"https:\/\/kapitalis.com\/tunisie\/#\/schema\/logo\/image\/","url":"https:\/\/kapitalis.com\/tunisie\/wp-content\/uploads\/2022\/05\/Kapitalis-big-size.png","contentUrl":"https:\/\/kapitalis.com\/tunisie\/wp-content\/uploads\/2022\/05\/Kapitalis-big-size.png","width":5000,"height":1500,"caption":"Kapitalis"},"image":{"@id":"https:\/\/kapitalis.com\/tunisie\/#\/schema\/logo\/image\/"},"sameAs":["https:\/\/www.facebook.com\/KapitalisInfo\/","https:\/\/x.com\/KapitalisInfo","https:\/\/www.youtube.com\/channel\/UC-yDYrHyfFBWWZaOw3FPg9Q"]},{"@type":"Person","@id":"https:\/\/kapitalis.com\/tunisie\/#\/schema\/person\/74bbde0154d49d790a92aaeac5bc01d5","name":"Yusra NY","url":"https:\/\/kapitalis.com\/tunisie\/author\/yuza_adam\/"}]}},"_links":{"self":[{"href":"https:\/\/kapitalis.com\/tunisie\/wp-json\/wp\/v2\/posts\/13584262","targetHints":{"allow":["GET"]}}],"collection":[{"href":"https:\/\/kapitalis.com\/tunisie\/wp-json\/wp\/v2\/posts"}],"about":[{"href":"https:\/\/kapitalis.com\/tunisie\/wp-json\/wp\/v2\/types\/post"}],"author":[{"embeddable":true,"href":"https:\/\/kapitalis.com\/tunisie\/wp-json\/wp\/v2\/users\/6"}],"replies":[{"embeddable":true,"href":"https:\/\/kapitalis.com\/tunisie\/wp-json\/wp\/v2\/comments?post=13584262"}],"version-history":[{"count":2,"href":"https:\/\/kapitalis.com\/tunisie\/wp-json\/wp\/v2\/posts\/13584262\/revisions"}],"predecessor-version":[{"id":13585882,"href":"https:\/\/kapitalis.com\/tunisie\/wp-json\/wp\/v2\/posts\/13584262\/revisions\/13585882"}],"wp:featuredmedia":[{"embeddable":true,"href":"https:\/\/kapitalis.com\/tunisie\/wp-json\/wp\/v2\/media\/3673919"}],"wp:attachment":[{"href":"https:\/\/kapitalis.com\/tunisie\/wp-json\/wp\/v2\/media?parent=13584262"}],"wp:term":[{"taxonomy":"category","embeddable":true,"href":"https:\/\/kapitalis.com\/tunisie\/wp-json\/wp\/v2\/categories?post=13584262"},{"taxonomy":"post_tag","embeddable":true,"href":"https:\/\/kapitalis.com\/tunisie\/wp-json\/wp\/v2\/tags?post=13584262"}],"curies":[{"name":"wp","href":"https:\/\/api.w.org\/{rel}","templated":true}]}}