{"id":13586084,"date":"2024-07-18T07:31:49","date_gmt":"2024-07-18T06:31:49","guid":{"rendered":"https:\/\/kapitalis.com\/tunisie\/?p=13586084"},"modified":"2024-07-18T07:31:51","modified_gmt":"2024-07-18T06:31:51","slug":"tunisie-abir-moussi-nest-pas-au-bout-de-ses-peines","status":"publish","type":"post","link":"https:\/\/kapitalis.com\/tunisie\/2024\/07\/18\/tunisie-abir-moussi-nest-pas-au-bout-de-ses-peines\/","title":{"rendered":"Tunisie\u00a0: Abir Moussi n\u2019est pas au bout de ses peines"},"content":{"rendered":"\n<p><strong><em>Alors que ses partisans revendiquent son droit l\u00e9gitime \u00e0 pr\u00e9senter sa candidature \u00e0 la pr\u00e9sidentielle du 6 octobre prochain, d\u00e9non\u00e7ant le refus de l\u2019Instance sup\u00e9rieure ind\u00e9pendante pour les \u00e9lections (Isie) de lui livrer le formulaire officiel pour la collecte des parrainages, Abir Moussi continue d\u2019\u00eatre tra\u00een\u00e9e devant la justice par\u2026 la commission \u00e9lectorale elle-m\u00eame.<\/em><\/strong> <em>(Illustration : Moussi avec ses avocats \u00e0 la prison de Manouba).<\/em>  <\/p>\n\n\n\n<!--more-->\n\n\n\n<p>En effet, la chambre d\u2019accusation pr\u00e8s la Cour d&rsquo;appel a d\u00e9cid\u00e9 de maintenir en d\u00e9tention la pr\u00e9sidente du Parti destourien libre (PDL), Abir Moussi, et de la d\u00e9f\u00e9rer devant la chambre criminelle du tribunal de premi\u00e8re instance de Tunis, sur la base d\u2019une plainte d\u00e9pos\u00e9e par l\u2019Isie.<\/p>\n\n\n\n<p>Le porte-parole du tribunal, Habib Torkhani, a indiqu\u00e9 \u00e0 l\u2019agence Tap que Moussi devait compara\u00eetre devant la chambre criminelle du tribunal de premi\u00e8re instance de Tunis, en vertu de l\u2019article 24 du d\u00e9cret-loi n\u00b054 (encore lui&nbsp;!), pour utilisation des syst\u00e8mes et r\u00e9seaux d\u2019information et de communication en vue de produire, diffuser et diffuser de fausses informations dans le but de porter atteinte aux droits d\u2019autrui ou de nuire \u00e0 la s\u00e9curit\u00e9 publique.<\/p>\n\n\n\n<p>Torkhani a indiqu\u00e9 que la chambre d\u2019accusation de la cour d\u2019appel de Tunis avait d\u00e9cid\u00e9 de reporter l\u2019examen de l\u2019affaire au 31 juillet, tout en maintenant Moussi en d\u00e9tention.<\/p>\n\n\n\n<p>Moussi, qui est incarc\u00e9r\u00e9e depuis le 3 octobre, est poursuivie dans au moins trois affaires. Ses partisans, qui manifestent r\u00e9guli\u00e8rement devant le Palais de Justice de Tunis, affirment \u00a0qu\u2019elles sont toutes mont\u00e9es de toutes pi\u00e8ces pour l\u2019emp\u00eacher de se pr\u00e9senter \u00e0 la pr\u00e9sidentielle. <\/p>\n\n\n\n<p class=\"has-text-align-right\"><strong>I. B.<\/strong><\/p>\n","protected":false},"excerpt":{"rendered":"<p>Abir Moussi continue d\u2019\u00eatre tra\u00een\u00e9e devant la justice par\u2026 la commission \u00e9lectorale elle-m\u00eame. <\/p>\n","protected":false},"author":8,"featured_media":11692504,"comment_status":"closed","ping_status":"open","sticky":false,"template":"","format":"standard","meta":{"footnotes":""},"categories":[997,2433],"tags":[15144,99253,104471,91343,499,23927,4797],"class_list":["post-13586084","post","type-post","status-publish","format-standard","has-post-thumbnail","hentry","category-politique","category-tunisie","tag-abir-moussi","tag-commission-electorale","tag-decret-loi-n54","tag-habib-torkhani","tag-isie","tag-parti-destourien-libre","tag-presidentielle"],"yoast_head":"<!-- This site is optimized with the Yoast SEO plugin v26.6 - https:\/\/yoast.com\/wordpress\/plugins\/seo\/ -->\n<title>Tunisie\u00a0: Abir Moussi n\u2019est pas au bout de ses peines - Kapitalis<\/title>\n<meta name=\"robots\" content=\"index, follow, max-snippet:-1, max-image-preview:large, max-video-preview:-1\" \/>\n<link rel=\"canonical\" href=\"https:\/\/kapitalis.com\/tunisie\/2024\/07\/18\/tunisie-abir-moussi-nest-pas-au-bout-de-ses-peines\/\" \/>\n<meta property=\"og:locale\" content=\"fr_FR\" \/>\n<meta property=\"og:type\" content=\"article\" \/>\n<meta property=\"og:title\" content=\"Tunisie\u00a0: Abir Moussi n\u2019est pas au bout de ses peines - Kapitalis\" \/>\n<meta property=\"og:description\" content=\"Abir Moussi continue d\u2019\u00eatre tra\u00een\u00e9e devant la justice par\u2026 la commission \u00e9lectorale elle-m\u00eame.\" \/>\n<meta property=\"og:url\" content=\"https:\/\/kapitalis.com\/tunisie\/2024\/07\/18\/tunisie-abir-moussi-nest-pas-au-bout-de-ses-peines\/\" \/>\n<meta property=\"og:site_name\" content=\"Kapitalis\" \/>\n<meta property=\"article:publisher\" content=\"https:\/\/www.facebook.com\/KapitalisInfo\/\" \/>\n<meta property=\"article:published_time\" content=\"2024-07-18T06:31:49+00:00\" \/>\n<meta property=\"article:modified_time\" content=\"2024-07-18T06:31:51+00:00\" \/>\n<meta property=\"og:image\" content=\"https:\/\/kapitalis.com\/tunisie\/wp-content\/uploads\/2024\/02\/Abir-Moussi-et-ses-avocats.jpg\" \/>\n\t<meta property=\"og:image:width\" content=\"1200\" \/>\n\t<meta property=\"og:image:height\" content=\"630\" \/>\n\t<meta property=\"og:image:type\" content=\"image\/jpeg\" \/>\n<meta name=\"author\" content=\"webmaster kapitalis\" \/>\n<meta name=\"twitter:card\" content=\"summary_large_image\" \/>\n<meta name=\"twitter:creator\" content=\"@KapitalisInfo\" \/>\n<meta name=\"twitter:site\" content=\"@KapitalisInfo\" \/>\n<meta name=\"twitter:label1\" content=\"\u00c9crit par\" \/>\n\t<meta name=\"twitter:data1\" content=\"webmaster kapitalis\" \/>\n\t<meta name=\"twitter:label2\" content=\"Dur\u00e9e de lecture estim\u00e9e\" \/>\n\t<meta name=\"twitter:data2\" content=\"2 minutes\" \/>\n<script type=\"application\/ld+json\" class=\"yoast-schema-graph\">{\"@context\":\"https:\/\/schema.org\",\"@graph\":[{\"@type\":\"Article\",\"@id\":\"https:\/\/kapitalis.com\/tunisie\/2024\/07\/18\/tunisie-abir-moussi-nest-pas-au-bout-de-ses-peines\/#article\",\"isPartOf\":{\"@id\":\"https:\/\/kapitalis.com\/tunisie\/2024\/07\/18\/tunisie-abir-moussi-nest-pas-au-bout-de-ses-peines\/\"},\"author\":{\"name\":\"webmaster kapitalis\",\"@id\":\"https:\/\/kapitalis.com\/tunisie\/#\/schema\/person\/d71f33a9ca44f7bad4698210b480c8e9\"},\"headline\":\"Tunisie\u00a0: Abir Moussi n\u2019est pas au bout de ses peines\",\"datePublished\":\"2024-07-18T06:31:49+00:00\",\"dateModified\":\"2024-07-18T06:31:51+00:00\",\"mainEntityOfPage\":{\"@id\":\"https:\/\/kapitalis.com\/tunisie\/2024\/07\/18\/tunisie-abir-moussi-nest-pas-au-bout-de-ses-peines\/\"},\"wordCount\":310,\"publisher\":{\"@id\":\"https:\/\/kapitalis.com\/tunisie\/#organization\"},\"image\":{\"@id\":\"https:\/\/kapitalis.com\/tunisie\/2024\/07\/18\/tunisie-abir-moussi-nest-pas-au-bout-de-ses-peines\/#primaryimage\"},\"thumbnailUrl\":\"https:\/\/kapitalis.com\/tunisie\/wp-content\/uploads\/2024\/02\/Abir-Moussi-et-ses-avocats.jpg\",\"keywords\":[\"Abir Moussi\",\"commission \u00e9lectorale\",\"d\u00e9cret-loi N\u00b054\",\"Habib Torkhani\",\"Isie\",\"Parti destourien libre\",\"pr\u00e9sidentielle\"],\"articleSection\":[\"POLITIQUE\",\"Tunisie\"],\"inLanguage\":\"fr-FR\"},{\"@type\":\"WebPage\",\"@id\":\"https:\/\/kapitalis.com\/tunisie\/2024\/07\/18\/tunisie-abir-moussi-nest-pas-au-bout-de-ses-peines\/\",\"url\":\"https:\/\/kapitalis.com\/tunisie\/2024\/07\/18\/tunisie-abir-moussi-nest-pas-au-bout-de-ses-peines\/\",\"name\":\"Tunisie\u00a0: Abir Moussi n\u2019est pas au bout de ses peines - Kapitalis\",\"isPartOf\":{\"@id\":\"https:\/\/kapitalis.com\/tunisie\/#website\"},\"primaryImageOfPage\":{\"@id\":\"https:\/\/kapitalis.com\/tunisie\/2024\/07\/18\/tunisie-abir-moussi-nest-pas-au-bout-de-ses-peines\/#primaryimage\"},\"image\":{\"@id\":\"https:\/\/kapitalis.com\/tunisie\/2024\/07\/18\/tunisie-abir-moussi-nest-pas-au-bout-de-ses-peines\/#primaryimage\"},\"thumbnailUrl\":\"https:\/\/kapitalis.com\/tunisie\/wp-content\/uploads\/2024\/02\/Abir-Moussi-et-ses-avocats.jpg\",\"datePublished\":\"2024-07-18T06:31:49+00:00\",\"dateModified\":\"2024-07-18T06:31:51+00:00\",\"breadcrumb\":{\"@id\":\"https:\/\/kapitalis.com\/tunisie\/2024\/07\/18\/tunisie-abir-moussi-nest-pas-au-bout-de-ses-peines\/#breadcrumb\"},\"inLanguage\":\"fr-FR\",\"potentialAction\":[{\"@type\":\"ReadAction\",\"target\":[\"https:\/\/kapitalis.com\/tunisie\/2024\/07\/18\/tunisie-abir-moussi-nest-pas-au-bout-de-ses-peines\/\"]}]},{\"@type\":\"ImageObject\",\"inLanguage\":\"fr-FR\",\"@id\":\"https:\/\/kapitalis.com\/tunisie\/2024\/07\/18\/tunisie-abir-moussi-nest-pas-au-bout-de-ses-peines\/#primaryimage\",\"url\":\"https:\/\/kapitalis.com\/tunisie\/wp-content\/uploads\/2024\/02\/Abir-Moussi-et-ses-avocats.jpg\",\"contentUrl\":\"https:\/\/kapitalis.com\/tunisie\/wp-content\/uploads\/2024\/02\/Abir-Moussi-et-ses-avocats.jpg\",\"width\":1200,\"height\":630},{\"@type\":\"BreadcrumbList\",\"@id\":\"https:\/\/kapitalis.com\/tunisie\/2024\/07\/18\/tunisie-abir-moussi-nest-pas-au-bout-de-ses-peines\/#breadcrumb\",\"itemListElement\":[{\"@type\":\"ListItem\",\"position\":1,\"name\":\"Accueil\",\"item\":\"https:\/\/kapitalis.com\/tunisie\/\"},{\"@type\":\"ListItem\",\"position\":2,\"name\":\"Tunisie\u00a0: Abir Moussi n\u2019est pas au bout de ses peines\"}]},{\"@type\":\"WebSite\",\"@id\":\"https:\/\/kapitalis.com\/tunisie\/#website\",\"url\":\"https:\/\/kapitalis.com\/tunisie\/\",\"name\":\"Kapitalis\",\"description\":\"L&#039;actualit\u00e9 en Tunisie et dans le monde\",\"publisher\":{\"@id\":\"https:\/\/kapitalis.com\/tunisie\/#organization\"},\"potentialAction\":[{\"@type\":\"SearchAction\",\"target\":{\"@type\":\"EntryPoint\",\"urlTemplate\":\"https:\/\/kapitalis.com\/tunisie\/?s={search_term_string}\"},\"query-input\":{\"@type\":\"PropertyValueSpecification\",\"valueRequired\":true,\"valueName\":\"search_term_string\"}}],\"inLanguage\":\"fr-FR\"},{\"@type\":\"Organization\",\"@id\":\"https:\/\/kapitalis.com\/tunisie\/#organization\",\"name\":\"Kapitalis\",\"url\":\"https:\/\/kapitalis.com\/tunisie\/\",\"logo\":{\"@type\":\"ImageObject\",\"inLanguage\":\"fr-FR\",\"@id\":\"https:\/\/kapitalis.com\/tunisie\/#\/schema\/logo\/image\/\",\"url\":\"https:\/\/kapitalis.com\/tunisie\/wp-content\/uploads\/2022\/05\/Kapitalis-big-size.png\",\"contentUrl\":\"https:\/\/kapitalis.com\/tunisie\/wp-content\/uploads\/2022\/05\/Kapitalis-big-size.png\",\"width\":5000,\"height\":1500,\"caption\":\"Kapitalis\"},\"image\":{\"@id\":\"https:\/\/kapitalis.com\/tunisie\/#\/schema\/logo\/image\/\"},\"sameAs\":[\"https:\/\/www.facebook.com\/KapitalisInfo\/\",\"https:\/\/x.com\/KapitalisInfo\",\"https:\/\/www.youtube.com\/channel\/UC-yDYrHyfFBWWZaOw3FPg9Q\"]},{\"@type\":\"Person\",\"@id\":\"https:\/\/kapitalis.com\/tunisie\/#\/schema\/person\/d71f33a9ca44f7bad4698210b480c8e9\",\"name\":\"webmaster kapitalis\",\"url\":\"https:\/\/kapitalis.com\/tunisie\/author\/webmaster-kapitalis\/\"}]}<\/script>\n<!-- \/ Yoast SEO plugin. -->","yoast_head_json":{"title":"Tunisie\u00a0: Abir Moussi n\u2019est pas au bout de ses peines - Kapitalis","robots":{"index":"index","follow":"follow","max-snippet":"max-snippet:-1","max-image-preview":"max-image-preview:large","max-video-preview":"max-video-preview:-1"},"canonical":"https:\/\/kapitalis.com\/tunisie\/2024\/07\/18\/tunisie-abir-moussi-nest-pas-au-bout-de-ses-peines\/","og_locale":"fr_FR","og_type":"article","og_title":"Tunisie\u00a0: Abir Moussi n\u2019est pas au bout de ses peines - Kapitalis","og_description":"Abir Moussi continue d\u2019\u00eatre tra\u00een\u00e9e devant la justice par\u2026 la commission \u00e9lectorale elle-m\u00eame.","og_url":"https:\/\/kapitalis.com\/tunisie\/2024\/07\/18\/tunisie-abir-moussi-nest-pas-au-bout-de-ses-peines\/","og_site_name":"Kapitalis","article_publisher":"https:\/\/www.facebook.com\/KapitalisInfo\/","article_published_time":"2024-07-18T06:31:49+00:00","article_modified_time":"2024-07-18T06:31:51+00:00","og_image":[{"width":1200,"height":630,"url":"https:\/\/kapitalis.com\/tunisie\/wp-content\/uploads\/2024\/02\/Abir-Moussi-et-ses-avocats.jpg","type":"image\/jpeg"}],"author":"webmaster kapitalis","twitter_card":"summary_large_image","twitter_creator":"@KapitalisInfo","twitter_site":"@KapitalisInfo","twitter_misc":{"\u00c9crit par":"webmaster kapitalis","Dur\u00e9e de lecture estim\u00e9e":"2 minutes"},"schema":{"@context":"https:\/\/schema.org","@graph":[{"@type":"Article","@id":"https:\/\/kapitalis.com\/tunisie\/2024\/07\/18\/tunisie-abir-moussi-nest-pas-au-bout-de-ses-peines\/#article","isPartOf":{"@id":"https:\/\/kapitalis.com\/tunisie\/2024\/07\/18\/tunisie-abir-moussi-nest-pas-au-bout-de-ses-peines\/"},"author":{"name":"webmaster kapitalis","@id":"https:\/\/kapitalis.com\/tunisie\/#\/schema\/person\/d71f33a9ca44f7bad4698210b480c8e9"},"headline":"Tunisie\u00a0: Abir Moussi n\u2019est pas au bout de ses peines","datePublished":"2024-07-18T06:31:49+00:00","dateModified":"2024-07-18T06:31:51+00:00","mainEntityOfPage":{"@id":"https:\/\/kapitalis.com\/tunisie\/2024\/07\/18\/tunisie-abir-moussi-nest-pas-au-bout-de-ses-peines\/"},"wordCount":310,"publisher":{"@id":"https:\/\/kapitalis.com\/tunisie\/#organization"},"image":{"@id":"https:\/\/kapitalis.com\/tunisie\/2024\/07\/18\/tunisie-abir-moussi-nest-pas-au-bout-de-ses-peines\/#primaryimage"},"thumbnailUrl":"https:\/\/kapitalis.com\/tunisie\/wp-content\/uploads\/2024\/02\/Abir-Moussi-et-ses-avocats.jpg","keywords":["Abir Moussi","commission \u00e9lectorale","d\u00e9cret-loi N\u00b054","Habib Torkhani","Isie","Parti destourien libre","pr\u00e9sidentielle"],"articleSection":["POLITIQUE","Tunisie"],"inLanguage":"fr-FR"},{"@type":"WebPage","@id":"https:\/\/kapitalis.com\/tunisie\/2024\/07\/18\/tunisie-abir-moussi-nest-pas-au-bout-de-ses-peines\/","url":"https:\/\/kapitalis.com\/tunisie\/2024\/07\/18\/tunisie-abir-moussi-nest-pas-au-bout-de-ses-peines\/","name":"Tunisie\u00a0: Abir Moussi n\u2019est pas au bout de ses peines - Kapitalis","isPartOf":{"@id":"https:\/\/kapitalis.com\/tunisie\/#website"},"primaryImageOfPage":{"@id":"https:\/\/kapitalis.com\/tunisie\/2024\/07\/18\/tunisie-abir-moussi-nest-pas-au-bout-de-ses-peines\/#primaryimage"},"image":{"@id":"https:\/\/kapitalis.com\/tunisie\/2024\/07\/18\/tunisie-abir-moussi-nest-pas-au-bout-de-ses-peines\/#primaryimage"},"thumbnailUrl":"https:\/\/kapitalis.com\/tunisie\/wp-content\/uploads\/2024\/02\/Abir-Moussi-et-ses-avocats.jpg","datePublished":"2024-07-18T06:31:49+00:00","dateModified":"2024-07-18T06:31:51+00:00","breadcrumb":{"@id":"https:\/\/kapitalis.com\/tunisie\/2024\/07\/18\/tunisie-abir-moussi-nest-pas-au-bout-de-ses-peines\/#breadcrumb"},"inLanguage":"fr-FR","potentialAction":[{"@type":"ReadAction","target":["https:\/\/kapitalis.com\/tunisie\/2024\/07\/18\/tunisie-abir-moussi-nest-pas-au-bout-de-ses-peines\/"]}]},{"@type":"ImageObject","inLanguage":"fr-FR","@id":"https:\/\/kapitalis.com\/tunisie\/2024\/07\/18\/tunisie-abir-moussi-nest-pas-au-bout-de-ses-peines\/#primaryimage","url":"https:\/\/kapitalis.com\/tunisie\/wp-content\/uploads\/2024\/02\/Abir-Moussi-et-ses-avocats.jpg","contentUrl":"https:\/\/kapitalis.com\/tunisie\/wp-content\/uploads\/2024\/02\/Abir-Moussi-et-ses-avocats.jpg","width":1200,"height":630},{"@type":"BreadcrumbList","@id":"https:\/\/kapitalis.com\/tunisie\/2024\/07\/18\/tunisie-abir-moussi-nest-pas-au-bout-de-ses-peines\/#breadcrumb","itemListElement":[{"@type":"ListItem","position":1,"name":"Accueil","item":"https:\/\/kapitalis.com\/tunisie\/"},{"@type":"ListItem","position":2,"name":"Tunisie\u00a0: Abir Moussi n\u2019est pas au bout de ses peines"}]},{"@type":"WebSite","@id":"https:\/\/kapitalis.com\/tunisie\/#website","url":"https:\/\/kapitalis.com\/tunisie\/","name":"Kapitalis","description":"L&#039;actualit\u00e9 en Tunisie et dans le monde","publisher":{"@id":"https:\/\/kapitalis.com\/tunisie\/#organization"},"potentialAction":[{"@type":"SearchAction","target":{"@type":"EntryPoint","urlTemplate":"https:\/\/kapitalis.com\/tunisie\/?s={search_term_string}"},"query-input":{"@type":"PropertyValueSpecification","valueRequired":true,"valueName":"search_term_string"}}],"inLanguage":"fr-FR"},{"@type":"Organization","@id":"https:\/\/kapitalis.com\/tunisie\/#organization","name":"Kapitalis","url":"https:\/\/kapitalis.com\/tunisie\/","logo":{"@type":"ImageObject","inLanguage":"fr-FR","@id":"https:\/\/kapitalis.com\/tunisie\/#\/schema\/logo\/image\/","url":"https:\/\/kapitalis.com\/tunisie\/wp-content\/uploads\/2022\/05\/Kapitalis-big-size.png","contentUrl":"https:\/\/kapitalis.com\/tunisie\/wp-content\/uploads\/2022\/05\/Kapitalis-big-size.png","width":5000,"height":1500,"caption":"Kapitalis"},"image":{"@id":"https:\/\/kapitalis.com\/tunisie\/#\/schema\/logo\/image\/"},"sameAs":["https:\/\/www.facebook.com\/KapitalisInfo\/","https:\/\/x.com\/KapitalisInfo","https:\/\/www.youtube.com\/channel\/UC-yDYrHyfFBWWZaOw3FPg9Q"]},{"@type":"Person","@id":"https:\/\/kapitalis.com\/tunisie\/#\/schema\/person\/d71f33a9ca44f7bad4698210b480c8e9","name":"webmaster kapitalis","url":"https:\/\/kapitalis.com\/tunisie\/author\/webmaster-kapitalis\/"}]}},"_links":{"self":[{"href":"https:\/\/kapitalis.com\/tunisie\/wp-json\/wp\/v2\/posts\/13586084","targetHints":{"allow":["GET"]}}],"collection":[{"href":"https:\/\/kapitalis.com\/tunisie\/wp-json\/wp\/v2\/posts"}],"about":[{"href":"https:\/\/kapitalis.com\/tunisie\/wp-json\/wp\/v2\/types\/post"}],"author":[{"embeddable":true,"href":"https:\/\/kapitalis.com\/tunisie\/wp-json\/wp\/v2\/users\/8"}],"replies":[{"embeddable":true,"href":"https:\/\/kapitalis.com\/tunisie\/wp-json\/wp\/v2\/comments?post=13586084"}],"version-history":[{"count":1,"href":"https:\/\/kapitalis.com\/tunisie\/wp-json\/wp\/v2\/posts\/13586084\/revisions"}],"predecessor-version":[{"id":13586105,"href":"https:\/\/kapitalis.com\/tunisie\/wp-json\/wp\/v2\/posts\/13586084\/revisions\/13586105"}],"wp:featuredmedia":[{"embeddable":true,"href":"https:\/\/kapitalis.com\/tunisie\/wp-json\/wp\/v2\/media\/11692504"}],"wp:attachment":[{"href":"https:\/\/kapitalis.com\/tunisie\/wp-json\/wp\/v2\/media?parent=13586084"}],"wp:term":[{"taxonomy":"category","embeddable":true,"href":"https:\/\/kapitalis.com\/tunisie\/wp-json\/wp\/v2\/categories?post=13586084"},{"taxonomy":"post_tag","embeddable":true,"href":"https:\/\/kapitalis.com\/tunisie\/wp-json\/wp\/v2\/tags?post=13586084"}],"curies":[{"name":"wp","href":"https:\/\/api.w.org\/{rel}","templated":true}]}}