{"id":13590991,"date":"2024-07-18T22:01:21","date_gmt":"2024-07-18T21:01:21","guid":{"rendered":"https:\/\/kapitalis.com\/tunisie\/?p=13590991"},"modified":"2024-07-19T01:11:18","modified_gmt":"2024-07-19T00:11:18","slug":"gardes-cotes-agresses-a-sfax-38-migrants-places-en-detention","status":"publish","type":"post","link":"https:\/\/kapitalis.com\/tunisie\/2024\/07\/18\/gardes-cotes-agresses-a-sfax-38-migrants-places-en-detention\/","title":{"rendered":"Gardes-c\u00f4tes agress\u00e9s \u00e0 Sfax : 38 migrants plac\u00e9s en d\u00e9tention"},"content":{"rendered":"\n<p><em><strong>Dans le cadre de l&rsquo;affaire de l\u2019agression des gardes-c\u00f4tes, hier, \u00e0 Sfax le Parquet a autoris\u00e9 l&rsquo;ouverture d&rsquo;une enqu\u00eate et a ordonn\u00e9 la mise en d\u00e9tention de 38 migrants irr\u00e9guliers originaires de l&rsquo;Afrique subsaharienne.<\/strong><\/em><\/p>\n\n\n\n<!--more-->\n\n\n\n<p>C&rsquo;est ce qu&rsquo;a indiqu\u00e9 le procureur de la R\u00e9publique pr\u00e8s le tribunal de premi\u00e8re instance de Sfax 1, dans une d\u00e9claration \u00e0 l&rsquo;agence Tap ce jeudi 18 juillet 2024.<\/p>\n\n\n\n<p>La m\u00eame source rappelle que les 38 migrants avaient refus\u00e9 d&rsquo;obtemp\u00e9rer aux signaux d&rsquo;arr\u00eat de la patrouille des gardes-c\u00f4tes vers 3h du matin dans la localit\u00e9 de Louata pr\u00e8s de Jebniana dans le gouvernorat de Sfax et que plusieurs agents ont \u00e9t\u00e9 violemment agress\u00e9s par des jets \u00abde pierres et d&rsquo;objets solides\u00bb.<\/p>\n\n\n\n<p>Le groupe \u00e9tait m\u00eame parvenu \u00e0 s\u2019emparer d\u2019un petit bateau de la garde maritime, avant que les 38 migrants soient neutralis\u00e9s et arr\u00eat\u00e9s par les forces s\u00e9curitaires.<\/p>\n\n\n\n<p>Une information judiciaire a \u00e9t\u00e9 ouverte \u00e0 leur encontre et ils ont \u00e9t\u00e9 plac\u00e9s en d\u00e9tention ce jour.<\/p>\n\n\n\n<p class=\"has-text-align-right\"><strong>Y. N.<\/strong><\/p>\n","protected":false},"excerpt":{"rendered":"<p>Dans le cadre de l&rsquo;affaire de l\u2019agression des gardes-c\u00f4tes, hier, \u00e0 Sfax le Parquet a autoris\u00e9 l&rsquo;ouverture d&rsquo;une enqu\u00eate et a ordonn\u00e9 la mise en d\u00e9tention de 38 migrants irr\u00e9guliers originaires de l&rsquo;Afrique subsaharienne.<\/p>\n","protected":false},"author":6,"featured_media":2969525,"comment_status":"closed","ping_status":"open","sticky":false,"template":"","format":"standard","meta":{"footnotes":""},"categories":[998,2433],"tags":[1279,117020,3145,5548,823,62643],"class_list":["post-13590991","post","type-post","status-publish","format-standard","has-post-thumbnail","hentry","category-societe","category-tunisie","tag-detention","tag-gardes-cotes","tag-migrants","tag-migration","tag-sfax","tag-tunisie"],"yoast_head":"<!-- This site is optimized with the Yoast SEO plugin v26.6 - https:\/\/yoast.com\/wordpress\/plugins\/seo\/ -->\n<title>Gardes-c\u00f4tes agress\u00e9s \u00e0 Sfax : 38 migrants plac\u00e9s en d\u00e9tention - Kapitalis<\/title>\n<meta name=\"robots\" content=\"index, follow, max-snippet:-1, max-image-preview:large, max-video-preview:-1\" \/>\n<link rel=\"canonical\" href=\"https:\/\/kapitalis.com\/tunisie\/2024\/07\/18\/gardes-cotes-agresses-a-sfax-38-migrants-places-en-detention\/\" \/>\n<meta property=\"og:locale\" content=\"fr_FR\" \/>\n<meta property=\"og:type\" content=\"article\" \/>\n<meta property=\"og:title\" content=\"Gardes-c\u00f4tes agress\u00e9s \u00e0 Sfax : 38 migrants plac\u00e9s en d\u00e9tention - Kapitalis\" \/>\n<meta property=\"og:description\" content=\"Dans le cadre de l&rsquo;affaire de l\u2019agression des gardes-c\u00f4tes, hier, \u00e0 Sfax le Parquet a autoris\u00e9 l&rsquo;ouverture d&rsquo;une enqu\u00eate et a ordonn\u00e9 la mise en d\u00e9tention de 38 migrants irr\u00e9guliers originaires de l&rsquo;Afrique subsaharienne.\" \/>\n<meta property=\"og:url\" content=\"https:\/\/kapitalis.com\/tunisie\/2024\/07\/18\/gardes-cotes-agresses-a-sfax-38-migrants-places-en-detention\/\" \/>\n<meta property=\"og:site_name\" content=\"Kapitalis\" \/>\n<meta property=\"article:publisher\" content=\"https:\/\/www.facebook.com\/KapitalisInfo\/\" \/>\n<meta property=\"article:published_time\" content=\"2024-07-18T21:01:21+00:00\" \/>\n<meta property=\"article:modified_time\" content=\"2024-07-19T00:11:18+00:00\" \/>\n<meta property=\"og:image\" content=\"https:\/\/kapitalis.com\/tunisie\/wp-content\/uploads\/2022\/08\/justice-juge.jpg\" \/>\n\t<meta property=\"og:image:width\" content=\"1200\" \/>\n\t<meta property=\"og:image:height\" content=\"630\" \/>\n\t<meta property=\"og:image:type\" content=\"image\/jpeg\" \/>\n<meta name=\"author\" content=\"Yusra NY\" \/>\n<meta name=\"twitter:card\" content=\"summary_large_image\" \/>\n<meta name=\"twitter:creator\" content=\"@KapitalisInfo\" \/>\n<meta name=\"twitter:site\" content=\"@KapitalisInfo\" \/>\n<meta name=\"twitter:label1\" content=\"\u00c9crit par\" \/>\n\t<meta name=\"twitter:data1\" content=\"Yusra NY\" \/>\n\t<meta name=\"twitter:label2\" content=\"Dur\u00e9e de lecture estim\u00e9e\" \/>\n\t<meta name=\"twitter:data2\" content=\"2 minutes\" \/>\n<script type=\"application\/ld+json\" class=\"yoast-schema-graph\">{\"@context\":\"https:\/\/schema.org\",\"@graph\":[{\"@type\":\"Article\",\"@id\":\"https:\/\/kapitalis.com\/tunisie\/2024\/07\/18\/gardes-cotes-agresses-a-sfax-38-migrants-places-en-detention\/#article\",\"isPartOf\":{\"@id\":\"https:\/\/kapitalis.com\/tunisie\/2024\/07\/18\/gardes-cotes-agresses-a-sfax-38-migrants-places-en-detention\/\"},\"author\":{\"name\":\"Yusra NY\",\"@id\":\"https:\/\/kapitalis.com\/tunisie\/#\/schema\/person\/74bbde0154d49d790a92aaeac5bc01d5\"},\"headline\":\"Gardes-c\u00f4tes agress\u00e9s \u00e0 Sfax : 38 migrants plac\u00e9s en d\u00e9tention\",\"datePublished\":\"2024-07-18T21:01:21+00:00\",\"dateModified\":\"2024-07-19T00:11:18+00:00\",\"mainEntityOfPage\":{\"@id\":\"https:\/\/kapitalis.com\/tunisie\/2024\/07\/18\/gardes-cotes-agresses-a-sfax-38-migrants-places-en-detention\/\"},\"wordCount\":187,\"publisher\":{\"@id\":\"https:\/\/kapitalis.com\/tunisie\/#organization\"},\"image\":{\"@id\":\"https:\/\/kapitalis.com\/tunisie\/2024\/07\/18\/gardes-cotes-agresses-a-sfax-38-migrants-places-en-detention\/#primaryimage\"},\"thumbnailUrl\":\"https:\/\/kapitalis.com\/tunisie\/wp-content\/uploads\/2022\/08\/justice-juge.jpg\",\"keywords\":[\"d\u00e9tention\",\"Gardes-c\u00f4tes\",\"migrants\",\"migration\",\"Sfax\",\"Tunisie\"],\"articleSection\":[\"SOCIETE\",\"Tunisie\"],\"inLanguage\":\"fr-FR\"},{\"@type\":\"WebPage\",\"@id\":\"https:\/\/kapitalis.com\/tunisie\/2024\/07\/18\/gardes-cotes-agresses-a-sfax-38-migrants-places-en-detention\/\",\"url\":\"https:\/\/kapitalis.com\/tunisie\/2024\/07\/18\/gardes-cotes-agresses-a-sfax-38-migrants-places-en-detention\/\",\"name\":\"Gardes-c\u00f4tes agress\u00e9s \u00e0 Sfax : 38 migrants plac\u00e9s en d\u00e9tention - Kapitalis\",\"isPartOf\":{\"@id\":\"https:\/\/kapitalis.com\/tunisie\/#website\"},\"primaryImageOfPage\":{\"@id\":\"https:\/\/kapitalis.com\/tunisie\/2024\/07\/18\/gardes-cotes-agresses-a-sfax-38-migrants-places-en-detention\/#primaryimage\"},\"image\":{\"@id\":\"https:\/\/kapitalis.com\/tunisie\/2024\/07\/18\/gardes-cotes-agresses-a-sfax-38-migrants-places-en-detention\/#primaryimage\"},\"thumbnailUrl\":\"https:\/\/kapitalis.com\/tunisie\/wp-content\/uploads\/2022\/08\/justice-juge.jpg\",\"datePublished\":\"2024-07-18T21:01:21+00:00\",\"dateModified\":\"2024-07-19T00:11:18+00:00\",\"breadcrumb\":{\"@id\":\"https:\/\/kapitalis.com\/tunisie\/2024\/07\/18\/gardes-cotes-agresses-a-sfax-38-migrants-places-en-detention\/#breadcrumb\"},\"inLanguage\":\"fr-FR\",\"potentialAction\":[{\"@type\":\"ReadAction\",\"target\":[\"https:\/\/kapitalis.com\/tunisie\/2024\/07\/18\/gardes-cotes-agresses-a-sfax-38-migrants-places-en-detention\/\"]}]},{\"@type\":\"ImageObject\",\"inLanguage\":\"fr-FR\",\"@id\":\"https:\/\/kapitalis.com\/tunisie\/2024\/07\/18\/gardes-cotes-agresses-a-sfax-38-migrants-places-en-detention\/#primaryimage\",\"url\":\"https:\/\/kapitalis.com\/tunisie\/wp-content\/uploads\/2022\/08\/justice-juge.jpg\",\"contentUrl\":\"https:\/\/kapitalis.com\/tunisie\/wp-content\/uploads\/2022\/08\/justice-juge.jpg\",\"width\":1200,\"height\":630},{\"@type\":\"BreadcrumbList\",\"@id\":\"https:\/\/kapitalis.com\/tunisie\/2024\/07\/18\/gardes-cotes-agresses-a-sfax-38-migrants-places-en-detention\/#breadcrumb\",\"itemListElement\":[{\"@type\":\"ListItem\",\"position\":1,\"name\":\"Accueil\",\"item\":\"https:\/\/kapitalis.com\/tunisie\/\"},{\"@type\":\"ListItem\",\"position\":2,\"name\":\"Gardes-c\u00f4tes agress\u00e9s \u00e0 Sfax : 38 migrants plac\u00e9s en d\u00e9tention\"}]},{\"@type\":\"WebSite\",\"@id\":\"https:\/\/kapitalis.com\/tunisie\/#website\",\"url\":\"https:\/\/kapitalis.com\/tunisie\/\",\"name\":\"Kapitalis\",\"description\":\"L&#039;actualit\u00e9 en Tunisie et dans le monde\",\"publisher\":{\"@id\":\"https:\/\/kapitalis.com\/tunisie\/#organization\"},\"potentialAction\":[{\"@type\":\"SearchAction\",\"target\":{\"@type\":\"EntryPoint\",\"urlTemplate\":\"https:\/\/kapitalis.com\/tunisie\/?s={search_term_string}\"},\"query-input\":{\"@type\":\"PropertyValueSpecification\",\"valueRequired\":true,\"valueName\":\"search_term_string\"}}],\"inLanguage\":\"fr-FR\"},{\"@type\":\"Organization\",\"@id\":\"https:\/\/kapitalis.com\/tunisie\/#organization\",\"name\":\"Kapitalis\",\"url\":\"https:\/\/kapitalis.com\/tunisie\/\",\"logo\":{\"@type\":\"ImageObject\",\"inLanguage\":\"fr-FR\",\"@id\":\"https:\/\/kapitalis.com\/tunisie\/#\/schema\/logo\/image\/\",\"url\":\"https:\/\/kapitalis.com\/tunisie\/wp-content\/uploads\/2022\/05\/Kapitalis-big-size.png\",\"contentUrl\":\"https:\/\/kapitalis.com\/tunisie\/wp-content\/uploads\/2022\/05\/Kapitalis-big-size.png\",\"width\":5000,\"height\":1500,\"caption\":\"Kapitalis\"},\"image\":{\"@id\":\"https:\/\/kapitalis.com\/tunisie\/#\/schema\/logo\/image\/\"},\"sameAs\":[\"https:\/\/www.facebook.com\/KapitalisInfo\/\",\"https:\/\/x.com\/KapitalisInfo\",\"https:\/\/www.youtube.com\/channel\/UC-yDYrHyfFBWWZaOw3FPg9Q\"]},{\"@type\":\"Person\",\"@id\":\"https:\/\/kapitalis.com\/tunisie\/#\/schema\/person\/74bbde0154d49d790a92aaeac5bc01d5\",\"name\":\"Yusra NY\",\"url\":\"https:\/\/kapitalis.com\/tunisie\/author\/yuza_adam\/\"}]}<\/script>\n<!-- \/ Yoast SEO plugin. -->","yoast_head_json":{"title":"Gardes-c\u00f4tes agress\u00e9s \u00e0 Sfax : 38 migrants plac\u00e9s en d\u00e9tention - Kapitalis","robots":{"index":"index","follow":"follow","max-snippet":"max-snippet:-1","max-image-preview":"max-image-preview:large","max-video-preview":"max-video-preview:-1"},"canonical":"https:\/\/kapitalis.com\/tunisie\/2024\/07\/18\/gardes-cotes-agresses-a-sfax-38-migrants-places-en-detention\/","og_locale":"fr_FR","og_type":"article","og_title":"Gardes-c\u00f4tes agress\u00e9s \u00e0 Sfax : 38 migrants plac\u00e9s en d\u00e9tention - Kapitalis","og_description":"Dans le cadre de l&rsquo;affaire de l\u2019agression des gardes-c\u00f4tes, hier, \u00e0 Sfax le Parquet a autoris\u00e9 l&rsquo;ouverture d&rsquo;une enqu\u00eate et a ordonn\u00e9 la mise en d\u00e9tention de 38 migrants irr\u00e9guliers originaires de l&rsquo;Afrique subsaharienne.","og_url":"https:\/\/kapitalis.com\/tunisie\/2024\/07\/18\/gardes-cotes-agresses-a-sfax-38-migrants-places-en-detention\/","og_site_name":"Kapitalis","article_publisher":"https:\/\/www.facebook.com\/KapitalisInfo\/","article_published_time":"2024-07-18T21:01:21+00:00","article_modified_time":"2024-07-19T00:11:18+00:00","og_image":[{"width":1200,"height":630,"url":"https:\/\/kapitalis.com\/tunisie\/wp-content\/uploads\/2022\/08\/justice-juge.jpg","type":"image\/jpeg"}],"author":"Yusra NY","twitter_card":"summary_large_image","twitter_creator":"@KapitalisInfo","twitter_site":"@KapitalisInfo","twitter_misc":{"\u00c9crit par":"Yusra NY","Dur\u00e9e de lecture estim\u00e9e":"2 minutes"},"schema":{"@context":"https:\/\/schema.org","@graph":[{"@type":"Article","@id":"https:\/\/kapitalis.com\/tunisie\/2024\/07\/18\/gardes-cotes-agresses-a-sfax-38-migrants-places-en-detention\/#article","isPartOf":{"@id":"https:\/\/kapitalis.com\/tunisie\/2024\/07\/18\/gardes-cotes-agresses-a-sfax-38-migrants-places-en-detention\/"},"author":{"name":"Yusra NY","@id":"https:\/\/kapitalis.com\/tunisie\/#\/schema\/person\/74bbde0154d49d790a92aaeac5bc01d5"},"headline":"Gardes-c\u00f4tes agress\u00e9s \u00e0 Sfax : 38 migrants plac\u00e9s en d\u00e9tention","datePublished":"2024-07-18T21:01:21+00:00","dateModified":"2024-07-19T00:11:18+00:00","mainEntityOfPage":{"@id":"https:\/\/kapitalis.com\/tunisie\/2024\/07\/18\/gardes-cotes-agresses-a-sfax-38-migrants-places-en-detention\/"},"wordCount":187,"publisher":{"@id":"https:\/\/kapitalis.com\/tunisie\/#organization"},"image":{"@id":"https:\/\/kapitalis.com\/tunisie\/2024\/07\/18\/gardes-cotes-agresses-a-sfax-38-migrants-places-en-detention\/#primaryimage"},"thumbnailUrl":"https:\/\/kapitalis.com\/tunisie\/wp-content\/uploads\/2022\/08\/justice-juge.jpg","keywords":["d\u00e9tention","Gardes-c\u00f4tes","migrants","migration","Sfax","Tunisie"],"articleSection":["SOCIETE","Tunisie"],"inLanguage":"fr-FR"},{"@type":"WebPage","@id":"https:\/\/kapitalis.com\/tunisie\/2024\/07\/18\/gardes-cotes-agresses-a-sfax-38-migrants-places-en-detention\/","url":"https:\/\/kapitalis.com\/tunisie\/2024\/07\/18\/gardes-cotes-agresses-a-sfax-38-migrants-places-en-detention\/","name":"Gardes-c\u00f4tes agress\u00e9s \u00e0 Sfax : 38 migrants plac\u00e9s en d\u00e9tention - Kapitalis","isPartOf":{"@id":"https:\/\/kapitalis.com\/tunisie\/#website"},"primaryImageOfPage":{"@id":"https:\/\/kapitalis.com\/tunisie\/2024\/07\/18\/gardes-cotes-agresses-a-sfax-38-migrants-places-en-detention\/#primaryimage"},"image":{"@id":"https:\/\/kapitalis.com\/tunisie\/2024\/07\/18\/gardes-cotes-agresses-a-sfax-38-migrants-places-en-detention\/#primaryimage"},"thumbnailUrl":"https:\/\/kapitalis.com\/tunisie\/wp-content\/uploads\/2022\/08\/justice-juge.jpg","datePublished":"2024-07-18T21:01:21+00:00","dateModified":"2024-07-19T00:11:18+00:00","breadcrumb":{"@id":"https:\/\/kapitalis.com\/tunisie\/2024\/07\/18\/gardes-cotes-agresses-a-sfax-38-migrants-places-en-detention\/#breadcrumb"},"inLanguage":"fr-FR","potentialAction":[{"@type":"ReadAction","target":["https:\/\/kapitalis.com\/tunisie\/2024\/07\/18\/gardes-cotes-agresses-a-sfax-38-migrants-places-en-detention\/"]}]},{"@type":"ImageObject","inLanguage":"fr-FR","@id":"https:\/\/kapitalis.com\/tunisie\/2024\/07\/18\/gardes-cotes-agresses-a-sfax-38-migrants-places-en-detention\/#primaryimage","url":"https:\/\/kapitalis.com\/tunisie\/wp-content\/uploads\/2022\/08\/justice-juge.jpg","contentUrl":"https:\/\/kapitalis.com\/tunisie\/wp-content\/uploads\/2022\/08\/justice-juge.jpg","width":1200,"height":630},{"@type":"BreadcrumbList","@id":"https:\/\/kapitalis.com\/tunisie\/2024\/07\/18\/gardes-cotes-agresses-a-sfax-38-migrants-places-en-detention\/#breadcrumb","itemListElement":[{"@type":"ListItem","position":1,"name":"Accueil","item":"https:\/\/kapitalis.com\/tunisie\/"},{"@type":"ListItem","position":2,"name":"Gardes-c\u00f4tes agress\u00e9s \u00e0 Sfax : 38 migrants plac\u00e9s en d\u00e9tention"}]},{"@type":"WebSite","@id":"https:\/\/kapitalis.com\/tunisie\/#website","url":"https:\/\/kapitalis.com\/tunisie\/","name":"Kapitalis","description":"L&#039;actualit\u00e9 en Tunisie et dans le monde","publisher":{"@id":"https:\/\/kapitalis.com\/tunisie\/#organization"},"potentialAction":[{"@type":"SearchAction","target":{"@type":"EntryPoint","urlTemplate":"https:\/\/kapitalis.com\/tunisie\/?s={search_term_string}"},"query-input":{"@type":"PropertyValueSpecification","valueRequired":true,"valueName":"search_term_string"}}],"inLanguage":"fr-FR"},{"@type":"Organization","@id":"https:\/\/kapitalis.com\/tunisie\/#organization","name":"Kapitalis","url":"https:\/\/kapitalis.com\/tunisie\/","logo":{"@type":"ImageObject","inLanguage":"fr-FR","@id":"https:\/\/kapitalis.com\/tunisie\/#\/schema\/logo\/image\/","url":"https:\/\/kapitalis.com\/tunisie\/wp-content\/uploads\/2022\/05\/Kapitalis-big-size.png","contentUrl":"https:\/\/kapitalis.com\/tunisie\/wp-content\/uploads\/2022\/05\/Kapitalis-big-size.png","width":5000,"height":1500,"caption":"Kapitalis"},"image":{"@id":"https:\/\/kapitalis.com\/tunisie\/#\/schema\/logo\/image\/"},"sameAs":["https:\/\/www.facebook.com\/KapitalisInfo\/","https:\/\/x.com\/KapitalisInfo","https:\/\/www.youtube.com\/channel\/UC-yDYrHyfFBWWZaOw3FPg9Q"]},{"@type":"Person","@id":"https:\/\/kapitalis.com\/tunisie\/#\/schema\/person\/74bbde0154d49d790a92aaeac5bc01d5","name":"Yusra NY","url":"https:\/\/kapitalis.com\/tunisie\/author\/yuza_adam\/"}]}},"_links":{"self":[{"href":"https:\/\/kapitalis.com\/tunisie\/wp-json\/wp\/v2\/posts\/13590991","targetHints":{"allow":["GET"]}}],"collection":[{"href":"https:\/\/kapitalis.com\/tunisie\/wp-json\/wp\/v2\/posts"}],"about":[{"href":"https:\/\/kapitalis.com\/tunisie\/wp-json\/wp\/v2\/types\/post"}],"author":[{"embeddable":true,"href":"https:\/\/kapitalis.com\/tunisie\/wp-json\/wp\/v2\/users\/6"}],"replies":[{"embeddable":true,"href":"https:\/\/kapitalis.com\/tunisie\/wp-json\/wp\/v2\/comments?post=13590991"}],"version-history":[{"count":1,"href":"https:\/\/kapitalis.com\/tunisie\/wp-json\/wp\/v2\/posts\/13590991\/revisions"}],"predecessor-version":[{"id":13591015,"href":"https:\/\/kapitalis.com\/tunisie\/wp-json\/wp\/v2\/posts\/13590991\/revisions\/13591015"}],"wp:featuredmedia":[{"embeddable":true,"href":"https:\/\/kapitalis.com\/tunisie\/wp-json\/wp\/v2\/media\/2969525"}],"wp:attachment":[{"href":"https:\/\/kapitalis.com\/tunisie\/wp-json\/wp\/v2\/media?parent=13590991"}],"wp:term":[{"taxonomy":"category","embeddable":true,"href":"https:\/\/kapitalis.com\/tunisie\/wp-json\/wp\/v2\/categories?post=13590991"},{"taxonomy":"post_tag","embeddable":true,"href":"https:\/\/kapitalis.com\/tunisie\/wp-json\/wp\/v2\/tags?post=13590991"}],"curies":[{"name":"wp","href":"https:\/\/api.w.org\/{rel}","templated":true}]}}