{"id":13592855,"date":"2024-07-19T11:22:10","date_gmt":"2024-07-19T10:22:10","guid":{"rendered":"https:\/\/kapitalis.com\/tunisie\/?p=13592855"},"modified":"2024-07-19T11:22:12","modified_gmt":"2024-07-19T10:22:12","slug":"la-tunisie-non-encore-affectee-par-la-panne-mondiale-microsoft","status":"publish","type":"post","link":"https:\/\/kapitalis.com\/tunisie\/2024\/07\/19\/la-tunisie-non-encore-affectee-par-la-panne-mondiale-microsoft\/","title":{"rendered":"La Tunisie non encore affect\u00e9e par la panne mondiale Microsoft \u00a0"},"content":{"rendered":"\n<p><strong><em>La panne informatique ayant touch\u00e9 des infrastructures mondiales utilisant les applications  Microsoft (banques, compagnies a\u00e9riennes, soci\u00e9t\u00e9s de t\u00e9l\u00e9communications, march\u00e9s financiers\u2026) ne semble pas avoir affect\u00e9 des syst\u00e8mes importants en Tunisie.<\/em><\/strong><\/p>\n\n\n\n<!--more-->\n\n\n\n<p>Une source du secteur bancaire a affirm\u00e9, ce vendredi 19 juillet 2024, que cette panne n\u2019a pas touch\u00e9 les banques tunisiennes, qui n\u2019ont enregistr\u00e9 ce matin aucun dysfonctionnement dans leurs activit\u00e9s habituelles. \u00a0<\/p>\n\n\n\n<p>L\u2019Office de l\u2019aviation civile et des a\u00e9roports (Oaca) a, de son c\u00f4t\u00e9, indiqu\u00e9 sur son site web que tous les vols programm\u00e9s aujourd\u2019hui n\u2019ont subi aucun accroc&nbsp;: quelque 42 atterrissages et d\u00e9collages ont ainsi \u00e9t\u00e9 enregistr\u00e9s entre 4h55 et 10h21 dans les a\u00e9roports tunisiens.<\/p>\n\n\n\n<p>Reste que le doute persiste concernant le trafic a\u00e9rien de et vers certains a\u00e9roports internationaux.<\/p>\n\n\n\n<p>Rappelons que des centaines d\u2019entreprises partout dans le monde ont annonc\u00e9, ce matin, \u00eatre touch\u00e9es par une panne informatique et le g\u00e9ant de la technologie Microsoft a d\u00e9clar\u00e9 qu\u2019il \u00e9tait en train de prendre des <em>\u00abmesures d\u2019att\u00e9nuation\u00bb<\/em> de la crise alors qu\u2019une panne informatique g\u00e9ante touchait des infrastructures dans le monde entier utilisant ses logiciels.<\/p>\n\n\n\n<p>De nombreuses entreprises australiennes ont notamment annonc\u00e9 \u00eatre concern\u00e9es par cette panne. La radio-t\u00e9l\u00e9vision publique ABC a indiqu\u00e9 que ses syst\u00e8mes ont \u00e9t\u00e9 paralys\u00e9s par un probl\u00e8me <em>\u00abmajeur\u00bb<\/em>. Certains terminaux de caisse libre-service de l\u2019une des plus grandes cha\u00eenes de supermarch\u00e9s du pays affichaient des messages d\u2019erreur. Enfin, la soci\u00e9t\u00e9 de t\u00e9l\u00e9communications Telstra a \u00e9galement d\u00e9clar\u00e9 que certains de ses syst\u00e8mes avaient \u00e9t\u00e9 perturb\u00e9s. Des photos publi\u00e9es en ligne montraient de longues files d\u2019attente \u00e0 l\u2019a\u00e9roport de Sydney, le plus grand a\u00e9roport international du pays, qui a indiqu\u00e9 que certaines op\u00e9rations a\u00e9riennes et des services a\u00e9roportuaires ont \u00e9t\u00e9 affect\u00e9s.<\/p>\n\n\n\n<p>M\u00eame chose \u00e0 l\u2019a\u00e9roport de Berlin. <em>\u00abPour l\u2019instant, nous avons juste comme information que nous avons un incident technique et que par cons\u00e9quent, il y a des retards dans l\u2019enregistrement et que le service a\u00e9rien a d\u00fb \u00eatre suspendu jusqu\u2019\u00e0 10 heures\u00bb<\/em>, a expliqu\u00e9 sa porte-parole.<\/p>\n\n\n\n<p>Le plus important op\u00e9rateur ferroviaire britannique a lui aussi annonc\u00e9 \u00eatre affect\u00e9 par des probl\u00e8mes informatiques conduisant \u00e0 de potentielles annulations de derni\u00e8re minute, les compagnies ne pouvant acc\u00e9der \u00e0 certains syst\u00e8mes concernant les conducteurs. <em>\u00abD\u2019autres syst\u00e8mes cl\u00e9s, notamment nos plateformes d\u2019information des clients en temps r\u00e9el, sont \u00e9galement affect\u00e9s\u00bb<\/em>, apprend-on aussi.<\/p>\n\n\n\n<p>La Bourse de Londres a elle aussi d\u00e9clar\u00e9 qu\u2019une partie de ses services \u00e9taient affect\u00e9s. <\/p>\n\n\n\n<p class=\"has-text-align-right\"><strong>I. B.<\/strong><\/p>\n","protected":false},"excerpt":{"rendered":"<p>La panne informatique mondiale ne semble pas avoir affect\u00e9 des syst\u00e8mes importants en Tunisie.<\/p>\n","protected":false},"author":8,"featured_media":13592894,"comment_status":"closed","ping_status":"open","sticky":false,"template":"","format":"standard","meta":{"footnotes":""},"categories":[995,2433],"tags":[17268,117028,1889,2571,117027],"class_list":["post-13592855","post","type-post","status-publish","format-standard","has-post-thumbnail","hentry","category-economie","category-tunisie","tag-banques-tunisiennes","tag-compagnies-aeriennes","tag-microsoft","tag-oaca","tag-panne-informatique"],"yoast_head":"<!-- This site is optimized with the Yoast SEO plugin v26.6 - https:\/\/yoast.com\/wordpress\/plugins\/seo\/ -->\n<title>La Tunisie non encore affect\u00e9e par la panne mondiale Microsoft \u00a0 - Kapitalis<\/title>\n<meta name=\"robots\" content=\"index, follow, max-snippet:-1, max-image-preview:large, max-video-preview:-1\" \/>\n<link rel=\"canonical\" href=\"https:\/\/kapitalis.com\/tunisie\/2024\/07\/19\/la-tunisie-non-encore-affectee-par-la-panne-mondiale-microsoft\/\" \/>\n<meta property=\"og:locale\" content=\"fr_FR\" \/>\n<meta property=\"og:type\" content=\"article\" \/>\n<meta property=\"og:title\" content=\"La Tunisie non encore affect\u00e9e par la panne mondiale Microsoft \u00a0 - Kapitalis\" \/>\n<meta property=\"og:description\" content=\"La panne informatique mondiale ne semble pas avoir affect\u00e9 des syst\u00e8mes importants en Tunisie.\" \/>\n<meta property=\"og:url\" content=\"https:\/\/kapitalis.com\/tunisie\/2024\/07\/19\/la-tunisie-non-encore-affectee-par-la-panne-mondiale-microsoft\/\" \/>\n<meta property=\"og:site_name\" content=\"Kapitalis\" \/>\n<meta property=\"article:publisher\" content=\"https:\/\/www.facebook.com\/KapitalisInfo\/\" \/>\n<meta property=\"article:published_time\" content=\"2024-07-19T10:22:10+00:00\" \/>\n<meta property=\"article:modified_time\" content=\"2024-07-19T10:22:12+00:00\" \/>\n<meta property=\"og:image\" content=\"https:\/\/kapitalis.com\/tunisie\/wp-content\/uploads\/2024\/07\/Microsoft.jpg\" \/>\n\t<meta property=\"og:image:width\" content=\"1200\" \/>\n\t<meta property=\"og:image:height\" content=\"630\" \/>\n\t<meta property=\"og:image:type\" content=\"image\/jpeg\" \/>\n<meta name=\"author\" content=\"webmaster kapitalis\" \/>\n<meta name=\"twitter:card\" content=\"summary_large_image\" \/>\n<meta name=\"twitter:creator\" content=\"@KapitalisInfo\" \/>\n<meta name=\"twitter:site\" content=\"@KapitalisInfo\" \/>\n<meta name=\"twitter:label1\" content=\"\u00c9crit par\" \/>\n\t<meta name=\"twitter:data1\" content=\"webmaster kapitalis\" \/>\n\t<meta name=\"twitter:label2\" content=\"Dur\u00e9e de lecture estim\u00e9e\" \/>\n\t<meta name=\"twitter:data2\" content=\"3 minutes\" \/>\n<script type=\"application\/ld+json\" class=\"yoast-schema-graph\">{\"@context\":\"https:\/\/schema.org\",\"@graph\":[{\"@type\":\"Article\",\"@id\":\"https:\/\/kapitalis.com\/tunisie\/2024\/07\/19\/la-tunisie-non-encore-affectee-par-la-panne-mondiale-microsoft\/#article\",\"isPartOf\":{\"@id\":\"https:\/\/kapitalis.com\/tunisie\/2024\/07\/19\/la-tunisie-non-encore-affectee-par-la-panne-mondiale-microsoft\/\"},\"author\":{\"name\":\"webmaster kapitalis\",\"@id\":\"https:\/\/kapitalis.com\/tunisie\/#\/schema\/person\/d71f33a9ca44f7bad4698210b480c8e9\"},\"headline\":\"La Tunisie non encore affect\u00e9e par la panne mondiale Microsoft \u00a0\",\"datePublished\":\"2024-07-19T10:22:10+00:00\",\"dateModified\":\"2024-07-19T10:22:12+00:00\",\"mainEntityOfPage\":{\"@id\":\"https:\/\/kapitalis.com\/tunisie\/2024\/07\/19\/la-tunisie-non-encore-affectee-par-la-panne-mondiale-microsoft\/\"},\"wordCount\":471,\"publisher\":{\"@id\":\"https:\/\/kapitalis.com\/tunisie\/#organization\"},\"image\":{\"@id\":\"https:\/\/kapitalis.com\/tunisie\/2024\/07\/19\/la-tunisie-non-encore-affectee-par-la-panne-mondiale-microsoft\/#primaryimage\"},\"thumbnailUrl\":\"https:\/\/kapitalis.com\/tunisie\/wp-content\/uploads\/2024\/07\/Microsoft.jpg\",\"keywords\":[\"banques tunisiennes\",\"compagnies a\u00e9riennes\",\"Microsoft\",\"Oaca\",\"panne informatique\"],\"articleSection\":[\"ECONOMIE\",\"Tunisie\"],\"inLanguage\":\"fr-FR\"},{\"@type\":\"WebPage\",\"@id\":\"https:\/\/kapitalis.com\/tunisie\/2024\/07\/19\/la-tunisie-non-encore-affectee-par-la-panne-mondiale-microsoft\/\",\"url\":\"https:\/\/kapitalis.com\/tunisie\/2024\/07\/19\/la-tunisie-non-encore-affectee-par-la-panne-mondiale-microsoft\/\",\"name\":\"La Tunisie non encore affect\u00e9e par la panne mondiale Microsoft \u00a0 - Kapitalis\",\"isPartOf\":{\"@id\":\"https:\/\/kapitalis.com\/tunisie\/#website\"},\"primaryImageOfPage\":{\"@id\":\"https:\/\/kapitalis.com\/tunisie\/2024\/07\/19\/la-tunisie-non-encore-affectee-par-la-panne-mondiale-microsoft\/#primaryimage\"},\"image\":{\"@id\":\"https:\/\/kapitalis.com\/tunisie\/2024\/07\/19\/la-tunisie-non-encore-affectee-par-la-panne-mondiale-microsoft\/#primaryimage\"},\"thumbnailUrl\":\"https:\/\/kapitalis.com\/tunisie\/wp-content\/uploads\/2024\/07\/Microsoft.jpg\",\"datePublished\":\"2024-07-19T10:22:10+00:00\",\"dateModified\":\"2024-07-19T10:22:12+00:00\",\"breadcrumb\":{\"@id\":\"https:\/\/kapitalis.com\/tunisie\/2024\/07\/19\/la-tunisie-non-encore-affectee-par-la-panne-mondiale-microsoft\/#breadcrumb\"},\"inLanguage\":\"fr-FR\",\"potentialAction\":[{\"@type\":\"ReadAction\",\"target\":[\"https:\/\/kapitalis.com\/tunisie\/2024\/07\/19\/la-tunisie-non-encore-affectee-par-la-panne-mondiale-microsoft\/\"]}]},{\"@type\":\"ImageObject\",\"inLanguage\":\"fr-FR\",\"@id\":\"https:\/\/kapitalis.com\/tunisie\/2024\/07\/19\/la-tunisie-non-encore-affectee-par-la-panne-mondiale-microsoft\/#primaryimage\",\"url\":\"https:\/\/kapitalis.com\/tunisie\/wp-content\/uploads\/2024\/07\/Microsoft.jpg\",\"contentUrl\":\"https:\/\/kapitalis.com\/tunisie\/wp-content\/uploads\/2024\/07\/Microsoft.jpg\",\"width\":1200,\"height\":630},{\"@type\":\"BreadcrumbList\",\"@id\":\"https:\/\/kapitalis.com\/tunisie\/2024\/07\/19\/la-tunisie-non-encore-affectee-par-la-panne-mondiale-microsoft\/#breadcrumb\",\"itemListElement\":[{\"@type\":\"ListItem\",\"position\":1,\"name\":\"Accueil\",\"item\":\"https:\/\/kapitalis.com\/tunisie\/\"},{\"@type\":\"ListItem\",\"position\":2,\"name\":\"La Tunisie non encore affect\u00e9e par la panne mondiale Microsoft \u00a0\"}]},{\"@type\":\"WebSite\",\"@id\":\"https:\/\/kapitalis.com\/tunisie\/#website\",\"url\":\"https:\/\/kapitalis.com\/tunisie\/\",\"name\":\"Kapitalis\",\"description\":\"L&#039;actualit\u00e9 en Tunisie et dans le monde\",\"publisher\":{\"@id\":\"https:\/\/kapitalis.com\/tunisie\/#organization\"},\"potentialAction\":[{\"@type\":\"SearchAction\",\"target\":{\"@type\":\"EntryPoint\",\"urlTemplate\":\"https:\/\/kapitalis.com\/tunisie\/?s={search_term_string}\"},\"query-input\":{\"@type\":\"PropertyValueSpecification\",\"valueRequired\":true,\"valueName\":\"search_term_string\"}}],\"inLanguage\":\"fr-FR\"},{\"@type\":\"Organization\",\"@id\":\"https:\/\/kapitalis.com\/tunisie\/#organization\",\"name\":\"Kapitalis\",\"url\":\"https:\/\/kapitalis.com\/tunisie\/\",\"logo\":{\"@type\":\"ImageObject\",\"inLanguage\":\"fr-FR\",\"@id\":\"https:\/\/kapitalis.com\/tunisie\/#\/schema\/logo\/image\/\",\"url\":\"https:\/\/kapitalis.com\/tunisie\/wp-content\/uploads\/2022\/05\/Kapitalis-big-size.png\",\"contentUrl\":\"https:\/\/kapitalis.com\/tunisie\/wp-content\/uploads\/2022\/05\/Kapitalis-big-size.png\",\"width\":5000,\"height\":1500,\"caption\":\"Kapitalis\"},\"image\":{\"@id\":\"https:\/\/kapitalis.com\/tunisie\/#\/schema\/logo\/image\/\"},\"sameAs\":[\"https:\/\/www.facebook.com\/KapitalisInfo\/\",\"https:\/\/x.com\/KapitalisInfo\",\"https:\/\/www.youtube.com\/channel\/UC-yDYrHyfFBWWZaOw3FPg9Q\"]},{\"@type\":\"Person\",\"@id\":\"https:\/\/kapitalis.com\/tunisie\/#\/schema\/person\/d71f33a9ca44f7bad4698210b480c8e9\",\"name\":\"webmaster kapitalis\",\"url\":\"https:\/\/kapitalis.com\/tunisie\/author\/webmaster-kapitalis\/\"}]}<\/script>\n<!-- \/ Yoast SEO plugin. -->","yoast_head_json":{"title":"La Tunisie non encore affect\u00e9e par la panne mondiale Microsoft \u00a0 - Kapitalis","robots":{"index":"index","follow":"follow","max-snippet":"max-snippet:-1","max-image-preview":"max-image-preview:large","max-video-preview":"max-video-preview:-1"},"canonical":"https:\/\/kapitalis.com\/tunisie\/2024\/07\/19\/la-tunisie-non-encore-affectee-par-la-panne-mondiale-microsoft\/","og_locale":"fr_FR","og_type":"article","og_title":"La Tunisie non encore affect\u00e9e par la panne mondiale Microsoft \u00a0 - Kapitalis","og_description":"La panne informatique mondiale ne semble pas avoir affect\u00e9 des syst\u00e8mes importants en Tunisie.","og_url":"https:\/\/kapitalis.com\/tunisie\/2024\/07\/19\/la-tunisie-non-encore-affectee-par-la-panne-mondiale-microsoft\/","og_site_name":"Kapitalis","article_publisher":"https:\/\/www.facebook.com\/KapitalisInfo\/","article_published_time":"2024-07-19T10:22:10+00:00","article_modified_time":"2024-07-19T10:22:12+00:00","og_image":[{"width":1200,"height":630,"url":"https:\/\/kapitalis.com\/tunisie\/wp-content\/uploads\/2024\/07\/Microsoft.jpg","type":"image\/jpeg"}],"author":"webmaster kapitalis","twitter_card":"summary_large_image","twitter_creator":"@KapitalisInfo","twitter_site":"@KapitalisInfo","twitter_misc":{"\u00c9crit par":"webmaster kapitalis","Dur\u00e9e de lecture estim\u00e9e":"3 minutes"},"schema":{"@context":"https:\/\/schema.org","@graph":[{"@type":"Article","@id":"https:\/\/kapitalis.com\/tunisie\/2024\/07\/19\/la-tunisie-non-encore-affectee-par-la-panne-mondiale-microsoft\/#article","isPartOf":{"@id":"https:\/\/kapitalis.com\/tunisie\/2024\/07\/19\/la-tunisie-non-encore-affectee-par-la-panne-mondiale-microsoft\/"},"author":{"name":"webmaster kapitalis","@id":"https:\/\/kapitalis.com\/tunisie\/#\/schema\/person\/d71f33a9ca44f7bad4698210b480c8e9"},"headline":"La Tunisie non encore affect\u00e9e par la panne mondiale Microsoft \u00a0","datePublished":"2024-07-19T10:22:10+00:00","dateModified":"2024-07-19T10:22:12+00:00","mainEntityOfPage":{"@id":"https:\/\/kapitalis.com\/tunisie\/2024\/07\/19\/la-tunisie-non-encore-affectee-par-la-panne-mondiale-microsoft\/"},"wordCount":471,"publisher":{"@id":"https:\/\/kapitalis.com\/tunisie\/#organization"},"image":{"@id":"https:\/\/kapitalis.com\/tunisie\/2024\/07\/19\/la-tunisie-non-encore-affectee-par-la-panne-mondiale-microsoft\/#primaryimage"},"thumbnailUrl":"https:\/\/kapitalis.com\/tunisie\/wp-content\/uploads\/2024\/07\/Microsoft.jpg","keywords":["banques tunisiennes","compagnies a\u00e9riennes","Microsoft","Oaca","panne informatique"],"articleSection":["ECONOMIE","Tunisie"],"inLanguage":"fr-FR"},{"@type":"WebPage","@id":"https:\/\/kapitalis.com\/tunisie\/2024\/07\/19\/la-tunisie-non-encore-affectee-par-la-panne-mondiale-microsoft\/","url":"https:\/\/kapitalis.com\/tunisie\/2024\/07\/19\/la-tunisie-non-encore-affectee-par-la-panne-mondiale-microsoft\/","name":"La Tunisie non encore affect\u00e9e par la panne mondiale Microsoft \u00a0 - Kapitalis","isPartOf":{"@id":"https:\/\/kapitalis.com\/tunisie\/#website"},"primaryImageOfPage":{"@id":"https:\/\/kapitalis.com\/tunisie\/2024\/07\/19\/la-tunisie-non-encore-affectee-par-la-panne-mondiale-microsoft\/#primaryimage"},"image":{"@id":"https:\/\/kapitalis.com\/tunisie\/2024\/07\/19\/la-tunisie-non-encore-affectee-par-la-panne-mondiale-microsoft\/#primaryimage"},"thumbnailUrl":"https:\/\/kapitalis.com\/tunisie\/wp-content\/uploads\/2024\/07\/Microsoft.jpg","datePublished":"2024-07-19T10:22:10+00:00","dateModified":"2024-07-19T10:22:12+00:00","breadcrumb":{"@id":"https:\/\/kapitalis.com\/tunisie\/2024\/07\/19\/la-tunisie-non-encore-affectee-par-la-panne-mondiale-microsoft\/#breadcrumb"},"inLanguage":"fr-FR","potentialAction":[{"@type":"ReadAction","target":["https:\/\/kapitalis.com\/tunisie\/2024\/07\/19\/la-tunisie-non-encore-affectee-par-la-panne-mondiale-microsoft\/"]}]},{"@type":"ImageObject","inLanguage":"fr-FR","@id":"https:\/\/kapitalis.com\/tunisie\/2024\/07\/19\/la-tunisie-non-encore-affectee-par-la-panne-mondiale-microsoft\/#primaryimage","url":"https:\/\/kapitalis.com\/tunisie\/wp-content\/uploads\/2024\/07\/Microsoft.jpg","contentUrl":"https:\/\/kapitalis.com\/tunisie\/wp-content\/uploads\/2024\/07\/Microsoft.jpg","width":1200,"height":630},{"@type":"BreadcrumbList","@id":"https:\/\/kapitalis.com\/tunisie\/2024\/07\/19\/la-tunisie-non-encore-affectee-par-la-panne-mondiale-microsoft\/#breadcrumb","itemListElement":[{"@type":"ListItem","position":1,"name":"Accueil","item":"https:\/\/kapitalis.com\/tunisie\/"},{"@type":"ListItem","position":2,"name":"La Tunisie non encore affect\u00e9e par la panne mondiale Microsoft \u00a0"}]},{"@type":"WebSite","@id":"https:\/\/kapitalis.com\/tunisie\/#website","url":"https:\/\/kapitalis.com\/tunisie\/","name":"Kapitalis","description":"L&#039;actualit\u00e9 en Tunisie et dans le monde","publisher":{"@id":"https:\/\/kapitalis.com\/tunisie\/#organization"},"potentialAction":[{"@type":"SearchAction","target":{"@type":"EntryPoint","urlTemplate":"https:\/\/kapitalis.com\/tunisie\/?s={search_term_string}"},"query-input":{"@type":"PropertyValueSpecification","valueRequired":true,"valueName":"search_term_string"}}],"inLanguage":"fr-FR"},{"@type":"Organization","@id":"https:\/\/kapitalis.com\/tunisie\/#organization","name":"Kapitalis","url":"https:\/\/kapitalis.com\/tunisie\/","logo":{"@type":"ImageObject","inLanguage":"fr-FR","@id":"https:\/\/kapitalis.com\/tunisie\/#\/schema\/logo\/image\/","url":"https:\/\/kapitalis.com\/tunisie\/wp-content\/uploads\/2022\/05\/Kapitalis-big-size.png","contentUrl":"https:\/\/kapitalis.com\/tunisie\/wp-content\/uploads\/2022\/05\/Kapitalis-big-size.png","width":5000,"height":1500,"caption":"Kapitalis"},"image":{"@id":"https:\/\/kapitalis.com\/tunisie\/#\/schema\/logo\/image\/"},"sameAs":["https:\/\/www.facebook.com\/KapitalisInfo\/","https:\/\/x.com\/KapitalisInfo","https:\/\/www.youtube.com\/channel\/UC-yDYrHyfFBWWZaOw3FPg9Q"]},{"@type":"Person","@id":"https:\/\/kapitalis.com\/tunisie\/#\/schema\/person\/d71f33a9ca44f7bad4698210b480c8e9","name":"webmaster kapitalis","url":"https:\/\/kapitalis.com\/tunisie\/author\/webmaster-kapitalis\/"}]}},"_links":{"self":[{"href":"https:\/\/kapitalis.com\/tunisie\/wp-json\/wp\/v2\/posts\/13592855","targetHints":{"allow":["GET"]}}],"collection":[{"href":"https:\/\/kapitalis.com\/tunisie\/wp-json\/wp\/v2\/posts"}],"about":[{"href":"https:\/\/kapitalis.com\/tunisie\/wp-json\/wp\/v2\/types\/post"}],"author":[{"embeddable":true,"href":"https:\/\/kapitalis.com\/tunisie\/wp-json\/wp\/v2\/users\/8"}],"replies":[{"embeddable":true,"href":"https:\/\/kapitalis.com\/tunisie\/wp-json\/wp\/v2\/comments?post=13592855"}],"version-history":[{"count":1,"href":"https:\/\/kapitalis.com\/tunisie\/wp-json\/wp\/v2\/posts\/13592855\/revisions"}],"predecessor-version":[{"id":13592908,"href":"https:\/\/kapitalis.com\/tunisie\/wp-json\/wp\/v2\/posts\/13592855\/revisions\/13592908"}],"wp:featuredmedia":[{"embeddable":true,"href":"https:\/\/kapitalis.com\/tunisie\/wp-json\/wp\/v2\/media\/13592894"}],"wp:attachment":[{"href":"https:\/\/kapitalis.com\/tunisie\/wp-json\/wp\/v2\/media?parent=13592855"}],"wp:term":[{"taxonomy":"category","embeddable":true,"href":"https:\/\/kapitalis.com\/tunisie\/wp-json\/wp\/v2\/categories?post=13592855"},{"taxonomy":"post_tag","embeddable":true,"href":"https:\/\/kapitalis.com\/tunisie\/wp-json\/wp\/v2\/tags?post=13592855"}],"curies":[{"name":"wp","href":"https:\/\/api.w.org\/{rel}","templated":true}]}}