{"id":13593,"date":"2015-09-11T17:13:43","date_gmt":"2015-09-11T16:13:43","guid":{"rendered":"http:\/\/kapitalis.com\/tunisie\/?p=13593"},"modified":"2015-09-11T18:05:13","modified_gmt":"2015-09-11T17:05:13","slug":"aout-2015-baisse-considerable-des-suicides-et-tentatives-de-suicide","status":"publish","type":"post","link":"https:\/\/kapitalis.com\/tunisie\/2015\/09\/11\/aout-2015-baisse-considerable-des-suicides-et-tentatives-de-suicide\/","title":{"rendered":"Ao\u00fbt 2015 : Baisse consid\u00e9rable des suicides et tentatives de suicide."},"content":{"rendered":"<p><img loading=\"lazy\" decoding=\"async\" class=\"alignnone size-full wp-image-13603 aligncenter\" src=\"http:\/\/kapitalis.com\/tunisie\/wp-content\/uploads\/2015\/09\/Corde-de-potence.jpg\" alt=\"Corde-de-potence\" width=\"626\" height=\"380\" \/><\/p>\n<p><em><strong>Les mouvements de protestations et les suicides ont baiss\u00e9 en ao\u00fbt dernier, mais on a enregistr\u00e9 une escalade de la violence.<\/strong> <\/em><!--more--><\/p>\n<p>C\u2019est ce qu\u2019indique le rapport de l\u2019Observatoire social tunisien (OST) relevant du Forum tunisien des droits \u00e9conomiques et sociaux (FTDES), pr\u00e9sent\u00e9 au cours d\u2019une conf\u00e9rence de presse, aujourd\u2019hui, \u00e0 son si\u00e8ge \u00e0 Tunis.<\/p>\n<p>Ainsi le nombre de suicide a baiss\u00e9 de plus de la moiti\u00e9, la Tunisie ayant enregistr\u00e9 17 cas de suicide et tentative de suicide, dont 2 femmes et 4 enfants de moins de 16 ans, en ao\u00fbt, contre 50 en juillet.<\/p>\n<p>Notons qu\u2019aucun cas de suicide ou tentative sur la tranche d\u2019\u00e2ge inf\u00e9rieure \u00e0 15 ans, n\u2019a \u00e9t\u00e9 enregistr\u00e9 pour la 1\u00e8re fois depuis 4 ans. La raison essentielle de ces actes est le conflit conjugal\u2026<\/p>\n<p>Le nombre des mouvements protestataires a \u00e9galement connu une baisse durant le mois d\u2019ao\u00fbt avec 272 mouvements de protestation collective dont 21% \u00e0 Kairouan, 14% \u00e0 Tunis et 9% \u00e0 Gafsa.<\/p>\n<p>Le FTDES a pr\u00e9cis\u00e9 que les mouvements protestataires \u00e0 caract\u00e8re religieux ont \u00e9galement baiss\u00e9. Cependant l\u2019Observatoire a enregistr\u00e9 une recrudescence du nombre de violences dues essentiellement aux vols et aux conflits familiaux et conjugaux.<\/p>\n<p>Des viols et tentatives de viol ont \u00e9t\u00e9 observ\u00e9s dans les gouvernorats de Tunis (viol d\u2019un enfant autiste), Bizerte (d\u2019un mineur), Nabeul (viol collectif d\u2019une \u00e9tudiante par un homme d\u2019affaire, un agent de la s\u00e9curit\u00e9 et un autre individu), El Kef (tentative de viol sur une mineure de 14 ans) et Sousse (tentative de viol d\u2019une touriste allemande).<\/p>\n<p>Le FTDES s\u2019inqui\u00e8te de cette mont\u00e9e de violence : <em>\u00abCette tendance est devenue le moyen de gestion des conflits et d\u00e9saccords entre citoyens. Le recours aux armes blanches, les agressions verbales et les vols en bandes organis\u00e9es sont des formes de violence qui se d\u00e9veloppent<\/em>\u00bb, a d\u00e9nonc\u00e9 le FTDES, ajoutant que \u00ab<em>le comportement violent adopt\u00e9 en tant que mode d\u2019expression du m\u00e9contentement ou des frustrations a \u00e9t\u00e9 accentu\u00e9 par le sentiment d\u2019ins\u00e9curit\u00e9\u00bb.<\/em><\/p>\n<p style=\"text-align: right;\"><strong>Y. N.<\/strong><\/p>\n","protected":false},"excerpt":{"rendered":"<p>Les mouvements de protestations et les suicides ont baiss\u00e9 en ao\u00fbt dernier, mais on a enregistr\u00e9 une escalade de la violence.<\/p>\n","protected":false},"author":11,"featured_media":0,"comment_status":"open","ping_status":"open","sticky":false,"template":"","format":"standard","meta":{"footnotes":""},"categories":[998,2433],"tags":[2926,865,952],"class_list":["post-13593","post","type-post","status-publish","format-standard","hentry","category-societe","category-tunisie","tag-protestation","tag-suicide","tag-violence"],"yoast_head":"<!-- This site is optimized with the Yoast SEO plugin v26.6 - https:\/\/yoast.com\/wordpress\/plugins\/seo\/ -->\n<title>Ao\u00fbt 2015 : Baisse consid\u00e9rable des suicides et tentatives de suicide. - Kapitalis<\/title>\n<meta name=\"robots\" content=\"index, follow, max-snippet:-1, max-image-preview:large, max-video-preview:-1\" \/>\n<link rel=\"canonical\" href=\"https:\/\/kapitalis.com\/tunisie\/2015\/09\/11\/aout-2015-baisse-considerable-des-suicides-et-tentatives-de-suicide\/\" \/>\n<meta property=\"og:locale\" content=\"fr_FR\" \/>\n<meta property=\"og:type\" content=\"article\" \/>\n<meta property=\"og:title\" content=\"Ao\u00fbt 2015 : Baisse consid\u00e9rable des suicides et tentatives de suicide. - Kapitalis\" \/>\n<meta property=\"og:description\" content=\"Les mouvements de protestations et les suicides ont baiss\u00e9 en ao\u00fbt dernier, mais on a enregistr\u00e9 une escalade de la violence.\" \/>\n<meta property=\"og:url\" content=\"https:\/\/kapitalis.com\/tunisie\/2015\/09\/11\/aout-2015-baisse-considerable-des-suicides-et-tentatives-de-suicide\/\" \/>\n<meta property=\"og:site_name\" content=\"Kapitalis\" \/>\n<meta property=\"article:publisher\" content=\"https:\/\/www.facebook.com\/KapitalisInfo\/\" \/>\n<meta property=\"article:published_time\" content=\"2015-09-11T16:13:43+00:00\" \/>\n<meta property=\"article:modified_time\" content=\"2015-09-11T17:05:13+00:00\" \/>\n<meta property=\"og:image\" content=\"http:\/\/kapitalis.com\/tunisie\/wp-content\/uploads\/2015\/09\/Corde-de-potence.jpg\" \/>\n<meta name=\"author\" content=\"benmansour3 benmansour\" \/>\n<meta name=\"twitter:card\" content=\"summary_large_image\" \/>\n<meta name=\"twitter:creator\" content=\"@KapitalisInfo\" \/>\n<meta name=\"twitter:site\" content=\"@KapitalisInfo\" \/>\n<meta name=\"twitter:label1\" content=\"\u00c9crit par\" \/>\n\t<meta name=\"twitter:data1\" content=\"benmansour3 benmansour\" \/>\n\t<meta name=\"twitter:label2\" content=\"Dur\u00e9e de lecture estim\u00e9e\" \/>\n\t<meta name=\"twitter:data2\" content=\"2 minutes\" \/>\n<script type=\"application\/ld+json\" class=\"yoast-schema-graph\">{\"@context\":\"https:\/\/schema.org\",\"@graph\":[{\"@type\":\"Article\",\"@id\":\"https:\/\/kapitalis.com\/tunisie\/2015\/09\/11\/aout-2015-baisse-considerable-des-suicides-et-tentatives-de-suicide\/#article\",\"isPartOf\":{\"@id\":\"https:\/\/kapitalis.com\/tunisie\/2015\/09\/11\/aout-2015-baisse-considerable-des-suicides-et-tentatives-de-suicide\/\"},\"author\":{\"name\":\"benmansour3 benmansour\",\"@id\":\"https:\/\/kapitalis.com\/tunisie\/#\/schema\/person\/035372e645ad321edc01006468cd4c8b\"},\"headline\":\"Ao\u00fbt 2015 : Baisse consid\u00e9rable des suicides et tentatives de suicide.\",\"datePublished\":\"2015-09-11T16:13:43+00:00\",\"dateModified\":\"2015-09-11T17:05:13+00:00\",\"mainEntityOfPage\":{\"@id\":\"https:\/\/kapitalis.com\/tunisie\/2015\/09\/11\/aout-2015-baisse-considerable-des-suicides-et-tentatives-de-suicide\/\"},\"wordCount\":355,\"commentCount\":0,\"publisher\":{\"@id\":\"https:\/\/kapitalis.com\/tunisie\/#organization\"},\"image\":{\"@id\":\"https:\/\/kapitalis.com\/tunisie\/2015\/09\/11\/aout-2015-baisse-considerable-des-suicides-et-tentatives-de-suicide\/#primaryimage\"},\"thumbnailUrl\":\"http:\/\/kapitalis.com\/tunisie\/wp-content\/uploads\/2015\/09\/Corde-de-potence.jpg\",\"keywords\":[\"protestation\",\"suicide\",\"violence\"],\"articleSection\":[\"SOCIETE\",\"Tunisie\"],\"inLanguage\":\"fr-FR\",\"potentialAction\":[{\"@type\":\"CommentAction\",\"name\":\"Comment\",\"target\":[\"https:\/\/kapitalis.com\/tunisie\/2015\/09\/11\/aout-2015-baisse-considerable-des-suicides-et-tentatives-de-suicide\/#respond\"]}]},{\"@type\":\"WebPage\",\"@id\":\"https:\/\/kapitalis.com\/tunisie\/2015\/09\/11\/aout-2015-baisse-considerable-des-suicides-et-tentatives-de-suicide\/\",\"url\":\"https:\/\/kapitalis.com\/tunisie\/2015\/09\/11\/aout-2015-baisse-considerable-des-suicides-et-tentatives-de-suicide\/\",\"name\":\"Ao\u00fbt 2015 : Baisse consid\u00e9rable des suicides et tentatives de suicide. - Kapitalis\",\"isPartOf\":{\"@id\":\"https:\/\/kapitalis.com\/tunisie\/#website\"},\"primaryImageOfPage\":{\"@id\":\"https:\/\/kapitalis.com\/tunisie\/2015\/09\/11\/aout-2015-baisse-considerable-des-suicides-et-tentatives-de-suicide\/#primaryimage\"},\"image\":{\"@id\":\"https:\/\/kapitalis.com\/tunisie\/2015\/09\/11\/aout-2015-baisse-considerable-des-suicides-et-tentatives-de-suicide\/#primaryimage\"},\"thumbnailUrl\":\"http:\/\/kapitalis.com\/tunisie\/wp-content\/uploads\/2015\/09\/Corde-de-potence.jpg\",\"datePublished\":\"2015-09-11T16:13:43+00:00\",\"dateModified\":\"2015-09-11T17:05:13+00:00\",\"breadcrumb\":{\"@id\":\"https:\/\/kapitalis.com\/tunisie\/2015\/09\/11\/aout-2015-baisse-considerable-des-suicides-et-tentatives-de-suicide\/#breadcrumb\"},\"inLanguage\":\"fr-FR\",\"potentialAction\":[{\"@type\":\"ReadAction\",\"target\":[\"https:\/\/kapitalis.com\/tunisie\/2015\/09\/11\/aout-2015-baisse-considerable-des-suicides-et-tentatives-de-suicide\/\"]}]},{\"@type\":\"ImageObject\",\"inLanguage\":\"fr-FR\",\"@id\":\"https:\/\/kapitalis.com\/tunisie\/2015\/09\/11\/aout-2015-baisse-considerable-des-suicides-et-tentatives-de-suicide\/#primaryimage\",\"url\":\"http:\/\/kapitalis.com\/tunisie\/wp-content\/uploads\/2015\/09\/Corde-de-potence.jpg\",\"contentUrl\":\"http:\/\/kapitalis.com\/tunisie\/wp-content\/uploads\/2015\/09\/Corde-de-potence.jpg\"},{\"@type\":\"BreadcrumbList\",\"@id\":\"https:\/\/kapitalis.com\/tunisie\/2015\/09\/11\/aout-2015-baisse-considerable-des-suicides-et-tentatives-de-suicide\/#breadcrumb\",\"itemListElement\":[{\"@type\":\"ListItem\",\"position\":1,\"name\":\"Accueil\",\"item\":\"https:\/\/kapitalis.com\/tunisie\/\"},{\"@type\":\"ListItem\",\"position\":2,\"name\":\"Ao\u00fbt 2015 : Baisse consid\u00e9rable des suicides et tentatives de suicide.\"}]},{\"@type\":\"WebSite\",\"@id\":\"https:\/\/kapitalis.com\/tunisie\/#website\",\"url\":\"https:\/\/kapitalis.com\/tunisie\/\",\"name\":\"Kapitalis\",\"description\":\"L&#039;actualit\u00e9 en Tunisie et dans le monde\",\"publisher\":{\"@id\":\"https:\/\/kapitalis.com\/tunisie\/#organization\"},\"potentialAction\":[{\"@type\":\"SearchAction\",\"target\":{\"@type\":\"EntryPoint\",\"urlTemplate\":\"https:\/\/kapitalis.com\/tunisie\/?s={search_term_string}\"},\"query-input\":{\"@type\":\"PropertyValueSpecification\",\"valueRequired\":true,\"valueName\":\"search_term_string\"}}],\"inLanguage\":\"fr-FR\"},{\"@type\":\"Organization\",\"@id\":\"https:\/\/kapitalis.com\/tunisie\/#organization\",\"name\":\"Kapitalis\",\"url\":\"https:\/\/kapitalis.com\/tunisie\/\",\"logo\":{\"@type\":\"ImageObject\",\"inLanguage\":\"fr-FR\",\"@id\":\"https:\/\/kapitalis.com\/tunisie\/#\/schema\/logo\/image\/\",\"url\":\"https:\/\/kapitalis.com\/tunisie\/wp-content\/uploads\/2022\/05\/Kapitalis-big-size.png\",\"contentUrl\":\"https:\/\/kapitalis.com\/tunisie\/wp-content\/uploads\/2022\/05\/Kapitalis-big-size.png\",\"width\":5000,\"height\":1500,\"caption\":\"Kapitalis\"},\"image\":{\"@id\":\"https:\/\/kapitalis.com\/tunisie\/#\/schema\/logo\/image\/\"},\"sameAs\":[\"https:\/\/www.facebook.com\/KapitalisInfo\/\",\"https:\/\/x.com\/KapitalisInfo\",\"https:\/\/www.youtube.com\/channel\/UC-yDYrHyfFBWWZaOw3FPg9Q\"]},{\"@type\":\"Person\",\"@id\":\"https:\/\/kapitalis.com\/tunisie\/#\/schema\/person\/035372e645ad321edc01006468cd4c8b\",\"name\":\"benmansour3 benmansour\",\"url\":\"https:\/\/kapitalis.com\/tunisie\/author\/benmansour3\/\"}]}<\/script>\n<!-- \/ Yoast SEO plugin. -->","yoast_head_json":{"title":"Ao\u00fbt 2015 : Baisse consid\u00e9rable des suicides et tentatives de suicide. - Kapitalis","robots":{"index":"index","follow":"follow","max-snippet":"max-snippet:-1","max-image-preview":"max-image-preview:large","max-video-preview":"max-video-preview:-1"},"canonical":"https:\/\/kapitalis.com\/tunisie\/2015\/09\/11\/aout-2015-baisse-considerable-des-suicides-et-tentatives-de-suicide\/","og_locale":"fr_FR","og_type":"article","og_title":"Ao\u00fbt 2015 : Baisse consid\u00e9rable des suicides et tentatives de suicide. - Kapitalis","og_description":"Les mouvements de protestations et les suicides ont baiss\u00e9 en ao\u00fbt dernier, mais on a enregistr\u00e9 une escalade de la violence.","og_url":"https:\/\/kapitalis.com\/tunisie\/2015\/09\/11\/aout-2015-baisse-considerable-des-suicides-et-tentatives-de-suicide\/","og_site_name":"Kapitalis","article_publisher":"https:\/\/www.facebook.com\/KapitalisInfo\/","article_published_time":"2015-09-11T16:13:43+00:00","article_modified_time":"2015-09-11T17:05:13+00:00","og_image":[{"url":"http:\/\/kapitalis.com\/tunisie\/wp-content\/uploads\/2015\/09\/Corde-de-potence.jpg","type":"","width":"","height":""}],"author":"benmansour3 benmansour","twitter_card":"summary_large_image","twitter_creator":"@KapitalisInfo","twitter_site":"@KapitalisInfo","twitter_misc":{"\u00c9crit par":"benmansour3 benmansour","Dur\u00e9e de lecture estim\u00e9e":"2 minutes"},"schema":{"@context":"https:\/\/schema.org","@graph":[{"@type":"Article","@id":"https:\/\/kapitalis.com\/tunisie\/2015\/09\/11\/aout-2015-baisse-considerable-des-suicides-et-tentatives-de-suicide\/#article","isPartOf":{"@id":"https:\/\/kapitalis.com\/tunisie\/2015\/09\/11\/aout-2015-baisse-considerable-des-suicides-et-tentatives-de-suicide\/"},"author":{"name":"benmansour3 benmansour","@id":"https:\/\/kapitalis.com\/tunisie\/#\/schema\/person\/035372e645ad321edc01006468cd4c8b"},"headline":"Ao\u00fbt 2015 : Baisse consid\u00e9rable des suicides et tentatives de suicide.","datePublished":"2015-09-11T16:13:43+00:00","dateModified":"2015-09-11T17:05:13+00:00","mainEntityOfPage":{"@id":"https:\/\/kapitalis.com\/tunisie\/2015\/09\/11\/aout-2015-baisse-considerable-des-suicides-et-tentatives-de-suicide\/"},"wordCount":355,"commentCount":0,"publisher":{"@id":"https:\/\/kapitalis.com\/tunisie\/#organization"},"image":{"@id":"https:\/\/kapitalis.com\/tunisie\/2015\/09\/11\/aout-2015-baisse-considerable-des-suicides-et-tentatives-de-suicide\/#primaryimage"},"thumbnailUrl":"http:\/\/kapitalis.com\/tunisie\/wp-content\/uploads\/2015\/09\/Corde-de-potence.jpg","keywords":["protestation","suicide","violence"],"articleSection":["SOCIETE","Tunisie"],"inLanguage":"fr-FR","potentialAction":[{"@type":"CommentAction","name":"Comment","target":["https:\/\/kapitalis.com\/tunisie\/2015\/09\/11\/aout-2015-baisse-considerable-des-suicides-et-tentatives-de-suicide\/#respond"]}]},{"@type":"WebPage","@id":"https:\/\/kapitalis.com\/tunisie\/2015\/09\/11\/aout-2015-baisse-considerable-des-suicides-et-tentatives-de-suicide\/","url":"https:\/\/kapitalis.com\/tunisie\/2015\/09\/11\/aout-2015-baisse-considerable-des-suicides-et-tentatives-de-suicide\/","name":"Ao\u00fbt 2015 : Baisse consid\u00e9rable des suicides et tentatives de suicide. - Kapitalis","isPartOf":{"@id":"https:\/\/kapitalis.com\/tunisie\/#website"},"primaryImageOfPage":{"@id":"https:\/\/kapitalis.com\/tunisie\/2015\/09\/11\/aout-2015-baisse-considerable-des-suicides-et-tentatives-de-suicide\/#primaryimage"},"image":{"@id":"https:\/\/kapitalis.com\/tunisie\/2015\/09\/11\/aout-2015-baisse-considerable-des-suicides-et-tentatives-de-suicide\/#primaryimage"},"thumbnailUrl":"http:\/\/kapitalis.com\/tunisie\/wp-content\/uploads\/2015\/09\/Corde-de-potence.jpg","datePublished":"2015-09-11T16:13:43+00:00","dateModified":"2015-09-11T17:05:13+00:00","breadcrumb":{"@id":"https:\/\/kapitalis.com\/tunisie\/2015\/09\/11\/aout-2015-baisse-considerable-des-suicides-et-tentatives-de-suicide\/#breadcrumb"},"inLanguage":"fr-FR","potentialAction":[{"@type":"ReadAction","target":["https:\/\/kapitalis.com\/tunisie\/2015\/09\/11\/aout-2015-baisse-considerable-des-suicides-et-tentatives-de-suicide\/"]}]},{"@type":"ImageObject","inLanguage":"fr-FR","@id":"https:\/\/kapitalis.com\/tunisie\/2015\/09\/11\/aout-2015-baisse-considerable-des-suicides-et-tentatives-de-suicide\/#primaryimage","url":"http:\/\/kapitalis.com\/tunisie\/wp-content\/uploads\/2015\/09\/Corde-de-potence.jpg","contentUrl":"http:\/\/kapitalis.com\/tunisie\/wp-content\/uploads\/2015\/09\/Corde-de-potence.jpg"},{"@type":"BreadcrumbList","@id":"https:\/\/kapitalis.com\/tunisie\/2015\/09\/11\/aout-2015-baisse-considerable-des-suicides-et-tentatives-de-suicide\/#breadcrumb","itemListElement":[{"@type":"ListItem","position":1,"name":"Accueil","item":"https:\/\/kapitalis.com\/tunisie\/"},{"@type":"ListItem","position":2,"name":"Ao\u00fbt 2015 : Baisse consid\u00e9rable des suicides et tentatives de suicide."}]},{"@type":"WebSite","@id":"https:\/\/kapitalis.com\/tunisie\/#website","url":"https:\/\/kapitalis.com\/tunisie\/","name":"Kapitalis","description":"L&#039;actualit\u00e9 en Tunisie et dans le monde","publisher":{"@id":"https:\/\/kapitalis.com\/tunisie\/#organization"},"potentialAction":[{"@type":"SearchAction","target":{"@type":"EntryPoint","urlTemplate":"https:\/\/kapitalis.com\/tunisie\/?s={search_term_string}"},"query-input":{"@type":"PropertyValueSpecification","valueRequired":true,"valueName":"search_term_string"}}],"inLanguage":"fr-FR"},{"@type":"Organization","@id":"https:\/\/kapitalis.com\/tunisie\/#organization","name":"Kapitalis","url":"https:\/\/kapitalis.com\/tunisie\/","logo":{"@type":"ImageObject","inLanguage":"fr-FR","@id":"https:\/\/kapitalis.com\/tunisie\/#\/schema\/logo\/image\/","url":"https:\/\/kapitalis.com\/tunisie\/wp-content\/uploads\/2022\/05\/Kapitalis-big-size.png","contentUrl":"https:\/\/kapitalis.com\/tunisie\/wp-content\/uploads\/2022\/05\/Kapitalis-big-size.png","width":5000,"height":1500,"caption":"Kapitalis"},"image":{"@id":"https:\/\/kapitalis.com\/tunisie\/#\/schema\/logo\/image\/"},"sameAs":["https:\/\/www.facebook.com\/KapitalisInfo\/","https:\/\/x.com\/KapitalisInfo","https:\/\/www.youtube.com\/channel\/UC-yDYrHyfFBWWZaOw3FPg9Q"]},{"@type":"Person","@id":"https:\/\/kapitalis.com\/tunisie\/#\/schema\/person\/035372e645ad321edc01006468cd4c8b","name":"benmansour3 benmansour","url":"https:\/\/kapitalis.com\/tunisie\/author\/benmansour3\/"}]}},"_links":{"self":[{"href":"https:\/\/kapitalis.com\/tunisie\/wp-json\/wp\/v2\/posts\/13593","targetHints":{"allow":["GET"]}}],"collection":[{"href":"https:\/\/kapitalis.com\/tunisie\/wp-json\/wp\/v2\/posts"}],"about":[{"href":"https:\/\/kapitalis.com\/tunisie\/wp-json\/wp\/v2\/types\/post"}],"author":[{"embeddable":true,"href":"https:\/\/kapitalis.com\/tunisie\/wp-json\/wp\/v2\/users\/11"}],"replies":[{"embeddable":true,"href":"https:\/\/kapitalis.com\/tunisie\/wp-json\/wp\/v2\/comments?post=13593"}],"version-history":[{"count":0,"href":"https:\/\/kapitalis.com\/tunisie\/wp-json\/wp\/v2\/posts\/13593\/revisions"}],"wp:attachment":[{"href":"https:\/\/kapitalis.com\/tunisie\/wp-json\/wp\/v2\/media?parent=13593"}],"wp:term":[{"taxonomy":"category","embeddable":true,"href":"https:\/\/kapitalis.com\/tunisie\/wp-json\/wp\/v2\/categories?post=13593"},{"taxonomy":"post_tag","embeddable":true,"href":"https:\/\/kapitalis.com\/tunisie\/wp-json\/wp\/v2\/tags?post=13593"}],"curies":[{"name":"wp","href":"https:\/\/api.w.org\/{rel}","templated":true}]}}