{"id":13593390,"date":"2024-07-19T13:17:33","date_gmt":"2024-07-19T12:17:33","guid":{"rendered":"https:\/\/kapitalis.com\/tunisie\/?p=13593390"},"modified":"2024-07-19T13:17:35","modified_gmt":"2024-07-19T12:17:35","slug":"retrouvailles-emouvantes-de-lotfi-bouchnaq-avec-le-public-de-carthage-video","status":"publish","type":"post","link":"https:\/\/kapitalis.com\/tunisie\/2024\/07\/19\/retrouvailles-emouvantes-de-lotfi-bouchnaq-avec-le-public-de-carthage-video\/","title":{"rendered":"Retrouvailles \u00e9mouvantes de Lotfi Bouchnaq avec le public de Carthage (Vid\u00e9o)"},"content":{"rendered":"\n<p><strong><em>Ouverture en grande pompe, jeudi 18 juillet 2024, de la 58<sup>e<\/sup>\u00a0session du Festival international de Carthage (FiC) qui c\u00e9l\u00e8bre la 60e ann\u00e9e de sa cr\u00e9ation. T\u00f4t, avant l\u2019heure du spectacle, une longue file grossissait devant les guichets, le public, de tout \u00e2ge, avait rendez-vous avec une figure embl\u00e9matique de la chanson tunisienne et arabe\u00a0: Lotfi Bouchnaq.<\/em><\/strong> <a href=\"https:\/\/www.facebook.com\/Festivaldecarthageofficiel\/videos\/2226971611006157\" target=\"_blank\" rel=\"noreferrer noopener\">Vid\u00e9o.<\/a><\/p>\n\n\n\n<!--more-->\n\n\n\n<p>Il est 21 heures, juste \u00e0 l\u2019entr\u00e9e du th\u00e9\u00e2tre, une foule de journalistes et de curieux suivent au pas Moncef Boukhtir, ministre de l\u2019Enseignement sup\u00e9rieur et de la Recherche scientifique, charg\u00e9 de la gestion du minist\u00e8re des Affaires culturelles et ses invit\u00e9s, qui inaugurait un stand d\u2019une exposition documentaire retra\u00e7ant les 60 ans de la fondation du Festival international de Carthage (1964-2024). Les moments forts des six d\u00e9cennies de la cr\u00e9ation du FiC. Soixante ans de vie, de spectacles, de chansons, de sc\u00e8nes de th\u00e9\u00e2tre, de danse, de d\u00e9couvertes\u00a0et de cr\u00e9ation, fix\u00e9es sur des clich\u00e9s en noir et blancs dans un hall et en couleurs dans un deuxi\u00e8me espace, rappelant des heures heureuses d\u2019un temps r\u00e9volu. Nostalgie\u00a0!\u00a0<\/p>\n\n\n\n<p>L\u2019amphith\u00e9\u00e2tre est rempli, foule bigarr\u00e9e, forte humidit\u00e9 dans l\u2019air, mains tendues, t\u00e9l\u00e9phones allum\u00e9s, le public s\u2019impatiente.<br>Spectacle \u00e0 la hauteur de l\u2019\u00e9v\u00e9nement<\/p>\n\n\n\n<p>A dix heures tapantes, l\u2019hymne national fait lever le public, des applaudissements suivent, le grand orchestre entre en sc\u00e8ne, suivi de son chef Fadi Ben Othman, quelques minutes plus tard, sous l\u2019\u00e9paisseur des fumerolles, entre la vedette attendue, costume noir et luth en main, Bouchnaq salue la foule, c\u2019est un moment fort qu\u2019il affronte, le spectacle appel\u00e9 <em>\u00abAyech leghnayati\u00bb<\/em> (Je vis pour mes chansons) couronne cinquante ans de carri\u00e8re.<br>Bouchnaq, l\u2019habitu\u00e9 des sc\u00e8nes nationales et internationales, joue ici sur du velours, un public acquis, un battage m\u00e9diatique cons\u00e9quent, une sc\u00e8ne de prestige et un double anniversaire\u00a0: 60 ans de la fondation du FiC, 50 ans de chansons, belle rencontre qui promet un spectacle \u00e0 la hauteur de l\u2019\u00e9v\u00e9nement.<\/p>\n\n\n\n<p><em>\u00abAyech leghnayati\u00bb<\/em> est un m\u00e9ga- show, con\u00e7u par les deux fils du chanteur, Abdelhamid et Hamza), qui reprend les 50 ans de carri\u00e8re. Un grand orchestre, des chor\u00e9graphes, des projections d\u2019extraits de films, de hauts personnages de la sc\u00e8ne artistique tunisienne et l\u2019omnipr\u00e9sence de Bouchnaq. D\u00e9part avec une pens\u00e9e nostalgique au rossignol de la chanson Ali Riahi (<em>\u00abYa chagla bali\u00bb<\/em>) qui date des ann\u00e9es 1970, le public reprend les strophes avec joie. \u00c7a chauffe\u00a0! Sur les \u00e9crans passent les ic\u00f4nes de la musique tunisienne, l\u2019in\u00e9vitable Ali Sriti, Ali Riahi, \u00e9videmment et N\u00e2ama, Ridha Kala\u00ef&#8230; Sur l\u2019\u00e9cran, des compositeurs t\u00e9moignent de leur fid\u00e9lit\u00e9, des paroliers r\u00e9v\u00e8lent leur amiti\u00e9, des compagnons de route vivants ou disparus affirment leur admiration\u2026Bel hommage\u00a0!\u00a0\u00a0 \u00a0\u00a0<\/p>\n\n\n\n<figure class=\"wp-block-gallery aligncenter has-nested-images columns-default is-cropped wp-block-gallery-1 is-layout-flex wp-block-gallery-is-layout-flex\">\n<figure class=\"wp-block-image size-large\"><img loading=\"lazy\" decoding=\"async\" width=\"1024\" height=\"538\" data-id=\"13593438\" src=\"https:\/\/kapitalis.com\/tunisie\/wp-content\/uploads\/2024\/07\/Lotfi-Bouchnaq-Carthage-1-1-1024x538.jpg\" alt=\"\" class=\"wp-image-13593438\" srcset=\"https:\/\/kapitalis.com\/tunisie\/wp-content\/uploads\/2024\/07\/Lotfi-Bouchnaq-Carthage-1-1-1024x538.jpg 1024w, https:\/\/kapitalis.com\/tunisie\/wp-content\/uploads\/2024\/07\/Lotfi-Bouchnaq-Carthage-1-1-300x158.jpg 300w, https:\/\/kapitalis.com\/tunisie\/wp-content\/uploads\/2024\/07\/Lotfi-Bouchnaq-Carthage-1-1-768x403.jpg 768w, https:\/\/kapitalis.com\/tunisie\/wp-content\/uploads\/2024\/07\/Lotfi-Bouchnaq-Carthage-1-1-580x305.jpg 580w, https:\/\/kapitalis.com\/tunisie\/wp-content\/uploads\/2024\/07\/Lotfi-Bouchnaq-Carthage-1-1-860x452.jpg 860w, https:\/\/kapitalis.com\/tunisie\/wp-content\/uploads\/2024\/07\/Lotfi-Bouchnaq-Carthage-1-1-1160x609.jpg 1160w, https:\/\/kapitalis.com\/tunisie\/wp-content\/uploads\/2024\/07\/Lotfi-Bouchnaq-Carthage-1-1.jpg 1200w\" sizes=\"auto, (max-width: 1024px) 100vw, 1024px\" \/><\/figure>\n\n\n\n<figure class=\"wp-block-image size-large\"><img loading=\"lazy\" decoding=\"async\" width=\"1024\" height=\"538\" data-id=\"13593436\" src=\"https:\/\/kapitalis.com\/tunisie\/wp-content\/uploads\/2024\/07\/Festival-de-Carthage-1024x538.jpg\" alt=\"\" class=\"wp-image-13593436\" srcset=\"https:\/\/kapitalis.com\/tunisie\/wp-content\/uploads\/2024\/07\/Festival-de-Carthage-1024x538.jpg 1024w, https:\/\/kapitalis.com\/tunisie\/wp-content\/uploads\/2024\/07\/Festival-de-Carthage-300x158.jpg 300w, https:\/\/kapitalis.com\/tunisie\/wp-content\/uploads\/2024\/07\/Festival-de-Carthage-768x403.jpg 768w, https:\/\/kapitalis.com\/tunisie\/wp-content\/uploads\/2024\/07\/Festival-de-Carthage-580x305.jpg 580w, https:\/\/kapitalis.com\/tunisie\/wp-content\/uploads\/2024\/07\/Festival-de-Carthage-860x452.jpg 860w, https:\/\/kapitalis.com\/tunisie\/wp-content\/uploads\/2024\/07\/Festival-de-Carthage-1160x609.jpg 1160w, https:\/\/kapitalis.com\/tunisie\/wp-content\/uploads\/2024\/07\/Festival-de-Carthage.jpg 1200w\" sizes=\"auto, (max-width: 1024px) 100vw, 1024px\" \/><\/figure>\n<\/figure>\n\n\n\n<p>La grande part de la soir\u00e9e sera consacr\u00e9e aux chansons qui ont fait le succ\u00e8s du chanteur, sur l\u2019\u00e9cran, on voit ou revoit avec plaisir de longs extraits du film <em>\u2018\u2018Halfaouine\u2019\u2019<\/em> de Ferid Boughedir, le chanteur entame <em>\u2018\u2018Ritik ma n\u00e2aref wine\u2019\u2019<\/em>, avec entrain, le public reprend le refrain, c\u2019est un anniversaire,\u00a0la vedette est aux anges, il tend le micro \u00e0 son public qui n\u2019en demande pas tant. La f\u00eate commence fort, elle continuera sans mollir. Suivra un bouquet de chansons patriotiques, sur fond de paysages, des personnages d\u00e9filent reprenant la c\u00e9l\u00e8bre chanson <em>\u2018\u2018Ahna El joud, ahna elkaram\u2019\u2019<\/em>.<\/p>\n\n\n\n<p>Il va de soi qu\u2019en pareille p\u00e9riode o\u00f9 les Palestiniens, les Gazaouis en particulier souffrent et meurent que Bouchnaq, admir\u00e9 dans le monde arabe, connu pour son attachement \u00e0 la cause palestinienne,\u00a0t\u00e9moigne,\u00a0en cette circonstance, sa solidarit\u00e9, il l\u2019a prouv\u00e9 pendant la soir\u00e9e par la chanson, par des po\u00e8mes \u00e9piques scand\u00e9s avec des gestes \u00e9loquents.<br>Le t\u00e9nor termine son tour par <em>\u2018\u2018Naouar ellouze\u2019\u2019<\/em> et des extraits de chants mystiques.<\/p>\n\n\n\n<p>Trois heures d\u2019un spectacle qui a captiv\u00e9 le public. Un seul regret, dira Bouchnaq aux journalistes,\u00a0<em>\u00abque les Gazaouis, priv\u00e9s d\u2019internet et autres moyens de communication, n\u2019aient pas vu le spectacle.\u00bb<\/em><\/p>\n","protected":false},"excerpt":{"rendered":"<p>Ouverture du Festival de Carthage avec une figure embl\u00e9matique de la chanson tunisienne et arabe\u00a0: Lotfi Bouchnaq. <\/p>\n","protected":false},"author":8,"featured_media":13593433,"comment_status":"closed","ping_status":"open","sticky":false,"template":"","format":"standard","meta":{"footnotes":""},"categories":[1],"tags":[117031,117032,93742,84265,4798,2444,117011,2739],"class_list":["post-13593390","post","type-post","status-publish","format-standard","has-post-thumbnail","hentry","category-non-classe","tag-ali-riahi","tag-ali-sriti","tag-fadi-ben-othman","tag-ferid-boughedir-2","tag-festival-de-carthage","tag-gaza","tag-lotfi-bouchnaq","tag-palestiniens"],"yoast_head":"<!-- This site is optimized with the Yoast SEO plugin v26.6 - https:\/\/yoast.com\/wordpress\/plugins\/seo\/ -->\n<title>Retrouvailles \u00e9mouvantes de Lotfi Bouchnaq avec le public de Carthage (Vid\u00e9o) - Kapitalis<\/title>\n<meta name=\"robots\" content=\"index, follow, max-snippet:-1, max-image-preview:large, max-video-preview:-1\" \/>\n<link rel=\"canonical\" href=\"https:\/\/kapitalis.com\/tunisie\/2024\/07\/19\/retrouvailles-emouvantes-de-lotfi-bouchnaq-avec-le-public-de-carthage-video\/\" \/>\n<meta property=\"og:locale\" content=\"fr_FR\" \/>\n<meta property=\"og:type\" content=\"article\" \/>\n<meta property=\"og:title\" content=\"Retrouvailles \u00e9mouvantes de Lotfi Bouchnaq avec le public de Carthage (Vid\u00e9o) - Kapitalis\" \/>\n<meta property=\"og:description\" content=\"Ouverture du Festival de Carthage avec une figure embl\u00e9matique de la chanson tunisienne et arabe\u00a0: Lotfi Bouchnaq.\" \/>\n<meta property=\"og:url\" content=\"https:\/\/kapitalis.com\/tunisie\/2024\/07\/19\/retrouvailles-emouvantes-de-lotfi-bouchnaq-avec-le-public-de-carthage-video\/\" \/>\n<meta property=\"og:site_name\" content=\"Kapitalis\" \/>\n<meta property=\"article:publisher\" content=\"https:\/\/www.facebook.com\/KapitalisInfo\/\" \/>\n<meta property=\"article:published_time\" content=\"2024-07-19T12:17:33+00:00\" \/>\n<meta property=\"article:modified_time\" content=\"2024-07-19T12:17:35+00:00\" \/>\n<meta property=\"og:image\" content=\"https:\/\/kapitalis.com\/tunisie\/wp-content\/uploads\/2024\/07\/Lotfi-Bouchnaq-Carthage-1.jpg\" \/>\n\t<meta property=\"og:image:width\" content=\"1200\" \/>\n\t<meta property=\"og:image:height\" content=\"630\" \/>\n\t<meta property=\"og:image:type\" content=\"image\/jpeg\" \/>\n<meta name=\"author\" content=\"webmaster kapitalis\" \/>\n<meta name=\"twitter:card\" content=\"summary_large_image\" \/>\n<meta name=\"twitter:creator\" content=\"@KapitalisInfo\" \/>\n<meta name=\"twitter:site\" content=\"@KapitalisInfo\" \/>\n<meta name=\"twitter:label1\" content=\"\u00c9crit par\" \/>\n\t<meta name=\"twitter:data1\" content=\"webmaster kapitalis\" \/>\n\t<meta name=\"twitter:label2\" content=\"Dur\u00e9e de lecture estim\u00e9e\" \/>\n\t<meta name=\"twitter:data2\" content=\"4 minutes\" \/>\n<script type=\"application\/ld+json\" class=\"yoast-schema-graph\">{\"@context\":\"https:\/\/schema.org\",\"@graph\":[{\"@type\":\"Article\",\"@id\":\"https:\/\/kapitalis.com\/tunisie\/2024\/07\/19\/retrouvailles-emouvantes-de-lotfi-bouchnaq-avec-le-public-de-carthage-video\/#article\",\"isPartOf\":{\"@id\":\"https:\/\/kapitalis.com\/tunisie\/2024\/07\/19\/retrouvailles-emouvantes-de-lotfi-bouchnaq-avec-le-public-de-carthage-video\/\"},\"author\":{\"name\":\"webmaster kapitalis\",\"@id\":\"https:\/\/kapitalis.com\/tunisie\/#\/schema\/person\/d71f33a9ca44f7bad4698210b480c8e9\"},\"headline\":\"Retrouvailles \u00e9mouvantes de Lotfi Bouchnaq avec le public de Carthage (Vid\u00e9o)\",\"datePublished\":\"2024-07-19T12:17:33+00:00\",\"dateModified\":\"2024-07-19T12:17:35+00:00\",\"mainEntityOfPage\":{\"@id\":\"https:\/\/kapitalis.com\/tunisie\/2024\/07\/19\/retrouvailles-emouvantes-de-lotfi-bouchnaq-avec-le-public-de-carthage-video\/\"},\"wordCount\":727,\"publisher\":{\"@id\":\"https:\/\/kapitalis.com\/tunisie\/#organization\"},\"image\":{\"@id\":\"https:\/\/kapitalis.com\/tunisie\/2024\/07\/19\/retrouvailles-emouvantes-de-lotfi-bouchnaq-avec-le-public-de-carthage-video\/#primaryimage\"},\"thumbnailUrl\":\"https:\/\/kapitalis.com\/tunisie\/wp-content\/uploads\/2024\/07\/Lotfi-Bouchnaq-Carthage-1.jpg\",\"keywords\":[\"Ali Riahi\",\"Ali Sriti\",\"Fadi Ben Othman\",\"Ferid Boughedir\",\"Festival de Carthage\",\"Gaza\",\"Lotfi Bouchnaq\",\"Palestiniens\"],\"inLanguage\":\"fr-FR\"},{\"@type\":\"WebPage\",\"@id\":\"https:\/\/kapitalis.com\/tunisie\/2024\/07\/19\/retrouvailles-emouvantes-de-lotfi-bouchnaq-avec-le-public-de-carthage-video\/\",\"url\":\"https:\/\/kapitalis.com\/tunisie\/2024\/07\/19\/retrouvailles-emouvantes-de-lotfi-bouchnaq-avec-le-public-de-carthage-video\/\",\"name\":\"Retrouvailles \u00e9mouvantes de Lotfi Bouchnaq avec le public de Carthage (Vid\u00e9o) - Kapitalis\",\"isPartOf\":{\"@id\":\"https:\/\/kapitalis.com\/tunisie\/#website\"},\"primaryImageOfPage\":{\"@id\":\"https:\/\/kapitalis.com\/tunisie\/2024\/07\/19\/retrouvailles-emouvantes-de-lotfi-bouchnaq-avec-le-public-de-carthage-video\/#primaryimage\"},\"image\":{\"@id\":\"https:\/\/kapitalis.com\/tunisie\/2024\/07\/19\/retrouvailles-emouvantes-de-lotfi-bouchnaq-avec-le-public-de-carthage-video\/#primaryimage\"},\"thumbnailUrl\":\"https:\/\/kapitalis.com\/tunisie\/wp-content\/uploads\/2024\/07\/Lotfi-Bouchnaq-Carthage-1.jpg\",\"datePublished\":\"2024-07-19T12:17:33+00:00\",\"dateModified\":\"2024-07-19T12:17:35+00:00\",\"breadcrumb\":{\"@id\":\"https:\/\/kapitalis.com\/tunisie\/2024\/07\/19\/retrouvailles-emouvantes-de-lotfi-bouchnaq-avec-le-public-de-carthage-video\/#breadcrumb\"},\"inLanguage\":\"fr-FR\",\"potentialAction\":[{\"@type\":\"ReadAction\",\"target\":[\"https:\/\/kapitalis.com\/tunisie\/2024\/07\/19\/retrouvailles-emouvantes-de-lotfi-bouchnaq-avec-le-public-de-carthage-video\/\"]}]},{\"@type\":\"ImageObject\",\"inLanguage\":\"fr-FR\",\"@id\":\"https:\/\/kapitalis.com\/tunisie\/2024\/07\/19\/retrouvailles-emouvantes-de-lotfi-bouchnaq-avec-le-public-de-carthage-video\/#primaryimage\",\"url\":\"https:\/\/kapitalis.com\/tunisie\/wp-content\/uploads\/2024\/07\/Lotfi-Bouchnaq-Carthage-1.jpg\",\"contentUrl\":\"https:\/\/kapitalis.com\/tunisie\/wp-content\/uploads\/2024\/07\/Lotfi-Bouchnaq-Carthage-1.jpg\",\"width\":1200,\"height\":630},{\"@type\":\"BreadcrumbList\",\"@id\":\"https:\/\/kapitalis.com\/tunisie\/2024\/07\/19\/retrouvailles-emouvantes-de-lotfi-bouchnaq-avec-le-public-de-carthage-video\/#breadcrumb\",\"itemListElement\":[{\"@type\":\"ListItem\",\"position\":1,\"name\":\"Accueil\",\"item\":\"https:\/\/kapitalis.com\/tunisie\/\"},{\"@type\":\"ListItem\",\"position\":2,\"name\":\"Retrouvailles \u00e9mouvantes de Lotfi Bouchnaq avec le public de Carthage (Vid\u00e9o)\"}]},{\"@type\":\"WebSite\",\"@id\":\"https:\/\/kapitalis.com\/tunisie\/#website\",\"url\":\"https:\/\/kapitalis.com\/tunisie\/\",\"name\":\"Kapitalis\",\"description\":\"L&#039;actualit\u00e9 en Tunisie et dans le monde\",\"publisher\":{\"@id\":\"https:\/\/kapitalis.com\/tunisie\/#organization\"},\"potentialAction\":[{\"@type\":\"SearchAction\",\"target\":{\"@type\":\"EntryPoint\",\"urlTemplate\":\"https:\/\/kapitalis.com\/tunisie\/?s={search_term_string}\"},\"query-input\":{\"@type\":\"PropertyValueSpecification\",\"valueRequired\":true,\"valueName\":\"search_term_string\"}}],\"inLanguage\":\"fr-FR\"},{\"@type\":\"Organization\",\"@id\":\"https:\/\/kapitalis.com\/tunisie\/#organization\",\"name\":\"Kapitalis\",\"url\":\"https:\/\/kapitalis.com\/tunisie\/\",\"logo\":{\"@type\":\"ImageObject\",\"inLanguage\":\"fr-FR\",\"@id\":\"https:\/\/kapitalis.com\/tunisie\/#\/schema\/logo\/image\/\",\"url\":\"https:\/\/kapitalis.com\/tunisie\/wp-content\/uploads\/2022\/05\/Kapitalis-big-size.png\",\"contentUrl\":\"https:\/\/kapitalis.com\/tunisie\/wp-content\/uploads\/2022\/05\/Kapitalis-big-size.png\",\"width\":5000,\"height\":1500,\"caption\":\"Kapitalis\"},\"image\":{\"@id\":\"https:\/\/kapitalis.com\/tunisie\/#\/schema\/logo\/image\/\"},\"sameAs\":[\"https:\/\/www.facebook.com\/KapitalisInfo\/\",\"https:\/\/x.com\/KapitalisInfo\",\"https:\/\/www.youtube.com\/channel\/UC-yDYrHyfFBWWZaOw3FPg9Q\"]},{\"@type\":\"Person\",\"@id\":\"https:\/\/kapitalis.com\/tunisie\/#\/schema\/person\/d71f33a9ca44f7bad4698210b480c8e9\",\"name\":\"webmaster kapitalis\",\"url\":\"https:\/\/kapitalis.com\/tunisie\/author\/webmaster-kapitalis\/\"}]}<\/script>\n<!-- \/ Yoast SEO plugin. -->","yoast_head_json":{"title":"Retrouvailles \u00e9mouvantes de Lotfi Bouchnaq avec le public de Carthage (Vid\u00e9o) - Kapitalis","robots":{"index":"index","follow":"follow","max-snippet":"max-snippet:-1","max-image-preview":"max-image-preview:large","max-video-preview":"max-video-preview:-1"},"canonical":"https:\/\/kapitalis.com\/tunisie\/2024\/07\/19\/retrouvailles-emouvantes-de-lotfi-bouchnaq-avec-le-public-de-carthage-video\/","og_locale":"fr_FR","og_type":"article","og_title":"Retrouvailles \u00e9mouvantes de Lotfi Bouchnaq avec le public de Carthage (Vid\u00e9o) - Kapitalis","og_description":"Ouverture du Festival de Carthage avec une figure embl\u00e9matique de la chanson tunisienne et arabe\u00a0: Lotfi Bouchnaq.","og_url":"https:\/\/kapitalis.com\/tunisie\/2024\/07\/19\/retrouvailles-emouvantes-de-lotfi-bouchnaq-avec-le-public-de-carthage-video\/","og_site_name":"Kapitalis","article_publisher":"https:\/\/www.facebook.com\/KapitalisInfo\/","article_published_time":"2024-07-19T12:17:33+00:00","article_modified_time":"2024-07-19T12:17:35+00:00","og_image":[{"width":1200,"height":630,"url":"https:\/\/kapitalis.com\/tunisie\/wp-content\/uploads\/2024\/07\/Lotfi-Bouchnaq-Carthage-1.jpg","type":"image\/jpeg"}],"author":"webmaster kapitalis","twitter_card":"summary_large_image","twitter_creator":"@KapitalisInfo","twitter_site":"@KapitalisInfo","twitter_misc":{"\u00c9crit par":"webmaster kapitalis","Dur\u00e9e de lecture estim\u00e9e":"4 minutes"},"schema":{"@context":"https:\/\/schema.org","@graph":[{"@type":"Article","@id":"https:\/\/kapitalis.com\/tunisie\/2024\/07\/19\/retrouvailles-emouvantes-de-lotfi-bouchnaq-avec-le-public-de-carthage-video\/#article","isPartOf":{"@id":"https:\/\/kapitalis.com\/tunisie\/2024\/07\/19\/retrouvailles-emouvantes-de-lotfi-bouchnaq-avec-le-public-de-carthage-video\/"},"author":{"name":"webmaster kapitalis","@id":"https:\/\/kapitalis.com\/tunisie\/#\/schema\/person\/d71f33a9ca44f7bad4698210b480c8e9"},"headline":"Retrouvailles \u00e9mouvantes de Lotfi Bouchnaq avec le public de Carthage (Vid\u00e9o)","datePublished":"2024-07-19T12:17:33+00:00","dateModified":"2024-07-19T12:17:35+00:00","mainEntityOfPage":{"@id":"https:\/\/kapitalis.com\/tunisie\/2024\/07\/19\/retrouvailles-emouvantes-de-lotfi-bouchnaq-avec-le-public-de-carthage-video\/"},"wordCount":727,"publisher":{"@id":"https:\/\/kapitalis.com\/tunisie\/#organization"},"image":{"@id":"https:\/\/kapitalis.com\/tunisie\/2024\/07\/19\/retrouvailles-emouvantes-de-lotfi-bouchnaq-avec-le-public-de-carthage-video\/#primaryimage"},"thumbnailUrl":"https:\/\/kapitalis.com\/tunisie\/wp-content\/uploads\/2024\/07\/Lotfi-Bouchnaq-Carthage-1.jpg","keywords":["Ali Riahi","Ali Sriti","Fadi Ben Othman","Ferid Boughedir","Festival de Carthage","Gaza","Lotfi Bouchnaq","Palestiniens"],"inLanguage":"fr-FR"},{"@type":"WebPage","@id":"https:\/\/kapitalis.com\/tunisie\/2024\/07\/19\/retrouvailles-emouvantes-de-lotfi-bouchnaq-avec-le-public-de-carthage-video\/","url":"https:\/\/kapitalis.com\/tunisie\/2024\/07\/19\/retrouvailles-emouvantes-de-lotfi-bouchnaq-avec-le-public-de-carthage-video\/","name":"Retrouvailles \u00e9mouvantes de Lotfi Bouchnaq avec le public de Carthage (Vid\u00e9o) - Kapitalis","isPartOf":{"@id":"https:\/\/kapitalis.com\/tunisie\/#website"},"primaryImageOfPage":{"@id":"https:\/\/kapitalis.com\/tunisie\/2024\/07\/19\/retrouvailles-emouvantes-de-lotfi-bouchnaq-avec-le-public-de-carthage-video\/#primaryimage"},"image":{"@id":"https:\/\/kapitalis.com\/tunisie\/2024\/07\/19\/retrouvailles-emouvantes-de-lotfi-bouchnaq-avec-le-public-de-carthage-video\/#primaryimage"},"thumbnailUrl":"https:\/\/kapitalis.com\/tunisie\/wp-content\/uploads\/2024\/07\/Lotfi-Bouchnaq-Carthage-1.jpg","datePublished":"2024-07-19T12:17:33+00:00","dateModified":"2024-07-19T12:17:35+00:00","breadcrumb":{"@id":"https:\/\/kapitalis.com\/tunisie\/2024\/07\/19\/retrouvailles-emouvantes-de-lotfi-bouchnaq-avec-le-public-de-carthage-video\/#breadcrumb"},"inLanguage":"fr-FR","potentialAction":[{"@type":"ReadAction","target":["https:\/\/kapitalis.com\/tunisie\/2024\/07\/19\/retrouvailles-emouvantes-de-lotfi-bouchnaq-avec-le-public-de-carthage-video\/"]}]},{"@type":"ImageObject","inLanguage":"fr-FR","@id":"https:\/\/kapitalis.com\/tunisie\/2024\/07\/19\/retrouvailles-emouvantes-de-lotfi-bouchnaq-avec-le-public-de-carthage-video\/#primaryimage","url":"https:\/\/kapitalis.com\/tunisie\/wp-content\/uploads\/2024\/07\/Lotfi-Bouchnaq-Carthage-1.jpg","contentUrl":"https:\/\/kapitalis.com\/tunisie\/wp-content\/uploads\/2024\/07\/Lotfi-Bouchnaq-Carthage-1.jpg","width":1200,"height":630},{"@type":"BreadcrumbList","@id":"https:\/\/kapitalis.com\/tunisie\/2024\/07\/19\/retrouvailles-emouvantes-de-lotfi-bouchnaq-avec-le-public-de-carthage-video\/#breadcrumb","itemListElement":[{"@type":"ListItem","position":1,"name":"Accueil","item":"https:\/\/kapitalis.com\/tunisie\/"},{"@type":"ListItem","position":2,"name":"Retrouvailles \u00e9mouvantes de Lotfi Bouchnaq avec le public de Carthage (Vid\u00e9o)"}]},{"@type":"WebSite","@id":"https:\/\/kapitalis.com\/tunisie\/#website","url":"https:\/\/kapitalis.com\/tunisie\/","name":"Kapitalis","description":"L&#039;actualit\u00e9 en Tunisie et dans le monde","publisher":{"@id":"https:\/\/kapitalis.com\/tunisie\/#organization"},"potentialAction":[{"@type":"SearchAction","target":{"@type":"EntryPoint","urlTemplate":"https:\/\/kapitalis.com\/tunisie\/?s={search_term_string}"},"query-input":{"@type":"PropertyValueSpecification","valueRequired":true,"valueName":"search_term_string"}}],"inLanguage":"fr-FR"},{"@type":"Organization","@id":"https:\/\/kapitalis.com\/tunisie\/#organization","name":"Kapitalis","url":"https:\/\/kapitalis.com\/tunisie\/","logo":{"@type":"ImageObject","inLanguage":"fr-FR","@id":"https:\/\/kapitalis.com\/tunisie\/#\/schema\/logo\/image\/","url":"https:\/\/kapitalis.com\/tunisie\/wp-content\/uploads\/2022\/05\/Kapitalis-big-size.png","contentUrl":"https:\/\/kapitalis.com\/tunisie\/wp-content\/uploads\/2022\/05\/Kapitalis-big-size.png","width":5000,"height":1500,"caption":"Kapitalis"},"image":{"@id":"https:\/\/kapitalis.com\/tunisie\/#\/schema\/logo\/image\/"},"sameAs":["https:\/\/www.facebook.com\/KapitalisInfo\/","https:\/\/x.com\/KapitalisInfo","https:\/\/www.youtube.com\/channel\/UC-yDYrHyfFBWWZaOw3FPg9Q"]},{"@type":"Person","@id":"https:\/\/kapitalis.com\/tunisie\/#\/schema\/person\/d71f33a9ca44f7bad4698210b480c8e9","name":"webmaster kapitalis","url":"https:\/\/kapitalis.com\/tunisie\/author\/webmaster-kapitalis\/"}]}},"_links":{"self":[{"href":"https:\/\/kapitalis.com\/tunisie\/wp-json\/wp\/v2\/posts\/13593390","targetHints":{"allow":["GET"]}}],"collection":[{"href":"https:\/\/kapitalis.com\/tunisie\/wp-json\/wp\/v2\/posts"}],"about":[{"href":"https:\/\/kapitalis.com\/tunisie\/wp-json\/wp\/v2\/types\/post"}],"author":[{"embeddable":true,"href":"https:\/\/kapitalis.com\/tunisie\/wp-json\/wp\/v2\/users\/8"}],"replies":[{"embeddable":true,"href":"https:\/\/kapitalis.com\/tunisie\/wp-json\/wp\/v2\/comments?post=13593390"}],"version-history":[{"count":1,"href":"https:\/\/kapitalis.com\/tunisie\/wp-json\/wp\/v2\/posts\/13593390\/revisions"}],"predecessor-version":[{"id":13593447,"href":"https:\/\/kapitalis.com\/tunisie\/wp-json\/wp\/v2\/posts\/13593390\/revisions\/13593447"}],"wp:featuredmedia":[{"embeddable":true,"href":"https:\/\/kapitalis.com\/tunisie\/wp-json\/wp\/v2\/media\/13593433"}],"wp:attachment":[{"href":"https:\/\/kapitalis.com\/tunisie\/wp-json\/wp\/v2\/media?parent=13593390"}],"wp:term":[{"taxonomy":"category","embeddable":true,"href":"https:\/\/kapitalis.com\/tunisie\/wp-json\/wp\/v2\/categories?post=13593390"},{"taxonomy":"post_tag","embeddable":true,"href":"https:\/\/kapitalis.com\/tunisie\/wp-json\/wp\/v2\/tags?post=13593390"}],"curies":[{"name":"wp","href":"https:\/\/api.w.org\/{rel}","templated":true}]}}