{"id":1359527,"date":"2022-06-10T11:42:52","date_gmt":"2022-06-10T10:42:52","guid":{"rendered":"https:\/\/kapitalis.com\/tunisie\/?p=1359527"},"modified":"2022-06-10T11:42:56","modified_gmt":"2022-06-10T10:42:56","slug":"les-courts-metrages-tunisiens-a-lhonneur-au-cine-madart-ce-soir","status":"publish","type":"post","link":"https:\/\/kapitalis.com\/tunisie\/2022\/06\/10\/les-courts-metrages-tunisiens-a-lhonneur-au-cine-madart-ce-soir\/","title":{"rendered":"Les courts-m\u00e9trages tunisiens \u00e0 l\u2019honneur au Cin\u00e9-Madart ce soir"},"content":{"rendered":"\n<p><strong><em>Le Cin\u00e9-Madart \u00e0 Carthage organise ce soir la projection de quatre courts-m\u00e9trages tunisiens en pr\u00e9sence de leurs \u00e9quipes artistiques<\/em><\/strong>, <em><strong>dont le Tanit bronze des JCC 2021.<\/strong><\/em><\/p>\n\n\n\n<!--more-->\n\n\n\n<p>Une s\u00e9ance de projection in\u00e9dite aura lieu ce soir \u00e0 l\u2019espace Madart pour d\u00e9couvrir ou red\u00e9couvrir le meilleur des derni\u00e8res productions cin\u00e9matographiques tunisiennes, notamment quatre courts-m\u00e9trages des deux genres fiction et documentaire.<\/p>\n\n\n\n<p>Cette s\u00e9lection de films comprend \u00ab&nbsp;Les aigles de Carthage&nbsp;\u00bb d\u2019Adriano Valerion \u00ab&nbsp;Faracha&nbsp;\u00bb d\u2019Issam Bouguerra, \u00ab&nbsp;Mess&nbsp;\u00bb de Mohamed Hessine Grayaa et \u00ab&nbsp;Au pays de l\u2019oncle Salem&nbsp;\u00bb de Slim Belhiba, ce dernier avait remport\u00e9 le Tanit bronze lors de la derni\u00e8re \u00e9dition des Journ\u00e9es cin\u00e9matographiques de Carthage (JCC 2021), et a \u00e9t\u00e9 s\u00e9lectionn\u00e9 et prim\u00e9 dans plusieurs festivals internationaux.<\/p>\n\n\n\n<p>Les \u00e9quipes des quatre courts-m\u00e9trages seront pr\u00e9sentes ce soir pour d\u00e9battre de leurs films avec le public.<\/p>\n\n\n\n<p class=\"has-text-align-right\"><strong>F.B<\/strong><\/p>\n","protected":false},"excerpt":{"rendered":"<p>Le Cin\u00e9-Madart \u00e0 Carthage organise ce soir la projection de quatre courts-m\u00e9trages tunisiens en pr\u00e9sence de leurs \u00e9quipes artistiques, dont le Tanit bronze des JCC 2021.<\/p>\n","protected":false},"author":26,"featured_media":1360057,"comment_status":"open","ping_status":"open","sticky":false,"template":"","format":"standard","meta":{"footnotes":""},"categories":[994,2433],"tags":[46578,9668,79669,62643],"class_list":["post-1359527","post","type-post","status-publish","format-standard","has-post-thumbnail","hentry","category-culture","category-tunisie","tag-cine-madart","tag-cinema-tunisien","tag-courts-metrages-tunisiens","tag-tunisie"],"yoast_head":"<!-- This site is optimized with the Yoast SEO plugin v26.6 - https:\/\/yoast.com\/wordpress\/plugins\/seo\/ -->\n<title>Les courts-m\u00e9trages tunisiens \u00e0 l\u2019honneur au Cin\u00e9-Madart ce soir - Kapitalis<\/title>\n<meta name=\"robots\" content=\"index, follow, max-snippet:-1, max-image-preview:large, max-video-preview:-1\" \/>\n<link rel=\"canonical\" href=\"https:\/\/kapitalis.com\/tunisie\/2022\/06\/10\/les-courts-metrages-tunisiens-a-lhonneur-au-cine-madart-ce-soir\/\" \/>\n<meta property=\"og:locale\" content=\"fr_FR\" \/>\n<meta property=\"og:type\" content=\"article\" \/>\n<meta property=\"og:title\" content=\"Les courts-m\u00e9trages tunisiens \u00e0 l\u2019honneur au Cin\u00e9-Madart ce soir - Kapitalis\" \/>\n<meta property=\"og:description\" content=\"Le Cin\u00e9-Madart \u00e0 Carthage organise ce soir la projection de quatre courts-m\u00e9trages tunisiens en pr\u00e9sence de leurs \u00e9quipes artistiques, dont le Tanit bronze des JCC 2021.\" \/>\n<meta property=\"og:url\" content=\"https:\/\/kapitalis.com\/tunisie\/2022\/06\/10\/les-courts-metrages-tunisiens-a-lhonneur-au-cine-madart-ce-soir\/\" \/>\n<meta property=\"og:site_name\" content=\"Kapitalis\" \/>\n<meta property=\"article:publisher\" content=\"https:\/\/www.facebook.com\/KapitalisInfo\/\" \/>\n<meta property=\"article:published_time\" content=\"2022-06-10T10:42:52+00:00\" \/>\n<meta property=\"article:modified_time\" content=\"2022-06-10T10:42:56+00:00\" \/>\n<meta property=\"og:image\" content=\"https:\/\/kapitalis.com\/tunisie\/wp-content\/uploads\/2022\/06\/Courts-metrages-tunisiens.jpg\" \/>\n\t<meta property=\"og:image:width\" content=\"1200\" \/>\n\t<meta property=\"og:image:height\" content=\"630\" \/>\n\t<meta property=\"og:image:type\" content=\"image\/jpeg\" \/>\n<meta name=\"author\" content=\"Fawz BenAli\" \/>\n<meta name=\"twitter:card\" content=\"summary_large_image\" \/>\n<meta name=\"twitter:creator\" content=\"@KapitalisInfo\" \/>\n<meta name=\"twitter:site\" content=\"@KapitalisInfo\" \/>\n<meta name=\"twitter:label1\" content=\"\u00c9crit par\" \/>\n\t<meta name=\"twitter:data1\" content=\"Fawz BenAli\" \/>\n\t<meta name=\"twitter:label2\" content=\"Dur\u00e9e de lecture estim\u00e9e\" \/>\n\t<meta name=\"twitter:data2\" content=\"1 minute\" \/>\n<script type=\"application\/ld+json\" class=\"yoast-schema-graph\">{\"@context\":\"https:\/\/schema.org\",\"@graph\":[{\"@type\":\"Article\",\"@id\":\"https:\/\/kapitalis.com\/tunisie\/2022\/06\/10\/les-courts-metrages-tunisiens-a-lhonneur-au-cine-madart-ce-soir\/#article\",\"isPartOf\":{\"@id\":\"https:\/\/kapitalis.com\/tunisie\/2022\/06\/10\/les-courts-metrages-tunisiens-a-lhonneur-au-cine-madart-ce-soir\/\"},\"author\":{\"name\":\"Fawz BenAli\",\"@id\":\"https:\/\/kapitalis.com\/tunisie\/#\/schema\/person\/73a5ecc1f6ae540c6ed91342eadca948\"},\"headline\":\"Les courts-m\u00e9trages tunisiens \u00e0 l\u2019honneur au Cin\u00e9-Madart ce soir\",\"datePublished\":\"2022-06-10T10:42:52+00:00\",\"dateModified\":\"2022-06-10T10:42:56+00:00\",\"mainEntityOfPage\":{\"@id\":\"https:\/\/kapitalis.com\/tunisie\/2022\/06\/10\/les-courts-metrages-tunisiens-a-lhonneur-au-cine-madart-ce-soir\/\"},\"wordCount\":171,\"commentCount\":0,\"publisher\":{\"@id\":\"https:\/\/kapitalis.com\/tunisie\/#organization\"},\"image\":{\"@id\":\"https:\/\/kapitalis.com\/tunisie\/2022\/06\/10\/les-courts-metrages-tunisiens-a-lhonneur-au-cine-madart-ce-soir\/#primaryimage\"},\"thumbnailUrl\":\"https:\/\/kapitalis.com\/tunisie\/wp-content\/uploads\/2022\/06\/Courts-metrages-tunisiens.jpg\",\"keywords\":[\"Cin\u00e9-Madart\",\"cin\u00e9ma tunisien\",\"courts-m\u00e9trages tunisiens\",\"Tunisie\"],\"articleSection\":[\"CULTURE\",\"Tunisie\"],\"inLanguage\":\"fr-FR\",\"potentialAction\":[{\"@type\":\"CommentAction\",\"name\":\"Comment\",\"target\":[\"https:\/\/kapitalis.com\/tunisie\/2022\/06\/10\/les-courts-metrages-tunisiens-a-lhonneur-au-cine-madart-ce-soir\/#respond\"]}]},{\"@type\":\"WebPage\",\"@id\":\"https:\/\/kapitalis.com\/tunisie\/2022\/06\/10\/les-courts-metrages-tunisiens-a-lhonneur-au-cine-madart-ce-soir\/\",\"url\":\"https:\/\/kapitalis.com\/tunisie\/2022\/06\/10\/les-courts-metrages-tunisiens-a-lhonneur-au-cine-madart-ce-soir\/\",\"name\":\"Les courts-m\u00e9trages tunisiens \u00e0 l\u2019honneur au Cin\u00e9-Madart ce soir - Kapitalis\",\"isPartOf\":{\"@id\":\"https:\/\/kapitalis.com\/tunisie\/#website\"},\"primaryImageOfPage\":{\"@id\":\"https:\/\/kapitalis.com\/tunisie\/2022\/06\/10\/les-courts-metrages-tunisiens-a-lhonneur-au-cine-madart-ce-soir\/#primaryimage\"},\"image\":{\"@id\":\"https:\/\/kapitalis.com\/tunisie\/2022\/06\/10\/les-courts-metrages-tunisiens-a-lhonneur-au-cine-madart-ce-soir\/#primaryimage\"},\"thumbnailUrl\":\"https:\/\/kapitalis.com\/tunisie\/wp-content\/uploads\/2022\/06\/Courts-metrages-tunisiens.jpg\",\"datePublished\":\"2022-06-10T10:42:52+00:00\",\"dateModified\":\"2022-06-10T10:42:56+00:00\",\"breadcrumb\":{\"@id\":\"https:\/\/kapitalis.com\/tunisie\/2022\/06\/10\/les-courts-metrages-tunisiens-a-lhonneur-au-cine-madart-ce-soir\/#breadcrumb\"},\"inLanguage\":\"fr-FR\",\"potentialAction\":[{\"@type\":\"ReadAction\",\"target\":[\"https:\/\/kapitalis.com\/tunisie\/2022\/06\/10\/les-courts-metrages-tunisiens-a-lhonneur-au-cine-madart-ce-soir\/\"]}]},{\"@type\":\"ImageObject\",\"inLanguage\":\"fr-FR\",\"@id\":\"https:\/\/kapitalis.com\/tunisie\/2022\/06\/10\/les-courts-metrages-tunisiens-a-lhonneur-au-cine-madart-ce-soir\/#primaryimage\",\"url\":\"https:\/\/kapitalis.com\/tunisie\/wp-content\/uploads\/2022\/06\/Courts-metrages-tunisiens.jpg\",\"contentUrl\":\"https:\/\/kapitalis.com\/tunisie\/wp-content\/uploads\/2022\/06\/Courts-metrages-tunisiens.jpg\",\"width\":1200,\"height\":630},{\"@type\":\"BreadcrumbList\",\"@id\":\"https:\/\/kapitalis.com\/tunisie\/2022\/06\/10\/les-courts-metrages-tunisiens-a-lhonneur-au-cine-madart-ce-soir\/#breadcrumb\",\"itemListElement\":[{\"@type\":\"ListItem\",\"position\":1,\"name\":\"Accueil\",\"item\":\"https:\/\/kapitalis.com\/tunisie\/\"},{\"@type\":\"ListItem\",\"position\":2,\"name\":\"Les courts-m\u00e9trages tunisiens \u00e0 l\u2019honneur au Cin\u00e9-Madart ce soir\"}]},{\"@type\":\"WebSite\",\"@id\":\"https:\/\/kapitalis.com\/tunisie\/#website\",\"url\":\"https:\/\/kapitalis.com\/tunisie\/\",\"name\":\"Kapitalis\",\"description\":\"L&#039;actualit\u00e9 en Tunisie et dans le monde\",\"publisher\":{\"@id\":\"https:\/\/kapitalis.com\/tunisie\/#organization\"},\"potentialAction\":[{\"@type\":\"SearchAction\",\"target\":{\"@type\":\"EntryPoint\",\"urlTemplate\":\"https:\/\/kapitalis.com\/tunisie\/?s={search_term_string}\"},\"query-input\":{\"@type\":\"PropertyValueSpecification\",\"valueRequired\":true,\"valueName\":\"search_term_string\"}}],\"inLanguage\":\"fr-FR\"},{\"@type\":\"Organization\",\"@id\":\"https:\/\/kapitalis.com\/tunisie\/#organization\",\"name\":\"Kapitalis\",\"url\":\"https:\/\/kapitalis.com\/tunisie\/\",\"logo\":{\"@type\":\"ImageObject\",\"inLanguage\":\"fr-FR\",\"@id\":\"https:\/\/kapitalis.com\/tunisie\/#\/schema\/logo\/image\/\",\"url\":\"https:\/\/kapitalis.com\/tunisie\/wp-content\/uploads\/2022\/05\/Kapitalis-big-size.png\",\"contentUrl\":\"https:\/\/kapitalis.com\/tunisie\/wp-content\/uploads\/2022\/05\/Kapitalis-big-size.png\",\"width\":5000,\"height\":1500,\"caption\":\"Kapitalis\"},\"image\":{\"@id\":\"https:\/\/kapitalis.com\/tunisie\/#\/schema\/logo\/image\/\"},\"sameAs\":[\"https:\/\/www.facebook.com\/KapitalisInfo\/\",\"https:\/\/x.com\/KapitalisInfo\",\"https:\/\/www.youtube.com\/channel\/UC-yDYrHyfFBWWZaOw3FPg9Q\"]},{\"@type\":\"Person\",\"@id\":\"https:\/\/kapitalis.com\/tunisie\/#\/schema\/person\/73a5ecc1f6ae540c6ed91342eadca948\",\"name\":\"Fawz BenAli\",\"url\":\"https:\/\/kapitalis.com\/tunisie\/author\/fawz\/\"}]}<\/script>\n<!-- \/ Yoast SEO plugin. -->","yoast_head_json":{"title":"Les courts-m\u00e9trages tunisiens \u00e0 l\u2019honneur au Cin\u00e9-Madart ce soir - Kapitalis","robots":{"index":"index","follow":"follow","max-snippet":"max-snippet:-1","max-image-preview":"max-image-preview:large","max-video-preview":"max-video-preview:-1"},"canonical":"https:\/\/kapitalis.com\/tunisie\/2022\/06\/10\/les-courts-metrages-tunisiens-a-lhonneur-au-cine-madart-ce-soir\/","og_locale":"fr_FR","og_type":"article","og_title":"Les courts-m\u00e9trages tunisiens \u00e0 l\u2019honneur au Cin\u00e9-Madart ce soir - Kapitalis","og_description":"Le Cin\u00e9-Madart \u00e0 Carthage organise ce soir la projection de quatre courts-m\u00e9trages tunisiens en pr\u00e9sence de leurs \u00e9quipes artistiques, dont le Tanit bronze des JCC 2021.","og_url":"https:\/\/kapitalis.com\/tunisie\/2022\/06\/10\/les-courts-metrages-tunisiens-a-lhonneur-au-cine-madart-ce-soir\/","og_site_name":"Kapitalis","article_publisher":"https:\/\/www.facebook.com\/KapitalisInfo\/","article_published_time":"2022-06-10T10:42:52+00:00","article_modified_time":"2022-06-10T10:42:56+00:00","og_image":[{"width":1200,"height":630,"url":"https:\/\/kapitalis.com\/tunisie\/wp-content\/uploads\/2022\/06\/Courts-metrages-tunisiens.jpg","type":"image\/jpeg"}],"author":"Fawz BenAli","twitter_card":"summary_large_image","twitter_creator":"@KapitalisInfo","twitter_site":"@KapitalisInfo","twitter_misc":{"\u00c9crit par":"Fawz BenAli","Dur\u00e9e de lecture estim\u00e9e":"1 minute"},"schema":{"@context":"https:\/\/schema.org","@graph":[{"@type":"Article","@id":"https:\/\/kapitalis.com\/tunisie\/2022\/06\/10\/les-courts-metrages-tunisiens-a-lhonneur-au-cine-madart-ce-soir\/#article","isPartOf":{"@id":"https:\/\/kapitalis.com\/tunisie\/2022\/06\/10\/les-courts-metrages-tunisiens-a-lhonneur-au-cine-madart-ce-soir\/"},"author":{"name":"Fawz BenAli","@id":"https:\/\/kapitalis.com\/tunisie\/#\/schema\/person\/73a5ecc1f6ae540c6ed91342eadca948"},"headline":"Les courts-m\u00e9trages tunisiens \u00e0 l\u2019honneur au Cin\u00e9-Madart ce soir","datePublished":"2022-06-10T10:42:52+00:00","dateModified":"2022-06-10T10:42:56+00:00","mainEntityOfPage":{"@id":"https:\/\/kapitalis.com\/tunisie\/2022\/06\/10\/les-courts-metrages-tunisiens-a-lhonneur-au-cine-madart-ce-soir\/"},"wordCount":171,"commentCount":0,"publisher":{"@id":"https:\/\/kapitalis.com\/tunisie\/#organization"},"image":{"@id":"https:\/\/kapitalis.com\/tunisie\/2022\/06\/10\/les-courts-metrages-tunisiens-a-lhonneur-au-cine-madart-ce-soir\/#primaryimage"},"thumbnailUrl":"https:\/\/kapitalis.com\/tunisie\/wp-content\/uploads\/2022\/06\/Courts-metrages-tunisiens.jpg","keywords":["Cin\u00e9-Madart","cin\u00e9ma tunisien","courts-m\u00e9trages tunisiens","Tunisie"],"articleSection":["CULTURE","Tunisie"],"inLanguage":"fr-FR","potentialAction":[{"@type":"CommentAction","name":"Comment","target":["https:\/\/kapitalis.com\/tunisie\/2022\/06\/10\/les-courts-metrages-tunisiens-a-lhonneur-au-cine-madart-ce-soir\/#respond"]}]},{"@type":"WebPage","@id":"https:\/\/kapitalis.com\/tunisie\/2022\/06\/10\/les-courts-metrages-tunisiens-a-lhonneur-au-cine-madart-ce-soir\/","url":"https:\/\/kapitalis.com\/tunisie\/2022\/06\/10\/les-courts-metrages-tunisiens-a-lhonneur-au-cine-madart-ce-soir\/","name":"Les courts-m\u00e9trages tunisiens \u00e0 l\u2019honneur au Cin\u00e9-Madart ce soir - Kapitalis","isPartOf":{"@id":"https:\/\/kapitalis.com\/tunisie\/#website"},"primaryImageOfPage":{"@id":"https:\/\/kapitalis.com\/tunisie\/2022\/06\/10\/les-courts-metrages-tunisiens-a-lhonneur-au-cine-madart-ce-soir\/#primaryimage"},"image":{"@id":"https:\/\/kapitalis.com\/tunisie\/2022\/06\/10\/les-courts-metrages-tunisiens-a-lhonneur-au-cine-madart-ce-soir\/#primaryimage"},"thumbnailUrl":"https:\/\/kapitalis.com\/tunisie\/wp-content\/uploads\/2022\/06\/Courts-metrages-tunisiens.jpg","datePublished":"2022-06-10T10:42:52+00:00","dateModified":"2022-06-10T10:42:56+00:00","breadcrumb":{"@id":"https:\/\/kapitalis.com\/tunisie\/2022\/06\/10\/les-courts-metrages-tunisiens-a-lhonneur-au-cine-madart-ce-soir\/#breadcrumb"},"inLanguage":"fr-FR","potentialAction":[{"@type":"ReadAction","target":["https:\/\/kapitalis.com\/tunisie\/2022\/06\/10\/les-courts-metrages-tunisiens-a-lhonneur-au-cine-madart-ce-soir\/"]}]},{"@type":"ImageObject","inLanguage":"fr-FR","@id":"https:\/\/kapitalis.com\/tunisie\/2022\/06\/10\/les-courts-metrages-tunisiens-a-lhonneur-au-cine-madart-ce-soir\/#primaryimage","url":"https:\/\/kapitalis.com\/tunisie\/wp-content\/uploads\/2022\/06\/Courts-metrages-tunisiens.jpg","contentUrl":"https:\/\/kapitalis.com\/tunisie\/wp-content\/uploads\/2022\/06\/Courts-metrages-tunisiens.jpg","width":1200,"height":630},{"@type":"BreadcrumbList","@id":"https:\/\/kapitalis.com\/tunisie\/2022\/06\/10\/les-courts-metrages-tunisiens-a-lhonneur-au-cine-madart-ce-soir\/#breadcrumb","itemListElement":[{"@type":"ListItem","position":1,"name":"Accueil","item":"https:\/\/kapitalis.com\/tunisie\/"},{"@type":"ListItem","position":2,"name":"Les courts-m\u00e9trages tunisiens \u00e0 l\u2019honneur au Cin\u00e9-Madart ce soir"}]},{"@type":"WebSite","@id":"https:\/\/kapitalis.com\/tunisie\/#website","url":"https:\/\/kapitalis.com\/tunisie\/","name":"Kapitalis","description":"L&#039;actualit\u00e9 en Tunisie et dans le monde","publisher":{"@id":"https:\/\/kapitalis.com\/tunisie\/#organization"},"potentialAction":[{"@type":"SearchAction","target":{"@type":"EntryPoint","urlTemplate":"https:\/\/kapitalis.com\/tunisie\/?s={search_term_string}"},"query-input":{"@type":"PropertyValueSpecification","valueRequired":true,"valueName":"search_term_string"}}],"inLanguage":"fr-FR"},{"@type":"Organization","@id":"https:\/\/kapitalis.com\/tunisie\/#organization","name":"Kapitalis","url":"https:\/\/kapitalis.com\/tunisie\/","logo":{"@type":"ImageObject","inLanguage":"fr-FR","@id":"https:\/\/kapitalis.com\/tunisie\/#\/schema\/logo\/image\/","url":"https:\/\/kapitalis.com\/tunisie\/wp-content\/uploads\/2022\/05\/Kapitalis-big-size.png","contentUrl":"https:\/\/kapitalis.com\/tunisie\/wp-content\/uploads\/2022\/05\/Kapitalis-big-size.png","width":5000,"height":1500,"caption":"Kapitalis"},"image":{"@id":"https:\/\/kapitalis.com\/tunisie\/#\/schema\/logo\/image\/"},"sameAs":["https:\/\/www.facebook.com\/KapitalisInfo\/","https:\/\/x.com\/KapitalisInfo","https:\/\/www.youtube.com\/channel\/UC-yDYrHyfFBWWZaOw3FPg9Q"]},{"@type":"Person","@id":"https:\/\/kapitalis.com\/tunisie\/#\/schema\/person\/73a5ecc1f6ae540c6ed91342eadca948","name":"Fawz BenAli","url":"https:\/\/kapitalis.com\/tunisie\/author\/fawz\/"}]}},"_links":{"self":[{"href":"https:\/\/kapitalis.com\/tunisie\/wp-json\/wp\/v2\/posts\/1359527","targetHints":{"allow":["GET"]}}],"collection":[{"href":"https:\/\/kapitalis.com\/tunisie\/wp-json\/wp\/v2\/posts"}],"about":[{"href":"https:\/\/kapitalis.com\/tunisie\/wp-json\/wp\/v2\/types\/post"}],"author":[{"embeddable":true,"href":"https:\/\/kapitalis.com\/tunisie\/wp-json\/wp\/v2\/users\/26"}],"replies":[{"embeddable":true,"href":"https:\/\/kapitalis.com\/tunisie\/wp-json\/wp\/v2\/comments?post=1359527"}],"version-history":[{"count":0,"href":"https:\/\/kapitalis.com\/tunisie\/wp-json\/wp\/v2\/posts\/1359527\/revisions"}],"wp:featuredmedia":[{"embeddable":true,"href":"https:\/\/kapitalis.com\/tunisie\/wp-json\/wp\/v2\/media\/1360057"}],"wp:attachment":[{"href":"https:\/\/kapitalis.com\/tunisie\/wp-json\/wp\/v2\/media?parent=1359527"}],"wp:term":[{"taxonomy":"category","embeddable":true,"href":"https:\/\/kapitalis.com\/tunisie\/wp-json\/wp\/v2\/categories?post=1359527"},{"taxonomy":"post_tag","embeddable":true,"href":"https:\/\/kapitalis.com\/tunisie\/wp-json\/wp\/v2\/tags?post=1359527"}],"curies":[{"name":"wp","href":"https:\/\/api.w.org\/{rel}","templated":true}]}}