{"id":136067,"date":"2018-01-31T11:37:15","date_gmt":"2018-01-31T10:37:15","guid":{"rendered":"http:\/\/kapitalis.com\/tunisie\/?p=136067"},"modified":"2018-01-31T11:37:15","modified_gmt":"2018-01-31T10:37:15","slug":"accident-a-kasserine-ouvriere-agricole-coma","status":"publish","type":"post","link":"https:\/\/kapitalis.com\/tunisie\/2018\/01\/31\/accident-a-kasserine-ouvriere-agricole-coma\/","title":{"rendered":"Accident \u00e0 Kasserine : Une ouvri\u00e8re agricole dans le coma"},"content":{"rendered":"<p style=\"text-align: center;\"><img loading=\"lazy\" decoding=\"async\" class=\"alignnone size-full wp-image-136077\" src=\"http:\/\/kapitalis.com\/tunisie\/wp-content\/uploads\/2018\/01\/Ouvri\u00e8res-agricoles-Tunisie.jpg\" alt=\"\" width=\"626\" height=\"380\" \/><\/p>\n<p><em><strong>Howaida, \u00e9l\u00e8ve \u00e0 Hassi El Farid (Kasserine), a profit\u00e9 des vacances pour travailler dans les champs. Elle est tomb\u00e9e, hier, mardi 30 janvier 2018, d\u2019un camion transportant des ouvri\u00e8res agricoles.<\/strong><\/em><!--more--><\/p>\n<p>Elle est dans le coma et son \u00e9tat serait inqui\u00e9tant, selon les sources m\u00e9dicales \u00e0 l\u2019h\u00f4pital r\u00e9gional de Kasserine, o\u00f9 elle a \u00e9t\u00e9 admise en r\u00e9animation.<\/p>\n<p>Howaida Hajji est l\u2019a\u00een\u00e9e d\u2019une famille de 5 enfants et dont le papa, N\u00e9ji Hajji, est r\u00e9cemment d\u00e9c\u00e9d\u00e9. Elle aide souvent sa m\u00e8re, ouvri\u00e8re agricole elle-m\u00eame, \u00e0 subvenir aux besoins de la famille.<\/p>\n<p>Notons que les ouvri\u00e8res agricoles sont transport\u00e9es \u00e0 bord de camion, sans aucune s\u00e9curit\u00e9, et que les accidents sont fr\u00e9quents.<\/p>\n<p>Les autorit\u00e9s avaient indiqu\u00e9, depuis 2016, que des actions seront mises en place pour rem\u00e9dier \u00e0 ces d\u00e9passements&#8230; On attend toujours.<\/p>\n<p style=\"text-align: right;\"><strong>Y. N.<\/strong><\/p>\n<blockquote class=\"wp-embedded-content\" data-secret=\"GtdhW7KBjD\"><p><a href=\"https:\/\/kapitalis.com\/tunisie\/2017\/04\/25\/accident-a-beja-deces-dune-ouvriere-agricole-10-autres-blessees\/\">Accident \u00e0 B\u00e9ja : D\u00e9c\u00e8s d\u2019une ouvri\u00e8re agricole, 10 autres bless\u00e9es<\/a><\/p><\/blockquote>\n<p><iframe loading=\"lazy\" class=\"wp-embedded-content\" sandbox=\"allow-scripts\" security=\"restricted\" style=\"position: absolute; clip: rect(1px, 1px, 1px, 1px);\" title=\"\u00ab\u00a0Accident \u00e0 B\u00e9ja : D\u00e9c\u00e8s d\u2019une ouvri\u00e8re agricole, 10 autres bless\u00e9es\u00a0\u00bb &#8212; Kapitalis\" src=\"https:\/\/kapitalis.com\/tunisie\/2017\/04\/25\/accident-a-beja-deces-dune-ouvriere-agricole-10-autres-blessees\/embed\/#?secret=MryhLutVJ8#?secret=GtdhW7KBjD\" data-secret=\"GtdhW7KBjD\" width=\"600\" height=\"338\" frameborder=\"0\" marginwidth=\"0\" marginheight=\"0\" scrolling=\"no\"><\/iframe><\/p>\n<blockquote class=\"wp-embedded-content\" data-secret=\"R4X71XRAgv\"><p><a href=\"https:\/\/kapitalis.com\/tunisie\/2017\/10\/16\/kairouan-36-ouvrieres-agricoles-blessees-dans-un-accident\/\">Kairouan : 36 ouvri\u00e8res agricoles bless\u00e9es dans un accident<\/a><\/p><\/blockquote>\n<p><iframe loading=\"lazy\" class=\"wp-embedded-content\" sandbox=\"allow-scripts\" security=\"restricted\" style=\"position: absolute; clip: rect(1px, 1px, 1px, 1px);\" title=\"\u00ab\u00a0Kairouan : 36 ouvri\u00e8res agricoles bless\u00e9es dans un accident\u00a0\u00bb &#8212; Kapitalis\" src=\"https:\/\/kapitalis.com\/tunisie\/2017\/10\/16\/kairouan-36-ouvrieres-agricoles-blessees-dans-un-accident\/embed\/#?secret=yDiHP5wMeH#?secret=R4X71XRAgv\" data-secret=\"R4X71XRAgv\" width=\"600\" height=\"338\" frameborder=\"0\" marginwidth=\"0\" marginheight=\"0\" scrolling=\"no\"><\/iframe><\/p>\n<blockquote class=\"wp-embedded-content\" data-secret=\"sl7kIp8Vaz\"><p><a href=\"https:\/\/kapitalis.com\/tunisie\/2017\/08\/14\/vers-lamelioration-des-conditions-de-transport-des-ouvrieres-agricoles\/\">Vers l\u2019am\u00e9lioration des conditions de transport des ouvri\u00e8res agricoles<\/a><\/p><\/blockquote>\n<p><iframe loading=\"lazy\" class=\"wp-embedded-content\" sandbox=\"allow-scripts\" security=\"restricted\" style=\"position: absolute; clip: rect(1px, 1px, 1px, 1px);\" title=\"\u00ab\u00a0Vers l\u2019am\u00e9lioration des conditions de transport des ouvri\u00e8res agricoles\u00a0\u00bb &#8212; Kapitalis\" src=\"https:\/\/kapitalis.com\/tunisie\/2017\/08\/14\/vers-lamelioration-des-conditions-de-transport-des-ouvrieres-agricoles\/embed\/#?secret=zJfCKBXdVK#?secret=sl7kIp8Vaz\" data-secret=\"sl7kIp8Vaz\" width=\"600\" height=\"338\" frameborder=\"0\" marginwidth=\"0\" marginheight=\"0\" scrolling=\"no\"><\/iframe><\/p>\n","protected":false},"excerpt":{"rendered":"<p>Howaida, \u00e9l\u00e8ve \u00e0 Hassi El Farid (Kasserine), a profit\u00e9 des vacances pour travailler dans les champs. Elle est tomb\u00e9e, hier, mardi 30 janvier 2018, d\u2019un camion transportant des ouvri\u00e8res agricoles.<\/p>\n","protected":false},"author":6,"featured_media":136077,"comment_status":"open","ping_status":"open","sticky":false,"template":"","format":"standard","meta":{"footnotes":""},"categories":[998,2433],"tags":[23,1489,314,26567,525,1442],"class_list":["post-136067","post","type-post","status-publish","format-standard","has-post-thumbnail","hentry","category-societe","category-tunisie","tag-accident","tag-coma","tag-eleve","tag-hassi-el-farid","tag-kasserine","tag-reanimation"],"yoast_head":"<!-- This site is optimized with the Yoast SEO plugin v26.6 - https:\/\/yoast.com\/wordpress\/plugins\/seo\/ -->\n<title>Accident \u00e0 Kasserine : Une ouvri\u00e8re agricole dans le coma - Kapitalis<\/title>\n<meta name=\"robots\" content=\"index, follow, max-snippet:-1, max-image-preview:large, max-video-preview:-1\" \/>\n<link rel=\"canonical\" href=\"https:\/\/kapitalis.com\/tunisie\/2018\/01\/31\/accident-a-kasserine-ouvriere-agricole-coma\/\" \/>\n<meta property=\"og:locale\" content=\"fr_FR\" \/>\n<meta property=\"og:type\" content=\"article\" \/>\n<meta property=\"og:title\" content=\"Accident \u00e0 Kasserine : Une ouvri\u00e8re agricole dans le coma - Kapitalis\" \/>\n<meta property=\"og:description\" content=\"Howaida, \u00e9l\u00e8ve \u00e0 Hassi El Farid (Kasserine), a profit\u00e9 des vacances pour travailler dans les champs. Elle est tomb\u00e9e, hier, mardi 30 janvier 2018, d\u2019un camion transportant des ouvri\u00e8res agricoles.\" \/>\n<meta property=\"og:url\" content=\"https:\/\/kapitalis.com\/tunisie\/2018\/01\/31\/accident-a-kasserine-ouvriere-agricole-coma\/\" \/>\n<meta property=\"og:site_name\" content=\"Kapitalis\" \/>\n<meta property=\"article:publisher\" content=\"https:\/\/www.facebook.com\/KapitalisInfo\/\" \/>\n<meta property=\"article:published_time\" content=\"2018-01-31T10:37:15+00:00\" \/>\n<meta property=\"og:image\" content=\"https:\/\/kapitalis.com\/tunisie\/wp-content\/uploads\/2022\/05\/kapitalis-logo-fb.png\" \/>\n\t<meta property=\"og:image:width\" content=\"1200\" \/>\n\t<meta property=\"og:image:height\" content=\"630\" \/>\n\t<meta property=\"og:image:type\" content=\"image\/png\" \/>\n<meta name=\"author\" content=\"Yusra NY\" \/>\n<meta name=\"twitter:card\" content=\"summary_large_image\" \/>\n<meta name=\"twitter:creator\" content=\"@KapitalisInfo\" \/>\n<meta name=\"twitter:site\" content=\"@KapitalisInfo\" \/>\n<meta name=\"twitter:label1\" content=\"\u00c9crit par\" \/>\n\t<meta name=\"twitter:data1\" content=\"Yusra NY\" \/>\n\t<meta name=\"twitter:label2\" content=\"Dur\u00e9e de lecture estim\u00e9e\" \/>\n\t<meta name=\"twitter:data2\" content=\"1 minute\" \/>\n<script type=\"application\/ld+json\" class=\"yoast-schema-graph\">{\"@context\":\"https:\/\/schema.org\",\"@graph\":[{\"@type\":\"Article\",\"@id\":\"https:\/\/kapitalis.com\/tunisie\/2018\/01\/31\/accident-a-kasserine-ouvriere-agricole-coma\/#article\",\"isPartOf\":{\"@id\":\"https:\/\/kapitalis.com\/tunisie\/2018\/01\/31\/accident-a-kasserine-ouvriere-agricole-coma\/\"},\"author\":{\"name\":\"Yusra NY\",\"@id\":\"https:\/\/kapitalis.com\/tunisie\/#\/schema\/person\/74bbde0154d49d790a92aaeac5bc01d5\"},\"headline\":\"Accident \u00e0 Kasserine : Une ouvri\u00e8re agricole dans le coma\",\"datePublished\":\"2018-01-31T10:37:15+00:00\",\"mainEntityOfPage\":{\"@id\":\"https:\/\/kapitalis.com\/tunisie\/2018\/01\/31\/accident-a-kasserine-ouvriere-agricole-coma\/\"},\"wordCount\":177,\"commentCount\":1,\"publisher\":{\"@id\":\"https:\/\/kapitalis.com\/tunisie\/#organization\"},\"image\":{\"@id\":\"https:\/\/kapitalis.com\/tunisie\/2018\/01\/31\/accident-a-kasserine-ouvriere-agricole-coma\/#primaryimage\"},\"thumbnailUrl\":\"\",\"keywords\":[\"accident\",\"coma\",\"\u00e9l\u00e8ve\",\"Hassi El-Farid\",\"Kasserine\",\"r\u00e9animation\"],\"articleSection\":[\"SOCIETE\",\"Tunisie\"],\"inLanguage\":\"fr-FR\",\"potentialAction\":[{\"@type\":\"CommentAction\",\"name\":\"Comment\",\"target\":[\"https:\/\/kapitalis.com\/tunisie\/2018\/01\/31\/accident-a-kasserine-ouvriere-agricole-coma\/#respond\"]}]},{\"@type\":\"WebPage\",\"@id\":\"https:\/\/kapitalis.com\/tunisie\/2018\/01\/31\/accident-a-kasserine-ouvriere-agricole-coma\/\",\"url\":\"https:\/\/kapitalis.com\/tunisie\/2018\/01\/31\/accident-a-kasserine-ouvriere-agricole-coma\/\",\"name\":\"Accident \u00e0 Kasserine : Une ouvri\u00e8re agricole dans le coma - Kapitalis\",\"isPartOf\":{\"@id\":\"https:\/\/kapitalis.com\/tunisie\/#website\"},\"primaryImageOfPage\":{\"@id\":\"https:\/\/kapitalis.com\/tunisie\/2018\/01\/31\/accident-a-kasserine-ouvriere-agricole-coma\/#primaryimage\"},\"image\":{\"@id\":\"https:\/\/kapitalis.com\/tunisie\/2018\/01\/31\/accident-a-kasserine-ouvriere-agricole-coma\/#primaryimage\"},\"thumbnailUrl\":\"\",\"datePublished\":\"2018-01-31T10:37:15+00:00\",\"breadcrumb\":{\"@id\":\"https:\/\/kapitalis.com\/tunisie\/2018\/01\/31\/accident-a-kasserine-ouvriere-agricole-coma\/#breadcrumb\"},\"inLanguage\":\"fr-FR\",\"potentialAction\":[{\"@type\":\"ReadAction\",\"target\":[\"https:\/\/kapitalis.com\/tunisie\/2018\/01\/31\/accident-a-kasserine-ouvriere-agricole-coma\/\"]}]},{\"@type\":\"ImageObject\",\"inLanguage\":\"fr-FR\",\"@id\":\"https:\/\/kapitalis.com\/tunisie\/2018\/01\/31\/accident-a-kasserine-ouvriere-agricole-coma\/#primaryimage\",\"url\":\"\",\"contentUrl\":\"\"},{\"@type\":\"BreadcrumbList\",\"@id\":\"https:\/\/kapitalis.com\/tunisie\/2018\/01\/31\/accident-a-kasserine-ouvriere-agricole-coma\/#breadcrumb\",\"itemListElement\":[{\"@type\":\"ListItem\",\"position\":1,\"name\":\"Accueil\",\"item\":\"https:\/\/kapitalis.com\/tunisie\/\"},{\"@type\":\"ListItem\",\"position\":2,\"name\":\"Accident \u00e0 Kasserine : Une ouvri\u00e8re agricole dans le coma\"}]},{\"@type\":\"WebSite\",\"@id\":\"https:\/\/kapitalis.com\/tunisie\/#website\",\"url\":\"https:\/\/kapitalis.com\/tunisie\/\",\"name\":\"Kapitalis\",\"description\":\"L&#039;actualit\u00e9 en Tunisie et dans le monde\",\"publisher\":{\"@id\":\"https:\/\/kapitalis.com\/tunisie\/#organization\"},\"potentialAction\":[{\"@type\":\"SearchAction\",\"target\":{\"@type\":\"EntryPoint\",\"urlTemplate\":\"https:\/\/kapitalis.com\/tunisie\/?s={search_term_string}\"},\"query-input\":{\"@type\":\"PropertyValueSpecification\",\"valueRequired\":true,\"valueName\":\"search_term_string\"}}],\"inLanguage\":\"fr-FR\"},{\"@type\":\"Organization\",\"@id\":\"https:\/\/kapitalis.com\/tunisie\/#organization\",\"name\":\"Kapitalis\",\"url\":\"https:\/\/kapitalis.com\/tunisie\/\",\"logo\":{\"@type\":\"ImageObject\",\"inLanguage\":\"fr-FR\",\"@id\":\"https:\/\/kapitalis.com\/tunisie\/#\/schema\/logo\/image\/\",\"url\":\"https:\/\/kapitalis.com\/tunisie\/wp-content\/uploads\/2022\/05\/Kapitalis-big-size.png\",\"contentUrl\":\"https:\/\/kapitalis.com\/tunisie\/wp-content\/uploads\/2022\/05\/Kapitalis-big-size.png\",\"width\":5000,\"height\":1500,\"caption\":\"Kapitalis\"},\"image\":{\"@id\":\"https:\/\/kapitalis.com\/tunisie\/#\/schema\/logo\/image\/\"},\"sameAs\":[\"https:\/\/www.facebook.com\/KapitalisInfo\/\",\"https:\/\/x.com\/KapitalisInfo\",\"https:\/\/www.youtube.com\/channel\/UC-yDYrHyfFBWWZaOw3FPg9Q\"]},{\"@type\":\"Person\",\"@id\":\"https:\/\/kapitalis.com\/tunisie\/#\/schema\/person\/74bbde0154d49d790a92aaeac5bc01d5\",\"name\":\"Yusra NY\",\"url\":\"https:\/\/kapitalis.com\/tunisie\/author\/yuza_adam\/\"}]}<\/script>\n<!-- \/ Yoast SEO plugin. -->","yoast_head_json":{"title":"Accident \u00e0 Kasserine : Une ouvri\u00e8re agricole dans le coma - Kapitalis","robots":{"index":"index","follow":"follow","max-snippet":"max-snippet:-1","max-image-preview":"max-image-preview:large","max-video-preview":"max-video-preview:-1"},"canonical":"https:\/\/kapitalis.com\/tunisie\/2018\/01\/31\/accident-a-kasserine-ouvriere-agricole-coma\/","og_locale":"fr_FR","og_type":"article","og_title":"Accident \u00e0 Kasserine : Une ouvri\u00e8re agricole dans le coma - Kapitalis","og_description":"Howaida, \u00e9l\u00e8ve \u00e0 Hassi El Farid (Kasserine), a profit\u00e9 des vacances pour travailler dans les champs. Elle est tomb\u00e9e, hier, mardi 30 janvier 2018, d\u2019un camion transportant des ouvri\u00e8res agricoles.","og_url":"https:\/\/kapitalis.com\/tunisie\/2018\/01\/31\/accident-a-kasserine-ouvriere-agricole-coma\/","og_site_name":"Kapitalis","article_publisher":"https:\/\/www.facebook.com\/KapitalisInfo\/","article_published_time":"2018-01-31T10:37:15+00:00","og_image":[{"width":1200,"height":630,"url":"https:\/\/kapitalis.com\/tunisie\/wp-content\/uploads\/2022\/05\/kapitalis-logo-fb.png","type":"image\/png"}],"author":"Yusra NY","twitter_card":"summary_large_image","twitter_creator":"@KapitalisInfo","twitter_site":"@KapitalisInfo","twitter_misc":{"\u00c9crit par":"Yusra NY","Dur\u00e9e de lecture estim\u00e9e":"1 minute"},"schema":{"@context":"https:\/\/schema.org","@graph":[{"@type":"Article","@id":"https:\/\/kapitalis.com\/tunisie\/2018\/01\/31\/accident-a-kasserine-ouvriere-agricole-coma\/#article","isPartOf":{"@id":"https:\/\/kapitalis.com\/tunisie\/2018\/01\/31\/accident-a-kasserine-ouvriere-agricole-coma\/"},"author":{"name":"Yusra NY","@id":"https:\/\/kapitalis.com\/tunisie\/#\/schema\/person\/74bbde0154d49d790a92aaeac5bc01d5"},"headline":"Accident \u00e0 Kasserine : Une ouvri\u00e8re agricole dans le coma","datePublished":"2018-01-31T10:37:15+00:00","mainEntityOfPage":{"@id":"https:\/\/kapitalis.com\/tunisie\/2018\/01\/31\/accident-a-kasserine-ouvriere-agricole-coma\/"},"wordCount":177,"commentCount":1,"publisher":{"@id":"https:\/\/kapitalis.com\/tunisie\/#organization"},"image":{"@id":"https:\/\/kapitalis.com\/tunisie\/2018\/01\/31\/accident-a-kasserine-ouvriere-agricole-coma\/#primaryimage"},"thumbnailUrl":"","keywords":["accident","coma","\u00e9l\u00e8ve","Hassi El-Farid","Kasserine","r\u00e9animation"],"articleSection":["SOCIETE","Tunisie"],"inLanguage":"fr-FR","potentialAction":[{"@type":"CommentAction","name":"Comment","target":["https:\/\/kapitalis.com\/tunisie\/2018\/01\/31\/accident-a-kasserine-ouvriere-agricole-coma\/#respond"]}]},{"@type":"WebPage","@id":"https:\/\/kapitalis.com\/tunisie\/2018\/01\/31\/accident-a-kasserine-ouvriere-agricole-coma\/","url":"https:\/\/kapitalis.com\/tunisie\/2018\/01\/31\/accident-a-kasserine-ouvriere-agricole-coma\/","name":"Accident \u00e0 Kasserine : Une ouvri\u00e8re agricole dans le coma - Kapitalis","isPartOf":{"@id":"https:\/\/kapitalis.com\/tunisie\/#website"},"primaryImageOfPage":{"@id":"https:\/\/kapitalis.com\/tunisie\/2018\/01\/31\/accident-a-kasserine-ouvriere-agricole-coma\/#primaryimage"},"image":{"@id":"https:\/\/kapitalis.com\/tunisie\/2018\/01\/31\/accident-a-kasserine-ouvriere-agricole-coma\/#primaryimage"},"thumbnailUrl":"","datePublished":"2018-01-31T10:37:15+00:00","breadcrumb":{"@id":"https:\/\/kapitalis.com\/tunisie\/2018\/01\/31\/accident-a-kasserine-ouvriere-agricole-coma\/#breadcrumb"},"inLanguage":"fr-FR","potentialAction":[{"@type":"ReadAction","target":["https:\/\/kapitalis.com\/tunisie\/2018\/01\/31\/accident-a-kasserine-ouvriere-agricole-coma\/"]}]},{"@type":"ImageObject","inLanguage":"fr-FR","@id":"https:\/\/kapitalis.com\/tunisie\/2018\/01\/31\/accident-a-kasserine-ouvriere-agricole-coma\/#primaryimage","url":"","contentUrl":""},{"@type":"BreadcrumbList","@id":"https:\/\/kapitalis.com\/tunisie\/2018\/01\/31\/accident-a-kasserine-ouvriere-agricole-coma\/#breadcrumb","itemListElement":[{"@type":"ListItem","position":1,"name":"Accueil","item":"https:\/\/kapitalis.com\/tunisie\/"},{"@type":"ListItem","position":2,"name":"Accident \u00e0 Kasserine : Une ouvri\u00e8re agricole dans le coma"}]},{"@type":"WebSite","@id":"https:\/\/kapitalis.com\/tunisie\/#website","url":"https:\/\/kapitalis.com\/tunisie\/","name":"Kapitalis","description":"L&#039;actualit\u00e9 en Tunisie et dans le monde","publisher":{"@id":"https:\/\/kapitalis.com\/tunisie\/#organization"},"potentialAction":[{"@type":"SearchAction","target":{"@type":"EntryPoint","urlTemplate":"https:\/\/kapitalis.com\/tunisie\/?s={search_term_string}"},"query-input":{"@type":"PropertyValueSpecification","valueRequired":true,"valueName":"search_term_string"}}],"inLanguage":"fr-FR"},{"@type":"Organization","@id":"https:\/\/kapitalis.com\/tunisie\/#organization","name":"Kapitalis","url":"https:\/\/kapitalis.com\/tunisie\/","logo":{"@type":"ImageObject","inLanguage":"fr-FR","@id":"https:\/\/kapitalis.com\/tunisie\/#\/schema\/logo\/image\/","url":"https:\/\/kapitalis.com\/tunisie\/wp-content\/uploads\/2022\/05\/Kapitalis-big-size.png","contentUrl":"https:\/\/kapitalis.com\/tunisie\/wp-content\/uploads\/2022\/05\/Kapitalis-big-size.png","width":5000,"height":1500,"caption":"Kapitalis"},"image":{"@id":"https:\/\/kapitalis.com\/tunisie\/#\/schema\/logo\/image\/"},"sameAs":["https:\/\/www.facebook.com\/KapitalisInfo\/","https:\/\/x.com\/KapitalisInfo","https:\/\/www.youtube.com\/channel\/UC-yDYrHyfFBWWZaOw3FPg9Q"]},{"@type":"Person","@id":"https:\/\/kapitalis.com\/tunisie\/#\/schema\/person\/74bbde0154d49d790a92aaeac5bc01d5","name":"Yusra NY","url":"https:\/\/kapitalis.com\/tunisie\/author\/yuza_adam\/"}]}},"_links":{"self":[{"href":"https:\/\/kapitalis.com\/tunisie\/wp-json\/wp\/v2\/posts\/136067","targetHints":{"allow":["GET"]}}],"collection":[{"href":"https:\/\/kapitalis.com\/tunisie\/wp-json\/wp\/v2\/posts"}],"about":[{"href":"https:\/\/kapitalis.com\/tunisie\/wp-json\/wp\/v2\/types\/post"}],"author":[{"embeddable":true,"href":"https:\/\/kapitalis.com\/tunisie\/wp-json\/wp\/v2\/users\/6"}],"replies":[{"embeddable":true,"href":"https:\/\/kapitalis.com\/tunisie\/wp-json\/wp\/v2\/comments?post=136067"}],"version-history":[{"count":0,"href":"https:\/\/kapitalis.com\/tunisie\/wp-json\/wp\/v2\/posts\/136067\/revisions"}],"wp:featuredmedia":[{"embeddable":true,"href":"https:\/\/kapitalis.com\/tunisie\/wp-json\/wp\/v2\/media\/136077"}],"wp:attachment":[{"href":"https:\/\/kapitalis.com\/tunisie\/wp-json\/wp\/v2\/media?parent=136067"}],"wp:term":[{"taxonomy":"category","embeddable":true,"href":"https:\/\/kapitalis.com\/tunisie\/wp-json\/wp\/v2\/categories?post=136067"},{"taxonomy":"post_tag","embeddable":true,"href":"https:\/\/kapitalis.com\/tunisie\/wp-json\/wp\/v2\/tags?post=136067"}],"curies":[{"name":"wp","href":"https:\/\/api.w.org\/{rel}","templated":true}]}}