{"id":13607727,"date":"2024-07-22T08:25:21","date_gmt":"2024-07-22T07:25:21","guid":{"rendered":"https:\/\/kapitalis.com\/tunisie\/?p=13607727"},"modified":"2024-07-22T08:25:23","modified_gmt":"2024-07-22T07:25:23","slug":"pour-un-pole-multimodal-dans-la-zone-bizerte-utique","status":"publish","type":"post","link":"https:\/\/kapitalis.com\/tunisie\/2024\/07\/22\/pour-un-pole-multimodal-dans-la-zone-bizerte-utique\/","title":{"rendered":"Pour un p\u00f4le multimodal dans la zone Bizerte-Utique"},"content":{"rendered":"\n<p><strong><em>On ne compte plus les opportunit\u00e9s gaspill\u00e9es et perdues qui jalonnent l\u2019histoire de la Tunisie depuis le d\u00e9but de ce si\u00e8cle. Et dont le r\u00e9sultat est cette marginalisation croissante de notre pays sur le plan international et dans sa propre sous-r\u00e9gion que nous constatons aujourd\u2019hui.<\/em><\/strong><\/p>\n\n\n\n<p><strong>Elyes Kasri <\/strong>*<\/p>\n\n\n\n<!--more-->\n\n\n<div class=\"wp-block-image\">\n<figure class=\"alignleft size-full\"><img decoding=\"async\" src=\"http:\/\/kapitalis.com\/tunisie\/wp-content\/uploads\/2021\/06\/Elyes-Kasri.jpg\" alt=\"\" class=\"wp-image-352204\"\/><\/figure>\n<\/div>\n\n\n<p>La pol\u00e9mique et les doutes qui ont \u00e9t\u00e9 \u00e0 l\u2019origine du retard dans la r\u00e9alisation du projet de port en eaux profondes et d\u2019un a\u00e9roport international digne de l\u2019h\u00e9riti\u00e8re de Carthage et d\u2019un pays qui ambitionne de se classer parmi les principales destinations touristiques dans le bassin m\u00e9diterran\u00e9en, semblent se terminer en queue de poisson avec la r\u00e9\u00e9mergence des projets d\u2019extension de l\u2019a\u00e9roport Tunis-Carthage qui a d\u00e9j\u00e0 perdu son label international et occupe un classement international peu honorable et du serpent de mer du port d\u2019Enfidha, comme si la d\u00e9b\u00e2cle \u00e9conomique de l\u2019a\u00e9roport d\u2019Enfidha-Hammamet, mis en exploitation le&nbsp;31 octobre 2009 et qui a du mal \u00e0 d\u00e9coller, ne suffisait pas.<\/p>\n\n\n\n<p>Ma modeste exp\u00e9rience professionnelle aux Etats Unis d\u2019Am\u00e9rique, en Asie (Cor\u00e9e, Inde, Japon) et en Europe (Su\u00e8de et Allemagne) me fait penser que la Tunisie moderne a besoin de lancer un signal fort au monde ext\u00e9rieur avec un m\u00e9ga projet de p\u00f4le multimodal (services a\u00e9roportuaires, portuaires, navals, ferroviaires et routiers) dans la zone Bizerte-Utique.<\/p>\n\n\n\n<figure class=\"wp-block-embed is-type-wp-embed is-provider-kapitalis wp-block-embed-kapitalis\"><div class=\"wp-block-embed__wrapper\">\n<blockquote class=\"wp-embedded-content\" data-secret=\"zwx441bvW4\"><a href=\"https:\/\/kapitalis.com\/tunisie\/2022\/07\/24\/tunisie-bizerte-a-besoin-de-plus-quun-pont\/\">Tunisie : Bizerte a besoin de plus qu\u2019un pont<\/a><\/blockquote><iframe loading=\"lazy\" class=\"wp-embedded-content\" sandbox=\"allow-scripts\" security=\"restricted\" style=\"position: absolute; visibility: hidden;\" title=\"\u00ab\u00a0Tunisie : Bizerte a besoin de plus qu\u2019un pont\u00a0\u00bb &#8212; Kapitalis\" src=\"https:\/\/kapitalis.com\/tunisie\/2022\/07\/24\/tunisie-bizerte-a-besoin-de-plus-quun-pont\/embed\/#?secret=Wj6XqZXrgC#?secret=zwx441bvW4\" data-secret=\"zwx441bvW4\" width=\"600\" height=\"338\" frameborder=\"0\" marginwidth=\"0\" marginheight=\"0\" scrolling=\"no\"><\/iframe>\n<\/div><\/figure>\n\n\n\n<p>Il est quand m\u00eame surprenant de constater que seuls Jules Ferry et les Fran\u00e7ais aux 19<sup>e<\/sup> et 20<sup>e<\/sup> si\u00e8cles aient pu appr\u00e9cier la valeur de ce site strat\u00e9giquement situ\u00e9 au milieu des routes maritimes de la M\u00e9diterran\u00e9e.<\/p>\n\n\n\n<p>Les Allemands ont tent\u00e9 en vain de prendre la rel\u00e8ve au 21<sup>e<\/sup> si\u00e8cle en tant que partenaires en concluant un accord de jumelage en grande pompe \u00e0 Berlin en 2017, lors de la visite du chef de gouvernement Youssef Chahed, entre Bizerte et la ville-port de Rostock de la Pom\u00e9ranie Occidentale, alors fief et circonscription \u00e9lectorale de la chanceli\u00e8re Angela Merkel. Accord qui semble \u00eatre rest\u00e9 tr\u00e8s en-de\u00e7\u00e0 des ambitions qui ont \u00e9t\u00e9 \u00e0 son origine.<\/p>\n\n\n\n<p>Une autre occasion rat\u00e9e, \u00e0 l\u2019instar du chapelet d\u2019opportunit\u00e9s gaspill\u00e9es et perdues qui jalonnent l\u2019histoire de la Tunisie depuis le d\u00e9but de ce si\u00e8cle.<\/p>\n\n\n\n<p><em>Ancien ambassadeur.<\/em><\/p>\n\n\n\n<figure class=\"wp-block-embed is-type-wp-embed is-provider-kapitalis wp-block-embed-kapitalis\"><div class=\"wp-block-embed__wrapper\">\n<blockquote class=\"wp-embedded-content\" data-secret=\"ZftIaNtvDS\"><a href=\"https:\/\/kapitalis.com\/tunisie\/2022\/02\/28\/bizerte-un-moteur-de-croissance-de-la-region-nord-etouffe\/\">Bizerte : un moteur de croissance de la r\u00e9gion nord \u00e9touff\u00e9<\/a><\/blockquote><iframe loading=\"lazy\" class=\"wp-embedded-content\" sandbox=\"allow-scripts\" security=\"restricted\" style=\"position: absolute; visibility: hidden;\" title=\"\u00ab\u00a0Bizerte : un moteur de croissance de la r\u00e9gion nord \u00e9touff\u00e9\u00a0\u00bb &#8212; Kapitalis\" src=\"https:\/\/kapitalis.com\/tunisie\/2022\/02\/28\/bizerte-un-moteur-de-croissance-de-la-region-nord-etouffe\/embed\/#?secret=acZ8mb3tAk#?secret=ZftIaNtvDS\" data-secret=\"ZftIaNtvDS\" width=\"600\" height=\"338\" frameborder=\"0\" marginwidth=\"0\" marginheight=\"0\" scrolling=\"no\"><\/iframe>\n<\/div><\/figure>\n","protected":false},"excerpt":{"rendered":"<p> La Tunisie moderne a besoin p\u00f4le multimodal (services a\u00e9roportuaires, portuaires, navals, ferroviaires et routiers) dans la zone Bizerte-Utique.<\/p>\n","protected":false},"author":8,"featured_media":13607745,"comment_status":"closed","ping_status":"open","sticky":false,"template":"","format":"standard","meta":{"footnotes":""},"categories":[992,995,1000,2433],"tags":[70596,1587,148,82931,1248,105813,101578,2014,11246],"class_list":["post-13607727","post","type-post","status-publish","format-standard","has-post-thumbnail","hentry","category-a-la-une","category-economie","category-tribune","category-tunisie","tag-aeroport-denfidha-hammamet","tag-aeroport-tunis-carthage","tag-bizerte","tag-elyes-kasri-2","tag-enfidha","tag-port-en-eaux-profondes","tag-rostock","tag-utique","tag-youssef-chahed"],"yoast_head":"<!-- This site is optimized with the Yoast SEO plugin v26.6 - https:\/\/yoast.com\/wordpress\/plugins\/seo\/ -->\n<title>Pour un p\u00f4le multimodal dans la zone Bizerte-Utique - Kapitalis<\/title>\n<meta name=\"robots\" content=\"index, follow, max-snippet:-1, max-image-preview:large, max-video-preview:-1\" \/>\n<link rel=\"canonical\" href=\"https:\/\/kapitalis.com\/tunisie\/2024\/07\/22\/pour-un-pole-multimodal-dans-la-zone-bizerte-utique\/\" \/>\n<meta property=\"og:locale\" content=\"fr_FR\" \/>\n<meta property=\"og:type\" content=\"article\" \/>\n<meta property=\"og:title\" content=\"Pour un p\u00f4le multimodal dans la zone Bizerte-Utique - Kapitalis\" \/>\n<meta property=\"og:description\" content=\"La Tunisie moderne a besoin p\u00f4le multimodal (services a\u00e9roportuaires, portuaires, navals, ferroviaires et routiers) dans la zone Bizerte-Utique.\" \/>\n<meta property=\"og:url\" content=\"https:\/\/kapitalis.com\/tunisie\/2024\/07\/22\/pour-un-pole-multimodal-dans-la-zone-bizerte-utique\/\" \/>\n<meta property=\"og:site_name\" content=\"Kapitalis\" \/>\n<meta property=\"article:publisher\" content=\"https:\/\/www.facebook.com\/KapitalisInfo\/\" \/>\n<meta property=\"article:published_time\" content=\"2024-07-22T07:25:21+00:00\" \/>\n<meta property=\"article:modified_time\" content=\"2024-07-22T07:25:23+00:00\" \/>\n<meta property=\"og:image\" content=\"https:\/\/kapitalis.com\/tunisie\/wp-content\/uploads\/2024\/07\/Bizerte.jpg\" \/>\n\t<meta property=\"og:image:width\" content=\"1200\" \/>\n\t<meta property=\"og:image:height\" content=\"630\" \/>\n\t<meta property=\"og:image:type\" content=\"image\/jpeg\" \/>\n<meta name=\"author\" content=\"webmaster kapitalis\" \/>\n<meta name=\"twitter:card\" content=\"summary_large_image\" \/>\n<meta name=\"twitter:creator\" content=\"@KapitalisInfo\" \/>\n<meta name=\"twitter:site\" content=\"@KapitalisInfo\" \/>\n<meta name=\"twitter:label1\" content=\"\u00c9crit par\" \/>\n\t<meta name=\"twitter:data1\" content=\"webmaster kapitalis\" \/>\n\t<meta name=\"twitter:label2\" content=\"Dur\u00e9e de lecture estim\u00e9e\" \/>\n\t<meta name=\"twitter:data2\" content=\"3 minutes\" \/>\n<script type=\"application\/ld+json\" class=\"yoast-schema-graph\">{\"@context\":\"https:\/\/schema.org\",\"@graph\":[{\"@type\":\"Article\",\"@id\":\"https:\/\/kapitalis.com\/tunisie\/2024\/07\/22\/pour-un-pole-multimodal-dans-la-zone-bizerte-utique\/#article\",\"isPartOf\":{\"@id\":\"https:\/\/kapitalis.com\/tunisie\/2024\/07\/22\/pour-un-pole-multimodal-dans-la-zone-bizerte-utique\/\"},\"author\":{\"name\":\"webmaster kapitalis\",\"@id\":\"https:\/\/kapitalis.com\/tunisie\/#\/schema\/person\/d71f33a9ca44f7bad4698210b480c8e9\"},\"headline\":\"Pour un p\u00f4le multimodal dans la zone Bizerte-Utique\",\"datePublished\":\"2024-07-22T07:25:21+00:00\",\"dateModified\":\"2024-07-22T07:25:23+00:00\",\"mainEntityOfPage\":{\"@id\":\"https:\/\/kapitalis.com\/tunisie\/2024\/07\/22\/pour-un-pole-multimodal-dans-la-zone-bizerte-utique\/\"},\"wordCount\":423,\"publisher\":{\"@id\":\"https:\/\/kapitalis.com\/tunisie\/#organization\"},\"image\":{\"@id\":\"https:\/\/kapitalis.com\/tunisie\/2024\/07\/22\/pour-un-pole-multimodal-dans-la-zone-bizerte-utique\/#primaryimage\"},\"thumbnailUrl\":\"https:\/\/kapitalis.com\/tunisie\/wp-content\/uploads\/2024\/07\/Bizerte.jpg\",\"keywords\":[\"a\u00e9roport d\u2019Enfidha-Hammamet\",\"a\u00e9roport Tunis-Carthage\",\"Bizerte\",\"Elyes Kasri\",\"Enfidha\",\"port en eaux profondes\",\"Rostock\",\"Utique\",\"Youssef Chahed\"],\"articleSection\":[\"A LA UNE\",\"ECONOMIE\",\"TRIBUNE\",\"Tunisie\"],\"inLanguage\":\"fr-FR\"},{\"@type\":\"WebPage\",\"@id\":\"https:\/\/kapitalis.com\/tunisie\/2024\/07\/22\/pour-un-pole-multimodal-dans-la-zone-bizerte-utique\/\",\"url\":\"https:\/\/kapitalis.com\/tunisie\/2024\/07\/22\/pour-un-pole-multimodal-dans-la-zone-bizerte-utique\/\",\"name\":\"Pour un p\u00f4le multimodal dans la zone Bizerte-Utique - Kapitalis\",\"isPartOf\":{\"@id\":\"https:\/\/kapitalis.com\/tunisie\/#website\"},\"primaryImageOfPage\":{\"@id\":\"https:\/\/kapitalis.com\/tunisie\/2024\/07\/22\/pour-un-pole-multimodal-dans-la-zone-bizerte-utique\/#primaryimage\"},\"image\":{\"@id\":\"https:\/\/kapitalis.com\/tunisie\/2024\/07\/22\/pour-un-pole-multimodal-dans-la-zone-bizerte-utique\/#primaryimage\"},\"thumbnailUrl\":\"https:\/\/kapitalis.com\/tunisie\/wp-content\/uploads\/2024\/07\/Bizerte.jpg\",\"datePublished\":\"2024-07-22T07:25:21+00:00\",\"dateModified\":\"2024-07-22T07:25:23+00:00\",\"breadcrumb\":{\"@id\":\"https:\/\/kapitalis.com\/tunisie\/2024\/07\/22\/pour-un-pole-multimodal-dans-la-zone-bizerte-utique\/#breadcrumb\"},\"inLanguage\":\"fr-FR\",\"potentialAction\":[{\"@type\":\"ReadAction\",\"target\":[\"https:\/\/kapitalis.com\/tunisie\/2024\/07\/22\/pour-un-pole-multimodal-dans-la-zone-bizerte-utique\/\"]}]},{\"@type\":\"ImageObject\",\"inLanguage\":\"fr-FR\",\"@id\":\"https:\/\/kapitalis.com\/tunisie\/2024\/07\/22\/pour-un-pole-multimodal-dans-la-zone-bizerte-utique\/#primaryimage\",\"url\":\"https:\/\/kapitalis.com\/tunisie\/wp-content\/uploads\/2024\/07\/Bizerte.jpg\",\"contentUrl\":\"https:\/\/kapitalis.com\/tunisie\/wp-content\/uploads\/2024\/07\/Bizerte.jpg\",\"width\":1200,\"height\":630},{\"@type\":\"BreadcrumbList\",\"@id\":\"https:\/\/kapitalis.com\/tunisie\/2024\/07\/22\/pour-un-pole-multimodal-dans-la-zone-bizerte-utique\/#breadcrumb\",\"itemListElement\":[{\"@type\":\"ListItem\",\"position\":1,\"name\":\"Accueil\",\"item\":\"https:\/\/kapitalis.com\/tunisie\/\"},{\"@type\":\"ListItem\",\"position\":2,\"name\":\"Pour un p\u00f4le multimodal dans la zone Bizerte-Utique\"}]},{\"@type\":\"WebSite\",\"@id\":\"https:\/\/kapitalis.com\/tunisie\/#website\",\"url\":\"https:\/\/kapitalis.com\/tunisie\/\",\"name\":\"Kapitalis\",\"description\":\"L&#039;actualit\u00e9 en Tunisie et dans le monde\",\"publisher\":{\"@id\":\"https:\/\/kapitalis.com\/tunisie\/#organization\"},\"potentialAction\":[{\"@type\":\"SearchAction\",\"target\":{\"@type\":\"EntryPoint\",\"urlTemplate\":\"https:\/\/kapitalis.com\/tunisie\/?s={search_term_string}\"},\"query-input\":{\"@type\":\"PropertyValueSpecification\",\"valueRequired\":true,\"valueName\":\"search_term_string\"}}],\"inLanguage\":\"fr-FR\"},{\"@type\":\"Organization\",\"@id\":\"https:\/\/kapitalis.com\/tunisie\/#organization\",\"name\":\"Kapitalis\",\"url\":\"https:\/\/kapitalis.com\/tunisie\/\",\"logo\":{\"@type\":\"ImageObject\",\"inLanguage\":\"fr-FR\",\"@id\":\"https:\/\/kapitalis.com\/tunisie\/#\/schema\/logo\/image\/\",\"url\":\"https:\/\/kapitalis.com\/tunisie\/wp-content\/uploads\/2022\/05\/Kapitalis-big-size.png\",\"contentUrl\":\"https:\/\/kapitalis.com\/tunisie\/wp-content\/uploads\/2022\/05\/Kapitalis-big-size.png\",\"width\":5000,\"height\":1500,\"caption\":\"Kapitalis\"},\"image\":{\"@id\":\"https:\/\/kapitalis.com\/tunisie\/#\/schema\/logo\/image\/\"},\"sameAs\":[\"https:\/\/www.facebook.com\/KapitalisInfo\/\",\"https:\/\/x.com\/KapitalisInfo\",\"https:\/\/www.youtube.com\/channel\/UC-yDYrHyfFBWWZaOw3FPg9Q\"]},{\"@type\":\"Person\",\"@id\":\"https:\/\/kapitalis.com\/tunisie\/#\/schema\/person\/d71f33a9ca44f7bad4698210b480c8e9\",\"name\":\"webmaster kapitalis\",\"url\":\"https:\/\/kapitalis.com\/tunisie\/author\/webmaster-kapitalis\/\"}]}<\/script>\n<!-- \/ Yoast SEO plugin. -->","yoast_head_json":{"title":"Pour un p\u00f4le multimodal dans la zone Bizerte-Utique - Kapitalis","robots":{"index":"index","follow":"follow","max-snippet":"max-snippet:-1","max-image-preview":"max-image-preview:large","max-video-preview":"max-video-preview:-1"},"canonical":"https:\/\/kapitalis.com\/tunisie\/2024\/07\/22\/pour-un-pole-multimodal-dans-la-zone-bizerte-utique\/","og_locale":"fr_FR","og_type":"article","og_title":"Pour un p\u00f4le multimodal dans la zone Bizerte-Utique - Kapitalis","og_description":"La Tunisie moderne a besoin p\u00f4le multimodal (services a\u00e9roportuaires, portuaires, navals, ferroviaires et routiers) dans la zone Bizerte-Utique.","og_url":"https:\/\/kapitalis.com\/tunisie\/2024\/07\/22\/pour-un-pole-multimodal-dans-la-zone-bizerte-utique\/","og_site_name":"Kapitalis","article_publisher":"https:\/\/www.facebook.com\/KapitalisInfo\/","article_published_time":"2024-07-22T07:25:21+00:00","article_modified_time":"2024-07-22T07:25:23+00:00","og_image":[{"width":1200,"height":630,"url":"https:\/\/kapitalis.com\/tunisie\/wp-content\/uploads\/2024\/07\/Bizerte.jpg","type":"image\/jpeg"}],"author":"webmaster kapitalis","twitter_card":"summary_large_image","twitter_creator":"@KapitalisInfo","twitter_site":"@KapitalisInfo","twitter_misc":{"\u00c9crit par":"webmaster kapitalis","Dur\u00e9e de lecture estim\u00e9e":"3 minutes"},"schema":{"@context":"https:\/\/schema.org","@graph":[{"@type":"Article","@id":"https:\/\/kapitalis.com\/tunisie\/2024\/07\/22\/pour-un-pole-multimodal-dans-la-zone-bizerte-utique\/#article","isPartOf":{"@id":"https:\/\/kapitalis.com\/tunisie\/2024\/07\/22\/pour-un-pole-multimodal-dans-la-zone-bizerte-utique\/"},"author":{"name":"webmaster kapitalis","@id":"https:\/\/kapitalis.com\/tunisie\/#\/schema\/person\/d71f33a9ca44f7bad4698210b480c8e9"},"headline":"Pour un p\u00f4le multimodal dans la zone Bizerte-Utique","datePublished":"2024-07-22T07:25:21+00:00","dateModified":"2024-07-22T07:25:23+00:00","mainEntityOfPage":{"@id":"https:\/\/kapitalis.com\/tunisie\/2024\/07\/22\/pour-un-pole-multimodal-dans-la-zone-bizerte-utique\/"},"wordCount":423,"publisher":{"@id":"https:\/\/kapitalis.com\/tunisie\/#organization"},"image":{"@id":"https:\/\/kapitalis.com\/tunisie\/2024\/07\/22\/pour-un-pole-multimodal-dans-la-zone-bizerte-utique\/#primaryimage"},"thumbnailUrl":"https:\/\/kapitalis.com\/tunisie\/wp-content\/uploads\/2024\/07\/Bizerte.jpg","keywords":["a\u00e9roport d\u2019Enfidha-Hammamet","a\u00e9roport Tunis-Carthage","Bizerte","Elyes Kasri","Enfidha","port en eaux profondes","Rostock","Utique","Youssef Chahed"],"articleSection":["A LA UNE","ECONOMIE","TRIBUNE","Tunisie"],"inLanguage":"fr-FR"},{"@type":"WebPage","@id":"https:\/\/kapitalis.com\/tunisie\/2024\/07\/22\/pour-un-pole-multimodal-dans-la-zone-bizerte-utique\/","url":"https:\/\/kapitalis.com\/tunisie\/2024\/07\/22\/pour-un-pole-multimodal-dans-la-zone-bizerte-utique\/","name":"Pour un p\u00f4le multimodal dans la zone Bizerte-Utique - Kapitalis","isPartOf":{"@id":"https:\/\/kapitalis.com\/tunisie\/#website"},"primaryImageOfPage":{"@id":"https:\/\/kapitalis.com\/tunisie\/2024\/07\/22\/pour-un-pole-multimodal-dans-la-zone-bizerte-utique\/#primaryimage"},"image":{"@id":"https:\/\/kapitalis.com\/tunisie\/2024\/07\/22\/pour-un-pole-multimodal-dans-la-zone-bizerte-utique\/#primaryimage"},"thumbnailUrl":"https:\/\/kapitalis.com\/tunisie\/wp-content\/uploads\/2024\/07\/Bizerte.jpg","datePublished":"2024-07-22T07:25:21+00:00","dateModified":"2024-07-22T07:25:23+00:00","breadcrumb":{"@id":"https:\/\/kapitalis.com\/tunisie\/2024\/07\/22\/pour-un-pole-multimodal-dans-la-zone-bizerte-utique\/#breadcrumb"},"inLanguage":"fr-FR","potentialAction":[{"@type":"ReadAction","target":["https:\/\/kapitalis.com\/tunisie\/2024\/07\/22\/pour-un-pole-multimodal-dans-la-zone-bizerte-utique\/"]}]},{"@type":"ImageObject","inLanguage":"fr-FR","@id":"https:\/\/kapitalis.com\/tunisie\/2024\/07\/22\/pour-un-pole-multimodal-dans-la-zone-bizerte-utique\/#primaryimage","url":"https:\/\/kapitalis.com\/tunisie\/wp-content\/uploads\/2024\/07\/Bizerte.jpg","contentUrl":"https:\/\/kapitalis.com\/tunisie\/wp-content\/uploads\/2024\/07\/Bizerte.jpg","width":1200,"height":630},{"@type":"BreadcrumbList","@id":"https:\/\/kapitalis.com\/tunisie\/2024\/07\/22\/pour-un-pole-multimodal-dans-la-zone-bizerte-utique\/#breadcrumb","itemListElement":[{"@type":"ListItem","position":1,"name":"Accueil","item":"https:\/\/kapitalis.com\/tunisie\/"},{"@type":"ListItem","position":2,"name":"Pour un p\u00f4le multimodal dans la zone Bizerte-Utique"}]},{"@type":"WebSite","@id":"https:\/\/kapitalis.com\/tunisie\/#website","url":"https:\/\/kapitalis.com\/tunisie\/","name":"Kapitalis","description":"L&#039;actualit\u00e9 en Tunisie et dans le monde","publisher":{"@id":"https:\/\/kapitalis.com\/tunisie\/#organization"},"potentialAction":[{"@type":"SearchAction","target":{"@type":"EntryPoint","urlTemplate":"https:\/\/kapitalis.com\/tunisie\/?s={search_term_string}"},"query-input":{"@type":"PropertyValueSpecification","valueRequired":true,"valueName":"search_term_string"}}],"inLanguage":"fr-FR"},{"@type":"Organization","@id":"https:\/\/kapitalis.com\/tunisie\/#organization","name":"Kapitalis","url":"https:\/\/kapitalis.com\/tunisie\/","logo":{"@type":"ImageObject","inLanguage":"fr-FR","@id":"https:\/\/kapitalis.com\/tunisie\/#\/schema\/logo\/image\/","url":"https:\/\/kapitalis.com\/tunisie\/wp-content\/uploads\/2022\/05\/Kapitalis-big-size.png","contentUrl":"https:\/\/kapitalis.com\/tunisie\/wp-content\/uploads\/2022\/05\/Kapitalis-big-size.png","width":5000,"height":1500,"caption":"Kapitalis"},"image":{"@id":"https:\/\/kapitalis.com\/tunisie\/#\/schema\/logo\/image\/"},"sameAs":["https:\/\/www.facebook.com\/KapitalisInfo\/","https:\/\/x.com\/KapitalisInfo","https:\/\/www.youtube.com\/channel\/UC-yDYrHyfFBWWZaOw3FPg9Q"]},{"@type":"Person","@id":"https:\/\/kapitalis.com\/tunisie\/#\/schema\/person\/d71f33a9ca44f7bad4698210b480c8e9","name":"webmaster kapitalis","url":"https:\/\/kapitalis.com\/tunisie\/author\/webmaster-kapitalis\/"}]}},"_links":{"self":[{"href":"https:\/\/kapitalis.com\/tunisie\/wp-json\/wp\/v2\/posts\/13607727","targetHints":{"allow":["GET"]}}],"collection":[{"href":"https:\/\/kapitalis.com\/tunisie\/wp-json\/wp\/v2\/posts"}],"about":[{"href":"https:\/\/kapitalis.com\/tunisie\/wp-json\/wp\/v2\/types\/post"}],"author":[{"embeddable":true,"href":"https:\/\/kapitalis.com\/tunisie\/wp-json\/wp\/v2\/users\/8"}],"replies":[{"embeddable":true,"href":"https:\/\/kapitalis.com\/tunisie\/wp-json\/wp\/v2\/comments?post=13607727"}],"version-history":[{"count":1,"href":"https:\/\/kapitalis.com\/tunisie\/wp-json\/wp\/v2\/posts\/13607727\/revisions"}],"predecessor-version":[{"id":13607765,"href":"https:\/\/kapitalis.com\/tunisie\/wp-json\/wp\/v2\/posts\/13607727\/revisions\/13607765"}],"wp:featuredmedia":[{"embeddable":true,"href":"https:\/\/kapitalis.com\/tunisie\/wp-json\/wp\/v2\/media\/13607745"}],"wp:attachment":[{"href":"https:\/\/kapitalis.com\/tunisie\/wp-json\/wp\/v2\/media?parent=13607727"}],"wp:term":[{"taxonomy":"category","embeddable":true,"href":"https:\/\/kapitalis.com\/tunisie\/wp-json\/wp\/v2\/categories?post=13607727"},{"taxonomy":"post_tag","embeddable":true,"href":"https:\/\/kapitalis.com\/tunisie\/wp-json\/wp\/v2\/tags?post=13607727"}],"curies":[{"name":"wp","href":"https:\/\/api.w.org\/{rel}","templated":true}]}}