{"id":13612259,"date":"2024-07-23T02:35:26","date_gmt":"2024-07-23T01:35:26","guid":{"rendered":"https:\/\/kapitalis.com\/tunisie\/?p=13612259"},"modified":"2024-07-23T02:36:59","modified_gmt":"2024-07-23T01:36:59","slug":"presidentielle-attayar-pointe-du-doigt-des-violations-affectant-le-processus-electoral","status":"publish","type":"post","link":"https:\/\/kapitalis.com\/tunisie\/2024\/07\/23\/presidentielle-attayar-pointe-du-doigt-des-violations-affectant-le-processus-electoral\/","title":{"rendered":"Pr\u00e9sidentielle : Attayar pointe du doigt \u00abdes violations affectant le processus \u00e9lectoral\u00bb"},"content":{"rendered":"\n<p><em><strong>Le parti Attayar s&rsquo;est exprim\u00e9, lundi 22 juillet 2024, sur la pr\u00e9sidentielle du 6 octobre et a notamment d\u00e9nonc\u00e9 \u00ab des violations affectant le processus \u00e9lectoral\u00bb, tout en appelant \u00e0 d\u00e9noncer ces pratiques et \u00e0 engager des poursuites en justice \u00e0 ce propos.<\/strong><\/em><\/p>\n\n\n\n<!--more-->\n\n\n\n<p>Dans son communiqu\u00e9, Attayar a d\u00e9plor\u00e9 \u00ab<em> l\u2019exploitation de la justice dans le but d\u2019exclure certains candidats \u00e0 la pr\u00e9sidentielle <\/em>\u00bb citant la condamnation Lotfi Mraihi \u00e0 8 mois de prison et une interdiction de se pr\u00e9senter aux \u00e9lections et les restrictions impos\u00e9es \u00e0 Abdellatif Mekki interdit d&rsquo;appara\u00eetre dans les espaces publics.<\/p>\n\n\n\n<p>Attayar a \u00e9galement d\u00e9nonc\u00e9 des d\u00e9cisions de l&rsquo;Instance sup\u00e9rieure ind\u00e9pendante pour les \u00e9lections (Isie) en ce qui concerne son refus de remettre un exemplaire du formulaire de parrainages aux repr\u00e9sentants l\u00e9gaux des d\u00e9tenus Abir Moussi,  Ghazi Chaouachi (qui souhaitent candidater \u00e0 la pr\u00e9sidentielle du 6 octobre ) et Issam Chebbi  (pour qui son parti a renonc\u00e9 \u00e0 sa candidature) <\/p>\n\n\n\n<p>Le parti a par ailleurs fermement d\u00e9nonc\u00e9 l\u2019utilisation par le pr\u00e9sident de la r\u00e9publique Ka\u00efs Sa\u00efed, des ressources et institutions de l&rsquo;\u00c9tat pour annoncer sa candidature \u00e0 la pr\u00e9sidentielle (annonce faite via une vid\u00e9o publi\u00e9e sur la page de la pr\u00e9sidence) et a \u00e9galement point\u00e9 du doigt le \u00ab <em>parti pris de m\u00e9dias publics dans la promotion de cette candidature<\/em> \u00bb<\/p>\n\n\n\n<p>Attayar a de ce fait appel\u00e9 \u00ab<em> les juristes et les voix soutenant les droits \u00e0 d\u00e9noncer ces pratiques, \u00e0 les suivre et \u00e0 engager des poursuites en justice <\/em>\u00bb et a demand\u00e9 aux forces politiques et civiles \u00e0 \u00ab <em>ne pas se soumettre au climat d&rsquo;intimidation et de menace que le pouvoir en place souhaite imposer <\/em>\u00bb.<\/p>\n\n\n\n<p>Enfin, Attayar a salu\u00e9 le courage de ceux qui ont annonc\u00e9 leur candidature, estimant qu&rsquo;ils \u00ab <em>s&rsquo;exposent au risque d&rsquo;\u00eatre poursuivis et harcel\u00e9s<\/em> \u00bb, tout en les appelant \u00e0 entamer un dialogue en vue d&rsquo;imposer \u00ab <em>des conditions minimales de candidature et des conditions \u00e9quitables pour une concurrence juste et loyale afin de participer aux \u00e9lections ou pour se retirer en leur absence <\/em>\u00bb.<\/p>\n\n\n\n<p class=\"has-text-align-right\"><strong>Y. N.<\/strong><\/p>\n","protected":false},"excerpt":{"rendered":"<p>Le parti Attayar s&rsquo;est exprim\u00e9, lundi 22 juillet 2024, sur la pr\u00e9sidentielle du 6 octobre et a notamment d\u00e9nonc\u00e9 \u00ab des violations affectant le processus \u00e9lectoral\u00bb, tout en appelant \u00e0 d\u00e9noncer ces pratiques et \u00e0 engager des poursuites en justice \u00e0 ce propos.<\/p>\n","protected":false},"author":6,"featured_media":6032026,"comment_status":"closed","ping_status":"open","sticky":false,"template":"","format":"standard","meta":{"footnotes":""},"categories":[997,2433],"tags":[117000,15519,1216,76012,4797,62643],"class_list":["post-13612259","post","type-post","status-publish","format-standard","has-post-thumbnail","hentry","category-politique","category-tunisie","tag-6-octobre","tag-attayar","tag-candidats","tag-kais-saied-2","tag-presidentielle","tag-tunisie"],"yoast_head":"<!-- This site is optimized with the Yoast SEO plugin v26.6 - https:\/\/yoast.com\/wordpress\/plugins\/seo\/ -->\n<title>Pr\u00e9sidentielle : Attayar pointe du doigt \u00abdes violations affectant le processus \u00e9lectoral\u00bb - Kapitalis<\/title>\n<meta name=\"robots\" content=\"index, follow, max-snippet:-1, max-image-preview:large, max-video-preview:-1\" \/>\n<link rel=\"canonical\" href=\"https:\/\/kapitalis.com\/tunisie\/2024\/07\/23\/presidentielle-attayar-pointe-du-doigt-des-violations-affectant-le-processus-electoral\/\" \/>\n<meta property=\"og:locale\" content=\"fr_FR\" \/>\n<meta property=\"og:type\" content=\"article\" \/>\n<meta property=\"og:title\" content=\"Pr\u00e9sidentielle : Attayar pointe du doigt \u00abdes violations affectant le processus \u00e9lectoral\u00bb - Kapitalis\" \/>\n<meta property=\"og:description\" content=\"Le parti Attayar s&rsquo;est exprim\u00e9, lundi 22 juillet 2024, sur la pr\u00e9sidentielle du 6 octobre et a notamment d\u00e9nonc\u00e9 \u00ab des violations affectant le processus \u00e9lectoral\u00bb, tout en appelant \u00e0 d\u00e9noncer ces pratiques et \u00e0 engager des poursuites en justice \u00e0 ce propos.\" \/>\n<meta property=\"og:url\" content=\"https:\/\/kapitalis.com\/tunisie\/2024\/07\/23\/presidentielle-attayar-pointe-du-doigt-des-violations-affectant-le-processus-electoral\/\" \/>\n<meta property=\"og:site_name\" content=\"Kapitalis\" \/>\n<meta property=\"article:publisher\" content=\"https:\/\/www.facebook.com\/KapitalisInfo\/\" \/>\n<meta property=\"article:published_time\" content=\"2024-07-23T01:35:26+00:00\" \/>\n<meta property=\"article:modified_time\" content=\"2024-07-23T01:36:59+00:00\" \/>\n<meta property=\"og:image\" content=\"https:\/\/kapitalis.com\/tunisie\/wp-content\/uploads\/2023\/01\/Attayar.jpg\" \/>\n\t<meta property=\"og:image:width\" content=\"1200\" \/>\n\t<meta property=\"og:image:height\" content=\"630\" \/>\n\t<meta property=\"og:image:type\" content=\"image\/jpeg\" \/>\n<meta name=\"author\" content=\"Yusra NY\" \/>\n<meta name=\"twitter:card\" content=\"summary_large_image\" \/>\n<meta name=\"twitter:creator\" content=\"@KapitalisInfo\" \/>\n<meta name=\"twitter:site\" content=\"@KapitalisInfo\" \/>\n<meta name=\"twitter:label1\" content=\"\u00c9crit par\" \/>\n\t<meta name=\"twitter:data1\" content=\"Yusra NY\" \/>\n\t<meta name=\"twitter:label2\" content=\"Dur\u00e9e de lecture estim\u00e9e\" \/>\n\t<meta name=\"twitter:data2\" content=\"2 minutes\" \/>\n<script type=\"application\/ld+json\" class=\"yoast-schema-graph\">{\"@context\":\"https:\/\/schema.org\",\"@graph\":[{\"@type\":\"Article\",\"@id\":\"https:\/\/kapitalis.com\/tunisie\/2024\/07\/23\/presidentielle-attayar-pointe-du-doigt-des-violations-affectant-le-processus-electoral\/#article\",\"isPartOf\":{\"@id\":\"https:\/\/kapitalis.com\/tunisie\/2024\/07\/23\/presidentielle-attayar-pointe-du-doigt-des-violations-affectant-le-processus-electoral\/\"},\"author\":{\"name\":\"Yusra NY\",\"@id\":\"https:\/\/kapitalis.com\/tunisie\/#\/schema\/person\/74bbde0154d49d790a92aaeac5bc01d5\"},\"headline\":\"Pr\u00e9sidentielle : Attayar pointe du doigt \u00abdes violations affectant le processus \u00e9lectoral\u00bb\",\"datePublished\":\"2024-07-23T01:35:26+00:00\",\"dateModified\":\"2024-07-23T01:36:59+00:00\",\"mainEntityOfPage\":{\"@id\":\"https:\/\/kapitalis.com\/tunisie\/2024\/07\/23\/presidentielle-attayar-pointe-du-doigt-des-violations-affectant-le-processus-electoral\/\"},\"wordCount\":351,\"publisher\":{\"@id\":\"https:\/\/kapitalis.com\/tunisie\/#organization\"},\"image\":{\"@id\":\"https:\/\/kapitalis.com\/tunisie\/2024\/07\/23\/presidentielle-attayar-pointe-du-doigt-des-violations-affectant-le-processus-electoral\/#primaryimage\"},\"thumbnailUrl\":\"https:\/\/kapitalis.com\/tunisie\/wp-content\/uploads\/2023\/01\/Attayar.jpg\",\"keywords\":[\"6 octobre\",\"Attayar\",\"candidats\",\"Ka\u00efs Sa\u00efed\",\"pr\u00e9sidentielle\",\"Tunisie\"],\"articleSection\":[\"POLITIQUE\",\"Tunisie\"],\"inLanguage\":\"fr-FR\"},{\"@type\":\"WebPage\",\"@id\":\"https:\/\/kapitalis.com\/tunisie\/2024\/07\/23\/presidentielle-attayar-pointe-du-doigt-des-violations-affectant-le-processus-electoral\/\",\"url\":\"https:\/\/kapitalis.com\/tunisie\/2024\/07\/23\/presidentielle-attayar-pointe-du-doigt-des-violations-affectant-le-processus-electoral\/\",\"name\":\"Pr\u00e9sidentielle : Attayar pointe du doigt \u00abdes violations affectant le processus \u00e9lectoral\u00bb - Kapitalis\",\"isPartOf\":{\"@id\":\"https:\/\/kapitalis.com\/tunisie\/#website\"},\"primaryImageOfPage\":{\"@id\":\"https:\/\/kapitalis.com\/tunisie\/2024\/07\/23\/presidentielle-attayar-pointe-du-doigt-des-violations-affectant-le-processus-electoral\/#primaryimage\"},\"image\":{\"@id\":\"https:\/\/kapitalis.com\/tunisie\/2024\/07\/23\/presidentielle-attayar-pointe-du-doigt-des-violations-affectant-le-processus-electoral\/#primaryimage\"},\"thumbnailUrl\":\"https:\/\/kapitalis.com\/tunisie\/wp-content\/uploads\/2023\/01\/Attayar.jpg\",\"datePublished\":\"2024-07-23T01:35:26+00:00\",\"dateModified\":\"2024-07-23T01:36:59+00:00\",\"breadcrumb\":{\"@id\":\"https:\/\/kapitalis.com\/tunisie\/2024\/07\/23\/presidentielle-attayar-pointe-du-doigt-des-violations-affectant-le-processus-electoral\/#breadcrumb\"},\"inLanguage\":\"fr-FR\",\"potentialAction\":[{\"@type\":\"ReadAction\",\"target\":[\"https:\/\/kapitalis.com\/tunisie\/2024\/07\/23\/presidentielle-attayar-pointe-du-doigt-des-violations-affectant-le-processus-electoral\/\"]}]},{\"@type\":\"ImageObject\",\"inLanguage\":\"fr-FR\",\"@id\":\"https:\/\/kapitalis.com\/tunisie\/2024\/07\/23\/presidentielle-attayar-pointe-du-doigt-des-violations-affectant-le-processus-electoral\/#primaryimage\",\"url\":\"https:\/\/kapitalis.com\/tunisie\/wp-content\/uploads\/2023\/01\/Attayar.jpg\",\"contentUrl\":\"https:\/\/kapitalis.com\/tunisie\/wp-content\/uploads\/2023\/01\/Attayar.jpg\",\"width\":1200,\"height\":630},{\"@type\":\"BreadcrumbList\",\"@id\":\"https:\/\/kapitalis.com\/tunisie\/2024\/07\/23\/presidentielle-attayar-pointe-du-doigt-des-violations-affectant-le-processus-electoral\/#breadcrumb\",\"itemListElement\":[{\"@type\":\"ListItem\",\"position\":1,\"name\":\"Accueil\",\"item\":\"https:\/\/kapitalis.com\/tunisie\/\"},{\"@type\":\"ListItem\",\"position\":2,\"name\":\"Pr\u00e9sidentielle : Attayar pointe du doigt \u00abdes violations affectant le processus \u00e9lectoral\u00bb\"}]},{\"@type\":\"WebSite\",\"@id\":\"https:\/\/kapitalis.com\/tunisie\/#website\",\"url\":\"https:\/\/kapitalis.com\/tunisie\/\",\"name\":\"Kapitalis\",\"description\":\"L&#039;actualit\u00e9 en Tunisie et dans le monde\",\"publisher\":{\"@id\":\"https:\/\/kapitalis.com\/tunisie\/#organization\"},\"potentialAction\":[{\"@type\":\"SearchAction\",\"target\":{\"@type\":\"EntryPoint\",\"urlTemplate\":\"https:\/\/kapitalis.com\/tunisie\/?s={search_term_string}\"},\"query-input\":{\"@type\":\"PropertyValueSpecification\",\"valueRequired\":true,\"valueName\":\"search_term_string\"}}],\"inLanguage\":\"fr-FR\"},{\"@type\":\"Organization\",\"@id\":\"https:\/\/kapitalis.com\/tunisie\/#organization\",\"name\":\"Kapitalis\",\"url\":\"https:\/\/kapitalis.com\/tunisie\/\",\"logo\":{\"@type\":\"ImageObject\",\"inLanguage\":\"fr-FR\",\"@id\":\"https:\/\/kapitalis.com\/tunisie\/#\/schema\/logo\/image\/\",\"url\":\"https:\/\/kapitalis.com\/tunisie\/wp-content\/uploads\/2022\/05\/Kapitalis-big-size.png\",\"contentUrl\":\"https:\/\/kapitalis.com\/tunisie\/wp-content\/uploads\/2022\/05\/Kapitalis-big-size.png\",\"width\":5000,\"height\":1500,\"caption\":\"Kapitalis\"},\"image\":{\"@id\":\"https:\/\/kapitalis.com\/tunisie\/#\/schema\/logo\/image\/\"},\"sameAs\":[\"https:\/\/www.facebook.com\/KapitalisInfo\/\",\"https:\/\/x.com\/KapitalisInfo\",\"https:\/\/www.youtube.com\/channel\/UC-yDYrHyfFBWWZaOw3FPg9Q\"]},{\"@type\":\"Person\",\"@id\":\"https:\/\/kapitalis.com\/tunisie\/#\/schema\/person\/74bbde0154d49d790a92aaeac5bc01d5\",\"name\":\"Yusra NY\",\"url\":\"https:\/\/kapitalis.com\/tunisie\/author\/yuza_adam\/\"}]}<\/script>\n<!-- \/ Yoast SEO plugin. -->","yoast_head_json":{"title":"Pr\u00e9sidentielle : Attayar pointe du doigt \u00abdes violations affectant le processus \u00e9lectoral\u00bb - Kapitalis","robots":{"index":"index","follow":"follow","max-snippet":"max-snippet:-1","max-image-preview":"max-image-preview:large","max-video-preview":"max-video-preview:-1"},"canonical":"https:\/\/kapitalis.com\/tunisie\/2024\/07\/23\/presidentielle-attayar-pointe-du-doigt-des-violations-affectant-le-processus-electoral\/","og_locale":"fr_FR","og_type":"article","og_title":"Pr\u00e9sidentielle : Attayar pointe du doigt \u00abdes violations affectant le processus \u00e9lectoral\u00bb - Kapitalis","og_description":"Le parti Attayar s&rsquo;est exprim\u00e9, lundi 22 juillet 2024, sur la pr\u00e9sidentielle du 6 octobre et a notamment d\u00e9nonc\u00e9 \u00ab des violations affectant le processus \u00e9lectoral\u00bb, tout en appelant \u00e0 d\u00e9noncer ces pratiques et \u00e0 engager des poursuites en justice \u00e0 ce propos.","og_url":"https:\/\/kapitalis.com\/tunisie\/2024\/07\/23\/presidentielle-attayar-pointe-du-doigt-des-violations-affectant-le-processus-electoral\/","og_site_name":"Kapitalis","article_publisher":"https:\/\/www.facebook.com\/KapitalisInfo\/","article_published_time":"2024-07-23T01:35:26+00:00","article_modified_time":"2024-07-23T01:36:59+00:00","og_image":[{"width":1200,"height":630,"url":"https:\/\/kapitalis.com\/tunisie\/wp-content\/uploads\/2023\/01\/Attayar.jpg","type":"image\/jpeg"}],"author":"Yusra NY","twitter_card":"summary_large_image","twitter_creator":"@KapitalisInfo","twitter_site":"@KapitalisInfo","twitter_misc":{"\u00c9crit par":"Yusra NY","Dur\u00e9e de lecture estim\u00e9e":"2 minutes"},"schema":{"@context":"https:\/\/schema.org","@graph":[{"@type":"Article","@id":"https:\/\/kapitalis.com\/tunisie\/2024\/07\/23\/presidentielle-attayar-pointe-du-doigt-des-violations-affectant-le-processus-electoral\/#article","isPartOf":{"@id":"https:\/\/kapitalis.com\/tunisie\/2024\/07\/23\/presidentielle-attayar-pointe-du-doigt-des-violations-affectant-le-processus-electoral\/"},"author":{"name":"Yusra NY","@id":"https:\/\/kapitalis.com\/tunisie\/#\/schema\/person\/74bbde0154d49d790a92aaeac5bc01d5"},"headline":"Pr\u00e9sidentielle : Attayar pointe du doigt \u00abdes violations affectant le processus \u00e9lectoral\u00bb","datePublished":"2024-07-23T01:35:26+00:00","dateModified":"2024-07-23T01:36:59+00:00","mainEntityOfPage":{"@id":"https:\/\/kapitalis.com\/tunisie\/2024\/07\/23\/presidentielle-attayar-pointe-du-doigt-des-violations-affectant-le-processus-electoral\/"},"wordCount":351,"publisher":{"@id":"https:\/\/kapitalis.com\/tunisie\/#organization"},"image":{"@id":"https:\/\/kapitalis.com\/tunisie\/2024\/07\/23\/presidentielle-attayar-pointe-du-doigt-des-violations-affectant-le-processus-electoral\/#primaryimage"},"thumbnailUrl":"https:\/\/kapitalis.com\/tunisie\/wp-content\/uploads\/2023\/01\/Attayar.jpg","keywords":["6 octobre","Attayar","candidats","Ka\u00efs Sa\u00efed","pr\u00e9sidentielle","Tunisie"],"articleSection":["POLITIQUE","Tunisie"],"inLanguage":"fr-FR"},{"@type":"WebPage","@id":"https:\/\/kapitalis.com\/tunisie\/2024\/07\/23\/presidentielle-attayar-pointe-du-doigt-des-violations-affectant-le-processus-electoral\/","url":"https:\/\/kapitalis.com\/tunisie\/2024\/07\/23\/presidentielle-attayar-pointe-du-doigt-des-violations-affectant-le-processus-electoral\/","name":"Pr\u00e9sidentielle : Attayar pointe du doigt \u00abdes violations affectant le processus \u00e9lectoral\u00bb - Kapitalis","isPartOf":{"@id":"https:\/\/kapitalis.com\/tunisie\/#website"},"primaryImageOfPage":{"@id":"https:\/\/kapitalis.com\/tunisie\/2024\/07\/23\/presidentielle-attayar-pointe-du-doigt-des-violations-affectant-le-processus-electoral\/#primaryimage"},"image":{"@id":"https:\/\/kapitalis.com\/tunisie\/2024\/07\/23\/presidentielle-attayar-pointe-du-doigt-des-violations-affectant-le-processus-electoral\/#primaryimage"},"thumbnailUrl":"https:\/\/kapitalis.com\/tunisie\/wp-content\/uploads\/2023\/01\/Attayar.jpg","datePublished":"2024-07-23T01:35:26+00:00","dateModified":"2024-07-23T01:36:59+00:00","breadcrumb":{"@id":"https:\/\/kapitalis.com\/tunisie\/2024\/07\/23\/presidentielle-attayar-pointe-du-doigt-des-violations-affectant-le-processus-electoral\/#breadcrumb"},"inLanguage":"fr-FR","potentialAction":[{"@type":"ReadAction","target":["https:\/\/kapitalis.com\/tunisie\/2024\/07\/23\/presidentielle-attayar-pointe-du-doigt-des-violations-affectant-le-processus-electoral\/"]}]},{"@type":"ImageObject","inLanguage":"fr-FR","@id":"https:\/\/kapitalis.com\/tunisie\/2024\/07\/23\/presidentielle-attayar-pointe-du-doigt-des-violations-affectant-le-processus-electoral\/#primaryimage","url":"https:\/\/kapitalis.com\/tunisie\/wp-content\/uploads\/2023\/01\/Attayar.jpg","contentUrl":"https:\/\/kapitalis.com\/tunisie\/wp-content\/uploads\/2023\/01\/Attayar.jpg","width":1200,"height":630},{"@type":"BreadcrumbList","@id":"https:\/\/kapitalis.com\/tunisie\/2024\/07\/23\/presidentielle-attayar-pointe-du-doigt-des-violations-affectant-le-processus-electoral\/#breadcrumb","itemListElement":[{"@type":"ListItem","position":1,"name":"Accueil","item":"https:\/\/kapitalis.com\/tunisie\/"},{"@type":"ListItem","position":2,"name":"Pr\u00e9sidentielle : Attayar pointe du doigt \u00abdes violations affectant le processus \u00e9lectoral\u00bb"}]},{"@type":"WebSite","@id":"https:\/\/kapitalis.com\/tunisie\/#website","url":"https:\/\/kapitalis.com\/tunisie\/","name":"Kapitalis","description":"L&#039;actualit\u00e9 en Tunisie et dans le monde","publisher":{"@id":"https:\/\/kapitalis.com\/tunisie\/#organization"},"potentialAction":[{"@type":"SearchAction","target":{"@type":"EntryPoint","urlTemplate":"https:\/\/kapitalis.com\/tunisie\/?s={search_term_string}"},"query-input":{"@type":"PropertyValueSpecification","valueRequired":true,"valueName":"search_term_string"}}],"inLanguage":"fr-FR"},{"@type":"Organization","@id":"https:\/\/kapitalis.com\/tunisie\/#organization","name":"Kapitalis","url":"https:\/\/kapitalis.com\/tunisie\/","logo":{"@type":"ImageObject","inLanguage":"fr-FR","@id":"https:\/\/kapitalis.com\/tunisie\/#\/schema\/logo\/image\/","url":"https:\/\/kapitalis.com\/tunisie\/wp-content\/uploads\/2022\/05\/Kapitalis-big-size.png","contentUrl":"https:\/\/kapitalis.com\/tunisie\/wp-content\/uploads\/2022\/05\/Kapitalis-big-size.png","width":5000,"height":1500,"caption":"Kapitalis"},"image":{"@id":"https:\/\/kapitalis.com\/tunisie\/#\/schema\/logo\/image\/"},"sameAs":["https:\/\/www.facebook.com\/KapitalisInfo\/","https:\/\/x.com\/KapitalisInfo","https:\/\/www.youtube.com\/channel\/UC-yDYrHyfFBWWZaOw3FPg9Q"]},{"@type":"Person","@id":"https:\/\/kapitalis.com\/tunisie\/#\/schema\/person\/74bbde0154d49d790a92aaeac5bc01d5","name":"Yusra NY","url":"https:\/\/kapitalis.com\/tunisie\/author\/yuza_adam\/"}]}},"_links":{"self":[{"href":"https:\/\/kapitalis.com\/tunisie\/wp-json\/wp\/v2\/posts\/13612259","targetHints":{"allow":["GET"]}}],"collection":[{"href":"https:\/\/kapitalis.com\/tunisie\/wp-json\/wp\/v2\/posts"}],"about":[{"href":"https:\/\/kapitalis.com\/tunisie\/wp-json\/wp\/v2\/types\/post"}],"author":[{"embeddable":true,"href":"https:\/\/kapitalis.com\/tunisie\/wp-json\/wp\/v2\/users\/6"}],"replies":[{"embeddable":true,"href":"https:\/\/kapitalis.com\/tunisie\/wp-json\/wp\/v2\/comments?post=13612259"}],"version-history":[{"count":1,"href":"https:\/\/kapitalis.com\/tunisie\/wp-json\/wp\/v2\/posts\/13612259\/revisions"}],"predecessor-version":[{"id":13612260,"href":"https:\/\/kapitalis.com\/tunisie\/wp-json\/wp\/v2\/posts\/13612259\/revisions\/13612260"}],"wp:featuredmedia":[{"embeddable":true,"href":"https:\/\/kapitalis.com\/tunisie\/wp-json\/wp\/v2\/media\/6032026"}],"wp:attachment":[{"href":"https:\/\/kapitalis.com\/tunisie\/wp-json\/wp\/v2\/media?parent=13612259"}],"wp:term":[{"taxonomy":"category","embeddable":true,"href":"https:\/\/kapitalis.com\/tunisie\/wp-json\/wp\/v2\/categories?post=13612259"},{"taxonomy":"post_tag","embeddable":true,"href":"https:\/\/kapitalis.com\/tunisie\/wp-json\/wp\/v2\/tags?post=13612259"}],"curies":[{"name":"wp","href":"https:\/\/api.w.org\/{rel}","templated":true}]}}