{"id":13618745,"date":"2024-07-24T11:17:05","date_gmt":"2024-07-24T10:17:05","guid":{"rendered":"https:\/\/kapitalis.com\/tunisie\/?p=13618745"},"modified":"2024-07-24T11:19:52","modified_gmt":"2024-07-24T10:19:52","slug":"naissance-du-reseau-de-la-diaspora-tunisienne-en-afrique","status":"publish","type":"post","link":"https:\/\/kapitalis.com\/tunisie\/2024\/07\/24\/naissance-du-reseau-de-la-diaspora-tunisienne-en-afrique\/","title":{"rendered":"Naissance du R\u00e9seau de la diaspora tunisienne en Afrique"},"content":{"rendered":"\n<p><strong><em>Le R\u00e9seau de la diaspora tunisienne en Afrique (RTDA) a \u00e9t\u00e9 lanc\u00e9 par le Conseil d\u2019affaires Tunisie-Afrique (TABC) en marge du Tunisie Global Forum qui s\u2019est tenu \u00e0 Tunis, le 23 juillet 2024.<\/em><\/strong><\/p>\n\n\n\n<!--more-->\n\n\n\n<p>Le RTDA, rejoint ainsi l\u2019Alliance mondiale des talents tunisiens (Watt), cr\u00e9\u00e9e en juillet 2023, par l\u2019Association tunisienne des grandes \u00e9coles (Atuge) et les associations de talents tunisiens actives notamment en Tunisie, en France, au Royaume-Uni, en Allemagne, en Suisse, au \u00c9tats-Unis, au Canada et au Moyen-Orient.<\/p>\n\n\n\n<p>Le RTDA \u00e0 rassembler les Tunisiens r\u00e9sidant en Afrique et \u00e0 cr\u00e9er une plateforme dynamique pour promouvoir les \u00e9changes, la collaboration, la mise en r\u00e9seau et le d\u00e9veloppement d&rsquo;opportunit\u00e9s \u00e9conomiques et sociales. Il vise aussi \u00e0 renforcer les liens entre la Tunisie et les pays africains, tout en valorisant l\u2019expertise et les comp\u00e9tences de la diaspora tunisienne sur le continent.<\/p>\n\n\n\n<p>La RTDA se veut, par ailleurs, une force de propositions et d\u2019actions pour le d\u00e9veloppement de la Tunisie et du continent africain, ainsi que le renforcement de la coop\u00e9ration Sud-Sud. Il apportera un appui aux op\u00e9rateurs \u00e9conomiques tunisiens sur les march\u00e9s africains, en partenariat avec TABC et Watt.<\/p>\n\n\n\n<p><strong><em>D&rsquo;apr\u00e8s Tap.<\/em><\/strong><\/p>\n\n\n\n<figure class=\"wp-block-embed is-type-wp-embed is-provider-kapitalis wp-block-embed-kapitalis\"><div class=\"wp-block-embed__wrapper\">\n<blockquote class=\"wp-embedded-content\" data-secret=\"8jOeCFATg7\"><a href=\"https:\/\/kapitalis.com\/tunisie\/2024\/07\/22\/latuge-organise-le-tunisia-global-forum-pour-mobiliser-les-talents-tunisiens-a-letranger\/\">L\u2019Atuge organise le Tunisia Global Forum pour mobiliser les talents tunisiens \u00e0 l\u2019\u00e9tranger<\/a><\/blockquote><iframe loading=\"lazy\" class=\"wp-embedded-content\" sandbox=\"allow-scripts\" security=\"restricted\" style=\"position: absolute; visibility: hidden;\" title=\"\u00ab\u00a0L\u2019Atuge organise le Tunisia Global Forum pour mobiliser les talents tunisiens \u00e0 l\u2019\u00e9tranger\u00a0\u00bb &#8212; Kapitalis\" src=\"https:\/\/kapitalis.com\/tunisie\/2024\/07\/22\/latuge-organise-le-tunisia-global-forum-pour-mobiliser-les-talents-tunisiens-a-letranger\/embed\/#?secret=Q2RN2dviTc#?secret=8jOeCFATg7\" data-secret=\"8jOeCFATg7\" width=\"600\" height=\"338\" frameborder=\"0\" marginwidth=\"0\" marginheight=\"0\" scrolling=\"no\"><\/iframe>\n<\/div><\/figure>\n","protected":false},"excerpt":{"rendered":"<p>Le R\u00e9seau de la diaspora tunisienne en Afrique voit le jour. <\/p>\n","protected":false},"author":8,"featured_media":13618762,"comment_status":"closed","ping_status":"open","sticky":false,"template":"","format":"standard","meta":{"footnotes":""},"categories":[995,2433],"tags":[41,117069,2454,39140,875,117106],"class_list":["post-13618745","post","type-post","status-publish","format-standard","has-post-thumbnail","hentry","category-economie","category-tunisie","tag-afrique","tag-alliance-mondiale-des-talents-tunisiens","tag-atuge","tag-diaspora-tunisienne","tag-tabc","tag-watt"],"yoast_head":"<!-- This site is optimized with the Yoast SEO plugin v26.6 - https:\/\/yoast.com\/wordpress\/plugins\/seo\/ -->\n<title>Naissance du R\u00e9seau de la diaspora tunisienne en Afrique - Kapitalis<\/title>\n<meta name=\"robots\" content=\"index, follow, max-snippet:-1, max-image-preview:large, max-video-preview:-1\" \/>\n<link rel=\"canonical\" href=\"https:\/\/kapitalis.com\/tunisie\/2024\/07\/24\/naissance-du-reseau-de-la-diaspora-tunisienne-en-afrique\/\" \/>\n<meta property=\"og:locale\" content=\"fr_FR\" \/>\n<meta property=\"og:type\" content=\"article\" \/>\n<meta property=\"og:title\" content=\"Naissance du R\u00e9seau de la diaspora tunisienne en Afrique - Kapitalis\" \/>\n<meta property=\"og:description\" content=\"Le R\u00e9seau de la diaspora tunisienne en Afrique voit le jour.\" \/>\n<meta property=\"og:url\" content=\"https:\/\/kapitalis.com\/tunisie\/2024\/07\/24\/naissance-du-reseau-de-la-diaspora-tunisienne-en-afrique\/\" \/>\n<meta property=\"og:site_name\" content=\"Kapitalis\" \/>\n<meta property=\"article:publisher\" content=\"https:\/\/www.facebook.com\/KapitalisInfo\/\" \/>\n<meta property=\"article:published_time\" content=\"2024-07-24T10:17:05+00:00\" \/>\n<meta property=\"article:modified_time\" content=\"2024-07-24T10:19:52+00:00\" \/>\n<meta property=\"og:image\" content=\"https:\/\/kapitalis.com\/tunisie\/wp-content\/uploads\/2024\/07\/Resau-diaspora-tunisienne.jpg\" \/>\n\t<meta property=\"og:image:width\" content=\"1200\" \/>\n\t<meta property=\"og:image:height\" content=\"630\" \/>\n\t<meta property=\"og:image:type\" content=\"image\/jpeg\" \/>\n<meta name=\"author\" content=\"webmaster kapitalis\" \/>\n<meta name=\"twitter:card\" content=\"summary_large_image\" \/>\n<meta name=\"twitter:creator\" content=\"@KapitalisInfo\" \/>\n<meta name=\"twitter:site\" content=\"@KapitalisInfo\" \/>\n<meta name=\"twitter:label1\" content=\"\u00c9crit par\" \/>\n\t<meta name=\"twitter:data1\" content=\"webmaster kapitalis\" \/>\n\t<meta name=\"twitter:label2\" content=\"Dur\u00e9e de lecture estim\u00e9e\" \/>\n\t<meta name=\"twitter:data2\" content=\"1 minute\" \/>\n<script type=\"application\/ld+json\" class=\"yoast-schema-graph\">{\"@context\":\"https:\/\/schema.org\",\"@graph\":[{\"@type\":\"Article\",\"@id\":\"https:\/\/kapitalis.com\/tunisie\/2024\/07\/24\/naissance-du-reseau-de-la-diaspora-tunisienne-en-afrique\/#article\",\"isPartOf\":{\"@id\":\"https:\/\/kapitalis.com\/tunisie\/2024\/07\/24\/naissance-du-reseau-de-la-diaspora-tunisienne-en-afrique\/\"},\"author\":{\"name\":\"webmaster kapitalis\",\"@id\":\"https:\/\/kapitalis.com\/tunisie\/#\/schema\/person\/d71f33a9ca44f7bad4698210b480c8e9\"},\"headline\":\"Naissance du R\u00e9seau de la diaspora tunisienne en Afrique\",\"datePublished\":\"2024-07-24T10:17:05+00:00\",\"dateModified\":\"2024-07-24T10:19:52+00:00\",\"mainEntityOfPage\":{\"@id\":\"https:\/\/kapitalis.com\/tunisie\/2024\/07\/24\/naissance-du-reseau-de-la-diaspora-tunisienne-en-afrique\/\"},\"wordCount\":216,\"publisher\":{\"@id\":\"https:\/\/kapitalis.com\/tunisie\/#organization\"},\"image\":{\"@id\":\"https:\/\/kapitalis.com\/tunisie\/2024\/07\/24\/naissance-du-reseau-de-la-diaspora-tunisienne-en-afrique\/#primaryimage\"},\"thumbnailUrl\":\"https:\/\/kapitalis.com\/tunisie\/wp-content\/uploads\/2024\/07\/Resau-diaspora-tunisienne.jpg\",\"keywords\":[\"Afrique\",\"Alliance mondiale des talents tunisiens\",\"Atuge\",\"diaspora tunisienne\",\"TABC\",\"Watt\"],\"articleSection\":[\"ECONOMIE\",\"Tunisie\"],\"inLanguage\":\"fr-FR\"},{\"@type\":\"WebPage\",\"@id\":\"https:\/\/kapitalis.com\/tunisie\/2024\/07\/24\/naissance-du-reseau-de-la-diaspora-tunisienne-en-afrique\/\",\"url\":\"https:\/\/kapitalis.com\/tunisie\/2024\/07\/24\/naissance-du-reseau-de-la-diaspora-tunisienne-en-afrique\/\",\"name\":\"Naissance du R\u00e9seau de la diaspora tunisienne en Afrique - Kapitalis\",\"isPartOf\":{\"@id\":\"https:\/\/kapitalis.com\/tunisie\/#website\"},\"primaryImageOfPage\":{\"@id\":\"https:\/\/kapitalis.com\/tunisie\/2024\/07\/24\/naissance-du-reseau-de-la-diaspora-tunisienne-en-afrique\/#primaryimage\"},\"image\":{\"@id\":\"https:\/\/kapitalis.com\/tunisie\/2024\/07\/24\/naissance-du-reseau-de-la-diaspora-tunisienne-en-afrique\/#primaryimage\"},\"thumbnailUrl\":\"https:\/\/kapitalis.com\/tunisie\/wp-content\/uploads\/2024\/07\/Resau-diaspora-tunisienne.jpg\",\"datePublished\":\"2024-07-24T10:17:05+00:00\",\"dateModified\":\"2024-07-24T10:19:52+00:00\",\"breadcrumb\":{\"@id\":\"https:\/\/kapitalis.com\/tunisie\/2024\/07\/24\/naissance-du-reseau-de-la-diaspora-tunisienne-en-afrique\/#breadcrumb\"},\"inLanguage\":\"fr-FR\",\"potentialAction\":[{\"@type\":\"ReadAction\",\"target\":[\"https:\/\/kapitalis.com\/tunisie\/2024\/07\/24\/naissance-du-reseau-de-la-diaspora-tunisienne-en-afrique\/\"]}]},{\"@type\":\"ImageObject\",\"inLanguage\":\"fr-FR\",\"@id\":\"https:\/\/kapitalis.com\/tunisie\/2024\/07\/24\/naissance-du-reseau-de-la-diaspora-tunisienne-en-afrique\/#primaryimage\",\"url\":\"https:\/\/kapitalis.com\/tunisie\/wp-content\/uploads\/2024\/07\/Resau-diaspora-tunisienne.jpg\",\"contentUrl\":\"https:\/\/kapitalis.com\/tunisie\/wp-content\/uploads\/2024\/07\/Resau-diaspora-tunisienne.jpg\",\"width\":1200,\"height\":630},{\"@type\":\"BreadcrumbList\",\"@id\":\"https:\/\/kapitalis.com\/tunisie\/2024\/07\/24\/naissance-du-reseau-de-la-diaspora-tunisienne-en-afrique\/#breadcrumb\",\"itemListElement\":[{\"@type\":\"ListItem\",\"position\":1,\"name\":\"Accueil\",\"item\":\"https:\/\/kapitalis.com\/tunisie\/\"},{\"@type\":\"ListItem\",\"position\":2,\"name\":\"Naissance du R\u00e9seau de la diaspora tunisienne en Afrique\"}]},{\"@type\":\"WebSite\",\"@id\":\"https:\/\/kapitalis.com\/tunisie\/#website\",\"url\":\"https:\/\/kapitalis.com\/tunisie\/\",\"name\":\"Kapitalis\",\"description\":\"L&#039;actualit\u00e9 en Tunisie et dans le monde\",\"publisher\":{\"@id\":\"https:\/\/kapitalis.com\/tunisie\/#organization\"},\"potentialAction\":[{\"@type\":\"SearchAction\",\"target\":{\"@type\":\"EntryPoint\",\"urlTemplate\":\"https:\/\/kapitalis.com\/tunisie\/?s={search_term_string}\"},\"query-input\":{\"@type\":\"PropertyValueSpecification\",\"valueRequired\":true,\"valueName\":\"search_term_string\"}}],\"inLanguage\":\"fr-FR\"},{\"@type\":\"Organization\",\"@id\":\"https:\/\/kapitalis.com\/tunisie\/#organization\",\"name\":\"Kapitalis\",\"url\":\"https:\/\/kapitalis.com\/tunisie\/\",\"logo\":{\"@type\":\"ImageObject\",\"inLanguage\":\"fr-FR\",\"@id\":\"https:\/\/kapitalis.com\/tunisie\/#\/schema\/logo\/image\/\",\"url\":\"https:\/\/kapitalis.com\/tunisie\/wp-content\/uploads\/2022\/05\/Kapitalis-big-size.png\",\"contentUrl\":\"https:\/\/kapitalis.com\/tunisie\/wp-content\/uploads\/2022\/05\/Kapitalis-big-size.png\",\"width\":5000,\"height\":1500,\"caption\":\"Kapitalis\"},\"image\":{\"@id\":\"https:\/\/kapitalis.com\/tunisie\/#\/schema\/logo\/image\/\"},\"sameAs\":[\"https:\/\/www.facebook.com\/KapitalisInfo\/\",\"https:\/\/x.com\/KapitalisInfo\",\"https:\/\/www.youtube.com\/channel\/UC-yDYrHyfFBWWZaOw3FPg9Q\"]},{\"@type\":\"Person\",\"@id\":\"https:\/\/kapitalis.com\/tunisie\/#\/schema\/person\/d71f33a9ca44f7bad4698210b480c8e9\",\"name\":\"webmaster kapitalis\",\"url\":\"https:\/\/kapitalis.com\/tunisie\/author\/webmaster-kapitalis\/\"}]}<\/script>\n<!-- \/ Yoast SEO plugin. -->","yoast_head_json":{"title":"Naissance du R\u00e9seau de la diaspora tunisienne en Afrique - Kapitalis","robots":{"index":"index","follow":"follow","max-snippet":"max-snippet:-1","max-image-preview":"max-image-preview:large","max-video-preview":"max-video-preview:-1"},"canonical":"https:\/\/kapitalis.com\/tunisie\/2024\/07\/24\/naissance-du-reseau-de-la-diaspora-tunisienne-en-afrique\/","og_locale":"fr_FR","og_type":"article","og_title":"Naissance du R\u00e9seau de la diaspora tunisienne en Afrique - Kapitalis","og_description":"Le R\u00e9seau de la diaspora tunisienne en Afrique voit le jour.","og_url":"https:\/\/kapitalis.com\/tunisie\/2024\/07\/24\/naissance-du-reseau-de-la-diaspora-tunisienne-en-afrique\/","og_site_name":"Kapitalis","article_publisher":"https:\/\/www.facebook.com\/KapitalisInfo\/","article_published_time":"2024-07-24T10:17:05+00:00","article_modified_time":"2024-07-24T10:19:52+00:00","og_image":[{"width":1200,"height":630,"url":"https:\/\/kapitalis.com\/tunisie\/wp-content\/uploads\/2024\/07\/Resau-diaspora-tunisienne.jpg","type":"image\/jpeg"}],"author":"webmaster kapitalis","twitter_card":"summary_large_image","twitter_creator":"@KapitalisInfo","twitter_site":"@KapitalisInfo","twitter_misc":{"\u00c9crit par":"webmaster kapitalis","Dur\u00e9e de lecture estim\u00e9e":"1 minute"},"schema":{"@context":"https:\/\/schema.org","@graph":[{"@type":"Article","@id":"https:\/\/kapitalis.com\/tunisie\/2024\/07\/24\/naissance-du-reseau-de-la-diaspora-tunisienne-en-afrique\/#article","isPartOf":{"@id":"https:\/\/kapitalis.com\/tunisie\/2024\/07\/24\/naissance-du-reseau-de-la-diaspora-tunisienne-en-afrique\/"},"author":{"name":"webmaster kapitalis","@id":"https:\/\/kapitalis.com\/tunisie\/#\/schema\/person\/d71f33a9ca44f7bad4698210b480c8e9"},"headline":"Naissance du R\u00e9seau de la diaspora tunisienne en Afrique","datePublished":"2024-07-24T10:17:05+00:00","dateModified":"2024-07-24T10:19:52+00:00","mainEntityOfPage":{"@id":"https:\/\/kapitalis.com\/tunisie\/2024\/07\/24\/naissance-du-reseau-de-la-diaspora-tunisienne-en-afrique\/"},"wordCount":216,"publisher":{"@id":"https:\/\/kapitalis.com\/tunisie\/#organization"},"image":{"@id":"https:\/\/kapitalis.com\/tunisie\/2024\/07\/24\/naissance-du-reseau-de-la-diaspora-tunisienne-en-afrique\/#primaryimage"},"thumbnailUrl":"https:\/\/kapitalis.com\/tunisie\/wp-content\/uploads\/2024\/07\/Resau-diaspora-tunisienne.jpg","keywords":["Afrique","Alliance mondiale des talents tunisiens","Atuge","diaspora tunisienne","TABC","Watt"],"articleSection":["ECONOMIE","Tunisie"],"inLanguage":"fr-FR"},{"@type":"WebPage","@id":"https:\/\/kapitalis.com\/tunisie\/2024\/07\/24\/naissance-du-reseau-de-la-diaspora-tunisienne-en-afrique\/","url":"https:\/\/kapitalis.com\/tunisie\/2024\/07\/24\/naissance-du-reseau-de-la-diaspora-tunisienne-en-afrique\/","name":"Naissance du R\u00e9seau de la diaspora tunisienne en Afrique - Kapitalis","isPartOf":{"@id":"https:\/\/kapitalis.com\/tunisie\/#website"},"primaryImageOfPage":{"@id":"https:\/\/kapitalis.com\/tunisie\/2024\/07\/24\/naissance-du-reseau-de-la-diaspora-tunisienne-en-afrique\/#primaryimage"},"image":{"@id":"https:\/\/kapitalis.com\/tunisie\/2024\/07\/24\/naissance-du-reseau-de-la-diaspora-tunisienne-en-afrique\/#primaryimage"},"thumbnailUrl":"https:\/\/kapitalis.com\/tunisie\/wp-content\/uploads\/2024\/07\/Resau-diaspora-tunisienne.jpg","datePublished":"2024-07-24T10:17:05+00:00","dateModified":"2024-07-24T10:19:52+00:00","breadcrumb":{"@id":"https:\/\/kapitalis.com\/tunisie\/2024\/07\/24\/naissance-du-reseau-de-la-diaspora-tunisienne-en-afrique\/#breadcrumb"},"inLanguage":"fr-FR","potentialAction":[{"@type":"ReadAction","target":["https:\/\/kapitalis.com\/tunisie\/2024\/07\/24\/naissance-du-reseau-de-la-diaspora-tunisienne-en-afrique\/"]}]},{"@type":"ImageObject","inLanguage":"fr-FR","@id":"https:\/\/kapitalis.com\/tunisie\/2024\/07\/24\/naissance-du-reseau-de-la-diaspora-tunisienne-en-afrique\/#primaryimage","url":"https:\/\/kapitalis.com\/tunisie\/wp-content\/uploads\/2024\/07\/Resau-diaspora-tunisienne.jpg","contentUrl":"https:\/\/kapitalis.com\/tunisie\/wp-content\/uploads\/2024\/07\/Resau-diaspora-tunisienne.jpg","width":1200,"height":630},{"@type":"BreadcrumbList","@id":"https:\/\/kapitalis.com\/tunisie\/2024\/07\/24\/naissance-du-reseau-de-la-diaspora-tunisienne-en-afrique\/#breadcrumb","itemListElement":[{"@type":"ListItem","position":1,"name":"Accueil","item":"https:\/\/kapitalis.com\/tunisie\/"},{"@type":"ListItem","position":2,"name":"Naissance du R\u00e9seau de la diaspora tunisienne en Afrique"}]},{"@type":"WebSite","@id":"https:\/\/kapitalis.com\/tunisie\/#website","url":"https:\/\/kapitalis.com\/tunisie\/","name":"Kapitalis","description":"L&#039;actualit\u00e9 en Tunisie et dans le monde","publisher":{"@id":"https:\/\/kapitalis.com\/tunisie\/#organization"},"potentialAction":[{"@type":"SearchAction","target":{"@type":"EntryPoint","urlTemplate":"https:\/\/kapitalis.com\/tunisie\/?s={search_term_string}"},"query-input":{"@type":"PropertyValueSpecification","valueRequired":true,"valueName":"search_term_string"}}],"inLanguage":"fr-FR"},{"@type":"Organization","@id":"https:\/\/kapitalis.com\/tunisie\/#organization","name":"Kapitalis","url":"https:\/\/kapitalis.com\/tunisie\/","logo":{"@type":"ImageObject","inLanguage":"fr-FR","@id":"https:\/\/kapitalis.com\/tunisie\/#\/schema\/logo\/image\/","url":"https:\/\/kapitalis.com\/tunisie\/wp-content\/uploads\/2022\/05\/Kapitalis-big-size.png","contentUrl":"https:\/\/kapitalis.com\/tunisie\/wp-content\/uploads\/2022\/05\/Kapitalis-big-size.png","width":5000,"height":1500,"caption":"Kapitalis"},"image":{"@id":"https:\/\/kapitalis.com\/tunisie\/#\/schema\/logo\/image\/"},"sameAs":["https:\/\/www.facebook.com\/KapitalisInfo\/","https:\/\/x.com\/KapitalisInfo","https:\/\/www.youtube.com\/channel\/UC-yDYrHyfFBWWZaOw3FPg9Q"]},{"@type":"Person","@id":"https:\/\/kapitalis.com\/tunisie\/#\/schema\/person\/d71f33a9ca44f7bad4698210b480c8e9","name":"webmaster kapitalis","url":"https:\/\/kapitalis.com\/tunisie\/author\/webmaster-kapitalis\/"}]}},"_links":{"self":[{"href":"https:\/\/kapitalis.com\/tunisie\/wp-json\/wp\/v2\/posts\/13618745","targetHints":{"allow":["GET"]}}],"collection":[{"href":"https:\/\/kapitalis.com\/tunisie\/wp-json\/wp\/v2\/posts"}],"about":[{"href":"https:\/\/kapitalis.com\/tunisie\/wp-json\/wp\/v2\/types\/post"}],"author":[{"embeddable":true,"href":"https:\/\/kapitalis.com\/tunisie\/wp-json\/wp\/v2\/users\/8"}],"replies":[{"embeddable":true,"href":"https:\/\/kapitalis.com\/tunisie\/wp-json\/wp\/v2\/comments?post=13618745"}],"version-history":[{"count":2,"href":"https:\/\/kapitalis.com\/tunisie\/wp-json\/wp\/v2\/posts\/13618745\/revisions"}],"predecessor-version":[{"id":13618789,"href":"https:\/\/kapitalis.com\/tunisie\/wp-json\/wp\/v2\/posts\/13618745\/revisions\/13618789"}],"wp:featuredmedia":[{"embeddable":true,"href":"https:\/\/kapitalis.com\/tunisie\/wp-json\/wp\/v2\/media\/13618762"}],"wp:attachment":[{"href":"https:\/\/kapitalis.com\/tunisie\/wp-json\/wp\/v2\/media?parent=13618745"}],"wp:term":[{"taxonomy":"category","embeddable":true,"href":"https:\/\/kapitalis.com\/tunisie\/wp-json\/wp\/v2\/categories?post=13618745"},{"taxonomy":"post_tag","embeddable":true,"href":"https:\/\/kapitalis.com\/tunisie\/wp-json\/wp\/v2\/tags?post=13618745"}],"curies":[{"name":"wp","href":"https:\/\/api.w.org\/{rel}","templated":true}]}}