{"id":13621212,"date":"2024-07-24T19:37:33","date_gmt":"2024-07-24T18:37:33","guid":{"rendered":"https:\/\/kapitalis.com\/tunisie\/?p=13621212"},"modified":"2024-07-24T20:02:53","modified_gmt":"2024-07-24T19:02:53","slug":"les-ecrans-de-hammamet-du-5-au-11-aout-2024","status":"publish","type":"post","link":"https:\/\/kapitalis.com\/tunisie\/2024\/07\/24\/les-ecrans-de-hammamet-du-5-au-11-aout-2024\/","title":{"rendered":"Les \u00c9crans de Hammamet du 5 au 11 ao\u00fbt 2024"},"content":{"rendered":"\n<p><em><strong>Sous le patronage du minist\u00e8re des Affaires Culturelles, le Centre national du cin\u00e9ma et de l&rsquo;image et le Centre culturel international de Hammamet organisent la manifestation \u00ab\u00a0Les \u00c9crans de Hammamet\u00a0\u00bb du 5 au 11 ao\u00fbt 2024 au CCIH.<\/strong><\/em><\/p>\n\n\n\n<!--more-->\n\n\n\n<p>\u00ab\u00a0Les \u00c9crans de Hammamet\u00a0\u00bb s&rsquo;int\u00e9resse au cin\u00e9ma et \u00e0 l&rsquo;art vid\u00e9o, mettant en lumi\u00e8re la production cin\u00e9matographique \u00e0 petit budget et les nouvelles tendances du secteur.<\/p>\n\n\n\n<p>Au programme :<\/p>\n\n\n\n<p><strong>\u00ab\u00a0Mobile Movie\u00a0\u00bb<br><\/strong>L&rsquo;\u00e9v\u00e9nement repose sur le concours \u00ab\u00a0Mobile Movie\u00a0\u00bb, une premi\u00e8re dans le domaine de l&rsquo;\u00e9criture cin\u00e9matographique, supervis\u00e9 par le directeur artistique M. Ibrahim Letaief. Le concours vise \u00e0 produire 8 courts m\u00e9trages d&rsquo;une dur\u00e9e de 2 \u00e0 5 minutes, ax\u00e9s sur les soixante ans du Th\u00e9\u00e2tre de Hammamet, en filmant les coulisses de la 58\u00e8me \u00e9dition du Festival International de Hammamet avec des t\u00e9l\u00e9phones portables.<\/p>\n\n\n\n<p>Cela constitue ainsi le premier festival de films r\u00e9alis\u00e9s avec des smartphones en Tunisie. L\u2019appel \u00e0 candidatures a \u00e9t\u00e9 ouvert aux amateurs de cin\u00e9ma et aux dipl\u00f4m\u00e9s des \u00e9coles de cin\u00e9ma et de l\u2019audiovisuel, les participants \u00e9tant s\u00e9lectionn\u00e9s par un comit\u00e9 sp\u00e9cialis\u00e9.<\/p>\n\n\n\n<p>Les participants b\u00e9n\u00e9ficient d\u2019un encadrement professionnel dans le domaine cin\u00e9matographique \u00e0 travers des ateliers allant de l\u2019\u00e9criture \u00e0 la post-production.<\/p>\n\n\n\n<p><strong>\u00ab\u00a0FRAME\u00a0\u00bb<br><\/strong>Un appel \u00e0 candidatures a \u00e9t\u00e9 lanc\u00e9 pour s\u00e9lectionner 6 \u0153uvres d&rsquo;art vid\u00e9o, produites par de jeunes artistes et r\u00e9alisateurs, qui feront l\u2019objet d\u2019une exposition. Un comit\u00e9 sp\u00e9cialis\u00e9 a s\u00e9lectionn\u00e9 les \u0153uvres artistiques. L&rsquo;exposition sera inaugur\u00e9e le 6 ao\u00fbt 2024 au Centre Culturel International de Hammamet &#8211; Dar Sebastian, \u00e0 partir de 19h30.<\/p>\n\n\n\n<p><strong>\u00ab\u00a0PANELS\u00a0\u00bb<br><\/strong>Pour encourager les producteurs et r\u00e9alisateurs \u00e0 cr\u00e9er des films auto-produits avec un budget r\u00e9duit, un panel intitul\u00e9 \u00ab\u00a0La production cin\u00e9matographique \u00e0 petit budget\u00a0\u00bb : une contrainte ou une libert\u00e9 ? se tiendra le 6 ao\u00fbt 2024 \u00e0 11h00 dans le cadre de \u00ab\u00a0Les \u00c9crans de Hammamet\u00a0\u00bb. Et ce, en pr\u00e9sence des r\u00e9alisateurs, Habib Mestiri, Abdelhamid Bouchnak et Abdallah Yahia.<\/p>\n\n\n\n<p>Pour promouvoir l&rsquo;importance de l&rsquo;image, le langage visuel et les nouvelles tendances artistiques dans le domaine de la vid\u00e9o, une conf\u00e9rence intitul\u00e9e \u00ab\u00a0L&rsquo;art vid\u00e9o, entre cr\u00e9ation et canaux de diffusion\u00a0\u00bb se tiendra le 7 ao\u00fbt 2024 \u00e0 11h00. Avec la participation de la galeriste Selma Feriani, le directeur de la photographie Amine Messadi et l\u2019artiste visuel Malek Gnaoui.<\/p>\n\n\n\n<p><strong>\u00ab\u00a0PROJECTIONS CIN\u00c9MATOGRAPHIQUES\u00a0\u00bb<br><\/strong>Pendant 7 jours, le public de Hammamet aura rendez-vous avec 7 longs m\u00e9trages et 7 courts m\u00e9trages tunisiens, en pr\u00e9sence des r\u00e9alisateurs et des acteurs pour animer les discussions avec le public. Les projections commenceront \u00e0 21h00.<\/p>\n\n\n\n<p>Les films r\u00e9alis\u00e9s dans le cadre des ateliers \u00ab\u00a0Mobile Movie\u00a0\u00bb seront \u00e9galement pr\u00e9sent\u00e9s en avant-programme. Un jury d\u00e9cernera des prix pour les meilleurs courts m\u00e9trages. Un prix sera d\u00e9cern\u00e9 par le public d\u00e9terminera les projets gagnants. Les laur\u00e9ats seront annonc\u00e9s lors de la soir\u00e9e de cl\u00f4ture de l&rsquo;\u00e9v\u00e9nement le 11 ao\u00fbt 2024.<\/p>\n\n\n\n<p><strong>\u201cPark digital\u201d<br><\/strong>Par ailleurs, l&rsquo;\u00e9quipe du Digital Lab et du Gaming Lab du Centre National du Cin\u00e9ma et de l\u2019Image, avec la participation de Cin\u00e9 Trip Tunisia, organiseront des animations th\u00e9matiques avant les projections.<\/p>\n\n\n\n<p><strong>Les jardins du cin\u00e9ma<br><\/strong>3 rencontres en soir\u00e9e avec des cin\u00e9astes sur l&rsquo;esth\u00e9tique de l&rsquo;exp\u00e9rience tunisienne, son \u00e9volution et ses perspectives, accueilleront les r\u00e9alisateurs qui ont marqu\u00e9 l&rsquo;industrie cin\u00e9matographique tunisienne \u00e0 travers les g\u00e9n\u00e9rations. Ces rencontres seront anim\u00e9es par Tahar Ajroudi.<\/p>\n\n\n\n<p class=\"has-text-align-right\"><strong>Communiqu\u00e9<\/strong><\/p>\n","protected":false},"excerpt":{"rendered":"<p>Sous le patronage du minist\u00e8re des Affaires Culturelles, le Centre national du cin\u00e9ma et de l&rsquo;image et le Centre culturel international de Hammamet organisent la manifestation \u00ab\u00a0Les \u00c9crans de Hammamet\u00a0\u00bb du 5 au 11 ao\u00fbt 2024 au CCIH.<\/p>\n","protected":false},"author":6,"featured_media":13621228,"comment_status":"closed","ping_status":"open","sticky":false,"template":"","format":"standard","meta":{"footnotes":""},"categories":[994,2433],"tags":[87,207,439,117115,117114,62643],"class_list":["post-13621212","post","type-post","status-publish","format-standard","has-post-thumbnail","hentry","category-culture","category-tunisie","tag-art","tag-cinema","tag-hammamet","tag-les-ecrans-de-hammamet","tag-longs-metrages","tag-tunisie"],"yoast_head":"<!-- This site is optimized with the Yoast SEO plugin v26.6 - https:\/\/yoast.com\/wordpress\/plugins\/seo\/ -->\n<title>Les \u00c9crans de Hammamet du 5 au 11 ao\u00fbt 2024 - Kapitalis<\/title>\n<meta name=\"robots\" content=\"index, follow, max-snippet:-1, max-image-preview:large, max-video-preview:-1\" \/>\n<link rel=\"canonical\" href=\"https:\/\/kapitalis.com\/tunisie\/2024\/07\/24\/les-ecrans-de-hammamet-du-5-au-11-aout-2024\/\" \/>\n<meta property=\"og:locale\" content=\"fr_FR\" \/>\n<meta property=\"og:type\" content=\"article\" \/>\n<meta property=\"og:title\" content=\"Les \u00c9crans de Hammamet du 5 au 11 ao\u00fbt 2024 - Kapitalis\" \/>\n<meta property=\"og:description\" content=\"Sous le patronage du minist\u00e8re des Affaires Culturelles, le Centre national du cin\u00e9ma et de l&rsquo;image et le Centre culturel international de Hammamet organisent la manifestation \u00ab\u00a0Les \u00c9crans de Hammamet\u00a0\u00bb du 5 au 11 ao\u00fbt 2024 au CCIH.\" \/>\n<meta property=\"og:url\" content=\"https:\/\/kapitalis.com\/tunisie\/2024\/07\/24\/les-ecrans-de-hammamet-du-5-au-11-aout-2024\/\" \/>\n<meta property=\"og:site_name\" content=\"Kapitalis\" \/>\n<meta property=\"article:publisher\" content=\"https:\/\/www.facebook.com\/KapitalisInfo\/\" \/>\n<meta property=\"article:published_time\" content=\"2024-07-24T18:37:33+00:00\" \/>\n<meta property=\"article:modified_time\" content=\"2024-07-24T19:02:53+00:00\" \/>\n<meta property=\"og:image\" content=\"https:\/\/kapitalis.com\/tunisie\/wp-content\/uploads\/2024\/07\/Ecrans-de-Hammamet.jpg\" \/>\n\t<meta property=\"og:image:width\" content=\"1200\" \/>\n\t<meta property=\"og:image:height\" content=\"630\" \/>\n\t<meta property=\"og:image:type\" content=\"image\/jpeg\" \/>\n<meta name=\"author\" content=\"Yusra NY\" \/>\n<meta name=\"twitter:card\" content=\"summary_large_image\" \/>\n<meta name=\"twitter:creator\" content=\"@KapitalisInfo\" \/>\n<meta name=\"twitter:site\" content=\"@KapitalisInfo\" \/>\n<meta name=\"twitter:label1\" content=\"\u00c9crit par\" \/>\n\t<meta name=\"twitter:data1\" content=\"Yusra NY\" \/>\n\t<meta name=\"twitter:label2\" content=\"Dur\u00e9e de lecture estim\u00e9e\" \/>\n\t<meta name=\"twitter:data2\" content=\"3 minutes\" \/>\n<script type=\"application\/ld+json\" class=\"yoast-schema-graph\">{\"@context\":\"https:\/\/schema.org\",\"@graph\":[{\"@type\":\"Article\",\"@id\":\"https:\/\/kapitalis.com\/tunisie\/2024\/07\/24\/les-ecrans-de-hammamet-du-5-au-11-aout-2024\/#article\",\"isPartOf\":{\"@id\":\"https:\/\/kapitalis.com\/tunisie\/2024\/07\/24\/les-ecrans-de-hammamet-du-5-au-11-aout-2024\/\"},\"author\":{\"name\":\"Yusra NY\",\"@id\":\"https:\/\/kapitalis.com\/tunisie\/#\/schema\/person\/74bbde0154d49d790a92aaeac5bc01d5\"},\"headline\":\"Les \u00c9crans de Hammamet du 5 au 11 ao\u00fbt 2024\",\"datePublished\":\"2024-07-24T18:37:33+00:00\",\"dateModified\":\"2024-07-24T19:02:53+00:00\",\"mainEntityOfPage\":{\"@id\":\"https:\/\/kapitalis.com\/tunisie\/2024\/07\/24\/les-ecrans-de-hammamet-du-5-au-11-aout-2024\/\"},\"wordCount\":598,\"publisher\":{\"@id\":\"https:\/\/kapitalis.com\/tunisie\/#organization\"},\"image\":{\"@id\":\"https:\/\/kapitalis.com\/tunisie\/2024\/07\/24\/les-ecrans-de-hammamet-du-5-au-11-aout-2024\/#primaryimage\"},\"thumbnailUrl\":\"https:\/\/kapitalis.com\/tunisie\/wp-content\/uploads\/2024\/07\/Ecrans-de-Hammamet.jpg\",\"keywords\":[\"art\",\"cin\u00e9ma\",\"Hammamet\",\"Les \u00c9crans de Hammamet\",\"longs m\u00e9trages\",\"Tunisie\"],\"articleSection\":[\"CULTURE\",\"Tunisie\"],\"inLanguage\":\"fr-FR\"},{\"@type\":\"WebPage\",\"@id\":\"https:\/\/kapitalis.com\/tunisie\/2024\/07\/24\/les-ecrans-de-hammamet-du-5-au-11-aout-2024\/\",\"url\":\"https:\/\/kapitalis.com\/tunisie\/2024\/07\/24\/les-ecrans-de-hammamet-du-5-au-11-aout-2024\/\",\"name\":\"Les \u00c9crans de Hammamet du 5 au 11 ao\u00fbt 2024 - Kapitalis\",\"isPartOf\":{\"@id\":\"https:\/\/kapitalis.com\/tunisie\/#website\"},\"primaryImageOfPage\":{\"@id\":\"https:\/\/kapitalis.com\/tunisie\/2024\/07\/24\/les-ecrans-de-hammamet-du-5-au-11-aout-2024\/#primaryimage\"},\"image\":{\"@id\":\"https:\/\/kapitalis.com\/tunisie\/2024\/07\/24\/les-ecrans-de-hammamet-du-5-au-11-aout-2024\/#primaryimage\"},\"thumbnailUrl\":\"https:\/\/kapitalis.com\/tunisie\/wp-content\/uploads\/2024\/07\/Ecrans-de-Hammamet.jpg\",\"datePublished\":\"2024-07-24T18:37:33+00:00\",\"dateModified\":\"2024-07-24T19:02:53+00:00\",\"breadcrumb\":{\"@id\":\"https:\/\/kapitalis.com\/tunisie\/2024\/07\/24\/les-ecrans-de-hammamet-du-5-au-11-aout-2024\/#breadcrumb\"},\"inLanguage\":\"fr-FR\",\"potentialAction\":[{\"@type\":\"ReadAction\",\"target\":[\"https:\/\/kapitalis.com\/tunisie\/2024\/07\/24\/les-ecrans-de-hammamet-du-5-au-11-aout-2024\/\"]}]},{\"@type\":\"ImageObject\",\"inLanguage\":\"fr-FR\",\"@id\":\"https:\/\/kapitalis.com\/tunisie\/2024\/07\/24\/les-ecrans-de-hammamet-du-5-au-11-aout-2024\/#primaryimage\",\"url\":\"https:\/\/kapitalis.com\/tunisie\/wp-content\/uploads\/2024\/07\/Ecrans-de-Hammamet.jpg\",\"contentUrl\":\"https:\/\/kapitalis.com\/tunisie\/wp-content\/uploads\/2024\/07\/Ecrans-de-Hammamet.jpg\",\"width\":1200,\"height\":630},{\"@type\":\"BreadcrumbList\",\"@id\":\"https:\/\/kapitalis.com\/tunisie\/2024\/07\/24\/les-ecrans-de-hammamet-du-5-au-11-aout-2024\/#breadcrumb\",\"itemListElement\":[{\"@type\":\"ListItem\",\"position\":1,\"name\":\"Accueil\",\"item\":\"https:\/\/kapitalis.com\/tunisie\/\"},{\"@type\":\"ListItem\",\"position\":2,\"name\":\"Les \u00c9crans de Hammamet du 5 au 11 ao\u00fbt 2024\"}]},{\"@type\":\"WebSite\",\"@id\":\"https:\/\/kapitalis.com\/tunisie\/#website\",\"url\":\"https:\/\/kapitalis.com\/tunisie\/\",\"name\":\"Kapitalis\",\"description\":\"L&#039;actualit\u00e9 en Tunisie et dans le monde\",\"publisher\":{\"@id\":\"https:\/\/kapitalis.com\/tunisie\/#organization\"},\"potentialAction\":[{\"@type\":\"SearchAction\",\"target\":{\"@type\":\"EntryPoint\",\"urlTemplate\":\"https:\/\/kapitalis.com\/tunisie\/?s={search_term_string}\"},\"query-input\":{\"@type\":\"PropertyValueSpecification\",\"valueRequired\":true,\"valueName\":\"search_term_string\"}}],\"inLanguage\":\"fr-FR\"},{\"@type\":\"Organization\",\"@id\":\"https:\/\/kapitalis.com\/tunisie\/#organization\",\"name\":\"Kapitalis\",\"url\":\"https:\/\/kapitalis.com\/tunisie\/\",\"logo\":{\"@type\":\"ImageObject\",\"inLanguage\":\"fr-FR\",\"@id\":\"https:\/\/kapitalis.com\/tunisie\/#\/schema\/logo\/image\/\",\"url\":\"https:\/\/kapitalis.com\/tunisie\/wp-content\/uploads\/2022\/05\/Kapitalis-big-size.png\",\"contentUrl\":\"https:\/\/kapitalis.com\/tunisie\/wp-content\/uploads\/2022\/05\/Kapitalis-big-size.png\",\"width\":5000,\"height\":1500,\"caption\":\"Kapitalis\"},\"image\":{\"@id\":\"https:\/\/kapitalis.com\/tunisie\/#\/schema\/logo\/image\/\"},\"sameAs\":[\"https:\/\/www.facebook.com\/KapitalisInfo\/\",\"https:\/\/x.com\/KapitalisInfo\",\"https:\/\/www.youtube.com\/channel\/UC-yDYrHyfFBWWZaOw3FPg9Q\"]},{\"@type\":\"Person\",\"@id\":\"https:\/\/kapitalis.com\/tunisie\/#\/schema\/person\/74bbde0154d49d790a92aaeac5bc01d5\",\"name\":\"Yusra NY\",\"url\":\"https:\/\/kapitalis.com\/tunisie\/author\/yuza_adam\/\"}]}<\/script>\n<!-- \/ Yoast SEO plugin. -->","yoast_head_json":{"title":"Les \u00c9crans de Hammamet du 5 au 11 ao\u00fbt 2024 - Kapitalis","robots":{"index":"index","follow":"follow","max-snippet":"max-snippet:-1","max-image-preview":"max-image-preview:large","max-video-preview":"max-video-preview:-1"},"canonical":"https:\/\/kapitalis.com\/tunisie\/2024\/07\/24\/les-ecrans-de-hammamet-du-5-au-11-aout-2024\/","og_locale":"fr_FR","og_type":"article","og_title":"Les \u00c9crans de Hammamet du 5 au 11 ao\u00fbt 2024 - Kapitalis","og_description":"Sous le patronage du minist\u00e8re des Affaires Culturelles, le Centre national du cin\u00e9ma et de l&rsquo;image et le Centre culturel international de Hammamet organisent la manifestation \u00ab\u00a0Les \u00c9crans de Hammamet\u00a0\u00bb du 5 au 11 ao\u00fbt 2024 au CCIH.","og_url":"https:\/\/kapitalis.com\/tunisie\/2024\/07\/24\/les-ecrans-de-hammamet-du-5-au-11-aout-2024\/","og_site_name":"Kapitalis","article_publisher":"https:\/\/www.facebook.com\/KapitalisInfo\/","article_published_time":"2024-07-24T18:37:33+00:00","article_modified_time":"2024-07-24T19:02:53+00:00","og_image":[{"width":1200,"height":630,"url":"https:\/\/kapitalis.com\/tunisie\/wp-content\/uploads\/2024\/07\/Ecrans-de-Hammamet.jpg","type":"image\/jpeg"}],"author":"Yusra NY","twitter_card":"summary_large_image","twitter_creator":"@KapitalisInfo","twitter_site":"@KapitalisInfo","twitter_misc":{"\u00c9crit par":"Yusra NY","Dur\u00e9e de lecture estim\u00e9e":"3 minutes"},"schema":{"@context":"https:\/\/schema.org","@graph":[{"@type":"Article","@id":"https:\/\/kapitalis.com\/tunisie\/2024\/07\/24\/les-ecrans-de-hammamet-du-5-au-11-aout-2024\/#article","isPartOf":{"@id":"https:\/\/kapitalis.com\/tunisie\/2024\/07\/24\/les-ecrans-de-hammamet-du-5-au-11-aout-2024\/"},"author":{"name":"Yusra NY","@id":"https:\/\/kapitalis.com\/tunisie\/#\/schema\/person\/74bbde0154d49d790a92aaeac5bc01d5"},"headline":"Les \u00c9crans de Hammamet du 5 au 11 ao\u00fbt 2024","datePublished":"2024-07-24T18:37:33+00:00","dateModified":"2024-07-24T19:02:53+00:00","mainEntityOfPage":{"@id":"https:\/\/kapitalis.com\/tunisie\/2024\/07\/24\/les-ecrans-de-hammamet-du-5-au-11-aout-2024\/"},"wordCount":598,"publisher":{"@id":"https:\/\/kapitalis.com\/tunisie\/#organization"},"image":{"@id":"https:\/\/kapitalis.com\/tunisie\/2024\/07\/24\/les-ecrans-de-hammamet-du-5-au-11-aout-2024\/#primaryimage"},"thumbnailUrl":"https:\/\/kapitalis.com\/tunisie\/wp-content\/uploads\/2024\/07\/Ecrans-de-Hammamet.jpg","keywords":["art","cin\u00e9ma","Hammamet","Les \u00c9crans de Hammamet","longs m\u00e9trages","Tunisie"],"articleSection":["CULTURE","Tunisie"],"inLanguage":"fr-FR"},{"@type":"WebPage","@id":"https:\/\/kapitalis.com\/tunisie\/2024\/07\/24\/les-ecrans-de-hammamet-du-5-au-11-aout-2024\/","url":"https:\/\/kapitalis.com\/tunisie\/2024\/07\/24\/les-ecrans-de-hammamet-du-5-au-11-aout-2024\/","name":"Les \u00c9crans de Hammamet du 5 au 11 ao\u00fbt 2024 - Kapitalis","isPartOf":{"@id":"https:\/\/kapitalis.com\/tunisie\/#website"},"primaryImageOfPage":{"@id":"https:\/\/kapitalis.com\/tunisie\/2024\/07\/24\/les-ecrans-de-hammamet-du-5-au-11-aout-2024\/#primaryimage"},"image":{"@id":"https:\/\/kapitalis.com\/tunisie\/2024\/07\/24\/les-ecrans-de-hammamet-du-5-au-11-aout-2024\/#primaryimage"},"thumbnailUrl":"https:\/\/kapitalis.com\/tunisie\/wp-content\/uploads\/2024\/07\/Ecrans-de-Hammamet.jpg","datePublished":"2024-07-24T18:37:33+00:00","dateModified":"2024-07-24T19:02:53+00:00","breadcrumb":{"@id":"https:\/\/kapitalis.com\/tunisie\/2024\/07\/24\/les-ecrans-de-hammamet-du-5-au-11-aout-2024\/#breadcrumb"},"inLanguage":"fr-FR","potentialAction":[{"@type":"ReadAction","target":["https:\/\/kapitalis.com\/tunisie\/2024\/07\/24\/les-ecrans-de-hammamet-du-5-au-11-aout-2024\/"]}]},{"@type":"ImageObject","inLanguage":"fr-FR","@id":"https:\/\/kapitalis.com\/tunisie\/2024\/07\/24\/les-ecrans-de-hammamet-du-5-au-11-aout-2024\/#primaryimage","url":"https:\/\/kapitalis.com\/tunisie\/wp-content\/uploads\/2024\/07\/Ecrans-de-Hammamet.jpg","contentUrl":"https:\/\/kapitalis.com\/tunisie\/wp-content\/uploads\/2024\/07\/Ecrans-de-Hammamet.jpg","width":1200,"height":630},{"@type":"BreadcrumbList","@id":"https:\/\/kapitalis.com\/tunisie\/2024\/07\/24\/les-ecrans-de-hammamet-du-5-au-11-aout-2024\/#breadcrumb","itemListElement":[{"@type":"ListItem","position":1,"name":"Accueil","item":"https:\/\/kapitalis.com\/tunisie\/"},{"@type":"ListItem","position":2,"name":"Les \u00c9crans de Hammamet du 5 au 11 ao\u00fbt 2024"}]},{"@type":"WebSite","@id":"https:\/\/kapitalis.com\/tunisie\/#website","url":"https:\/\/kapitalis.com\/tunisie\/","name":"Kapitalis","description":"L&#039;actualit\u00e9 en Tunisie et dans le monde","publisher":{"@id":"https:\/\/kapitalis.com\/tunisie\/#organization"},"potentialAction":[{"@type":"SearchAction","target":{"@type":"EntryPoint","urlTemplate":"https:\/\/kapitalis.com\/tunisie\/?s={search_term_string}"},"query-input":{"@type":"PropertyValueSpecification","valueRequired":true,"valueName":"search_term_string"}}],"inLanguage":"fr-FR"},{"@type":"Organization","@id":"https:\/\/kapitalis.com\/tunisie\/#organization","name":"Kapitalis","url":"https:\/\/kapitalis.com\/tunisie\/","logo":{"@type":"ImageObject","inLanguage":"fr-FR","@id":"https:\/\/kapitalis.com\/tunisie\/#\/schema\/logo\/image\/","url":"https:\/\/kapitalis.com\/tunisie\/wp-content\/uploads\/2022\/05\/Kapitalis-big-size.png","contentUrl":"https:\/\/kapitalis.com\/tunisie\/wp-content\/uploads\/2022\/05\/Kapitalis-big-size.png","width":5000,"height":1500,"caption":"Kapitalis"},"image":{"@id":"https:\/\/kapitalis.com\/tunisie\/#\/schema\/logo\/image\/"},"sameAs":["https:\/\/www.facebook.com\/KapitalisInfo\/","https:\/\/x.com\/KapitalisInfo","https:\/\/www.youtube.com\/channel\/UC-yDYrHyfFBWWZaOw3FPg9Q"]},{"@type":"Person","@id":"https:\/\/kapitalis.com\/tunisie\/#\/schema\/person\/74bbde0154d49d790a92aaeac5bc01d5","name":"Yusra NY","url":"https:\/\/kapitalis.com\/tunisie\/author\/yuza_adam\/"}]}},"_links":{"self":[{"href":"https:\/\/kapitalis.com\/tunisie\/wp-json\/wp\/v2\/posts\/13621212","targetHints":{"allow":["GET"]}}],"collection":[{"href":"https:\/\/kapitalis.com\/tunisie\/wp-json\/wp\/v2\/posts"}],"about":[{"href":"https:\/\/kapitalis.com\/tunisie\/wp-json\/wp\/v2\/types\/post"}],"author":[{"embeddable":true,"href":"https:\/\/kapitalis.com\/tunisie\/wp-json\/wp\/v2\/users\/6"}],"replies":[{"embeddable":true,"href":"https:\/\/kapitalis.com\/tunisie\/wp-json\/wp\/v2\/comments?post=13621212"}],"version-history":[{"count":2,"href":"https:\/\/kapitalis.com\/tunisie\/wp-json\/wp\/v2\/posts\/13621212\/revisions"}],"predecessor-version":[{"id":13621236,"href":"https:\/\/kapitalis.com\/tunisie\/wp-json\/wp\/v2\/posts\/13621212\/revisions\/13621236"}],"wp:featuredmedia":[{"embeddable":true,"href":"https:\/\/kapitalis.com\/tunisie\/wp-json\/wp\/v2\/media\/13621228"}],"wp:attachment":[{"href":"https:\/\/kapitalis.com\/tunisie\/wp-json\/wp\/v2\/media?parent=13621212"}],"wp:term":[{"taxonomy":"category","embeddable":true,"href":"https:\/\/kapitalis.com\/tunisie\/wp-json\/wp\/v2\/categories?post=13621212"},{"taxonomy":"post_tag","embeddable":true,"href":"https:\/\/kapitalis.com\/tunisie\/wp-json\/wp\/v2\/tags?post=13621212"}],"curies":[{"name":"wp","href":"https:\/\/api.w.org\/{rel}","templated":true}]}}