{"id":13630634,"date":"2024-07-26T22:57:40","date_gmt":"2024-07-26T21:57:40","guid":{"rendered":"https:\/\/kapitalis.com\/tunisie\/?p=13630634"},"modified":"2024-07-26T23:05:13","modified_gmt":"2024-07-26T22:05:13","slug":"tunisie-la-greve-dans-le-secteur-du-tourisme-annulee","status":"publish","type":"post","link":"https:\/\/kapitalis.com\/tunisie\/2024\/07\/26\/tunisie-la-greve-dans-le-secteur-du-tourisme-annulee\/","title":{"rendered":"Tunisie : La gr\u00e8ve dans le secteur du tourisme annul\u00e9e"},"content":{"rendered":"\n<p><strong><em>Initialement pr\u00e9vue pour demain, samedi 27 juillet 2024, la gr\u00e8ve sectorielle des h\u00f4tels et \u00e9tablissements touristiques similaires a \u00e9t\u00e9 annul\u00e9e.<\/em><\/strong><\/p>\n\n\n\n<!--more-->\n\n\n\n<p>Cette annulation fait suite \u00e0 un accord conclu lors d\u2019une s\u00e9ance de conciliation organis\u00e9e cette apr\u00e8s-midi au si\u00e8ge du minist\u00e8re des Affaires sociales, en pr\u00e9sence du ministre Kamel Madouri, et \u00e0 laquelle ont pris par les parties administrative et syndicale, pr\u00e9cise un communiqu\u00e9 du minist\u00e8re des Affaires sociales.<\/p>\n\n\n\n<p>L&rsquo;accord concerne l\u2019augmentation des salaires de base et des primes de nature fixe et g\u00e9n\u00e9rale au titre des ann\u00e9es 2024 et 2025, ajoute la m\u00eame source.<\/p>\n\n\n\n<p class=\"has-text-align-right\"><strong>Y. N.<\/strong><\/p>\n","protected":false},"excerpt":{"rendered":"<p>Initialement pr\u00e9vue pour demain, samedi 27 juillet 2024, la gr\u00e8ve sectorielle des h\u00f4tels et \u00e9tablissements touristiques similaires a \u00e9t\u00e9 annul\u00e9e.<\/p>\n","protected":false},"author":6,"featured_media":13630748,"comment_status":"closed","ping_status":"open","sticky":false,"template":"","format":"standard","meta":{"footnotes":""},"categories":[998,2433],"tags":[115171,1090,908,13849,62643],"class_list":["post-13630634","post","type-post","status-publish","format-standard","has-post-thumbnail","hentry","category-societe","category-tunisie","tag-greve-annulee","tag-hotels","tag-tourisme","tag-touristique","tag-tunisie"],"yoast_head":"<!-- This site is optimized with the Yoast SEO plugin v26.6 - https:\/\/yoast.com\/wordpress\/plugins\/seo\/ -->\n<title>Tunisie : La gr\u00e8ve dans le secteur du tourisme annul\u00e9e - Kapitalis<\/title>\n<meta name=\"robots\" content=\"index, follow, max-snippet:-1, max-image-preview:large, max-video-preview:-1\" \/>\n<link rel=\"canonical\" href=\"https:\/\/kapitalis.com\/tunisie\/2024\/07\/26\/tunisie-la-greve-dans-le-secteur-du-tourisme-annulee\/\" \/>\n<meta property=\"og:locale\" content=\"fr_FR\" \/>\n<meta property=\"og:type\" content=\"article\" \/>\n<meta property=\"og:title\" content=\"Tunisie : La gr\u00e8ve dans le secteur du tourisme annul\u00e9e - Kapitalis\" \/>\n<meta property=\"og:description\" content=\"Initialement pr\u00e9vue pour demain, samedi 27 juillet 2024, la gr\u00e8ve sectorielle des h\u00f4tels et \u00e9tablissements touristiques similaires a \u00e9t\u00e9 annul\u00e9e.\" \/>\n<meta property=\"og:url\" content=\"https:\/\/kapitalis.com\/tunisie\/2024\/07\/26\/tunisie-la-greve-dans-le-secteur-du-tourisme-annulee\/\" \/>\n<meta property=\"og:site_name\" content=\"Kapitalis\" \/>\n<meta property=\"article:publisher\" content=\"https:\/\/www.facebook.com\/KapitalisInfo\/\" \/>\n<meta property=\"article:published_time\" content=\"2024-07-26T21:57:40+00:00\" \/>\n<meta property=\"article:modified_time\" content=\"2024-07-26T22:05:13+00:00\" \/>\n<meta property=\"og:image\" content=\"https:\/\/kapitalis.com\/tunisie\/wp-content\/uploads\/2024\/07\/Toursime-affaires-sociales.jpg\" \/>\n\t<meta property=\"og:image:width\" content=\"1200\" \/>\n\t<meta property=\"og:image:height\" content=\"630\" \/>\n\t<meta property=\"og:image:type\" content=\"image\/jpeg\" \/>\n<meta name=\"author\" content=\"Yusra NY\" \/>\n<meta name=\"twitter:card\" content=\"summary_large_image\" \/>\n<meta name=\"twitter:creator\" content=\"@KapitalisInfo\" \/>\n<meta name=\"twitter:site\" content=\"@KapitalisInfo\" \/>\n<meta name=\"twitter:label1\" content=\"\u00c9crit par\" \/>\n\t<meta name=\"twitter:data1\" content=\"Yusra NY\" \/>\n\t<meta name=\"twitter:label2\" content=\"Dur\u00e9e de lecture estim\u00e9e\" \/>\n\t<meta name=\"twitter:data2\" content=\"1 minute\" \/>\n<script type=\"application\/ld+json\" class=\"yoast-schema-graph\">{\"@context\":\"https:\/\/schema.org\",\"@graph\":[{\"@type\":\"Article\",\"@id\":\"https:\/\/kapitalis.com\/tunisie\/2024\/07\/26\/tunisie-la-greve-dans-le-secteur-du-tourisme-annulee\/#article\",\"isPartOf\":{\"@id\":\"https:\/\/kapitalis.com\/tunisie\/2024\/07\/26\/tunisie-la-greve-dans-le-secteur-du-tourisme-annulee\/\"},\"author\":{\"name\":\"Yusra NY\",\"@id\":\"https:\/\/kapitalis.com\/tunisie\/#\/schema\/person\/74bbde0154d49d790a92aaeac5bc01d5\"},\"headline\":\"Tunisie : La gr\u00e8ve dans le secteur du tourisme annul\u00e9e\",\"datePublished\":\"2024-07-26T21:57:40+00:00\",\"dateModified\":\"2024-07-26T22:05:13+00:00\",\"mainEntityOfPage\":{\"@id\":\"https:\/\/kapitalis.com\/tunisie\/2024\/07\/26\/tunisie-la-greve-dans-le-secteur-du-tourisme-annulee\/\"},\"wordCount\":119,\"publisher\":{\"@id\":\"https:\/\/kapitalis.com\/tunisie\/#organization\"},\"image\":{\"@id\":\"https:\/\/kapitalis.com\/tunisie\/2024\/07\/26\/tunisie-la-greve-dans-le-secteur-du-tourisme-annulee\/#primaryimage\"},\"thumbnailUrl\":\"https:\/\/kapitalis.com\/tunisie\/wp-content\/uploads\/2024\/07\/Toursime-affaires-sociales.jpg\",\"keywords\":[\"gr\u00e8ve annul\u00e9e\",\"h\u00f4tels\",\"tourisme\",\"touristique\",\"Tunisie\"],\"articleSection\":[\"SOCIETE\",\"Tunisie\"],\"inLanguage\":\"fr-FR\"},{\"@type\":\"WebPage\",\"@id\":\"https:\/\/kapitalis.com\/tunisie\/2024\/07\/26\/tunisie-la-greve-dans-le-secteur-du-tourisme-annulee\/\",\"url\":\"https:\/\/kapitalis.com\/tunisie\/2024\/07\/26\/tunisie-la-greve-dans-le-secteur-du-tourisme-annulee\/\",\"name\":\"Tunisie : La gr\u00e8ve dans le secteur du tourisme annul\u00e9e - Kapitalis\",\"isPartOf\":{\"@id\":\"https:\/\/kapitalis.com\/tunisie\/#website\"},\"primaryImageOfPage\":{\"@id\":\"https:\/\/kapitalis.com\/tunisie\/2024\/07\/26\/tunisie-la-greve-dans-le-secteur-du-tourisme-annulee\/#primaryimage\"},\"image\":{\"@id\":\"https:\/\/kapitalis.com\/tunisie\/2024\/07\/26\/tunisie-la-greve-dans-le-secteur-du-tourisme-annulee\/#primaryimage\"},\"thumbnailUrl\":\"https:\/\/kapitalis.com\/tunisie\/wp-content\/uploads\/2024\/07\/Toursime-affaires-sociales.jpg\",\"datePublished\":\"2024-07-26T21:57:40+00:00\",\"dateModified\":\"2024-07-26T22:05:13+00:00\",\"breadcrumb\":{\"@id\":\"https:\/\/kapitalis.com\/tunisie\/2024\/07\/26\/tunisie-la-greve-dans-le-secteur-du-tourisme-annulee\/#breadcrumb\"},\"inLanguage\":\"fr-FR\",\"potentialAction\":[{\"@type\":\"ReadAction\",\"target\":[\"https:\/\/kapitalis.com\/tunisie\/2024\/07\/26\/tunisie-la-greve-dans-le-secteur-du-tourisme-annulee\/\"]}]},{\"@type\":\"ImageObject\",\"inLanguage\":\"fr-FR\",\"@id\":\"https:\/\/kapitalis.com\/tunisie\/2024\/07\/26\/tunisie-la-greve-dans-le-secteur-du-tourisme-annulee\/#primaryimage\",\"url\":\"https:\/\/kapitalis.com\/tunisie\/wp-content\/uploads\/2024\/07\/Toursime-affaires-sociales.jpg\",\"contentUrl\":\"https:\/\/kapitalis.com\/tunisie\/wp-content\/uploads\/2024\/07\/Toursime-affaires-sociales.jpg\",\"width\":1200,\"height\":630},{\"@type\":\"BreadcrumbList\",\"@id\":\"https:\/\/kapitalis.com\/tunisie\/2024\/07\/26\/tunisie-la-greve-dans-le-secteur-du-tourisme-annulee\/#breadcrumb\",\"itemListElement\":[{\"@type\":\"ListItem\",\"position\":1,\"name\":\"Accueil\",\"item\":\"https:\/\/kapitalis.com\/tunisie\/\"},{\"@type\":\"ListItem\",\"position\":2,\"name\":\"Tunisie : La gr\u00e8ve dans le secteur du tourisme annul\u00e9e\"}]},{\"@type\":\"WebSite\",\"@id\":\"https:\/\/kapitalis.com\/tunisie\/#website\",\"url\":\"https:\/\/kapitalis.com\/tunisie\/\",\"name\":\"Kapitalis\",\"description\":\"L&#039;actualit\u00e9 en Tunisie et dans le monde\",\"publisher\":{\"@id\":\"https:\/\/kapitalis.com\/tunisie\/#organization\"},\"potentialAction\":[{\"@type\":\"SearchAction\",\"target\":{\"@type\":\"EntryPoint\",\"urlTemplate\":\"https:\/\/kapitalis.com\/tunisie\/?s={search_term_string}\"},\"query-input\":{\"@type\":\"PropertyValueSpecification\",\"valueRequired\":true,\"valueName\":\"search_term_string\"}}],\"inLanguage\":\"fr-FR\"},{\"@type\":\"Organization\",\"@id\":\"https:\/\/kapitalis.com\/tunisie\/#organization\",\"name\":\"Kapitalis\",\"url\":\"https:\/\/kapitalis.com\/tunisie\/\",\"logo\":{\"@type\":\"ImageObject\",\"inLanguage\":\"fr-FR\",\"@id\":\"https:\/\/kapitalis.com\/tunisie\/#\/schema\/logo\/image\/\",\"url\":\"https:\/\/kapitalis.com\/tunisie\/wp-content\/uploads\/2022\/05\/Kapitalis-big-size.png\",\"contentUrl\":\"https:\/\/kapitalis.com\/tunisie\/wp-content\/uploads\/2022\/05\/Kapitalis-big-size.png\",\"width\":5000,\"height\":1500,\"caption\":\"Kapitalis\"},\"image\":{\"@id\":\"https:\/\/kapitalis.com\/tunisie\/#\/schema\/logo\/image\/\"},\"sameAs\":[\"https:\/\/www.facebook.com\/KapitalisInfo\/\",\"https:\/\/x.com\/KapitalisInfo\",\"https:\/\/www.youtube.com\/channel\/UC-yDYrHyfFBWWZaOw3FPg9Q\"]},{\"@type\":\"Person\",\"@id\":\"https:\/\/kapitalis.com\/tunisie\/#\/schema\/person\/74bbde0154d49d790a92aaeac5bc01d5\",\"name\":\"Yusra NY\",\"url\":\"https:\/\/kapitalis.com\/tunisie\/author\/yuza_adam\/\"}]}<\/script>\n<!-- \/ Yoast SEO plugin. -->","yoast_head_json":{"title":"Tunisie : La gr\u00e8ve dans le secteur du tourisme annul\u00e9e - Kapitalis","robots":{"index":"index","follow":"follow","max-snippet":"max-snippet:-1","max-image-preview":"max-image-preview:large","max-video-preview":"max-video-preview:-1"},"canonical":"https:\/\/kapitalis.com\/tunisie\/2024\/07\/26\/tunisie-la-greve-dans-le-secteur-du-tourisme-annulee\/","og_locale":"fr_FR","og_type":"article","og_title":"Tunisie : La gr\u00e8ve dans le secteur du tourisme annul\u00e9e - Kapitalis","og_description":"Initialement pr\u00e9vue pour demain, samedi 27 juillet 2024, la gr\u00e8ve sectorielle des h\u00f4tels et \u00e9tablissements touristiques similaires a \u00e9t\u00e9 annul\u00e9e.","og_url":"https:\/\/kapitalis.com\/tunisie\/2024\/07\/26\/tunisie-la-greve-dans-le-secteur-du-tourisme-annulee\/","og_site_name":"Kapitalis","article_publisher":"https:\/\/www.facebook.com\/KapitalisInfo\/","article_published_time":"2024-07-26T21:57:40+00:00","article_modified_time":"2024-07-26T22:05:13+00:00","og_image":[{"width":1200,"height":630,"url":"https:\/\/kapitalis.com\/tunisie\/wp-content\/uploads\/2024\/07\/Toursime-affaires-sociales.jpg","type":"image\/jpeg"}],"author":"Yusra NY","twitter_card":"summary_large_image","twitter_creator":"@KapitalisInfo","twitter_site":"@KapitalisInfo","twitter_misc":{"\u00c9crit par":"Yusra NY","Dur\u00e9e de lecture estim\u00e9e":"1 minute"},"schema":{"@context":"https:\/\/schema.org","@graph":[{"@type":"Article","@id":"https:\/\/kapitalis.com\/tunisie\/2024\/07\/26\/tunisie-la-greve-dans-le-secteur-du-tourisme-annulee\/#article","isPartOf":{"@id":"https:\/\/kapitalis.com\/tunisie\/2024\/07\/26\/tunisie-la-greve-dans-le-secteur-du-tourisme-annulee\/"},"author":{"name":"Yusra NY","@id":"https:\/\/kapitalis.com\/tunisie\/#\/schema\/person\/74bbde0154d49d790a92aaeac5bc01d5"},"headline":"Tunisie : La gr\u00e8ve dans le secteur du tourisme annul\u00e9e","datePublished":"2024-07-26T21:57:40+00:00","dateModified":"2024-07-26T22:05:13+00:00","mainEntityOfPage":{"@id":"https:\/\/kapitalis.com\/tunisie\/2024\/07\/26\/tunisie-la-greve-dans-le-secteur-du-tourisme-annulee\/"},"wordCount":119,"publisher":{"@id":"https:\/\/kapitalis.com\/tunisie\/#organization"},"image":{"@id":"https:\/\/kapitalis.com\/tunisie\/2024\/07\/26\/tunisie-la-greve-dans-le-secteur-du-tourisme-annulee\/#primaryimage"},"thumbnailUrl":"https:\/\/kapitalis.com\/tunisie\/wp-content\/uploads\/2024\/07\/Toursime-affaires-sociales.jpg","keywords":["gr\u00e8ve annul\u00e9e","h\u00f4tels","tourisme","touristique","Tunisie"],"articleSection":["SOCIETE","Tunisie"],"inLanguage":"fr-FR"},{"@type":"WebPage","@id":"https:\/\/kapitalis.com\/tunisie\/2024\/07\/26\/tunisie-la-greve-dans-le-secteur-du-tourisme-annulee\/","url":"https:\/\/kapitalis.com\/tunisie\/2024\/07\/26\/tunisie-la-greve-dans-le-secteur-du-tourisme-annulee\/","name":"Tunisie : La gr\u00e8ve dans le secteur du tourisme annul\u00e9e - Kapitalis","isPartOf":{"@id":"https:\/\/kapitalis.com\/tunisie\/#website"},"primaryImageOfPage":{"@id":"https:\/\/kapitalis.com\/tunisie\/2024\/07\/26\/tunisie-la-greve-dans-le-secteur-du-tourisme-annulee\/#primaryimage"},"image":{"@id":"https:\/\/kapitalis.com\/tunisie\/2024\/07\/26\/tunisie-la-greve-dans-le-secteur-du-tourisme-annulee\/#primaryimage"},"thumbnailUrl":"https:\/\/kapitalis.com\/tunisie\/wp-content\/uploads\/2024\/07\/Toursime-affaires-sociales.jpg","datePublished":"2024-07-26T21:57:40+00:00","dateModified":"2024-07-26T22:05:13+00:00","breadcrumb":{"@id":"https:\/\/kapitalis.com\/tunisie\/2024\/07\/26\/tunisie-la-greve-dans-le-secteur-du-tourisme-annulee\/#breadcrumb"},"inLanguage":"fr-FR","potentialAction":[{"@type":"ReadAction","target":["https:\/\/kapitalis.com\/tunisie\/2024\/07\/26\/tunisie-la-greve-dans-le-secteur-du-tourisme-annulee\/"]}]},{"@type":"ImageObject","inLanguage":"fr-FR","@id":"https:\/\/kapitalis.com\/tunisie\/2024\/07\/26\/tunisie-la-greve-dans-le-secteur-du-tourisme-annulee\/#primaryimage","url":"https:\/\/kapitalis.com\/tunisie\/wp-content\/uploads\/2024\/07\/Toursime-affaires-sociales.jpg","contentUrl":"https:\/\/kapitalis.com\/tunisie\/wp-content\/uploads\/2024\/07\/Toursime-affaires-sociales.jpg","width":1200,"height":630},{"@type":"BreadcrumbList","@id":"https:\/\/kapitalis.com\/tunisie\/2024\/07\/26\/tunisie-la-greve-dans-le-secteur-du-tourisme-annulee\/#breadcrumb","itemListElement":[{"@type":"ListItem","position":1,"name":"Accueil","item":"https:\/\/kapitalis.com\/tunisie\/"},{"@type":"ListItem","position":2,"name":"Tunisie : La gr\u00e8ve dans le secteur du tourisme annul\u00e9e"}]},{"@type":"WebSite","@id":"https:\/\/kapitalis.com\/tunisie\/#website","url":"https:\/\/kapitalis.com\/tunisie\/","name":"Kapitalis","description":"L&#039;actualit\u00e9 en Tunisie et dans le monde","publisher":{"@id":"https:\/\/kapitalis.com\/tunisie\/#organization"},"potentialAction":[{"@type":"SearchAction","target":{"@type":"EntryPoint","urlTemplate":"https:\/\/kapitalis.com\/tunisie\/?s={search_term_string}"},"query-input":{"@type":"PropertyValueSpecification","valueRequired":true,"valueName":"search_term_string"}}],"inLanguage":"fr-FR"},{"@type":"Organization","@id":"https:\/\/kapitalis.com\/tunisie\/#organization","name":"Kapitalis","url":"https:\/\/kapitalis.com\/tunisie\/","logo":{"@type":"ImageObject","inLanguage":"fr-FR","@id":"https:\/\/kapitalis.com\/tunisie\/#\/schema\/logo\/image\/","url":"https:\/\/kapitalis.com\/tunisie\/wp-content\/uploads\/2022\/05\/Kapitalis-big-size.png","contentUrl":"https:\/\/kapitalis.com\/tunisie\/wp-content\/uploads\/2022\/05\/Kapitalis-big-size.png","width":5000,"height":1500,"caption":"Kapitalis"},"image":{"@id":"https:\/\/kapitalis.com\/tunisie\/#\/schema\/logo\/image\/"},"sameAs":["https:\/\/www.facebook.com\/KapitalisInfo\/","https:\/\/x.com\/KapitalisInfo","https:\/\/www.youtube.com\/channel\/UC-yDYrHyfFBWWZaOw3FPg9Q"]},{"@type":"Person","@id":"https:\/\/kapitalis.com\/tunisie\/#\/schema\/person\/74bbde0154d49d790a92aaeac5bc01d5","name":"Yusra NY","url":"https:\/\/kapitalis.com\/tunisie\/author\/yuza_adam\/"}]}},"_links":{"self":[{"href":"https:\/\/kapitalis.com\/tunisie\/wp-json\/wp\/v2\/posts\/13630634","targetHints":{"allow":["GET"]}}],"collection":[{"href":"https:\/\/kapitalis.com\/tunisie\/wp-json\/wp\/v2\/posts"}],"about":[{"href":"https:\/\/kapitalis.com\/tunisie\/wp-json\/wp\/v2\/types\/post"}],"author":[{"embeddable":true,"href":"https:\/\/kapitalis.com\/tunisie\/wp-json\/wp\/v2\/users\/6"}],"replies":[{"embeddable":true,"href":"https:\/\/kapitalis.com\/tunisie\/wp-json\/wp\/v2\/comments?post=13630634"}],"version-history":[{"count":2,"href":"https:\/\/kapitalis.com\/tunisie\/wp-json\/wp\/v2\/posts\/13630634\/revisions"}],"predecessor-version":[{"id":13630759,"href":"https:\/\/kapitalis.com\/tunisie\/wp-json\/wp\/v2\/posts\/13630634\/revisions\/13630759"}],"wp:featuredmedia":[{"embeddable":true,"href":"https:\/\/kapitalis.com\/tunisie\/wp-json\/wp\/v2\/media\/13630748"}],"wp:attachment":[{"href":"https:\/\/kapitalis.com\/tunisie\/wp-json\/wp\/v2\/media?parent=13630634"}],"wp:term":[{"taxonomy":"category","embeddable":true,"href":"https:\/\/kapitalis.com\/tunisie\/wp-json\/wp\/v2\/categories?post=13630634"},{"taxonomy":"post_tag","embeddable":true,"href":"https:\/\/kapitalis.com\/tunisie\/wp-json\/wp\/v2\/tags?post=13630634"}],"curies":[{"name":"wp","href":"https:\/\/api.w.org\/{rel}","templated":true}]}}