{"id":13632007,"date":"2024-07-27T06:58:54","date_gmt":"2024-07-27T05:58:54","guid":{"rendered":"https:\/\/kapitalis.com\/tunisie\/?p=13632007"},"modified":"2024-07-27T06:58:56","modified_gmt":"2024-07-27T05:58:56","slug":"djibouti-embarrasse-par-le-mandat-darret-emis-par-la-justice-tunisienne-a-lencontre-de-slim-feriani","status":"publish","type":"post","link":"https:\/\/kapitalis.com\/tunisie\/2024\/07\/27\/djibouti-embarrasse-par-le-mandat-darret-emis-par-la-justice-tunisienne-a-lencontre-de-slim-feriani\/","title":{"rendered":"Djibouti embarrass\u00e9 par le mandat d\u2019arr\u00eat \u00e9mis par la justice tunisienne \u00e0 l\u2019encontre de Slim Feriani \u00a0\u00a0"},"content":{"rendered":"\n<p><em style=\"\"><b>Depuis l\u2019\u00e9mission par la justice tunisienne d\u2019un mandat d\u2019arr\u00eat \u00e0 l&rsquo;encontre Slim Feriani, dans une <\/b><a style=\"font-weight: bold;\" href=\"https:\/\/kapitalis.com\/tunisie\/2024\/07\/14\/affaire-cpg-lotfi-ali-et-romdhane-souid-mis-en-depot\/\" target=\"_blank\" rel=\"noreferrer noopener\">affaire de corruption <\/a><b>li\u00e9e \u00e0 la gestion de la Soci\u00e9t\u00e9 des Phosphates de Gafsa (CPJ), le pr\u00e9sident de Djibouti, Isma\u00ebl Omar Guelleh, \u0153uvre \u00e0 prot\u00e9ger le Tunisien contre des poursuites judiciaires internationales, rapporte le journal  local <a href=\"https:\/\/hch24.com\/actualites\/07\/2024\/djibouti-tunisie-le-directeur-du-fonds-souverain-de-djibouti-rattrape-par-une-procedure-judiciaire\/\" target=\"_blank\" rel=\"noreferrer noopener\">\u00ab\u00a0HCH24\u00a0\u00bb<\/a><\/b><\/em><strong><em>.<\/em><\/strong><\/p>\n\n\n\n<!--more-->\n\n\n\n<p>L\u2019ancien ministre de l\u2019Industrie, des Mines et de l\u2019Energie, des \u00c9nergies renouvelables et des PME de la Tunisie dans le gouvernement Chahed (2017-2020) est en effet, depuis fin 2021,\u00a0le directeur g\u00e9n\u00e9ral du Fonds Souverain de Djibouti, cr\u00e9\u00e9 en 2020, et l\u2019\u00e9mission d\u2019un mandat d\u2019arr\u00eat international \u00e0 son encontre risquerait de limiter ses d\u00e9placements hors de cet Etat membre de la Ligue des Etats arabes et qui entretient des relations anciennes avec la Tunisie. <\/p>\n\n\n\n<p>En mars dernier, Feriani avait organis\u00e9 le Forum de Djibouti qui a rassembl\u00e9 pr\u00e8s de 400 d\u00e9l\u00e9gu\u00e9s, dont des investisseurs institutionnels internationaux, et \u00e0 la fin du forum, il avait d\u00e9clar\u00e9 \u00e0 la presse locale qu\u2019il \u00e9tait \u00e9vident qu\u2019il y avait <em>\u00abun int\u00e9r\u00eat important et croissant pour Djibouti\u00bb<\/em>. C\u2019est cet \u00e9lan dont il attend beaucoup que Djibouti craint de voir stopp\u00e9 par les ennuis judiciaire du Tuniso-Britannique. <\/p>\n\n\n\n<p>Dr. Feriani a v\u00e9cu et travaill\u00e9 aux Etats-Unis, au Royaume-Uni et en Tunisie. Parlant couramment l\u2019anglais, le fran\u00e7ais et l\u2019arabe, il est titulaire d\u2019un MBA et d\u2019un Ph.D. (doctorat d\u2019\u00c9tat am\u00e9ricain) en finance, investissement et finance internationale de l\u2019universit\u00e9 George Washington \u00e0 Washington D.C., o\u00f9 il a donn\u00e9 des cours dans ces domaines et si\u00e9g\u00e9 au conseil consultatif de son \u00e9cole de commerce.<\/p>\n\n\n\n<p class=\"has-text-align-right\"><strong>I. B.<\/strong><\/p>\n\n\n\n<figure class=\"wp-block-embed is-type-wp-embed is-provider-kapitalis wp-block-embed-kapitalis\"><div class=\"wp-block-embed__wrapper\">\n<blockquote class=\"wp-embedded-content\" data-secret=\"i6mhInPqO7\"><a href=\"https:\/\/kapitalis.com\/tunisie\/2024\/07\/14\/affaire-cpg-lotfi-ali-et-romdhane-souid-mis-en-depot\/\">Affaire CPG\u00a0: Lotfi Ali et Romdhane Souid mis en d\u00e9p\u00f4t<\/a><\/blockquote><iframe loading=\"lazy\" class=\"wp-embedded-content\" sandbox=\"allow-scripts\" security=\"restricted\" style=\"position: absolute; visibility: hidden;\" title=\"\u00ab\u00a0Affaire CPG\u00a0: Lotfi Ali et Romdhane Souid mis en d\u00e9p\u00f4t\u00a0\u00bb &#8212; Kapitalis\" src=\"https:\/\/kapitalis.com\/tunisie\/2024\/07\/14\/affaire-cpg-lotfi-ali-et-romdhane-souid-mis-en-depot\/embed\/#?secret=FCW4RINdZ3#?secret=i6mhInPqO7\" data-secret=\"i6mhInPqO7\" width=\"600\" height=\"338\" frameborder=\"0\" marginwidth=\"0\" marginheight=\"0\" scrolling=\"no\"><\/iframe>\n<\/div><\/figure>\n\n\n\n<p class=\"has-text-align-right\"> <\/p>\n","protected":false},"excerpt":{"rendered":"<p>Le pr\u00e9sident de Djibouti \u0153uvre \u00e0 prot\u00e9ger Slim Feriani, le directeur g\u00e9n\u00e9ral du Fonds souverain de Djibouti, poursuivi en justice en Tunisie. <\/p>\n","protected":false},"author":8,"featured_media":13632026,"comment_status":"closed","ping_status":"open","sticky":false,"template":"","format":"standard","meta":{"footnotes":""},"categories":[995,997,2433],"tags":[245,1871,117145,21272,117146,1717,62643],"class_list":["post-13632007","post","type-post","status-publish","format-standard","has-post-thumbnail","hentry","category-economie","category-politique","category-tunisie","tag-cpg","tag-djibouti","tag-fonds-souverain-de-djibouti","tag-gouvernement-chahed","tag-ismael-omar-guelleh","tag-slim-feriani","tag-tunisie"],"yoast_head":"<!-- This site is optimized with the Yoast SEO plugin v26.6 - https:\/\/yoast.com\/wordpress\/plugins\/seo\/ -->\n<title>Djibouti embarrass\u00e9 par le mandat d\u2019arr\u00eat \u00e9mis par la justice tunisienne \u00e0 l\u2019encontre de Slim Feriani \u00a0\u00a0 - Kapitalis<\/title>\n<meta name=\"robots\" content=\"index, follow, max-snippet:-1, max-image-preview:large, max-video-preview:-1\" \/>\n<link rel=\"canonical\" href=\"https:\/\/kapitalis.com\/tunisie\/2024\/07\/27\/djibouti-embarrasse-par-le-mandat-darret-emis-par-la-justice-tunisienne-a-lencontre-de-slim-feriani\/\" \/>\n<meta property=\"og:locale\" content=\"fr_FR\" \/>\n<meta property=\"og:type\" content=\"article\" \/>\n<meta property=\"og:title\" content=\"Djibouti embarrass\u00e9 par le mandat d\u2019arr\u00eat \u00e9mis par la justice tunisienne \u00e0 l\u2019encontre de Slim Feriani \u00a0\u00a0 - Kapitalis\" \/>\n<meta property=\"og:description\" content=\"Le pr\u00e9sident de Djibouti \u0153uvre \u00e0 prot\u00e9ger Slim Feriani, le directeur g\u00e9n\u00e9ral du Fonds souverain de Djibouti, poursuivi en justice en Tunisie.\" \/>\n<meta property=\"og:url\" content=\"https:\/\/kapitalis.com\/tunisie\/2024\/07\/27\/djibouti-embarrasse-par-le-mandat-darret-emis-par-la-justice-tunisienne-a-lencontre-de-slim-feriani\/\" \/>\n<meta property=\"og:site_name\" content=\"Kapitalis\" \/>\n<meta property=\"article:publisher\" content=\"https:\/\/www.facebook.com\/KapitalisInfo\/\" \/>\n<meta property=\"article:published_time\" content=\"2024-07-27T05:58:54+00:00\" \/>\n<meta property=\"article:modified_time\" content=\"2024-07-27T05:58:56+00:00\" \/>\n<meta property=\"og:image\" content=\"https:\/\/kapitalis.com\/tunisie\/wp-content\/uploads\/2024\/07\/Ismael-Omar-Guelleh-et-Slom-Feriani.jpg\" \/>\n\t<meta property=\"og:image:width\" content=\"1200\" \/>\n\t<meta property=\"og:image:height\" content=\"630\" \/>\n\t<meta property=\"og:image:type\" content=\"image\/jpeg\" \/>\n<meta name=\"author\" content=\"webmaster kapitalis\" \/>\n<meta name=\"twitter:card\" content=\"summary_large_image\" \/>\n<meta name=\"twitter:creator\" content=\"@KapitalisInfo\" \/>\n<meta name=\"twitter:site\" content=\"@KapitalisInfo\" \/>\n<meta name=\"twitter:label1\" content=\"\u00c9crit par\" \/>\n\t<meta name=\"twitter:data1\" content=\"webmaster kapitalis\" \/>\n\t<meta name=\"twitter:label2\" content=\"Dur\u00e9e de lecture estim\u00e9e\" \/>\n\t<meta name=\"twitter:data2\" content=\"2 minutes\" \/>\n<script type=\"application\/ld+json\" class=\"yoast-schema-graph\">{\"@context\":\"https:\/\/schema.org\",\"@graph\":[{\"@type\":\"Article\",\"@id\":\"https:\/\/kapitalis.com\/tunisie\/2024\/07\/27\/djibouti-embarrasse-par-le-mandat-darret-emis-par-la-justice-tunisienne-a-lencontre-de-slim-feriani\/#article\",\"isPartOf\":{\"@id\":\"https:\/\/kapitalis.com\/tunisie\/2024\/07\/27\/djibouti-embarrasse-par-le-mandat-darret-emis-par-la-justice-tunisienne-a-lencontre-de-slim-feriani\/\"},\"author\":{\"name\":\"webmaster kapitalis\",\"@id\":\"https:\/\/kapitalis.com\/tunisie\/#\/schema\/person\/d71f33a9ca44f7bad4698210b480c8e9\"},\"headline\":\"Djibouti embarrass\u00e9 par le mandat d\u2019arr\u00eat \u00e9mis par la justice tunisienne \u00e0 l\u2019encontre de Slim Feriani \u00a0\u00a0\",\"datePublished\":\"2024-07-27T05:58:54+00:00\",\"dateModified\":\"2024-07-27T05:58:56+00:00\",\"mainEntityOfPage\":{\"@id\":\"https:\/\/kapitalis.com\/tunisie\/2024\/07\/27\/djibouti-embarrasse-par-le-mandat-darret-emis-par-la-justice-tunisienne-a-lencontre-de-slim-feriani\/\"},\"wordCount\":312,\"publisher\":{\"@id\":\"https:\/\/kapitalis.com\/tunisie\/#organization\"},\"image\":{\"@id\":\"https:\/\/kapitalis.com\/tunisie\/2024\/07\/27\/djibouti-embarrasse-par-le-mandat-darret-emis-par-la-justice-tunisienne-a-lencontre-de-slim-feriani\/#primaryimage\"},\"thumbnailUrl\":\"https:\/\/kapitalis.com\/tunisie\/wp-content\/uploads\/2024\/07\/Ismael-Omar-Guelleh-et-Slom-Feriani.jpg\",\"keywords\":[\"CPG\",\"Djibouti\",\"Fonds Souverain de Djibouti\",\"gouvernement Chahed\",\"Isma\u00ebl Omar Guelleh\",\"Slim Feriani\",\"Tunisie\"],\"articleSection\":[\"ECONOMIE\",\"POLITIQUE\",\"Tunisie\"],\"inLanguage\":\"fr-FR\"},{\"@type\":\"WebPage\",\"@id\":\"https:\/\/kapitalis.com\/tunisie\/2024\/07\/27\/djibouti-embarrasse-par-le-mandat-darret-emis-par-la-justice-tunisienne-a-lencontre-de-slim-feriani\/\",\"url\":\"https:\/\/kapitalis.com\/tunisie\/2024\/07\/27\/djibouti-embarrasse-par-le-mandat-darret-emis-par-la-justice-tunisienne-a-lencontre-de-slim-feriani\/\",\"name\":\"Djibouti embarrass\u00e9 par le mandat d\u2019arr\u00eat \u00e9mis par la justice tunisienne \u00e0 l\u2019encontre de Slim Feriani \u00a0\u00a0 - Kapitalis\",\"isPartOf\":{\"@id\":\"https:\/\/kapitalis.com\/tunisie\/#website\"},\"primaryImageOfPage\":{\"@id\":\"https:\/\/kapitalis.com\/tunisie\/2024\/07\/27\/djibouti-embarrasse-par-le-mandat-darret-emis-par-la-justice-tunisienne-a-lencontre-de-slim-feriani\/#primaryimage\"},\"image\":{\"@id\":\"https:\/\/kapitalis.com\/tunisie\/2024\/07\/27\/djibouti-embarrasse-par-le-mandat-darret-emis-par-la-justice-tunisienne-a-lencontre-de-slim-feriani\/#primaryimage\"},\"thumbnailUrl\":\"https:\/\/kapitalis.com\/tunisie\/wp-content\/uploads\/2024\/07\/Ismael-Omar-Guelleh-et-Slom-Feriani.jpg\",\"datePublished\":\"2024-07-27T05:58:54+00:00\",\"dateModified\":\"2024-07-27T05:58:56+00:00\",\"breadcrumb\":{\"@id\":\"https:\/\/kapitalis.com\/tunisie\/2024\/07\/27\/djibouti-embarrasse-par-le-mandat-darret-emis-par-la-justice-tunisienne-a-lencontre-de-slim-feriani\/#breadcrumb\"},\"inLanguage\":\"fr-FR\",\"potentialAction\":[{\"@type\":\"ReadAction\",\"target\":[\"https:\/\/kapitalis.com\/tunisie\/2024\/07\/27\/djibouti-embarrasse-par-le-mandat-darret-emis-par-la-justice-tunisienne-a-lencontre-de-slim-feriani\/\"]}]},{\"@type\":\"ImageObject\",\"inLanguage\":\"fr-FR\",\"@id\":\"https:\/\/kapitalis.com\/tunisie\/2024\/07\/27\/djibouti-embarrasse-par-le-mandat-darret-emis-par-la-justice-tunisienne-a-lencontre-de-slim-feriani\/#primaryimage\",\"url\":\"https:\/\/kapitalis.com\/tunisie\/wp-content\/uploads\/2024\/07\/Ismael-Omar-Guelleh-et-Slom-Feriani.jpg\",\"contentUrl\":\"https:\/\/kapitalis.com\/tunisie\/wp-content\/uploads\/2024\/07\/Ismael-Omar-Guelleh-et-Slom-Feriani.jpg\",\"width\":1200,\"height\":630},{\"@type\":\"BreadcrumbList\",\"@id\":\"https:\/\/kapitalis.com\/tunisie\/2024\/07\/27\/djibouti-embarrasse-par-le-mandat-darret-emis-par-la-justice-tunisienne-a-lencontre-de-slim-feriani\/#breadcrumb\",\"itemListElement\":[{\"@type\":\"ListItem\",\"position\":1,\"name\":\"Accueil\",\"item\":\"https:\/\/kapitalis.com\/tunisie\/\"},{\"@type\":\"ListItem\",\"position\":2,\"name\":\"Djibouti embarrass\u00e9 par le mandat d\u2019arr\u00eat \u00e9mis par la justice tunisienne \u00e0 l\u2019encontre de Slim Feriani \u00a0\u00a0\"}]},{\"@type\":\"WebSite\",\"@id\":\"https:\/\/kapitalis.com\/tunisie\/#website\",\"url\":\"https:\/\/kapitalis.com\/tunisie\/\",\"name\":\"Kapitalis\",\"description\":\"L&#039;actualit\u00e9 en Tunisie et dans le monde\",\"publisher\":{\"@id\":\"https:\/\/kapitalis.com\/tunisie\/#organization\"},\"potentialAction\":[{\"@type\":\"SearchAction\",\"target\":{\"@type\":\"EntryPoint\",\"urlTemplate\":\"https:\/\/kapitalis.com\/tunisie\/?s={search_term_string}\"},\"query-input\":{\"@type\":\"PropertyValueSpecification\",\"valueRequired\":true,\"valueName\":\"search_term_string\"}}],\"inLanguage\":\"fr-FR\"},{\"@type\":\"Organization\",\"@id\":\"https:\/\/kapitalis.com\/tunisie\/#organization\",\"name\":\"Kapitalis\",\"url\":\"https:\/\/kapitalis.com\/tunisie\/\",\"logo\":{\"@type\":\"ImageObject\",\"inLanguage\":\"fr-FR\",\"@id\":\"https:\/\/kapitalis.com\/tunisie\/#\/schema\/logo\/image\/\",\"url\":\"https:\/\/kapitalis.com\/tunisie\/wp-content\/uploads\/2022\/05\/Kapitalis-big-size.png\",\"contentUrl\":\"https:\/\/kapitalis.com\/tunisie\/wp-content\/uploads\/2022\/05\/Kapitalis-big-size.png\",\"width\":5000,\"height\":1500,\"caption\":\"Kapitalis\"},\"image\":{\"@id\":\"https:\/\/kapitalis.com\/tunisie\/#\/schema\/logo\/image\/\"},\"sameAs\":[\"https:\/\/www.facebook.com\/KapitalisInfo\/\",\"https:\/\/x.com\/KapitalisInfo\",\"https:\/\/www.youtube.com\/channel\/UC-yDYrHyfFBWWZaOw3FPg9Q\"]},{\"@type\":\"Person\",\"@id\":\"https:\/\/kapitalis.com\/tunisie\/#\/schema\/person\/d71f33a9ca44f7bad4698210b480c8e9\",\"name\":\"webmaster kapitalis\",\"url\":\"https:\/\/kapitalis.com\/tunisie\/author\/webmaster-kapitalis\/\"}]}<\/script>\n<!-- \/ Yoast SEO plugin. -->","yoast_head_json":{"title":"Djibouti embarrass\u00e9 par le mandat d\u2019arr\u00eat \u00e9mis par la justice tunisienne \u00e0 l\u2019encontre de Slim Feriani \u00a0\u00a0 - Kapitalis","robots":{"index":"index","follow":"follow","max-snippet":"max-snippet:-1","max-image-preview":"max-image-preview:large","max-video-preview":"max-video-preview:-1"},"canonical":"https:\/\/kapitalis.com\/tunisie\/2024\/07\/27\/djibouti-embarrasse-par-le-mandat-darret-emis-par-la-justice-tunisienne-a-lencontre-de-slim-feriani\/","og_locale":"fr_FR","og_type":"article","og_title":"Djibouti embarrass\u00e9 par le mandat d\u2019arr\u00eat \u00e9mis par la justice tunisienne \u00e0 l\u2019encontre de Slim Feriani \u00a0\u00a0 - Kapitalis","og_description":"Le pr\u00e9sident de Djibouti \u0153uvre \u00e0 prot\u00e9ger Slim Feriani, le directeur g\u00e9n\u00e9ral du Fonds souverain de Djibouti, poursuivi en justice en Tunisie.","og_url":"https:\/\/kapitalis.com\/tunisie\/2024\/07\/27\/djibouti-embarrasse-par-le-mandat-darret-emis-par-la-justice-tunisienne-a-lencontre-de-slim-feriani\/","og_site_name":"Kapitalis","article_publisher":"https:\/\/www.facebook.com\/KapitalisInfo\/","article_published_time":"2024-07-27T05:58:54+00:00","article_modified_time":"2024-07-27T05:58:56+00:00","og_image":[{"width":1200,"height":630,"url":"https:\/\/kapitalis.com\/tunisie\/wp-content\/uploads\/2024\/07\/Ismael-Omar-Guelleh-et-Slom-Feriani.jpg","type":"image\/jpeg"}],"author":"webmaster kapitalis","twitter_card":"summary_large_image","twitter_creator":"@KapitalisInfo","twitter_site":"@KapitalisInfo","twitter_misc":{"\u00c9crit par":"webmaster kapitalis","Dur\u00e9e de lecture estim\u00e9e":"2 minutes"},"schema":{"@context":"https:\/\/schema.org","@graph":[{"@type":"Article","@id":"https:\/\/kapitalis.com\/tunisie\/2024\/07\/27\/djibouti-embarrasse-par-le-mandat-darret-emis-par-la-justice-tunisienne-a-lencontre-de-slim-feriani\/#article","isPartOf":{"@id":"https:\/\/kapitalis.com\/tunisie\/2024\/07\/27\/djibouti-embarrasse-par-le-mandat-darret-emis-par-la-justice-tunisienne-a-lencontre-de-slim-feriani\/"},"author":{"name":"webmaster kapitalis","@id":"https:\/\/kapitalis.com\/tunisie\/#\/schema\/person\/d71f33a9ca44f7bad4698210b480c8e9"},"headline":"Djibouti embarrass\u00e9 par le mandat d\u2019arr\u00eat \u00e9mis par la justice tunisienne \u00e0 l\u2019encontre de Slim Feriani \u00a0\u00a0","datePublished":"2024-07-27T05:58:54+00:00","dateModified":"2024-07-27T05:58:56+00:00","mainEntityOfPage":{"@id":"https:\/\/kapitalis.com\/tunisie\/2024\/07\/27\/djibouti-embarrasse-par-le-mandat-darret-emis-par-la-justice-tunisienne-a-lencontre-de-slim-feriani\/"},"wordCount":312,"publisher":{"@id":"https:\/\/kapitalis.com\/tunisie\/#organization"},"image":{"@id":"https:\/\/kapitalis.com\/tunisie\/2024\/07\/27\/djibouti-embarrasse-par-le-mandat-darret-emis-par-la-justice-tunisienne-a-lencontre-de-slim-feriani\/#primaryimage"},"thumbnailUrl":"https:\/\/kapitalis.com\/tunisie\/wp-content\/uploads\/2024\/07\/Ismael-Omar-Guelleh-et-Slom-Feriani.jpg","keywords":["CPG","Djibouti","Fonds Souverain de Djibouti","gouvernement Chahed","Isma\u00ebl Omar Guelleh","Slim Feriani","Tunisie"],"articleSection":["ECONOMIE","POLITIQUE","Tunisie"],"inLanguage":"fr-FR"},{"@type":"WebPage","@id":"https:\/\/kapitalis.com\/tunisie\/2024\/07\/27\/djibouti-embarrasse-par-le-mandat-darret-emis-par-la-justice-tunisienne-a-lencontre-de-slim-feriani\/","url":"https:\/\/kapitalis.com\/tunisie\/2024\/07\/27\/djibouti-embarrasse-par-le-mandat-darret-emis-par-la-justice-tunisienne-a-lencontre-de-slim-feriani\/","name":"Djibouti embarrass\u00e9 par le mandat d\u2019arr\u00eat \u00e9mis par la justice tunisienne \u00e0 l\u2019encontre de Slim Feriani \u00a0\u00a0 - Kapitalis","isPartOf":{"@id":"https:\/\/kapitalis.com\/tunisie\/#website"},"primaryImageOfPage":{"@id":"https:\/\/kapitalis.com\/tunisie\/2024\/07\/27\/djibouti-embarrasse-par-le-mandat-darret-emis-par-la-justice-tunisienne-a-lencontre-de-slim-feriani\/#primaryimage"},"image":{"@id":"https:\/\/kapitalis.com\/tunisie\/2024\/07\/27\/djibouti-embarrasse-par-le-mandat-darret-emis-par-la-justice-tunisienne-a-lencontre-de-slim-feriani\/#primaryimage"},"thumbnailUrl":"https:\/\/kapitalis.com\/tunisie\/wp-content\/uploads\/2024\/07\/Ismael-Omar-Guelleh-et-Slom-Feriani.jpg","datePublished":"2024-07-27T05:58:54+00:00","dateModified":"2024-07-27T05:58:56+00:00","breadcrumb":{"@id":"https:\/\/kapitalis.com\/tunisie\/2024\/07\/27\/djibouti-embarrasse-par-le-mandat-darret-emis-par-la-justice-tunisienne-a-lencontre-de-slim-feriani\/#breadcrumb"},"inLanguage":"fr-FR","potentialAction":[{"@type":"ReadAction","target":["https:\/\/kapitalis.com\/tunisie\/2024\/07\/27\/djibouti-embarrasse-par-le-mandat-darret-emis-par-la-justice-tunisienne-a-lencontre-de-slim-feriani\/"]}]},{"@type":"ImageObject","inLanguage":"fr-FR","@id":"https:\/\/kapitalis.com\/tunisie\/2024\/07\/27\/djibouti-embarrasse-par-le-mandat-darret-emis-par-la-justice-tunisienne-a-lencontre-de-slim-feriani\/#primaryimage","url":"https:\/\/kapitalis.com\/tunisie\/wp-content\/uploads\/2024\/07\/Ismael-Omar-Guelleh-et-Slom-Feriani.jpg","contentUrl":"https:\/\/kapitalis.com\/tunisie\/wp-content\/uploads\/2024\/07\/Ismael-Omar-Guelleh-et-Slom-Feriani.jpg","width":1200,"height":630},{"@type":"BreadcrumbList","@id":"https:\/\/kapitalis.com\/tunisie\/2024\/07\/27\/djibouti-embarrasse-par-le-mandat-darret-emis-par-la-justice-tunisienne-a-lencontre-de-slim-feriani\/#breadcrumb","itemListElement":[{"@type":"ListItem","position":1,"name":"Accueil","item":"https:\/\/kapitalis.com\/tunisie\/"},{"@type":"ListItem","position":2,"name":"Djibouti embarrass\u00e9 par le mandat d\u2019arr\u00eat \u00e9mis par la justice tunisienne \u00e0 l\u2019encontre de Slim Feriani \u00a0\u00a0"}]},{"@type":"WebSite","@id":"https:\/\/kapitalis.com\/tunisie\/#website","url":"https:\/\/kapitalis.com\/tunisie\/","name":"Kapitalis","description":"L&#039;actualit\u00e9 en Tunisie et dans le monde","publisher":{"@id":"https:\/\/kapitalis.com\/tunisie\/#organization"},"potentialAction":[{"@type":"SearchAction","target":{"@type":"EntryPoint","urlTemplate":"https:\/\/kapitalis.com\/tunisie\/?s={search_term_string}"},"query-input":{"@type":"PropertyValueSpecification","valueRequired":true,"valueName":"search_term_string"}}],"inLanguage":"fr-FR"},{"@type":"Organization","@id":"https:\/\/kapitalis.com\/tunisie\/#organization","name":"Kapitalis","url":"https:\/\/kapitalis.com\/tunisie\/","logo":{"@type":"ImageObject","inLanguage":"fr-FR","@id":"https:\/\/kapitalis.com\/tunisie\/#\/schema\/logo\/image\/","url":"https:\/\/kapitalis.com\/tunisie\/wp-content\/uploads\/2022\/05\/Kapitalis-big-size.png","contentUrl":"https:\/\/kapitalis.com\/tunisie\/wp-content\/uploads\/2022\/05\/Kapitalis-big-size.png","width":5000,"height":1500,"caption":"Kapitalis"},"image":{"@id":"https:\/\/kapitalis.com\/tunisie\/#\/schema\/logo\/image\/"},"sameAs":["https:\/\/www.facebook.com\/KapitalisInfo\/","https:\/\/x.com\/KapitalisInfo","https:\/\/www.youtube.com\/channel\/UC-yDYrHyfFBWWZaOw3FPg9Q"]},{"@type":"Person","@id":"https:\/\/kapitalis.com\/tunisie\/#\/schema\/person\/d71f33a9ca44f7bad4698210b480c8e9","name":"webmaster kapitalis","url":"https:\/\/kapitalis.com\/tunisie\/author\/webmaster-kapitalis\/"}]}},"_links":{"self":[{"href":"https:\/\/kapitalis.com\/tunisie\/wp-json\/wp\/v2\/posts\/13632007","targetHints":{"allow":["GET"]}}],"collection":[{"href":"https:\/\/kapitalis.com\/tunisie\/wp-json\/wp\/v2\/posts"}],"about":[{"href":"https:\/\/kapitalis.com\/tunisie\/wp-json\/wp\/v2\/types\/post"}],"author":[{"embeddable":true,"href":"https:\/\/kapitalis.com\/tunisie\/wp-json\/wp\/v2\/users\/8"}],"replies":[{"embeddable":true,"href":"https:\/\/kapitalis.com\/tunisie\/wp-json\/wp\/v2\/comments?post=13632007"}],"version-history":[{"count":1,"href":"https:\/\/kapitalis.com\/tunisie\/wp-json\/wp\/v2\/posts\/13632007\/revisions"}],"predecessor-version":[{"id":13632028,"href":"https:\/\/kapitalis.com\/tunisie\/wp-json\/wp\/v2\/posts\/13632007\/revisions\/13632028"}],"wp:featuredmedia":[{"embeddable":true,"href":"https:\/\/kapitalis.com\/tunisie\/wp-json\/wp\/v2\/media\/13632026"}],"wp:attachment":[{"href":"https:\/\/kapitalis.com\/tunisie\/wp-json\/wp\/v2\/media?parent=13632007"}],"wp:term":[{"taxonomy":"category","embeddable":true,"href":"https:\/\/kapitalis.com\/tunisie\/wp-json\/wp\/v2\/categories?post=13632007"},{"taxonomy":"post_tag","embeddable":true,"href":"https:\/\/kapitalis.com\/tunisie\/wp-json\/wp\/v2\/tags?post=13632007"}],"curies":[{"name":"wp","href":"https:\/\/api.w.org\/{rel}","templated":true}]}}