{"id":13651670,"date":"2024-07-29T20:57:03","date_gmt":"2024-07-29T19:57:03","guid":{"rendered":"https:\/\/kapitalis.com\/tunisie\/?p=13651670"},"modified":"2024-07-29T21:07:32","modified_gmt":"2024-07-29T20:07:32","slug":"festival-de-carthage-hamza-namira-dans-un-concert-sous-le-signe-reves-avec-moi","status":"publish","type":"post","link":"https:\/\/kapitalis.com\/tunisie\/2024\/07\/29\/festival-de-carthage-hamza-namira-dans-un-concert-sous-le-signe-reves-avec-moi\/","title":{"rendered":"Festival de Carthage : Hamza Namira dans un concert sous le signe \u00ab R\u00eaves avec moi \u00bb"},"content":{"rendered":"\n<p><em><strong>Sous le signe \u00ab R\u00eaves avec moi \u00bb, le jeune auteur, compositeur interpr\u00e8te et chanteur \u00e9gyptien Hamza Namira s\u2019est produit hier soir sur la sc\u00e8ne de Carthage dans le cadre de la 58\u00e8me \u00e9dition du Festival international de Carthage dans une soir\u00e9e o\u00f9 il a \u00e9t\u00e9 fid\u00e8le \u00e0 son identit\u00e9 musicale et \u00e0 son style qu\u2019il a port\u00e9 depuis ses d\u00e9buts avec un r\u00e9pertoire o\u00f9 l\u2019engagement et la parole rebelle sortent des sentiers battus.<\/strong><\/em><\/p>\n\n\n\n<!--more-->\n\n\n\n<p>Durant son concert de pr\u00e8s de deux heures, le chanteur a partag\u00e9 avec public venu en grand nombre des moments de communion en musique bien m\u00e9tiss\u00e9e.<\/p>\n\n\n\n<p>Avec sa musique qui touche la jeune g\u00e9n\u00e9ration, Hamza Namira de cette m\u00eame g\u00e9n\u00e9ration d\u2019ailleurs a pr\u00e9sent\u00e9 un beau cocktail de chansons puisant dans le folklore \u00e9gyptien et imbib\u00e9e de l\u2019\u00e2me du rock, du pop et de jazz. Il a chant\u00e9 \u00ab Rayee \u00bb de Mahmoud Farouk, titre de son album, qui a r\u00e9colt\u00e9 plus de 10 millions de vues sur sa cha\u00eene You Tube et du m\u00eame album, Namira a chant\u00e9 entre autres \u00ab Riyeh el hayet \u00bb , \u00ab ena ettaieb \u00bb , \u00ab aalem kaddeba \u00bb, ainsi que de son album \u00ab mawloud sanat 80 \u00bb, mais aussi des chansons de ses d\u00e9buts en 2011 comme \u00ab Insan \u00bb.<\/p>\n\n\n\n<p>A la demande de son public, l\u2019artiste a interpr\u00e9t\u00e9 ses chansons qui ont acquis une grande popularit\u00e9 arabe et internationale, telles que \u00ab Dary ya albi \u00bb, qui a atteint plus de 400 millions de vues sur YouTube, et \u00ab fadhi chawaya \u00bb, des chansons chant\u00e9es en ch\u0153ur avec Namira ce qui le poussa \u00e0 les r\u00e9p\u00e9ter avec un arrangement diff\u00e9rent.<\/p>\n\n\n\n<figure class=\"wp-block-gallery has-nested-images columns-2 is-cropped wp-block-gallery-1 is-layout-flex wp-block-gallery-is-layout-flex\">\n<figure class=\"wp-block-image size-large\"><img loading=\"lazy\" decoding=\"async\" width=\"1024\" height=\"683\" data-id=\"13651794\" src=\"https:\/\/kapitalis.com\/tunisie\/wp-content\/uploads\/2024\/07\/Hamza-Namira11-1024x683.jpg\" alt=\"\" class=\"wp-image-13651794\" srcset=\"https:\/\/kapitalis.com\/tunisie\/wp-content\/uploads\/2024\/07\/Hamza-Namira11-1024x683.jpg 1024w, https:\/\/kapitalis.com\/tunisie\/wp-content\/uploads\/2024\/07\/Hamza-Namira11-300x200.jpg 300w, https:\/\/kapitalis.com\/tunisie\/wp-content\/uploads\/2024\/07\/Hamza-Namira11-768x512.jpg 768w, https:\/\/kapitalis.com\/tunisie\/wp-content\/uploads\/2024\/07\/Hamza-Namira11-1536x1024.jpg 1536w, https:\/\/kapitalis.com\/tunisie\/wp-content\/uploads\/2024\/07\/Hamza-Namira11-580x387.jpg 580w, https:\/\/kapitalis.com\/tunisie\/wp-content\/uploads\/2024\/07\/Hamza-Namira11-860x573.jpg 860w, https:\/\/kapitalis.com\/tunisie\/wp-content\/uploads\/2024\/07\/Hamza-Namira11-1160x773.jpg 1160w, https:\/\/kapitalis.com\/tunisie\/wp-content\/uploads\/2024\/07\/Hamza-Namira11.jpg 2048w\" sizes=\"auto, (max-width: 1024px) 100vw, 1024px\" \/><\/figure>\n\n\n\n<figure class=\"wp-block-image size-large\"><img loading=\"lazy\" decoding=\"async\" width=\"1024\" height=\"683\" data-id=\"13651800\" src=\"https:\/\/kapitalis.com\/tunisie\/wp-content\/uploads\/2024\/07\/Hamza-Namira10-1024x683.jpg\" alt=\"\" class=\"wp-image-13651800\" srcset=\"https:\/\/kapitalis.com\/tunisie\/wp-content\/uploads\/2024\/07\/Hamza-Namira10-1024x683.jpg 1024w, https:\/\/kapitalis.com\/tunisie\/wp-content\/uploads\/2024\/07\/Hamza-Namira10-300x200.jpg 300w, https:\/\/kapitalis.com\/tunisie\/wp-content\/uploads\/2024\/07\/Hamza-Namira10-768x512.jpg 768w, https:\/\/kapitalis.com\/tunisie\/wp-content\/uploads\/2024\/07\/Hamza-Namira10-1536x1024.jpg 1536w, https:\/\/kapitalis.com\/tunisie\/wp-content\/uploads\/2024\/07\/Hamza-Namira10-580x387.jpg 580w, https:\/\/kapitalis.com\/tunisie\/wp-content\/uploads\/2024\/07\/Hamza-Namira10-860x573.jpg 860w, https:\/\/kapitalis.com\/tunisie\/wp-content\/uploads\/2024\/07\/Hamza-Namira10-1160x773.jpg 1160w, https:\/\/kapitalis.com\/tunisie\/wp-content\/uploads\/2024\/07\/Hamza-Namira10.jpg 2048w\" sizes=\"auto, (max-width: 1024px) 100vw, 1024px\" \/><\/figure>\n\n\n\n<figure class=\"wp-block-image size-large\"><img loading=\"lazy\" decoding=\"async\" width=\"1024\" height=\"683\" data-id=\"13651802\" src=\"https:\/\/kapitalis.com\/tunisie\/wp-content\/uploads\/2024\/07\/Hamza-Namira8-1024x683.jpg\" alt=\"\" class=\"wp-image-13651802\" srcset=\"https:\/\/kapitalis.com\/tunisie\/wp-content\/uploads\/2024\/07\/Hamza-Namira8-1024x683.jpg 1024w, https:\/\/kapitalis.com\/tunisie\/wp-content\/uploads\/2024\/07\/Hamza-Namira8-300x200.jpg 300w, https:\/\/kapitalis.com\/tunisie\/wp-content\/uploads\/2024\/07\/Hamza-Namira8-768x512.jpg 768w, https:\/\/kapitalis.com\/tunisie\/wp-content\/uploads\/2024\/07\/Hamza-Namira8-1536x1024.jpg 1536w, https:\/\/kapitalis.com\/tunisie\/wp-content\/uploads\/2024\/07\/Hamza-Namira8-580x387.jpg 580w, https:\/\/kapitalis.com\/tunisie\/wp-content\/uploads\/2024\/07\/Hamza-Namira8-860x573.jpg 860w, https:\/\/kapitalis.com\/tunisie\/wp-content\/uploads\/2024\/07\/Hamza-Namira8-1160x773.jpg 1160w, https:\/\/kapitalis.com\/tunisie\/wp-content\/uploads\/2024\/07\/Hamza-Namira8.jpg 2048w\" sizes=\"auto, (max-width: 1024px) 100vw, 1024px\" \/><\/figure>\n\n\n\n<figure class=\"wp-block-image size-large\"><img loading=\"lazy\" decoding=\"async\" width=\"1024\" height=\"683\" data-id=\"13651804\" src=\"https:\/\/kapitalis.com\/tunisie\/wp-content\/uploads\/2024\/07\/Hamza-Namira7-1024x683.jpg\" alt=\"\" class=\"wp-image-13651804\" srcset=\"https:\/\/kapitalis.com\/tunisie\/wp-content\/uploads\/2024\/07\/Hamza-Namira7-1024x683.jpg 1024w, https:\/\/kapitalis.com\/tunisie\/wp-content\/uploads\/2024\/07\/Hamza-Namira7-300x200.jpg 300w, https:\/\/kapitalis.com\/tunisie\/wp-content\/uploads\/2024\/07\/Hamza-Namira7-768x512.jpg 768w, https:\/\/kapitalis.com\/tunisie\/wp-content\/uploads\/2024\/07\/Hamza-Namira7-1536x1024.jpg 1536w, https:\/\/kapitalis.com\/tunisie\/wp-content\/uploads\/2024\/07\/Hamza-Namira7-580x387.jpg 580w, https:\/\/kapitalis.com\/tunisie\/wp-content\/uploads\/2024\/07\/Hamza-Namira7-860x573.jpg 860w, https:\/\/kapitalis.com\/tunisie\/wp-content\/uploads\/2024\/07\/Hamza-Namira7-1160x773.jpg 1160w, https:\/\/kapitalis.com\/tunisie\/wp-content\/uploads\/2024\/07\/Hamza-Namira7.jpg 2048w\" sizes=\"auto, (max-width: 1024px) 100vw, 1024px\" \/><\/figure>\n\n\n\n<figure class=\"wp-block-image size-large\"><img loading=\"lazy\" decoding=\"async\" width=\"1024\" height=\"683\" data-id=\"13651805\" src=\"https:\/\/kapitalis.com\/tunisie\/wp-content\/uploads\/2024\/07\/Hamza-Namira5-1024x683.jpg\" alt=\"\" class=\"wp-image-13651805\" srcset=\"https:\/\/kapitalis.com\/tunisie\/wp-content\/uploads\/2024\/07\/Hamza-Namira5-1024x683.jpg 1024w, https:\/\/kapitalis.com\/tunisie\/wp-content\/uploads\/2024\/07\/Hamza-Namira5-300x200.jpg 300w, https:\/\/kapitalis.com\/tunisie\/wp-content\/uploads\/2024\/07\/Hamza-Namira5-768x512.jpg 768w, https:\/\/kapitalis.com\/tunisie\/wp-content\/uploads\/2024\/07\/Hamza-Namira5-1536x1024.jpg 1536w, https:\/\/kapitalis.com\/tunisie\/wp-content\/uploads\/2024\/07\/Hamza-Namira5-580x387.jpg 580w, https:\/\/kapitalis.com\/tunisie\/wp-content\/uploads\/2024\/07\/Hamza-Namira5-860x573.jpg 860w, https:\/\/kapitalis.com\/tunisie\/wp-content\/uploads\/2024\/07\/Hamza-Namira5-1160x773.jpg 1160w, https:\/\/kapitalis.com\/tunisie\/wp-content\/uploads\/2024\/07\/Hamza-Namira5.jpg 2048w\" sizes=\"auto, (max-width: 1024px) 100vw, 1024px\" \/><\/figure>\n\n\n\n<figure class=\"wp-block-image size-large\"><img loading=\"lazy\" decoding=\"async\" width=\"1024\" height=\"683\" data-id=\"13651801\" src=\"https:\/\/kapitalis.com\/tunisie\/wp-content\/uploads\/2024\/07\/Hamza-Namira4-1024x683.jpg\" alt=\"\" class=\"wp-image-13651801\" srcset=\"https:\/\/kapitalis.com\/tunisie\/wp-content\/uploads\/2024\/07\/Hamza-Namira4-1024x683.jpg 1024w, https:\/\/kapitalis.com\/tunisie\/wp-content\/uploads\/2024\/07\/Hamza-Namira4-300x200.jpg 300w, https:\/\/kapitalis.com\/tunisie\/wp-content\/uploads\/2024\/07\/Hamza-Namira4-768x512.jpg 768w, https:\/\/kapitalis.com\/tunisie\/wp-content\/uploads\/2024\/07\/Hamza-Namira4-1536x1024.jpg 1536w, https:\/\/kapitalis.com\/tunisie\/wp-content\/uploads\/2024\/07\/Hamza-Namira4-580x387.jpg 580w, https:\/\/kapitalis.com\/tunisie\/wp-content\/uploads\/2024\/07\/Hamza-Namira4-860x573.jpg 860w, https:\/\/kapitalis.com\/tunisie\/wp-content\/uploads\/2024\/07\/Hamza-Namira4-1160x773.jpg 1160w, https:\/\/kapitalis.com\/tunisie\/wp-content\/uploads\/2024\/07\/Hamza-Namira4.jpg 2048w\" sizes=\"auto, (max-width: 1024px) 100vw, 1024px\" \/><\/figure>\n\n\n\n<figure class=\"wp-block-image size-large\"><img loading=\"lazy\" decoding=\"async\" width=\"1024\" height=\"683\" data-id=\"13651799\" src=\"https:\/\/kapitalis.com\/tunisie\/wp-content\/uploads\/2024\/07\/Hamza-Namira2-1024x683.jpg\" alt=\"\" class=\"wp-image-13651799\" srcset=\"https:\/\/kapitalis.com\/tunisie\/wp-content\/uploads\/2024\/07\/Hamza-Namira2-1024x683.jpg 1024w, https:\/\/kapitalis.com\/tunisie\/wp-content\/uploads\/2024\/07\/Hamza-Namira2-300x200.jpg 300w, https:\/\/kapitalis.com\/tunisie\/wp-content\/uploads\/2024\/07\/Hamza-Namira2-768x512.jpg 768w, https:\/\/kapitalis.com\/tunisie\/wp-content\/uploads\/2024\/07\/Hamza-Namira2-1536x1024.jpg 1536w, https:\/\/kapitalis.com\/tunisie\/wp-content\/uploads\/2024\/07\/Hamza-Namira2-580x387.jpg 580w, https:\/\/kapitalis.com\/tunisie\/wp-content\/uploads\/2024\/07\/Hamza-Namira2-860x573.jpg 860w, https:\/\/kapitalis.com\/tunisie\/wp-content\/uploads\/2024\/07\/Hamza-Namira2-1160x773.jpg 1160w, https:\/\/kapitalis.com\/tunisie\/wp-content\/uploads\/2024\/07\/Hamza-Namira2.jpg 2048w\" sizes=\"auto, (max-width: 1024px) 100vw, 1024px\" \/><\/figure>\n\n\n\n<figure class=\"wp-block-image size-large\"><img loading=\"lazy\" decoding=\"async\" width=\"1024\" height=\"683\" data-id=\"13651803\" src=\"https:\/\/kapitalis.com\/tunisie\/wp-content\/uploads\/2024\/07\/Hamza-Namira1-1024x683.jpg\" alt=\"\" class=\"wp-image-13651803\" srcset=\"https:\/\/kapitalis.com\/tunisie\/wp-content\/uploads\/2024\/07\/Hamza-Namira1-1024x683.jpg 1024w, https:\/\/kapitalis.com\/tunisie\/wp-content\/uploads\/2024\/07\/Hamza-Namira1-300x200.jpg 300w, https:\/\/kapitalis.com\/tunisie\/wp-content\/uploads\/2024\/07\/Hamza-Namira1-768x512.jpg 768w, https:\/\/kapitalis.com\/tunisie\/wp-content\/uploads\/2024\/07\/Hamza-Namira1-1536x1024.jpg 1536w, https:\/\/kapitalis.com\/tunisie\/wp-content\/uploads\/2024\/07\/Hamza-Namira1-580x387.jpg 580w, https:\/\/kapitalis.com\/tunisie\/wp-content\/uploads\/2024\/07\/Hamza-Namira1-860x573.jpg 860w, https:\/\/kapitalis.com\/tunisie\/wp-content\/uploads\/2024\/07\/Hamza-Namira1-1160x773.jpg 1160w, https:\/\/kapitalis.com\/tunisie\/wp-content\/uploads\/2024\/07\/Hamza-Namira1.jpg 2048w\" sizes=\"auto, (max-width: 1024px) 100vw, 1024px\" \/><\/figure>\n<\/figure>\n\n\n\n<p>Engag\u00e9 par sa musique dans l\u2019expression des causes justes, il a n\u2019a pas manqu\u00e9 l\u2019occasion pour apporte un clin d\u2019\u0153il \u00e0 la Palestine \u00e0 travers des chansons du folklore palestinien, en l\u2019occurrence \u00ab Haddi, ya bahr haddi \u00bb du po\u00e8te palestinien Mohamed Saleh, connu sous le nom d&rsquo;\u00ab Abou Arab \u00bb, ainsi que la chanson \u00ab ya dharif ettoul \u00bb qui a \u00e9t\u00e9 chant\u00e9e avec le drapeau palestinien hiss\u00e9 haut dans le ciel du th\u00e9\u00e2tre romain de Carthage par le public et l\u2019artiste Hamza Namira.<\/p>\n\n\n\n<p>Parce que ses fans l\u2019appellent \u00ab le nouveau Sayyed Darwish \u00bb, Hamza Namira a interpr\u00e9t\u00e9 pour Sayyed Darwish la chanson \u00ab Ahou de elli sar \u00bb, \u00e9crite par Badie Khairy et consid\u00e9r\u00e9e un chef d\u2019\u0153uvre de l\u2019h\u00e9ritage musical r\u00e9volutionnaire \u00e9gyptien.<\/p>\n\n\n\n<p>Pour sa premi\u00e8re rencontre avec le public tunisien, l\u2019invit\u00e9 de la Tunisie a interpr\u00e9t\u00e9 \u00ab Irdha alina ya lommima \u00bb de Salah Farzait, ainsi que \u00ab Sirri fi bali tkhabba \u00bb de feu Lotfi Jourmana. Le passage du mezoued au malouf s\u2019est fait avec \u00ab ya nass jratli Ghareib \u00bb avant de cr\u00e9er la surprise en invitant sur sc\u00e8ne le rappeur \u00ab Armasta \u00bb, pour interpr\u00e9ter en duo la chanson \u00ab Qmar el-Ghorba \u00bb, qu&rsquo;ils ont pr\u00e9sent\u00e9 en 2018.<\/p>\n\n\n\n<p>Au bout de deux heures, Hamza Namira a choisi de conclure son concert sur la sc\u00e8ne de Carthage par la chanson \u00ab baladi ya balad i\u00bb, avec laquelle il a fait ses adieux \u00e0 ses fans, et confirmant \u00e0 travers cette soir\u00e9e que son succ\u00e8s n&rsquo;a pas \u00e9t\u00e9 de tout repos, mais plut\u00f4t apr\u00e8s d\u00e9termination, pers\u00e9v\u00e9rance pour un artiste qui s\u2019est fray\u00e9 son chemin depuis la r\u00e9volution \u00e9gyptienne, en racontant les maux de son \u00e9poque \u00e0 travers des textes aux m\u00e9lodies dansantes et modernes.<\/p>\n\n\n\n<p class=\"has-text-align-right\"><strong>Communiqu\u00e9<\/strong><\/p>\n","protected":false},"excerpt":{"rendered":"<p>Sous le signe \u00ab R\u00eaves avec moi \u00bb, le jeune auteur, compositeur interpr\u00e8te et chanteur \u00e9gyptien Hamza Namira s\u2019est produit hier soir sur la sc\u00e8ne de Carthage dans le cadre de la 58\u00e8me \u00e9dition du Festival international de Carthage dans une soir\u00e9e o\u00f9 il a \u00e9t\u00e9 fid\u00e8le \u00e0 son identit\u00e9 musicale et \u00e0 son style&#8230;<\/p>\n","protected":false},"author":6,"featured_media":13651712,"comment_status":"closed","ping_status":"open","sticky":false,"template":"","format":"standard","meta":{"footnotes":""},"categories":[994,2433],"tags":[117199,4798,100886,62643],"class_list":["post-13651670","post","type-post","status-publish","format-standard","has-post-thumbnail","hentry","category-culture","category-tunisie","tag-chanteur-egyptien","tag-festival-de-carthage","tag-hamza-namira","tag-tunisie"],"yoast_head":"<!-- This site is optimized with the Yoast SEO plugin v26.6 - https:\/\/yoast.com\/wordpress\/plugins\/seo\/ -->\n<title>Festival de Carthage : Hamza Namira dans un concert sous le signe \u00ab R\u00eaves avec moi \u00bb - Kapitalis<\/title>\n<meta name=\"robots\" content=\"index, follow, max-snippet:-1, max-image-preview:large, max-video-preview:-1\" \/>\n<link rel=\"canonical\" href=\"https:\/\/kapitalis.com\/tunisie\/2024\/07\/29\/festival-de-carthage-hamza-namira-dans-un-concert-sous-le-signe-reves-avec-moi\/\" \/>\n<meta property=\"og:locale\" content=\"fr_FR\" \/>\n<meta property=\"og:type\" content=\"article\" \/>\n<meta property=\"og:title\" content=\"Festival de Carthage : Hamza Namira dans un concert sous le signe \u00ab R\u00eaves avec moi \u00bb - Kapitalis\" \/>\n<meta property=\"og:description\" content=\"Sous le signe \u00ab R\u00eaves avec moi \u00bb, le jeune auteur, compositeur interpr\u00e8te et chanteur \u00e9gyptien Hamza Namira s\u2019est produit hier soir sur la sc\u00e8ne de Carthage dans le cadre de la 58\u00e8me \u00e9dition du Festival international de Carthage dans une soir\u00e9e o\u00f9 il a \u00e9t\u00e9 fid\u00e8le \u00e0 son identit\u00e9 musicale et \u00e0 son style...\" \/>\n<meta property=\"og:url\" content=\"https:\/\/kapitalis.com\/tunisie\/2024\/07\/29\/festival-de-carthage-hamza-namira-dans-un-concert-sous-le-signe-reves-avec-moi\/\" \/>\n<meta property=\"og:site_name\" content=\"Kapitalis\" \/>\n<meta property=\"article:publisher\" content=\"https:\/\/www.facebook.com\/KapitalisInfo\/\" \/>\n<meta property=\"article:published_time\" content=\"2024-07-29T19:57:03+00:00\" \/>\n<meta property=\"article:modified_time\" content=\"2024-07-29T20:07:32+00:00\" \/>\n<meta property=\"og:image\" content=\"https:\/\/kapitalis.com\/tunisie\/wp-content\/uploads\/2024\/07\/Festival-de-Carthage-Hamza-Namira.jpg\" \/>\n\t<meta property=\"og:image:width\" content=\"1200\" \/>\n\t<meta property=\"og:image:height\" content=\"630\" \/>\n\t<meta property=\"og:image:type\" content=\"image\/jpeg\" \/>\n<meta name=\"author\" content=\"Yusra NY\" \/>\n<meta name=\"twitter:card\" content=\"summary_large_image\" \/>\n<meta name=\"twitter:creator\" content=\"@KapitalisInfo\" \/>\n<meta name=\"twitter:site\" content=\"@KapitalisInfo\" \/>\n<meta name=\"twitter:label1\" content=\"\u00c9crit par\" \/>\n\t<meta name=\"twitter:data1\" content=\"Yusra NY\" \/>\n\t<meta name=\"twitter:label2\" content=\"Dur\u00e9e de lecture estim\u00e9e\" \/>\n\t<meta name=\"twitter:data2\" content=\"5 minutes\" \/>\n<script type=\"application\/ld+json\" class=\"yoast-schema-graph\">{\"@context\":\"https:\/\/schema.org\",\"@graph\":[{\"@type\":\"Article\",\"@id\":\"https:\/\/kapitalis.com\/tunisie\/2024\/07\/29\/festival-de-carthage-hamza-namira-dans-un-concert-sous-le-signe-reves-avec-moi\/#article\",\"isPartOf\":{\"@id\":\"https:\/\/kapitalis.com\/tunisie\/2024\/07\/29\/festival-de-carthage-hamza-namira-dans-un-concert-sous-le-signe-reves-avec-moi\/\"},\"author\":{\"name\":\"Yusra NY\",\"@id\":\"https:\/\/kapitalis.com\/tunisie\/#\/schema\/person\/74bbde0154d49d790a92aaeac5bc01d5\"},\"headline\":\"Festival de Carthage : Hamza Namira dans un concert sous le signe \u00ab R\u00eaves avec moi \u00bb\",\"datePublished\":\"2024-07-29T19:57:03+00:00\",\"dateModified\":\"2024-07-29T20:07:32+00:00\",\"mainEntityOfPage\":{\"@id\":\"https:\/\/kapitalis.com\/tunisie\/2024\/07\/29\/festival-de-carthage-hamza-namira-dans-un-concert-sous-le-signe-reves-avec-moi\/\"},\"wordCount\":593,\"publisher\":{\"@id\":\"https:\/\/kapitalis.com\/tunisie\/#organization\"},\"image\":{\"@id\":\"https:\/\/kapitalis.com\/tunisie\/2024\/07\/29\/festival-de-carthage-hamza-namira-dans-un-concert-sous-le-signe-reves-avec-moi\/#primaryimage\"},\"thumbnailUrl\":\"https:\/\/kapitalis.com\/tunisie\/wp-content\/uploads\/2024\/07\/Festival-de-Carthage-Hamza-Namira.jpg\",\"keywords\":[\"chanteur \u00e9gyptien\",\"Festival de Carthage\",\"Hamza Namira\",\"Tunisie\"],\"articleSection\":[\"CULTURE\",\"Tunisie\"],\"inLanguage\":\"fr-FR\"},{\"@type\":\"WebPage\",\"@id\":\"https:\/\/kapitalis.com\/tunisie\/2024\/07\/29\/festival-de-carthage-hamza-namira-dans-un-concert-sous-le-signe-reves-avec-moi\/\",\"url\":\"https:\/\/kapitalis.com\/tunisie\/2024\/07\/29\/festival-de-carthage-hamza-namira-dans-un-concert-sous-le-signe-reves-avec-moi\/\",\"name\":\"Festival de Carthage : Hamza Namira dans un concert sous le signe \u00ab R\u00eaves avec moi \u00bb - Kapitalis\",\"isPartOf\":{\"@id\":\"https:\/\/kapitalis.com\/tunisie\/#website\"},\"primaryImageOfPage\":{\"@id\":\"https:\/\/kapitalis.com\/tunisie\/2024\/07\/29\/festival-de-carthage-hamza-namira-dans-un-concert-sous-le-signe-reves-avec-moi\/#primaryimage\"},\"image\":{\"@id\":\"https:\/\/kapitalis.com\/tunisie\/2024\/07\/29\/festival-de-carthage-hamza-namira-dans-un-concert-sous-le-signe-reves-avec-moi\/#primaryimage\"},\"thumbnailUrl\":\"https:\/\/kapitalis.com\/tunisie\/wp-content\/uploads\/2024\/07\/Festival-de-Carthage-Hamza-Namira.jpg\",\"datePublished\":\"2024-07-29T19:57:03+00:00\",\"dateModified\":\"2024-07-29T20:07:32+00:00\",\"breadcrumb\":{\"@id\":\"https:\/\/kapitalis.com\/tunisie\/2024\/07\/29\/festival-de-carthage-hamza-namira-dans-un-concert-sous-le-signe-reves-avec-moi\/#breadcrumb\"},\"inLanguage\":\"fr-FR\",\"potentialAction\":[{\"@type\":\"ReadAction\",\"target\":[\"https:\/\/kapitalis.com\/tunisie\/2024\/07\/29\/festival-de-carthage-hamza-namira-dans-un-concert-sous-le-signe-reves-avec-moi\/\"]}]},{\"@type\":\"ImageObject\",\"inLanguage\":\"fr-FR\",\"@id\":\"https:\/\/kapitalis.com\/tunisie\/2024\/07\/29\/festival-de-carthage-hamza-namira-dans-un-concert-sous-le-signe-reves-avec-moi\/#primaryimage\",\"url\":\"https:\/\/kapitalis.com\/tunisie\/wp-content\/uploads\/2024\/07\/Festival-de-Carthage-Hamza-Namira.jpg\",\"contentUrl\":\"https:\/\/kapitalis.com\/tunisie\/wp-content\/uploads\/2024\/07\/Festival-de-Carthage-Hamza-Namira.jpg\",\"width\":1200,\"height\":630},{\"@type\":\"BreadcrumbList\",\"@id\":\"https:\/\/kapitalis.com\/tunisie\/2024\/07\/29\/festival-de-carthage-hamza-namira-dans-un-concert-sous-le-signe-reves-avec-moi\/#breadcrumb\",\"itemListElement\":[{\"@type\":\"ListItem\",\"position\":1,\"name\":\"Accueil\",\"item\":\"https:\/\/kapitalis.com\/tunisie\/\"},{\"@type\":\"ListItem\",\"position\":2,\"name\":\"Festival de Carthage : Hamza Namira dans un concert sous le signe \u00ab R\u00eaves avec moi \u00bb\"}]},{\"@type\":\"WebSite\",\"@id\":\"https:\/\/kapitalis.com\/tunisie\/#website\",\"url\":\"https:\/\/kapitalis.com\/tunisie\/\",\"name\":\"Kapitalis\",\"description\":\"L&#039;actualit\u00e9 en Tunisie et dans le monde\",\"publisher\":{\"@id\":\"https:\/\/kapitalis.com\/tunisie\/#organization\"},\"potentialAction\":[{\"@type\":\"SearchAction\",\"target\":{\"@type\":\"EntryPoint\",\"urlTemplate\":\"https:\/\/kapitalis.com\/tunisie\/?s={search_term_string}\"},\"query-input\":{\"@type\":\"PropertyValueSpecification\",\"valueRequired\":true,\"valueName\":\"search_term_string\"}}],\"inLanguage\":\"fr-FR\"},{\"@type\":\"Organization\",\"@id\":\"https:\/\/kapitalis.com\/tunisie\/#organization\",\"name\":\"Kapitalis\",\"url\":\"https:\/\/kapitalis.com\/tunisie\/\",\"logo\":{\"@type\":\"ImageObject\",\"inLanguage\":\"fr-FR\",\"@id\":\"https:\/\/kapitalis.com\/tunisie\/#\/schema\/logo\/image\/\",\"url\":\"https:\/\/kapitalis.com\/tunisie\/wp-content\/uploads\/2022\/05\/Kapitalis-big-size.png\",\"contentUrl\":\"https:\/\/kapitalis.com\/tunisie\/wp-content\/uploads\/2022\/05\/Kapitalis-big-size.png\",\"width\":5000,\"height\":1500,\"caption\":\"Kapitalis\"},\"image\":{\"@id\":\"https:\/\/kapitalis.com\/tunisie\/#\/schema\/logo\/image\/\"},\"sameAs\":[\"https:\/\/www.facebook.com\/KapitalisInfo\/\",\"https:\/\/x.com\/KapitalisInfo\",\"https:\/\/www.youtube.com\/channel\/UC-yDYrHyfFBWWZaOw3FPg9Q\"]},{\"@type\":\"Person\",\"@id\":\"https:\/\/kapitalis.com\/tunisie\/#\/schema\/person\/74bbde0154d49d790a92aaeac5bc01d5\",\"name\":\"Yusra NY\",\"url\":\"https:\/\/kapitalis.com\/tunisie\/author\/yuza_adam\/\"}]}<\/script>\n<!-- \/ Yoast SEO plugin. -->","yoast_head_json":{"title":"Festival de Carthage : Hamza Namira dans un concert sous le signe \u00ab R\u00eaves avec moi \u00bb - Kapitalis","robots":{"index":"index","follow":"follow","max-snippet":"max-snippet:-1","max-image-preview":"max-image-preview:large","max-video-preview":"max-video-preview:-1"},"canonical":"https:\/\/kapitalis.com\/tunisie\/2024\/07\/29\/festival-de-carthage-hamza-namira-dans-un-concert-sous-le-signe-reves-avec-moi\/","og_locale":"fr_FR","og_type":"article","og_title":"Festival de Carthage : Hamza Namira dans un concert sous le signe \u00ab R\u00eaves avec moi \u00bb - Kapitalis","og_description":"Sous le signe \u00ab R\u00eaves avec moi \u00bb, le jeune auteur, compositeur interpr\u00e8te et chanteur \u00e9gyptien Hamza Namira s\u2019est produit hier soir sur la sc\u00e8ne de Carthage dans le cadre de la 58\u00e8me \u00e9dition du Festival international de Carthage dans une soir\u00e9e o\u00f9 il a \u00e9t\u00e9 fid\u00e8le \u00e0 son identit\u00e9 musicale et \u00e0 son style...","og_url":"https:\/\/kapitalis.com\/tunisie\/2024\/07\/29\/festival-de-carthage-hamza-namira-dans-un-concert-sous-le-signe-reves-avec-moi\/","og_site_name":"Kapitalis","article_publisher":"https:\/\/www.facebook.com\/KapitalisInfo\/","article_published_time":"2024-07-29T19:57:03+00:00","article_modified_time":"2024-07-29T20:07:32+00:00","og_image":[{"width":1200,"height":630,"url":"https:\/\/kapitalis.com\/tunisie\/wp-content\/uploads\/2024\/07\/Festival-de-Carthage-Hamza-Namira.jpg","type":"image\/jpeg"}],"author":"Yusra NY","twitter_card":"summary_large_image","twitter_creator":"@KapitalisInfo","twitter_site":"@KapitalisInfo","twitter_misc":{"\u00c9crit par":"Yusra NY","Dur\u00e9e de lecture estim\u00e9e":"5 minutes"},"schema":{"@context":"https:\/\/schema.org","@graph":[{"@type":"Article","@id":"https:\/\/kapitalis.com\/tunisie\/2024\/07\/29\/festival-de-carthage-hamza-namira-dans-un-concert-sous-le-signe-reves-avec-moi\/#article","isPartOf":{"@id":"https:\/\/kapitalis.com\/tunisie\/2024\/07\/29\/festival-de-carthage-hamza-namira-dans-un-concert-sous-le-signe-reves-avec-moi\/"},"author":{"name":"Yusra NY","@id":"https:\/\/kapitalis.com\/tunisie\/#\/schema\/person\/74bbde0154d49d790a92aaeac5bc01d5"},"headline":"Festival de Carthage : Hamza Namira dans un concert sous le signe \u00ab R\u00eaves avec moi \u00bb","datePublished":"2024-07-29T19:57:03+00:00","dateModified":"2024-07-29T20:07:32+00:00","mainEntityOfPage":{"@id":"https:\/\/kapitalis.com\/tunisie\/2024\/07\/29\/festival-de-carthage-hamza-namira-dans-un-concert-sous-le-signe-reves-avec-moi\/"},"wordCount":593,"publisher":{"@id":"https:\/\/kapitalis.com\/tunisie\/#organization"},"image":{"@id":"https:\/\/kapitalis.com\/tunisie\/2024\/07\/29\/festival-de-carthage-hamza-namira-dans-un-concert-sous-le-signe-reves-avec-moi\/#primaryimage"},"thumbnailUrl":"https:\/\/kapitalis.com\/tunisie\/wp-content\/uploads\/2024\/07\/Festival-de-Carthage-Hamza-Namira.jpg","keywords":["chanteur \u00e9gyptien","Festival de Carthage","Hamza Namira","Tunisie"],"articleSection":["CULTURE","Tunisie"],"inLanguage":"fr-FR"},{"@type":"WebPage","@id":"https:\/\/kapitalis.com\/tunisie\/2024\/07\/29\/festival-de-carthage-hamza-namira-dans-un-concert-sous-le-signe-reves-avec-moi\/","url":"https:\/\/kapitalis.com\/tunisie\/2024\/07\/29\/festival-de-carthage-hamza-namira-dans-un-concert-sous-le-signe-reves-avec-moi\/","name":"Festival de Carthage : Hamza Namira dans un concert sous le signe \u00ab R\u00eaves avec moi \u00bb - Kapitalis","isPartOf":{"@id":"https:\/\/kapitalis.com\/tunisie\/#website"},"primaryImageOfPage":{"@id":"https:\/\/kapitalis.com\/tunisie\/2024\/07\/29\/festival-de-carthage-hamza-namira-dans-un-concert-sous-le-signe-reves-avec-moi\/#primaryimage"},"image":{"@id":"https:\/\/kapitalis.com\/tunisie\/2024\/07\/29\/festival-de-carthage-hamza-namira-dans-un-concert-sous-le-signe-reves-avec-moi\/#primaryimage"},"thumbnailUrl":"https:\/\/kapitalis.com\/tunisie\/wp-content\/uploads\/2024\/07\/Festival-de-Carthage-Hamza-Namira.jpg","datePublished":"2024-07-29T19:57:03+00:00","dateModified":"2024-07-29T20:07:32+00:00","breadcrumb":{"@id":"https:\/\/kapitalis.com\/tunisie\/2024\/07\/29\/festival-de-carthage-hamza-namira-dans-un-concert-sous-le-signe-reves-avec-moi\/#breadcrumb"},"inLanguage":"fr-FR","potentialAction":[{"@type":"ReadAction","target":["https:\/\/kapitalis.com\/tunisie\/2024\/07\/29\/festival-de-carthage-hamza-namira-dans-un-concert-sous-le-signe-reves-avec-moi\/"]}]},{"@type":"ImageObject","inLanguage":"fr-FR","@id":"https:\/\/kapitalis.com\/tunisie\/2024\/07\/29\/festival-de-carthage-hamza-namira-dans-un-concert-sous-le-signe-reves-avec-moi\/#primaryimage","url":"https:\/\/kapitalis.com\/tunisie\/wp-content\/uploads\/2024\/07\/Festival-de-Carthage-Hamza-Namira.jpg","contentUrl":"https:\/\/kapitalis.com\/tunisie\/wp-content\/uploads\/2024\/07\/Festival-de-Carthage-Hamza-Namira.jpg","width":1200,"height":630},{"@type":"BreadcrumbList","@id":"https:\/\/kapitalis.com\/tunisie\/2024\/07\/29\/festival-de-carthage-hamza-namira-dans-un-concert-sous-le-signe-reves-avec-moi\/#breadcrumb","itemListElement":[{"@type":"ListItem","position":1,"name":"Accueil","item":"https:\/\/kapitalis.com\/tunisie\/"},{"@type":"ListItem","position":2,"name":"Festival de Carthage : Hamza Namira dans un concert sous le signe \u00ab R\u00eaves avec moi \u00bb"}]},{"@type":"WebSite","@id":"https:\/\/kapitalis.com\/tunisie\/#website","url":"https:\/\/kapitalis.com\/tunisie\/","name":"Kapitalis","description":"L&#039;actualit\u00e9 en Tunisie et dans le monde","publisher":{"@id":"https:\/\/kapitalis.com\/tunisie\/#organization"},"potentialAction":[{"@type":"SearchAction","target":{"@type":"EntryPoint","urlTemplate":"https:\/\/kapitalis.com\/tunisie\/?s={search_term_string}"},"query-input":{"@type":"PropertyValueSpecification","valueRequired":true,"valueName":"search_term_string"}}],"inLanguage":"fr-FR"},{"@type":"Organization","@id":"https:\/\/kapitalis.com\/tunisie\/#organization","name":"Kapitalis","url":"https:\/\/kapitalis.com\/tunisie\/","logo":{"@type":"ImageObject","inLanguage":"fr-FR","@id":"https:\/\/kapitalis.com\/tunisie\/#\/schema\/logo\/image\/","url":"https:\/\/kapitalis.com\/tunisie\/wp-content\/uploads\/2022\/05\/Kapitalis-big-size.png","contentUrl":"https:\/\/kapitalis.com\/tunisie\/wp-content\/uploads\/2022\/05\/Kapitalis-big-size.png","width":5000,"height":1500,"caption":"Kapitalis"},"image":{"@id":"https:\/\/kapitalis.com\/tunisie\/#\/schema\/logo\/image\/"},"sameAs":["https:\/\/www.facebook.com\/KapitalisInfo\/","https:\/\/x.com\/KapitalisInfo","https:\/\/www.youtube.com\/channel\/UC-yDYrHyfFBWWZaOw3FPg9Q"]},{"@type":"Person","@id":"https:\/\/kapitalis.com\/tunisie\/#\/schema\/person\/74bbde0154d49d790a92aaeac5bc01d5","name":"Yusra NY","url":"https:\/\/kapitalis.com\/tunisie\/author\/yuza_adam\/"}]}},"_links":{"self":[{"href":"https:\/\/kapitalis.com\/tunisie\/wp-json\/wp\/v2\/posts\/13651670","targetHints":{"allow":["GET"]}}],"collection":[{"href":"https:\/\/kapitalis.com\/tunisie\/wp-json\/wp\/v2\/posts"}],"about":[{"href":"https:\/\/kapitalis.com\/tunisie\/wp-json\/wp\/v2\/types\/post"}],"author":[{"embeddable":true,"href":"https:\/\/kapitalis.com\/tunisie\/wp-json\/wp\/v2\/users\/6"}],"replies":[{"embeddable":true,"href":"https:\/\/kapitalis.com\/tunisie\/wp-json\/wp\/v2\/comments?post=13651670"}],"version-history":[{"count":3,"href":"https:\/\/kapitalis.com\/tunisie\/wp-json\/wp\/v2\/posts\/13651670\/revisions"}],"predecessor-version":[{"id":13651812,"href":"https:\/\/kapitalis.com\/tunisie\/wp-json\/wp\/v2\/posts\/13651670\/revisions\/13651812"}],"wp:featuredmedia":[{"embeddable":true,"href":"https:\/\/kapitalis.com\/tunisie\/wp-json\/wp\/v2\/media\/13651712"}],"wp:attachment":[{"href":"https:\/\/kapitalis.com\/tunisie\/wp-json\/wp\/v2\/media?parent=13651670"}],"wp:term":[{"taxonomy":"category","embeddable":true,"href":"https:\/\/kapitalis.com\/tunisie\/wp-json\/wp\/v2\/categories?post=13651670"},{"taxonomy":"post_tag","embeddable":true,"href":"https:\/\/kapitalis.com\/tunisie\/wp-json\/wp\/v2\/tags?post=13651670"}],"curies":[{"name":"wp","href":"https:\/\/api.w.org\/{rel}","templated":true}]}}