{"id":13662171,"date":"2024-07-31T10:03:45","date_gmt":"2024-07-31T09:03:45","guid":{"rendered":"https:\/\/kapitalis.com\/tunisie\/?p=13662171"},"modified":"2024-07-31T10:03:47","modified_gmt":"2024-07-31T09:03:47","slug":"a-sousse-les-chars-du-carnaval-daoussou-le-premier-dans-le-monde-arabe","status":"publish","type":"post","link":"https:\/\/kapitalis.com\/tunisie\/2024\/07\/31\/a-sousse-les-chars-du-carnaval-daoussou-le-premier-dans-le-monde-arabe\/","title":{"rendered":"A Sousse les chars du Carnaval d\u2019Aoussou, le premier dans le monde arabe"},"content":{"rendered":"\n<p><strong><em>Avec un programme riche en \u00e9v\u00e9nements, animations et concerts, Sousse, a accueilli la 61<sup>e<\/sup> \u00e9dition du Festival du Carnaval d\u2019Aoussou, un \u00e9v\u00e9nement touristique et culturel qui contribue \u00e0 la richesse de cette cit\u00e9 baln\u00e9aire du centre-est de la Tunisie.<\/em><\/strong><\/p>\n\n\n\n<!--more-->\n\n\n\n<p>Sous le slogan <em>\u00abAoussou, mer et paix\u00bb<\/em>, le d\u00e9fil\u00e9 de chars all\u00e9goriques a eu lieu samedi dernier, 27 juillet 2024, sur le front de mer de la corniche de Boujaafar, en pr\u00e9sence des ministres du Tourisme, Mohamed Moez Belhassine, de l\u2019Enseignement sup\u00e9rieur et de la Culture par int\u00e9rim, Moncef Boukthir, accompagn\u00e9s du gouverneur de Sousse, Nabil Ferjani.<\/p>\n\n\n\n<p>Le ministre du Tourisme a soulign\u00e9 l\u2019importance du Carnaval d\u2019Aoussou,<em> \u00abun \u00e9v\u00e9nement touristique et culturel distinct qui contribue \u00e0 cr\u00e9er une activit\u00e9 \u00e9conomique dans la ville de Sousse et \u00e0 redynamiser le secteur touristique de la r\u00e9gion, compte tenu de son rayonnement international et de la pr\u00e9sence de milliers de visiteurs dans la ville, venant de diff\u00e9rentes parties de la r\u00e9publique ou de l<\/em><em>\u2019<\/em><em>\u00e9tranger. Il permet aussi aux visiteurs de la r\u00e9gion de d\u00e9couvrir la riche histoire de la ville de Sousse\u00bb<\/em>, lit-on dans un communiqu\u00e9 du minist\u00e8re du Tourisme et de l\u2019Artisanat.<\/p>\n\n\n\n<figure class=\"wp-block-gallery aligncenter has-nested-images columns-default is-cropped wp-block-gallery-1 is-layout-flex wp-block-gallery-is-layout-flex\">\n<figure class=\"wp-block-image size-large\"><img loading=\"lazy\" decoding=\"async\" width=\"1024\" height=\"538\" data-id=\"13662183\" src=\"https:\/\/kapitalis.com\/tunisie\/wp-content\/uploads\/2024\/07\/Festival-Aoussou-1-1024x538.jpg\" alt=\"\" class=\"wp-image-13662183\" srcset=\"https:\/\/kapitalis.com\/tunisie\/wp-content\/uploads\/2024\/07\/Festival-Aoussou-1-1024x538.jpg 1024w, https:\/\/kapitalis.com\/tunisie\/wp-content\/uploads\/2024\/07\/Festival-Aoussou-1-300x158.jpg 300w, https:\/\/kapitalis.com\/tunisie\/wp-content\/uploads\/2024\/07\/Festival-Aoussou-1-768x403.jpg 768w, https:\/\/kapitalis.com\/tunisie\/wp-content\/uploads\/2024\/07\/Festival-Aoussou-1-580x305.jpg 580w, https:\/\/kapitalis.com\/tunisie\/wp-content\/uploads\/2024\/07\/Festival-Aoussou-1-860x452.jpg 860w, https:\/\/kapitalis.com\/tunisie\/wp-content\/uploads\/2024\/07\/Festival-Aoussou-1-1160x609.jpg 1160w, https:\/\/kapitalis.com\/tunisie\/wp-content\/uploads\/2024\/07\/Festival-Aoussou-1.jpg 1200w\" sizes=\"auto, (max-width: 1024px) 100vw, 1024px\" \/><\/figure>\n\n\n\n<figure class=\"wp-block-image size-large\"><img loading=\"lazy\" decoding=\"async\" width=\"1024\" height=\"538\" data-id=\"13662184\" src=\"https:\/\/kapitalis.com\/tunisie\/wp-content\/uploads\/2024\/07\/Festival-Aoussou-2-1024x538.jpg\" alt=\"\" class=\"wp-image-13662184\" srcset=\"https:\/\/kapitalis.com\/tunisie\/wp-content\/uploads\/2024\/07\/Festival-Aoussou-2-1024x538.jpg 1024w, https:\/\/kapitalis.com\/tunisie\/wp-content\/uploads\/2024\/07\/Festival-Aoussou-2-300x158.jpg 300w, https:\/\/kapitalis.com\/tunisie\/wp-content\/uploads\/2024\/07\/Festival-Aoussou-2-768x403.jpg 768w, https:\/\/kapitalis.com\/tunisie\/wp-content\/uploads\/2024\/07\/Festival-Aoussou-2-580x305.jpg 580w, https:\/\/kapitalis.com\/tunisie\/wp-content\/uploads\/2024\/07\/Festival-Aoussou-2-860x452.jpg 860w, https:\/\/kapitalis.com\/tunisie\/wp-content\/uploads\/2024\/07\/Festival-Aoussou-2-1160x609.jpg 1160w, https:\/\/kapitalis.com\/tunisie\/wp-content\/uploads\/2024\/07\/Festival-Aoussou-2.jpg 1200w\" sizes=\"auto, (max-width: 1024px) 100vw, 1024px\" \/><\/figure>\n<\/figure>\n\n\n\n<p>Ce carnaval, le premier du genre en Afrique et dans le monde arabe, vise principalement \u00e0 contribuer au soutien et au d\u00e9veloppement du tourisme culturel et de la jeunesse. <\/p>\n\n\n\n<p>La saison Aoussou (ao\u00fbt) en Tunisie repr\u00e9sente une p\u00e9riode de joie et de f\u00eate, o\u00f9 la beaut\u00e9 naturelle du pays se m\u00eale aux traditions culturelles et \u00e0 la convivialit\u00e9 des habitants.<\/p>\n\n\n\n<figure class=\"wp-block-gallery aligncenter has-nested-images columns-default is-cropped wp-block-gallery-2 is-layout-flex wp-block-gallery-is-layout-flex\">\n<figure class=\"wp-block-image size-large\"><img loading=\"lazy\" decoding=\"async\" width=\"1024\" height=\"538\" data-id=\"13662186\" src=\"https:\/\/kapitalis.com\/tunisie\/wp-content\/uploads\/2024\/07\/Festival-Aoussou-3-1024x538.jpg\" alt=\"\" class=\"wp-image-13662186\" srcset=\"https:\/\/kapitalis.com\/tunisie\/wp-content\/uploads\/2024\/07\/Festival-Aoussou-3-1024x538.jpg 1024w, https:\/\/kapitalis.com\/tunisie\/wp-content\/uploads\/2024\/07\/Festival-Aoussou-3-300x158.jpg 300w, https:\/\/kapitalis.com\/tunisie\/wp-content\/uploads\/2024\/07\/Festival-Aoussou-3-768x403.jpg 768w, https:\/\/kapitalis.com\/tunisie\/wp-content\/uploads\/2024\/07\/Festival-Aoussou-3-580x305.jpg 580w, https:\/\/kapitalis.com\/tunisie\/wp-content\/uploads\/2024\/07\/Festival-Aoussou-3-860x452.jpg 860w, https:\/\/kapitalis.com\/tunisie\/wp-content\/uploads\/2024\/07\/Festival-Aoussou-3-1160x609.jpg 1160w, https:\/\/kapitalis.com\/tunisie\/wp-content\/uploads\/2024\/07\/Festival-Aoussou-3.jpg 1200w\" sizes=\"auto, (max-width: 1024px) 100vw, 1024px\" \/><\/figure>\n\n\n\n<figure class=\"wp-block-image size-large\"><img loading=\"lazy\" decoding=\"async\" width=\"1024\" height=\"538\" data-id=\"13662185\" src=\"https:\/\/kapitalis.com\/tunisie\/wp-content\/uploads\/2024\/07\/Festival-Aoussou-4-1024x538.jpg\" alt=\"\" class=\"wp-image-13662185\" srcset=\"https:\/\/kapitalis.com\/tunisie\/wp-content\/uploads\/2024\/07\/Festival-Aoussou-4-1024x538.jpg 1024w, https:\/\/kapitalis.com\/tunisie\/wp-content\/uploads\/2024\/07\/Festival-Aoussou-4-300x158.jpg 300w, https:\/\/kapitalis.com\/tunisie\/wp-content\/uploads\/2024\/07\/Festival-Aoussou-4-768x403.jpg 768w, https:\/\/kapitalis.com\/tunisie\/wp-content\/uploads\/2024\/07\/Festival-Aoussou-4-580x305.jpg 580w, https:\/\/kapitalis.com\/tunisie\/wp-content\/uploads\/2024\/07\/Festival-Aoussou-4-860x452.jpg 860w, https:\/\/kapitalis.com\/tunisie\/wp-content\/uploads\/2024\/07\/Festival-Aoussou-4-1160x609.jpg 1160w, https:\/\/kapitalis.com\/tunisie\/wp-content\/uploads\/2024\/07\/Festival-Aoussou-4.jpg 1200w\" sizes=\"auto, (max-width: 1024px) 100vw, 1024px\" \/><\/figure>\n<\/figure>\n\n\n\n<p><\/p>\n","protected":false},"excerpt":{"rendered":"<p>Sousse, a accueilli la 61e \u00e9dition du Festival du Carnaval d\u2019Aoussou, unique en son genre en Afrique et dans le monde arabe. <\/p>\n","protected":false},"author":8,"featured_media":13662181,"comment_status":"closed","ping_status":"open","sticky":false,"template":"","format":"standard","meta":{"footnotes":""},"categories":[994,2433],"tags":[117233,84802,94475,117234,854,908,62643],"class_list":["post-13662171","post","type-post","status-publish","format-standard","has-post-thumbnail","hentry","category-culture","category-tunisie","tag-carnaval-daoussou","tag-mohamed-moez-belhassine","tag-moncef-boukthir","tag-nabil-ferjani","tag-sousse","tag-tourisme","tag-tunisie"],"yoast_head":"<!-- This site is optimized with the Yoast SEO plugin v26.6 - https:\/\/yoast.com\/wordpress\/plugins\/seo\/ -->\n<title>A Sousse les chars du Carnaval d\u2019Aoussou, le premier dans le monde arabe - Kapitalis<\/title>\n<meta name=\"robots\" content=\"index, follow, max-snippet:-1, max-image-preview:large, max-video-preview:-1\" \/>\n<link rel=\"canonical\" href=\"https:\/\/kapitalis.com\/tunisie\/2024\/07\/31\/a-sousse-les-chars-du-carnaval-daoussou-le-premier-dans-le-monde-arabe\/\" \/>\n<meta property=\"og:locale\" content=\"fr_FR\" \/>\n<meta property=\"og:type\" content=\"article\" \/>\n<meta property=\"og:title\" content=\"A Sousse les chars du Carnaval d\u2019Aoussou, le premier dans le monde arabe - Kapitalis\" \/>\n<meta property=\"og:description\" content=\"Sousse, a accueilli la 61e \u00e9dition du Festival du Carnaval d\u2019Aoussou, unique en son genre en Afrique et dans le monde arabe.\" \/>\n<meta property=\"og:url\" content=\"https:\/\/kapitalis.com\/tunisie\/2024\/07\/31\/a-sousse-les-chars-du-carnaval-daoussou-le-premier-dans-le-monde-arabe\/\" \/>\n<meta property=\"og:site_name\" content=\"Kapitalis\" \/>\n<meta property=\"article:publisher\" content=\"https:\/\/www.facebook.com\/KapitalisInfo\/\" \/>\n<meta property=\"article:published_time\" content=\"2024-07-31T09:03:45+00:00\" \/>\n<meta property=\"article:modified_time\" content=\"2024-07-31T09:03:47+00:00\" \/>\n<meta property=\"og:image\" content=\"https:\/\/kapitalis.com\/tunisie\/wp-content\/uploads\/2024\/07\/Carnaval-Aoussou.jpg\" \/>\n\t<meta property=\"og:image:width\" content=\"1200\" \/>\n\t<meta property=\"og:image:height\" content=\"630\" \/>\n\t<meta property=\"og:image:type\" content=\"image\/jpeg\" \/>\n<meta name=\"author\" content=\"webmaster kapitalis\" \/>\n<meta name=\"twitter:card\" content=\"summary_large_image\" \/>\n<meta name=\"twitter:creator\" content=\"@KapitalisInfo\" \/>\n<meta name=\"twitter:site\" content=\"@KapitalisInfo\" \/>\n<meta name=\"twitter:label1\" content=\"\u00c9crit par\" \/>\n\t<meta name=\"twitter:data1\" content=\"webmaster kapitalis\" \/>\n\t<meta name=\"twitter:label2\" content=\"Dur\u00e9e de lecture estim\u00e9e\" \/>\n\t<meta name=\"twitter:data2\" content=\"3 minutes\" \/>\n<script type=\"application\/ld+json\" class=\"yoast-schema-graph\">{\"@context\":\"https:\/\/schema.org\",\"@graph\":[{\"@type\":\"Article\",\"@id\":\"https:\/\/kapitalis.com\/tunisie\/2024\/07\/31\/a-sousse-les-chars-du-carnaval-daoussou-le-premier-dans-le-monde-arabe\/#article\",\"isPartOf\":{\"@id\":\"https:\/\/kapitalis.com\/tunisie\/2024\/07\/31\/a-sousse-les-chars-du-carnaval-daoussou-le-premier-dans-le-monde-arabe\/\"},\"author\":{\"name\":\"webmaster kapitalis\",\"@id\":\"https:\/\/kapitalis.com\/tunisie\/#\/schema\/person\/d71f33a9ca44f7bad4698210b480c8e9\"},\"headline\":\"A Sousse les chars du Carnaval d\u2019Aoussou, le premier dans le monde arabe\",\"datePublished\":\"2024-07-31T09:03:45+00:00\",\"dateModified\":\"2024-07-31T09:03:47+00:00\",\"mainEntityOfPage\":{\"@id\":\"https:\/\/kapitalis.com\/tunisie\/2024\/07\/31\/a-sousse-les-chars-du-carnaval-daoussou-le-premier-dans-le-monde-arabe\/\"},\"wordCount\":286,\"publisher\":{\"@id\":\"https:\/\/kapitalis.com\/tunisie\/#organization\"},\"image\":{\"@id\":\"https:\/\/kapitalis.com\/tunisie\/2024\/07\/31\/a-sousse-les-chars-du-carnaval-daoussou-le-premier-dans-le-monde-arabe\/#primaryimage\"},\"thumbnailUrl\":\"https:\/\/kapitalis.com\/tunisie\/wp-content\/uploads\/2024\/07\/Carnaval-Aoussou.jpg\",\"keywords\":[\"Carnaval d\u2019Aoussou\",\"Mohamed Moez Belhassine\",\"Moncef Boukthir\",\"Nabil Ferjani\",\"Sousse\",\"tourisme\",\"Tunisie\"],\"articleSection\":[\"CULTURE\",\"Tunisie\"],\"inLanguage\":\"fr-FR\"},{\"@type\":\"WebPage\",\"@id\":\"https:\/\/kapitalis.com\/tunisie\/2024\/07\/31\/a-sousse-les-chars-du-carnaval-daoussou-le-premier-dans-le-monde-arabe\/\",\"url\":\"https:\/\/kapitalis.com\/tunisie\/2024\/07\/31\/a-sousse-les-chars-du-carnaval-daoussou-le-premier-dans-le-monde-arabe\/\",\"name\":\"A Sousse les chars du Carnaval d\u2019Aoussou, le premier dans le monde arabe - Kapitalis\",\"isPartOf\":{\"@id\":\"https:\/\/kapitalis.com\/tunisie\/#website\"},\"primaryImageOfPage\":{\"@id\":\"https:\/\/kapitalis.com\/tunisie\/2024\/07\/31\/a-sousse-les-chars-du-carnaval-daoussou-le-premier-dans-le-monde-arabe\/#primaryimage\"},\"image\":{\"@id\":\"https:\/\/kapitalis.com\/tunisie\/2024\/07\/31\/a-sousse-les-chars-du-carnaval-daoussou-le-premier-dans-le-monde-arabe\/#primaryimage\"},\"thumbnailUrl\":\"https:\/\/kapitalis.com\/tunisie\/wp-content\/uploads\/2024\/07\/Carnaval-Aoussou.jpg\",\"datePublished\":\"2024-07-31T09:03:45+00:00\",\"dateModified\":\"2024-07-31T09:03:47+00:00\",\"breadcrumb\":{\"@id\":\"https:\/\/kapitalis.com\/tunisie\/2024\/07\/31\/a-sousse-les-chars-du-carnaval-daoussou-le-premier-dans-le-monde-arabe\/#breadcrumb\"},\"inLanguage\":\"fr-FR\",\"potentialAction\":[{\"@type\":\"ReadAction\",\"target\":[\"https:\/\/kapitalis.com\/tunisie\/2024\/07\/31\/a-sousse-les-chars-du-carnaval-daoussou-le-premier-dans-le-monde-arabe\/\"]}]},{\"@type\":\"ImageObject\",\"inLanguage\":\"fr-FR\",\"@id\":\"https:\/\/kapitalis.com\/tunisie\/2024\/07\/31\/a-sousse-les-chars-du-carnaval-daoussou-le-premier-dans-le-monde-arabe\/#primaryimage\",\"url\":\"https:\/\/kapitalis.com\/tunisie\/wp-content\/uploads\/2024\/07\/Carnaval-Aoussou.jpg\",\"contentUrl\":\"https:\/\/kapitalis.com\/tunisie\/wp-content\/uploads\/2024\/07\/Carnaval-Aoussou.jpg\",\"width\":1200,\"height\":630},{\"@type\":\"BreadcrumbList\",\"@id\":\"https:\/\/kapitalis.com\/tunisie\/2024\/07\/31\/a-sousse-les-chars-du-carnaval-daoussou-le-premier-dans-le-monde-arabe\/#breadcrumb\",\"itemListElement\":[{\"@type\":\"ListItem\",\"position\":1,\"name\":\"Accueil\",\"item\":\"https:\/\/kapitalis.com\/tunisie\/\"},{\"@type\":\"ListItem\",\"position\":2,\"name\":\"A Sousse les chars du Carnaval d\u2019Aoussou, le premier dans le monde arabe\"}]},{\"@type\":\"WebSite\",\"@id\":\"https:\/\/kapitalis.com\/tunisie\/#website\",\"url\":\"https:\/\/kapitalis.com\/tunisie\/\",\"name\":\"Kapitalis\",\"description\":\"L&#039;actualit\u00e9 en Tunisie et dans le monde\",\"publisher\":{\"@id\":\"https:\/\/kapitalis.com\/tunisie\/#organization\"},\"potentialAction\":[{\"@type\":\"SearchAction\",\"target\":{\"@type\":\"EntryPoint\",\"urlTemplate\":\"https:\/\/kapitalis.com\/tunisie\/?s={search_term_string}\"},\"query-input\":{\"@type\":\"PropertyValueSpecification\",\"valueRequired\":true,\"valueName\":\"search_term_string\"}}],\"inLanguage\":\"fr-FR\"},{\"@type\":\"Organization\",\"@id\":\"https:\/\/kapitalis.com\/tunisie\/#organization\",\"name\":\"Kapitalis\",\"url\":\"https:\/\/kapitalis.com\/tunisie\/\",\"logo\":{\"@type\":\"ImageObject\",\"inLanguage\":\"fr-FR\",\"@id\":\"https:\/\/kapitalis.com\/tunisie\/#\/schema\/logo\/image\/\",\"url\":\"https:\/\/kapitalis.com\/tunisie\/wp-content\/uploads\/2022\/05\/Kapitalis-big-size.png\",\"contentUrl\":\"https:\/\/kapitalis.com\/tunisie\/wp-content\/uploads\/2022\/05\/Kapitalis-big-size.png\",\"width\":5000,\"height\":1500,\"caption\":\"Kapitalis\"},\"image\":{\"@id\":\"https:\/\/kapitalis.com\/tunisie\/#\/schema\/logo\/image\/\"},\"sameAs\":[\"https:\/\/www.facebook.com\/KapitalisInfo\/\",\"https:\/\/x.com\/KapitalisInfo\",\"https:\/\/www.youtube.com\/channel\/UC-yDYrHyfFBWWZaOw3FPg9Q\"]},{\"@type\":\"Person\",\"@id\":\"https:\/\/kapitalis.com\/tunisie\/#\/schema\/person\/d71f33a9ca44f7bad4698210b480c8e9\",\"name\":\"webmaster kapitalis\",\"url\":\"https:\/\/kapitalis.com\/tunisie\/author\/webmaster-kapitalis\/\"}]}<\/script>\n<!-- \/ Yoast SEO plugin. -->","yoast_head_json":{"title":"A Sousse les chars du Carnaval d\u2019Aoussou, le premier dans le monde arabe - Kapitalis","robots":{"index":"index","follow":"follow","max-snippet":"max-snippet:-1","max-image-preview":"max-image-preview:large","max-video-preview":"max-video-preview:-1"},"canonical":"https:\/\/kapitalis.com\/tunisie\/2024\/07\/31\/a-sousse-les-chars-du-carnaval-daoussou-le-premier-dans-le-monde-arabe\/","og_locale":"fr_FR","og_type":"article","og_title":"A Sousse les chars du Carnaval d\u2019Aoussou, le premier dans le monde arabe - Kapitalis","og_description":"Sousse, a accueilli la 61e \u00e9dition du Festival du Carnaval d\u2019Aoussou, unique en son genre en Afrique et dans le monde arabe.","og_url":"https:\/\/kapitalis.com\/tunisie\/2024\/07\/31\/a-sousse-les-chars-du-carnaval-daoussou-le-premier-dans-le-monde-arabe\/","og_site_name":"Kapitalis","article_publisher":"https:\/\/www.facebook.com\/KapitalisInfo\/","article_published_time":"2024-07-31T09:03:45+00:00","article_modified_time":"2024-07-31T09:03:47+00:00","og_image":[{"width":1200,"height":630,"url":"https:\/\/kapitalis.com\/tunisie\/wp-content\/uploads\/2024\/07\/Carnaval-Aoussou.jpg","type":"image\/jpeg"}],"author":"webmaster kapitalis","twitter_card":"summary_large_image","twitter_creator":"@KapitalisInfo","twitter_site":"@KapitalisInfo","twitter_misc":{"\u00c9crit par":"webmaster kapitalis","Dur\u00e9e de lecture estim\u00e9e":"3 minutes"},"schema":{"@context":"https:\/\/schema.org","@graph":[{"@type":"Article","@id":"https:\/\/kapitalis.com\/tunisie\/2024\/07\/31\/a-sousse-les-chars-du-carnaval-daoussou-le-premier-dans-le-monde-arabe\/#article","isPartOf":{"@id":"https:\/\/kapitalis.com\/tunisie\/2024\/07\/31\/a-sousse-les-chars-du-carnaval-daoussou-le-premier-dans-le-monde-arabe\/"},"author":{"name":"webmaster kapitalis","@id":"https:\/\/kapitalis.com\/tunisie\/#\/schema\/person\/d71f33a9ca44f7bad4698210b480c8e9"},"headline":"A Sousse les chars du Carnaval d\u2019Aoussou, le premier dans le monde arabe","datePublished":"2024-07-31T09:03:45+00:00","dateModified":"2024-07-31T09:03:47+00:00","mainEntityOfPage":{"@id":"https:\/\/kapitalis.com\/tunisie\/2024\/07\/31\/a-sousse-les-chars-du-carnaval-daoussou-le-premier-dans-le-monde-arabe\/"},"wordCount":286,"publisher":{"@id":"https:\/\/kapitalis.com\/tunisie\/#organization"},"image":{"@id":"https:\/\/kapitalis.com\/tunisie\/2024\/07\/31\/a-sousse-les-chars-du-carnaval-daoussou-le-premier-dans-le-monde-arabe\/#primaryimage"},"thumbnailUrl":"https:\/\/kapitalis.com\/tunisie\/wp-content\/uploads\/2024\/07\/Carnaval-Aoussou.jpg","keywords":["Carnaval d\u2019Aoussou","Mohamed Moez Belhassine","Moncef Boukthir","Nabil Ferjani","Sousse","tourisme","Tunisie"],"articleSection":["CULTURE","Tunisie"],"inLanguage":"fr-FR"},{"@type":"WebPage","@id":"https:\/\/kapitalis.com\/tunisie\/2024\/07\/31\/a-sousse-les-chars-du-carnaval-daoussou-le-premier-dans-le-monde-arabe\/","url":"https:\/\/kapitalis.com\/tunisie\/2024\/07\/31\/a-sousse-les-chars-du-carnaval-daoussou-le-premier-dans-le-monde-arabe\/","name":"A Sousse les chars du Carnaval d\u2019Aoussou, le premier dans le monde arabe - Kapitalis","isPartOf":{"@id":"https:\/\/kapitalis.com\/tunisie\/#website"},"primaryImageOfPage":{"@id":"https:\/\/kapitalis.com\/tunisie\/2024\/07\/31\/a-sousse-les-chars-du-carnaval-daoussou-le-premier-dans-le-monde-arabe\/#primaryimage"},"image":{"@id":"https:\/\/kapitalis.com\/tunisie\/2024\/07\/31\/a-sousse-les-chars-du-carnaval-daoussou-le-premier-dans-le-monde-arabe\/#primaryimage"},"thumbnailUrl":"https:\/\/kapitalis.com\/tunisie\/wp-content\/uploads\/2024\/07\/Carnaval-Aoussou.jpg","datePublished":"2024-07-31T09:03:45+00:00","dateModified":"2024-07-31T09:03:47+00:00","breadcrumb":{"@id":"https:\/\/kapitalis.com\/tunisie\/2024\/07\/31\/a-sousse-les-chars-du-carnaval-daoussou-le-premier-dans-le-monde-arabe\/#breadcrumb"},"inLanguage":"fr-FR","potentialAction":[{"@type":"ReadAction","target":["https:\/\/kapitalis.com\/tunisie\/2024\/07\/31\/a-sousse-les-chars-du-carnaval-daoussou-le-premier-dans-le-monde-arabe\/"]}]},{"@type":"ImageObject","inLanguage":"fr-FR","@id":"https:\/\/kapitalis.com\/tunisie\/2024\/07\/31\/a-sousse-les-chars-du-carnaval-daoussou-le-premier-dans-le-monde-arabe\/#primaryimage","url":"https:\/\/kapitalis.com\/tunisie\/wp-content\/uploads\/2024\/07\/Carnaval-Aoussou.jpg","contentUrl":"https:\/\/kapitalis.com\/tunisie\/wp-content\/uploads\/2024\/07\/Carnaval-Aoussou.jpg","width":1200,"height":630},{"@type":"BreadcrumbList","@id":"https:\/\/kapitalis.com\/tunisie\/2024\/07\/31\/a-sousse-les-chars-du-carnaval-daoussou-le-premier-dans-le-monde-arabe\/#breadcrumb","itemListElement":[{"@type":"ListItem","position":1,"name":"Accueil","item":"https:\/\/kapitalis.com\/tunisie\/"},{"@type":"ListItem","position":2,"name":"A Sousse les chars du Carnaval d\u2019Aoussou, le premier dans le monde arabe"}]},{"@type":"WebSite","@id":"https:\/\/kapitalis.com\/tunisie\/#website","url":"https:\/\/kapitalis.com\/tunisie\/","name":"Kapitalis","description":"L&#039;actualit\u00e9 en Tunisie et dans le monde","publisher":{"@id":"https:\/\/kapitalis.com\/tunisie\/#organization"},"potentialAction":[{"@type":"SearchAction","target":{"@type":"EntryPoint","urlTemplate":"https:\/\/kapitalis.com\/tunisie\/?s={search_term_string}"},"query-input":{"@type":"PropertyValueSpecification","valueRequired":true,"valueName":"search_term_string"}}],"inLanguage":"fr-FR"},{"@type":"Organization","@id":"https:\/\/kapitalis.com\/tunisie\/#organization","name":"Kapitalis","url":"https:\/\/kapitalis.com\/tunisie\/","logo":{"@type":"ImageObject","inLanguage":"fr-FR","@id":"https:\/\/kapitalis.com\/tunisie\/#\/schema\/logo\/image\/","url":"https:\/\/kapitalis.com\/tunisie\/wp-content\/uploads\/2022\/05\/Kapitalis-big-size.png","contentUrl":"https:\/\/kapitalis.com\/tunisie\/wp-content\/uploads\/2022\/05\/Kapitalis-big-size.png","width":5000,"height":1500,"caption":"Kapitalis"},"image":{"@id":"https:\/\/kapitalis.com\/tunisie\/#\/schema\/logo\/image\/"},"sameAs":["https:\/\/www.facebook.com\/KapitalisInfo\/","https:\/\/x.com\/KapitalisInfo","https:\/\/www.youtube.com\/channel\/UC-yDYrHyfFBWWZaOw3FPg9Q"]},{"@type":"Person","@id":"https:\/\/kapitalis.com\/tunisie\/#\/schema\/person\/d71f33a9ca44f7bad4698210b480c8e9","name":"webmaster kapitalis","url":"https:\/\/kapitalis.com\/tunisie\/author\/webmaster-kapitalis\/"}]}},"_links":{"self":[{"href":"https:\/\/kapitalis.com\/tunisie\/wp-json\/wp\/v2\/posts\/13662171","targetHints":{"allow":["GET"]}}],"collection":[{"href":"https:\/\/kapitalis.com\/tunisie\/wp-json\/wp\/v2\/posts"}],"about":[{"href":"https:\/\/kapitalis.com\/tunisie\/wp-json\/wp\/v2\/types\/post"}],"author":[{"embeddable":true,"href":"https:\/\/kapitalis.com\/tunisie\/wp-json\/wp\/v2\/users\/8"}],"replies":[{"embeddable":true,"href":"https:\/\/kapitalis.com\/tunisie\/wp-json\/wp\/v2\/comments?post=13662171"}],"version-history":[{"count":1,"href":"https:\/\/kapitalis.com\/tunisie\/wp-json\/wp\/v2\/posts\/13662171\/revisions"}],"predecessor-version":[{"id":13662188,"href":"https:\/\/kapitalis.com\/tunisie\/wp-json\/wp\/v2\/posts\/13662171\/revisions\/13662188"}],"wp:featuredmedia":[{"embeddable":true,"href":"https:\/\/kapitalis.com\/tunisie\/wp-json\/wp\/v2\/media\/13662181"}],"wp:attachment":[{"href":"https:\/\/kapitalis.com\/tunisie\/wp-json\/wp\/v2\/media?parent=13662171"}],"wp:term":[{"taxonomy":"category","embeddable":true,"href":"https:\/\/kapitalis.com\/tunisie\/wp-json\/wp\/v2\/categories?post=13662171"},{"taxonomy":"post_tag","embeddable":true,"href":"https:\/\/kapitalis.com\/tunisie\/wp-json\/wp\/v2\/tags?post=13662171"}],"curies":[{"name":"wp","href":"https:\/\/api.w.org\/{rel}","templated":true}]}}