{"id":13671191,"date":"2024-08-01T13:21:37","date_gmt":"2024-08-01T12:21:37","guid":{"rendered":"https:\/\/kapitalis.com\/tunisie\/?p=13671191"},"modified":"2024-08-01T13:28:20","modified_gmt":"2024-08-01T12:28:20","slug":"la-marsa-arrestation-de-10-personnes-de-nationalites-subsahariennes","status":"publish","type":"post","link":"https:\/\/kapitalis.com\/tunisie\/2024\/08\/01\/la-marsa-arrestation-de-10-personnes-de-nationalites-subsahariennes\/","title":{"rendered":"La Marsa\u00a0: arrestation de 10 personnes de nationalit\u00e9s subsahariennes"},"content":{"rendered":"\n<p><strong><em>Dix personnes de nationalit\u00e9s africaines subsahariennes ont \u00e9t\u00e9 arr\u00eat\u00e9es \u00e0 La Marsa, au nord de Tunis, pour avoir am\u00e9nag\u00e9 un local destin\u00e9 \u00e0 pratiquer des rituels religieux, et ce sans autorisation des autorit\u00e9s ni respect des proc\u00e9dures r\u00e8glementaires.<\/em><\/strong><\/p>\n\n\n\n<!--more-->\n\n\n\n<p>Selon la direction g\u00e9n\u00e9rale de la s\u00fbret\u00e9 nationale, les personnes arr\u00eat\u00e9es sont aussi soup\u00e7onn\u00e9es d\u2019\u00eatre entr\u00e9es ill\u00e9galement dans le pays et d\u2019avoir transgress\u00e9 la Loi n\u00b0 68-7 du 8 mars 1968, relative \u00e0 la condition des \u00e9trangers en Tunisie.<\/p>\n\n\n<div class=\"wp-block-image\">\n<figure class=\"aligncenter size-full\"><img loading=\"lazy\" decoding=\"async\" width=\"800\" height=\"500\" src=\"https:\/\/kapitalis.com\/tunisie\/wp-content\/uploads\/2024\/08\/Lieu-de-culte-clandestin.jpg\" alt=\"\" class=\"wp-image-13671284\" srcset=\"https:\/\/kapitalis.com\/tunisie\/wp-content\/uploads\/2024\/08\/Lieu-de-culte-clandestin.jpg 800w, https:\/\/kapitalis.com\/tunisie\/wp-content\/uploads\/2024\/08\/Lieu-de-culte-clandestin-300x188.jpg 300w, https:\/\/kapitalis.com\/tunisie\/wp-content\/uploads\/2024\/08\/Lieu-de-culte-clandestin-768x480.jpg 768w, https:\/\/kapitalis.com\/tunisie\/wp-content\/uploads\/2024\/08\/Lieu-de-culte-clandestin-580x363.jpg 580w\" sizes=\"auto, (max-width: 800px) 100vw, 800px\" \/><\/figure>\n<\/div>\n\n\n<p>Elle a \u00e9galement indiqu\u00e9, dans un communiqu\u00e9 publi\u00e9 ce jeudi 1er ao\u00fbt 2024, que les agents de l\u2019ordre ont effectu\u00e9 une descente dans le local en question et y ont saisi des \u00e9quipements de sonorisation, des ordinateurs et des ouvrages religieux, ajoutant que le minist\u00e8re public a ordonn\u00e9 de placer les pr\u00e9venus en garde \u00e0 vue pour la suite de l\u2019enqu\u00eate.<\/p>\n\n\n\n<p class=\"has-text-align-right\"><strong>I. B.<\/strong> <\/p>\n","protected":false},"excerpt":{"rendered":"<p>Dix personnes de nationalit\u00e9s africaines subsahariennes arr\u00eat\u00e9es \u00e0 La Marsa, au nord de Tunis. <\/p>\n","protected":false},"author":8,"featured_media":13671215,"comment_status":"closed","ping_status":"open","sticky":false,"template":"","format":"standard","meta":{"footnotes":""},"categories":[998,2433],"tags":[2991,3146,62643],"class_list":["post-13671191","post","type-post","status-publish","format-standard","has-post-thumbnail","hentry","category-societe","category-tunisie","tag-la-marsa","tag-subsahariens","tag-tunisie"],"yoast_head":"<!-- This site is optimized with the Yoast SEO plugin v26.6 - https:\/\/yoast.com\/wordpress\/plugins\/seo\/ -->\n<title>La Marsa\u00a0: arrestation de 10 personnes de nationalit\u00e9s subsahariennes - Kapitalis<\/title>\n<meta name=\"robots\" content=\"index, follow, max-snippet:-1, max-image-preview:large, max-video-preview:-1\" \/>\n<link rel=\"canonical\" href=\"https:\/\/kapitalis.com\/tunisie\/2024\/08\/01\/la-marsa-arrestation-de-10-personnes-de-nationalites-subsahariennes\/\" \/>\n<meta property=\"og:locale\" content=\"fr_FR\" \/>\n<meta property=\"og:type\" content=\"article\" \/>\n<meta property=\"og:title\" content=\"La Marsa\u00a0: arrestation de 10 personnes de nationalit\u00e9s subsahariennes - Kapitalis\" \/>\n<meta property=\"og:description\" content=\"Dix personnes de nationalit\u00e9s africaines subsahariennes arr\u00eat\u00e9es \u00e0 La Marsa, au nord de Tunis.\" \/>\n<meta property=\"og:url\" content=\"https:\/\/kapitalis.com\/tunisie\/2024\/08\/01\/la-marsa-arrestation-de-10-personnes-de-nationalites-subsahariennes\/\" \/>\n<meta property=\"og:site_name\" content=\"Kapitalis\" \/>\n<meta property=\"article:publisher\" content=\"https:\/\/www.facebook.com\/KapitalisInfo\/\" \/>\n<meta property=\"article:published_time\" content=\"2024-08-01T12:21:37+00:00\" \/>\n<meta property=\"article:modified_time\" content=\"2024-08-01T12:28:20+00:00\" \/>\n<meta property=\"og:image\" content=\"https:\/\/kapitalis.com\/tunisie\/wp-content\/uploads\/2024\/08\/La-Marsa.jpg\" \/>\n\t<meta property=\"og:image:width\" content=\"1200\" \/>\n\t<meta property=\"og:image:height\" content=\"630\" \/>\n\t<meta property=\"og:image:type\" content=\"image\/jpeg\" \/>\n<meta name=\"author\" content=\"webmaster kapitalis\" \/>\n<meta name=\"twitter:card\" content=\"summary_large_image\" \/>\n<meta name=\"twitter:creator\" content=\"@KapitalisInfo\" \/>\n<meta name=\"twitter:site\" content=\"@KapitalisInfo\" \/>\n<meta name=\"twitter:label1\" content=\"\u00c9crit par\" \/>\n\t<meta name=\"twitter:data1\" content=\"webmaster kapitalis\" \/>\n\t<meta name=\"twitter:label2\" content=\"Dur\u00e9e de lecture estim\u00e9e\" \/>\n\t<meta name=\"twitter:data2\" content=\"2 minutes\" \/>\n<script type=\"application\/ld+json\" class=\"yoast-schema-graph\">{\"@context\":\"https:\/\/schema.org\",\"@graph\":[{\"@type\":\"Article\",\"@id\":\"https:\/\/kapitalis.com\/tunisie\/2024\/08\/01\/la-marsa-arrestation-de-10-personnes-de-nationalites-subsahariennes\/#article\",\"isPartOf\":{\"@id\":\"https:\/\/kapitalis.com\/tunisie\/2024\/08\/01\/la-marsa-arrestation-de-10-personnes-de-nationalites-subsahariennes\/\"},\"author\":{\"name\":\"webmaster kapitalis\",\"@id\":\"https:\/\/kapitalis.com\/tunisie\/#\/schema\/person\/d71f33a9ca44f7bad4698210b480c8e9\"},\"headline\":\"La Marsa\u00a0: arrestation de 10 personnes de nationalit\u00e9s subsahariennes\",\"datePublished\":\"2024-08-01T12:21:37+00:00\",\"dateModified\":\"2024-08-01T12:28:20+00:00\",\"mainEntityOfPage\":{\"@id\":\"https:\/\/kapitalis.com\/tunisie\/2024\/08\/01\/la-marsa-arrestation-de-10-personnes-de-nationalites-subsahariennes\/\"},\"wordCount\":166,\"publisher\":{\"@id\":\"https:\/\/kapitalis.com\/tunisie\/#organization\"},\"image\":{\"@id\":\"https:\/\/kapitalis.com\/tunisie\/2024\/08\/01\/la-marsa-arrestation-de-10-personnes-de-nationalites-subsahariennes\/#primaryimage\"},\"thumbnailUrl\":\"https:\/\/kapitalis.com\/tunisie\/wp-content\/uploads\/2024\/08\/La-Marsa.jpg\",\"keywords\":[\"La Marsa\",\"subsahariens\",\"Tunisie\"],\"articleSection\":[\"SOCIETE\",\"Tunisie\"],\"inLanguage\":\"fr-FR\"},{\"@type\":\"WebPage\",\"@id\":\"https:\/\/kapitalis.com\/tunisie\/2024\/08\/01\/la-marsa-arrestation-de-10-personnes-de-nationalites-subsahariennes\/\",\"url\":\"https:\/\/kapitalis.com\/tunisie\/2024\/08\/01\/la-marsa-arrestation-de-10-personnes-de-nationalites-subsahariennes\/\",\"name\":\"La Marsa\u00a0: arrestation de 10 personnes de nationalit\u00e9s subsahariennes - Kapitalis\",\"isPartOf\":{\"@id\":\"https:\/\/kapitalis.com\/tunisie\/#website\"},\"primaryImageOfPage\":{\"@id\":\"https:\/\/kapitalis.com\/tunisie\/2024\/08\/01\/la-marsa-arrestation-de-10-personnes-de-nationalites-subsahariennes\/#primaryimage\"},\"image\":{\"@id\":\"https:\/\/kapitalis.com\/tunisie\/2024\/08\/01\/la-marsa-arrestation-de-10-personnes-de-nationalites-subsahariennes\/#primaryimage\"},\"thumbnailUrl\":\"https:\/\/kapitalis.com\/tunisie\/wp-content\/uploads\/2024\/08\/La-Marsa.jpg\",\"datePublished\":\"2024-08-01T12:21:37+00:00\",\"dateModified\":\"2024-08-01T12:28:20+00:00\",\"breadcrumb\":{\"@id\":\"https:\/\/kapitalis.com\/tunisie\/2024\/08\/01\/la-marsa-arrestation-de-10-personnes-de-nationalites-subsahariennes\/#breadcrumb\"},\"inLanguage\":\"fr-FR\",\"potentialAction\":[{\"@type\":\"ReadAction\",\"target\":[\"https:\/\/kapitalis.com\/tunisie\/2024\/08\/01\/la-marsa-arrestation-de-10-personnes-de-nationalites-subsahariennes\/\"]}]},{\"@type\":\"ImageObject\",\"inLanguage\":\"fr-FR\",\"@id\":\"https:\/\/kapitalis.com\/tunisie\/2024\/08\/01\/la-marsa-arrestation-de-10-personnes-de-nationalites-subsahariennes\/#primaryimage\",\"url\":\"https:\/\/kapitalis.com\/tunisie\/wp-content\/uploads\/2024\/08\/La-Marsa.jpg\",\"contentUrl\":\"https:\/\/kapitalis.com\/tunisie\/wp-content\/uploads\/2024\/08\/La-Marsa.jpg\",\"width\":1200,\"height\":630},{\"@type\":\"BreadcrumbList\",\"@id\":\"https:\/\/kapitalis.com\/tunisie\/2024\/08\/01\/la-marsa-arrestation-de-10-personnes-de-nationalites-subsahariennes\/#breadcrumb\",\"itemListElement\":[{\"@type\":\"ListItem\",\"position\":1,\"name\":\"Accueil\",\"item\":\"https:\/\/kapitalis.com\/tunisie\/\"},{\"@type\":\"ListItem\",\"position\":2,\"name\":\"La Marsa\u00a0: arrestation de 10 personnes de nationalit\u00e9s subsahariennes\"}]},{\"@type\":\"WebSite\",\"@id\":\"https:\/\/kapitalis.com\/tunisie\/#website\",\"url\":\"https:\/\/kapitalis.com\/tunisie\/\",\"name\":\"Kapitalis\",\"description\":\"L&#039;actualit\u00e9 en Tunisie et dans le monde\",\"publisher\":{\"@id\":\"https:\/\/kapitalis.com\/tunisie\/#organization\"},\"potentialAction\":[{\"@type\":\"SearchAction\",\"target\":{\"@type\":\"EntryPoint\",\"urlTemplate\":\"https:\/\/kapitalis.com\/tunisie\/?s={search_term_string}\"},\"query-input\":{\"@type\":\"PropertyValueSpecification\",\"valueRequired\":true,\"valueName\":\"search_term_string\"}}],\"inLanguage\":\"fr-FR\"},{\"@type\":\"Organization\",\"@id\":\"https:\/\/kapitalis.com\/tunisie\/#organization\",\"name\":\"Kapitalis\",\"url\":\"https:\/\/kapitalis.com\/tunisie\/\",\"logo\":{\"@type\":\"ImageObject\",\"inLanguage\":\"fr-FR\",\"@id\":\"https:\/\/kapitalis.com\/tunisie\/#\/schema\/logo\/image\/\",\"url\":\"https:\/\/kapitalis.com\/tunisie\/wp-content\/uploads\/2022\/05\/Kapitalis-big-size.png\",\"contentUrl\":\"https:\/\/kapitalis.com\/tunisie\/wp-content\/uploads\/2022\/05\/Kapitalis-big-size.png\",\"width\":5000,\"height\":1500,\"caption\":\"Kapitalis\"},\"image\":{\"@id\":\"https:\/\/kapitalis.com\/tunisie\/#\/schema\/logo\/image\/\"},\"sameAs\":[\"https:\/\/www.facebook.com\/KapitalisInfo\/\",\"https:\/\/x.com\/KapitalisInfo\",\"https:\/\/www.youtube.com\/channel\/UC-yDYrHyfFBWWZaOw3FPg9Q\"]},{\"@type\":\"Person\",\"@id\":\"https:\/\/kapitalis.com\/tunisie\/#\/schema\/person\/d71f33a9ca44f7bad4698210b480c8e9\",\"name\":\"webmaster kapitalis\",\"url\":\"https:\/\/kapitalis.com\/tunisie\/author\/webmaster-kapitalis\/\"}]}<\/script>\n<!-- \/ Yoast SEO plugin. -->","yoast_head_json":{"title":"La Marsa\u00a0: arrestation de 10 personnes de nationalit\u00e9s subsahariennes - Kapitalis","robots":{"index":"index","follow":"follow","max-snippet":"max-snippet:-1","max-image-preview":"max-image-preview:large","max-video-preview":"max-video-preview:-1"},"canonical":"https:\/\/kapitalis.com\/tunisie\/2024\/08\/01\/la-marsa-arrestation-de-10-personnes-de-nationalites-subsahariennes\/","og_locale":"fr_FR","og_type":"article","og_title":"La Marsa\u00a0: arrestation de 10 personnes de nationalit\u00e9s subsahariennes - Kapitalis","og_description":"Dix personnes de nationalit\u00e9s africaines subsahariennes arr\u00eat\u00e9es \u00e0 La Marsa, au nord de Tunis.","og_url":"https:\/\/kapitalis.com\/tunisie\/2024\/08\/01\/la-marsa-arrestation-de-10-personnes-de-nationalites-subsahariennes\/","og_site_name":"Kapitalis","article_publisher":"https:\/\/www.facebook.com\/KapitalisInfo\/","article_published_time":"2024-08-01T12:21:37+00:00","article_modified_time":"2024-08-01T12:28:20+00:00","og_image":[{"width":1200,"height":630,"url":"https:\/\/kapitalis.com\/tunisie\/wp-content\/uploads\/2024\/08\/La-Marsa.jpg","type":"image\/jpeg"}],"author":"webmaster kapitalis","twitter_card":"summary_large_image","twitter_creator":"@KapitalisInfo","twitter_site":"@KapitalisInfo","twitter_misc":{"\u00c9crit par":"webmaster kapitalis","Dur\u00e9e de lecture estim\u00e9e":"2 minutes"},"schema":{"@context":"https:\/\/schema.org","@graph":[{"@type":"Article","@id":"https:\/\/kapitalis.com\/tunisie\/2024\/08\/01\/la-marsa-arrestation-de-10-personnes-de-nationalites-subsahariennes\/#article","isPartOf":{"@id":"https:\/\/kapitalis.com\/tunisie\/2024\/08\/01\/la-marsa-arrestation-de-10-personnes-de-nationalites-subsahariennes\/"},"author":{"name":"webmaster kapitalis","@id":"https:\/\/kapitalis.com\/tunisie\/#\/schema\/person\/d71f33a9ca44f7bad4698210b480c8e9"},"headline":"La Marsa\u00a0: arrestation de 10 personnes de nationalit\u00e9s subsahariennes","datePublished":"2024-08-01T12:21:37+00:00","dateModified":"2024-08-01T12:28:20+00:00","mainEntityOfPage":{"@id":"https:\/\/kapitalis.com\/tunisie\/2024\/08\/01\/la-marsa-arrestation-de-10-personnes-de-nationalites-subsahariennes\/"},"wordCount":166,"publisher":{"@id":"https:\/\/kapitalis.com\/tunisie\/#organization"},"image":{"@id":"https:\/\/kapitalis.com\/tunisie\/2024\/08\/01\/la-marsa-arrestation-de-10-personnes-de-nationalites-subsahariennes\/#primaryimage"},"thumbnailUrl":"https:\/\/kapitalis.com\/tunisie\/wp-content\/uploads\/2024\/08\/La-Marsa.jpg","keywords":["La Marsa","subsahariens","Tunisie"],"articleSection":["SOCIETE","Tunisie"],"inLanguage":"fr-FR"},{"@type":"WebPage","@id":"https:\/\/kapitalis.com\/tunisie\/2024\/08\/01\/la-marsa-arrestation-de-10-personnes-de-nationalites-subsahariennes\/","url":"https:\/\/kapitalis.com\/tunisie\/2024\/08\/01\/la-marsa-arrestation-de-10-personnes-de-nationalites-subsahariennes\/","name":"La Marsa\u00a0: arrestation de 10 personnes de nationalit\u00e9s subsahariennes - Kapitalis","isPartOf":{"@id":"https:\/\/kapitalis.com\/tunisie\/#website"},"primaryImageOfPage":{"@id":"https:\/\/kapitalis.com\/tunisie\/2024\/08\/01\/la-marsa-arrestation-de-10-personnes-de-nationalites-subsahariennes\/#primaryimage"},"image":{"@id":"https:\/\/kapitalis.com\/tunisie\/2024\/08\/01\/la-marsa-arrestation-de-10-personnes-de-nationalites-subsahariennes\/#primaryimage"},"thumbnailUrl":"https:\/\/kapitalis.com\/tunisie\/wp-content\/uploads\/2024\/08\/La-Marsa.jpg","datePublished":"2024-08-01T12:21:37+00:00","dateModified":"2024-08-01T12:28:20+00:00","breadcrumb":{"@id":"https:\/\/kapitalis.com\/tunisie\/2024\/08\/01\/la-marsa-arrestation-de-10-personnes-de-nationalites-subsahariennes\/#breadcrumb"},"inLanguage":"fr-FR","potentialAction":[{"@type":"ReadAction","target":["https:\/\/kapitalis.com\/tunisie\/2024\/08\/01\/la-marsa-arrestation-de-10-personnes-de-nationalites-subsahariennes\/"]}]},{"@type":"ImageObject","inLanguage":"fr-FR","@id":"https:\/\/kapitalis.com\/tunisie\/2024\/08\/01\/la-marsa-arrestation-de-10-personnes-de-nationalites-subsahariennes\/#primaryimage","url":"https:\/\/kapitalis.com\/tunisie\/wp-content\/uploads\/2024\/08\/La-Marsa.jpg","contentUrl":"https:\/\/kapitalis.com\/tunisie\/wp-content\/uploads\/2024\/08\/La-Marsa.jpg","width":1200,"height":630},{"@type":"BreadcrumbList","@id":"https:\/\/kapitalis.com\/tunisie\/2024\/08\/01\/la-marsa-arrestation-de-10-personnes-de-nationalites-subsahariennes\/#breadcrumb","itemListElement":[{"@type":"ListItem","position":1,"name":"Accueil","item":"https:\/\/kapitalis.com\/tunisie\/"},{"@type":"ListItem","position":2,"name":"La Marsa\u00a0: arrestation de 10 personnes de nationalit\u00e9s subsahariennes"}]},{"@type":"WebSite","@id":"https:\/\/kapitalis.com\/tunisie\/#website","url":"https:\/\/kapitalis.com\/tunisie\/","name":"Kapitalis","description":"L&#039;actualit\u00e9 en Tunisie et dans le monde","publisher":{"@id":"https:\/\/kapitalis.com\/tunisie\/#organization"},"potentialAction":[{"@type":"SearchAction","target":{"@type":"EntryPoint","urlTemplate":"https:\/\/kapitalis.com\/tunisie\/?s={search_term_string}"},"query-input":{"@type":"PropertyValueSpecification","valueRequired":true,"valueName":"search_term_string"}}],"inLanguage":"fr-FR"},{"@type":"Organization","@id":"https:\/\/kapitalis.com\/tunisie\/#organization","name":"Kapitalis","url":"https:\/\/kapitalis.com\/tunisie\/","logo":{"@type":"ImageObject","inLanguage":"fr-FR","@id":"https:\/\/kapitalis.com\/tunisie\/#\/schema\/logo\/image\/","url":"https:\/\/kapitalis.com\/tunisie\/wp-content\/uploads\/2022\/05\/Kapitalis-big-size.png","contentUrl":"https:\/\/kapitalis.com\/tunisie\/wp-content\/uploads\/2022\/05\/Kapitalis-big-size.png","width":5000,"height":1500,"caption":"Kapitalis"},"image":{"@id":"https:\/\/kapitalis.com\/tunisie\/#\/schema\/logo\/image\/"},"sameAs":["https:\/\/www.facebook.com\/KapitalisInfo\/","https:\/\/x.com\/KapitalisInfo","https:\/\/www.youtube.com\/channel\/UC-yDYrHyfFBWWZaOw3FPg9Q"]},{"@type":"Person","@id":"https:\/\/kapitalis.com\/tunisie\/#\/schema\/person\/d71f33a9ca44f7bad4698210b480c8e9","name":"webmaster kapitalis","url":"https:\/\/kapitalis.com\/tunisie\/author\/webmaster-kapitalis\/"}]}},"_links":{"self":[{"href":"https:\/\/kapitalis.com\/tunisie\/wp-json\/wp\/v2\/posts\/13671191","targetHints":{"allow":["GET"]}}],"collection":[{"href":"https:\/\/kapitalis.com\/tunisie\/wp-json\/wp\/v2\/posts"}],"about":[{"href":"https:\/\/kapitalis.com\/tunisie\/wp-json\/wp\/v2\/types\/post"}],"author":[{"embeddable":true,"href":"https:\/\/kapitalis.com\/tunisie\/wp-json\/wp\/v2\/users\/8"}],"replies":[{"embeddable":true,"href":"https:\/\/kapitalis.com\/tunisie\/wp-json\/wp\/v2\/comments?post=13671191"}],"version-history":[{"count":2,"href":"https:\/\/kapitalis.com\/tunisie\/wp-json\/wp\/v2\/posts\/13671191\/revisions"}],"predecessor-version":[{"id":13671286,"href":"https:\/\/kapitalis.com\/tunisie\/wp-json\/wp\/v2\/posts\/13671191\/revisions\/13671286"}],"wp:featuredmedia":[{"embeddable":true,"href":"https:\/\/kapitalis.com\/tunisie\/wp-json\/wp\/v2\/media\/13671215"}],"wp:attachment":[{"href":"https:\/\/kapitalis.com\/tunisie\/wp-json\/wp\/v2\/media?parent=13671191"}],"wp:term":[{"taxonomy":"category","embeddable":true,"href":"https:\/\/kapitalis.com\/tunisie\/wp-json\/wp\/v2\/categories?post=13671191"},{"taxonomy":"post_tag","embeddable":true,"href":"https:\/\/kapitalis.com\/tunisie\/wp-json\/wp\/v2\/tags?post=13671191"}],"curies":[{"name":"wp","href":"https:\/\/api.w.org\/{rel}","templated":true}]}}