{"id":13678761,"date":"2024-08-02T10:16:22","date_gmt":"2024-08-02T09:16:22","guid":{"rendered":"https:\/\/kapitalis.com\/tunisie\/?p=13678761"},"modified":"2024-08-02T10:16:24","modified_gmt":"2024-08-02T09:16:24","slug":"tunisie-trop-detat-tue-letat","status":"publish","type":"post","link":"https:\/\/kapitalis.com\/tunisie\/2024\/08\/02\/tunisie-trop-detat-tue-letat\/","title":{"rendered":"Tunisie\u00a0: Trop d\u2019Etat tue l\u2019Etat"},"content":{"rendered":"\n<p><strong><em>Pour sortir de la spirale infernale de la d\u00e9croissance et de la dislocation de son tissu social et par-del\u00e0 de son unit\u00e9 nationale, la Tunisie doit revoir le r\u00f4le de l\u2019Etat pour le faire passer du statut de collecteur d\u2019imp\u00f4t et de contr\u00f4leur de l\u2019\u00e9conomie et de la soci\u00e9t\u00e9 vers une structure d\u2019organisation moderne du vivre-ensemble avec le profond sentiment d\u2019\u00eatre au service du peuple et de son bien-\u00eatre.<\/em><\/strong> <em>(Illustration : palais du gouvernement \u00e0 la Kasbah, Tunis.)<\/em><\/p>\n\n\n\n<p><strong>Elyes Kasri <\/strong>*<\/p>\n\n\n\n<!--more-->\n\n\n<div class=\"wp-block-image\">\n<figure class=\"alignleft size-full\"><img decoding=\"async\" src=\"http:\/\/kapitalis.com\/tunisie\/wp-content\/uploads\/2021\/06\/Elyes-Kasri.jpg\" alt=\"\" class=\"wp-image-352204\"\/><\/figure>\n<\/div>\n\n\n<p>Alors que l\u2019\u00e9lection pr\u00e9sidentielle en Tunisie est \u00e0 son stade pr\u00e9liminaire de d\u00e9p\u00f4t des candidatures, il importe aux candidats de se d\u00e9partir des promesses creuses et des slogans clinquants qui ne visent qu\u2019\u00e0 hypnotiser les \u00e9lecteurs et \u00e0 r\u00e9colter des voix sans penser aux d\u00e9fis que posera leur concr\u00e9tisation compte tenu de la gravit\u00e9 des d\u00e9fis et inerties en Tunisie et de la conjoncture r\u00e9gionale et internationale pour laquelle de nombreux experts pr\u00e9disent une grave crise \u00e9conomique assortie du spectre d\u2019affrontements militaires avec un risque \u00e9lev\u00e9 de d\u00e9rapage vers un conflit mondial aux cons\u00e9quences impr\u00e9visibles pour toute la plan\u00e8te.<\/p>\n\n\n\n<p>Au-del\u00e0 des slogans relevant d\u2019id\u00e9ologies oscillant entre le fantasmagorique et l\u2019obsol\u00e8te et qui ont montr\u00e9 leur inad\u00e9quation avec les r\u00e9alit\u00e9s et exigences de la Tunisie, les candidats devront faire preuve d\u2019humilit\u00e9 et de sens des responsabilit\u00e9s envers un pays extr\u00eamement fragilis\u00e9 par des d\u00e9cennies de mauvais choix et de gouvernance qui se rapproche dangereusement de l\u2019auto immolation.<\/p>\n\n\n\n<h2 class=\"wp-block-heading\">Inverser le sch\u00e9ma : la soci\u00e9t\u00e9, l\u2019\u00e9conomie, l\u2019\u00c9tat\u2026 \u00a0<\/h2>\n\n\n\n<p>Une question fondamentale devra \u00eatre abord\u00e9e avec suffisamment d\u2019honn\u00eatet\u00e9, de s\u00e9rieux et de cr\u00e9dibilit\u00e9 par chaque candidat \u00e0 la pr\u00e9sidence de notre pays dans la phase la plus critique de son histoire moderne \u00e0 savoir le r\u00f4le de l\u2019\u00c9tat et sa relation avec la soci\u00e9t\u00e9 et l\u2019\u00e9conomie.<\/p>\n\n\n\n<p>S\u2019enferrer dans une vision postcoloniale de l\u2019Etat et de l\u2019administration (post empire ottoman et colonisation\/protectorat fran\u00e7ais) assortie de collecte d\u2019imp\u00f4ts et de relents de plus en plus factices, faute de moyens, d\u2019Etat providence, ne pourra que perp\u00e9tuer les inerties, la mauvaise gouvernance et les abus de toute sorte qui, loin d\u2019\u00eatre \u00e9pisodiques, prennent l\u2019allure de manifestations syst\u00e9miques.<\/p>\n\n\n\n<p>La concentration des pouvoirs et la perp\u00e9tuation du pouvoir discr\u00e9tionnaire qui tend \u00e0 se mouvoir en pouvoir arbitraire avec un \u00e9talement de l\u2019intervention de l\u2019Etat et de l\u2019administration dans la majorit\u00e9 des secteurs sociaux et \u00e9conomiques, avec des moyens humains et mat\u00e9riels de plus en plus insuffisants, donne l\u2019impression d\u2019une faiblesse et, m\u00eame des fois, de la d\u00e9mission de l\u2019Etat et de la prolif\u00e9ration des centres de d\u00e9cision et m\u00eame de contre-pouvoirs en son sein et de ce qui est qualifi\u00e9 d\u2019Etat profond.<\/p>\n\n\n\n<h2 class=\"wp-block-heading\">Revoir le r\u00f4le de l\u2019Etat<\/h2>\n\n\n\n<p>Parler d\u2019Etat profond en Tunisie n\u2019est pas une exag\u00e9ration ou une vue de l\u2019esprit. Car, selon mon exp\u00e9rience personnelle \u00e0 l\u2019int\u00e9rieur et \u00e0 l\u2019ext\u00e9rieur du pays durant les ann\u00e9es de braise, j\u2019ai relev\u00e9 des indices troublants de l\u2019existence d\u2019une administration profonde qui change de couleur comme un cam\u00e9l\u00e9on pour se mettre au service du r\u00e9gime en place sous des slogans \u00e0 chaque fois renouvel\u00e9s, mais qui, en r\u00e9alit\u00e9, ne sert que ses propres int\u00e9r\u00eats de types clanique, corporatiste ou r\u00e9gional. Cette conclusion, m\u00eame si elle semble \u00e9maner d\u2019une impression personnelle, est confirm\u00e9e par l\u2019aggravation de ce ph\u00e9nom\u00e8ne au cours des derni\u00e8res ann\u00e9es, suscitant perplexit\u00e9 et inqui\u00e9tude quant l\u2019avenir de la Tunisie.<\/p>\n\n\n\n<p>Comme il est admis que trop d\u2019imp\u00f4t tue l\u2019imp\u00f4t, il ne serait pas excessif de dire que trop d\u2019Etat tue l\u2019Etat, avec toutes les cons\u00e9quences sociales, \u00e9conomiques et s\u00e9curitaires.<\/p>\n\n\n\n<p>La Tunisie est d\u00e9sormais confront\u00e9e au d\u00e9fi de revoir le r\u00f4le de l\u2019Etat pour le faire passer du statut de collecteur d\u2019imp\u00f4t et de contr\u00f4leur de l\u2019\u00e9conomie et de la soci\u00e9t\u00e9 avec une perception de domination et d\u2019omnipuissance, vers une structure d\u2019organisation moderne du vivre-ensemble avec le profond sentiment d\u2019\u00eatre au service du peuple et de son bien-\u00eatre plut\u00f4t que de soucier de son omnipuissance et de la perp\u00e9tuation de son emprise et de ses avantages mat\u00e9riels et immat\u00e9riels.<\/p>\n\n\n\n<p>Tel est le principal d\u00e9fi de la d\u00e9mocratie, du d\u00e9veloppement et du vivre-ensemble auquel fait face avec une acuit\u00e9 croissante la Tunisie si elle a la volont\u00e9 de sortir de la spirale infernale de la d\u00e9croissance et de la dislocation de son tissu social et par-del\u00e0 de son unit\u00e9 nationale.<\/p>\n\n\n\n<p>* <em>Ancien ambassadeur.<\/em><\/p>\n","protected":false},"excerpt":{"rendered":"<p>La Tunisie doit revoir le r\u00f4le de l\u2019Etat pour le faire passer du statut de collecteur d\u2019imp\u00f4t et de contr\u00f4leur de l\u2019\u00e9conomie et de la soci\u00e9t\u00e9 vers une structure d\u2019organisation moderne du vivre-ensemble.<\/p>\n","protected":false},"author":8,"featured_media":11687817,"comment_status":"closed","ping_status":"open","sticky":false,"template":"","format":"standard","meta":{"footnotes":""},"categories":[992,997,1000,2433],"tags":[117255,71821,82341,117254,62643],"class_list":["post-13678761","post","type-post","status-publish","format-standard","has-post-thumbnail","hentry","category-a-la-une","category-politique","category-tribune","category-tunisie","tag-administration-profonde","tag-elyes-kasri","tag-etat-profond","tag-role-de-letat","tag-tunisie"],"yoast_head":"<!-- This site is optimized with the Yoast SEO plugin v26.6 - https:\/\/yoast.com\/wordpress\/plugins\/seo\/ -->\n<title>Tunisie\u00a0: Trop d\u2019Etat tue l\u2019Etat - Kapitalis<\/title>\n<meta name=\"robots\" content=\"index, follow, max-snippet:-1, max-image-preview:large, max-video-preview:-1\" \/>\n<link rel=\"canonical\" href=\"https:\/\/kapitalis.com\/tunisie\/2024\/08\/02\/tunisie-trop-detat-tue-letat\/\" \/>\n<meta property=\"og:locale\" content=\"fr_FR\" \/>\n<meta property=\"og:type\" content=\"article\" \/>\n<meta property=\"og:title\" content=\"Tunisie\u00a0: Trop d\u2019Etat tue l\u2019Etat - Kapitalis\" \/>\n<meta property=\"og:description\" content=\"La Tunisie doit revoir le r\u00f4le de l\u2019Etat pour le faire passer du statut de collecteur d\u2019imp\u00f4t et de contr\u00f4leur de l\u2019\u00e9conomie et de la soci\u00e9t\u00e9 vers une structure d\u2019organisation moderne du vivre-ensemble.\" \/>\n<meta property=\"og:url\" content=\"https:\/\/kapitalis.com\/tunisie\/2024\/08\/02\/tunisie-trop-detat-tue-letat\/\" \/>\n<meta property=\"og:site_name\" content=\"Kapitalis\" \/>\n<meta property=\"article:publisher\" content=\"https:\/\/www.facebook.com\/KapitalisInfo\/\" \/>\n<meta property=\"article:published_time\" content=\"2024-08-02T09:16:22+00:00\" \/>\n<meta property=\"article:modified_time\" content=\"2024-08-02T09:16:24+00:00\" \/>\n<meta property=\"og:image\" content=\"https:\/\/kapitalis.com\/tunisie\/wp-content\/uploads\/2024\/02\/Palais-du-Gouvernement.jpg\" \/>\n\t<meta property=\"og:image:width\" content=\"1200\" \/>\n\t<meta property=\"og:image:height\" content=\"630\" \/>\n\t<meta property=\"og:image:type\" content=\"image\/jpeg\" \/>\n<meta name=\"author\" content=\"webmaster kapitalis\" \/>\n<meta name=\"twitter:card\" content=\"summary_large_image\" \/>\n<meta name=\"twitter:creator\" content=\"@KapitalisInfo\" \/>\n<meta name=\"twitter:site\" content=\"@KapitalisInfo\" \/>\n<meta name=\"twitter:label1\" content=\"\u00c9crit par\" \/>\n\t<meta name=\"twitter:data1\" content=\"webmaster kapitalis\" \/>\n\t<meta name=\"twitter:label2\" content=\"Dur\u00e9e de lecture estim\u00e9e\" \/>\n\t<meta name=\"twitter:data2\" content=\"5 minutes\" \/>\n<script type=\"application\/ld+json\" class=\"yoast-schema-graph\">{\"@context\":\"https:\/\/schema.org\",\"@graph\":[{\"@type\":\"Article\",\"@id\":\"https:\/\/kapitalis.com\/tunisie\/2024\/08\/02\/tunisie-trop-detat-tue-letat\/#article\",\"isPartOf\":{\"@id\":\"https:\/\/kapitalis.com\/tunisie\/2024\/08\/02\/tunisie-trop-detat-tue-letat\/\"},\"author\":{\"name\":\"webmaster kapitalis\",\"@id\":\"https:\/\/kapitalis.com\/tunisie\/#\/schema\/person\/d71f33a9ca44f7bad4698210b480c8e9\"},\"headline\":\"Tunisie\u00a0: Trop d\u2019Etat tue l\u2019Etat\",\"datePublished\":\"2024-08-02T09:16:22+00:00\",\"dateModified\":\"2024-08-02T09:16:24+00:00\",\"mainEntityOfPage\":{\"@id\":\"https:\/\/kapitalis.com\/tunisie\/2024\/08\/02\/tunisie-trop-detat-tue-letat\/\"},\"wordCount\":847,\"publisher\":{\"@id\":\"https:\/\/kapitalis.com\/tunisie\/#organization\"},\"image\":{\"@id\":\"https:\/\/kapitalis.com\/tunisie\/2024\/08\/02\/tunisie-trop-detat-tue-letat\/#primaryimage\"},\"thumbnailUrl\":\"https:\/\/kapitalis.com\/tunisie\/wp-content\/uploads\/2024\/02\/Palais-du-Gouvernement.jpg\",\"keywords\":[\"administration profonde\",\"Ely\u00e8s Kasri\",\"Etat profond\",\"r\u00f4le de l'Etat\",\"Tunisie\"],\"articleSection\":[\"A LA UNE\",\"POLITIQUE\",\"TRIBUNE\",\"Tunisie\"],\"inLanguage\":\"fr-FR\"},{\"@type\":\"WebPage\",\"@id\":\"https:\/\/kapitalis.com\/tunisie\/2024\/08\/02\/tunisie-trop-detat-tue-letat\/\",\"url\":\"https:\/\/kapitalis.com\/tunisie\/2024\/08\/02\/tunisie-trop-detat-tue-letat\/\",\"name\":\"Tunisie\u00a0: Trop d\u2019Etat tue l\u2019Etat - Kapitalis\",\"isPartOf\":{\"@id\":\"https:\/\/kapitalis.com\/tunisie\/#website\"},\"primaryImageOfPage\":{\"@id\":\"https:\/\/kapitalis.com\/tunisie\/2024\/08\/02\/tunisie-trop-detat-tue-letat\/#primaryimage\"},\"image\":{\"@id\":\"https:\/\/kapitalis.com\/tunisie\/2024\/08\/02\/tunisie-trop-detat-tue-letat\/#primaryimage\"},\"thumbnailUrl\":\"https:\/\/kapitalis.com\/tunisie\/wp-content\/uploads\/2024\/02\/Palais-du-Gouvernement.jpg\",\"datePublished\":\"2024-08-02T09:16:22+00:00\",\"dateModified\":\"2024-08-02T09:16:24+00:00\",\"breadcrumb\":{\"@id\":\"https:\/\/kapitalis.com\/tunisie\/2024\/08\/02\/tunisie-trop-detat-tue-letat\/#breadcrumb\"},\"inLanguage\":\"fr-FR\",\"potentialAction\":[{\"@type\":\"ReadAction\",\"target\":[\"https:\/\/kapitalis.com\/tunisie\/2024\/08\/02\/tunisie-trop-detat-tue-letat\/\"]}]},{\"@type\":\"ImageObject\",\"inLanguage\":\"fr-FR\",\"@id\":\"https:\/\/kapitalis.com\/tunisie\/2024\/08\/02\/tunisie-trop-detat-tue-letat\/#primaryimage\",\"url\":\"https:\/\/kapitalis.com\/tunisie\/wp-content\/uploads\/2024\/02\/Palais-du-Gouvernement.jpg\",\"contentUrl\":\"https:\/\/kapitalis.com\/tunisie\/wp-content\/uploads\/2024\/02\/Palais-du-Gouvernement.jpg\",\"width\":1200,\"height\":630},{\"@type\":\"BreadcrumbList\",\"@id\":\"https:\/\/kapitalis.com\/tunisie\/2024\/08\/02\/tunisie-trop-detat-tue-letat\/#breadcrumb\",\"itemListElement\":[{\"@type\":\"ListItem\",\"position\":1,\"name\":\"Accueil\",\"item\":\"https:\/\/kapitalis.com\/tunisie\/\"},{\"@type\":\"ListItem\",\"position\":2,\"name\":\"Tunisie\u00a0: Trop d\u2019Etat tue l\u2019Etat\"}]},{\"@type\":\"WebSite\",\"@id\":\"https:\/\/kapitalis.com\/tunisie\/#website\",\"url\":\"https:\/\/kapitalis.com\/tunisie\/\",\"name\":\"Kapitalis\",\"description\":\"L&#039;actualit\u00e9 en Tunisie et dans le monde\",\"publisher\":{\"@id\":\"https:\/\/kapitalis.com\/tunisie\/#organization\"},\"potentialAction\":[{\"@type\":\"SearchAction\",\"target\":{\"@type\":\"EntryPoint\",\"urlTemplate\":\"https:\/\/kapitalis.com\/tunisie\/?s={search_term_string}\"},\"query-input\":{\"@type\":\"PropertyValueSpecification\",\"valueRequired\":true,\"valueName\":\"search_term_string\"}}],\"inLanguage\":\"fr-FR\"},{\"@type\":\"Organization\",\"@id\":\"https:\/\/kapitalis.com\/tunisie\/#organization\",\"name\":\"Kapitalis\",\"url\":\"https:\/\/kapitalis.com\/tunisie\/\",\"logo\":{\"@type\":\"ImageObject\",\"inLanguage\":\"fr-FR\",\"@id\":\"https:\/\/kapitalis.com\/tunisie\/#\/schema\/logo\/image\/\",\"url\":\"https:\/\/kapitalis.com\/tunisie\/wp-content\/uploads\/2022\/05\/Kapitalis-big-size.png\",\"contentUrl\":\"https:\/\/kapitalis.com\/tunisie\/wp-content\/uploads\/2022\/05\/Kapitalis-big-size.png\",\"width\":5000,\"height\":1500,\"caption\":\"Kapitalis\"},\"image\":{\"@id\":\"https:\/\/kapitalis.com\/tunisie\/#\/schema\/logo\/image\/\"},\"sameAs\":[\"https:\/\/www.facebook.com\/KapitalisInfo\/\",\"https:\/\/x.com\/KapitalisInfo\",\"https:\/\/www.youtube.com\/channel\/UC-yDYrHyfFBWWZaOw3FPg9Q\"]},{\"@type\":\"Person\",\"@id\":\"https:\/\/kapitalis.com\/tunisie\/#\/schema\/person\/d71f33a9ca44f7bad4698210b480c8e9\",\"name\":\"webmaster kapitalis\",\"url\":\"https:\/\/kapitalis.com\/tunisie\/author\/webmaster-kapitalis\/\"}]}<\/script>\n<!-- \/ Yoast SEO plugin. -->","yoast_head_json":{"title":"Tunisie\u00a0: Trop d\u2019Etat tue l\u2019Etat - Kapitalis","robots":{"index":"index","follow":"follow","max-snippet":"max-snippet:-1","max-image-preview":"max-image-preview:large","max-video-preview":"max-video-preview:-1"},"canonical":"https:\/\/kapitalis.com\/tunisie\/2024\/08\/02\/tunisie-trop-detat-tue-letat\/","og_locale":"fr_FR","og_type":"article","og_title":"Tunisie\u00a0: Trop d\u2019Etat tue l\u2019Etat - Kapitalis","og_description":"La Tunisie doit revoir le r\u00f4le de l\u2019Etat pour le faire passer du statut de collecteur d\u2019imp\u00f4t et de contr\u00f4leur de l\u2019\u00e9conomie et de la soci\u00e9t\u00e9 vers une structure d\u2019organisation moderne du vivre-ensemble.","og_url":"https:\/\/kapitalis.com\/tunisie\/2024\/08\/02\/tunisie-trop-detat-tue-letat\/","og_site_name":"Kapitalis","article_publisher":"https:\/\/www.facebook.com\/KapitalisInfo\/","article_published_time":"2024-08-02T09:16:22+00:00","article_modified_time":"2024-08-02T09:16:24+00:00","og_image":[{"width":1200,"height":630,"url":"https:\/\/kapitalis.com\/tunisie\/wp-content\/uploads\/2024\/02\/Palais-du-Gouvernement.jpg","type":"image\/jpeg"}],"author":"webmaster kapitalis","twitter_card":"summary_large_image","twitter_creator":"@KapitalisInfo","twitter_site":"@KapitalisInfo","twitter_misc":{"\u00c9crit par":"webmaster kapitalis","Dur\u00e9e de lecture estim\u00e9e":"5 minutes"},"schema":{"@context":"https:\/\/schema.org","@graph":[{"@type":"Article","@id":"https:\/\/kapitalis.com\/tunisie\/2024\/08\/02\/tunisie-trop-detat-tue-letat\/#article","isPartOf":{"@id":"https:\/\/kapitalis.com\/tunisie\/2024\/08\/02\/tunisie-trop-detat-tue-letat\/"},"author":{"name":"webmaster kapitalis","@id":"https:\/\/kapitalis.com\/tunisie\/#\/schema\/person\/d71f33a9ca44f7bad4698210b480c8e9"},"headline":"Tunisie\u00a0: Trop d\u2019Etat tue l\u2019Etat","datePublished":"2024-08-02T09:16:22+00:00","dateModified":"2024-08-02T09:16:24+00:00","mainEntityOfPage":{"@id":"https:\/\/kapitalis.com\/tunisie\/2024\/08\/02\/tunisie-trop-detat-tue-letat\/"},"wordCount":847,"publisher":{"@id":"https:\/\/kapitalis.com\/tunisie\/#organization"},"image":{"@id":"https:\/\/kapitalis.com\/tunisie\/2024\/08\/02\/tunisie-trop-detat-tue-letat\/#primaryimage"},"thumbnailUrl":"https:\/\/kapitalis.com\/tunisie\/wp-content\/uploads\/2024\/02\/Palais-du-Gouvernement.jpg","keywords":["administration profonde","Ely\u00e8s Kasri","Etat profond","r\u00f4le de l'Etat","Tunisie"],"articleSection":["A LA UNE","POLITIQUE","TRIBUNE","Tunisie"],"inLanguage":"fr-FR"},{"@type":"WebPage","@id":"https:\/\/kapitalis.com\/tunisie\/2024\/08\/02\/tunisie-trop-detat-tue-letat\/","url":"https:\/\/kapitalis.com\/tunisie\/2024\/08\/02\/tunisie-trop-detat-tue-letat\/","name":"Tunisie\u00a0: Trop d\u2019Etat tue l\u2019Etat - Kapitalis","isPartOf":{"@id":"https:\/\/kapitalis.com\/tunisie\/#website"},"primaryImageOfPage":{"@id":"https:\/\/kapitalis.com\/tunisie\/2024\/08\/02\/tunisie-trop-detat-tue-letat\/#primaryimage"},"image":{"@id":"https:\/\/kapitalis.com\/tunisie\/2024\/08\/02\/tunisie-trop-detat-tue-letat\/#primaryimage"},"thumbnailUrl":"https:\/\/kapitalis.com\/tunisie\/wp-content\/uploads\/2024\/02\/Palais-du-Gouvernement.jpg","datePublished":"2024-08-02T09:16:22+00:00","dateModified":"2024-08-02T09:16:24+00:00","breadcrumb":{"@id":"https:\/\/kapitalis.com\/tunisie\/2024\/08\/02\/tunisie-trop-detat-tue-letat\/#breadcrumb"},"inLanguage":"fr-FR","potentialAction":[{"@type":"ReadAction","target":["https:\/\/kapitalis.com\/tunisie\/2024\/08\/02\/tunisie-trop-detat-tue-letat\/"]}]},{"@type":"ImageObject","inLanguage":"fr-FR","@id":"https:\/\/kapitalis.com\/tunisie\/2024\/08\/02\/tunisie-trop-detat-tue-letat\/#primaryimage","url":"https:\/\/kapitalis.com\/tunisie\/wp-content\/uploads\/2024\/02\/Palais-du-Gouvernement.jpg","contentUrl":"https:\/\/kapitalis.com\/tunisie\/wp-content\/uploads\/2024\/02\/Palais-du-Gouvernement.jpg","width":1200,"height":630},{"@type":"BreadcrumbList","@id":"https:\/\/kapitalis.com\/tunisie\/2024\/08\/02\/tunisie-trop-detat-tue-letat\/#breadcrumb","itemListElement":[{"@type":"ListItem","position":1,"name":"Accueil","item":"https:\/\/kapitalis.com\/tunisie\/"},{"@type":"ListItem","position":2,"name":"Tunisie\u00a0: Trop d\u2019Etat tue l\u2019Etat"}]},{"@type":"WebSite","@id":"https:\/\/kapitalis.com\/tunisie\/#website","url":"https:\/\/kapitalis.com\/tunisie\/","name":"Kapitalis","description":"L&#039;actualit\u00e9 en Tunisie et dans le monde","publisher":{"@id":"https:\/\/kapitalis.com\/tunisie\/#organization"},"potentialAction":[{"@type":"SearchAction","target":{"@type":"EntryPoint","urlTemplate":"https:\/\/kapitalis.com\/tunisie\/?s={search_term_string}"},"query-input":{"@type":"PropertyValueSpecification","valueRequired":true,"valueName":"search_term_string"}}],"inLanguage":"fr-FR"},{"@type":"Organization","@id":"https:\/\/kapitalis.com\/tunisie\/#organization","name":"Kapitalis","url":"https:\/\/kapitalis.com\/tunisie\/","logo":{"@type":"ImageObject","inLanguage":"fr-FR","@id":"https:\/\/kapitalis.com\/tunisie\/#\/schema\/logo\/image\/","url":"https:\/\/kapitalis.com\/tunisie\/wp-content\/uploads\/2022\/05\/Kapitalis-big-size.png","contentUrl":"https:\/\/kapitalis.com\/tunisie\/wp-content\/uploads\/2022\/05\/Kapitalis-big-size.png","width":5000,"height":1500,"caption":"Kapitalis"},"image":{"@id":"https:\/\/kapitalis.com\/tunisie\/#\/schema\/logo\/image\/"},"sameAs":["https:\/\/www.facebook.com\/KapitalisInfo\/","https:\/\/x.com\/KapitalisInfo","https:\/\/www.youtube.com\/channel\/UC-yDYrHyfFBWWZaOw3FPg9Q"]},{"@type":"Person","@id":"https:\/\/kapitalis.com\/tunisie\/#\/schema\/person\/d71f33a9ca44f7bad4698210b480c8e9","name":"webmaster kapitalis","url":"https:\/\/kapitalis.com\/tunisie\/author\/webmaster-kapitalis\/"}]}},"_links":{"self":[{"href":"https:\/\/kapitalis.com\/tunisie\/wp-json\/wp\/v2\/posts\/13678761","targetHints":{"allow":["GET"]}}],"collection":[{"href":"https:\/\/kapitalis.com\/tunisie\/wp-json\/wp\/v2\/posts"}],"about":[{"href":"https:\/\/kapitalis.com\/tunisie\/wp-json\/wp\/v2\/types\/post"}],"author":[{"embeddable":true,"href":"https:\/\/kapitalis.com\/tunisie\/wp-json\/wp\/v2\/users\/8"}],"replies":[{"embeddable":true,"href":"https:\/\/kapitalis.com\/tunisie\/wp-json\/wp\/v2\/comments?post=13678761"}],"version-history":[{"count":1,"href":"https:\/\/kapitalis.com\/tunisie\/wp-json\/wp\/v2\/posts\/13678761\/revisions"}],"predecessor-version":[{"id":13678815,"href":"https:\/\/kapitalis.com\/tunisie\/wp-json\/wp\/v2\/posts\/13678761\/revisions\/13678815"}],"wp:featuredmedia":[{"embeddable":true,"href":"https:\/\/kapitalis.com\/tunisie\/wp-json\/wp\/v2\/media\/11687817"}],"wp:attachment":[{"href":"https:\/\/kapitalis.com\/tunisie\/wp-json\/wp\/v2\/media?parent=13678761"}],"wp:term":[{"taxonomy":"category","embeddable":true,"href":"https:\/\/kapitalis.com\/tunisie\/wp-json\/wp\/v2\/categories?post=13678761"},{"taxonomy":"post_tag","embeddable":true,"href":"https:\/\/kapitalis.com\/tunisie\/wp-json\/wp\/v2\/tags?post=13678761"}],"curies":[{"name":"wp","href":"https:\/\/api.w.org\/{rel}","templated":true}]}}