{"id":13682234,"date":"2024-08-02T20:34:05","date_gmt":"2024-08-02T19:34:05","guid":{"rendered":"https:\/\/kapitalis.com\/tunisie\/?p=13682234"},"modified":"2024-08-02T20:36:52","modified_gmt":"2024-08-02T19:36:52","slug":"mandats-de-depot-contre-3-membres-de-la-campagne-electorale-de-nizar-chaari","status":"publish","type":"post","link":"https:\/\/kapitalis.com\/tunisie\/2024\/08\/02\/mandats-de-depot-contre-3-membres-de-la-campagne-electorale-de-nizar-chaari\/","title":{"rendered":"Mandats de d\u00e9p\u00f4t contre 3 membres de la campagne \u00e9lectorale de Nizar Cha\u00e2ri"},"content":{"rendered":"\n<p><strong><em>Le minist\u00e8re public pr\u00e8s le tribunal de premi\u00e8re instance de Tunis a \u00e9mis, ce vendredi 2 ao\u00fbt 2024, des mandats de d\u00e9p\u00f4t contre les trois membres de la campagne \u00e9lectorale du candidat \u00e0 la pr\u00e9sidentielle Nizar Chaari, arr\u00eat\u00e9s mardi dernier.<\/em><\/strong><\/p>\n\n\n\n<!--more-->\n\n\n\n<p>Ces derniers compara\u00eetront devant le tribunal correctionnel, en \u00e9tat d&rsquo;arrestation, indique Mosa\u00efque FM, sachant que ces derniers avaient \u00e9t\u00e9 plac\u00e9s en garde \u00e0 vue pour une accusation de falsification de parrainages \u00e0 la candidature pour la pr\u00e9sidentielle.<\/p>\n\n\n\n<p>Nizar Cha\u00e2ri candidat \u00e0 la pr\u00e9sidentielle du 6 octobre, avait pour sa part d\u00e9nonc\u00e9 dans la soir\u00e9e du 30 juillet un acharnement apr\u00e8s l\u2019arrestation des membres de son \u00e9quipe, notamment son directeur de campagne Lotfi Sa\u00efdi lieutenant-colonel retrait\u00e9 de l\u2019arm\u00e9e et le charg\u00e9 de la collecte des parrainages pour sa candidature \u00e0 Sousse.<\/p>\n\n\n\n<p class=\"has-text-align-right\"><strong>Y. N.<\/strong><\/p>\n\n\n\n<figure class=\"wp-block-embed is-type-wp-embed is-provider-kapitalis wp-block-embed-kapitalis\"><div class=\"wp-block-embed__wrapper\">\n<blockquote class=\"wp-embedded-content\" data-secret=\"KBumS0tG75\"><a href=\"https:\/\/kapitalis.com\/tunisie\/2024\/08\/02\/tunisie-garde-a-vue-prolongee-pour-trois-membres-de-la-campagne-de-nizar-chaari\/\">Tunisie\u00a0: Garde \u00e0 vue prolong\u00e9e pour trois membres de la campagne de Nizar Cha\u00e2ri<\/a><\/blockquote><iframe loading=\"lazy\" class=\"wp-embedded-content\" sandbox=\"allow-scripts\" security=\"restricted\" style=\"position: absolute; visibility: hidden;\" title=\"\u00ab\u00a0Tunisie\u00a0: Garde \u00e0 vue prolong\u00e9e pour trois membres de la campagne de Nizar Cha\u00e2ri\u00a0\u00bb &#8212; Kapitalis\" src=\"https:\/\/kapitalis.com\/tunisie\/2024\/08\/02\/tunisie-garde-a-vue-prolongee-pour-trois-membres-de-la-campagne-de-nizar-chaari\/embed\/#?secret=w3y8QA1xNE#?secret=KBumS0tG75\" data-secret=\"KBumS0tG75\" width=\"600\" height=\"338\" frameborder=\"0\" marginwidth=\"0\" marginheight=\"0\" scrolling=\"no\"><\/iframe>\n<\/div><\/figure>\n\n\n\n<figure class=\"wp-block-embed is-type-wp-embed is-provider-kapitalis wp-block-embed-kapitalis\"><div class=\"wp-block-embed__wrapper\">\n<blockquote class=\"wp-embedded-content\" data-secret=\"OmbUcPAEAJ\"><a href=\"https:\/\/kapitalis.com\/tunisie\/2024\/07\/30\/nizar-chaari-denonce-le-directeur-de-ma-campagne-et-le-charge-des-parrainages-arretes-video\/\">Nizar Cha\u00e2ri d\u00e9nonce : \u00ab Le directeur de ma campagne et le charg\u00e9 des parrainages arr\u00eat\u00e9s ! \u00bb (Vid\u00e9o)<\/a><\/blockquote><iframe loading=\"lazy\" class=\"wp-embedded-content\" sandbox=\"allow-scripts\" security=\"restricted\" style=\"position: absolute; visibility: hidden;\" title=\"\u00ab\u00a0Nizar Cha\u00e2ri d\u00e9nonce : \u00ab Le directeur de ma campagne et le charg\u00e9 des parrainages arr\u00eat\u00e9s ! \u00bb (Vid\u00e9o)\u00a0\u00bb &#8212; Kapitalis\" src=\"https:\/\/kapitalis.com\/tunisie\/2024\/07\/30\/nizar-chaari-denonce-le-directeur-de-ma-campagne-et-le-charge-des-parrainages-arretes-video\/embed\/#?secret=gGmtnYdntK#?secret=OmbUcPAEAJ\" data-secret=\"OmbUcPAEAJ\" width=\"600\" height=\"338\" frameborder=\"0\" marginwidth=\"0\" marginheight=\"0\" scrolling=\"no\"><\/iframe>\n<\/div><\/figure>\n","protected":false},"excerpt":{"rendered":"<p>Le minist\u00e8re public pr\u00e8s le tribunal de premi\u00e8re instance de Tunis a \u00e9mis, ce vendredi 2 ao\u00fbt 2024, des mandats de d\u00e9p\u00f4t contre les trois membres de la campagne \u00e9lectorale du candidat \u00e0 la pr\u00e9sidentielle Nizar Chaari, arr\u00eat\u00e9s mardi dernier.<\/p>\n","protected":false},"author":6,"featured_media":12055048,"comment_status":"closed","ping_status":"open","sticky":false,"template":"","format":"standard","meta":{"footnotes":""},"categories":[997,2433],"tags":[117262,3566,69360,103320,4797,62643],"class_list":["post-13682234","post","type-post","status-publish","format-standard","has-post-thumbnail","hentry","category-politique","category-tunisie","tag-drecteur-de-campagne","tag-mandat-de-depot","tag-nizar-chaari","tag-parrainages","tag-presidentielle","tag-tunisie"],"yoast_head":"<!-- This site is optimized with the Yoast SEO plugin v26.6 - https:\/\/yoast.com\/wordpress\/plugins\/seo\/ -->\n<title>Mandats de d\u00e9p\u00f4t contre 3 membres de la campagne \u00e9lectorale de Nizar Cha\u00e2ri - Kapitalis<\/title>\n<meta name=\"robots\" content=\"index, follow, max-snippet:-1, max-image-preview:large, max-video-preview:-1\" \/>\n<link rel=\"canonical\" href=\"https:\/\/kapitalis.com\/tunisie\/2024\/08\/02\/mandats-de-depot-contre-3-membres-de-la-campagne-electorale-de-nizar-chaari\/\" \/>\n<meta property=\"og:locale\" content=\"fr_FR\" \/>\n<meta property=\"og:type\" content=\"article\" \/>\n<meta property=\"og:title\" content=\"Mandats de d\u00e9p\u00f4t contre 3 membres de la campagne \u00e9lectorale de Nizar Cha\u00e2ri - Kapitalis\" \/>\n<meta property=\"og:description\" content=\"Le minist\u00e8re public pr\u00e8s le tribunal de premi\u00e8re instance de Tunis a \u00e9mis, ce vendredi 2 ao\u00fbt 2024, des mandats de d\u00e9p\u00f4t contre les trois membres de la campagne \u00e9lectorale du candidat \u00e0 la pr\u00e9sidentielle Nizar Chaari, arr\u00eat\u00e9s mardi dernier.\" \/>\n<meta property=\"og:url\" content=\"https:\/\/kapitalis.com\/tunisie\/2024\/08\/02\/mandats-de-depot-contre-3-membres-de-la-campagne-electorale-de-nizar-chaari\/\" \/>\n<meta property=\"og:site_name\" content=\"Kapitalis\" \/>\n<meta property=\"article:publisher\" content=\"https:\/\/www.facebook.com\/KapitalisInfo\/\" \/>\n<meta property=\"article:published_time\" content=\"2024-08-02T19:34:05+00:00\" \/>\n<meta property=\"article:modified_time\" content=\"2024-08-02T19:36:52+00:00\" \/>\n<meta property=\"og:image\" content=\"https:\/\/kapitalis.com\/tunisie\/wp-content\/uploads\/2024\/03\/NIzar-Chaari-3.jpg\" \/>\n\t<meta property=\"og:image:width\" content=\"1200\" \/>\n\t<meta property=\"og:image:height\" content=\"630\" \/>\n\t<meta property=\"og:image:type\" content=\"image\/jpeg\" \/>\n<meta name=\"author\" content=\"Yusra NY\" \/>\n<meta name=\"twitter:card\" content=\"summary_large_image\" \/>\n<meta name=\"twitter:creator\" content=\"@KapitalisInfo\" \/>\n<meta name=\"twitter:site\" content=\"@KapitalisInfo\" \/>\n<meta name=\"twitter:label1\" content=\"\u00c9crit par\" \/>\n\t<meta name=\"twitter:data1\" content=\"Yusra NY\" \/>\n\t<meta name=\"twitter:label2\" content=\"Dur\u00e9e de lecture estim\u00e9e\" \/>\n\t<meta name=\"twitter:data2\" content=\"1 minute\" \/>\n<script type=\"application\/ld+json\" class=\"yoast-schema-graph\">{\"@context\":\"https:\/\/schema.org\",\"@graph\":[{\"@type\":\"Article\",\"@id\":\"https:\/\/kapitalis.com\/tunisie\/2024\/08\/02\/mandats-de-depot-contre-3-membres-de-la-campagne-electorale-de-nizar-chaari\/#article\",\"isPartOf\":{\"@id\":\"https:\/\/kapitalis.com\/tunisie\/2024\/08\/02\/mandats-de-depot-contre-3-membres-de-la-campagne-electorale-de-nizar-chaari\/\"},\"author\":{\"name\":\"Yusra NY\",\"@id\":\"https:\/\/kapitalis.com\/tunisie\/#\/schema\/person\/74bbde0154d49d790a92aaeac5bc01d5\"},\"headline\":\"Mandats de d\u00e9p\u00f4t contre 3 membres de la campagne \u00e9lectorale de Nizar Cha\u00e2ri\",\"datePublished\":\"2024-08-02T19:34:05+00:00\",\"dateModified\":\"2024-08-02T19:36:52+00:00\",\"mainEntityOfPage\":{\"@id\":\"https:\/\/kapitalis.com\/tunisie\/2024\/08\/02\/mandats-de-depot-contre-3-membres-de-la-campagne-electorale-de-nizar-chaari\/\"},\"wordCount\":170,\"publisher\":{\"@id\":\"https:\/\/kapitalis.com\/tunisie\/#organization\"},\"image\":{\"@id\":\"https:\/\/kapitalis.com\/tunisie\/2024\/08\/02\/mandats-de-depot-contre-3-membres-de-la-campagne-electorale-de-nizar-chaari\/#primaryimage\"},\"thumbnailUrl\":\"https:\/\/kapitalis.com\/tunisie\/wp-content\/uploads\/2024\/03\/NIzar-Chaari-3.jpg\",\"keywords\":[\"drecteur de campagne\",\"mandat de d\u00e9p\u00f4t\",\"Nizar Cha\u00e2ri\",\"parrainages\",\"pr\u00e9sidentielle\",\"Tunisie\"],\"articleSection\":[\"POLITIQUE\",\"Tunisie\"],\"inLanguage\":\"fr-FR\"},{\"@type\":\"WebPage\",\"@id\":\"https:\/\/kapitalis.com\/tunisie\/2024\/08\/02\/mandats-de-depot-contre-3-membres-de-la-campagne-electorale-de-nizar-chaari\/\",\"url\":\"https:\/\/kapitalis.com\/tunisie\/2024\/08\/02\/mandats-de-depot-contre-3-membres-de-la-campagne-electorale-de-nizar-chaari\/\",\"name\":\"Mandats de d\u00e9p\u00f4t contre 3 membres de la campagne \u00e9lectorale de Nizar Cha\u00e2ri - Kapitalis\",\"isPartOf\":{\"@id\":\"https:\/\/kapitalis.com\/tunisie\/#website\"},\"primaryImageOfPage\":{\"@id\":\"https:\/\/kapitalis.com\/tunisie\/2024\/08\/02\/mandats-de-depot-contre-3-membres-de-la-campagne-electorale-de-nizar-chaari\/#primaryimage\"},\"image\":{\"@id\":\"https:\/\/kapitalis.com\/tunisie\/2024\/08\/02\/mandats-de-depot-contre-3-membres-de-la-campagne-electorale-de-nizar-chaari\/#primaryimage\"},\"thumbnailUrl\":\"https:\/\/kapitalis.com\/tunisie\/wp-content\/uploads\/2024\/03\/NIzar-Chaari-3.jpg\",\"datePublished\":\"2024-08-02T19:34:05+00:00\",\"dateModified\":\"2024-08-02T19:36:52+00:00\",\"breadcrumb\":{\"@id\":\"https:\/\/kapitalis.com\/tunisie\/2024\/08\/02\/mandats-de-depot-contre-3-membres-de-la-campagne-electorale-de-nizar-chaari\/#breadcrumb\"},\"inLanguage\":\"fr-FR\",\"potentialAction\":[{\"@type\":\"ReadAction\",\"target\":[\"https:\/\/kapitalis.com\/tunisie\/2024\/08\/02\/mandats-de-depot-contre-3-membres-de-la-campagne-electorale-de-nizar-chaari\/\"]}]},{\"@type\":\"ImageObject\",\"inLanguage\":\"fr-FR\",\"@id\":\"https:\/\/kapitalis.com\/tunisie\/2024\/08\/02\/mandats-de-depot-contre-3-membres-de-la-campagne-electorale-de-nizar-chaari\/#primaryimage\",\"url\":\"https:\/\/kapitalis.com\/tunisie\/wp-content\/uploads\/2024\/03\/NIzar-Chaari-3.jpg\",\"contentUrl\":\"https:\/\/kapitalis.com\/tunisie\/wp-content\/uploads\/2024\/03\/NIzar-Chaari-3.jpg\",\"width\":1200,\"height\":630},{\"@type\":\"BreadcrumbList\",\"@id\":\"https:\/\/kapitalis.com\/tunisie\/2024\/08\/02\/mandats-de-depot-contre-3-membres-de-la-campagne-electorale-de-nizar-chaari\/#breadcrumb\",\"itemListElement\":[{\"@type\":\"ListItem\",\"position\":1,\"name\":\"Accueil\",\"item\":\"https:\/\/kapitalis.com\/tunisie\/\"},{\"@type\":\"ListItem\",\"position\":2,\"name\":\"Mandats de d\u00e9p\u00f4t contre 3 membres de la campagne \u00e9lectorale de Nizar Cha\u00e2ri\"}]},{\"@type\":\"WebSite\",\"@id\":\"https:\/\/kapitalis.com\/tunisie\/#website\",\"url\":\"https:\/\/kapitalis.com\/tunisie\/\",\"name\":\"Kapitalis\",\"description\":\"L&#039;actualit\u00e9 en Tunisie et dans le monde\",\"publisher\":{\"@id\":\"https:\/\/kapitalis.com\/tunisie\/#organization\"},\"potentialAction\":[{\"@type\":\"SearchAction\",\"target\":{\"@type\":\"EntryPoint\",\"urlTemplate\":\"https:\/\/kapitalis.com\/tunisie\/?s={search_term_string}\"},\"query-input\":{\"@type\":\"PropertyValueSpecification\",\"valueRequired\":true,\"valueName\":\"search_term_string\"}}],\"inLanguage\":\"fr-FR\"},{\"@type\":\"Organization\",\"@id\":\"https:\/\/kapitalis.com\/tunisie\/#organization\",\"name\":\"Kapitalis\",\"url\":\"https:\/\/kapitalis.com\/tunisie\/\",\"logo\":{\"@type\":\"ImageObject\",\"inLanguage\":\"fr-FR\",\"@id\":\"https:\/\/kapitalis.com\/tunisie\/#\/schema\/logo\/image\/\",\"url\":\"https:\/\/kapitalis.com\/tunisie\/wp-content\/uploads\/2022\/05\/Kapitalis-big-size.png\",\"contentUrl\":\"https:\/\/kapitalis.com\/tunisie\/wp-content\/uploads\/2022\/05\/Kapitalis-big-size.png\",\"width\":5000,\"height\":1500,\"caption\":\"Kapitalis\"},\"image\":{\"@id\":\"https:\/\/kapitalis.com\/tunisie\/#\/schema\/logo\/image\/\"},\"sameAs\":[\"https:\/\/www.facebook.com\/KapitalisInfo\/\",\"https:\/\/x.com\/KapitalisInfo\",\"https:\/\/www.youtube.com\/channel\/UC-yDYrHyfFBWWZaOw3FPg9Q\"]},{\"@type\":\"Person\",\"@id\":\"https:\/\/kapitalis.com\/tunisie\/#\/schema\/person\/74bbde0154d49d790a92aaeac5bc01d5\",\"name\":\"Yusra NY\",\"url\":\"https:\/\/kapitalis.com\/tunisie\/author\/yuza_adam\/\"}]}<\/script>\n<!-- \/ Yoast SEO plugin. -->","yoast_head_json":{"title":"Mandats de d\u00e9p\u00f4t contre 3 membres de la campagne \u00e9lectorale de Nizar Cha\u00e2ri - Kapitalis","robots":{"index":"index","follow":"follow","max-snippet":"max-snippet:-1","max-image-preview":"max-image-preview:large","max-video-preview":"max-video-preview:-1"},"canonical":"https:\/\/kapitalis.com\/tunisie\/2024\/08\/02\/mandats-de-depot-contre-3-membres-de-la-campagne-electorale-de-nizar-chaari\/","og_locale":"fr_FR","og_type":"article","og_title":"Mandats de d\u00e9p\u00f4t contre 3 membres de la campagne \u00e9lectorale de Nizar Cha\u00e2ri - Kapitalis","og_description":"Le minist\u00e8re public pr\u00e8s le tribunal de premi\u00e8re instance de Tunis a \u00e9mis, ce vendredi 2 ao\u00fbt 2024, des mandats de d\u00e9p\u00f4t contre les trois membres de la campagne \u00e9lectorale du candidat \u00e0 la pr\u00e9sidentielle Nizar Chaari, arr\u00eat\u00e9s mardi dernier.","og_url":"https:\/\/kapitalis.com\/tunisie\/2024\/08\/02\/mandats-de-depot-contre-3-membres-de-la-campagne-electorale-de-nizar-chaari\/","og_site_name":"Kapitalis","article_publisher":"https:\/\/www.facebook.com\/KapitalisInfo\/","article_published_time":"2024-08-02T19:34:05+00:00","article_modified_time":"2024-08-02T19:36:52+00:00","og_image":[{"width":1200,"height":630,"url":"https:\/\/kapitalis.com\/tunisie\/wp-content\/uploads\/2024\/03\/NIzar-Chaari-3.jpg","type":"image\/jpeg"}],"author":"Yusra NY","twitter_card":"summary_large_image","twitter_creator":"@KapitalisInfo","twitter_site":"@KapitalisInfo","twitter_misc":{"\u00c9crit par":"Yusra NY","Dur\u00e9e de lecture estim\u00e9e":"1 minute"},"schema":{"@context":"https:\/\/schema.org","@graph":[{"@type":"Article","@id":"https:\/\/kapitalis.com\/tunisie\/2024\/08\/02\/mandats-de-depot-contre-3-membres-de-la-campagne-electorale-de-nizar-chaari\/#article","isPartOf":{"@id":"https:\/\/kapitalis.com\/tunisie\/2024\/08\/02\/mandats-de-depot-contre-3-membres-de-la-campagne-electorale-de-nizar-chaari\/"},"author":{"name":"Yusra NY","@id":"https:\/\/kapitalis.com\/tunisie\/#\/schema\/person\/74bbde0154d49d790a92aaeac5bc01d5"},"headline":"Mandats de d\u00e9p\u00f4t contre 3 membres de la campagne \u00e9lectorale de Nizar Cha\u00e2ri","datePublished":"2024-08-02T19:34:05+00:00","dateModified":"2024-08-02T19:36:52+00:00","mainEntityOfPage":{"@id":"https:\/\/kapitalis.com\/tunisie\/2024\/08\/02\/mandats-de-depot-contre-3-membres-de-la-campagne-electorale-de-nizar-chaari\/"},"wordCount":170,"publisher":{"@id":"https:\/\/kapitalis.com\/tunisie\/#organization"},"image":{"@id":"https:\/\/kapitalis.com\/tunisie\/2024\/08\/02\/mandats-de-depot-contre-3-membres-de-la-campagne-electorale-de-nizar-chaari\/#primaryimage"},"thumbnailUrl":"https:\/\/kapitalis.com\/tunisie\/wp-content\/uploads\/2024\/03\/NIzar-Chaari-3.jpg","keywords":["drecteur de campagne","mandat de d\u00e9p\u00f4t","Nizar Cha\u00e2ri","parrainages","pr\u00e9sidentielle","Tunisie"],"articleSection":["POLITIQUE","Tunisie"],"inLanguage":"fr-FR"},{"@type":"WebPage","@id":"https:\/\/kapitalis.com\/tunisie\/2024\/08\/02\/mandats-de-depot-contre-3-membres-de-la-campagne-electorale-de-nizar-chaari\/","url":"https:\/\/kapitalis.com\/tunisie\/2024\/08\/02\/mandats-de-depot-contre-3-membres-de-la-campagne-electorale-de-nizar-chaari\/","name":"Mandats de d\u00e9p\u00f4t contre 3 membres de la campagne \u00e9lectorale de Nizar Cha\u00e2ri - Kapitalis","isPartOf":{"@id":"https:\/\/kapitalis.com\/tunisie\/#website"},"primaryImageOfPage":{"@id":"https:\/\/kapitalis.com\/tunisie\/2024\/08\/02\/mandats-de-depot-contre-3-membres-de-la-campagne-electorale-de-nizar-chaari\/#primaryimage"},"image":{"@id":"https:\/\/kapitalis.com\/tunisie\/2024\/08\/02\/mandats-de-depot-contre-3-membres-de-la-campagne-electorale-de-nizar-chaari\/#primaryimage"},"thumbnailUrl":"https:\/\/kapitalis.com\/tunisie\/wp-content\/uploads\/2024\/03\/NIzar-Chaari-3.jpg","datePublished":"2024-08-02T19:34:05+00:00","dateModified":"2024-08-02T19:36:52+00:00","breadcrumb":{"@id":"https:\/\/kapitalis.com\/tunisie\/2024\/08\/02\/mandats-de-depot-contre-3-membres-de-la-campagne-electorale-de-nizar-chaari\/#breadcrumb"},"inLanguage":"fr-FR","potentialAction":[{"@type":"ReadAction","target":["https:\/\/kapitalis.com\/tunisie\/2024\/08\/02\/mandats-de-depot-contre-3-membres-de-la-campagne-electorale-de-nizar-chaari\/"]}]},{"@type":"ImageObject","inLanguage":"fr-FR","@id":"https:\/\/kapitalis.com\/tunisie\/2024\/08\/02\/mandats-de-depot-contre-3-membres-de-la-campagne-electorale-de-nizar-chaari\/#primaryimage","url":"https:\/\/kapitalis.com\/tunisie\/wp-content\/uploads\/2024\/03\/NIzar-Chaari-3.jpg","contentUrl":"https:\/\/kapitalis.com\/tunisie\/wp-content\/uploads\/2024\/03\/NIzar-Chaari-3.jpg","width":1200,"height":630},{"@type":"BreadcrumbList","@id":"https:\/\/kapitalis.com\/tunisie\/2024\/08\/02\/mandats-de-depot-contre-3-membres-de-la-campagne-electorale-de-nizar-chaari\/#breadcrumb","itemListElement":[{"@type":"ListItem","position":1,"name":"Accueil","item":"https:\/\/kapitalis.com\/tunisie\/"},{"@type":"ListItem","position":2,"name":"Mandats de d\u00e9p\u00f4t contre 3 membres de la campagne \u00e9lectorale de Nizar Cha\u00e2ri"}]},{"@type":"WebSite","@id":"https:\/\/kapitalis.com\/tunisie\/#website","url":"https:\/\/kapitalis.com\/tunisie\/","name":"Kapitalis","description":"L&#039;actualit\u00e9 en Tunisie et dans le monde","publisher":{"@id":"https:\/\/kapitalis.com\/tunisie\/#organization"},"potentialAction":[{"@type":"SearchAction","target":{"@type":"EntryPoint","urlTemplate":"https:\/\/kapitalis.com\/tunisie\/?s={search_term_string}"},"query-input":{"@type":"PropertyValueSpecification","valueRequired":true,"valueName":"search_term_string"}}],"inLanguage":"fr-FR"},{"@type":"Organization","@id":"https:\/\/kapitalis.com\/tunisie\/#organization","name":"Kapitalis","url":"https:\/\/kapitalis.com\/tunisie\/","logo":{"@type":"ImageObject","inLanguage":"fr-FR","@id":"https:\/\/kapitalis.com\/tunisie\/#\/schema\/logo\/image\/","url":"https:\/\/kapitalis.com\/tunisie\/wp-content\/uploads\/2022\/05\/Kapitalis-big-size.png","contentUrl":"https:\/\/kapitalis.com\/tunisie\/wp-content\/uploads\/2022\/05\/Kapitalis-big-size.png","width":5000,"height":1500,"caption":"Kapitalis"},"image":{"@id":"https:\/\/kapitalis.com\/tunisie\/#\/schema\/logo\/image\/"},"sameAs":["https:\/\/www.facebook.com\/KapitalisInfo\/","https:\/\/x.com\/KapitalisInfo","https:\/\/www.youtube.com\/channel\/UC-yDYrHyfFBWWZaOw3FPg9Q"]},{"@type":"Person","@id":"https:\/\/kapitalis.com\/tunisie\/#\/schema\/person\/74bbde0154d49d790a92aaeac5bc01d5","name":"Yusra NY","url":"https:\/\/kapitalis.com\/tunisie\/author\/yuza_adam\/"}]}},"_links":{"self":[{"href":"https:\/\/kapitalis.com\/tunisie\/wp-json\/wp\/v2\/posts\/13682234","targetHints":{"allow":["GET"]}}],"collection":[{"href":"https:\/\/kapitalis.com\/tunisie\/wp-json\/wp\/v2\/posts"}],"about":[{"href":"https:\/\/kapitalis.com\/tunisie\/wp-json\/wp\/v2\/types\/post"}],"author":[{"embeddable":true,"href":"https:\/\/kapitalis.com\/tunisie\/wp-json\/wp\/v2\/users\/6"}],"replies":[{"embeddable":true,"href":"https:\/\/kapitalis.com\/tunisie\/wp-json\/wp\/v2\/comments?post=13682234"}],"version-history":[{"count":2,"href":"https:\/\/kapitalis.com\/tunisie\/wp-json\/wp\/v2\/posts\/13682234\/revisions"}],"predecessor-version":[{"id":13682250,"href":"https:\/\/kapitalis.com\/tunisie\/wp-json\/wp\/v2\/posts\/13682234\/revisions\/13682250"}],"wp:featuredmedia":[{"embeddable":true,"href":"https:\/\/kapitalis.com\/tunisie\/wp-json\/wp\/v2\/media\/12055048"}],"wp:attachment":[{"href":"https:\/\/kapitalis.com\/tunisie\/wp-json\/wp\/v2\/media?parent=13682234"}],"wp:term":[{"taxonomy":"category","embeddable":true,"href":"https:\/\/kapitalis.com\/tunisie\/wp-json\/wp\/v2\/categories?post=13682234"},{"taxonomy":"post_tag","embeddable":true,"href":"https:\/\/kapitalis.com\/tunisie\/wp-json\/wp\/v2\/tags?post=13682234"}],"curies":[{"name":"wp","href":"https:\/\/api.w.org\/{rel}","templated":true}]}}