{"id":13682779,"date":"2024-08-03T01:02:25","date_gmt":"2024-08-03T00:02:25","guid":{"rendered":"https:\/\/kapitalis.com\/tunisie\/?p=13682779"},"modified":"2024-08-03T01:04:19","modified_gmt":"2024-08-03T00:04:19","slug":"ramy-ayach-au-festival-de-hammamet-licone-de-la-pop-arabe","status":"publish","type":"post","link":"https:\/\/kapitalis.com\/tunisie\/2024\/08\/03\/ramy-ayach-au-festival-de-hammamet-licone-de-la-pop-arabe\/","title":{"rendered":"Ramy Ayach au Festival de Hammamet : L&rsquo;ic\u00f4ne de la pop arabe"},"content":{"rendered":"\n<p><em><strong>Une \u00e9toile du monde arabe a transcend\u00e9 le ciel de Hammamet. Elle chante en arabe et elle est connue pour son charisme et sa voix puissante. Un public dense s&rsquo;est empar\u00e9 de la rue des heures avant 22h pour l&rsquo;applaudir dans son th\u00e9\u00e2tre pr\u00e9f\u00e9r\u00e9. Tr\u00eave de myst\u00e8re : Il s&rsquo;agit bien de Ramy Ayach.<\/strong><\/em><\/p>\n\n\n\n<!--more-->\n\n\n\n<p>Star de la pop arabe depuis plus de 25 ans, l&rsquo;ic\u00f4ne a enregistr\u00e9 Sold Out un mois avant le d\u00e9marrage de cette 58\u00e8me \u00e9dition du festival de la ville. En 2024 et avec Carole Samaha, les deux stars ont \u00e9t\u00e9 proches de leur public, soigneux, chaleureux et exceptionnellement g\u00e9n\u00e9reux. Le Liban ayant fait partie des pays tr\u00e8s pr\u00e9sents lors du soixantenaire du festival.<\/p>\n\n\n\n<p>L&rsquo;excitation collective des spectateurs agit comme un raz de mar\u00e9e qui s&rsquo;abat sur le lieu. Une immense vague sonore qui fait bouger les silhouettes et lib\u00e8re les voix en ch\u0153ur pendant presque 19 titres encha\u00een\u00e9s. Le 1er ao\u00fbt est sans aucun doute v\u00e9cu autrement par les festivaliers sur place.<\/p>\n\n\n\n<p>Avec son romantisme amplement pr\u00f4n\u00e9, la popstar ouvre le marathon des tubes in\u00e9dits, des anciens qui l&rsquo;ont fa\u00e7onn\u00e9 ou des reprises. \u00ab\u00a0Kesset Hob\u00a0\u00bb a fait fondre le c\u0153ur des m\u00e9lomanes.<\/p>\n\n\n\n<figure class=\"wp-block-gallery aligncenter has-nested-images columns-2 is-cropped wp-block-gallery-1 is-layout-flex wp-block-gallery-is-layout-flex\">\n<figure class=\"wp-block-image size-large\"><img loading=\"lazy\" decoding=\"async\" width=\"1024\" height=\"682\" data-id=\"13683187\" src=\"https:\/\/kapitalis.com\/tunisie\/wp-content\/uploads\/2024\/08\/Ramy-Ayach7-1024x682.jpg\" alt=\"\" class=\"wp-image-13683187\" srcset=\"https:\/\/kapitalis.com\/tunisie\/wp-content\/uploads\/2024\/08\/Ramy-Ayach7-1024x682.jpg 1024w, https:\/\/kapitalis.com\/tunisie\/wp-content\/uploads\/2024\/08\/Ramy-Ayach7-300x200.jpg 300w, https:\/\/kapitalis.com\/tunisie\/wp-content\/uploads\/2024\/08\/Ramy-Ayach7-768x511.jpg 768w, https:\/\/kapitalis.com\/tunisie\/wp-content\/uploads\/2024\/08\/Ramy-Ayach7-1536x1022.jpg 1536w, https:\/\/kapitalis.com\/tunisie\/wp-content\/uploads\/2024\/08\/Ramy-Ayach7-580x386.jpg 580w, https:\/\/kapitalis.com\/tunisie\/wp-content\/uploads\/2024\/08\/Ramy-Ayach7-860x572.jpg 860w, https:\/\/kapitalis.com\/tunisie\/wp-content\/uploads\/2024\/08\/Ramy-Ayach7-1160x772.jpg 1160w, https:\/\/kapitalis.com\/tunisie\/wp-content\/uploads\/2024\/08\/Ramy-Ayach7.jpg 2048w\" sizes=\"auto, (max-width: 1024px) 100vw, 1024px\" \/><\/figure>\n\n\n\n<figure class=\"wp-block-image size-large\"><img loading=\"lazy\" decoding=\"async\" width=\"1024\" height=\"682\" data-id=\"13683183\" src=\"https:\/\/kapitalis.com\/tunisie\/wp-content\/uploads\/2024\/08\/Ramy-Ayach6-1024x682.jpg\" alt=\"\" class=\"wp-image-13683183\" srcset=\"https:\/\/kapitalis.com\/tunisie\/wp-content\/uploads\/2024\/08\/Ramy-Ayach6-1024x682.jpg 1024w, https:\/\/kapitalis.com\/tunisie\/wp-content\/uploads\/2024\/08\/Ramy-Ayach6-300x200.jpg 300w, https:\/\/kapitalis.com\/tunisie\/wp-content\/uploads\/2024\/08\/Ramy-Ayach6-768x511.jpg 768w, https:\/\/kapitalis.com\/tunisie\/wp-content\/uploads\/2024\/08\/Ramy-Ayach6-1536x1022.jpg 1536w, https:\/\/kapitalis.com\/tunisie\/wp-content\/uploads\/2024\/08\/Ramy-Ayach6-580x386.jpg 580w, https:\/\/kapitalis.com\/tunisie\/wp-content\/uploads\/2024\/08\/Ramy-Ayach6-860x572.jpg 860w, https:\/\/kapitalis.com\/tunisie\/wp-content\/uploads\/2024\/08\/Ramy-Ayach6-1160x772.jpg 1160w, https:\/\/kapitalis.com\/tunisie\/wp-content\/uploads\/2024\/08\/Ramy-Ayach6.jpg 2048w\" sizes=\"auto, (max-width: 1024px) 100vw, 1024px\" \/><\/figure>\n\n\n\n<figure class=\"wp-block-image size-large\"><img loading=\"lazy\" decoding=\"async\" width=\"1024\" height=\"682\" data-id=\"13683186\" src=\"https:\/\/kapitalis.com\/tunisie\/wp-content\/uploads\/2024\/08\/Ramy-Ayach4-1024x682.jpg\" alt=\"\" class=\"wp-image-13683186\" srcset=\"https:\/\/kapitalis.com\/tunisie\/wp-content\/uploads\/2024\/08\/Ramy-Ayach4-1024x682.jpg 1024w, https:\/\/kapitalis.com\/tunisie\/wp-content\/uploads\/2024\/08\/Ramy-Ayach4-300x200.jpg 300w, https:\/\/kapitalis.com\/tunisie\/wp-content\/uploads\/2024\/08\/Ramy-Ayach4-768x511.jpg 768w, https:\/\/kapitalis.com\/tunisie\/wp-content\/uploads\/2024\/08\/Ramy-Ayach4-1536x1022.jpg 1536w, https:\/\/kapitalis.com\/tunisie\/wp-content\/uploads\/2024\/08\/Ramy-Ayach4-580x386.jpg 580w, https:\/\/kapitalis.com\/tunisie\/wp-content\/uploads\/2024\/08\/Ramy-Ayach4-860x572.jpg 860w, https:\/\/kapitalis.com\/tunisie\/wp-content\/uploads\/2024\/08\/Ramy-Ayach4-1160x772.jpg 1160w, https:\/\/kapitalis.com\/tunisie\/wp-content\/uploads\/2024\/08\/Ramy-Ayach4.jpg 2048w\" sizes=\"auto, (max-width: 1024px) 100vw, 1024px\" \/><\/figure>\n\n\n\n<figure class=\"wp-block-image size-large\"><img loading=\"lazy\" decoding=\"async\" width=\"1024\" height=\"682\" data-id=\"13683189\" src=\"https:\/\/kapitalis.com\/tunisie\/wp-content\/uploads\/2024\/08\/Ramy-Ayach3-1024x682.jpg\" alt=\"\" class=\"wp-image-13683189\" srcset=\"https:\/\/kapitalis.com\/tunisie\/wp-content\/uploads\/2024\/08\/Ramy-Ayach3-1024x682.jpg 1024w, https:\/\/kapitalis.com\/tunisie\/wp-content\/uploads\/2024\/08\/Ramy-Ayach3-300x200.jpg 300w, https:\/\/kapitalis.com\/tunisie\/wp-content\/uploads\/2024\/08\/Ramy-Ayach3-768x511.jpg 768w, https:\/\/kapitalis.com\/tunisie\/wp-content\/uploads\/2024\/08\/Ramy-Ayach3-1536x1022.jpg 1536w, https:\/\/kapitalis.com\/tunisie\/wp-content\/uploads\/2024\/08\/Ramy-Ayach3-580x386.jpg 580w, https:\/\/kapitalis.com\/tunisie\/wp-content\/uploads\/2024\/08\/Ramy-Ayach3-860x572.jpg 860w, https:\/\/kapitalis.com\/tunisie\/wp-content\/uploads\/2024\/08\/Ramy-Ayach3-1160x772.jpg 1160w, https:\/\/kapitalis.com\/tunisie\/wp-content\/uploads\/2024\/08\/Ramy-Ayach3.jpg 2048w\" sizes=\"auto, (max-width: 1024px) 100vw, 1024px\" \/><\/figure>\n\n\n\n<figure class=\"wp-block-image size-large\"><img loading=\"lazy\" decoding=\"async\" width=\"1024\" height=\"682\" data-id=\"13683185\" src=\"https:\/\/kapitalis.com\/tunisie\/wp-content\/uploads\/2024\/08\/Ramy-Ayach2-1024x682.jpg\" alt=\"\" class=\"wp-image-13683185\" srcset=\"https:\/\/kapitalis.com\/tunisie\/wp-content\/uploads\/2024\/08\/Ramy-Ayach2-1024x682.jpg 1024w, https:\/\/kapitalis.com\/tunisie\/wp-content\/uploads\/2024\/08\/Ramy-Ayach2-300x200.jpg 300w, https:\/\/kapitalis.com\/tunisie\/wp-content\/uploads\/2024\/08\/Ramy-Ayach2-768x511.jpg 768w, https:\/\/kapitalis.com\/tunisie\/wp-content\/uploads\/2024\/08\/Ramy-Ayach2-1536x1022.jpg 1536w, https:\/\/kapitalis.com\/tunisie\/wp-content\/uploads\/2024\/08\/Ramy-Ayach2-580x386.jpg 580w, https:\/\/kapitalis.com\/tunisie\/wp-content\/uploads\/2024\/08\/Ramy-Ayach2-860x572.jpg 860w, https:\/\/kapitalis.com\/tunisie\/wp-content\/uploads\/2024\/08\/Ramy-Ayach2-1160x772.jpg 1160w, https:\/\/kapitalis.com\/tunisie\/wp-content\/uploads\/2024\/08\/Ramy-Ayach2.jpg 2048w\" sizes=\"auto, (max-width: 1024px) 100vw, 1024px\" \/><\/figure>\n\n\n\n<figure class=\"wp-block-image size-large\"><img loading=\"lazy\" decoding=\"async\" width=\"1024\" height=\"682\" data-id=\"13683190\" src=\"https:\/\/kapitalis.com\/tunisie\/wp-content\/uploads\/2024\/08\/Ramy-Ayach1-1024x682.jpg\" alt=\"\" class=\"wp-image-13683190\" srcset=\"https:\/\/kapitalis.com\/tunisie\/wp-content\/uploads\/2024\/08\/Ramy-Ayach1-1024x682.jpg 1024w, https:\/\/kapitalis.com\/tunisie\/wp-content\/uploads\/2024\/08\/Ramy-Ayach1-300x200.jpg 300w, https:\/\/kapitalis.com\/tunisie\/wp-content\/uploads\/2024\/08\/Ramy-Ayach1-768x511.jpg 768w, https:\/\/kapitalis.com\/tunisie\/wp-content\/uploads\/2024\/08\/Ramy-Ayach1-1536x1022.jpg 1536w, https:\/\/kapitalis.com\/tunisie\/wp-content\/uploads\/2024\/08\/Ramy-Ayach1-580x386.jpg 580w, https:\/\/kapitalis.com\/tunisie\/wp-content\/uploads\/2024\/08\/Ramy-Ayach1-860x572.jpg 860w, https:\/\/kapitalis.com\/tunisie\/wp-content\/uploads\/2024\/08\/Ramy-Ayach1-1160x772.jpg 1160w, https:\/\/kapitalis.com\/tunisie\/wp-content\/uploads\/2024\/08\/Ramy-Ayach1.jpg 2048w\" sizes=\"auto, (max-width: 1024px) 100vw, 1024px\" \/><\/figure>\n\n\n\n<figure class=\"wp-block-image size-large\"><img loading=\"lazy\" decoding=\"async\" width=\"1024\" height=\"682\" data-id=\"13683184\" src=\"https:\/\/kapitalis.com\/tunisie\/wp-content\/uploads\/2024\/08\/Ramy-Ayach-1024x682.jpg\" alt=\"\" class=\"wp-image-13683184\" srcset=\"https:\/\/kapitalis.com\/tunisie\/wp-content\/uploads\/2024\/08\/Ramy-Ayach-1024x682.jpg 1024w, https:\/\/kapitalis.com\/tunisie\/wp-content\/uploads\/2024\/08\/Ramy-Ayach-300x200.jpg 300w, https:\/\/kapitalis.com\/tunisie\/wp-content\/uploads\/2024\/08\/Ramy-Ayach-768x511.jpg 768w, https:\/\/kapitalis.com\/tunisie\/wp-content\/uploads\/2024\/08\/Ramy-Ayach-1536x1022.jpg 1536w, https:\/\/kapitalis.com\/tunisie\/wp-content\/uploads\/2024\/08\/Ramy-Ayach-580x386.jpg 580w, https:\/\/kapitalis.com\/tunisie\/wp-content\/uploads\/2024\/08\/Ramy-Ayach-860x572.jpg 860w, https:\/\/kapitalis.com\/tunisie\/wp-content\/uploads\/2024\/08\/Ramy-Ayach-1160x772.jpg 1160w, https:\/\/kapitalis.com\/tunisie\/wp-content\/uploads\/2024\/08\/Ramy-Ayach.jpg 2048w\" sizes=\"auto, (max-width: 1024px) 100vw, 1024px\" \/><\/figure>\n<\/figure>\n\n\n\n<p>\u00ab\u00a0Ya msahher Aini\u00a0\u00bb, \u00ab\u00a0Afrah Fiki\u00a0\u00bb, \u00ab\u00a0Khalini Maak\u00a0\u00bb ou encore \u00ab\u00a0Mabrouk\u00a0\u00bb ont retenti. La puissance des textes musicaux donne du baume au c\u0153ur \u00e0 des auditeurs fid\u00e8les, attach\u00e9s \u00e0 un parcours singulier, vieux de trois d\u00e9cennies. Des paroles justes, accessibles, expressives qui adoucissent ou font bouger les fans au Liban, en Tunisie et dans le monde arabe. Ce soir, ce sont les 1000 spectateurs pr\u00e9sents qui sont conquis par un r\u00e9pertoire pop-Jazz arabe tr\u00e8s moderne.<\/p>\n\n\n\n<p>Accompagn\u00e9 par des musiciens tunisiens et entour\u00e9 d&rsquo;une troupe \u00e9gyptienne dirig\u00e9e par le Maestro Mostafa Mahmoud, le concert d\u00e9passe les esp\u00e9rances. Ramy Ayach tisse un show fort esth\u00e9tique, visuel et surtout musical de par le jeu habile du saxophoniste et du violoniste. \u00ab\u00a0Echtaktellak\u00a0\u00bb, \u00ab\u00a0Ahla bel Jamal\u00a0\u00bb ou encore \u00ab\u00a0Raea fi hobbak Raea\u00a0\u00bb ont \u00e9t\u00e9 chant\u00e9s \u00e0 la demande des fans.<\/p>\n\n\n\n<p>Son amour pour la Tunisie, Ramy Ayach le crie haut et fort : \u00ab\u00a0Je souhaite la paix \u00e0 ce pays et la s\u00e9r\u00e9nit\u00e9 \u00e0 son peuple dont je fais presque partie \u00e0 force de venir me produire ici. La sensibilit\u00e9 du public tunisien est unique\u00a0\u00bb. Conclut-il.<\/p>\n\n\n\n<p>La prochaine soir\u00e9e est tout aussi tunisienne, arabe et unique : Yosra Mahnouch s&rsquo;appr\u00eate \u00e0 s&#8217;emparer de la sc\u00e8ne le temps d&rsquo;un concert musical attendu pour la soir\u00e9e du 2 ao\u00fbt 2024, l&rsquo;avant-derni\u00e8re de la saison.<\/p>\n\n\n\n<p class=\"has-text-align-right\"><strong>Communiqu\u00e9<\/strong><\/p>\n","protected":false},"excerpt":{"rendered":"<p>Une \u00e9toile du monde arabe a transcend\u00e9 le ciel de Hammamet. Elle chante en arabe et elle est connue pour son charisme et sa voix puissante. Un public dense s&rsquo;est empar\u00e9 de la rue des heures avant 22h pour l&rsquo;applaudir dans son th\u00e9\u00e2tre pr\u00e9f\u00e9r\u00e9. Tr\u00eave de myst\u00e8re : Il s&rsquo;agit bien de Ramy Ayach.<\/p>\n","protected":false},"author":6,"featured_media":13683192,"comment_status":"closed","ping_status":"open","sticky":false,"template":"","format":"standard","meta":{"footnotes":""},"categories":[994,2433],"tags":[33829,117263,116537,62643],"class_list":["post-13682779","post","type-post","status-publish","format-standard","has-post-thumbnail","hentry","category-culture","category-tunisie","tag-festival-de-hammamet","tag-pop-arabe","tag-ramy-ayach","tag-tunisie"],"yoast_head":"<!-- This site is optimized with the Yoast SEO plugin v26.6 - https:\/\/yoast.com\/wordpress\/plugins\/seo\/ -->\n<title>Ramy Ayach au Festival de Hammamet : L&#039;ic\u00f4ne de la pop arabe - Kapitalis<\/title>\n<meta name=\"robots\" content=\"index, follow, max-snippet:-1, max-image-preview:large, max-video-preview:-1\" \/>\n<link rel=\"canonical\" href=\"https:\/\/kapitalis.com\/tunisie\/2024\/08\/03\/ramy-ayach-au-festival-de-hammamet-licone-de-la-pop-arabe\/\" \/>\n<meta property=\"og:locale\" content=\"fr_FR\" \/>\n<meta property=\"og:type\" content=\"article\" \/>\n<meta property=\"og:title\" content=\"Ramy Ayach au Festival de Hammamet : L&#039;ic\u00f4ne de la pop arabe - Kapitalis\" \/>\n<meta property=\"og:description\" content=\"Une \u00e9toile du monde arabe a transcend\u00e9 le ciel de Hammamet. Elle chante en arabe et elle est connue pour son charisme et sa voix puissante. Un public dense s&rsquo;est empar\u00e9 de la rue des heures avant 22h pour l&rsquo;applaudir dans son th\u00e9\u00e2tre pr\u00e9f\u00e9r\u00e9. Tr\u00eave de myst\u00e8re : Il s&rsquo;agit bien de Ramy Ayach.\" \/>\n<meta property=\"og:url\" content=\"https:\/\/kapitalis.com\/tunisie\/2024\/08\/03\/ramy-ayach-au-festival-de-hammamet-licone-de-la-pop-arabe\/\" \/>\n<meta property=\"og:site_name\" content=\"Kapitalis\" \/>\n<meta property=\"article:publisher\" content=\"https:\/\/www.facebook.com\/KapitalisInfo\/\" \/>\n<meta property=\"article:published_time\" content=\"2024-08-03T00:02:25+00:00\" \/>\n<meta property=\"article:modified_time\" content=\"2024-08-03T00:04:19+00:00\" \/>\n<meta property=\"og:image\" content=\"https:\/\/kapitalis.com\/tunisie\/wp-content\/uploads\/2024\/08\/Ramy-Ayach-Hammamet.jpg\" \/>\n\t<meta property=\"og:image:width\" content=\"1200\" \/>\n\t<meta property=\"og:image:height\" content=\"630\" \/>\n\t<meta property=\"og:image:type\" content=\"image\/jpeg\" \/>\n<meta name=\"author\" content=\"Yusra NY\" \/>\n<meta name=\"twitter:card\" content=\"summary_large_image\" \/>\n<meta name=\"twitter:creator\" content=\"@KapitalisInfo\" \/>\n<meta name=\"twitter:site\" content=\"@KapitalisInfo\" \/>\n<meta name=\"twitter:label1\" content=\"\u00c9crit par\" \/>\n\t<meta name=\"twitter:data1\" content=\"Yusra NY\" \/>\n\t<meta name=\"twitter:label2\" content=\"Dur\u00e9e de lecture estim\u00e9e\" \/>\n\t<meta name=\"twitter:data2\" content=\"4 minutes\" \/>\n<script type=\"application\/ld+json\" class=\"yoast-schema-graph\">{\"@context\":\"https:\/\/schema.org\",\"@graph\":[{\"@type\":\"Article\",\"@id\":\"https:\/\/kapitalis.com\/tunisie\/2024\/08\/03\/ramy-ayach-au-festival-de-hammamet-licone-de-la-pop-arabe\/#article\",\"isPartOf\":{\"@id\":\"https:\/\/kapitalis.com\/tunisie\/2024\/08\/03\/ramy-ayach-au-festival-de-hammamet-licone-de-la-pop-arabe\/\"},\"author\":{\"name\":\"Yusra NY\",\"@id\":\"https:\/\/kapitalis.com\/tunisie\/#\/schema\/person\/74bbde0154d49d790a92aaeac5bc01d5\"},\"headline\":\"Ramy Ayach au Festival de Hammamet : L&rsquo;ic\u00f4ne de la pop arabe\",\"datePublished\":\"2024-08-03T00:02:25+00:00\",\"dateModified\":\"2024-08-03T00:04:19+00:00\",\"mainEntityOfPage\":{\"@id\":\"https:\/\/kapitalis.com\/tunisie\/2024\/08\/03\/ramy-ayach-au-festival-de-hammamet-licone-de-la-pop-arabe\/\"},\"wordCount\":452,\"publisher\":{\"@id\":\"https:\/\/kapitalis.com\/tunisie\/#organization\"},\"image\":{\"@id\":\"https:\/\/kapitalis.com\/tunisie\/2024\/08\/03\/ramy-ayach-au-festival-de-hammamet-licone-de-la-pop-arabe\/#primaryimage\"},\"thumbnailUrl\":\"https:\/\/kapitalis.com\/tunisie\/wp-content\/uploads\/2024\/08\/Ramy-Ayach-Hammamet.jpg\",\"keywords\":[\"Festival de Hammamet\",\"pop arabe\",\"Ramy Ayach\",\"Tunisie\"],\"articleSection\":[\"CULTURE\",\"Tunisie\"],\"inLanguage\":\"fr-FR\"},{\"@type\":\"WebPage\",\"@id\":\"https:\/\/kapitalis.com\/tunisie\/2024\/08\/03\/ramy-ayach-au-festival-de-hammamet-licone-de-la-pop-arabe\/\",\"url\":\"https:\/\/kapitalis.com\/tunisie\/2024\/08\/03\/ramy-ayach-au-festival-de-hammamet-licone-de-la-pop-arabe\/\",\"name\":\"Ramy Ayach au Festival de Hammamet : L'ic\u00f4ne de la pop arabe - Kapitalis\",\"isPartOf\":{\"@id\":\"https:\/\/kapitalis.com\/tunisie\/#website\"},\"primaryImageOfPage\":{\"@id\":\"https:\/\/kapitalis.com\/tunisie\/2024\/08\/03\/ramy-ayach-au-festival-de-hammamet-licone-de-la-pop-arabe\/#primaryimage\"},\"image\":{\"@id\":\"https:\/\/kapitalis.com\/tunisie\/2024\/08\/03\/ramy-ayach-au-festival-de-hammamet-licone-de-la-pop-arabe\/#primaryimage\"},\"thumbnailUrl\":\"https:\/\/kapitalis.com\/tunisie\/wp-content\/uploads\/2024\/08\/Ramy-Ayach-Hammamet.jpg\",\"datePublished\":\"2024-08-03T00:02:25+00:00\",\"dateModified\":\"2024-08-03T00:04:19+00:00\",\"breadcrumb\":{\"@id\":\"https:\/\/kapitalis.com\/tunisie\/2024\/08\/03\/ramy-ayach-au-festival-de-hammamet-licone-de-la-pop-arabe\/#breadcrumb\"},\"inLanguage\":\"fr-FR\",\"potentialAction\":[{\"@type\":\"ReadAction\",\"target\":[\"https:\/\/kapitalis.com\/tunisie\/2024\/08\/03\/ramy-ayach-au-festival-de-hammamet-licone-de-la-pop-arabe\/\"]}]},{\"@type\":\"ImageObject\",\"inLanguage\":\"fr-FR\",\"@id\":\"https:\/\/kapitalis.com\/tunisie\/2024\/08\/03\/ramy-ayach-au-festival-de-hammamet-licone-de-la-pop-arabe\/#primaryimage\",\"url\":\"https:\/\/kapitalis.com\/tunisie\/wp-content\/uploads\/2024\/08\/Ramy-Ayach-Hammamet.jpg\",\"contentUrl\":\"https:\/\/kapitalis.com\/tunisie\/wp-content\/uploads\/2024\/08\/Ramy-Ayach-Hammamet.jpg\",\"width\":1200,\"height\":630},{\"@type\":\"BreadcrumbList\",\"@id\":\"https:\/\/kapitalis.com\/tunisie\/2024\/08\/03\/ramy-ayach-au-festival-de-hammamet-licone-de-la-pop-arabe\/#breadcrumb\",\"itemListElement\":[{\"@type\":\"ListItem\",\"position\":1,\"name\":\"Accueil\",\"item\":\"https:\/\/kapitalis.com\/tunisie\/\"},{\"@type\":\"ListItem\",\"position\":2,\"name\":\"Ramy Ayach au Festival de Hammamet : L&rsquo;ic\u00f4ne de la pop arabe\"}]},{\"@type\":\"WebSite\",\"@id\":\"https:\/\/kapitalis.com\/tunisie\/#website\",\"url\":\"https:\/\/kapitalis.com\/tunisie\/\",\"name\":\"Kapitalis\",\"description\":\"L&#039;actualit\u00e9 en Tunisie et dans le monde\",\"publisher\":{\"@id\":\"https:\/\/kapitalis.com\/tunisie\/#organization\"},\"potentialAction\":[{\"@type\":\"SearchAction\",\"target\":{\"@type\":\"EntryPoint\",\"urlTemplate\":\"https:\/\/kapitalis.com\/tunisie\/?s={search_term_string}\"},\"query-input\":{\"@type\":\"PropertyValueSpecification\",\"valueRequired\":true,\"valueName\":\"search_term_string\"}}],\"inLanguage\":\"fr-FR\"},{\"@type\":\"Organization\",\"@id\":\"https:\/\/kapitalis.com\/tunisie\/#organization\",\"name\":\"Kapitalis\",\"url\":\"https:\/\/kapitalis.com\/tunisie\/\",\"logo\":{\"@type\":\"ImageObject\",\"inLanguage\":\"fr-FR\",\"@id\":\"https:\/\/kapitalis.com\/tunisie\/#\/schema\/logo\/image\/\",\"url\":\"https:\/\/kapitalis.com\/tunisie\/wp-content\/uploads\/2022\/05\/Kapitalis-big-size.png\",\"contentUrl\":\"https:\/\/kapitalis.com\/tunisie\/wp-content\/uploads\/2022\/05\/Kapitalis-big-size.png\",\"width\":5000,\"height\":1500,\"caption\":\"Kapitalis\"},\"image\":{\"@id\":\"https:\/\/kapitalis.com\/tunisie\/#\/schema\/logo\/image\/\"},\"sameAs\":[\"https:\/\/www.facebook.com\/KapitalisInfo\/\",\"https:\/\/x.com\/KapitalisInfo\",\"https:\/\/www.youtube.com\/channel\/UC-yDYrHyfFBWWZaOw3FPg9Q\"]},{\"@type\":\"Person\",\"@id\":\"https:\/\/kapitalis.com\/tunisie\/#\/schema\/person\/74bbde0154d49d790a92aaeac5bc01d5\",\"name\":\"Yusra NY\",\"url\":\"https:\/\/kapitalis.com\/tunisie\/author\/yuza_adam\/\"}]}<\/script>\n<!-- \/ Yoast SEO plugin. -->","yoast_head_json":{"title":"Ramy Ayach au Festival de Hammamet : L'ic\u00f4ne de la pop arabe - Kapitalis","robots":{"index":"index","follow":"follow","max-snippet":"max-snippet:-1","max-image-preview":"max-image-preview:large","max-video-preview":"max-video-preview:-1"},"canonical":"https:\/\/kapitalis.com\/tunisie\/2024\/08\/03\/ramy-ayach-au-festival-de-hammamet-licone-de-la-pop-arabe\/","og_locale":"fr_FR","og_type":"article","og_title":"Ramy Ayach au Festival de Hammamet : L'ic\u00f4ne de la pop arabe - Kapitalis","og_description":"Une \u00e9toile du monde arabe a transcend\u00e9 le ciel de Hammamet. Elle chante en arabe et elle est connue pour son charisme et sa voix puissante. Un public dense s&rsquo;est empar\u00e9 de la rue des heures avant 22h pour l&rsquo;applaudir dans son th\u00e9\u00e2tre pr\u00e9f\u00e9r\u00e9. Tr\u00eave de myst\u00e8re : Il s&rsquo;agit bien de Ramy Ayach.","og_url":"https:\/\/kapitalis.com\/tunisie\/2024\/08\/03\/ramy-ayach-au-festival-de-hammamet-licone-de-la-pop-arabe\/","og_site_name":"Kapitalis","article_publisher":"https:\/\/www.facebook.com\/KapitalisInfo\/","article_published_time":"2024-08-03T00:02:25+00:00","article_modified_time":"2024-08-03T00:04:19+00:00","og_image":[{"width":1200,"height":630,"url":"https:\/\/kapitalis.com\/tunisie\/wp-content\/uploads\/2024\/08\/Ramy-Ayach-Hammamet.jpg","type":"image\/jpeg"}],"author":"Yusra NY","twitter_card":"summary_large_image","twitter_creator":"@KapitalisInfo","twitter_site":"@KapitalisInfo","twitter_misc":{"\u00c9crit par":"Yusra NY","Dur\u00e9e de lecture estim\u00e9e":"4 minutes"},"schema":{"@context":"https:\/\/schema.org","@graph":[{"@type":"Article","@id":"https:\/\/kapitalis.com\/tunisie\/2024\/08\/03\/ramy-ayach-au-festival-de-hammamet-licone-de-la-pop-arabe\/#article","isPartOf":{"@id":"https:\/\/kapitalis.com\/tunisie\/2024\/08\/03\/ramy-ayach-au-festival-de-hammamet-licone-de-la-pop-arabe\/"},"author":{"name":"Yusra NY","@id":"https:\/\/kapitalis.com\/tunisie\/#\/schema\/person\/74bbde0154d49d790a92aaeac5bc01d5"},"headline":"Ramy Ayach au Festival de Hammamet : L&rsquo;ic\u00f4ne de la pop arabe","datePublished":"2024-08-03T00:02:25+00:00","dateModified":"2024-08-03T00:04:19+00:00","mainEntityOfPage":{"@id":"https:\/\/kapitalis.com\/tunisie\/2024\/08\/03\/ramy-ayach-au-festival-de-hammamet-licone-de-la-pop-arabe\/"},"wordCount":452,"publisher":{"@id":"https:\/\/kapitalis.com\/tunisie\/#organization"},"image":{"@id":"https:\/\/kapitalis.com\/tunisie\/2024\/08\/03\/ramy-ayach-au-festival-de-hammamet-licone-de-la-pop-arabe\/#primaryimage"},"thumbnailUrl":"https:\/\/kapitalis.com\/tunisie\/wp-content\/uploads\/2024\/08\/Ramy-Ayach-Hammamet.jpg","keywords":["Festival de Hammamet","pop arabe","Ramy Ayach","Tunisie"],"articleSection":["CULTURE","Tunisie"],"inLanguage":"fr-FR"},{"@type":"WebPage","@id":"https:\/\/kapitalis.com\/tunisie\/2024\/08\/03\/ramy-ayach-au-festival-de-hammamet-licone-de-la-pop-arabe\/","url":"https:\/\/kapitalis.com\/tunisie\/2024\/08\/03\/ramy-ayach-au-festival-de-hammamet-licone-de-la-pop-arabe\/","name":"Ramy Ayach au Festival de Hammamet : L'ic\u00f4ne de la pop arabe - Kapitalis","isPartOf":{"@id":"https:\/\/kapitalis.com\/tunisie\/#website"},"primaryImageOfPage":{"@id":"https:\/\/kapitalis.com\/tunisie\/2024\/08\/03\/ramy-ayach-au-festival-de-hammamet-licone-de-la-pop-arabe\/#primaryimage"},"image":{"@id":"https:\/\/kapitalis.com\/tunisie\/2024\/08\/03\/ramy-ayach-au-festival-de-hammamet-licone-de-la-pop-arabe\/#primaryimage"},"thumbnailUrl":"https:\/\/kapitalis.com\/tunisie\/wp-content\/uploads\/2024\/08\/Ramy-Ayach-Hammamet.jpg","datePublished":"2024-08-03T00:02:25+00:00","dateModified":"2024-08-03T00:04:19+00:00","breadcrumb":{"@id":"https:\/\/kapitalis.com\/tunisie\/2024\/08\/03\/ramy-ayach-au-festival-de-hammamet-licone-de-la-pop-arabe\/#breadcrumb"},"inLanguage":"fr-FR","potentialAction":[{"@type":"ReadAction","target":["https:\/\/kapitalis.com\/tunisie\/2024\/08\/03\/ramy-ayach-au-festival-de-hammamet-licone-de-la-pop-arabe\/"]}]},{"@type":"ImageObject","inLanguage":"fr-FR","@id":"https:\/\/kapitalis.com\/tunisie\/2024\/08\/03\/ramy-ayach-au-festival-de-hammamet-licone-de-la-pop-arabe\/#primaryimage","url":"https:\/\/kapitalis.com\/tunisie\/wp-content\/uploads\/2024\/08\/Ramy-Ayach-Hammamet.jpg","contentUrl":"https:\/\/kapitalis.com\/tunisie\/wp-content\/uploads\/2024\/08\/Ramy-Ayach-Hammamet.jpg","width":1200,"height":630},{"@type":"BreadcrumbList","@id":"https:\/\/kapitalis.com\/tunisie\/2024\/08\/03\/ramy-ayach-au-festival-de-hammamet-licone-de-la-pop-arabe\/#breadcrumb","itemListElement":[{"@type":"ListItem","position":1,"name":"Accueil","item":"https:\/\/kapitalis.com\/tunisie\/"},{"@type":"ListItem","position":2,"name":"Ramy Ayach au Festival de Hammamet : L&rsquo;ic\u00f4ne de la pop arabe"}]},{"@type":"WebSite","@id":"https:\/\/kapitalis.com\/tunisie\/#website","url":"https:\/\/kapitalis.com\/tunisie\/","name":"Kapitalis","description":"L&#039;actualit\u00e9 en Tunisie et dans le monde","publisher":{"@id":"https:\/\/kapitalis.com\/tunisie\/#organization"},"potentialAction":[{"@type":"SearchAction","target":{"@type":"EntryPoint","urlTemplate":"https:\/\/kapitalis.com\/tunisie\/?s={search_term_string}"},"query-input":{"@type":"PropertyValueSpecification","valueRequired":true,"valueName":"search_term_string"}}],"inLanguage":"fr-FR"},{"@type":"Organization","@id":"https:\/\/kapitalis.com\/tunisie\/#organization","name":"Kapitalis","url":"https:\/\/kapitalis.com\/tunisie\/","logo":{"@type":"ImageObject","inLanguage":"fr-FR","@id":"https:\/\/kapitalis.com\/tunisie\/#\/schema\/logo\/image\/","url":"https:\/\/kapitalis.com\/tunisie\/wp-content\/uploads\/2022\/05\/Kapitalis-big-size.png","contentUrl":"https:\/\/kapitalis.com\/tunisie\/wp-content\/uploads\/2022\/05\/Kapitalis-big-size.png","width":5000,"height":1500,"caption":"Kapitalis"},"image":{"@id":"https:\/\/kapitalis.com\/tunisie\/#\/schema\/logo\/image\/"},"sameAs":["https:\/\/www.facebook.com\/KapitalisInfo\/","https:\/\/x.com\/KapitalisInfo","https:\/\/www.youtube.com\/channel\/UC-yDYrHyfFBWWZaOw3FPg9Q"]},{"@type":"Person","@id":"https:\/\/kapitalis.com\/tunisie\/#\/schema\/person\/74bbde0154d49d790a92aaeac5bc01d5","name":"Yusra NY","url":"https:\/\/kapitalis.com\/tunisie\/author\/yuza_adam\/"}]}},"_links":{"self":[{"href":"https:\/\/kapitalis.com\/tunisie\/wp-json\/wp\/v2\/posts\/13682779","targetHints":{"allow":["GET"]}}],"collection":[{"href":"https:\/\/kapitalis.com\/tunisie\/wp-json\/wp\/v2\/posts"}],"about":[{"href":"https:\/\/kapitalis.com\/tunisie\/wp-json\/wp\/v2\/types\/post"}],"author":[{"embeddable":true,"href":"https:\/\/kapitalis.com\/tunisie\/wp-json\/wp\/v2\/users\/6"}],"replies":[{"embeddable":true,"href":"https:\/\/kapitalis.com\/tunisie\/wp-json\/wp\/v2\/comments?post=13682779"}],"version-history":[{"count":3,"href":"https:\/\/kapitalis.com\/tunisie\/wp-json\/wp\/v2\/posts\/13682779\/revisions"}],"predecessor-version":[{"id":13683198,"href":"https:\/\/kapitalis.com\/tunisie\/wp-json\/wp\/v2\/posts\/13682779\/revisions\/13683198"}],"wp:featuredmedia":[{"embeddable":true,"href":"https:\/\/kapitalis.com\/tunisie\/wp-json\/wp\/v2\/media\/13683192"}],"wp:attachment":[{"href":"https:\/\/kapitalis.com\/tunisie\/wp-json\/wp\/v2\/media?parent=13682779"}],"wp:term":[{"taxonomy":"category","embeddable":true,"href":"https:\/\/kapitalis.com\/tunisie\/wp-json\/wp\/v2\/categories?post=13682779"},{"taxonomy":"post_tag","embeddable":true,"href":"https:\/\/kapitalis.com\/tunisie\/wp-json\/wp\/v2\/tags?post=13682779"}],"curies":[{"name":"wp","href":"https:\/\/api.w.org\/{rel}","templated":true}]}}