{"id":13683056,"date":"2024-08-03T00:11:03","date_gmt":"2024-08-02T23:11:03","guid":{"rendered":"https:\/\/kapitalis.com\/tunisie\/?p=13683056"},"modified":"2024-08-03T00:56:03","modified_gmt":"2024-08-02T23:56:03","slug":"presidentielle-solidaires-avec-abir-moussi-des-femmes-du-pdl-vont-entrer-en-greve-de-la-faim","status":"publish","type":"post","link":"https:\/\/kapitalis.com\/tunisie\/2024\/08\/03\/presidentielle-solidaires-avec-abir-moussi-des-femmes-du-pdl-vont-entrer-en-greve-de-la-faim\/","title":{"rendered":"Pr\u00e9sidentielle : Solidaires avec Abir Moussi, des femmes du PDL vont entrer en gr\u00e8ve de la faim"},"content":{"rendered":"\n<p><strong><em>Le parti destourien libre (PDL) a d\u00e9nonc\u00e9 une nouvelle fois <\/em><\/strong>\u00ab<em style=\"\"><b>les obstacles visant \u00e0 exclure sa pr\u00e9sidente Abir Moussi de la pr\u00e9sidentielle du 6 octobre<\/b><\/em><strong><em>\u00bb et a annonc\u00e9 que des dirigeantes du parti vont embo\u00eeter le pas \u00e0 cette derni\u00e8re et entamer une gr\u00e8ve de la faim.<\/em><\/strong><\/p>\n\n\n\n<!--more-->\n\n\n\n<p>Dans un communiqu\u00e9 publi\u00e9 dans la soir\u00e9e de ce vendredi 2 ao\u00fbt 2024, le PDL estime que \u00ab <em>des mesures ill\u00e9gales sont impos\u00e9es par l&rsquo;Instance sup\u00e9rieure ind\u00e9pendante pour les \u00e9lections (Isie) dans le but d&rsquo;exclure la candidature d&rsquo;Abir Moussi \u00e0 la pr\u00e9sidentielle <\/em>\u00bb, en rappelant que l&rsquo;Instance est par ailleurs derri\u00e8re les poursuites la visant et lanc\u00e9es sur la base du d\u00e9cret 54.<\/p>\n\n\n\n<p>Le PDL a par ailleurs annonc\u00e9 que le comit\u00e9 de d\u00e9fense soumettra tout de m\u00eame le dossier de candidature d&rsquo;Abir Moussi, malgr\u00e9 des documents manquants, \u00ab <em>et ce, en vue de documenter le processus d&rsquo;exclusion dont est victime la pr\u00e9sidente du Parti detourien \u00bb.<\/em><\/p>\n\n\n\n<p>D&rsquo;autre part et afin de d\u00e9noncer les faits pr\u00e9cit\u00e9s, le PDL a annonc\u00e9 que des dirigeantes vont entrer en gr\u00e8ve de la faim en solidarit\u00e9 avec Abir Moussi, qui est elle m\u00eame en gr\u00e8ve de la faim depuis le 29 juillet dernier, pour \u00ab<em>revendiquer son droit en tant que citoyenne, femme et pr\u00e9sidente de parti \u00e0 se pr\u00e9senter \u00e0 la pr\u00e9sidentielle du 6 octobre et pour d\u00e9noncer des entraves \u00e0 sa candidature \u00bb.<\/em><\/p>\n\n\n\n<p class=\"has-text-align-right\"><strong>Y. N.<\/strong><\/p>\n","protected":false},"excerpt":{"rendered":"<p>Le parti destourien libre (PDL) a d\u00e9nonc\u00e9 une nouvelle fois \u00ables obstacles visant \u00e0 exclure sa pr\u00e9sidente Abir Moussi de la pr\u00e9sidentielle du 6 octobre\u00bb et a annonc\u00e9 que des dirigeantes du parti vont embo\u00eeter le pas \u00e0 cette derni\u00e8re et entamer une gr\u00e8ve de la faim.<\/p>\n","protected":false},"author":6,"featured_media":1555944,"comment_status":"closed","ping_status":"open","sticky":false,"template":"","format":"standard","meta":{"footnotes":""},"categories":[997,2433],"tags":[117000,15144,1479,115079,33536,4797,62643],"class_list":["post-13683056","post","type-post","status-publish","format-standard","has-post-thumbnail","hentry","category-politique","category-tunisie","tag-6-octobre","tag-abir-moussi","tag-femmes","tag-parti-desoutrien","tag-pdl","tag-presidentielle","tag-tunisie"],"yoast_head":"<!-- This site is optimized with the Yoast SEO plugin v26.6 - https:\/\/yoast.com\/wordpress\/plugins\/seo\/ -->\n<title>Pr\u00e9sidentielle : Solidaires avec Abir Moussi, des femmes du PDL vont entrer en gr\u00e8ve de la faim - Kapitalis<\/title>\n<meta name=\"robots\" content=\"index, follow, max-snippet:-1, max-image-preview:large, max-video-preview:-1\" \/>\n<link rel=\"canonical\" href=\"https:\/\/kapitalis.com\/tunisie\/2024\/08\/03\/presidentielle-solidaires-avec-abir-moussi-des-femmes-du-pdl-vont-entrer-en-greve-de-la-faim\/\" \/>\n<meta property=\"og:locale\" content=\"fr_FR\" \/>\n<meta property=\"og:type\" content=\"article\" \/>\n<meta property=\"og:title\" content=\"Pr\u00e9sidentielle : Solidaires avec Abir Moussi, des femmes du PDL vont entrer en gr\u00e8ve de la faim - Kapitalis\" \/>\n<meta property=\"og:description\" content=\"Le parti destourien libre (PDL) a d\u00e9nonc\u00e9 une nouvelle fois \u00ables obstacles visant \u00e0 exclure sa pr\u00e9sidente Abir Moussi de la pr\u00e9sidentielle du 6 octobre\u00bb et a annonc\u00e9 que des dirigeantes du parti vont embo\u00eeter le pas \u00e0 cette derni\u00e8re et entamer une gr\u00e8ve de la faim.\" \/>\n<meta property=\"og:url\" content=\"https:\/\/kapitalis.com\/tunisie\/2024\/08\/03\/presidentielle-solidaires-avec-abir-moussi-des-femmes-du-pdl-vont-entrer-en-greve-de-la-faim\/\" \/>\n<meta property=\"og:site_name\" content=\"Kapitalis\" \/>\n<meta property=\"article:publisher\" content=\"https:\/\/www.facebook.com\/KapitalisInfo\/\" \/>\n<meta property=\"article:published_time\" content=\"2024-08-02T23:11:03+00:00\" \/>\n<meta property=\"article:modified_time\" content=\"2024-08-02T23:56:03+00:00\" \/>\n<meta property=\"og:image\" content=\"https:\/\/kapitalis.com\/tunisie\/wp-content\/uploads\/2022\/06\/Abir-Moussi-PDL.jpg\" \/>\n\t<meta property=\"og:image:width\" content=\"1200\" \/>\n\t<meta property=\"og:image:height\" content=\"630\" \/>\n\t<meta property=\"og:image:type\" content=\"image\/jpeg\" \/>\n<meta name=\"author\" content=\"Yusra NY\" \/>\n<meta name=\"twitter:card\" content=\"summary_large_image\" \/>\n<meta name=\"twitter:creator\" content=\"@KapitalisInfo\" \/>\n<meta name=\"twitter:site\" content=\"@KapitalisInfo\" \/>\n<meta name=\"twitter:label1\" content=\"\u00c9crit par\" \/>\n\t<meta name=\"twitter:data1\" content=\"Yusra NY\" \/>\n\t<meta name=\"twitter:label2\" content=\"Dur\u00e9e de lecture estim\u00e9e\" \/>\n\t<meta name=\"twitter:data2\" content=\"2 minutes\" \/>\n<script type=\"application\/ld+json\" class=\"yoast-schema-graph\">{\"@context\":\"https:\/\/schema.org\",\"@graph\":[{\"@type\":\"Article\",\"@id\":\"https:\/\/kapitalis.com\/tunisie\/2024\/08\/03\/presidentielle-solidaires-avec-abir-moussi-des-femmes-du-pdl-vont-entrer-en-greve-de-la-faim\/#article\",\"isPartOf\":{\"@id\":\"https:\/\/kapitalis.com\/tunisie\/2024\/08\/03\/presidentielle-solidaires-avec-abir-moussi-des-femmes-du-pdl-vont-entrer-en-greve-de-la-faim\/\"},\"author\":{\"name\":\"Yusra NY\",\"@id\":\"https:\/\/kapitalis.com\/tunisie\/#\/schema\/person\/74bbde0154d49d790a92aaeac5bc01d5\"},\"headline\":\"Pr\u00e9sidentielle : Solidaires avec Abir Moussi, des femmes du PDL vont entrer en gr\u00e8ve de la faim\",\"datePublished\":\"2024-08-02T23:11:03+00:00\",\"dateModified\":\"2024-08-02T23:56:03+00:00\",\"mainEntityOfPage\":{\"@id\":\"https:\/\/kapitalis.com\/tunisie\/2024\/08\/03\/presidentielle-solidaires-avec-abir-moussi-des-femmes-du-pdl-vont-entrer-en-greve-de-la-faim\/\"},\"wordCount\":259,\"publisher\":{\"@id\":\"https:\/\/kapitalis.com\/tunisie\/#organization\"},\"image\":{\"@id\":\"https:\/\/kapitalis.com\/tunisie\/2024\/08\/03\/presidentielle-solidaires-avec-abir-moussi-des-femmes-du-pdl-vont-entrer-en-greve-de-la-faim\/#primaryimage\"},\"thumbnailUrl\":\"https:\/\/kapitalis.com\/tunisie\/wp-content\/uploads\/2022\/06\/Abir-Moussi-PDL.jpg\",\"keywords\":[\"6 octobre\",\"Abir Moussi\",\"femmes\",\"Parti desoutrien\",\"PDL\",\"pr\u00e9sidentielle\",\"Tunisie\"],\"articleSection\":[\"POLITIQUE\",\"Tunisie\"],\"inLanguage\":\"fr-FR\"},{\"@type\":\"WebPage\",\"@id\":\"https:\/\/kapitalis.com\/tunisie\/2024\/08\/03\/presidentielle-solidaires-avec-abir-moussi-des-femmes-du-pdl-vont-entrer-en-greve-de-la-faim\/\",\"url\":\"https:\/\/kapitalis.com\/tunisie\/2024\/08\/03\/presidentielle-solidaires-avec-abir-moussi-des-femmes-du-pdl-vont-entrer-en-greve-de-la-faim\/\",\"name\":\"Pr\u00e9sidentielle : Solidaires avec Abir Moussi, des femmes du PDL vont entrer en gr\u00e8ve de la faim - Kapitalis\",\"isPartOf\":{\"@id\":\"https:\/\/kapitalis.com\/tunisie\/#website\"},\"primaryImageOfPage\":{\"@id\":\"https:\/\/kapitalis.com\/tunisie\/2024\/08\/03\/presidentielle-solidaires-avec-abir-moussi-des-femmes-du-pdl-vont-entrer-en-greve-de-la-faim\/#primaryimage\"},\"image\":{\"@id\":\"https:\/\/kapitalis.com\/tunisie\/2024\/08\/03\/presidentielle-solidaires-avec-abir-moussi-des-femmes-du-pdl-vont-entrer-en-greve-de-la-faim\/#primaryimage\"},\"thumbnailUrl\":\"https:\/\/kapitalis.com\/tunisie\/wp-content\/uploads\/2022\/06\/Abir-Moussi-PDL.jpg\",\"datePublished\":\"2024-08-02T23:11:03+00:00\",\"dateModified\":\"2024-08-02T23:56:03+00:00\",\"breadcrumb\":{\"@id\":\"https:\/\/kapitalis.com\/tunisie\/2024\/08\/03\/presidentielle-solidaires-avec-abir-moussi-des-femmes-du-pdl-vont-entrer-en-greve-de-la-faim\/#breadcrumb\"},\"inLanguage\":\"fr-FR\",\"potentialAction\":[{\"@type\":\"ReadAction\",\"target\":[\"https:\/\/kapitalis.com\/tunisie\/2024\/08\/03\/presidentielle-solidaires-avec-abir-moussi-des-femmes-du-pdl-vont-entrer-en-greve-de-la-faim\/\"]}]},{\"@type\":\"ImageObject\",\"inLanguage\":\"fr-FR\",\"@id\":\"https:\/\/kapitalis.com\/tunisie\/2024\/08\/03\/presidentielle-solidaires-avec-abir-moussi-des-femmes-du-pdl-vont-entrer-en-greve-de-la-faim\/#primaryimage\",\"url\":\"https:\/\/kapitalis.com\/tunisie\/wp-content\/uploads\/2022\/06\/Abir-Moussi-PDL.jpg\",\"contentUrl\":\"https:\/\/kapitalis.com\/tunisie\/wp-content\/uploads\/2022\/06\/Abir-Moussi-PDL.jpg\",\"width\":1200,\"height\":630},{\"@type\":\"BreadcrumbList\",\"@id\":\"https:\/\/kapitalis.com\/tunisie\/2024\/08\/03\/presidentielle-solidaires-avec-abir-moussi-des-femmes-du-pdl-vont-entrer-en-greve-de-la-faim\/#breadcrumb\",\"itemListElement\":[{\"@type\":\"ListItem\",\"position\":1,\"name\":\"Accueil\",\"item\":\"https:\/\/kapitalis.com\/tunisie\/\"},{\"@type\":\"ListItem\",\"position\":2,\"name\":\"Pr\u00e9sidentielle : Solidaires avec Abir Moussi, des femmes du PDL vont entrer en gr\u00e8ve de la faim\"}]},{\"@type\":\"WebSite\",\"@id\":\"https:\/\/kapitalis.com\/tunisie\/#website\",\"url\":\"https:\/\/kapitalis.com\/tunisie\/\",\"name\":\"Kapitalis\",\"description\":\"L&#039;actualit\u00e9 en Tunisie et dans le monde\",\"publisher\":{\"@id\":\"https:\/\/kapitalis.com\/tunisie\/#organization\"},\"potentialAction\":[{\"@type\":\"SearchAction\",\"target\":{\"@type\":\"EntryPoint\",\"urlTemplate\":\"https:\/\/kapitalis.com\/tunisie\/?s={search_term_string}\"},\"query-input\":{\"@type\":\"PropertyValueSpecification\",\"valueRequired\":true,\"valueName\":\"search_term_string\"}}],\"inLanguage\":\"fr-FR\"},{\"@type\":\"Organization\",\"@id\":\"https:\/\/kapitalis.com\/tunisie\/#organization\",\"name\":\"Kapitalis\",\"url\":\"https:\/\/kapitalis.com\/tunisie\/\",\"logo\":{\"@type\":\"ImageObject\",\"inLanguage\":\"fr-FR\",\"@id\":\"https:\/\/kapitalis.com\/tunisie\/#\/schema\/logo\/image\/\",\"url\":\"https:\/\/kapitalis.com\/tunisie\/wp-content\/uploads\/2022\/05\/Kapitalis-big-size.png\",\"contentUrl\":\"https:\/\/kapitalis.com\/tunisie\/wp-content\/uploads\/2022\/05\/Kapitalis-big-size.png\",\"width\":5000,\"height\":1500,\"caption\":\"Kapitalis\"},\"image\":{\"@id\":\"https:\/\/kapitalis.com\/tunisie\/#\/schema\/logo\/image\/\"},\"sameAs\":[\"https:\/\/www.facebook.com\/KapitalisInfo\/\",\"https:\/\/x.com\/KapitalisInfo\",\"https:\/\/www.youtube.com\/channel\/UC-yDYrHyfFBWWZaOw3FPg9Q\"]},{\"@type\":\"Person\",\"@id\":\"https:\/\/kapitalis.com\/tunisie\/#\/schema\/person\/74bbde0154d49d790a92aaeac5bc01d5\",\"name\":\"Yusra NY\",\"url\":\"https:\/\/kapitalis.com\/tunisie\/author\/yuza_adam\/\"}]}<\/script>\n<!-- \/ Yoast SEO plugin. -->","yoast_head_json":{"title":"Pr\u00e9sidentielle : Solidaires avec Abir Moussi, des femmes du PDL vont entrer en gr\u00e8ve de la faim - Kapitalis","robots":{"index":"index","follow":"follow","max-snippet":"max-snippet:-1","max-image-preview":"max-image-preview:large","max-video-preview":"max-video-preview:-1"},"canonical":"https:\/\/kapitalis.com\/tunisie\/2024\/08\/03\/presidentielle-solidaires-avec-abir-moussi-des-femmes-du-pdl-vont-entrer-en-greve-de-la-faim\/","og_locale":"fr_FR","og_type":"article","og_title":"Pr\u00e9sidentielle : Solidaires avec Abir Moussi, des femmes du PDL vont entrer en gr\u00e8ve de la faim - Kapitalis","og_description":"Le parti destourien libre (PDL) a d\u00e9nonc\u00e9 une nouvelle fois \u00ables obstacles visant \u00e0 exclure sa pr\u00e9sidente Abir Moussi de la pr\u00e9sidentielle du 6 octobre\u00bb et a annonc\u00e9 que des dirigeantes du parti vont embo\u00eeter le pas \u00e0 cette derni\u00e8re et entamer une gr\u00e8ve de la faim.","og_url":"https:\/\/kapitalis.com\/tunisie\/2024\/08\/03\/presidentielle-solidaires-avec-abir-moussi-des-femmes-du-pdl-vont-entrer-en-greve-de-la-faim\/","og_site_name":"Kapitalis","article_publisher":"https:\/\/www.facebook.com\/KapitalisInfo\/","article_published_time":"2024-08-02T23:11:03+00:00","article_modified_time":"2024-08-02T23:56:03+00:00","og_image":[{"width":1200,"height":630,"url":"https:\/\/kapitalis.com\/tunisie\/wp-content\/uploads\/2022\/06\/Abir-Moussi-PDL.jpg","type":"image\/jpeg"}],"author":"Yusra NY","twitter_card":"summary_large_image","twitter_creator":"@KapitalisInfo","twitter_site":"@KapitalisInfo","twitter_misc":{"\u00c9crit par":"Yusra NY","Dur\u00e9e de lecture estim\u00e9e":"2 minutes"},"schema":{"@context":"https:\/\/schema.org","@graph":[{"@type":"Article","@id":"https:\/\/kapitalis.com\/tunisie\/2024\/08\/03\/presidentielle-solidaires-avec-abir-moussi-des-femmes-du-pdl-vont-entrer-en-greve-de-la-faim\/#article","isPartOf":{"@id":"https:\/\/kapitalis.com\/tunisie\/2024\/08\/03\/presidentielle-solidaires-avec-abir-moussi-des-femmes-du-pdl-vont-entrer-en-greve-de-la-faim\/"},"author":{"name":"Yusra NY","@id":"https:\/\/kapitalis.com\/tunisie\/#\/schema\/person\/74bbde0154d49d790a92aaeac5bc01d5"},"headline":"Pr\u00e9sidentielle : Solidaires avec Abir Moussi, des femmes du PDL vont entrer en gr\u00e8ve de la faim","datePublished":"2024-08-02T23:11:03+00:00","dateModified":"2024-08-02T23:56:03+00:00","mainEntityOfPage":{"@id":"https:\/\/kapitalis.com\/tunisie\/2024\/08\/03\/presidentielle-solidaires-avec-abir-moussi-des-femmes-du-pdl-vont-entrer-en-greve-de-la-faim\/"},"wordCount":259,"publisher":{"@id":"https:\/\/kapitalis.com\/tunisie\/#organization"},"image":{"@id":"https:\/\/kapitalis.com\/tunisie\/2024\/08\/03\/presidentielle-solidaires-avec-abir-moussi-des-femmes-du-pdl-vont-entrer-en-greve-de-la-faim\/#primaryimage"},"thumbnailUrl":"https:\/\/kapitalis.com\/tunisie\/wp-content\/uploads\/2022\/06\/Abir-Moussi-PDL.jpg","keywords":["6 octobre","Abir Moussi","femmes","Parti desoutrien","PDL","pr\u00e9sidentielle","Tunisie"],"articleSection":["POLITIQUE","Tunisie"],"inLanguage":"fr-FR"},{"@type":"WebPage","@id":"https:\/\/kapitalis.com\/tunisie\/2024\/08\/03\/presidentielle-solidaires-avec-abir-moussi-des-femmes-du-pdl-vont-entrer-en-greve-de-la-faim\/","url":"https:\/\/kapitalis.com\/tunisie\/2024\/08\/03\/presidentielle-solidaires-avec-abir-moussi-des-femmes-du-pdl-vont-entrer-en-greve-de-la-faim\/","name":"Pr\u00e9sidentielle : Solidaires avec Abir Moussi, des femmes du PDL vont entrer en gr\u00e8ve de la faim - Kapitalis","isPartOf":{"@id":"https:\/\/kapitalis.com\/tunisie\/#website"},"primaryImageOfPage":{"@id":"https:\/\/kapitalis.com\/tunisie\/2024\/08\/03\/presidentielle-solidaires-avec-abir-moussi-des-femmes-du-pdl-vont-entrer-en-greve-de-la-faim\/#primaryimage"},"image":{"@id":"https:\/\/kapitalis.com\/tunisie\/2024\/08\/03\/presidentielle-solidaires-avec-abir-moussi-des-femmes-du-pdl-vont-entrer-en-greve-de-la-faim\/#primaryimage"},"thumbnailUrl":"https:\/\/kapitalis.com\/tunisie\/wp-content\/uploads\/2022\/06\/Abir-Moussi-PDL.jpg","datePublished":"2024-08-02T23:11:03+00:00","dateModified":"2024-08-02T23:56:03+00:00","breadcrumb":{"@id":"https:\/\/kapitalis.com\/tunisie\/2024\/08\/03\/presidentielle-solidaires-avec-abir-moussi-des-femmes-du-pdl-vont-entrer-en-greve-de-la-faim\/#breadcrumb"},"inLanguage":"fr-FR","potentialAction":[{"@type":"ReadAction","target":["https:\/\/kapitalis.com\/tunisie\/2024\/08\/03\/presidentielle-solidaires-avec-abir-moussi-des-femmes-du-pdl-vont-entrer-en-greve-de-la-faim\/"]}]},{"@type":"ImageObject","inLanguage":"fr-FR","@id":"https:\/\/kapitalis.com\/tunisie\/2024\/08\/03\/presidentielle-solidaires-avec-abir-moussi-des-femmes-du-pdl-vont-entrer-en-greve-de-la-faim\/#primaryimage","url":"https:\/\/kapitalis.com\/tunisie\/wp-content\/uploads\/2022\/06\/Abir-Moussi-PDL.jpg","contentUrl":"https:\/\/kapitalis.com\/tunisie\/wp-content\/uploads\/2022\/06\/Abir-Moussi-PDL.jpg","width":1200,"height":630},{"@type":"BreadcrumbList","@id":"https:\/\/kapitalis.com\/tunisie\/2024\/08\/03\/presidentielle-solidaires-avec-abir-moussi-des-femmes-du-pdl-vont-entrer-en-greve-de-la-faim\/#breadcrumb","itemListElement":[{"@type":"ListItem","position":1,"name":"Accueil","item":"https:\/\/kapitalis.com\/tunisie\/"},{"@type":"ListItem","position":2,"name":"Pr\u00e9sidentielle : Solidaires avec Abir Moussi, des femmes du PDL vont entrer en gr\u00e8ve de la faim"}]},{"@type":"WebSite","@id":"https:\/\/kapitalis.com\/tunisie\/#website","url":"https:\/\/kapitalis.com\/tunisie\/","name":"Kapitalis","description":"L&#039;actualit\u00e9 en Tunisie et dans le monde","publisher":{"@id":"https:\/\/kapitalis.com\/tunisie\/#organization"},"potentialAction":[{"@type":"SearchAction","target":{"@type":"EntryPoint","urlTemplate":"https:\/\/kapitalis.com\/tunisie\/?s={search_term_string}"},"query-input":{"@type":"PropertyValueSpecification","valueRequired":true,"valueName":"search_term_string"}}],"inLanguage":"fr-FR"},{"@type":"Organization","@id":"https:\/\/kapitalis.com\/tunisie\/#organization","name":"Kapitalis","url":"https:\/\/kapitalis.com\/tunisie\/","logo":{"@type":"ImageObject","inLanguage":"fr-FR","@id":"https:\/\/kapitalis.com\/tunisie\/#\/schema\/logo\/image\/","url":"https:\/\/kapitalis.com\/tunisie\/wp-content\/uploads\/2022\/05\/Kapitalis-big-size.png","contentUrl":"https:\/\/kapitalis.com\/tunisie\/wp-content\/uploads\/2022\/05\/Kapitalis-big-size.png","width":5000,"height":1500,"caption":"Kapitalis"},"image":{"@id":"https:\/\/kapitalis.com\/tunisie\/#\/schema\/logo\/image\/"},"sameAs":["https:\/\/www.facebook.com\/KapitalisInfo\/","https:\/\/x.com\/KapitalisInfo","https:\/\/www.youtube.com\/channel\/UC-yDYrHyfFBWWZaOw3FPg9Q"]},{"@type":"Person","@id":"https:\/\/kapitalis.com\/tunisie\/#\/schema\/person\/74bbde0154d49d790a92aaeac5bc01d5","name":"Yusra NY","url":"https:\/\/kapitalis.com\/tunisie\/author\/yuza_adam\/"}]}},"_links":{"self":[{"href":"https:\/\/kapitalis.com\/tunisie\/wp-json\/wp\/v2\/posts\/13683056","targetHints":{"allow":["GET"]}}],"collection":[{"href":"https:\/\/kapitalis.com\/tunisie\/wp-json\/wp\/v2\/posts"}],"about":[{"href":"https:\/\/kapitalis.com\/tunisie\/wp-json\/wp\/v2\/types\/post"}],"author":[{"embeddable":true,"href":"https:\/\/kapitalis.com\/tunisie\/wp-json\/wp\/v2\/users\/6"}],"replies":[{"embeddable":true,"href":"https:\/\/kapitalis.com\/tunisie\/wp-json\/wp\/v2\/comments?post=13683056"}],"version-history":[{"count":2,"href":"https:\/\/kapitalis.com\/tunisie\/wp-json\/wp\/v2\/posts\/13683056\/revisions"}],"predecessor-version":[{"id":13683075,"href":"https:\/\/kapitalis.com\/tunisie\/wp-json\/wp\/v2\/posts\/13683056\/revisions\/13683075"}],"wp:featuredmedia":[{"embeddable":true,"href":"https:\/\/kapitalis.com\/tunisie\/wp-json\/wp\/v2\/media\/1555944"}],"wp:attachment":[{"href":"https:\/\/kapitalis.com\/tunisie\/wp-json\/wp\/v2\/media?parent=13683056"}],"wp:term":[{"taxonomy":"category","embeddable":true,"href":"https:\/\/kapitalis.com\/tunisie\/wp-json\/wp\/v2\/categories?post=13683056"},{"taxonomy":"post_tag","embeddable":true,"href":"https:\/\/kapitalis.com\/tunisie\/wp-json\/wp\/v2\/tags?post=13683056"}],"curies":[{"name":"wp","href":"https:\/\/api.w.org\/{rel}","templated":true}]}}