{"id":13685143,"date":"2024-08-03T11:20:07","date_gmt":"2024-08-03T10:20:07","guid":{"rendered":"https:\/\/kapitalis.com\/tunisie\/?p=13685143"},"modified":"2024-08-03T13:03:58","modified_gmt":"2024-08-03T12:03:58","slug":"arret-sur-images-ete-2024-en-tunisie","status":"publish","type":"post","link":"https:\/\/kapitalis.com\/tunisie\/2024\/08\/03\/arret-sur-images-ete-2024-en-tunisie\/","title":{"rendered":"Arr\u00eat sur images : \u00c9t\u00e9 2024 en Tunisie"},"content":{"rendered":"\n<p><strong><em>Deux semaines d\u00e9j\u00e0, et c\u2019est fini les vacances \u00e0 Djerba. Je fais ma valise et je quitte le pays, la t\u00eate pleine d\u2019images, d\u2019\u00e9motions et de constats. Pas tous sympathiques ! Je vous les r\u00e9sume en 10 mots clefs, avec mes lunettes d\u2019\u00e9conomiste. Tenez-vous bien, cela va brasser\u2026<\/em><\/strong> <em>(Ph. Nathalie Crub\u00e9zy \/\u00a0<a href=\"http:\/\/www.a-vifs.org\/\">Collectif \u00e0-vif(s)<\/a>)<\/em>. <\/p>\n\n\n\n<p><strong>Moktar Lamari<\/strong> *<\/p>\n\n\n\n<!--more-->\n\n\n<div class=\"wp-block-image\">\n<figure class=\"alignleft size-full is-resized\"><img decoding=\"async\" src=\"http:\/\/kapitalis.com\/tunisie\/wp-content\/uploads\/2019\/10\/Moktar-Lamari.jpg\" alt=\"\" class=\"wp-image-246439\" style=\"width:200px\"\/><\/figure>\n<\/div>\n\n\n<p>Je vais d\u00e9crier notamment l\u2019\u00e9cart de d\u00e9veloppement \u00e9conomique qui se creuse m\u00e9caniquement entre la Tunisie et le monde civilis\u00e9.<\/p>\n\n\n\n<p>Mes constats sont perceptibles \u00e0 l\u2019\u0153il nu. Mon regard aiguis\u00e9 est forc\u00e9ment critique, mais pas sans biais ni controverses. Dans l\u2019ordre d\u2019importance, voil\u00e0 ce que je pense!<\/p>\n\n\n\n<h2 class=\"wp-block-heading\">1- Femmes<\/h2>\n\n\n\n<p>L\u2019image est frappante (et tr\u00e8s d\u00e9cevante) : de ces centaines de milliers de femmes, de jeunes filles voil\u00e9es (souvent en noir), en ville, dans les villages et m\u00eame dans l\u2019eau profonde des belles plages de la lagune de Djerba-La-Fid\u00e8le.<\/p>\n\n\n\n<p>D\u2019une ann\u00e9e \u00e0 une autre, leur nombre se multiplie, et va savoir pourquoi! Tahar Haddad (1899-1935) doit se retourner dans sa tombe, lui qui depuis la premi\u00e8re moiti\u00e9 du dernier si\u00e8cle a cru n\u00e9cessaire de plaider l\u2019urgence de la modernisation du statut de la femme arabe, musulmane et particuli\u00e8rement tunisienne. L\u2019habit ne fait pas le moine, disait le proverbe. Mais l\u2019image est choquante.<\/p>\n\n\n\n<p>On ne peut que d\u00e9plorer la p\u00e9nible misogynie issue d\u2019une masculinit\u00e9 toxique qui exclut de facto les femmes seules des espaces publics communs pour la consommation (caf\u00e9s, bars, loisirs, restaurants), pour les confiner aux travaux m\u00e9nagers, aux fonctions subalternes et souvent informelles. Seulement une femme sur quatre a acc\u00e8s au march\u00e9 du travail salari\u00e9 et formel. Plus de 2 millions de femmes sont ainsi \u00e9cart\u00e9es des chemins du progr\u00e8s.<\/p>\n\n\n\n<p><em>\u00abBerjoulia\u00bb<\/em> est le mot clef le plus crapuleux, le plus malsain et le plus toxique de tous. Cette locution ponctue les discours machistes, r\u00e9voltants et indignes de la Tunisie que j\u2019aime. M\u00eame dans les radios, on la reproduit sans crier gare! Encore aujourd\u2019hui, en 2024, la femme est vue comme la moiti\u00e9 de l\u2019homme, mais jamais l\u2019\u00e9gal de celui-ci. Les Tunisiens (pas tous) doivent se remettre en question.<\/p>\n\n\n\n<p>La toxicit\u00e9 masculine veut faire de toutes ces femmes un <em>\u00abrien\u00bb<\/em>, des <em>\u00abobjets\u00bb<\/em> invisibles, juste des reproductrices. Cette toxicit\u00e9 fait que les femmes finissent par s\u2019effacer, pour \u00e9viter le pire, pour baisser les bras et se fermer les yeux et les oreilles. Une logique de victimisation que je comprends, mais que je ne soutiens pas.<\/p>\n\n\n\n<p>Une conjointe, une maman, une s\u0153ur, une fille, elles m\u00e9ritent mieux! L\u2019islam politique a fait tr\u00e8s mal aux femmes tunisiennes, qu\u2019on le veuille ou non! Bourguiba, depuis les ann\u00e9es 1960, a pr\u00e9venu que l\u2019islam rigoureux, mal compris, constitue un danger pour l\u2019\u00e9mancipation de la femme. Et \u00e0 raison!<\/p>\n\n\n\n<p>La femme tunisienne doit avoir le droit de d\u00e9ployer sa beaut\u00e9 et son charme, son savoir-faire et sa valeur ajout\u00e9e \u00e9conomique, pleinement dans un pays qui n\u2019en demande pas plus. Les hommes doivent comprendre et se remettre en question, \u00e0 mon avis. On est loin du compte \u00e0 ce sujet.<\/p>\n\n\n\n<figure class=\"wp-block-embed is-type-wp-embed is-provider-kapitalis wp-block-embed-kapitalis\"><div class=\"wp-block-embed__wrapper\">\n<blockquote class=\"wp-embedded-content\" data-secret=\"ZCp9QiCCqc\"><a href=\"https:\/\/kapitalis.com\/tunisie\/2024\/07\/19\/les-touristes-se-plaignent-de-la-salete-en-tunisie\/\">Les touristes se plaignent de la salet\u00e9 en Tunisie<\/a><\/blockquote><iframe loading=\"lazy\" class=\"wp-embedded-content\" sandbox=\"allow-scripts\" security=\"restricted\" style=\"position: absolute; visibility: hidden;\" title=\"\u00ab\u00a0Les touristes se plaignent de la salet\u00e9 en Tunisie\u00a0\u00bb &#8212; Kapitalis\" src=\"https:\/\/kapitalis.com\/tunisie\/2024\/07\/19\/les-touristes-se-plaignent-de-la-salete-en-tunisie\/embed\/#?secret=rmQ76zwDOj#?secret=ZCp9QiCCqc\" data-secret=\"ZCp9QiCCqc\" width=\"600\" height=\"338\" frameborder=\"0\" marginwidth=\"0\" marginheight=\"0\" scrolling=\"no\"><\/iframe>\n<\/div><\/figure>\n\n\n\n<h2 class=\"wp-block-heading\">2- Poubelles<\/h2>\n\n\n\n<p>Durant mon s\u00e9jour de vacancier qui fantasme sur les charmes de la Tunisie d\u2019antan, les poubelles \u00e0 ciel ouvert sont partout dans les villes, les villages et m\u00eame dans les places et ruelles les plus officielles et les plus achaland\u00e9es. Tout y est, des restes de l\u00e9gumes de cuisine, des couches de b\u00e9b\u00e9s, des bouteilles vides, des mat\u00e9riaux en fermentation. C\u2019est juste r\u00e9voltant.<\/p>\n\n\n\n<p>Devant chaque maison cousue lou\u00e9e aux touristes locaux et libyens, on trouve ces tas d\u2019ordures qui attirent les chiens errants, les mouches, les scorpions et les moustiques. Les caf\u00e9s bond\u00e9s sont entour\u00e9s de ces d\u00e9tritus et odeurs naus\u00e9abondes.<\/p>\n\n\n\n<p>Vu de loin, on se demande comment s\u2019est-on rendu l\u00e0? Comment peut-on imaginer ces hommes <em>\u00abfiers\u00bb<\/em> cohabiter avec les ordures, au m\u00eame niveau, sirotant un caf\u00e9, pendant trois &nbsp;heures ? Comment passer autant d\u2019heures d\u2019oisivet\u00e9 dans les espaces publics et plages jonch\u00e9s d\u2019ordures et de poubelles? Un grand nombre d\u2019<em>\u00abhommes tunisiens\u00bb<\/em> sont capables de le faire, involontairement j\u2019esp\u00e8re! Faute de maturit\u00e9 et d\u2019amour propre.<\/p>\n\n\n\n<h2 class=\"wp-block-heading\">3- Prix<\/h2>\n\n\n\n<p>Ce mois de juillet 2024, le kilogramme de c\u00f4telettes d\u2019agneau est \u00e0 56 DT, un simple caf\u00e9 express \u00e0 l\u2019a\u00e9roport est \u00e0 14 DT, 1 kilogramme de p\u00eaches blanches au souk de Midoun est \u00e0 8 DT.<\/p>\n\n\n\n<p>C\u2019est au minimum trois fois les prix en Europe, o\u00f9 le salaire minimum est six fois plus \u00e9lev\u00e9 que celui en vigueur en Tunisie. Et c\u2019est pareil pour les autres produits de consommation courante dans les march\u00e9s.<\/p>\n\n\n\n<p>Va savoir pourquoi? Une raison saute aux yeux: l\u2019absence de concurrence et la g\u00e9n\u00e9ralisation de monopoles, oligopoles, et collusionnaires de tout acabit. La logique de la rente et la perte des rep\u00e8res du march\u00e9 concurrentiel dominent les transactions \u00e9conomiques. Les groupes de pression font la loi, et les r\u00e9glementations bureaucratiques ent\u00e9rinent cet \u00e9tat des lieux pour gonfler les surplus des vendeurs, des producteurs\u2026 au d\u00e9triment des consommateurs.<\/p>\n\n\n\n<p>L\u2019\u00c9tat-providence ne fait rien pour renforcer la concurrence dans les march\u00e9s et pour abolir les rentes. Et, quoi qu\u2019on en dise, les politiques publiques ne semblent pas favoriser, et de fa\u00e7on efficiente, le pouvoir d\u2019achat des moins nantis.<\/p>\n\n\n\n<h2 class=\"wp-block-heading\">4- Travail<\/h2>\n\n\n\n<p>Le sens du travail en Tunisie n\u2019est plus ce qu\u2019il \u00e9tait. <em>\u00abDoucement le matin, pas trop vite l\u2019apr\u00e8s-midi\u00bb<\/em> r\u00e8gne en devise forte dans le bled. Tout le monde fait \u00e0 son rythme, et tant pis pour le citoyen, pour les payeurs de taxes.<\/p>\n\n\n\n<p>Pas de besoins de rendez-vous, pour payer sa facture d\u2019eau, ou d\u2019\u00e9lectricit\u00e9, mettre \u00e0 jour son dossier de sa pension de retraite. Il faut se pointer et attendre, avec des <em>inchallahs<\/em> sur toutes les l\u00e8vres. Il ne faut pas s\u2019impatienter, on peut le regretter, si on hausse le ton.<\/p>\n\n\n\n<p>On peut te faire revenir plusieurs fois pour une simple formalit\u00e9 ou une prolongation d\u2019un permis de circulation. Les administrations demandent des informations d\u00e9j\u00e0 disponibles dans leurs r\u00e9seaux et des documents inutiles, au final. On peut m\u00eame t\u2019humilier, s\u2019il le faut.<\/p>\n\n\n\n<figure class=\"wp-block-embed is-type-wp-embed is-provider-kapitalis wp-block-embed-kapitalis\"><div class=\"wp-block-embed__wrapper\">\n<blockquote class=\"wp-embedded-content\" data-secret=\"XDNt3Qol2J\"><a href=\"https:\/\/kapitalis.com\/tunisie\/2024\/01\/17\/tunisie-le-drame-de-la-productivite-des-fonctionnaires\/\">Tunisie : le drame de la productivit\u00e9 des fonctionnaires<\/a><\/blockquote><iframe loading=\"lazy\" class=\"wp-embedded-content\" sandbox=\"allow-scripts\" security=\"restricted\" style=\"position: absolute; visibility: hidden;\" title=\"\u00ab\u00a0Tunisie : le drame de la productivit\u00e9 des fonctionnaires\u00a0\u00bb &#8212; Kapitalis\" src=\"https:\/\/kapitalis.com\/tunisie\/2024\/01\/17\/tunisie-le-drame-de-la-productivite-des-fonctionnaires\/embed\/#?secret=ROtGx1HPoG#?secret=XDNt3Qol2J\" data-secret=\"XDNt3Qol2J\" width=\"600\" height=\"338\" frameborder=\"0\" marginwidth=\"0\" marginheight=\"0\" scrolling=\"no\"><\/iframe>\n<\/div><\/figure>\n\n\n\n<h2 class=\"wp-block-heading\">5- Productivit\u00e9<\/h2>\n\n\n\n<p>Les temps o\u00f9 Ahmed Ben Salah, Hedi Nouira, et Habib Bourguiba mettaient la productivit\u00e9 au c\u0153ur des leviers du d\u00e9veloppement et de tous les discours, sont bel et bien r\u00e9volus. L\u2019\u00e9conomie d\u2019aujourd\u2019hui est pi\u00e9g\u00e9e par cette perte de productivit\u00e9 du travail (du capital et globale des facteurs).<\/p>\n\n\n\n<p>Et tous ces politiciens qui se succ\u00e8dent depuis 2012, et qui se ressemblent, ne bougent pas sur ce plan de peur de perdre des votes ou de susciter les foudres d\u2019un syndicalisme vindicatif, surann\u00e9.<\/p>\n\n\n\n<p>Le Tunisien moyen produit jusqu\u2019\u00e0 15 fois de moins qu\u2019un Canadien (en valeur marchande). Le recul de productivit\u00e9 est acc\u00e9l\u00e9r\u00e9 par la chute des investissements en technologies nouvelles, en capital humain et en capital productif.<\/p>\n\n\n\n<p>Le taux d\u2019investissement est tir\u00e9 par le bas, par une politique mon\u00e9taire exag\u00e9rant le taux d\u2019int\u00e9r\u00eat directeur, et multipliant les mesures erratiques, peu \u00e9valu\u00e9es et \u00e0 la merci du cartel de cette trentaine de banques priv\u00e9es. L\u2019\u00e9pargne est d\u00e9tourn\u00e9e pour payer la dette.<\/p>\n\n\n\n<h2 class=\"wp-block-heading\">6- Vivre-ensemble <\/h2>\n\n\n\n<p>Certes, on est en M\u00e9diterran\u00e9en du Sud. Et cela se corse: on parle fort, on se pousse, on se tape dessus s\u2019il faut, et on ne fait pas suffisamment attention aux autres. Les comportements des conducteurs sur les routes sont simplement dangereux et infernaux.<\/p>\n\n\n\n<p>J\u2019ai assist\u00e9 personnellement, en pleine rue \u00e0 l\u2019entr\u00e9e de Mellita, \u00e0 une bagarre corps \u00e0 corps entre un camionneur et un chauffeur de bus bond\u00e9 de touristes. La honte, les touristes filmaient le spectacle avec leur cam\u00e9ra. Ma conjointe ne comprenait pas le rationnel. Scandaleux!<\/p>\n\n\n\n<p>Sur les routes, la perception du risque est quasi inexistante, des voitures qui roulent \u00e0 4 rang\u00e9es, sur une route \u00e0 deux voies, des klaxons, des d\u00e9passements \u00e0 gauche, des bus publics amortis, bond\u00e9s et \u00e0 qui manquent des vitres\u2026 parfois roulant \u00e0 portes ouvertes.<\/p>\n\n\n\n<p>Jamais \u00e0 l\u2019heure, ces bus en disent long sur l\u2019\u00e9tat de d\u00e9labrement du transport collectif, et surtout sur l\u2019irrespect des jeunes envers leurs a\u00een\u00e9s, fr\u00e9quentant ces bus d\u00e9labr\u00e9s et m\u00e9tros amortis.<\/p>\n\n\n\n<p>La capacit\u00e9 \u00e0 coordonner l\u2019action collective, et \u00e0 initier la symbiose du vivre-ensemble est en dessous des standards esp\u00e9r\u00e9s par les Tunisiens et surtout par les touristes qui viennent visiter notre pays. C\u2019est pourquoi, en majorit\u00e9, ils pr\u00e9f\u00e8rent rester dans leurs h\u00f4tels, \u00e9vitant de prendre les risques de se faire harceler ou <em>\u00abarnaquer\u00bb<\/em> en ville et dans les souks.<\/p>\n\n\n\n<h2 class=\"wp-block-heading\">7- Rationnement<\/h2>\n\n\n\n<p>Durant les deux semaines de mon s\u00e9jour, il n\u2019y a pas un jour o\u00f9 l\u2019eau et\/ou l\u2019\u00e9lectricit\u00e9 n\u2019ont pas \u00e9t\u00e9 interrompues, coup\u00e9es une ou deux fois par jour. Des coupures subites, sans avertissements pr\u00e9alables, et encore moins d\u2019explications. Et aucune localit\u00e9 de l\u2019\u00eele de Djerba n\u2019a \u00e9t\u00e9 \u00e0 l\u2019abri des interruptions de ces \u00e9l\u00e9ments essentiels \u00e0 la vie de tous les jours.<\/p>\n\n\n\n<p>Les files d\u2019attente sont aussi pr\u00e9sentes devant les boulangeries, les pharmacies, entre autres. Face \u00e0 cette pr\u00e9carisation des services essentiels, les m\u00e9dias et les \u00e9lites politiques, pr\u00e9f\u00e8rent jeter l\u2019odieux sur les r\u00e9seaux mafieux, les<em> \u00abennemis\u00bb<\/em> de la Tunisie.<\/p>\n\n\n\n<p>Mais, ici aussi, c\u2019est un enjeu de travail et d\u2019investissement, une question d\u2019engagement collectif pour le bien public, et un d\u00e9tournement de l\u2019\u00e9pargne collective vers l\u2019investissement, plut\u00f4t que vers la dette et la consommation improductive.<\/p>\n\n\n\n<figure class=\"wp-block-embed is-type-wp-embed is-provider-kapitalis wp-block-embed-kapitalis\"><div class=\"wp-block-embed__wrapper\">\n<blockquote class=\"wp-embedded-content\" data-secret=\"ty5tsqSDA8\"><a href=\"https:\/\/kapitalis.com\/tunisie\/2023\/11\/05\/chronique-dun-douloureux-retour-en-tunisie\/\">Chronique d\u2019un douloureux retour en Tunisie<\/a><\/blockquote><iframe loading=\"lazy\" class=\"wp-embedded-content\" sandbox=\"allow-scripts\" security=\"restricted\" style=\"position: absolute; visibility: hidden;\" title=\"\u00ab\u00a0Chronique d\u2019un douloureux retour en Tunisie\u00a0\u00bb &#8212; Kapitalis\" src=\"https:\/\/kapitalis.com\/tunisie\/2023\/11\/05\/chronique-dun-douloureux-retour-en-tunisie\/embed\/#?secret=M3J8V3kHpS#?secret=ty5tsqSDA8\" data-secret=\"ty5tsqSDA8\" width=\"600\" height=\"338\" frameborder=\"0\" marginwidth=\"0\" marginheight=\"0\" scrolling=\"no\"><\/iframe>\n<\/div><\/figure>\n\n\n\n<h2 class=\"wp-block-heading\">8- \u00abZmigris\u00bb<\/h2>\n\n\n\n<p>Comme chaque \u00e9t\u00e9, les quelque 2 millions d\u2019expatri\u00e9s reviennent au pays, pour des vacances estivales. Pas tous heureusement. Des moments de retrouvailles chaleureux, mais on se rel\u00e2che, et on retrouve les comportements du bled.<\/p>\n\n\n\n<p>Une fois arriv\u00e9s au bled, on ne respecte plus le code de la route, on d\u00e9passe n\u2019importe comment, on se gare en 2<sup>e<\/sup> rang\u00e9e, on met les b\u00e9b\u00e9s et enfants dans le si\u00e8ge avant sans ceinture de s\u00e9curit\u00e9. On ne fait pas mieux au niveau des nuisances pour le voisinage.<\/p>\n\n\n\n<p>Ces centaines de piscines aliment\u00e9es par l\u2019eau de la Sonede (avec des tarifs subventionn\u00e9s) et ces centaines de forages clandestins, financ\u00e9s par les euros des expatri\u00e9s commencent \u00e0 \u00e9nerver les insulaires.<\/p>\n\n\n\n<p>Ceux-ci demandent aux <em>\u00abZmigris\u00bb<\/em> de respecter la loi r\u00e9gissant la gouvernance de l\u2019eau en contexte d\u2019aridit\u00e9 climatique. Il faut payer le juste prix d\u2019une eau dont les prix ne refl\u00e8tent plus la raret\u00e9 (valeur marchande) et les usages alternatifs (valeur d\u2019usage).<\/p>\n\n\n\n<p>Le pouvoir d\u2019achat relativement \u00e9lev\u00e9 de ces expatri\u00e9s procure de pr\u00e9cieuses devises pour une \u00e9conomie en manque de devises et qui menace de s\u2019effondrer \u00e0 tout moment.<\/p>\n\n\n\n<h2 class=\"wp-block-heading\">9- Corruption<\/h2>\n\n\n\n<p>Cette capacit\u00e9 \u00e0 payer le prix fort de ces<em> \u00abZmigris\u00bb<\/em> fait saliver bien de fonctionnaires en qu\u00eate de compl\u00e9ment de revenus, \u00e0 l\u2019occasion de l\u2019obtention d\u2019un papier administratif ou un renouvellement de documents d\u2019identit\u00e9, ou titre de propri\u00e9t\u00e9. Et cela n\u2019arrange pas les choses, quand on conna\u00eet le niveau de corruption qui ronge la Tunisie. Pendant mon s\u00e9jour, une dizaine d\u2019arrestations de hauts d\u00e9cideurs, de syndicalistes, entre autres. Toutes pour motif de corruption et de malversation.<\/p>\n\n\n\n<p><a href=\"https:\/\/kapitalis.com\/tunisie\/2024\/08\/01\/mandats-de-depot-a-lencontre-de-khaled-chelly-pdg-de-tunisair\/\" target=\"_blank\" rel=\"noreferrer noopener\">Tunisair <\/a>brille encore une fois par ses contre-performances \u00e0 l\u2019aune des indicateurs de corruption. Le PDG en personne, les principaux syndicalistes et quelques hauts cadres et pilotes et h\u00f4tesses trempent dans des affaires indignes de cette soci\u00e9t\u00e9 d\u2019\u00c9tat (prox\u00e9n\u00e9tisme, prostitution, falsification, contrebande, etc.).<\/p>\n\n\n\n<p>Au niveau de l\u2019\u00c9tat, plus de 130 000 salari\u00e9s sont devenus fonctionnaires, entre 2012 et 2015, souvent gr\u00e2ce des dossiers truqu\u00e9s, des m\u00e9canismes injustifi\u00e9s et des dipl\u00f4mes falsifi\u00e9s. Merci la smala de Ghannouchi. Un colis pi\u00e9g\u00e9 laiss\u00e9 pour nos enfants et petits-enfants.<\/p>\n\n\n\n<p>Il faut d\u00e9faire la loi de la permanence dans la fonction publique, pour la repenser en profondeur.<\/p>\n\n\n\n<figure class=\"wp-block-embed is-type-wp-embed is-provider-kapitalis wp-block-embed-kapitalis\"><div class=\"wp-block-embed__wrapper\">\n<blockquote class=\"wp-embedded-content\" data-secret=\"u1TiCPjn6I\"><a href=\"https:\/\/kapitalis.com\/tunisie\/2024\/07\/15\/tunisie-presidentielle-une-drole-dambiance\/\">Tunisie &#8211; Pr\u00e9sidentielle\u00a0: une dr\u00f4le d\u2019ambiance<\/a><\/blockquote><iframe loading=\"lazy\" class=\"wp-embedded-content\" sandbox=\"allow-scripts\" security=\"restricted\" style=\"position: absolute; visibility: hidden;\" title=\"\u00ab\u00a0Tunisie &#8211; Pr\u00e9sidentielle\u00a0: une dr\u00f4le d\u2019ambiance\u00a0\u00bb &#8212; Kapitalis\" src=\"https:\/\/kapitalis.com\/tunisie\/2024\/07\/15\/tunisie-presidentielle-une-drole-dambiance\/embed\/#?secret=k81mDRJsqI#?secret=u1TiCPjn6I\" data-secret=\"u1TiCPjn6I\" width=\"600\" height=\"338\" frameborder=\"0\" marginwidth=\"0\" marginheight=\"0\" scrolling=\"no\"><\/iframe>\n<\/div><\/figure>\n\n\n\n<h2 class=\"wp-block-heading\">10- Pr\u00e9sidentielle<\/h2>\n\n\n\n<p>Durant mon s\u00e9jour, j\u2019ai vu faire les milieux politiques et m\u00e9diatiques. Les <a href=\"https:\/\/kapitalis.com\/tunisie\/2024\/07\/15\/tunisie-presidentielle-une-drole-dambiance\/\" target=\"_blank\" rel=\"noreferrer noopener\">\u00e9lections pr\u00e9sidentielles<\/a> sont annonc\u00e9es, et du jour au lendemain, une centaine de candidats se lancent dans la course. Sans programme politique autres que les discours creux. Sans priorit\u00e9s chiffr\u00e9es, sans calendriers, sans envergure\u2026 c\u2019est comme du temps de l\u2019\u00e8re tribale, chacune des tribus pr\u00e9sente son candidat, suffisamment pour montrer que la Tunisie n\u2019est pas m\u00fbre pour des \u00e9lections concurrentielles sur la base de programme, de leadership et de vision.<\/p>\n\n\n\n<p>Une course atypique, des candidats populistes, une campagne d\u2019ench\u00e8res, pour brouiller les cartes, et enlever \u00e0 ces \u00e9lections leur l\u00e9gitimit\u00e9, dans un contexte de crise \u00e9conomique et d\u2019incertitude politique.<\/p>\n\n\n\n<p>Plus on a de candidats, plus on brouille le vote et le choix selon la qualit\u00e9 de programmes propos\u00e9s. L\u2019\u00e9lecteur m\u00e9dian est vuln\u00e9rable : peu \u00e9duqu\u00e9, peu pr\u00e9par\u00e9 et sans sens critique. On voterait pour rien ou presque. C\u2019est indigne des politiciens et candidats qui se pr\u00e9sentent pour d\u00e9voyer les \u00e9lections et les avorter d\u2019avance.<\/p>\n\n\n\n<p>Les m\u00e9dias en majorit\u00e9 \u00e0 Tunis, d\u00e9tenus par des hommes d\u2019affaires connus par leur all\u00e9geance \u00e0 Ben Ali d\u2019abord et aux islamistes ensuite, laissent \u00e0 d\u00e9sirer. Aucun effort de recherche, d\u2019investigation et rien que du blablabla! Des radios poubelles, sans engagement social, aucun engagement journalistique digne de ce nom. Des animateurs qui parlent de tout sauf des enjeux de la corruption, des questions qui pr\u00e9occupent le citoyen. Ces radios rong\u00e9es par la corruption n\u2019inspirent pas confiance. Elles ne font que corrompre l\u2019opinion publique. Une opinion publique laiss\u00e9e pour compte, avec 3 millions d\u2019analphab\u00e8tes, et plus de 8 millions qui ne lisent pas un seul livre par an.<\/p>\n\n\n\n<p>Tout ce qui pr\u00e9c\u00e8de n\u2019est pas pour humilier ma Tunisie que j\u2019aime tant et que je l\u00e8gue \u00e0 mes enfants, en d\u00e9pit de tout et contre tout.<\/p>\n\n\n\n<p>J\u2019ai connu autrement mon bled, et j\u2019ai aim\u00e9 intens\u00e9ment ce pays. Son potentiel est incommensurable! Les belles plages sont partout, les oliveraies, les richesses et la capacit\u00e9 de ces femmes que j\u2019affectionne, de ces hommes que je critique (dans le respect), tout ce beau monde peut mieux faire, en se remettant au travail, en se d\u00e9barrassant des mauvais r\u00e9flexes: corruption, irrespect des autres.<\/p>\n\n\n\n<p>La Tunisie renferme des richesses inou\u00efes, en mer, dans les territoires et dans les valeurs. Trois mille ann\u00e9es d\u2019histoire ne doivent pas \u00eatre dilapid\u00e9es par les d\u00e9rives des 12 derni\u00e8res ann\u00e9es.<\/p>\n\n\n\n<p><em>* Economiste universitaire.<\/em><\/p>\n\n\n\n<p><strong><em>Blog de l\u2019auteur\u00a0:<\/em><\/strong> <a href=\"https:\/\/www.facebook.com\/groups\/375846620757494\/?__cft__%5b0%5d=AZWktMJ7NY0GzioDDG4SWkC8qeJ9NCOJTGRc2kEhnwn0T7fMJCSa3N_5ATLyVhBxzUtdmViYH3ggwWoYNDyxYL8BWX6xC-neOQnaQ45oWYIaGzqdAkscSsZV7UNaeSegIW5OVzEjeCqAvkmzWSNCUhFmb3rbd6YjeAcsxGB6AraLlQ&amp;__tn__=-UK-R\">Economics for Tunisia, E4T<\/a><\/p>\n","protected":false},"excerpt":{"rendered":"<p>Les Tunisiens n&rsquo;ont \u00e0 s&rsquo;en prendre qu&rsquo;\u00e0 eux-m\u00eames. Ce sont eux qui sont en train de d\u00e9truire leur pays. <\/p>\n","protected":false},"author":8,"featured_media":13685224,"comment_status":"closed","ping_status":"open","sticky":false,"template":"","format":"standard","meta":{"footnotes":""},"categories":[992,998,1000,2433],"tags":[284,68595,2592,740,4124,62643],"class_list":["post-13685143","post","type-post","status-publish","format-standard","has-post-thumbnail","hentry","category-a-la-une","category-societe","category-tribune","category-tunisie","tag-djerba","tag-moktar-lamari","tag-poubelles","tag-prix","tag-productivite","tag-tunisie"],"yoast_head":"<!-- This site is optimized with the Yoast SEO plugin v26.6 - https:\/\/yoast.com\/wordpress\/plugins\/seo\/ -->\n<title>Arr\u00eat sur images : \u00c9t\u00e9 2024 en Tunisie - Kapitalis<\/title>\n<meta name=\"robots\" content=\"index, follow, max-snippet:-1, max-image-preview:large, max-video-preview:-1\" \/>\n<link rel=\"canonical\" href=\"https:\/\/kapitalis.com\/tunisie\/2024\/08\/03\/arret-sur-images-ete-2024-en-tunisie\/\" \/>\n<meta property=\"og:locale\" content=\"fr_FR\" \/>\n<meta property=\"og:type\" content=\"article\" \/>\n<meta property=\"og:title\" content=\"Arr\u00eat sur images : \u00c9t\u00e9 2024 en Tunisie - Kapitalis\" \/>\n<meta property=\"og:description\" content=\"Les Tunisiens n&#039;ont \u00e0 s&#039;en prendre qu&#039;\u00e0 eux-m\u00eames. Ce sont eux qui sont en train de d\u00e9truire leur pays.\" \/>\n<meta property=\"og:url\" content=\"https:\/\/kapitalis.com\/tunisie\/2024\/08\/03\/arret-sur-images-ete-2024-en-tunisie\/\" \/>\n<meta property=\"og:site_name\" content=\"Kapitalis\" \/>\n<meta property=\"article:publisher\" content=\"https:\/\/www.facebook.com\/KapitalisInfo\/\" \/>\n<meta property=\"article:published_time\" content=\"2024-08-03T10:20:07+00:00\" \/>\n<meta property=\"article:modified_time\" content=\"2024-08-03T12:03:58+00:00\" \/>\n<meta property=\"og:image\" content=\"https:\/\/kapitalis.com\/tunisie\/wp-content\/uploads\/2024\/08\/Plage-sale.jpg\" \/>\n\t<meta property=\"og:image:width\" content=\"1200\" \/>\n\t<meta property=\"og:image:height\" content=\"630\" \/>\n\t<meta property=\"og:image:type\" content=\"image\/jpeg\" \/>\n<meta name=\"author\" content=\"webmaster kapitalis\" \/>\n<meta name=\"twitter:card\" content=\"summary_large_image\" \/>\n<meta name=\"twitter:creator\" content=\"@KapitalisInfo\" \/>\n<meta name=\"twitter:site\" content=\"@KapitalisInfo\" \/>\n<meta name=\"twitter:label1\" content=\"\u00c9crit par\" \/>\n\t<meta name=\"twitter:data1\" content=\"webmaster kapitalis\" \/>\n\t<meta name=\"twitter:label2\" content=\"Dur\u00e9e de lecture estim\u00e9e\" \/>\n\t<meta name=\"twitter:data2\" content=\"13 minutes\" \/>\n<script type=\"application\/ld+json\" class=\"yoast-schema-graph\">{\"@context\":\"https:\/\/schema.org\",\"@graph\":[{\"@type\":\"Article\",\"@id\":\"https:\/\/kapitalis.com\/tunisie\/2024\/08\/03\/arret-sur-images-ete-2024-en-tunisie\/#article\",\"isPartOf\":{\"@id\":\"https:\/\/kapitalis.com\/tunisie\/2024\/08\/03\/arret-sur-images-ete-2024-en-tunisie\/\"},\"author\":{\"name\":\"webmaster kapitalis\",\"@id\":\"https:\/\/kapitalis.com\/tunisie\/#\/schema\/person\/d71f33a9ca44f7bad4698210b480c8e9\"},\"headline\":\"Arr\u00eat sur images : \u00c9t\u00e9 2024 en Tunisie\",\"datePublished\":\"2024-08-03T10:20:07+00:00\",\"dateModified\":\"2024-08-03T12:03:58+00:00\",\"mainEntityOfPage\":{\"@id\":\"https:\/\/kapitalis.com\/tunisie\/2024\/08\/03\/arret-sur-images-ete-2024-en-tunisie\/\"},\"wordCount\":2553,\"publisher\":{\"@id\":\"https:\/\/kapitalis.com\/tunisie\/#organization\"},\"image\":{\"@id\":\"https:\/\/kapitalis.com\/tunisie\/2024\/08\/03\/arret-sur-images-ete-2024-en-tunisie\/#primaryimage\"},\"thumbnailUrl\":\"https:\/\/kapitalis.com\/tunisie\/wp-content\/uploads\/2024\/08\/Plage-sale.jpg\",\"keywords\":[\"Djerba\",\"Moktar Lamari\",\"poubelles\",\"prix\",\"productivit\u00e9\",\"Tunisie\"],\"articleSection\":[\"A LA UNE\",\"SOCIETE\",\"TRIBUNE\",\"Tunisie\"],\"inLanguage\":\"fr-FR\"},{\"@type\":\"WebPage\",\"@id\":\"https:\/\/kapitalis.com\/tunisie\/2024\/08\/03\/arret-sur-images-ete-2024-en-tunisie\/\",\"url\":\"https:\/\/kapitalis.com\/tunisie\/2024\/08\/03\/arret-sur-images-ete-2024-en-tunisie\/\",\"name\":\"Arr\u00eat sur images : \u00c9t\u00e9 2024 en Tunisie - Kapitalis\",\"isPartOf\":{\"@id\":\"https:\/\/kapitalis.com\/tunisie\/#website\"},\"primaryImageOfPage\":{\"@id\":\"https:\/\/kapitalis.com\/tunisie\/2024\/08\/03\/arret-sur-images-ete-2024-en-tunisie\/#primaryimage\"},\"image\":{\"@id\":\"https:\/\/kapitalis.com\/tunisie\/2024\/08\/03\/arret-sur-images-ete-2024-en-tunisie\/#primaryimage\"},\"thumbnailUrl\":\"https:\/\/kapitalis.com\/tunisie\/wp-content\/uploads\/2024\/08\/Plage-sale.jpg\",\"datePublished\":\"2024-08-03T10:20:07+00:00\",\"dateModified\":\"2024-08-03T12:03:58+00:00\",\"breadcrumb\":{\"@id\":\"https:\/\/kapitalis.com\/tunisie\/2024\/08\/03\/arret-sur-images-ete-2024-en-tunisie\/#breadcrumb\"},\"inLanguage\":\"fr-FR\",\"potentialAction\":[{\"@type\":\"ReadAction\",\"target\":[\"https:\/\/kapitalis.com\/tunisie\/2024\/08\/03\/arret-sur-images-ete-2024-en-tunisie\/\"]}]},{\"@type\":\"ImageObject\",\"inLanguage\":\"fr-FR\",\"@id\":\"https:\/\/kapitalis.com\/tunisie\/2024\/08\/03\/arret-sur-images-ete-2024-en-tunisie\/#primaryimage\",\"url\":\"https:\/\/kapitalis.com\/tunisie\/wp-content\/uploads\/2024\/08\/Plage-sale.jpg\",\"contentUrl\":\"https:\/\/kapitalis.com\/tunisie\/wp-content\/uploads\/2024\/08\/Plage-sale.jpg\",\"width\":1200,\"height\":630},{\"@type\":\"BreadcrumbList\",\"@id\":\"https:\/\/kapitalis.com\/tunisie\/2024\/08\/03\/arret-sur-images-ete-2024-en-tunisie\/#breadcrumb\",\"itemListElement\":[{\"@type\":\"ListItem\",\"position\":1,\"name\":\"Accueil\",\"item\":\"https:\/\/kapitalis.com\/tunisie\/\"},{\"@type\":\"ListItem\",\"position\":2,\"name\":\"Arr\u00eat sur images : \u00c9t\u00e9 2024 en Tunisie\"}]},{\"@type\":\"WebSite\",\"@id\":\"https:\/\/kapitalis.com\/tunisie\/#website\",\"url\":\"https:\/\/kapitalis.com\/tunisie\/\",\"name\":\"Kapitalis\",\"description\":\"L&#039;actualit\u00e9 en Tunisie et dans le monde\",\"publisher\":{\"@id\":\"https:\/\/kapitalis.com\/tunisie\/#organization\"},\"potentialAction\":[{\"@type\":\"SearchAction\",\"target\":{\"@type\":\"EntryPoint\",\"urlTemplate\":\"https:\/\/kapitalis.com\/tunisie\/?s={search_term_string}\"},\"query-input\":{\"@type\":\"PropertyValueSpecification\",\"valueRequired\":true,\"valueName\":\"search_term_string\"}}],\"inLanguage\":\"fr-FR\"},{\"@type\":\"Organization\",\"@id\":\"https:\/\/kapitalis.com\/tunisie\/#organization\",\"name\":\"Kapitalis\",\"url\":\"https:\/\/kapitalis.com\/tunisie\/\",\"logo\":{\"@type\":\"ImageObject\",\"inLanguage\":\"fr-FR\",\"@id\":\"https:\/\/kapitalis.com\/tunisie\/#\/schema\/logo\/image\/\",\"url\":\"https:\/\/kapitalis.com\/tunisie\/wp-content\/uploads\/2022\/05\/Kapitalis-big-size.png\",\"contentUrl\":\"https:\/\/kapitalis.com\/tunisie\/wp-content\/uploads\/2022\/05\/Kapitalis-big-size.png\",\"width\":5000,\"height\":1500,\"caption\":\"Kapitalis\"},\"image\":{\"@id\":\"https:\/\/kapitalis.com\/tunisie\/#\/schema\/logo\/image\/\"},\"sameAs\":[\"https:\/\/www.facebook.com\/KapitalisInfo\/\",\"https:\/\/x.com\/KapitalisInfo\",\"https:\/\/www.youtube.com\/channel\/UC-yDYrHyfFBWWZaOw3FPg9Q\"]},{\"@type\":\"Person\",\"@id\":\"https:\/\/kapitalis.com\/tunisie\/#\/schema\/person\/d71f33a9ca44f7bad4698210b480c8e9\",\"name\":\"webmaster kapitalis\",\"url\":\"https:\/\/kapitalis.com\/tunisie\/author\/webmaster-kapitalis\/\"}]}<\/script>\n<!-- \/ Yoast SEO plugin. -->","yoast_head_json":{"title":"Arr\u00eat sur images : \u00c9t\u00e9 2024 en Tunisie - Kapitalis","robots":{"index":"index","follow":"follow","max-snippet":"max-snippet:-1","max-image-preview":"max-image-preview:large","max-video-preview":"max-video-preview:-1"},"canonical":"https:\/\/kapitalis.com\/tunisie\/2024\/08\/03\/arret-sur-images-ete-2024-en-tunisie\/","og_locale":"fr_FR","og_type":"article","og_title":"Arr\u00eat sur images : \u00c9t\u00e9 2024 en Tunisie - Kapitalis","og_description":"Les Tunisiens n'ont \u00e0 s'en prendre qu'\u00e0 eux-m\u00eames. Ce sont eux qui sont en train de d\u00e9truire leur pays.","og_url":"https:\/\/kapitalis.com\/tunisie\/2024\/08\/03\/arret-sur-images-ete-2024-en-tunisie\/","og_site_name":"Kapitalis","article_publisher":"https:\/\/www.facebook.com\/KapitalisInfo\/","article_published_time":"2024-08-03T10:20:07+00:00","article_modified_time":"2024-08-03T12:03:58+00:00","og_image":[{"width":1200,"height":630,"url":"https:\/\/kapitalis.com\/tunisie\/wp-content\/uploads\/2024\/08\/Plage-sale.jpg","type":"image\/jpeg"}],"author":"webmaster kapitalis","twitter_card":"summary_large_image","twitter_creator":"@KapitalisInfo","twitter_site":"@KapitalisInfo","twitter_misc":{"\u00c9crit par":"webmaster kapitalis","Dur\u00e9e de lecture estim\u00e9e":"13 minutes"},"schema":{"@context":"https:\/\/schema.org","@graph":[{"@type":"Article","@id":"https:\/\/kapitalis.com\/tunisie\/2024\/08\/03\/arret-sur-images-ete-2024-en-tunisie\/#article","isPartOf":{"@id":"https:\/\/kapitalis.com\/tunisie\/2024\/08\/03\/arret-sur-images-ete-2024-en-tunisie\/"},"author":{"name":"webmaster kapitalis","@id":"https:\/\/kapitalis.com\/tunisie\/#\/schema\/person\/d71f33a9ca44f7bad4698210b480c8e9"},"headline":"Arr\u00eat sur images : \u00c9t\u00e9 2024 en Tunisie","datePublished":"2024-08-03T10:20:07+00:00","dateModified":"2024-08-03T12:03:58+00:00","mainEntityOfPage":{"@id":"https:\/\/kapitalis.com\/tunisie\/2024\/08\/03\/arret-sur-images-ete-2024-en-tunisie\/"},"wordCount":2553,"publisher":{"@id":"https:\/\/kapitalis.com\/tunisie\/#organization"},"image":{"@id":"https:\/\/kapitalis.com\/tunisie\/2024\/08\/03\/arret-sur-images-ete-2024-en-tunisie\/#primaryimage"},"thumbnailUrl":"https:\/\/kapitalis.com\/tunisie\/wp-content\/uploads\/2024\/08\/Plage-sale.jpg","keywords":["Djerba","Moktar Lamari","poubelles","prix","productivit\u00e9","Tunisie"],"articleSection":["A LA UNE","SOCIETE","TRIBUNE","Tunisie"],"inLanguage":"fr-FR"},{"@type":"WebPage","@id":"https:\/\/kapitalis.com\/tunisie\/2024\/08\/03\/arret-sur-images-ete-2024-en-tunisie\/","url":"https:\/\/kapitalis.com\/tunisie\/2024\/08\/03\/arret-sur-images-ete-2024-en-tunisie\/","name":"Arr\u00eat sur images : \u00c9t\u00e9 2024 en Tunisie - Kapitalis","isPartOf":{"@id":"https:\/\/kapitalis.com\/tunisie\/#website"},"primaryImageOfPage":{"@id":"https:\/\/kapitalis.com\/tunisie\/2024\/08\/03\/arret-sur-images-ete-2024-en-tunisie\/#primaryimage"},"image":{"@id":"https:\/\/kapitalis.com\/tunisie\/2024\/08\/03\/arret-sur-images-ete-2024-en-tunisie\/#primaryimage"},"thumbnailUrl":"https:\/\/kapitalis.com\/tunisie\/wp-content\/uploads\/2024\/08\/Plage-sale.jpg","datePublished":"2024-08-03T10:20:07+00:00","dateModified":"2024-08-03T12:03:58+00:00","breadcrumb":{"@id":"https:\/\/kapitalis.com\/tunisie\/2024\/08\/03\/arret-sur-images-ete-2024-en-tunisie\/#breadcrumb"},"inLanguage":"fr-FR","potentialAction":[{"@type":"ReadAction","target":["https:\/\/kapitalis.com\/tunisie\/2024\/08\/03\/arret-sur-images-ete-2024-en-tunisie\/"]}]},{"@type":"ImageObject","inLanguage":"fr-FR","@id":"https:\/\/kapitalis.com\/tunisie\/2024\/08\/03\/arret-sur-images-ete-2024-en-tunisie\/#primaryimage","url":"https:\/\/kapitalis.com\/tunisie\/wp-content\/uploads\/2024\/08\/Plage-sale.jpg","contentUrl":"https:\/\/kapitalis.com\/tunisie\/wp-content\/uploads\/2024\/08\/Plage-sale.jpg","width":1200,"height":630},{"@type":"BreadcrumbList","@id":"https:\/\/kapitalis.com\/tunisie\/2024\/08\/03\/arret-sur-images-ete-2024-en-tunisie\/#breadcrumb","itemListElement":[{"@type":"ListItem","position":1,"name":"Accueil","item":"https:\/\/kapitalis.com\/tunisie\/"},{"@type":"ListItem","position":2,"name":"Arr\u00eat sur images : \u00c9t\u00e9 2024 en Tunisie"}]},{"@type":"WebSite","@id":"https:\/\/kapitalis.com\/tunisie\/#website","url":"https:\/\/kapitalis.com\/tunisie\/","name":"Kapitalis","description":"L&#039;actualit\u00e9 en Tunisie et dans le monde","publisher":{"@id":"https:\/\/kapitalis.com\/tunisie\/#organization"},"potentialAction":[{"@type":"SearchAction","target":{"@type":"EntryPoint","urlTemplate":"https:\/\/kapitalis.com\/tunisie\/?s={search_term_string}"},"query-input":{"@type":"PropertyValueSpecification","valueRequired":true,"valueName":"search_term_string"}}],"inLanguage":"fr-FR"},{"@type":"Organization","@id":"https:\/\/kapitalis.com\/tunisie\/#organization","name":"Kapitalis","url":"https:\/\/kapitalis.com\/tunisie\/","logo":{"@type":"ImageObject","inLanguage":"fr-FR","@id":"https:\/\/kapitalis.com\/tunisie\/#\/schema\/logo\/image\/","url":"https:\/\/kapitalis.com\/tunisie\/wp-content\/uploads\/2022\/05\/Kapitalis-big-size.png","contentUrl":"https:\/\/kapitalis.com\/tunisie\/wp-content\/uploads\/2022\/05\/Kapitalis-big-size.png","width":5000,"height":1500,"caption":"Kapitalis"},"image":{"@id":"https:\/\/kapitalis.com\/tunisie\/#\/schema\/logo\/image\/"},"sameAs":["https:\/\/www.facebook.com\/KapitalisInfo\/","https:\/\/x.com\/KapitalisInfo","https:\/\/www.youtube.com\/channel\/UC-yDYrHyfFBWWZaOw3FPg9Q"]},{"@type":"Person","@id":"https:\/\/kapitalis.com\/tunisie\/#\/schema\/person\/d71f33a9ca44f7bad4698210b480c8e9","name":"webmaster kapitalis","url":"https:\/\/kapitalis.com\/tunisie\/author\/webmaster-kapitalis\/"}]}},"_links":{"self":[{"href":"https:\/\/kapitalis.com\/tunisie\/wp-json\/wp\/v2\/posts\/13685143","targetHints":{"allow":["GET"]}}],"collection":[{"href":"https:\/\/kapitalis.com\/tunisie\/wp-json\/wp\/v2\/posts"}],"about":[{"href":"https:\/\/kapitalis.com\/tunisie\/wp-json\/wp\/v2\/types\/post"}],"author":[{"embeddable":true,"href":"https:\/\/kapitalis.com\/tunisie\/wp-json\/wp\/v2\/users\/8"}],"replies":[{"embeddable":true,"href":"https:\/\/kapitalis.com\/tunisie\/wp-json\/wp\/v2\/comments?post=13685143"}],"version-history":[{"count":1,"href":"https:\/\/kapitalis.com\/tunisie\/wp-json\/wp\/v2\/posts\/13685143\/revisions"}],"predecessor-version":[{"id":13685448,"href":"https:\/\/kapitalis.com\/tunisie\/wp-json\/wp\/v2\/posts\/13685143\/revisions\/13685448"}],"wp:featuredmedia":[{"embeddable":true,"href":"https:\/\/kapitalis.com\/tunisie\/wp-json\/wp\/v2\/media\/13685224"}],"wp:attachment":[{"href":"https:\/\/kapitalis.com\/tunisie\/wp-json\/wp\/v2\/media?parent=13685143"}],"wp:term":[{"taxonomy":"category","embeddable":true,"href":"https:\/\/kapitalis.com\/tunisie\/wp-json\/wp\/v2\/categories?post=13685143"},{"taxonomy":"post_tag","embeddable":true,"href":"https:\/\/kapitalis.com\/tunisie\/wp-json\/wp\/v2\/tags?post=13685143"}],"curies":[{"name":"wp","href":"https:\/\/api.w.org\/{rel}","templated":true}]}}