{"id":13685775,"date":"2024-08-03T12:17:24","date_gmt":"2024-08-03T11:17:24","guid":{"rendered":"https:\/\/kapitalis.com\/tunisie\/?p=13685775"},"modified":"2024-08-03T12:20:39","modified_gmt":"2024-08-03T11:20:39","slug":"tunisie-des-sous-a-debloquer-pour-preparer-la-rentree-scolaire-2024-2025","status":"publish","type":"post","link":"https:\/\/kapitalis.com\/tunisie\/2024\/08\/03\/tunisie-des-sous-a-debloquer-pour-preparer-la-rentree-scolaire-2024-2025\/","title":{"rendered":"Tunisie : Des sous \u00e0 d\u00e9bloquer pour pr\u00e9parer la rentr\u00e9e scolaire 2024-2025"},"content":{"rendered":"\n<p><strong><em>Les Tunisiens aimeraient entendre la ministre de l\u2019Education, Salwa Abassi, et sa coll\u00e8gue des Finances, Sihem Nemsia Boughdiri, \u00e0 propos des ressources financi\u00e8res qu\u2019elles entendent mobiliser d\u2019ici la prochaine rentr\u00e9e scolaire pour appliquer les recommandations pr\u00e9sidentielles visant \u00e0 r\u00e9gler les probl\u00e8mes chroniques et toujours en suspens de l\u2019\u00e9ducation nationale.\u00a0<\/em><\/strong><\/p>\n\n\n\n<!--more-->\n\n\n\n<p>En recevant, vendredi 2 ao\u00fbt 2024, au palais de Carthage, la ministre de l\u2019\u00e9ducation, Salwa Abassi, le pr\u00e9sident de la R\u00e9publique, Ka\u00efs Sa\u00efed a soulign\u00e9 la n\u00e9cessit\u00e9 de trouver une solution d\u00e9finitive pour les enseignants suppl\u00e9ants, ainsi que pour les conseillers d\u2019application et agents de laboratoire.<\/p>\n\n\n\n<p>Pour le chef de l\u2019Etat, il s\u2019agit de s\u2019appuyer sur des crit\u00e8res clairs qui garantissent les droits de ces derniers et mettent fin aux nombreuses situations tragiques qui n\u2019en seraient pas arriv\u00e9es l\u00e0 si cette question avait \u00e9t\u00e9 abord\u00e9e auparavant d\u2019une mani\u00e8re claire et d\u00e9finitive, selon le communiqu\u00e9 publi\u00e9 par la pr\u00e9sidence de la r\u00e9publique \u00e0 l\u2019issue de la rencontre.<\/p>\n\n\n\n<p>Cette rencontre a \u00e9galement port\u00e9 sur la question de l\u2019entretien des \u00e9tablissements \u00e9ducatifs, en particulier la disponibilit\u00e9 des fonds allou\u00e9s, et la volont\u00e9 des citoyens de contribuer \u00e0 la maintenance des milliers d\u2019\u00e9coles, de coll\u00e8ges et de lyc\u00e9es que compte la r\u00e9publique.<\/p>\n\n\n\n<p>Sa\u00efed a appel\u00e9 \u00e0 la n\u00e9cessit\u00e9 de pr\u00e9parer d\u00e8s \u00e0 pr\u00e9sent la rentr\u00e9e scolaire et d\u2019assurer la s\u00e9curit\u00e9 des \u00e9l\u00e8ves dans le milieu scolaire et aux abords des \u00e9coles et des lyc\u00e9es, ainsi que leur transport, en soulignant que l\u2019acquis le plus important de la Tunisie reste l\u2019\u00e9ducation et que les ressources humaines sont sa plus pr\u00e9cieuse richesse. L\u2019\u00e9ducation nationale demeure le rempart contre toutes les formes de terrorisme et de d\u00e9viation, et elle doit \u00eatre accessible \u00e0 tous d\u2019une mani\u00e8re \u00e9quitable.<\/p>\n\n\n\n<p>Sur le plan des principes, personne ne peut contredire le chef de l\u2019Etat, ni d\u00e9velopper une opinion contraire \u00e0 la sienne, notamment concernant ce secteur vital de l\u2019\u00e9ducation.<\/p>\n\n\n<div class=\"wp-block-image\">\n<figure class=\"aligncenter size-large\"><img loading=\"lazy\" decoding=\"async\" width=\"1024\" height=\"538\" src=\"https:\/\/kapitalis.com\/tunisie\/wp-content\/uploads\/2024\/08\/Salwa-Abassi-1024x538.jpg\" alt=\"\" class=\"wp-image-13685871\" srcset=\"https:\/\/kapitalis.com\/tunisie\/wp-content\/uploads\/2024\/08\/Salwa-Abassi-1024x538.jpg 1024w, https:\/\/kapitalis.com\/tunisie\/wp-content\/uploads\/2024\/08\/Salwa-Abassi-300x158.jpg 300w, https:\/\/kapitalis.com\/tunisie\/wp-content\/uploads\/2024\/08\/Salwa-Abassi-768x403.jpg 768w, https:\/\/kapitalis.com\/tunisie\/wp-content\/uploads\/2024\/08\/Salwa-Abassi-580x305.jpg 580w, https:\/\/kapitalis.com\/tunisie\/wp-content\/uploads\/2024\/08\/Salwa-Abassi-860x452.jpg 860w, https:\/\/kapitalis.com\/tunisie\/wp-content\/uploads\/2024\/08\/Salwa-Abassi-1160x609.jpg 1160w, https:\/\/kapitalis.com\/tunisie\/wp-content\/uploads\/2024\/08\/Salwa-Abassi.jpg 1200w\" sizes=\"auto, (max-width: 1024px) 100vw, 1024px\" \/><figcaption class=\"wp-element-caption\"><em>Salwa Abassi.<\/em><\/figcaption><\/figure>\n<\/div>\n\n\n<p class=\"has-text-align-left\">Reste que la solution d\u00e9finitive pour les enseignants suppl\u00e9ants, les conseillers d\u2019application et les agents de laboratoire, ainsi que celui de l\u2019entretien des \u00e9tablissements \u00e9ducatifs v\u00e9tustes et manquant souvent des infrastructures \u00e9l\u00e9mentaires n\u00e9cessaires ou encore du transport s\u00e9curis\u00e9 des \u00e9l\u00e8ves\u2026 La solution de tous ces probl\u00e8mes chroniques requiert des moyens financiers dont ne dispose ni la ministre de l\u2019Education (dont 90% du budget est d\u00e9pens\u00e9 pour payer les salaires) ni de sa coll\u00e8gue des Finances, qui, on l\u2019a comprend et compatit avec elle, a les yeux riv\u00e9s sur des finances publiques exsangues n\u2019autorisant pas des d\u00e9penses suppl\u00e9mentaires fussent-elles de premi\u00e8re urgence.<\/p>\n\n\n\n<p>C\u2019est pourquoi nous aimerions entendre Salwa Abassi et Sihem Nemsia Boughdiri sur les ressources qu\u2019elles entendent mobiliser pour appliquer les recommandations pr\u00e9sidentielles et faire en sorte qu\u2019elles ne soient pas des paroles en l\u2019air. La balle est donc dans leur camp, et elles ont jusqu\u2019au 15 septembre prochain, date de la rentr\u00e9e scolaire, pour nous montrer ce qu\u2019elles sont capables de faire \u00e0 propos de tous ces sujets.\u00a0<\/p>\n\n\n\n<p>Vont-elles s&rsquo;entendre sur une rallonge budg\u00e9taire? Vont-elles r\u00e9duire les d\u00e9penses et notamment la masse salariale? Vont-elles attendre une manne qui tomberait du ciel? <\/p>\n\n\n\n<p>Souhaitons-leur, et souhaitons-nous, bonne chance !  <\/p>\n\n\n\n<p class=\"has-text-align-right\"><strong>I. B.<\/strong> (avec Tap).<\/p>\n","protected":false},"excerpt":{"rendered":"<p>Peut-on r\u00e9gler les probl\u00e8mes chroniques de l&rsquo;\u00e9ducation nationale avant la rentr\u00e9e prochaine ?<\/p>\n","protected":false},"author":8,"featured_media":13685825,"comment_status":"closed","ping_status":"open","sticky":false,"template":"","format":"standard","meta":{"footnotes":""},"categories":[995,997,998,2433],"tags":[117273,117274,2628,72139,76012,3783,114759,99931],"class_list":["post-13685775","post","type-post","status-publish","format-standard","has-post-thumbnail","hentry","category-economie","category-politique","category-societe","category-tunisie","tag-agents-de-laboratoire","tag-conseillers-dapplication","tag-education-nationale","tag-enseignants-suppleants","tag-kais-saied-2","tag-rentree-scolaire","tag-salwa-abassi","tag-sihem-nemsia-boughdiri"],"yoast_head":"<!-- This site is optimized with the Yoast SEO plugin v26.6 - https:\/\/yoast.com\/wordpress\/plugins\/seo\/ -->\n<title>Tunisie : Des sous \u00e0 d\u00e9bloquer pour pr\u00e9parer la rentr\u00e9e scolaire 2024-2025 - Kapitalis<\/title>\n<meta name=\"robots\" content=\"index, follow, max-snippet:-1, max-image-preview:large, max-video-preview:-1\" \/>\n<link rel=\"canonical\" href=\"https:\/\/kapitalis.com\/tunisie\/2024\/08\/03\/tunisie-des-sous-a-debloquer-pour-preparer-la-rentree-scolaire-2024-2025\/\" \/>\n<meta property=\"og:locale\" content=\"fr_FR\" \/>\n<meta property=\"og:type\" content=\"article\" \/>\n<meta property=\"og:title\" content=\"Tunisie : Des sous \u00e0 d\u00e9bloquer pour pr\u00e9parer la rentr\u00e9e scolaire 2024-2025 - Kapitalis\" \/>\n<meta property=\"og:description\" content=\"Peut-on r\u00e9gler les probl\u00e8mes chroniques de l&#039;\u00e9ducation nationale avant la rentr\u00e9e prochaine ?\" \/>\n<meta property=\"og:url\" content=\"https:\/\/kapitalis.com\/tunisie\/2024\/08\/03\/tunisie-des-sous-a-debloquer-pour-preparer-la-rentree-scolaire-2024-2025\/\" \/>\n<meta property=\"og:site_name\" content=\"Kapitalis\" \/>\n<meta property=\"article:publisher\" content=\"https:\/\/www.facebook.com\/KapitalisInfo\/\" \/>\n<meta property=\"article:published_time\" content=\"2024-08-03T11:17:24+00:00\" \/>\n<meta property=\"article:modified_time\" content=\"2024-08-03T11:20:39+00:00\" \/>\n<meta property=\"og:image\" content=\"https:\/\/kapitalis.com\/tunisie\/wp-content\/uploads\/2024\/08\/Kais-Saied-Salwa-Abassi.jpg\" \/>\n\t<meta property=\"og:image:width\" content=\"1200\" \/>\n\t<meta property=\"og:image:height\" content=\"630\" \/>\n\t<meta property=\"og:image:type\" content=\"image\/jpeg\" \/>\n<meta name=\"author\" content=\"webmaster kapitalis\" \/>\n<meta name=\"twitter:card\" content=\"summary_large_image\" \/>\n<meta name=\"twitter:creator\" content=\"@KapitalisInfo\" \/>\n<meta name=\"twitter:site\" content=\"@KapitalisInfo\" \/>\n<meta name=\"twitter:label1\" content=\"\u00c9crit par\" \/>\n\t<meta name=\"twitter:data1\" content=\"webmaster kapitalis\" \/>\n\t<meta name=\"twitter:label2\" content=\"Dur\u00e9e de lecture estim\u00e9e\" \/>\n\t<meta name=\"twitter:data2\" content=\"4 minutes\" \/>\n<script type=\"application\/ld+json\" class=\"yoast-schema-graph\">{\"@context\":\"https:\/\/schema.org\",\"@graph\":[{\"@type\":\"Article\",\"@id\":\"https:\/\/kapitalis.com\/tunisie\/2024\/08\/03\/tunisie-des-sous-a-debloquer-pour-preparer-la-rentree-scolaire-2024-2025\/#article\",\"isPartOf\":{\"@id\":\"https:\/\/kapitalis.com\/tunisie\/2024\/08\/03\/tunisie-des-sous-a-debloquer-pour-preparer-la-rentree-scolaire-2024-2025\/\"},\"author\":{\"name\":\"webmaster kapitalis\",\"@id\":\"https:\/\/kapitalis.com\/tunisie\/#\/schema\/person\/d71f33a9ca44f7bad4698210b480c8e9\"},\"headline\":\"Tunisie : Des sous \u00e0 d\u00e9bloquer pour pr\u00e9parer la rentr\u00e9e scolaire 2024-2025\",\"datePublished\":\"2024-08-03T11:17:24+00:00\",\"dateModified\":\"2024-08-03T11:20:39+00:00\",\"mainEntityOfPage\":{\"@id\":\"https:\/\/kapitalis.com\/tunisie\/2024\/08\/03\/tunisie-des-sous-a-debloquer-pour-preparer-la-rentree-scolaire-2024-2025\/\"},\"wordCount\":599,\"publisher\":{\"@id\":\"https:\/\/kapitalis.com\/tunisie\/#organization\"},\"image\":{\"@id\":\"https:\/\/kapitalis.com\/tunisie\/2024\/08\/03\/tunisie-des-sous-a-debloquer-pour-preparer-la-rentree-scolaire-2024-2025\/#primaryimage\"},\"thumbnailUrl\":\"https:\/\/kapitalis.com\/tunisie\/wp-content\/uploads\/2024\/08\/Kais-Saied-Salwa-Abassi.jpg\",\"keywords\":[\"agents de laboratoire\",\"conseillers d\u2019application\",\"\u00e9ducation nationale\",\"enseignants suppl\u00e9ants\",\"Ka\u00efs Sa\u00efed\",\"rentr\u00e9e scolaire\",\"Salwa Abassi\",\"Sihem Nemsia Boughdiri\"],\"articleSection\":[\"ECONOMIE\",\"POLITIQUE\",\"SOCIETE\",\"Tunisie\"],\"inLanguage\":\"fr-FR\"},{\"@type\":\"WebPage\",\"@id\":\"https:\/\/kapitalis.com\/tunisie\/2024\/08\/03\/tunisie-des-sous-a-debloquer-pour-preparer-la-rentree-scolaire-2024-2025\/\",\"url\":\"https:\/\/kapitalis.com\/tunisie\/2024\/08\/03\/tunisie-des-sous-a-debloquer-pour-preparer-la-rentree-scolaire-2024-2025\/\",\"name\":\"Tunisie : Des sous \u00e0 d\u00e9bloquer pour pr\u00e9parer la rentr\u00e9e scolaire 2024-2025 - Kapitalis\",\"isPartOf\":{\"@id\":\"https:\/\/kapitalis.com\/tunisie\/#website\"},\"primaryImageOfPage\":{\"@id\":\"https:\/\/kapitalis.com\/tunisie\/2024\/08\/03\/tunisie-des-sous-a-debloquer-pour-preparer-la-rentree-scolaire-2024-2025\/#primaryimage\"},\"image\":{\"@id\":\"https:\/\/kapitalis.com\/tunisie\/2024\/08\/03\/tunisie-des-sous-a-debloquer-pour-preparer-la-rentree-scolaire-2024-2025\/#primaryimage\"},\"thumbnailUrl\":\"https:\/\/kapitalis.com\/tunisie\/wp-content\/uploads\/2024\/08\/Kais-Saied-Salwa-Abassi.jpg\",\"datePublished\":\"2024-08-03T11:17:24+00:00\",\"dateModified\":\"2024-08-03T11:20:39+00:00\",\"breadcrumb\":{\"@id\":\"https:\/\/kapitalis.com\/tunisie\/2024\/08\/03\/tunisie-des-sous-a-debloquer-pour-preparer-la-rentree-scolaire-2024-2025\/#breadcrumb\"},\"inLanguage\":\"fr-FR\",\"potentialAction\":[{\"@type\":\"ReadAction\",\"target\":[\"https:\/\/kapitalis.com\/tunisie\/2024\/08\/03\/tunisie-des-sous-a-debloquer-pour-preparer-la-rentree-scolaire-2024-2025\/\"]}]},{\"@type\":\"ImageObject\",\"inLanguage\":\"fr-FR\",\"@id\":\"https:\/\/kapitalis.com\/tunisie\/2024\/08\/03\/tunisie-des-sous-a-debloquer-pour-preparer-la-rentree-scolaire-2024-2025\/#primaryimage\",\"url\":\"https:\/\/kapitalis.com\/tunisie\/wp-content\/uploads\/2024\/08\/Kais-Saied-Salwa-Abassi.jpg\",\"contentUrl\":\"https:\/\/kapitalis.com\/tunisie\/wp-content\/uploads\/2024\/08\/Kais-Saied-Salwa-Abassi.jpg\",\"width\":1200,\"height\":630},{\"@type\":\"BreadcrumbList\",\"@id\":\"https:\/\/kapitalis.com\/tunisie\/2024\/08\/03\/tunisie-des-sous-a-debloquer-pour-preparer-la-rentree-scolaire-2024-2025\/#breadcrumb\",\"itemListElement\":[{\"@type\":\"ListItem\",\"position\":1,\"name\":\"Accueil\",\"item\":\"https:\/\/kapitalis.com\/tunisie\/\"},{\"@type\":\"ListItem\",\"position\":2,\"name\":\"Tunisie : Des sous \u00e0 d\u00e9bloquer pour pr\u00e9parer la rentr\u00e9e scolaire 2024-2025\"}]},{\"@type\":\"WebSite\",\"@id\":\"https:\/\/kapitalis.com\/tunisie\/#website\",\"url\":\"https:\/\/kapitalis.com\/tunisie\/\",\"name\":\"Kapitalis\",\"description\":\"L&#039;actualit\u00e9 en Tunisie et dans le monde\",\"publisher\":{\"@id\":\"https:\/\/kapitalis.com\/tunisie\/#organization\"},\"potentialAction\":[{\"@type\":\"SearchAction\",\"target\":{\"@type\":\"EntryPoint\",\"urlTemplate\":\"https:\/\/kapitalis.com\/tunisie\/?s={search_term_string}\"},\"query-input\":{\"@type\":\"PropertyValueSpecification\",\"valueRequired\":true,\"valueName\":\"search_term_string\"}}],\"inLanguage\":\"fr-FR\"},{\"@type\":\"Organization\",\"@id\":\"https:\/\/kapitalis.com\/tunisie\/#organization\",\"name\":\"Kapitalis\",\"url\":\"https:\/\/kapitalis.com\/tunisie\/\",\"logo\":{\"@type\":\"ImageObject\",\"inLanguage\":\"fr-FR\",\"@id\":\"https:\/\/kapitalis.com\/tunisie\/#\/schema\/logo\/image\/\",\"url\":\"https:\/\/kapitalis.com\/tunisie\/wp-content\/uploads\/2022\/05\/Kapitalis-big-size.png\",\"contentUrl\":\"https:\/\/kapitalis.com\/tunisie\/wp-content\/uploads\/2022\/05\/Kapitalis-big-size.png\",\"width\":5000,\"height\":1500,\"caption\":\"Kapitalis\"},\"image\":{\"@id\":\"https:\/\/kapitalis.com\/tunisie\/#\/schema\/logo\/image\/\"},\"sameAs\":[\"https:\/\/www.facebook.com\/KapitalisInfo\/\",\"https:\/\/x.com\/KapitalisInfo\",\"https:\/\/www.youtube.com\/channel\/UC-yDYrHyfFBWWZaOw3FPg9Q\"]},{\"@type\":\"Person\",\"@id\":\"https:\/\/kapitalis.com\/tunisie\/#\/schema\/person\/d71f33a9ca44f7bad4698210b480c8e9\",\"name\":\"webmaster kapitalis\",\"url\":\"https:\/\/kapitalis.com\/tunisie\/author\/webmaster-kapitalis\/\"}]}<\/script>\n<!-- \/ Yoast SEO plugin. -->","yoast_head_json":{"title":"Tunisie : Des sous \u00e0 d\u00e9bloquer pour pr\u00e9parer la rentr\u00e9e scolaire 2024-2025 - Kapitalis","robots":{"index":"index","follow":"follow","max-snippet":"max-snippet:-1","max-image-preview":"max-image-preview:large","max-video-preview":"max-video-preview:-1"},"canonical":"https:\/\/kapitalis.com\/tunisie\/2024\/08\/03\/tunisie-des-sous-a-debloquer-pour-preparer-la-rentree-scolaire-2024-2025\/","og_locale":"fr_FR","og_type":"article","og_title":"Tunisie : Des sous \u00e0 d\u00e9bloquer pour pr\u00e9parer la rentr\u00e9e scolaire 2024-2025 - Kapitalis","og_description":"Peut-on r\u00e9gler les probl\u00e8mes chroniques de l'\u00e9ducation nationale avant la rentr\u00e9e prochaine ?","og_url":"https:\/\/kapitalis.com\/tunisie\/2024\/08\/03\/tunisie-des-sous-a-debloquer-pour-preparer-la-rentree-scolaire-2024-2025\/","og_site_name":"Kapitalis","article_publisher":"https:\/\/www.facebook.com\/KapitalisInfo\/","article_published_time":"2024-08-03T11:17:24+00:00","article_modified_time":"2024-08-03T11:20:39+00:00","og_image":[{"width":1200,"height":630,"url":"https:\/\/kapitalis.com\/tunisie\/wp-content\/uploads\/2024\/08\/Kais-Saied-Salwa-Abassi.jpg","type":"image\/jpeg"}],"author":"webmaster kapitalis","twitter_card":"summary_large_image","twitter_creator":"@KapitalisInfo","twitter_site":"@KapitalisInfo","twitter_misc":{"\u00c9crit par":"webmaster kapitalis","Dur\u00e9e de lecture estim\u00e9e":"4 minutes"},"schema":{"@context":"https:\/\/schema.org","@graph":[{"@type":"Article","@id":"https:\/\/kapitalis.com\/tunisie\/2024\/08\/03\/tunisie-des-sous-a-debloquer-pour-preparer-la-rentree-scolaire-2024-2025\/#article","isPartOf":{"@id":"https:\/\/kapitalis.com\/tunisie\/2024\/08\/03\/tunisie-des-sous-a-debloquer-pour-preparer-la-rentree-scolaire-2024-2025\/"},"author":{"name":"webmaster kapitalis","@id":"https:\/\/kapitalis.com\/tunisie\/#\/schema\/person\/d71f33a9ca44f7bad4698210b480c8e9"},"headline":"Tunisie : Des sous \u00e0 d\u00e9bloquer pour pr\u00e9parer la rentr\u00e9e scolaire 2024-2025","datePublished":"2024-08-03T11:17:24+00:00","dateModified":"2024-08-03T11:20:39+00:00","mainEntityOfPage":{"@id":"https:\/\/kapitalis.com\/tunisie\/2024\/08\/03\/tunisie-des-sous-a-debloquer-pour-preparer-la-rentree-scolaire-2024-2025\/"},"wordCount":599,"publisher":{"@id":"https:\/\/kapitalis.com\/tunisie\/#organization"},"image":{"@id":"https:\/\/kapitalis.com\/tunisie\/2024\/08\/03\/tunisie-des-sous-a-debloquer-pour-preparer-la-rentree-scolaire-2024-2025\/#primaryimage"},"thumbnailUrl":"https:\/\/kapitalis.com\/tunisie\/wp-content\/uploads\/2024\/08\/Kais-Saied-Salwa-Abassi.jpg","keywords":["agents de laboratoire","conseillers d\u2019application","\u00e9ducation nationale","enseignants suppl\u00e9ants","Ka\u00efs Sa\u00efed","rentr\u00e9e scolaire","Salwa Abassi","Sihem Nemsia Boughdiri"],"articleSection":["ECONOMIE","POLITIQUE","SOCIETE","Tunisie"],"inLanguage":"fr-FR"},{"@type":"WebPage","@id":"https:\/\/kapitalis.com\/tunisie\/2024\/08\/03\/tunisie-des-sous-a-debloquer-pour-preparer-la-rentree-scolaire-2024-2025\/","url":"https:\/\/kapitalis.com\/tunisie\/2024\/08\/03\/tunisie-des-sous-a-debloquer-pour-preparer-la-rentree-scolaire-2024-2025\/","name":"Tunisie : Des sous \u00e0 d\u00e9bloquer pour pr\u00e9parer la rentr\u00e9e scolaire 2024-2025 - Kapitalis","isPartOf":{"@id":"https:\/\/kapitalis.com\/tunisie\/#website"},"primaryImageOfPage":{"@id":"https:\/\/kapitalis.com\/tunisie\/2024\/08\/03\/tunisie-des-sous-a-debloquer-pour-preparer-la-rentree-scolaire-2024-2025\/#primaryimage"},"image":{"@id":"https:\/\/kapitalis.com\/tunisie\/2024\/08\/03\/tunisie-des-sous-a-debloquer-pour-preparer-la-rentree-scolaire-2024-2025\/#primaryimage"},"thumbnailUrl":"https:\/\/kapitalis.com\/tunisie\/wp-content\/uploads\/2024\/08\/Kais-Saied-Salwa-Abassi.jpg","datePublished":"2024-08-03T11:17:24+00:00","dateModified":"2024-08-03T11:20:39+00:00","breadcrumb":{"@id":"https:\/\/kapitalis.com\/tunisie\/2024\/08\/03\/tunisie-des-sous-a-debloquer-pour-preparer-la-rentree-scolaire-2024-2025\/#breadcrumb"},"inLanguage":"fr-FR","potentialAction":[{"@type":"ReadAction","target":["https:\/\/kapitalis.com\/tunisie\/2024\/08\/03\/tunisie-des-sous-a-debloquer-pour-preparer-la-rentree-scolaire-2024-2025\/"]}]},{"@type":"ImageObject","inLanguage":"fr-FR","@id":"https:\/\/kapitalis.com\/tunisie\/2024\/08\/03\/tunisie-des-sous-a-debloquer-pour-preparer-la-rentree-scolaire-2024-2025\/#primaryimage","url":"https:\/\/kapitalis.com\/tunisie\/wp-content\/uploads\/2024\/08\/Kais-Saied-Salwa-Abassi.jpg","contentUrl":"https:\/\/kapitalis.com\/tunisie\/wp-content\/uploads\/2024\/08\/Kais-Saied-Salwa-Abassi.jpg","width":1200,"height":630},{"@type":"BreadcrumbList","@id":"https:\/\/kapitalis.com\/tunisie\/2024\/08\/03\/tunisie-des-sous-a-debloquer-pour-preparer-la-rentree-scolaire-2024-2025\/#breadcrumb","itemListElement":[{"@type":"ListItem","position":1,"name":"Accueil","item":"https:\/\/kapitalis.com\/tunisie\/"},{"@type":"ListItem","position":2,"name":"Tunisie : Des sous \u00e0 d\u00e9bloquer pour pr\u00e9parer la rentr\u00e9e scolaire 2024-2025"}]},{"@type":"WebSite","@id":"https:\/\/kapitalis.com\/tunisie\/#website","url":"https:\/\/kapitalis.com\/tunisie\/","name":"Kapitalis","description":"L&#039;actualit\u00e9 en Tunisie et dans le monde","publisher":{"@id":"https:\/\/kapitalis.com\/tunisie\/#organization"},"potentialAction":[{"@type":"SearchAction","target":{"@type":"EntryPoint","urlTemplate":"https:\/\/kapitalis.com\/tunisie\/?s={search_term_string}"},"query-input":{"@type":"PropertyValueSpecification","valueRequired":true,"valueName":"search_term_string"}}],"inLanguage":"fr-FR"},{"@type":"Organization","@id":"https:\/\/kapitalis.com\/tunisie\/#organization","name":"Kapitalis","url":"https:\/\/kapitalis.com\/tunisie\/","logo":{"@type":"ImageObject","inLanguage":"fr-FR","@id":"https:\/\/kapitalis.com\/tunisie\/#\/schema\/logo\/image\/","url":"https:\/\/kapitalis.com\/tunisie\/wp-content\/uploads\/2022\/05\/Kapitalis-big-size.png","contentUrl":"https:\/\/kapitalis.com\/tunisie\/wp-content\/uploads\/2022\/05\/Kapitalis-big-size.png","width":5000,"height":1500,"caption":"Kapitalis"},"image":{"@id":"https:\/\/kapitalis.com\/tunisie\/#\/schema\/logo\/image\/"},"sameAs":["https:\/\/www.facebook.com\/KapitalisInfo\/","https:\/\/x.com\/KapitalisInfo","https:\/\/www.youtube.com\/channel\/UC-yDYrHyfFBWWZaOw3FPg9Q"]},{"@type":"Person","@id":"https:\/\/kapitalis.com\/tunisie\/#\/schema\/person\/d71f33a9ca44f7bad4698210b480c8e9","name":"webmaster kapitalis","url":"https:\/\/kapitalis.com\/tunisie\/author\/webmaster-kapitalis\/"}]}},"_links":{"self":[{"href":"https:\/\/kapitalis.com\/tunisie\/wp-json\/wp\/v2\/posts\/13685775","targetHints":{"allow":["GET"]}}],"collection":[{"href":"https:\/\/kapitalis.com\/tunisie\/wp-json\/wp\/v2\/posts"}],"about":[{"href":"https:\/\/kapitalis.com\/tunisie\/wp-json\/wp\/v2\/types\/post"}],"author":[{"embeddable":true,"href":"https:\/\/kapitalis.com\/tunisie\/wp-json\/wp\/v2\/users\/8"}],"replies":[{"embeddable":true,"href":"https:\/\/kapitalis.com\/tunisie\/wp-json\/wp\/v2\/comments?post=13685775"}],"version-history":[{"count":2,"href":"https:\/\/kapitalis.com\/tunisie\/wp-json\/wp\/v2\/posts\/13685775\/revisions"}],"predecessor-version":[{"id":13685874,"href":"https:\/\/kapitalis.com\/tunisie\/wp-json\/wp\/v2\/posts\/13685775\/revisions\/13685874"}],"wp:featuredmedia":[{"embeddable":true,"href":"https:\/\/kapitalis.com\/tunisie\/wp-json\/wp\/v2\/media\/13685825"}],"wp:attachment":[{"href":"https:\/\/kapitalis.com\/tunisie\/wp-json\/wp\/v2\/media?parent=13685775"}],"wp:term":[{"taxonomy":"category","embeddable":true,"href":"https:\/\/kapitalis.com\/tunisie\/wp-json\/wp\/v2\/categories?post=13685775"},{"taxonomy":"post_tag","embeddable":true,"href":"https:\/\/kapitalis.com\/tunisie\/wp-json\/wp\/v2\/tags?post=13685775"}],"curies":[{"name":"wp","href":"https:\/\/api.w.org\/{rel}","templated":true}]}}