{"id":13698938,"date":"2024-08-04T10:36:22","date_gmt":"2024-08-04T09:36:22","guid":{"rendered":"https:\/\/kapitalis.com\/tunisie\/?p=13698938"},"modified":"2024-08-04T10:36:24","modified_gmt":"2024-08-04T09:36:24","slug":"coupures-deau-et-delectricite-a-kasserine-la-justice-sen-mele","status":"publish","type":"post","link":"https:\/\/kapitalis.com\/tunisie\/2024\/08\/04\/coupures-deau-et-delectricite-a-kasserine-la-justice-sen-mele\/","title":{"rendered":"Coupures d\u2019eau et d\u2019\u00e9lectricit\u00e9 \u00e0 Kasserine\u00a0: la justice s\u2019en m\u00eale"},"content":{"rendered":"\n<p><strong><em>On a de la peine \u00e0 croire que des agents publics puissent couper d\u00e9lib\u00e9r\u00e9ment l\u2019eau ou l\u2019\u00e9lectricit\u00e9 et en priver ainsi des citoyens de ces deux services vitaux sans raison technique valable. C\u2019est pourtant ce qu\u2019on vient d\u2019apprendre de source judiciaire. \u00a0\u00a0<\/em><\/strong><\/p>\n\n\n\n<!--more-->\n\n\n\n<p>Selon Riadh Nouioui, porte-parole officiel des tribunaux de Kasserine, cit\u00e9 par <a href=\"https:\/\/www.mosaiquefm.net\/ar\/%D8%A3%D8%AE%D8%A8%D8%A7%D8%B1-%D8%AA%D9%88%D9%86%D8%B3-%D8%AC%D9%87%D8%A7%D8%AA\/1298522\/%D8%A7%D9%84%D9%82%D8%B5%D8%B1%D9%8A%D9%86-%D8%A7%D9%84%D8%A7%D8%AD%D8%AA%D9%81%D8%A7%D8%B8-%D8%A8%D9%85%D9%88%D8%B8%D9%81%D9%8A%D9%86-%D9%81%D9%8A-%D8%A7%D9%84%D8%B3%D8%AA%D8%A7%D8%BA-%D9%88%D8%A7%D9%84%D8%B5%D9%88%D9%86%D8%A7%D8%AF-%D8%A8%D8%B4%D8%A8%D9%87%D8%A9-%D9%82%D8%B7%D8%B9-%D8%A7%D9%84%D9%85%D8%A7%D8%A1-%D9%88%D8%A7%D9%84%D9%83%D9%87%D8%B1%D8%A8%D8%A7%D8%A1\" target=\"_blank\" rel=\"noreferrer noopener\">Mosa\u00efque FM<\/a>, samedi 3 ao\u00fbt 2024, le minist\u00e8re public du tribunal de premi\u00e8re instance de Kasserine a autoris\u00e9 la mise en d\u00e9tention d\u2019un employ\u00e9 de la Soci\u00e9t\u00e9 nationale d\u2019exploitation et de distribution des eaux (Sonede) pour des soup\u00e7ons de coupure d\u2019eau dans la r\u00e9gion. L\u2019homme est inculp\u00e9 de <em>\u00abconstitution d\u2019une entente pour attenter aux personnes et aux biens\u00bb<\/em> et d\u2019<em>\u00aboutrage au pr\u00e9sident de la r\u00e9publique\u00bb<\/em>.<\/p>\n\n\n\n<p>En lien avec cette affaire, Nouioui a indiqu\u00e9 que le minist\u00e8re public du m\u00eame tribunal a, \u00e9galement, autoris\u00e9 l\u2019arrestation d\u2019un employ\u00e9 de la Soci\u00e9t\u00e9 tunisienne de l\u2019\u00e9lectricit\u00e9 et du gaz (Steg) pour des soup\u00e7ons de coupure d\u2019\u00e9lectricit\u00e9 dans la r\u00e9gion. Il est accus\u00e9 d\u2019association de malfaiteurs en vue d\u2019attenter aux biens et aux personnes.<\/p>\n\n\n\n<p>Les deux pr\u00e9venus auraient proc\u00e9d\u00e9 d\u00e9lib\u00e9r\u00e9ment aux coupures d\u2019eau et d\u2019\u00e9lectricit\u00e9 ayant caus\u00e9 d\u2019\u00e9normes d\u00e9sagr\u00e9ments aux citoyens, sans en r\u00e9f\u00e9rer \u00e0 leurs sup\u00e9rieurs et sans raison technique pouvant justifier de tels actes.<\/p>\n\n\n\n<p>Le pr\u00e9sident de la r\u00e9publique Ka\u00efs Sa\u00efed a, \u00e0 plusieurs reprises, imput\u00e9 les coupures intempestives d\u2019eau et d\u2019\u00e9lectricit\u00e9, \u00e0 des criminels au service de lobbys noyautant l\u2019administration publique, \u0153uvrant \u00e0 cr\u00e9er des tensions dans le pays et s\u2019attaquant au r\u00e9gime en place, instaur\u00e9 par le pr\u00e9sident Sa\u00efed apr\u00e8s la proclamation de l\u2019\u00e9tat d\u2019exception le 25 juillet 2021.<\/p>\n\n\n\n<p>Cette affaire vient donc \u00e0 point nomm\u00e9 pour donner foi \u00e0 cette th\u00e8se complotiste que beaucoup de Tunisiens avaient du mal \u00e0 admettre. \u00a0<\/p>\n\n\n\n<p class=\"has-text-align-right\"><strong>I. B.<\/strong><\/p>\n","protected":false},"excerpt":{"rendered":"<p>Des agents de la Sonede et de la Steg soup\u00e7onn\u00e9s d&rsquo;avoir d\u00e9lib\u00e9r\u00e9ment provoqu\u00e9 des coupures d&rsquo;eau et d&rsquo;\u00e9lectricit\u00e9 \u00e0 Kasserine. <\/p>\n","protected":false},"author":8,"featured_media":13699098,"comment_status":"closed","ping_status":"open","sticky":false,"template":"","format":"standard","meta":{"footnotes":""},"categories":[995,998,2433],"tags":[97894,96695,12235,525,849,3763],"class_list":["post-13698938","post","type-post","status-publish","format-standard","has-post-thumbnail","hentry","category-economie","category-societe","category-tunisie","tag-coupures-deau","tag-coupures-delectricite","tag-kais-saied","tag-kasserine","tag-sonede","tag-steg"],"yoast_head":"<!-- This site is optimized with the Yoast SEO plugin v26.6 - https:\/\/yoast.com\/wordpress\/plugins\/seo\/ -->\n<title>Coupures d\u2019eau et d\u2019\u00e9lectricit\u00e9 \u00e0 Kasserine\u00a0: la justice s\u2019en m\u00eale - Kapitalis<\/title>\n<meta name=\"robots\" content=\"index, follow, max-snippet:-1, max-image-preview:large, max-video-preview:-1\" \/>\n<link rel=\"canonical\" href=\"https:\/\/kapitalis.com\/tunisie\/2024\/08\/04\/coupures-deau-et-delectricite-a-kasserine-la-justice-sen-mele\/\" \/>\n<meta property=\"og:locale\" content=\"fr_FR\" \/>\n<meta property=\"og:type\" content=\"article\" \/>\n<meta property=\"og:title\" content=\"Coupures d\u2019eau et d\u2019\u00e9lectricit\u00e9 \u00e0 Kasserine\u00a0: la justice s\u2019en m\u00eale - Kapitalis\" \/>\n<meta property=\"og:description\" content=\"Des agents de la Sonede et de la Steg soup\u00e7onn\u00e9s d&#039;avoir d\u00e9lib\u00e9r\u00e9ment provoqu\u00e9 des coupures d&#039;eau et d&#039;\u00e9lectricit\u00e9 \u00e0 Kasserine.\" \/>\n<meta property=\"og:url\" content=\"https:\/\/kapitalis.com\/tunisie\/2024\/08\/04\/coupures-deau-et-delectricite-a-kasserine-la-justice-sen-mele\/\" \/>\n<meta property=\"og:site_name\" content=\"Kapitalis\" \/>\n<meta property=\"article:publisher\" content=\"https:\/\/www.facebook.com\/KapitalisInfo\/\" \/>\n<meta property=\"article:published_time\" content=\"2024-08-04T09:36:22+00:00\" \/>\n<meta property=\"article:modified_time\" content=\"2024-08-04T09:36:24+00:00\" \/>\n<meta property=\"og:image\" content=\"https:\/\/kapitalis.com\/tunisie\/wp-content\/uploads\/2024\/08\/Sonede-Steg.jpg\" \/>\n\t<meta property=\"og:image:width\" content=\"1200\" \/>\n\t<meta property=\"og:image:height\" content=\"630\" \/>\n\t<meta property=\"og:image:type\" content=\"image\/jpeg\" \/>\n<meta name=\"author\" content=\"webmaster kapitalis\" \/>\n<meta name=\"twitter:card\" content=\"summary_large_image\" \/>\n<meta name=\"twitter:creator\" content=\"@KapitalisInfo\" \/>\n<meta name=\"twitter:site\" content=\"@KapitalisInfo\" \/>\n<meta name=\"twitter:label1\" content=\"\u00c9crit par\" \/>\n\t<meta name=\"twitter:data1\" content=\"webmaster kapitalis\" \/>\n\t<meta name=\"twitter:label2\" content=\"Dur\u00e9e de lecture estim\u00e9e\" \/>\n\t<meta name=\"twitter:data2\" content=\"2 minutes\" \/>\n<script type=\"application\/ld+json\" class=\"yoast-schema-graph\">{\"@context\":\"https:\/\/schema.org\",\"@graph\":[{\"@type\":\"Article\",\"@id\":\"https:\/\/kapitalis.com\/tunisie\/2024\/08\/04\/coupures-deau-et-delectricite-a-kasserine-la-justice-sen-mele\/#article\",\"isPartOf\":{\"@id\":\"https:\/\/kapitalis.com\/tunisie\/2024\/08\/04\/coupures-deau-et-delectricite-a-kasserine-la-justice-sen-mele\/\"},\"author\":{\"name\":\"webmaster kapitalis\",\"@id\":\"https:\/\/kapitalis.com\/tunisie\/#\/schema\/person\/d71f33a9ca44f7bad4698210b480c8e9\"},\"headline\":\"Coupures d\u2019eau et d\u2019\u00e9lectricit\u00e9 \u00e0 Kasserine\u00a0: la justice s\u2019en m\u00eale\",\"datePublished\":\"2024-08-04T09:36:22+00:00\",\"dateModified\":\"2024-08-04T09:36:24+00:00\",\"mainEntityOfPage\":{\"@id\":\"https:\/\/kapitalis.com\/tunisie\/2024\/08\/04\/coupures-deau-et-delectricite-a-kasserine-la-justice-sen-mele\/\"},\"wordCount\":350,\"publisher\":{\"@id\":\"https:\/\/kapitalis.com\/tunisie\/#organization\"},\"image\":{\"@id\":\"https:\/\/kapitalis.com\/tunisie\/2024\/08\/04\/coupures-deau-et-delectricite-a-kasserine-la-justice-sen-mele\/#primaryimage\"},\"thumbnailUrl\":\"https:\/\/kapitalis.com\/tunisie\/wp-content\/uploads\/2024\/08\/Sonede-Steg.jpg\",\"keywords\":[\"coupures d&#039;eau\",\"Coupures d&#039;\u00e9lectricit\u00e9\",\"Ka\u00efs Saied\",\"Kasserine\",\"Sonede\",\"Steg\"],\"articleSection\":[\"ECONOMIE\",\"SOCIETE\",\"Tunisie\"],\"inLanguage\":\"fr-FR\"},{\"@type\":\"WebPage\",\"@id\":\"https:\/\/kapitalis.com\/tunisie\/2024\/08\/04\/coupures-deau-et-delectricite-a-kasserine-la-justice-sen-mele\/\",\"url\":\"https:\/\/kapitalis.com\/tunisie\/2024\/08\/04\/coupures-deau-et-delectricite-a-kasserine-la-justice-sen-mele\/\",\"name\":\"Coupures d\u2019eau et d\u2019\u00e9lectricit\u00e9 \u00e0 Kasserine\u00a0: la justice s\u2019en m\u00eale - Kapitalis\",\"isPartOf\":{\"@id\":\"https:\/\/kapitalis.com\/tunisie\/#website\"},\"primaryImageOfPage\":{\"@id\":\"https:\/\/kapitalis.com\/tunisie\/2024\/08\/04\/coupures-deau-et-delectricite-a-kasserine-la-justice-sen-mele\/#primaryimage\"},\"image\":{\"@id\":\"https:\/\/kapitalis.com\/tunisie\/2024\/08\/04\/coupures-deau-et-delectricite-a-kasserine-la-justice-sen-mele\/#primaryimage\"},\"thumbnailUrl\":\"https:\/\/kapitalis.com\/tunisie\/wp-content\/uploads\/2024\/08\/Sonede-Steg.jpg\",\"datePublished\":\"2024-08-04T09:36:22+00:00\",\"dateModified\":\"2024-08-04T09:36:24+00:00\",\"breadcrumb\":{\"@id\":\"https:\/\/kapitalis.com\/tunisie\/2024\/08\/04\/coupures-deau-et-delectricite-a-kasserine-la-justice-sen-mele\/#breadcrumb\"},\"inLanguage\":\"fr-FR\",\"potentialAction\":[{\"@type\":\"ReadAction\",\"target\":[\"https:\/\/kapitalis.com\/tunisie\/2024\/08\/04\/coupures-deau-et-delectricite-a-kasserine-la-justice-sen-mele\/\"]}]},{\"@type\":\"ImageObject\",\"inLanguage\":\"fr-FR\",\"@id\":\"https:\/\/kapitalis.com\/tunisie\/2024\/08\/04\/coupures-deau-et-delectricite-a-kasserine-la-justice-sen-mele\/#primaryimage\",\"url\":\"https:\/\/kapitalis.com\/tunisie\/wp-content\/uploads\/2024\/08\/Sonede-Steg.jpg\",\"contentUrl\":\"https:\/\/kapitalis.com\/tunisie\/wp-content\/uploads\/2024\/08\/Sonede-Steg.jpg\",\"width\":1200,\"height\":630},{\"@type\":\"BreadcrumbList\",\"@id\":\"https:\/\/kapitalis.com\/tunisie\/2024\/08\/04\/coupures-deau-et-delectricite-a-kasserine-la-justice-sen-mele\/#breadcrumb\",\"itemListElement\":[{\"@type\":\"ListItem\",\"position\":1,\"name\":\"Accueil\",\"item\":\"https:\/\/kapitalis.com\/tunisie\/\"},{\"@type\":\"ListItem\",\"position\":2,\"name\":\"Coupures d\u2019eau et d\u2019\u00e9lectricit\u00e9 \u00e0 Kasserine\u00a0: la justice s\u2019en m\u00eale\"}]},{\"@type\":\"WebSite\",\"@id\":\"https:\/\/kapitalis.com\/tunisie\/#website\",\"url\":\"https:\/\/kapitalis.com\/tunisie\/\",\"name\":\"Kapitalis\",\"description\":\"L&#039;actualit\u00e9 en Tunisie et dans le monde\",\"publisher\":{\"@id\":\"https:\/\/kapitalis.com\/tunisie\/#organization\"},\"potentialAction\":[{\"@type\":\"SearchAction\",\"target\":{\"@type\":\"EntryPoint\",\"urlTemplate\":\"https:\/\/kapitalis.com\/tunisie\/?s={search_term_string}\"},\"query-input\":{\"@type\":\"PropertyValueSpecification\",\"valueRequired\":true,\"valueName\":\"search_term_string\"}}],\"inLanguage\":\"fr-FR\"},{\"@type\":\"Organization\",\"@id\":\"https:\/\/kapitalis.com\/tunisie\/#organization\",\"name\":\"Kapitalis\",\"url\":\"https:\/\/kapitalis.com\/tunisie\/\",\"logo\":{\"@type\":\"ImageObject\",\"inLanguage\":\"fr-FR\",\"@id\":\"https:\/\/kapitalis.com\/tunisie\/#\/schema\/logo\/image\/\",\"url\":\"https:\/\/kapitalis.com\/tunisie\/wp-content\/uploads\/2022\/05\/Kapitalis-big-size.png\",\"contentUrl\":\"https:\/\/kapitalis.com\/tunisie\/wp-content\/uploads\/2022\/05\/Kapitalis-big-size.png\",\"width\":5000,\"height\":1500,\"caption\":\"Kapitalis\"},\"image\":{\"@id\":\"https:\/\/kapitalis.com\/tunisie\/#\/schema\/logo\/image\/\"},\"sameAs\":[\"https:\/\/www.facebook.com\/KapitalisInfo\/\",\"https:\/\/x.com\/KapitalisInfo\",\"https:\/\/www.youtube.com\/channel\/UC-yDYrHyfFBWWZaOw3FPg9Q\"]},{\"@type\":\"Person\",\"@id\":\"https:\/\/kapitalis.com\/tunisie\/#\/schema\/person\/d71f33a9ca44f7bad4698210b480c8e9\",\"name\":\"webmaster kapitalis\",\"url\":\"https:\/\/kapitalis.com\/tunisie\/author\/webmaster-kapitalis\/\"}]}<\/script>\n<!-- \/ Yoast SEO plugin. -->","yoast_head_json":{"title":"Coupures d\u2019eau et d\u2019\u00e9lectricit\u00e9 \u00e0 Kasserine\u00a0: la justice s\u2019en m\u00eale - Kapitalis","robots":{"index":"index","follow":"follow","max-snippet":"max-snippet:-1","max-image-preview":"max-image-preview:large","max-video-preview":"max-video-preview:-1"},"canonical":"https:\/\/kapitalis.com\/tunisie\/2024\/08\/04\/coupures-deau-et-delectricite-a-kasserine-la-justice-sen-mele\/","og_locale":"fr_FR","og_type":"article","og_title":"Coupures d\u2019eau et d\u2019\u00e9lectricit\u00e9 \u00e0 Kasserine\u00a0: la justice s\u2019en m\u00eale - Kapitalis","og_description":"Des agents de la Sonede et de la Steg soup\u00e7onn\u00e9s d'avoir d\u00e9lib\u00e9r\u00e9ment provoqu\u00e9 des coupures d'eau et d'\u00e9lectricit\u00e9 \u00e0 Kasserine.","og_url":"https:\/\/kapitalis.com\/tunisie\/2024\/08\/04\/coupures-deau-et-delectricite-a-kasserine-la-justice-sen-mele\/","og_site_name":"Kapitalis","article_publisher":"https:\/\/www.facebook.com\/KapitalisInfo\/","article_published_time":"2024-08-04T09:36:22+00:00","article_modified_time":"2024-08-04T09:36:24+00:00","og_image":[{"width":1200,"height":630,"url":"https:\/\/kapitalis.com\/tunisie\/wp-content\/uploads\/2024\/08\/Sonede-Steg.jpg","type":"image\/jpeg"}],"author":"webmaster kapitalis","twitter_card":"summary_large_image","twitter_creator":"@KapitalisInfo","twitter_site":"@KapitalisInfo","twitter_misc":{"\u00c9crit par":"webmaster kapitalis","Dur\u00e9e de lecture estim\u00e9e":"2 minutes"},"schema":{"@context":"https:\/\/schema.org","@graph":[{"@type":"Article","@id":"https:\/\/kapitalis.com\/tunisie\/2024\/08\/04\/coupures-deau-et-delectricite-a-kasserine-la-justice-sen-mele\/#article","isPartOf":{"@id":"https:\/\/kapitalis.com\/tunisie\/2024\/08\/04\/coupures-deau-et-delectricite-a-kasserine-la-justice-sen-mele\/"},"author":{"name":"webmaster kapitalis","@id":"https:\/\/kapitalis.com\/tunisie\/#\/schema\/person\/d71f33a9ca44f7bad4698210b480c8e9"},"headline":"Coupures d\u2019eau et d\u2019\u00e9lectricit\u00e9 \u00e0 Kasserine\u00a0: la justice s\u2019en m\u00eale","datePublished":"2024-08-04T09:36:22+00:00","dateModified":"2024-08-04T09:36:24+00:00","mainEntityOfPage":{"@id":"https:\/\/kapitalis.com\/tunisie\/2024\/08\/04\/coupures-deau-et-delectricite-a-kasserine-la-justice-sen-mele\/"},"wordCount":350,"publisher":{"@id":"https:\/\/kapitalis.com\/tunisie\/#organization"},"image":{"@id":"https:\/\/kapitalis.com\/tunisie\/2024\/08\/04\/coupures-deau-et-delectricite-a-kasserine-la-justice-sen-mele\/#primaryimage"},"thumbnailUrl":"https:\/\/kapitalis.com\/tunisie\/wp-content\/uploads\/2024\/08\/Sonede-Steg.jpg","keywords":["coupures d&#039;eau","Coupures d&#039;\u00e9lectricit\u00e9","Ka\u00efs Saied","Kasserine","Sonede","Steg"],"articleSection":["ECONOMIE","SOCIETE","Tunisie"],"inLanguage":"fr-FR"},{"@type":"WebPage","@id":"https:\/\/kapitalis.com\/tunisie\/2024\/08\/04\/coupures-deau-et-delectricite-a-kasserine-la-justice-sen-mele\/","url":"https:\/\/kapitalis.com\/tunisie\/2024\/08\/04\/coupures-deau-et-delectricite-a-kasserine-la-justice-sen-mele\/","name":"Coupures d\u2019eau et d\u2019\u00e9lectricit\u00e9 \u00e0 Kasserine\u00a0: la justice s\u2019en m\u00eale - Kapitalis","isPartOf":{"@id":"https:\/\/kapitalis.com\/tunisie\/#website"},"primaryImageOfPage":{"@id":"https:\/\/kapitalis.com\/tunisie\/2024\/08\/04\/coupures-deau-et-delectricite-a-kasserine-la-justice-sen-mele\/#primaryimage"},"image":{"@id":"https:\/\/kapitalis.com\/tunisie\/2024\/08\/04\/coupures-deau-et-delectricite-a-kasserine-la-justice-sen-mele\/#primaryimage"},"thumbnailUrl":"https:\/\/kapitalis.com\/tunisie\/wp-content\/uploads\/2024\/08\/Sonede-Steg.jpg","datePublished":"2024-08-04T09:36:22+00:00","dateModified":"2024-08-04T09:36:24+00:00","breadcrumb":{"@id":"https:\/\/kapitalis.com\/tunisie\/2024\/08\/04\/coupures-deau-et-delectricite-a-kasserine-la-justice-sen-mele\/#breadcrumb"},"inLanguage":"fr-FR","potentialAction":[{"@type":"ReadAction","target":["https:\/\/kapitalis.com\/tunisie\/2024\/08\/04\/coupures-deau-et-delectricite-a-kasserine-la-justice-sen-mele\/"]}]},{"@type":"ImageObject","inLanguage":"fr-FR","@id":"https:\/\/kapitalis.com\/tunisie\/2024\/08\/04\/coupures-deau-et-delectricite-a-kasserine-la-justice-sen-mele\/#primaryimage","url":"https:\/\/kapitalis.com\/tunisie\/wp-content\/uploads\/2024\/08\/Sonede-Steg.jpg","contentUrl":"https:\/\/kapitalis.com\/tunisie\/wp-content\/uploads\/2024\/08\/Sonede-Steg.jpg","width":1200,"height":630},{"@type":"BreadcrumbList","@id":"https:\/\/kapitalis.com\/tunisie\/2024\/08\/04\/coupures-deau-et-delectricite-a-kasserine-la-justice-sen-mele\/#breadcrumb","itemListElement":[{"@type":"ListItem","position":1,"name":"Accueil","item":"https:\/\/kapitalis.com\/tunisie\/"},{"@type":"ListItem","position":2,"name":"Coupures d\u2019eau et d\u2019\u00e9lectricit\u00e9 \u00e0 Kasserine\u00a0: la justice s\u2019en m\u00eale"}]},{"@type":"WebSite","@id":"https:\/\/kapitalis.com\/tunisie\/#website","url":"https:\/\/kapitalis.com\/tunisie\/","name":"Kapitalis","description":"L&#039;actualit\u00e9 en Tunisie et dans le monde","publisher":{"@id":"https:\/\/kapitalis.com\/tunisie\/#organization"},"potentialAction":[{"@type":"SearchAction","target":{"@type":"EntryPoint","urlTemplate":"https:\/\/kapitalis.com\/tunisie\/?s={search_term_string}"},"query-input":{"@type":"PropertyValueSpecification","valueRequired":true,"valueName":"search_term_string"}}],"inLanguage":"fr-FR"},{"@type":"Organization","@id":"https:\/\/kapitalis.com\/tunisie\/#organization","name":"Kapitalis","url":"https:\/\/kapitalis.com\/tunisie\/","logo":{"@type":"ImageObject","inLanguage":"fr-FR","@id":"https:\/\/kapitalis.com\/tunisie\/#\/schema\/logo\/image\/","url":"https:\/\/kapitalis.com\/tunisie\/wp-content\/uploads\/2022\/05\/Kapitalis-big-size.png","contentUrl":"https:\/\/kapitalis.com\/tunisie\/wp-content\/uploads\/2022\/05\/Kapitalis-big-size.png","width":5000,"height":1500,"caption":"Kapitalis"},"image":{"@id":"https:\/\/kapitalis.com\/tunisie\/#\/schema\/logo\/image\/"},"sameAs":["https:\/\/www.facebook.com\/KapitalisInfo\/","https:\/\/x.com\/KapitalisInfo","https:\/\/www.youtube.com\/channel\/UC-yDYrHyfFBWWZaOw3FPg9Q"]},{"@type":"Person","@id":"https:\/\/kapitalis.com\/tunisie\/#\/schema\/person\/d71f33a9ca44f7bad4698210b480c8e9","name":"webmaster kapitalis","url":"https:\/\/kapitalis.com\/tunisie\/author\/webmaster-kapitalis\/"}]}},"_links":{"self":[{"href":"https:\/\/kapitalis.com\/tunisie\/wp-json\/wp\/v2\/posts\/13698938","targetHints":{"allow":["GET"]}}],"collection":[{"href":"https:\/\/kapitalis.com\/tunisie\/wp-json\/wp\/v2\/posts"}],"about":[{"href":"https:\/\/kapitalis.com\/tunisie\/wp-json\/wp\/v2\/types\/post"}],"author":[{"embeddable":true,"href":"https:\/\/kapitalis.com\/tunisie\/wp-json\/wp\/v2\/users\/8"}],"replies":[{"embeddable":true,"href":"https:\/\/kapitalis.com\/tunisie\/wp-json\/wp\/v2\/comments?post=13698938"}],"version-history":[{"count":1,"href":"https:\/\/kapitalis.com\/tunisie\/wp-json\/wp\/v2\/posts\/13698938\/revisions"}],"predecessor-version":[{"id":13699154,"href":"https:\/\/kapitalis.com\/tunisie\/wp-json\/wp\/v2\/posts\/13698938\/revisions\/13699154"}],"wp:featuredmedia":[{"embeddable":true,"href":"https:\/\/kapitalis.com\/tunisie\/wp-json\/wp\/v2\/media\/13699098"}],"wp:attachment":[{"href":"https:\/\/kapitalis.com\/tunisie\/wp-json\/wp\/v2\/media?parent=13698938"}],"wp:term":[{"taxonomy":"category","embeddable":true,"href":"https:\/\/kapitalis.com\/tunisie\/wp-json\/wp\/v2\/categories?post=13698938"},{"taxonomy":"post_tag","embeddable":true,"href":"https:\/\/kapitalis.com\/tunisie\/wp-json\/wp\/v2\/tags?post=13698938"}],"curies":[{"name":"wp","href":"https:\/\/api.w.org\/{rel}","templated":true}]}}