{"id":13707635,"date":"2024-08-04T20:13:51","date_gmt":"2024-08-04T19:13:51","guid":{"rendered":"https:\/\/kapitalis.com\/tunisie\/?p=13707635"},"modified":"2024-08-04T21:00:27","modified_gmt":"2024-08-04T20:00:27","slug":"paris-2024-ahmed-jaouadi-na-pas-demerite-federation-tunisienne-de-natation","status":"publish","type":"post","link":"https:\/\/kapitalis.com\/tunisie\/2024\/08\/04\/paris-2024-ahmed-jaouadi-na-pas-demerite-federation-tunisienne-de-natation\/","title":{"rendered":"Paris 2024 : Ahmed Jaouadi n&rsquo;a pas d\u00e9m\u00e9rit\u00e9 (F\u00e9d\u00e9ration tunisienne de natation)"},"content":{"rendered":"\n<p><strong><em>Le nageur tunisien Ahmed Jaouadi est arriv\u00e9 6e \u00e0 la finale des 1500 m\u00e8tres nage libre, ce dimanche 4 ao\u00fbt 2024, aux Jeux Olympiques de Paris.<\/em><\/strong><\/p>\n\n\n\n<!--more-->\n\n\n\n<p>Commentant la participation du jeune nageur de 19 ans, la F\u00e9d\u00e9ration tunisienne de natation a affirm\u00e9 qu&rsquo;Ahmed Jaouadi n&rsquo;a pas d\u00e9m\u00e9rit\u00e9 aux<br>Jeux olympiques de Paris 2024<\/p>\n\n\n\n<p>\u00ab <em>Notre champion a beaucoup appris de sa premi\u00e8re participation olympique . Il a fait parler de lui dans le bassin de l&rsquo;arena d\u00e9fense en donnant rendez-vous \u00e0 tous adversairesa LA 2028. Jaouadi a encore am\u00e9lior\u00e9 son record personnel sur 1500 m NL en 14:43.35 avec au passage une encourageante 6\u00e9me place<\/em> \u00bb, a comment\u00e9 la FTN.<\/p>\n\n\n\n<p>Et d&rsquo;ajouter : \u00ab<em> En l&rsquo;espace d&rsquo;une saison, Jaouadi a am\u00e9lior\u00e9 son record personnel de 2023 (15:11.02)de plus de 27 secondes. Bravo et bonne continuation \u00e0 n\u00f4tre champion\u00bb<\/em>.<\/p>\n\n\n\n<p class=\"has-text-align-right\"><strong>Y. N.<\/strong><\/p>\n","protected":false},"excerpt":{"rendered":"<p>Le nageur tunisien Ahmed Jaouadi est arriv\u00e9 6e \u00e0 la finale des 1500 m\u00e8tres nage libre, ce dimanche 4 ao\u00fbt 2024, aux Jeux Olympiques de Paris.<\/p>\n","protected":false},"author":6,"featured_media":13707666,"comment_status":"closed","ping_status":"open","sticky":false,"template":"","format":"standard","meta":{"footnotes":""},"categories":[999,2433],"tags":[114550,92159,111794,92080,110512,62643],"class_list":["post-13707635","post","type-post","status-publish","format-standard","has-post-thumbnail","hentry","category-sport","category-tunisie","tag-ahmed-jaouadi","tag-jeux-olymoiques","tag-jo-2024","tag-nageur","tag-paris-2024","tag-tunisie"],"yoast_head":"<!-- This site is optimized with the Yoast SEO plugin v26.6 - https:\/\/yoast.com\/wordpress\/plugins\/seo\/ -->\n<title>Paris 2024 : Ahmed Jaouadi n&#039;a pas d\u00e9m\u00e9rit\u00e9 (F\u00e9d\u00e9ration tunisienne de natation) - Kapitalis<\/title>\n<meta name=\"robots\" content=\"index, follow, max-snippet:-1, max-image-preview:large, max-video-preview:-1\" \/>\n<link rel=\"canonical\" href=\"https:\/\/kapitalis.com\/tunisie\/2024\/08\/04\/paris-2024-ahmed-jaouadi-na-pas-demerite-federation-tunisienne-de-natation\/\" \/>\n<meta property=\"og:locale\" content=\"fr_FR\" \/>\n<meta property=\"og:type\" content=\"article\" \/>\n<meta property=\"og:title\" content=\"Paris 2024 : Ahmed Jaouadi n&#039;a pas d\u00e9m\u00e9rit\u00e9 (F\u00e9d\u00e9ration tunisienne de natation) - Kapitalis\" \/>\n<meta property=\"og:description\" content=\"Le nageur tunisien Ahmed Jaouadi est arriv\u00e9 6e \u00e0 la finale des 1500 m\u00e8tres nage libre, ce dimanche 4 ao\u00fbt 2024, aux Jeux Olympiques de Paris.\" \/>\n<meta property=\"og:url\" content=\"https:\/\/kapitalis.com\/tunisie\/2024\/08\/04\/paris-2024-ahmed-jaouadi-na-pas-demerite-federation-tunisienne-de-natation\/\" \/>\n<meta property=\"og:site_name\" content=\"Kapitalis\" \/>\n<meta property=\"article:publisher\" content=\"https:\/\/www.facebook.com\/KapitalisInfo\/\" \/>\n<meta property=\"article:published_time\" content=\"2024-08-04T19:13:51+00:00\" \/>\n<meta property=\"article:modified_time\" content=\"2024-08-04T20:00:27+00:00\" \/>\n<meta property=\"og:image\" content=\"https:\/\/kapitalis.com\/tunisie\/wp-content\/uploads\/2024\/08\/Ahmed-Jaouadi-Paris-2024.jpg\" \/>\n\t<meta property=\"og:image:width\" content=\"1200\" \/>\n\t<meta property=\"og:image:height\" content=\"630\" \/>\n\t<meta property=\"og:image:type\" content=\"image\/jpeg\" \/>\n<meta name=\"author\" content=\"Yusra NY\" \/>\n<meta name=\"twitter:card\" content=\"summary_large_image\" \/>\n<meta name=\"twitter:creator\" content=\"@KapitalisInfo\" \/>\n<meta name=\"twitter:site\" content=\"@KapitalisInfo\" \/>\n<meta name=\"twitter:label1\" content=\"\u00c9crit par\" \/>\n\t<meta name=\"twitter:data1\" content=\"Yusra NY\" \/>\n\t<meta name=\"twitter:label2\" content=\"Dur\u00e9e de lecture estim\u00e9e\" \/>\n\t<meta name=\"twitter:data2\" content=\"1 minute\" \/>\n<script type=\"application\/ld+json\" class=\"yoast-schema-graph\">{\"@context\":\"https:\/\/schema.org\",\"@graph\":[{\"@type\":\"Article\",\"@id\":\"https:\/\/kapitalis.com\/tunisie\/2024\/08\/04\/paris-2024-ahmed-jaouadi-na-pas-demerite-federation-tunisienne-de-natation\/#article\",\"isPartOf\":{\"@id\":\"https:\/\/kapitalis.com\/tunisie\/2024\/08\/04\/paris-2024-ahmed-jaouadi-na-pas-demerite-federation-tunisienne-de-natation\/\"},\"author\":{\"name\":\"Yusra NY\",\"@id\":\"https:\/\/kapitalis.com\/tunisie\/#\/schema\/person\/74bbde0154d49d790a92aaeac5bc01d5\"},\"headline\":\"Paris 2024 : Ahmed Jaouadi n&rsquo;a pas d\u00e9m\u00e9rit\u00e9 (F\u00e9d\u00e9ration tunisienne de natation)\",\"datePublished\":\"2024-08-04T19:13:51+00:00\",\"dateModified\":\"2024-08-04T20:00:27+00:00\",\"mainEntityOfPage\":{\"@id\":\"https:\/\/kapitalis.com\/tunisie\/2024\/08\/04\/paris-2024-ahmed-jaouadi-na-pas-demerite-federation-tunisienne-de-natation\/\"},\"wordCount\":146,\"publisher\":{\"@id\":\"https:\/\/kapitalis.com\/tunisie\/#organization\"},\"image\":{\"@id\":\"https:\/\/kapitalis.com\/tunisie\/2024\/08\/04\/paris-2024-ahmed-jaouadi-na-pas-demerite-federation-tunisienne-de-natation\/#primaryimage\"},\"thumbnailUrl\":\"https:\/\/kapitalis.com\/tunisie\/wp-content\/uploads\/2024\/08\/Ahmed-Jaouadi-Paris-2024.jpg\",\"keywords\":[\"Ahmed Jaouadi\",\"Jeux Olymoiques\",\"JO 2024\",\"nageur\",\"Paris 2024\",\"Tunisie\"],\"articleSection\":[\"SPORT\",\"Tunisie\"],\"inLanguage\":\"fr-FR\"},{\"@type\":\"WebPage\",\"@id\":\"https:\/\/kapitalis.com\/tunisie\/2024\/08\/04\/paris-2024-ahmed-jaouadi-na-pas-demerite-federation-tunisienne-de-natation\/\",\"url\":\"https:\/\/kapitalis.com\/tunisie\/2024\/08\/04\/paris-2024-ahmed-jaouadi-na-pas-demerite-federation-tunisienne-de-natation\/\",\"name\":\"Paris 2024 : Ahmed Jaouadi n'a pas d\u00e9m\u00e9rit\u00e9 (F\u00e9d\u00e9ration tunisienne de natation) - Kapitalis\",\"isPartOf\":{\"@id\":\"https:\/\/kapitalis.com\/tunisie\/#website\"},\"primaryImageOfPage\":{\"@id\":\"https:\/\/kapitalis.com\/tunisie\/2024\/08\/04\/paris-2024-ahmed-jaouadi-na-pas-demerite-federation-tunisienne-de-natation\/#primaryimage\"},\"image\":{\"@id\":\"https:\/\/kapitalis.com\/tunisie\/2024\/08\/04\/paris-2024-ahmed-jaouadi-na-pas-demerite-federation-tunisienne-de-natation\/#primaryimage\"},\"thumbnailUrl\":\"https:\/\/kapitalis.com\/tunisie\/wp-content\/uploads\/2024\/08\/Ahmed-Jaouadi-Paris-2024.jpg\",\"datePublished\":\"2024-08-04T19:13:51+00:00\",\"dateModified\":\"2024-08-04T20:00:27+00:00\",\"breadcrumb\":{\"@id\":\"https:\/\/kapitalis.com\/tunisie\/2024\/08\/04\/paris-2024-ahmed-jaouadi-na-pas-demerite-federation-tunisienne-de-natation\/#breadcrumb\"},\"inLanguage\":\"fr-FR\",\"potentialAction\":[{\"@type\":\"ReadAction\",\"target\":[\"https:\/\/kapitalis.com\/tunisie\/2024\/08\/04\/paris-2024-ahmed-jaouadi-na-pas-demerite-federation-tunisienne-de-natation\/\"]}]},{\"@type\":\"ImageObject\",\"inLanguage\":\"fr-FR\",\"@id\":\"https:\/\/kapitalis.com\/tunisie\/2024\/08\/04\/paris-2024-ahmed-jaouadi-na-pas-demerite-federation-tunisienne-de-natation\/#primaryimage\",\"url\":\"https:\/\/kapitalis.com\/tunisie\/wp-content\/uploads\/2024\/08\/Ahmed-Jaouadi-Paris-2024.jpg\",\"contentUrl\":\"https:\/\/kapitalis.com\/tunisie\/wp-content\/uploads\/2024\/08\/Ahmed-Jaouadi-Paris-2024.jpg\",\"width\":1200,\"height\":630},{\"@type\":\"BreadcrumbList\",\"@id\":\"https:\/\/kapitalis.com\/tunisie\/2024\/08\/04\/paris-2024-ahmed-jaouadi-na-pas-demerite-federation-tunisienne-de-natation\/#breadcrumb\",\"itemListElement\":[{\"@type\":\"ListItem\",\"position\":1,\"name\":\"Accueil\",\"item\":\"https:\/\/kapitalis.com\/tunisie\/\"},{\"@type\":\"ListItem\",\"position\":2,\"name\":\"Paris 2024 : Ahmed Jaouadi n&rsquo;a pas d\u00e9m\u00e9rit\u00e9 (F\u00e9d\u00e9ration tunisienne de natation)\"}]},{\"@type\":\"WebSite\",\"@id\":\"https:\/\/kapitalis.com\/tunisie\/#website\",\"url\":\"https:\/\/kapitalis.com\/tunisie\/\",\"name\":\"Kapitalis\",\"description\":\"L&#039;actualit\u00e9 en Tunisie et dans le monde\",\"publisher\":{\"@id\":\"https:\/\/kapitalis.com\/tunisie\/#organization\"},\"potentialAction\":[{\"@type\":\"SearchAction\",\"target\":{\"@type\":\"EntryPoint\",\"urlTemplate\":\"https:\/\/kapitalis.com\/tunisie\/?s={search_term_string}\"},\"query-input\":{\"@type\":\"PropertyValueSpecification\",\"valueRequired\":true,\"valueName\":\"search_term_string\"}}],\"inLanguage\":\"fr-FR\"},{\"@type\":\"Organization\",\"@id\":\"https:\/\/kapitalis.com\/tunisie\/#organization\",\"name\":\"Kapitalis\",\"url\":\"https:\/\/kapitalis.com\/tunisie\/\",\"logo\":{\"@type\":\"ImageObject\",\"inLanguage\":\"fr-FR\",\"@id\":\"https:\/\/kapitalis.com\/tunisie\/#\/schema\/logo\/image\/\",\"url\":\"https:\/\/kapitalis.com\/tunisie\/wp-content\/uploads\/2022\/05\/Kapitalis-big-size.png\",\"contentUrl\":\"https:\/\/kapitalis.com\/tunisie\/wp-content\/uploads\/2022\/05\/Kapitalis-big-size.png\",\"width\":5000,\"height\":1500,\"caption\":\"Kapitalis\"},\"image\":{\"@id\":\"https:\/\/kapitalis.com\/tunisie\/#\/schema\/logo\/image\/\"},\"sameAs\":[\"https:\/\/www.facebook.com\/KapitalisInfo\/\",\"https:\/\/x.com\/KapitalisInfo\",\"https:\/\/www.youtube.com\/channel\/UC-yDYrHyfFBWWZaOw3FPg9Q\"]},{\"@type\":\"Person\",\"@id\":\"https:\/\/kapitalis.com\/tunisie\/#\/schema\/person\/74bbde0154d49d790a92aaeac5bc01d5\",\"name\":\"Yusra NY\",\"url\":\"https:\/\/kapitalis.com\/tunisie\/author\/yuza_adam\/\"}]}<\/script>\n<!-- \/ Yoast SEO plugin. -->","yoast_head_json":{"title":"Paris 2024 : Ahmed Jaouadi n'a pas d\u00e9m\u00e9rit\u00e9 (F\u00e9d\u00e9ration tunisienne de natation) - Kapitalis","robots":{"index":"index","follow":"follow","max-snippet":"max-snippet:-1","max-image-preview":"max-image-preview:large","max-video-preview":"max-video-preview:-1"},"canonical":"https:\/\/kapitalis.com\/tunisie\/2024\/08\/04\/paris-2024-ahmed-jaouadi-na-pas-demerite-federation-tunisienne-de-natation\/","og_locale":"fr_FR","og_type":"article","og_title":"Paris 2024 : Ahmed Jaouadi n'a pas d\u00e9m\u00e9rit\u00e9 (F\u00e9d\u00e9ration tunisienne de natation) - Kapitalis","og_description":"Le nageur tunisien Ahmed Jaouadi est arriv\u00e9 6e \u00e0 la finale des 1500 m\u00e8tres nage libre, ce dimanche 4 ao\u00fbt 2024, aux Jeux Olympiques de Paris.","og_url":"https:\/\/kapitalis.com\/tunisie\/2024\/08\/04\/paris-2024-ahmed-jaouadi-na-pas-demerite-federation-tunisienne-de-natation\/","og_site_name":"Kapitalis","article_publisher":"https:\/\/www.facebook.com\/KapitalisInfo\/","article_published_time":"2024-08-04T19:13:51+00:00","article_modified_time":"2024-08-04T20:00:27+00:00","og_image":[{"width":1200,"height":630,"url":"https:\/\/kapitalis.com\/tunisie\/wp-content\/uploads\/2024\/08\/Ahmed-Jaouadi-Paris-2024.jpg","type":"image\/jpeg"}],"author":"Yusra NY","twitter_card":"summary_large_image","twitter_creator":"@KapitalisInfo","twitter_site":"@KapitalisInfo","twitter_misc":{"\u00c9crit par":"Yusra NY","Dur\u00e9e de lecture estim\u00e9e":"1 minute"},"schema":{"@context":"https:\/\/schema.org","@graph":[{"@type":"Article","@id":"https:\/\/kapitalis.com\/tunisie\/2024\/08\/04\/paris-2024-ahmed-jaouadi-na-pas-demerite-federation-tunisienne-de-natation\/#article","isPartOf":{"@id":"https:\/\/kapitalis.com\/tunisie\/2024\/08\/04\/paris-2024-ahmed-jaouadi-na-pas-demerite-federation-tunisienne-de-natation\/"},"author":{"name":"Yusra NY","@id":"https:\/\/kapitalis.com\/tunisie\/#\/schema\/person\/74bbde0154d49d790a92aaeac5bc01d5"},"headline":"Paris 2024 : Ahmed Jaouadi n&rsquo;a pas d\u00e9m\u00e9rit\u00e9 (F\u00e9d\u00e9ration tunisienne de natation)","datePublished":"2024-08-04T19:13:51+00:00","dateModified":"2024-08-04T20:00:27+00:00","mainEntityOfPage":{"@id":"https:\/\/kapitalis.com\/tunisie\/2024\/08\/04\/paris-2024-ahmed-jaouadi-na-pas-demerite-federation-tunisienne-de-natation\/"},"wordCount":146,"publisher":{"@id":"https:\/\/kapitalis.com\/tunisie\/#organization"},"image":{"@id":"https:\/\/kapitalis.com\/tunisie\/2024\/08\/04\/paris-2024-ahmed-jaouadi-na-pas-demerite-federation-tunisienne-de-natation\/#primaryimage"},"thumbnailUrl":"https:\/\/kapitalis.com\/tunisie\/wp-content\/uploads\/2024\/08\/Ahmed-Jaouadi-Paris-2024.jpg","keywords":["Ahmed Jaouadi","Jeux Olymoiques","JO 2024","nageur","Paris 2024","Tunisie"],"articleSection":["SPORT","Tunisie"],"inLanguage":"fr-FR"},{"@type":"WebPage","@id":"https:\/\/kapitalis.com\/tunisie\/2024\/08\/04\/paris-2024-ahmed-jaouadi-na-pas-demerite-federation-tunisienne-de-natation\/","url":"https:\/\/kapitalis.com\/tunisie\/2024\/08\/04\/paris-2024-ahmed-jaouadi-na-pas-demerite-federation-tunisienne-de-natation\/","name":"Paris 2024 : Ahmed Jaouadi n'a pas d\u00e9m\u00e9rit\u00e9 (F\u00e9d\u00e9ration tunisienne de natation) - Kapitalis","isPartOf":{"@id":"https:\/\/kapitalis.com\/tunisie\/#website"},"primaryImageOfPage":{"@id":"https:\/\/kapitalis.com\/tunisie\/2024\/08\/04\/paris-2024-ahmed-jaouadi-na-pas-demerite-federation-tunisienne-de-natation\/#primaryimage"},"image":{"@id":"https:\/\/kapitalis.com\/tunisie\/2024\/08\/04\/paris-2024-ahmed-jaouadi-na-pas-demerite-federation-tunisienne-de-natation\/#primaryimage"},"thumbnailUrl":"https:\/\/kapitalis.com\/tunisie\/wp-content\/uploads\/2024\/08\/Ahmed-Jaouadi-Paris-2024.jpg","datePublished":"2024-08-04T19:13:51+00:00","dateModified":"2024-08-04T20:00:27+00:00","breadcrumb":{"@id":"https:\/\/kapitalis.com\/tunisie\/2024\/08\/04\/paris-2024-ahmed-jaouadi-na-pas-demerite-federation-tunisienne-de-natation\/#breadcrumb"},"inLanguage":"fr-FR","potentialAction":[{"@type":"ReadAction","target":["https:\/\/kapitalis.com\/tunisie\/2024\/08\/04\/paris-2024-ahmed-jaouadi-na-pas-demerite-federation-tunisienne-de-natation\/"]}]},{"@type":"ImageObject","inLanguage":"fr-FR","@id":"https:\/\/kapitalis.com\/tunisie\/2024\/08\/04\/paris-2024-ahmed-jaouadi-na-pas-demerite-federation-tunisienne-de-natation\/#primaryimage","url":"https:\/\/kapitalis.com\/tunisie\/wp-content\/uploads\/2024\/08\/Ahmed-Jaouadi-Paris-2024.jpg","contentUrl":"https:\/\/kapitalis.com\/tunisie\/wp-content\/uploads\/2024\/08\/Ahmed-Jaouadi-Paris-2024.jpg","width":1200,"height":630},{"@type":"BreadcrumbList","@id":"https:\/\/kapitalis.com\/tunisie\/2024\/08\/04\/paris-2024-ahmed-jaouadi-na-pas-demerite-federation-tunisienne-de-natation\/#breadcrumb","itemListElement":[{"@type":"ListItem","position":1,"name":"Accueil","item":"https:\/\/kapitalis.com\/tunisie\/"},{"@type":"ListItem","position":2,"name":"Paris 2024 : Ahmed Jaouadi n&rsquo;a pas d\u00e9m\u00e9rit\u00e9 (F\u00e9d\u00e9ration tunisienne de natation)"}]},{"@type":"WebSite","@id":"https:\/\/kapitalis.com\/tunisie\/#website","url":"https:\/\/kapitalis.com\/tunisie\/","name":"Kapitalis","description":"L&#039;actualit\u00e9 en Tunisie et dans le monde","publisher":{"@id":"https:\/\/kapitalis.com\/tunisie\/#organization"},"potentialAction":[{"@type":"SearchAction","target":{"@type":"EntryPoint","urlTemplate":"https:\/\/kapitalis.com\/tunisie\/?s={search_term_string}"},"query-input":{"@type":"PropertyValueSpecification","valueRequired":true,"valueName":"search_term_string"}}],"inLanguage":"fr-FR"},{"@type":"Organization","@id":"https:\/\/kapitalis.com\/tunisie\/#organization","name":"Kapitalis","url":"https:\/\/kapitalis.com\/tunisie\/","logo":{"@type":"ImageObject","inLanguage":"fr-FR","@id":"https:\/\/kapitalis.com\/tunisie\/#\/schema\/logo\/image\/","url":"https:\/\/kapitalis.com\/tunisie\/wp-content\/uploads\/2022\/05\/Kapitalis-big-size.png","contentUrl":"https:\/\/kapitalis.com\/tunisie\/wp-content\/uploads\/2022\/05\/Kapitalis-big-size.png","width":5000,"height":1500,"caption":"Kapitalis"},"image":{"@id":"https:\/\/kapitalis.com\/tunisie\/#\/schema\/logo\/image\/"},"sameAs":["https:\/\/www.facebook.com\/KapitalisInfo\/","https:\/\/x.com\/KapitalisInfo","https:\/\/www.youtube.com\/channel\/UC-yDYrHyfFBWWZaOw3FPg9Q"]},{"@type":"Person","@id":"https:\/\/kapitalis.com\/tunisie\/#\/schema\/person\/74bbde0154d49d790a92aaeac5bc01d5","name":"Yusra NY","url":"https:\/\/kapitalis.com\/tunisie\/author\/yuza_adam\/"}]}},"_links":{"self":[{"href":"https:\/\/kapitalis.com\/tunisie\/wp-json\/wp\/v2\/posts\/13707635","targetHints":{"allow":["GET"]}}],"collection":[{"href":"https:\/\/kapitalis.com\/tunisie\/wp-json\/wp\/v2\/posts"}],"about":[{"href":"https:\/\/kapitalis.com\/tunisie\/wp-json\/wp\/v2\/types\/post"}],"author":[{"embeddable":true,"href":"https:\/\/kapitalis.com\/tunisie\/wp-json\/wp\/v2\/users\/6"}],"replies":[{"embeddable":true,"href":"https:\/\/kapitalis.com\/tunisie\/wp-json\/wp\/v2\/comments?post=13707635"}],"version-history":[{"count":1,"href":"https:\/\/kapitalis.com\/tunisie\/wp-json\/wp\/v2\/posts\/13707635\/revisions"}],"predecessor-version":[{"id":13707668,"href":"https:\/\/kapitalis.com\/tunisie\/wp-json\/wp\/v2\/posts\/13707635\/revisions\/13707668"}],"wp:featuredmedia":[{"embeddable":true,"href":"https:\/\/kapitalis.com\/tunisie\/wp-json\/wp\/v2\/media\/13707666"}],"wp:attachment":[{"href":"https:\/\/kapitalis.com\/tunisie\/wp-json\/wp\/v2\/media?parent=13707635"}],"wp:term":[{"taxonomy":"category","embeddable":true,"href":"https:\/\/kapitalis.com\/tunisie\/wp-json\/wp\/v2\/categories?post=13707635"},{"taxonomy":"post_tag","embeddable":true,"href":"https:\/\/kapitalis.com\/tunisie\/wp-json\/wp\/v2\/tags?post=13707635"}],"curies":[{"name":"wp","href":"https:\/\/api.w.org\/{rel}","templated":true}]}}