{"id":13748048,"date":"2024-08-11T11:27:01","date_gmt":"2024-08-11T10:27:01","guid":{"rendered":"https:\/\/kapitalis.com\/tunisie\/?p=13748048"},"modified":"2024-08-11T11:27:02","modified_gmt":"2024-08-11T10:27:02","slug":"migration-9-arrestations-a-sousse-en-lien-avec-un-curieux-centre-dappel","status":"publish","type":"post","link":"https:\/\/kapitalis.com\/tunisie\/2024\/08\/11\/migration-9-arrestations-a-sousse-en-lien-avec-un-curieux-centre-dappel\/","title":{"rendered":"Migration\u00a0: 9 arrestations \u00e0 Sousse en lien avec un curieux centre d\u2019appel"},"content":{"rendered":"\n<p><strong><em>Les neuf personnes arr\u00eat\u00e9es la semaine \u00e9coul\u00e9e en Tunisie, dont plusieurs \u00e9trangers, et soup\u00e7onn\u00e9es d\u2019atteinte \u00e0 la s\u00e9curit\u00e9 de l\u2019\u00c9tat en lien avec la gestion d\u2019un centre d\u2019appels \u00e0 Sousse, travaillaient-ils pour une Ong \u00e9trang\u00e8re, une entreprise ou une bande criminelle?<\/em><\/strong><\/p>\n\n\n\n<!--more-->\n\n\n\n<p>Sans entrer dans les d\u00e9tails de l\u2019affaire, on citera la version officielle tunisienne annonc\u00e9e par le porte-parole du tribunal de premi\u00e8re instance de Sousse, Wissem Cherif, qui a d\u00e9clar\u00e9 \u00e0 l\u2019agence de presse Tap, jeudi 8 ao\u00fbt 2024, que les accusations port\u00e9es contre les pr\u00e9venus sont, entre autres, une association de malfaiteurs visant \u00e0 porter atteinte aux biens et aux personnes et \u00e0 la s\u00e9curit\u00e9 int\u00e9rieure et ext\u00e9rieure de l\u2019Etat dans un but d\u2019espionnage et d\u2019atteinte \u00e0 l\u2019int\u00e9grit\u00e9 du territoire tunisien.<\/p>\n\n\n\n<p>Selon le responsable, il s\u2019agit d\u2019une femme de nationalit\u00e9 europ\u00e9enne, d\u2019une deuxi\u00e8me femme originaire d\u2019un pays voisin, de trois Africains subsahariens et de quatre Tunisiens, dont le propri\u00e9taire d\u2019un appartement suspect o\u00f9 les pr\u00e9venus se r\u00e9unissaient et o\u00f9 la police a perquisitionn\u00e9 et saisi 11 ordinateurs.<\/p>\n\n\n\n<p><em>\u00abLa directrice de l\u2019entreprise, une femme de nationalit\u00e9 europ\u00e9enne, a affirm\u00e9 dans ses d\u00e9clarations qu\u2019elle avait utilis\u00e9 l\u2019appartement comme centre d\u2019appel sp\u00e9cialis\u00e9 dans la r\u00e9gularisation des migrants irr\u00e9guliers dans un pays europ\u00e9en\u00bb<\/em>, a pr\u00e9cis\u00e9 Cherif, ce qui laisse penser que le groupe \u00e9tait impliqu\u00e9 dans la gestion de la migration ill\u00e9gale, mais n\u2019op\u00e9rait pas de mani\u00e8re l\u00e9gale lui-m\u00eame puisqu\u2019il ne s\u2019\u00e9tait pas fait conna\u00eetre ni autoriser par les autorit\u00e9s tunisiennes.<\/p>\n\n\n\n<p>D\u2019ailleurs, certaines des personnes arr\u00eat\u00e9es sont accus\u00e9es d\u2019entr\u00e9e et de s\u00e9jour irr\u00e9guliers en Tunisie, de traite d&rsquo;\u00eatres humains, de blanchiment d\u2019argent, d\u2019association criminelle visant \u00e0 changer la forme de gouvernement en incitant la population \u00e0 l\u2019affrontement mutuel et en provoquant des \u00e9meutes, des meurtres et des pillages sur le territoire tunisien. Elles sont \u00e9galement accus\u00e9es d\u2019espionnage par le biais de syst\u00e8mes informatiques.<\/p>\n\n\n\n<p>L\u2019affaire semble d\u2019une telle gravit\u00e9 que l\u2019on aimerait voir l\u2019enqu\u00eate r\u00e9v\u00e9ler rapidement ses dessous et lever le voile sur d\u2019\u00e9ventuelles complicit\u00e9s \u00e0 l\u2019int\u00e9rieur et \u00e0 l\u2019ext\u00e9rieur. <\/p>\n\n\n\n<p class=\"has-text-align-right\"><strong>I. B.<\/strong><\/p>\n","protected":false},"excerpt":{"rendered":"<p>Neuf personnes arr\u00eat\u00e9es \u00e0 Sousse en lien avec la gestion d\u2019un centre d\u2019appels \u00e0 Sousse destin\u00e9 \u00e0 la gestion de la migration ill\u00e9gale. <\/p>\n","protected":false},"author":8,"featured_media":6086209,"comment_status":"closed","ping_status":"open","sticky":false,"template":"","format":"standard","meta":{"footnotes":""},"categories":[998,2433],"tags":[106587,4350,3724,117413,88210,90139,854,88783,113308],"class_list":["post-13748048","post","type-post","status-publish","format-standard","has-post-thumbnail","hentry","category-societe","category-tunisie","tag-africains-subsahariens","tag-arrestations","tag-blanchiment-dargent","tag-centre-dappel","tag-migrants-irreguliers","tag-migration-illegale","tag-sousse","tag-traite-detres-humains","tag-wissem-cherif"],"yoast_head":"<!-- This site is optimized with the Yoast SEO plugin v26.6 - https:\/\/yoast.com\/wordpress\/plugins\/seo\/ -->\n<title>Migration\u00a0: 9 arrestations \u00e0 Sousse en lien avec un curieux centre d\u2019appel - Kapitalis<\/title>\n<meta name=\"robots\" content=\"index, follow, max-snippet:-1, max-image-preview:large, max-video-preview:-1\" \/>\n<link rel=\"canonical\" href=\"https:\/\/kapitalis.com\/tunisie\/2024\/08\/11\/migration-9-arrestations-a-sousse-en-lien-avec-un-curieux-centre-dappel\/\" \/>\n<meta property=\"og:locale\" content=\"fr_FR\" \/>\n<meta property=\"og:type\" content=\"article\" \/>\n<meta property=\"og:title\" content=\"Migration\u00a0: 9 arrestations \u00e0 Sousse en lien avec un curieux centre d\u2019appel - Kapitalis\" \/>\n<meta property=\"og:description\" content=\"Neuf personnes arr\u00eat\u00e9es \u00e0 Sousse en lien avec la gestion d\u2019un centre d\u2019appels \u00e0 Sousse destin\u00e9 \u00e0 la gestion de la migration ill\u00e9gale.\" \/>\n<meta property=\"og:url\" content=\"https:\/\/kapitalis.com\/tunisie\/2024\/08\/11\/migration-9-arrestations-a-sousse-en-lien-avec-un-curieux-centre-dappel\/\" \/>\n<meta property=\"og:site_name\" content=\"Kapitalis\" \/>\n<meta property=\"article:publisher\" content=\"https:\/\/www.facebook.com\/KapitalisInfo\/\" \/>\n<meta property=\"article:published_time\" content=\"2024-08-11T10:27:01+00:00\" \/>\n<meta property=\"article:modified_time\" content=\"2024-08-11T10:27:02+00:00\" \/>\n<meta property=\"og:image\" content=\"https:\/\/kapitalis.com\/tunisie\/wp-content\/uploads\/2023\/01\/Sousse.jpg\" \/>\n\t<meta property=\"og:image:width\" content=\"1200\" \/>\n\t<meta property=\"og:image:height\" content=\"630\" \/>\n\t<meta property=\"og:image:type\" content=\"image\/jpeg\" \/>\n<meta name=\"author\" content=\"webmaster kapitalis\" \/>\n<meta name=\"twitter:card\" content=\"summary_large_image\" \/>\n<meta name=\"twitter:creator\" content=\"@KapitalisInfo\" \/>\n<meta name=\"twitter:site\" content=\"@KapitalisInfo\" \/>\n<meta name=\"twitter:label1\" content=\"\u00c9crit par\" \/>\n\t<meta name=\"twitter:data1\" content=\"webmaster kapitalis\" \/>\n\t<meta name=\"twitter:label2\" content=\"Dur\u00e9e de lecture estim\u00e9e\" \/>\n\t<meta name=\"twitter:data2\" content=\"2 minutes\" \/>\n<script type=\"application\/ld+json\" class=\"yoast-schema-graph\">{\"@context\":\"https:\/\/schema.org\",\"@graph\":[{\"@type\":\"Article\",\"@id\":\"https:\/\/kapitalis.com\/tunisie\/2024\/08\/11\/migration-9-arrestations-a-sousse-en-lien-avec-un-curieux-centre-dappel\/#article\",\"isPartOf\":{\"@id\":\"https:\/\/kapitalis.com\/tunisie\/2024\/08\/11\/migration-9-arrestations-a-sousse-en-lien-avec-un-curieux-centre-dappel\/\"},\"author\":{\"name\":\"webmaster kapitalis\",\"@id\":\"https:\/\/kapitalis.com\/tunisie\/#\/schema\/person\/d71f33a9ca44f7bad4698210b480c8e9\"},\"headline\":\"Migration\u00a0: 9 arrestations \u00e0 Sousse en lien avec un curieux centre d\u2019appel\",\"datePublished\":\"2024-08-11T10:27:01+00:00\",\"dateModified\":\"2024-08-11T10:27:02+00:00\",\"mainEntityOfPage\":{\"@id\":\"https:\/\/kapitalis.com\/tunisie\/2024\/08\/11\/migration-9-arrestations-a-sousse-en-lien-avec-un-curieux-centre-dappel\/\"},\"wordCount\":413,\"publisher\":{\"@id\":\"https:\/\/kapitalis.com\/tunisie\/#organization\"},\"image\":{\"@id\":\"https:\/\/kapitalis.com\/tunisie\/2024\/08\/11\/migration-9-arrestations-a-sousse-en-lien-avec-un-curieux-centre-dappel\/#primaryimage\"},\"thumbnailUrl\":\"https:\/\/kapitalis.com\/tunisie\/wp-content\/uploads\/2023\/01\/Sousse.jpg\",\"keywords\":[\"Africains subsahariens\",\"arrestations\",\"blanchiment d'argent\",\"centre d\u2019appel\",\"migrants irr\u00e9guliers\",\"migration ill\u00e9gale\",\"Sousse\",\"traite d\u2019\u00eatres humains\",\"Wissem Cherif\"],\"articleSection\":[\"SOCIETE\",\"Tunisie\"],\"inLanguage\":\"fr-FR\"},{\"@type\":\"WebPage\",\"@id\":\"https:\/\/kapitalis.com\/tunisie\/2024\/08\/11\/migration-9-arrestations-a-sousse-en-lien-avec-un-curieux-centre-dappel\/\",\"url\":\"https:\/\/kapitalis.com\/tunisie\/2024\/08\/11\/migration-9-arrestations-a-sousse-en-lien-avec-un-curieux-centre-dappel\/\",\"name\":\"Migration\u00a0: 9 arrestations \u00e0 Sousse en lien avec un curieux centre d\u2019appel - Kapitalis\",\"isPartOf\":{\"@id\":\"https:\/\/kapitalis.com\/tunisie\/#website\"},\"primaryImageOfPage\":{\"@id\":\"https:\/\/kapitalis.com\/tunisie\/2024\/08\/11\/migration-9-arrestations-a-sousse-en-lien-avec-un-curieux-centre-dappel\/#primaryimage\"},\"image\":{\"@id\":\"https:\/\/kapitalis.com\/tunisie\/2024\/08\/11\/migration-9-arrestations-a-sousse-en-lien-avec-un-curieux-centre-dappel\/#primaryimage\"},\"thumbnailUrl\":\"https:\/\/kapitalis.com\/tunisie\/wp-content\/uploads\/2023\/01\/Sousse.jpg\",\"datePublished\":\"2024-08-11T10:27:01+00:00\",\"dateModified\":\"2024-08-11T10:27:02+00:00\",\"breadcrumb\":{\"@id\":\"https:\/\/kapitalis.com\/tunisie\/2024\/08\/11\/migration-9-arrestations-a-sousse-en-lien-avec-un-curieux-centre-dappel\/#breadcrumb\"},\"inLanguage\":\"fr-FR\",\"potentialAction\":[{\"@type\":\"ReadAction\",\"target\":[\"https:\/\/kapitalis.com\/tunisie\/2024\/08\/11\/migration-9-arrestations-a-sousse-en-lien-avec-un-curieux-centre-dappel\/\"]}]},{\"@type\":\"ImageObject\",\"inLanguage\":\"fr-FR\",\"@id\":\"https:\/\/kapitalis.com\/tunisie\/2024\/08\/11\/migration-9-arrestations-a-sousse-en-lien-avec-un-curieux-centre-dappel\/#primaryimage\",\"url\":\"https:\/\/kapitalis.com\/tunisie\/wp-content\/uploads\/2023\/01\/Sousse.jpg\",\"contentUrl\":\"https:\/\/kapitalis.com\/tunisie\/wp-content\/uploads\/2023\/01\/Sousse.jpg\",\"width\":1200,\"height\":630},{\"@type\":\"BreadcrumbList\",\"@id\":\"https:\/\/kapitalis.com\/tunisie\/2024\/08\/11\/migration-9-arrestations-a-sousse-en-lien-avec-un-curieux-centre-dappel\/#breadcrumb\",\"itemListElement\":[{\"@type\":\"ListItem\",\"position\":1,\"name\":\"Accueil\",\"item\":\"https:\/\/kapitalis.com\/tunisie\/\"},{\"@type\":\"ListItem\",\"position\":2,\"name\":\"Migration\u00a0: 9 arrestations \u00e0 Sousse en lien avec un curieux centre d\u2019appel\"}]},{\"@type\":\"WebSite\",\"@id\":\"https:\/\/kapitalis.com\/tunisie\/#website\",\"url\":\"https:\/\/kapitalis.com\/tunisie\/\",\"name\":\"Kapitalis\",\"description\":\"L&#039;actualit\u00e9 en Tunisie et dans le monde\",\"publisher\":{\"@id\":\"https:\/\/kapitalis.com\/tunisie\/#organization\"},\"potentialAction\":[{\"@type\":\"SearchAction\",\"target\":{\"@type\":\"EntryPoint\",\"urlTemplate\":\"https:\/\/kapitalis.com\/tunisie\/?s={search_term_string}\"},\"query-input\":{\"@type\":\"PropertyValueSpecification\",\"valueRequired\":true,\"valueName\":\"search_term_string\"}}],\"inLanguage\":\"fr-FR\"},{\"@type\":\"Organization\",\"@id\":\"https:\/\/kapitalis.com\/tunisie\/#organization\",\"name\":\"Kapitalis\",\"url\":\"https:\/\/kapitalis.com\/tunisie\/\",\"logo\":{\"@type\":\"ImageObject\",\"inLanguage\":\"fr-FR\",\"@id\":\"https:\/\/kapitalis.com\/tunisie\/#\/schema\/logo\/image\/\",\"url\":\"https:\/\/kapitalis.com\/tunisie\/wp-content\/uploads\/2022\/05\/Kapitalis-big-size.png\",\"contentUrl\":\"https:\/\/kapitalis.com\/tunisie\/wp-content\/uploads\/2022\/05\/Kapitalis-big-size.png\",\"width\":5000,\"height\":1500,\"caption\":\"Kapitalis\"},\"image\":{\"@id\":\"https:\/\/kapitalis.com\/tunisie\/#\/schema\/logo\/image\/\"},\"sameAs\":[\"https:\/\/www.facebook.com\/KapitalisInfo\/\",\"https:\/\/x.com\/KapitalisInfo\",\"https:\/\/www.youtube.com\/channel\/UC-yDYrHyfFBWWZaOw3FPg9Q\"]},{\"@type\":\"Person\",\"@id\":\"https:\/\/kapitalis.com\/tunisie\/#\/schema\/person\/d71f33a9ca44f7bad4698210b480c8e9\",\"name\":\"webmaster kapitalis\",\"url\":\"https:\/\/kapitalis.com\/tunisie\/author\/webmaster-kapitalis\/\"}]}<\/script>\n<!-- \/ Yoast SEO plugin. -->","yoast_head_json":{"title":"Migration\u00a0: 9 arrestations \u00e0 Sousse en lien avec un curieux centre d\u2019appel - Kapitalis","robots":{"index":"index","follow":"follow","max-snippet":"max-snippet:-1","max-image-preview":"max-image-preview:large","max-video-preview":"max-video-preview:-1"},"canonical":"https:\/\/kapitalis.com\/tunisie\/2024\/08\/11\/migration-9-arrestations-a-sousse-en-lien-avec-un-curieux-centre-dappel\/","og_locale":"fr_FR","og_type":"article","og_title":"Migration\u00a0: 9 arrestations \u00e0 Sousse en lien avec un curieux centre d\u2019appel - Kapitalis","og_description":"Neuf personnes arr\u00eat\u00e9es \u00e0 Sousse en lien avec la gestion d\u2019un centre d\u2019appels \u00e0 Sousse destin\u00e9 \u00e0 la gestion de la migration ill\u00e9gale.","og_url":"https:\/\/kapitalis.com\/tunisie\/2024\/08\/11\/migration-9-arrestations-a-sousse-en-lien-avec-un-curieux-centre-dappel\/","og_site_name":"Kapitalis","article_publisher":"https:\/\/www.facebook.com\/KapitalisInfo\/","article_published_time":"2024-08-11T10:27:01+00:00","article_modified_time":"2024-08-11T10:27:02+00:00","og_image":[{"width":1200,"height":630,"url":"https:\/\/kapitalis.com\/tunisie\/wp-content\/uploads\/2023\/01\/Sousse.jpg","type":"image\/jpeg"}],"author":"webmaster kapitalis","twitter_card":"summary_large_image","twitter_creator":"@KapitalisInfo","twitter_site":"@KapitalisInfo","twitter_misc":{"\u00c9crit par":"webmaster kapitalis","Dur\u00e9e de lecture estim\u00e9e":"2 minutes"},"schema":{"@context":"https:\/\/schema.org","@graph":[{"@type":"Article","@id":"https:\/\/kapitalis.com\/tunisie\/2024\/08\/11\/migration-9-arrestations-a-sousse-en-lien-avec-un-curieux-centre-dappel\/#article","isPartOf":{"@id":"https:\/\/kapitalis.com\/tunisie\/2024\/08\/11\/migration-9-arrestations-a-sousse-en-lien-avec-un-curieux-centre-dappel\/"},"author":{"name":"webmaster kapitalis","@id":"https:\/\/kapitalis.com\/tunisie\/#\/schema\/person\/d71f33a9ca44f7bad4698210b480c8e9"},"headline":"Migration\u00a0: 9 arrestations \u00e0 Sousse en lien avec un curieux centre d\u2019appel","datePublished":"2024-08-11T10:27:01+00:00","dateModified":"2024-08-11T10:27:02+00:00","mainEntityOfPage":{"@id":"https:\/\/kapitalis.com\/tunisie\/2024\/08\/11\/migration-9-arrestations-a-sousse-en-lien-avec-un-curieux-centre-dappel\/"},"wordCount":413,"publisher":{"@id":"https:\/\/kapitalis.com\/tunisie\/#organization"},"image":{"@id":"https:\/\/kapitalis.com\/tunisie\/2024\/08\/11\/migration-9-arrestations-a-sousse-en-lien-avec-un-curieux-centre-dappel\/#primaryimage"},"thumbnailUrl":"https:\/\/kapitalis.com\/tunisie\/wp-content\/uploads\/2023\/01\/Sousse.jpg","keywords":["Africains subsahariens","arrestations","blanchiment d'argent","centre d\u2019appel","migrants irr\u00e9guliers","migration ill\u00e9gale","Sousse","traite d\u2019\u00eatres humains","Wissem Cherif"],"articleSection":["SOCIETE","Tunisie"],"inLanguage":"fr-FR"},{"@type":"WebPage","@id":"https:\/\/kapitalis.com\/tunisie\/2024\/08\/11\/migration-9-arrestations-a-sousse-en-lien-avec-un-curieux-centre-dappel\/","url":"https:\/\/kapitalis.com\/tunisie\/2024\/08\/11\/migration-9-arrestations-a-sousse-en-lien-avec-un-curieux-centre-dappel\/","name":"Migration\u00a0: 9 arrestations \u00e0 Sousse en lien avec un curieux centre d\u2019appel - Kapitalis","isPartOf":{"@id":"https:\/\/kapitalis.com\/tunisie\/#website"},"primaryImageOfPage":{"@id":"https:\/\/kapitalis.com\/tunisie\/2024\/08\/11\/migration-9-arrestations-a-sousse-en-lien-avec-un-curieux-centre-dappel\/#primaryimage"},"image":{"@id":"https:\/\/kapitalis.com\/tunisie\/2024\/08\/11\/migration-9-arrestations-a-sousse-en-lien-avec-un-curieux-centre-dappel\/#primaryimage"},"thumbnailUrl":"https:\/\/kapitalis.com\/tunisie\/wp-content\/uploads\/2023\/01\/Sousse.jpg","datePublished":"2024-08-11T10:27:01+00:00","dateModified":"2024-08-11T10:27:02+00:00","breadcrumb":{"@id":"https:\/\/kapitalis.com\/tunisie\/2024\/08\/11\/migration-9-arrestations-a-sousse-en-lien-avec-un-curieux-centre-dappel\/#breadcrumb"},"inLanguage":"fr-FR","potentialAction":[{"@type":"ReadAction","target":["https:\/\/kapitalis.com\/tunisie\/2024\/08\/11\/migration-9-arrestations-a-sousse-en-lien-avec-un-curieux-centre-dappel\/"]}]},{"@type":"ImageObject","inLanguage":"fr-FR","@id":"https:\/\/kapitalis.com\/tunisie\/2024\/08\/11\/migration-9-arrestations-a-sousse-en-lien-avec-un-curieux-centre-dappel\/#primaryimage","url":"https:\/\/kapitalis.com\/tunisie\/wp-content\/uploads\/2023\/01\/Sousse.jpg","contentUrl":"https:\/\/kapitalis.com\/tunisie\/wp-content\/uploads\/2023\/01\/Sousse.jpg","width":1200,"height":630},{"@type":"BreadcrumbList","@id":"https:\/\/kapitalis.com\/tunisie\/2024\/08\/11\/migration-9-arrestations-a-sousse-en-lien-avec-un-curieux-centre-dappel\/#breadcrumb","itemListElement":[{"@type":"ListItem","position":1,"name":"Accueil","item":"https:\/\/kapitalis.com\/tunisie\/"},{"@type":"ListItem","position":2,"name":"Migration\u00a0: 9 arrestations \u00e0 Sousse en lien avec un curieux centre d\u2019appel"}]},{"@type":"WebSite","@id":"https:\/\/kapitalis.com\/tunisie\/#website","url":"https:\/\/kapitalis.com\/tunisie\/","name":"Kapitalis","description":"L&#039;actualit\u00e9 en Tunisie et dans le monde","publisher":{"@id":"https:\/\/kapitalis.com\/tunisie\/#organization"},"potentialAction":[{"@type":"SearchAction","target":{"@type":"EntryPoint","urlTemplate":"https:\/\/kapitalis.com\/tunisie\/?s={search_term_string}"},"query-input":{"@type":"PropertyValueSpecification","valueRequired":true,"valueName":"search_term_string"}}],"inLanguage":"fr-FR"},{"@type":"Organization","@id":"https:\/\/kapitalis.com\/tunisie\/#organization","name":"Kapitalis","url":"https:\/\/kapitalis.com\/tunisie\/","logo":{"@type":"ImageObject","inLanguage":"fr-FR","@id":"https:\/\/kapitalis.com\/tunisie\/#\/schema\/logo\/image\/","url":"https:\/\/kapitalis.com\/tunisie\/wp-content\/uploads\/2022\/05\/Kapitalis-big-size.png","contentUrl":"https:\/\/kapitalis.com\/tunisie\/wp-content\/uploads\/2022\/05\/Kapitalis-big-size.png","width":5000,"height":1500,"caption":"Kapitalis"},"image":{"@id":"https:\/\/kapitalis.com\/tunisie\/#\/schema\/logo\/image\/"},"sameAs":["https:\/\/www.facebook.com\/KapitalisInfo\/","https:\/\/x.com\/KapitalisInfo","https:\/\/www.youtube.com\/channel\/UC-yDYrHyfFBWWZaOw3FPg9Q"]},{"@type":"Person","@id":"https:\/\/kapitalis.com\/tunisie\/#\/schema\/person\/d71f33a9ca44f7bad4698210b480c8e9","name":"webmaster kapitalis","url":"https:\/\/kapitalis.com\/tunisie\/author\/webmaster-kapitalis\/"}]}},"_links":{"self":[{"href":"https:\/\/kapitalis.com\/tunisie\/wp-json\/wp\/v2\/posts\/13748048","targetHints":{"allow":["GET"]}}],"collection":[{"href":"https:\/\/kapitalis.com\/tunisie\/wp-json\/wp\/v2\/posts"}],"about":[{"href":"https:\/\/kapitalis.com\/tunisie\/wp-json\/wp\/v2\/types\/post"}],"author":[{"embeddable":true,"href":"https:\/\/kapitalis.com\/tunisie\/wp-json\/wp\/v2\/users\/8"}],"replies":[{"embeddable":true,"href":"https:\/\/kapitalis.com\/tunisie\/wp-json\/wp\/v2\/comments?post=13748048"}],"version-history":[{"count":1,"href":"https:\/\/kapitalis.com\/tunisie\/wp-json\/wp\/v2\/posts\/13748048\/revisions"}],"predecessor-version":[{"id":13748051,"href":"https:\/\/kapitalis.com\/tunisie\/wp-json\/wp\/v2\/posts\/13748048\/revisions\/13748051"}],"wp:featuredmedia":[{"embeddable":true,"href":"https:\/\/kapitalis.com\/tunisie\/wp-json\/wp\/v2\/media\/6086209"}],"wp:attachment":[{"href":"https:\/\/kapitalis.com\/tunisie\/wp-json\/wp\/v2\/media?parent=13748048"}],"wp:term":[{"taxonomy":"category","embeddable":true,"href":"https:\/\/kapitalis.com\/tunisie\/wp-json\/wp\/v2\/categories?post=13748048"},{"taxonomy":"post_tag","embeddable":true,"href":"https:\/\/kapitalis.com\/tunisie\/wp-json\/wp\/v2\/tags?post=13748048"}],"curies":[{"name":"wp","href":"https:\/\/api.w.org\/{rel}","templated":true}]}}