{"id":137493,"date":"2018-02-08T11:46:53","date_gmt":"2018-02-08T10:46:53","guid":{"rendered":"http:\/\/kapitalis.com\/tunisie\/?p=137493"},"modified":"2018-02-08T11:47:39","modified_gmt":"2018-02-08T10:47:39","slug":"utica-le-gouvernement-tunisien-doit-revoir-sa-politique-financiere","status":"publish","type":"post","link":"https:\/\/kapitalis.com\/tunisie\/2018\/02\/08\/utica-le-gouvernement-tunisien-doit-revoir-sa-politique-financiere\/","title":{"rendered":"Utica : Le gouvernement tunisien doit revoir sa politique financi\u00e8re"},"content":{"rendered":"<p><img loading=\"lazy\" decoding=\"async\" class=\"alignnone size-full wp-image-7301 aligncenter\" src=\"http:\/\/kapitalis.com\/tunisie\/wp-content\/uploads\/2015\/07\/Utica.jpg\" alt=\"\" width=\"626\" height=\"380\" \/><\/p>\n<p><em><strong>L&rsquo;Utica a d\u00e9nonc\u00e9 le vote des membres du Parlement europ\u00e9en inscrivant la Tunisie dans la liste des pays expos\u00e9s au blanchiment d&rsquo;argent et au financement du terrorisme.<\/strong><\/em><!--more--><\/p>\n<p>Dans un communiqu\u00e9 publi\u00e9 aujourd&rsquo;hui, jeudi 8 f\u00e9vrier 2018, l&rsquo;Union tunisienne de l&rsquo;industrie, du commerce et de l&rsquo;artisanat (Utica) a indiqu\u00e9 que ce vote d&rsquo;une proposition faite par la Commission europ\u00e9enne (CE) aura des r\u00e9percussions n\u00e9gatives sur l&rsquo;image de la Tunisie \u00e0 l&rsquo;\u00e9tranger, ses relations avec les instances internationales et sa capacit\u00e9 \u00e0 attirer les investisseurs \u00e9trangers.<\/p>\n<p>L&rsquo;Utica a consid\u00e9r\u00e9 ce vote comme une injustice \u00e0 l&rsquo;\u00e9gard de la Tunisie et appel\u00e9 \u00e0 divulguer les raisons ayant conduit les d\u00e9put\u00e9s europ\u00e9ens \u00e0 prendre cette d\u00e9cision.<\/p>\n<p>La centrale patronale a, par ailleurs, appel\u00e9 le gouvernement de Chahed \u00e0 prendre les mesures n\u00e9cessaires dans les plus brefs d\u00e9lais pour faire face \u00e0 ce probl\u00e8me et \u00e0 revoir la politique financi\u00e8re du pays.<\/p>\n<p style=\"text-align: right;\"><strong>E. B. A.<\/strong><\/p>\n<blockquote class=\"wp-embedded-content\" data-secret=\"zJ1SHtH5av\"><p><a href=\"https:\/\/kapitalis.com\/tunisie\/2018\/02\/02\/blanchiment-de-capitaux-tunisie-viseur-parlement-europeen\/\">Blanchiment de capitaux : La Tunisie  dans le viseur du Parlement europ\u00e9en<\/a><\/p><\/blockquote>\n<p><iframe loading=\"lazy\" class=\"wp-embedded-content\" sandbox=\"allow-scripts\" security=\"restricted\" style=\"position: absolute; clip: rect(1px, 1px, 1px, 1px);\" title=\"\u00ab\u00a0Blanchiment de capitaux : La Tunisie  dans le viseur du Parlement europ\u00e9en\u00a0\u00bb &#8212; Kapitalis\" src=\"https:\/\/kapitalis.com\/tunisie\/2018\/02\/02\/blanchiment-de-capitaux-tunisie-viseur-parlement-europeen\/embed\/#?secret=JU8fJumBrp#?secret=zJ1SHtH5av\" data-secret=\"zJ1SHtH5av\" width=\"600\" height=\"338\" frameborder=\"0\" marginwidth=\"0\" marginheight=\"0\" scrolling=\"no\"><\/iframe><\/p>\n<blockquote class=\"wp-embedded-content\" data-secret=\"8ip6q48rcv\"><p><a href=\"https:\/\/kapitalis.com\/tunisie\/2018\/02\/01\/financement-du-terrorisme-la-tunisie-parmi-les-etats-sous-surveillance\/\">Financement du terrorisme : La Tunisie parmi les \u00abEtats sous surveillance\u00bb<\/a><\/p><\/blockquote>\n<p><iframe loading=\"lazy\" class=\"wp-embedded-content\" sandbox=\"allow-scripts\" security=\"restricted\" style=\"position: absolute; clip: rect(1px, 1px, 1px, 1px);\" title=\"\u00ab\u00a0Financement du terrorisme : La Tunisie parmi les \u00abEtats sous surveillance\u00bb\u00a0\u00bb &#8212; Kapitalis\" src=\"https:\/\/kapitalis.com\/tunisie\/2018\/02\/01\/financement-du-terrorisme-la-tunisie-parmi-les-etats-sous-surveillance\/embed\/#?secret=VJLzst1Z4a#?secret=8ip6q48rcv\" data-secret=\"8ip6q48rcv\" width=\"600\" height=\"338\" frameborder=\"0\" marginwidth=\"0\" marginheight=\"0\" scrolling=\"no\"><\/iframe><\/p>\n<p>&nbsp;<\/p>\n","protected":false},"excerpt":{"rendered":"<p>L&rsquo;Utica a d\u00e9nonc\u00e9 le vote des membres du Parlement europ\u00e9en inscrivant la Tunisie dans la liste des pays expos\u00e9s au blanchiment d&rsquo;argent et au financement du terrorisme.<\/p>\n","protected":false},"author":16,"featured_media":0,"comment_status":"open","ping_status":"open","sticky":false,"template":"","format":"standard","meta":{"footnotes":""},"categories":[995,2433],"tags":[3724,10051,693],"class_list":["post-137493","post","type-post","status-publish","format-standard","hentry","category-economie","category-tunisie","tag-blanchiment-dargent","tag-financement-du-terrorisme","tag-parlement-europeen"],"yoast_head":"<!-- This site is optimized with the Yoast SEO plugin v26.6 - https:\/\/yoast.com\/wordpress\/plugins\/seo\/ -->\n<title>Utica : Le gouvernement tunisien doit revoir sa politique financi\u00e8re - Kapitalis<\/title>\n<meta name=\"robots\" content=\"index, follow, max-snippet:-1, max-image-preview:large, max-video-preview:-1\" \/>\n<link rel=\"canonical\" href=\"https:\/\/kapitalis.com\/tunisie\/2018\/02\/08\/utica-le-gouvernement-tunisien-doit-revoir-sa-politique-financiere\/\" \/>\n<meta property=\"og:locale\" content=\"fr_FR\" \/>\n<meta property=\"og:type\" content=\"article\" \/>\n<meta property=\"og:title\" content=\"Utica : Le gouvernement tunisien doit revoir sa politique financi\u00e8re - Kapitalis\" \/>\n<meta property=\"og:description\" content=\"L&rsquo;Utica a d\u00e9nonc\u00e9 le vote des membres du Parlement europ\u00e9en inscrivant la Tunisie dans la liste des pays expos\u00e9s au blanchiment d&rsquo;argent et au financement du terrorisme.\" \/>\n<meta property=\"og:url\" content=\"https:\/\/kapitalis.com\/tunisie\/2018\/02\/08\/utica-le-gouvernement-tunisien-doit-revoir-sa-politique-financiere\/\" \/>\n<meta property=\"og:site_name\" content=\"Kapitalis\" \/>\n<meta property=\"article:publisher\" content=\"https:\/\/www.facebook.com\/KapitalisInfo\/\" \/>\n<meta property=\"article:published_time\" content=\"2018-02-08T10:46:53+00:00\" \/>\n<meta property=\"article:modified_time\" content=\"2018-02-08T10:47:39+00:00\" \/>\n<meta property=\"og:image\" content=\"http:\/\/kapitalis.com\/tunisie\/wp-content\/uploads\/2015\/07\/Utica.jpg\" \/>\n<meta name=\"author\" content=\"emna benabdallah\" \/>\n<meta name=\"twitter:card\" content=\"summary_large_image\" \/>\n<meta name=\"twitter:creator\" content=\"@KapitalisInfo\" \/>\n<meta name=\"twitter:site\" content=\"@KapitalisInfo\" \/>\n<meta name=\"twitter:label1\" content=\"\u00c9crit par\" \/>\n\t<meta name=\"twitter:data1\" content=\"emna benabdallah\" \/>\n\t<meta name=\"twitter:label2\" content=\"Dur\u00e9e de lecture estim\u00e9e\" \/>\n\t<meta name=\"twitter:data2\" content=\"1 minute\" \/>\n<script type=\"application\/ld+json\" class=\"yoast-schema-graph\">{\"@context\":\"https:\/\/schema.org\",\"@graph\":[{\"@type\":\"Article\",\"@id\":\"https:\/\/kapitalis.com\/tunisie\/2018\/02\/08\/utica-le-gouvernement-tunisien-doit-revoir-sa-politique-financiere\/#article\",\"isPartOf\":{\"@id\":\"https:\/\/kapitalis.com\/tunisie\/2018\/02\/08\/utica-le-gouvernement-tunisien-doit-revoir-sa-politique-financiere\/\"},\"author\":{\"name\":\"emna benabdallah\",\"@id\":\"https:\/\/kapitalis.com\/tunisie\/#\/schema\/person\/2c6e134b2f3369dffcd1daf5f087d28b\"},\"headline\":\"Utica : Le gouvernement tunisien doit revoir sa politique financi\u00e8re\",\"datePublished\":\"2018-02-08T10:46:53+00:00\",\"dateModified\":\"2018-02-08T10:47:39+00:00\",\"mainEntityOfPage\":{\"@id\":\"https:\/\/kapitalis.com\/tunisie\/2018\/02\/08\/utica-le-gouvernement-tunisien-doit-revoir-sa-politique-financiere\/\"},\"wordCount\":179,\"commentCount\":0,\"publisher\":{\"@id\":\"https:\/\/kapitalis.com\/tunisie\/#organization\"},\"image\":{\"@id\":\"https:\/\/kapitalis.com\/tunisie\/2018\/02\/08\/utica-le-gouvernement-tunisien-doit-revoir-sa-politique-financiere\/#primaryimage\"},\"thumbnailUrl\":\"http:\/\/kapitalis.com\/tunisie\/wp-content\/uploads\/2015\/07\/Utica.jpg\",\"keywords\":[\"blanchiment d'argent\",\"financement du terrorisme\",\"Parlement europ\u00e9en\"],\"articleSection\":[\"ECONOMIE\",\"Tunisie\"],\"inLanguage\":\"fr-FR\",\"potentialAction\":[{\"@type\":\"CommentAction\",\"name\":\"Comment\",\"target\":[\"https:\/\/kapitalis.com\/tunisie\/2018\/02\/08\/utica-le-gouvernement-tunisien-doit-revoir-sa-politique-financiere\/#respond\"]}]},{\"@type\":\"WebPage\",\"@id\":\"https:\/\/kapitalis.com\/tunisie\/2018\/02\/08\/utica-le-gouvernement-tunisien-doit-revoir-sa-politique-financiere\/\",\"url\":\"https:\/\/kapitalis.com\/tunisie\/2018\/02\/08\/utica-le-gouvernement-tunisien-doit-revoir-sa-politique-financiere\/\",\"name\":\"Utica : Le gouvernement tunisien doit revoir sa politique financi\u00e8re - Kapitalis\",\"isPartOf\":{\"@id\":\"https:\/\/kapitalis.com\/tunisie\/#website\"},\"primaryImageOfPage\":{\"@id\":\"https:\/\/kapitalis.com\/tunisie\/2018\/02\/08\/utica-le-gouvernement-tunisien-doit-revoir-sa-politique-financiere\/#primaryimage\"},\"image\":{\"@id\":\"https:\/\/kapitalis.com\/tunisie\/2018\/02\/08\/utica-le-gouvernement-tunisien-doit-revoir-sa-politique-financiere\/#primaryimage\"},\"thumbnailUrl\":\"http:\/\/kapitalis.com\/tunisie\/wp-content\/uploads\/2015\/07\/Utica.jpg\",\"datePublished\":\"2018-02-08T10:46:53+00:00\",\"dateModified\":\"2018-02-08T10:47:39+00:00\",\"breadcrumb\":{\"@id\":\"https:\/\/kapitalis.com\/tunisie\/2018\/02\/08\/utica-le-gouvernement-tunisien-doit-revoir-sa-politique-financiere\/#breadcrumb\"},\"inLanguage\":\"fr-FR\",\"potentialAction\":[{\"@type\":\"ReadAction\",\"target\":[\"https:\/\/kapitalis.com\/tunisie\/2018\/02\/08\/utica-le-gouvernement-tunisien-doit-revoir-sa-politique-financiere\/\"]}]},{\"@type\":\"ImageObject\",\"inLanguage\":\"fr-FR\",\"@id\":\"https:\/\/kapitalis.com\/tunisie\/2018\/02\/08\/utica-le-gouvernement-tunisien-doit-revoir-sa-politique-financiere\/#primaryimage\",\"url\":\"http:\/\/kapitalis.com\/tunisie\/wp-content\/uploads\/2015\/07\/Utica.jpg\",\"contentUrl\":\"http:\/\/kapitalis.com\/tunisie\/wp-content\/uploads\/2015\/07\/Utica.jpg\"},{\"@type\":\"BreadcrumbList\",\"@id\":\"https:\/\/kapitalis.com\/tunisie\/2018\/02\/08\/utica-le-gouvernement-tunisien-doit-revoir-sa-politique-financiere\/#breadcrumb\",\"itemListElement\":[{\"@type\":\"ListItem\",\"position\":1,\"name\":\"Accueil\",\"item\":\"https:\/\/kapitalis.com\/tunisie\/\"},{\"@type\":\"ListItem\",\"position\":2,\"name\":\"Utica : Le gouvernement tunisien doit revoir sa politique financi\u00e8re\"}]},{\"@type\":\"WebSite\",\"@id\":\"https:\/\/kapitalis.com\/tunisie\/#website\",\"url\":\"https:\/\/kapitalis.com\/tunisie\/\",\"name\":\"Kapitalis\",\"description\":\"L&#039;actualit\u00e9 en Tunisie et dans le monde\",\"publisher\":{\"@id\":\"https:\/\/kapitalis.com\/tunisie\/#organization\"},\"potentialAction\":[{\"@type\":\"SearchAction\",\"target\":{\"@type\":\"EntryPoint\",\"urlTemplate\":\"https:\/\/kapitalis.com\/tunisie\/?s={search_term_string}\"},\"query-input\":{\"@type\":\"PropertyValueSpecification\",\"valueRequired\":true,\"valueName\":\"search_term_string\"}}],\"inLanguage\":\"fr-FR\"},{\"@type\":\"Organization\",\"@id\":\"https:\/\/kapitalis.com\/tunisie\/#organization\",\"name\":\"Kapitalis\",\"url\":\"https:\/\/kapitalis.com\/tunisie\/\",\"logo\":{\"@type\":\"ImageObject\",\"inLanguage\":\"fr-FR\",\"@id\":\"https:\/\/kapitalis.com\/tunisie\/#\/schema\/logo\/image\/\",\"url\":\"https:\/\/kapitalis.com\/tunisie\/wp-content\/uploads\/2022\/05\/Kapitalis-big-size.png\",\"contentUrl\":\"https:\/\/kapitalis.com\/tunisie\/wp-content\/uploads\/2022\/05\/Kapitalis-big-size.png\",\"width\":5000,\"height\":1500,\"caption\":\"Kapitalis\"},\"image\":{\"@id\":\"https:\/\/kapitalis.com\/tunisie\/#\/schema\/logo\/image\/\"},\"sameAs\":[\"https:\/\/www.facebook.com\/KapitalisInfo\/\",\"https:\/\/x.com\/KapitalisInfo\",\"https:\/\/www.youtube.com\/channel\/UC-yDYrHyfFBWWZaOw3FPg9Q\"]},{\"@type\":\"Person\",\"@id\":\"https:\/\/kapitalis.com\/tunisie\/#\/schema\/person\/2c6e134b2f3369dffcd1daf5f087d28b\",\"name\":\"emna benabdallah\",\"url\":\"https:\/\/kapitalis.com\/tunisie\/author\/emna\/\"}]}<\/script>\n<!-- \/ Yoast SEO plugin. -->","yoast_head_json":{"title":"Utica : Le gouvernement tunisien doit revoir sa politique financi\u00e8re - Kapitalis","robots":{"index":"index","follow":"follow","max-snippet":"max-snippet:-1","max-image-preview":"max-image-preview:large","max-video-preview":"max-video-preview:-1"},"canonical":"https:\/\/kapitalis.com\/tunisie\/2018\/02\/08\/utica-le-gouvernement-tunisien-doit-revoir-sa-politique-financiere\/","og_locale":"fr_FR","og_type":"article","og_title":"Utica : Le gouvernement tunisien doit revoir sa politique financi\u00e8re - Kapitalis","og_description":"L&rsquo;Utica a d\u00e9nonc\u00e9 le vote des membres du Parlement europ\u00e9en inscrivant la Tunisie dans la liste des pays expos\u00e9s au blanchiment d&rsquo;argent et au financement du terrorisme.","og_url":"https:\/\/kapitalis.com\/tunisie\/2018\/02\/08\/utica-le-gouvernement-tunisien-doit-revoir-sa-politique-financiere\/","og_site_name":"Kapitalis","article_publisher":"https:\/\/www.facebook.com\/KapitalisInfo\/","article_published_time":"2018-02-08T10:46:53+00:00","article_modified_time":"2018-02-08T10:47:39+00:00","og_image":[{"url":"http:\/\/kapitalis.com\/tunisie\/wp-content\/uploads\/2015\/07\/Utica.jpg","type":"","width":"","height":""}],"author":"emna benabdallah","twitter_card":"summary_large_image","twitter_creator":"@KapitalisInfo","twitter_site":"@KapitalisInfo","twitter_misc":{"\u00c9crit par":"emna benabdallah","Dur\u00e9e de lecture estim\u00e9e":"1 minute"},"schema":{"@context":"https:\/\/schema.org","@graph":[{"@type":"Article","@id":"https:\/\/kapitalis.com\/tunisie\/2018\/02\/08\/utica-le-gouvernement-tunisien-doit-revoir-sa-politique-financiere\/#article","isPartOf":{"@id":"https:\/\/kapitalis.com\/tunisie\/2018\/02\/08\/utica-le-gouvernement-tunisien-doit-revoir-sa-politique-financiere\/"},"author":{"name":"emna benabdallah","@id":"https:\/\/kapitalis.com\/tunisie\/#\/schema\/person\/2c6e134b2f3369dffcd1daf5f087d28b"},"headline":"Utica : Le gouvernement tunisien doit revoir sa politique financi\u00e8re","datePublished":"2018-02-08T10:46:53+00:00","dateModified":"2018-02-08T10:47:39+00:00","mainEntityOfPage":{"@id":"https:\/\/kapitalis.com\/tunisie\/2018\/02\/08\/utica-le-gouvernement-tunisien-doit-revoir-sa-politique-financiere\/"},"wordCount":179,"commentCount":0,"publisher":{"@id":"https:\/\/kapitalis.com\/tunisie\/#organization"},"image":{"@id":"https:\/\/kapitalis.com\/tunisie\/2018\/02\/08\/utica-le-gouvernement-tunisien-doit-revoir-sa-politique-financiere\/#primaryimage"},"thumbnailUrl":"http:\/\/kapitalis.com\/tunisie\/wp-content\/uploads\/2015\/07\/Utica.jpg","keywords":["blanchiment d'argent","financement du terrorisme","Parlement europ\u00e9en"],"articleSection":["ECONOMIE","Tunisie"],"inLanguage":"fr-FR","potentialAction":[{"@type":"CommentAction","name":"Comment","target":["https:\/\/kapitalis.com\/tunisie\/2018\/02\/08\/utica-le-gouvernement-tunisien-doit-revoir-sa-politique-financiere\/#respond"]}]},{"@type":"WebPage","@id":"https:\/\/kapitalis.com\/tunisie\/2018\/02\/08\/utica-le-gouvernement-tunisien-doit-revoir-sa-politique-financiere\/","url":"https:\/\/kapitalis.com\/tunisie\/2018\/02\/08\/utica-le-gouvernement-tunisien-doit-revoir-sa-politique-financiere\/","name":"Utica : Le gouvernement tunisien doit revoir sa politique financi\u00e8re - Kapitalis","isPartOf":{"@id":"https:\/\/kapitalis.com\/tunisie\/#website"},"primaryImageOfPage":{"@id":"https:\/\/kapitalis.com\/tunisie\/2018\/02\/08\/utica-le-gouvernement-tunisien-doit-revoir-sa-politique-financiere\/#primaryimage"},"image":{"@id":"https:\/\/kapitalis.com\/tunisie\/2018\/02\/08\/utica-le-gouvernement-tunisien-doit-revoir-sa-politique-financiere\/#primaryimage"},"thumbnailUrl":"http:\/\/kapitalis.com\/tunisie\/wp-content\/uploads\/2015\/07\/Utica.jpg","datePublished":"2018-02-08T10:46:53+00:00","dateModified":"2018-02-08T10:47:39+00:00","breadcrumb":{"@id":"https:\/\/kapitalis.com\/tunisie\/2018\/02\/08\/utica-le-gouvernement-tunisien-doit-revoir-sa-politique-financiere\/#breadcrumb"},"inLanguage":"fr-FR","potentialAction":[{"@type":"ReadAction","target":["https:\/\/kapitalis.com\/tunisie\/2018\/02\/08\/utica-le-gouvernement-tunisien-doit-revoir-sa-politique-financiere\/"]}]},{"@type":"ImageObject","inLanguage":"fr-FR","@id":"https:\/\/kapitalis.com\/tunisie\/2018\/02\/08\/utica-le-gouvernement-tunisien-doit-revoir-sa-politique-financiere\/#primaryimage","url":"http:\/\/kapitalis.com\/tunisie\/wp-content\/uploads\/2015\/07\/Utica.jpg","contentUrl":"http:\/\/kapitalis.com\/tunisie\/wp-content\/uploads\/2015\/07\/Utica.jpg"},{"@type":"BreadcrumbList","@id":"https:\/\/kapitalis.com\/tunisie\/2018\/02\/08\/utica-le-gouvernement-tunisien-doit-revoir-sa-politique-financiere\/#breadcrumb","itemListElement":[{"@type":"ListItem","position":1,"name":"Accueil","item":"https:\/\/kapitalis.com\/tunisie\/"},{"@type":"ListItem","position":2,"name":"Utica : Le gouvernement tunisien doit revoir sa politique financi\u00e8re"}]},{"@type":"WebSite","@id":"https:\/\/kapitalis.com\/tunisie\/#website","url":"https:\/\/kapitalis.com\/tunisie\/","name":"Kapitalis","description":"L&#039;actualit\u00e9 en Tunisie et dans le monde","publisher":{"@id":"https:\/\/kapitalis.com\/tunisie\/#organization"},"potentialAction":[{"@type":"SearchAction","target":{"@type":"EntryPoint","urlTemplate":"https:\/\/kapitalis.com\/tunisie\/?s={search_term_string}"},"query-input":{"@type":"PropertyValueSpecification","valueRequired":true,"valueName":"search_term_string"}}],"inLanguage":"fr-FR"},{"@type":"Organization","@id":"https:\/\/kapitalis.com\/tunisie\/#organization","name":"Kapitalis","url":"https:\/\/kapitalis.com\/tunisie\/","logo":{"@type":"ImageObject","inLanguage":"fr-FR","@id":"https:\/\/kapitalis.com\/tunisie\/#\/schema\/logo\/image\/","url":"https:\/\/kapitalis.com\/tunisie\/wp-content\/uploads\/2022\/05\/Kapitalis-big-size.png","contentUrl":"https:\/\/kapitalis.com\/tunisie\/wp-content\/uploads\/2022\/05\/Kapitalis-big-size.png","width":5000,"height":1500,"caption":"Kapitalis"},"image":{"@id":"https:\/\/kapitalis.com\/tunisie\/#\/schema\/logo\/image\/"},"sameAs":["https:\/\/www.facebook.com\/KapitalisInfo\/","https:\/\/x.com\/KapitalisInfo","https:\/\/www.youtube.com\/channel\/UC-yDYrHyfFBWWZaOw3FPg9Q"]},{"@type":"Person","@id":"https:\/\/kapitalis.com\/tunisie\/#\/schema\/person\/2c6e134b2f3369dffcd1daf5f087d28b","name":"emna benabdallah","url":"https:\/\/kapitalis.com\/tunisie\/author\/emna\/"}]}},"_links":{"self":[{"href":"https:\/\/kapitalis.com\/tunisie\/wp-json\/wp\/v2\/posts\/137493","targetHints":{"allow":["GET"]}}],"collection":[{"href":"https:\/\/kapitalis.com\/tunisie\/wp-json\/wp\/v2\/posts"}],"about":[{"href":"https:\/\/kapitalis.com\/tunisie\/wp-json\/wp\/v2\/types\/post"}],"author":[{"embeddable":true,"href":"https:\/\/kapitalis.com\/tunisie\/wp-json\/wp\/v2\/users\/16"}],"replies":[{"embeddable":true,"href":"https:\/\/kapitalis.com\/tunisie\/wp-json\/wp\/v2\/comments?post=137493"}],"version-history":[{"count":0,"href":"https:\/\/kapitalis.com\/tunisie\/wp-json\/wp\/v2\/posts\/137493\/revisions"}],"wp:attachment":[{"href":"https:\/\/kapitalis.com\/tunisie\/wp-json\/wp\/v2\/media?parent=137493"}],"wp:term":[{"taxonomy":"category","embeddable":true,"href":"https:\/\/kapitalis.com\/tunisie\/wp-json\/wp\/v2\/categories?post=137493"},{"taxonomy":"post_tag","embeddable":true,"href":"https:\/\/kapitalis.com\/tunisie\/wp-json\/wp\/v2\/tags?post=137493"}],"curies":[{"name":"wp","href":"https:\/\/api.w.org\/{rel}","templated":true}]}}