{"id":13760585,"date":"2024-08-13T12:53:54","date_gmt":"2024-08-13T11:53:54","guid":{"rendered":"https:\/\/kapitalis.com\/tunisie\/?p=13760585"},"modified":"2024-08-13T12:53:56","modified_gmt":"2024-08-13T11:53:56","slug":"lauteur-du-double-feminicide-dennasr-arrete-a-sejoumi","status":"publish","type":"post","link":"https:\/\/kapitalis.com\/tunisie\/2024\/08\/13\/lauteur-du-double-feminicide-dennasr-arrete-a-sejoumi\/","title":{"rendered":"L\u2019auteur du double f\u00e9minicide d\u2019Ennasr arr\u00eat\u00e9 \u00e0 S\u00e9joumi"},"content":{"rendered":"\n<p><strong><em>Le meurtrier de son \u00e9pouse et de sa belle-m\u00e8re, avant-hier, dimanche 11 ao\u00fbt 2024, \u00e0 la cit\u00e9 Ennasr \u00e0 Tunis, a \u00e9t\u00e9 arr\u00eat\u00e9 le lendemain au soir par les agents de la brigade criminelle de l\u2019Ariana.<\/em><\/strong><\/p>\n\n\n\n<!--more-->\n\n\n\n<p>Le meurtrier avait commis son forfait avec l\u2019aide d\u2019un couteau dans la maison m\u00eame de ses beaux-parents o\u00f9 son \u00e9pouse avait trouv\u00e9 refuge pour \u00e9chapper \u00e0 ses violences. Des victimes ont re\u00e7u plusieurs coups meurtriers dans diff\u00e9rentes parties de leur corps. <\/p>\n\n\n\n<p>Selon <a href=\"https:\/\/www.mosaiquefm.net\/ar\/%D8%AA%D9%88%D9%86%D8%B3-%D8%A3%D8%AE%D8%A8%D8%A7%D8%B1-%D9%88%D8%B7%D9%86%D9%8A%D8%A9\/1301615\/%D8%AD%D9%8A-%D8%A7%D9%84%D9%86%D8%B5%D8%B1-%D9%82%D8%A7%D8%AA%D9%84-%D8%B2%D9%88%D8%AC%D8%AA%D9%87-%D9%88%D9%88%D8%A7%D9%84%D8%AF%D8%AA%D9%87%D8%A7-%D9%81%D9%8A-%D9%82%D8%A8%D8%B6%D8%A9-%D8%A7%D9%84%D8%A3%D9%85%D9%86\" target=\"_blank\" rel=\"noreferrer noopener\">Mosa\u00efque FM<\/a>, le meurtrier qui a pris la fuite apr\u00e8s avoir commis son double f\u00e9minicide est tomb\u00e9 dans un pi\u00e8ge que lui ont tendu les agents de s\u00e9curit\u00e9 dans la r\u00e9gion de S\u00e9joumi, \u00e0 l\u2019ouest de Tunis, et l\u2019arme du crime a \u00e9t\u00e9 saisi sur lui.<\/p>\n\n\n\n<p>Ces deux f\u00e9minicides portent \u00e0 15 le nombre de meurtres de femmes en Tunisie depuis le d\u00e9but de l&rsquo;ann\u00e9e, soit une moyenne de <a href=\"https:\/\/kapitalis.com\/tunisie\/2024\/08\/13\/tunisie-15-feminicides-en-moins-de-8-mois\/\" target=\"_blank\" rel=\"noreferrer noopener\">deux par mois<\/a>. <\/p>\n\n\n\n<p class=\"has-text-align-right\"><strong>I. B. <\/strong><\/p>\n\n\n\n<figure class=\"wp-block-embed is-type-wp-embed is-provider-kapitalis wp-block-embed-kapitalis\"><div class=\"wp-block-embed__wrapper\">\n<blockquote class=\"wp-embedded-content\" data-secret=\"2FE14O3756\"><a href=\"https:\/\/kapitalis.com\/tunisie\/2024\/08\/13\/tunisie-15-feminicides-en-moins-de-8-mois\/\">Tunisie\u00a0: 15 f\u00e9minicides en moins de 8 mois<\/a><\/blockquote><iframe loading=\"lazy\" class=\"wp-embedded-content\" sandbox=\"allow-scripts\" security=\"restricted\" style=\"position: absolute; visibility: hidden;\" title=\"\u00ab\u00a0Tunisie\u00a0: 15 f\u00e9minicides en moins de 8 mois\u00a0\u00bb &#8212; Kapitalis\" src=\"https:\/\/kapitalis.com\/tunisie\/2024\/08\/13\/tunisie-15-feminicides-en-moins-de-8-mois\/embed\/#?secret=SrOISM9gsq#?secret=2FE14O3756\" data-secret=\"2FE14O3756\" width=\"600\" height=\"338\" frameborder=\"0\" marginwidth=\"0\" marginheight=\"0\" scrolling=\"no\"><\/iframe>\n<\/div><\/figure>\n\n\n\n<p><\/p>\n\n\n\n<p><\/p>\n","protected":false},"excerpt":{"rendered":"<p>Arrestation de l&rsquo;auteur du double f\u00e9minicide de la cit\u00e9 Ennasr. <\/p>\n","protected":false},"author":8,"featured_media":5652935,"comment_status":"closed","ping_status":"open","sticky":false,"template":"","format":"standard","meta":{"footnotes":""},"categories":[998,2433],"tags":[79,1353,86277,31892,85486],"class_list":["post-13760585","post","type-post","status-publish","format-standard","has-post-thumbnail","hentry","category-societe","category-tunisie","tag-ariana","tag-ennasr","tag-feminicide","tag-police-criminelle","tag-sejoumi"],"yoast_head":"<!-- This site is optimized with the Yoast SEO plugin v26.6 - https:\/\/yoast.com\/wordpress\/plugins\/seo\/ -->\n<title>L\u2019auteur du double f\u00e9minicide d\u2019Ennasr arr\u00eat\u00e9 \u00e0 S\u00e9joumi - Kapitalis<\/title>\n<meta name=\"robots\" content=\"index, follow, max-snippet:-1, max-image-preview:large, max-video-preview:-1\" \/>\n<link rel=\"canonical\" href=\"https:\/\/kapitalis.com\/tunisie\/2024\/08\/13\/lauteur-du-double-feminicide-dennasr-arrete-a-sejoumi\/\" \/>\n<meta property=\"og:locale\" content=\"fr_FR\" \/>\n<meta property=\"og:type\" content=\"article\" \/>\n<meta property=\"og:title\" content=\"L\u2019auteur du double f\u00e9minicide d\u2019Ennasr arr\u00eat\u00e9 \u00e0 S\u00e9joumi - Kapitalis\" \/>\n<meta property=\"og:description\" content=\"Arrestation de l&#039;auteur du double f\u00e9minicide de la cit\u00e9 Ennasr.\" \/>\n<meta property=\"og:url\" content=\"https:\/\/kapitalis.com\/tunisie\/2024\/08\/13\/lauteur-du-double-feminicide-dennasr-arrete-a-sejoumi\/\" \/>\n<meta property=\"og:site_name\" content=\"Kapitalis\" \/>\n<meta property=\"article:publisher\" content=\"https:\/\/www.facebook.com\/KapitalisInfo\/\" \/>\n<meta property=\"article:published_time\" content=\"2024-08-13T11:53:54+00:00\" \/>\n<meta property=\"article:modified_time\" content=\"2024-08-13T11:53:56+00:00\" \/>\n<meta property=\"og:image\" content=\"https:\/\/kapitalis.com\/tunisie\/wp-content\/uploads\/2022\/12\/arrestation-terroriste.jpg\" \/>\n\t<meta property=\"og:image:width\" content=\"1200\" \/>\n\t<meta property=\"og:image:height\" content=\"630\" \/>\n\t<meta property=\"og:image:type\" content=\"image\/jpeg\" \/>\n<meta name=\"author\" content=\"webmaster kapitalis\" \/>\n<meta name=\"twitter:card\" content=\"summary_large_image\" \/>\n<meta name=\"twitter:creator\" content=\"@KapitalisInfo\" \/>\n<meta name=\"twitter:site\" content=\"@KapitalisInfo\" \/>\n<meta name=\"twitter:label1\" content=\"\u00c9crit par\" \/>\n\t<meta name=\"twitter:data1\" content=\"webmaster kapitalis\" \/>\n\t<meta name=\"twitter:label2\" content=\"Dur\u00e9e de lecture estim\u00e9e\" \/>\n\t<meta name=\"twitter:data2\" content=\"1 minute\" \/>\n<script type=\"application\/ld+json\" class=\"yoast-schema-graph\">{\"@context\":\"https:\/\/schema.org\",\"@graph\":[{\"@type\":\"Article\",\"@id\":\"https:\/\/kapitalis.com\/tunisie\/2024\/08\/13\/lauteur-du-double-feminicide-dennasr-arrete-a-sejoumi\/#article\",\"isPartOf\":{\"@id\":\"https:\/\/kapitalis.com\/tunisie\/2024\/08\/13\/lauteur-du-double-feminicide-dennasr-arrete-a-sejoumi\/\"},\"author\":{\"name\":\"webmaster kapitalis\",\"@id\":\"https:\/\/kapitalis.com\/tunisie\/#\/schema\/person\/d71f33a9ca44f7bad4698210b480c8e9\"},\"headline\":\"L\u2019auteur du double f\u00e9minicide d\u2019Ennasr arr\u00eat\u00e9 \u00e0 S\u00e9joumi\",\"datePublished\":\"2024-08-13T11:53:54+00:00\",\"dateModified\":\"2024-08-13T11:53:56+00:00\",\"mainEntityOfPage\":{\"@id\":\"https:\/\/kapitalis.com\/tunisie\/2024\/08\/13\/lauteur-du-double-feminicide-dennasr-arrete-a-sejoumi\/\"},\"wordCount\":184,\"publisher\":{\"@id\":\"https:\/\/kapitalis.com\/tunisie\/#organization\"},\"image\":{\"@id\":\"https:\/\/kapitalis.com\/tunisie\/2024\/08\/13\/lauteur-du-double-feminicide-dennasr-arrete-a-sejoumi\/#primaryimage\"},\"thumbnailUrl\":\"https:\/\/kapitalis.com\/tunisie\/wp-content\/uploads\/2022\/12\/arrestation-terroriste.jpg\",\"keywords\":[\"Ariana\",\"Ennasr\",\"f\u00e9minicide\",\"police criminelle\",\"S\u00e9joumi\"],\"articleSection\":[\"SOCIETE\",\"Tunisie\"],\"inLanguage\":\"fr-FR\"},{\"@type\":\"WebPage\",\"@id\":\"https:\/\/kapitalis.com\/tunisie\/2024\/08\/13\/lauteur-du-double-feminicide-dennasr-arrete-a-sejoumi\/\",\"url\":\"https:\/\/kapitalis.com\/tunisie\/2024\/08\/13\/lauteur-du-double-feminicide-dennasr-arrete-a-sejoumi\/\",\"name\":\"L\u2019auteur du double f\u00e9minicide d\u2019Ennasr arr\u00eat\u00e9 \u00e0 S\u00e9joumi - Kapitalis\",\"isPartOf\":{\"@id\":\"https:\/\/kapitalis.com\/tunisie\/#website\"},\"primaryImageOfPage\":{\"@id\":\"https:\/\/kapitalis.com\/tunisie\/2024\/08\/13\/lauteur-du-double-feminicide-dennasr-arrete-a-sejoumi\/#primaryimage\"},\"image\":{\"@id\":\"https:\/\/kapitalis.com\/tunisie\/2024\/08\/13\/lauteur-du-double-feminicide-dennasr-arrete-a-sejoumi\/#primaryimage\"},\"thumbnailUrl\":\"https:\/\/kapitalis.com\/tunisie\/wp-content\/uploads\/2022\/12\/arrestation-terroriste.jpg\",\"datePublished\":\"2024-08-13T11:53:54+00:00\",\"dateModified\":\"2024-08-13T11:53:56+00:00\",\"breadcrumb\":{\"@id\":\"https:\/\/kapitalis.com\/tunisie\/2024\/08\/13\/lauteur-du-double-feminicide-dennasr-arrete-a-sejoumi\/#breadcrumb\"},\"inLanguage\":\"fr-FR\",\"potentialAction\":[{\"@type\":\"ReadAction\",\"target\":[\"https:\/\/kapitalis.com\/tunisie\/2024\/08\/13\/lauteur-du-double-feminicide-dennasr-arrete-a-sejoumi\/\"]}]},{\"@type\":\"ImageObject\",\"inLanguage\":\"fr-FR\",\"@id\":\"https:\/\/kapitalis.com\/tunisie\/2024\/08\/13\/lauteur-du-double-feminicide-dennasr-arrete-a-sejoumi\/#primaryimage\",\"url\":\"https:\/\/kapitalis.com\/tunisie\/wp-content\/uploads\/2022\/12\/arrestation-terroriste.jpg\",\"contentUrl\":\"https:\/\/kapitalis.com\/tunisie\/wp-content\/uploads\/2022\/12\/arrestation-terroriste.jpg\",\"width\":1200,\"height\":630},{\"@type\":\"BreadcrumbList\",\"@id\":\"https:\/\/kapitalis.com\/tunisie\/2024\/08\/13\/lauteur-du-double-feminicide-dennasr-arrete-a-sejoumi\/#breadcrumb\",\"itemListElement\":[{\"@type\":\"ListItem\",\"position\":1,\"name\":\"Accueil\",\"item\":\"https:\/\/kapitalis.com\/tunisie\/\"},{\"@type\":\"ListItem\",\"position\":2,\"name\":\"L\u2019auteur du double f\u00e9minicide d\u2019Ennasr arr\u00eat\u00e9 \u00e0 S\u00e9joumi\"}]},{\"@type\":\"WebSite\",\"@id\":\"https:\/\/kapitalis.com\/tunisie\/#website\",\"url\":\"https:\/\/kapitalis.com\/tunisie\/\",\"name\":\"Kapitalis\",\"description\":\"L&#039;actualit\u00e9 en Tunisie et dans le monde\",\"publisher\":{\"@id\":\"https:\/\/kapitalis.com\/tunisie\/#organization\"},\"potentialAction\":[{\"@type\":\"SearchAction\",\"target\":{\"@type\":\"EntryPoint\",\"urlTemplate\":\"https:\/\/kapitalis.com\/tunisie\/?s={search_term_string}\"},\"query-input\":{\"@type\":\"PropertyValueSpecification\",\"valueRequired\":true,\"valueName\":\"search_term_string\"}}],\"inLanguage\":\"fr-FR\"},{\"@type\":\"Organization\",\"@id\":\"https:\/\/kapitalis.com\/tunisie\/#organization\",\"name\":\"Kapitalis\",\"url\":\"https:\/\/kapitalis.com\/tunisie\/\",\"logo\":{\"@type\":\"ImageObject\",\"inLanguage\":\"fr-FR\",\"@id\":\"https:\/\/kapitalis.com\/tunisie\/#\/schema\/logo\/image\/\",\"url\":\"https:\/\/kapitalis.com\/tunisie\/wp-content\/uploads\/2022\/05\/Kapitalis-big-size.png\",\"contentUrl\":\"https:\/\/kapitalis.com\/tunisie\/wp-content\/uploads\/2022\/05\/Kapitalis-big-size.png\",\"width\":5000,\"height\":1500,\"caption\":\"Kapitalis\"},\"image\":{\"@id\":\"https:\/\/kapitalis.com\/tunisie\/#\/schema\/logo\/image\/\"},\"sameAs\":[\"https:\/\/www.facebook.com\/KapitalisInfo\/\",\"https:\/\/x.com\/KapitalisInfo\",\"https:\/\/www.youtube.com\/channel\/UC-yDYrHyfFBWWZaOw3FPg9Q\"]},{\"@type\":\"Person\",\"@id\":\"https:\/\/kapitalis.com\/tunisie\/#\/schema\/person\/d71f33a9ca44f7bad4698210b480c8e9\",\"name\":\"webmaster kapitalis\",\"url\":\"https:\/\/kapitalis.com\/tunisie\/author\/webmaster-kapitalis\/\"}]}<\/script>\n<!-- \/ Yoast SEO plugin. -->","yoast_head_json":{"title":"L\u2019auteur du double f\u00e9minicide d\u2019Ennasr arr\u00eat\u00e9 \u00e0 S\u00e9joumi - Kapitalis","robots":{"index":"index","follow":"follow","max-snippet":"max-snippet:-1","max-image-preview":"max-image-preview:large","max-video-preview":"max-video-preview:-1"},"canonical":"https:\/\/kapitalis.com\/tunisie\/2024\/08\/13\/lauteur-du-double-feminicide-dennasr-arrete-a-sejoumi\/","og_locale":"fr_FR","og_type":"article","og_title":"L\u2019auteur du double f\u00e9minicide d\u2019Ennasr arr\u00eat\u00e9 \u00e0 S\u00e9joumi - Kapitalis","og_description":"Arrestation de l'auteur du double f\u00e9minicide de la cit\u00e9 Ennasr.","og_url":"https:\/\/kapitalis.com\/tunisie\/2024\/08\/13\/lauteur-du-double-feminicide-dennasr-arrete-a-sejoumi\/","og_site_name":"Kapitalis","article_publisher":"https:\/\/www.facebook.com\/KapitalisInfo\/","article_published_time":"2024-08-13T11:53:54+00:00","article_modified_time":"2024-08-13T11:53:56+00:00","og_image":[{"width":1200,"height":630,"url":"https:\/\/kapitalis.com\/tunisie\/wp-content\/uploads\/2022\/12\/arrestation-terroriste.jpg","type":"image\/jpeg"}],"author":"webmaster kapitalis","twitter_card":"summary_large_image","twitter_creator":"@KapitalisInfo","twitter_site":"@KapitalisInfo","twitter_misc":{"\u00c9crit par":"webmaster kapitalis","Dur\u00e9e de lecture estim\u00e9e":"1 minute"},"schema":{"@context":"https:\/\/schema.org","@graph":[{"@type":"Article","@id":"https:\/\/kapitalis.com\/tunisie\/2024\/08\/13\/lauteur-du-double-feminicide-dennasr-arrete-a-sejoumi\/#article","isPartOf":{"@id":"https:\/\/kapitalis.com\/tunisie\/2024\/08\/13\/lauteur-du-double-feminicide-dennasr-arrete-a-sejoumi\/"},"author":{"name":"webmaster kapitalis","@id":"https:\/\/kapitalis.com\/tunisie\/#\/schema\/person\/d71f33a9ca44f7bad4698210b480c8e9"},"headline":"L\u2019auteur du double f\u00e9minicide d\u2019Ennasr arr\u00eat\u00e9 \u00e0 S\u00e9joumi","datePublished":"2024-08-13T11:53:54+00:00","dateModified":"2024-08-13T11:53:56+00:00","mainEntityOfPage":{"@id":"https:\/\/kapitalis.com\/tunisie\/2024\/08\/13\/lauteur-du-double-feminicide-dennasr-arrete-a-sejoumi\/"},"wordCount":184,"publisher":{"@id":"https:\/\/kapitalis.com\/tunisie\/#organization"},"image":{"@id":"https:\/\/kapitalis.com\/tunisie\/2024\/08\/13\/lauteur-du-double-feminicide-dennasr-arrete-a-sejoumi\/#primaryimage"},"thumbnailUrl":"https:\/\/kapitalis.com\/tunisie\/wp-content\/uploads\/2022\/12\/arrestation-terroriste.jpg","keywords":["Ariana","Ennasr","f\u00e9minicide","police criminelle","S\u00e9joumi"],"articleSection":["SOCIETE","Tunisie"],"inLanguage":"fr-FR"},{"@type":"WebPage","@id":"https:\/\/kapitalis.com\/tunisie\/2024\/08\/13\/lauteur-du-double-feminicide-dennasr-arrete-a-sejoumi\/","url":"https:\/\/kapitalis.com\/tunisie\/2024\/08\/13\/lauteur-du-double-feminicide-dennasr-arrete-a-sejoumi\/","name":"L\u2019auteur du double f\u00e9minicide d\u2019Ennasr arr\u00eat\u00e9 \u00e0 S\u00e9joumi - Kapitalis","isPartOf":{"@id":"https:\/\/kapitalis.com\/tunisie\/#website"},"primaryImageOfPage":{"@id":"https:\/\/kapitalis.com\/tunisie\/2024\/08\/13\/lauteur-du-double-feminicide-dennasr-arrete-a-sejoumi\/#primaryimage"},"image":{"@id":"https:\/\/kapitalis.com\/tunisie\/2024\/08\/13\/lauteur-du-double-feminicide-dennasr-arrete-a-sejoumi\/#primaryimage"},"thumbnailUrl":"https:\/\/kapitalis.com\/tunisie\/wp-content\/uploads\/2022\/12\/arrestation-terroriste.jpg","datePublished":"2024-08-13T11:53:54+00:00","dateModified":"2024-08-13T11:53:56+00:00","breadcrumb":{"@id":"https:\/\/kapitalis.com\/tunisie\/2024\/08\/13\/lauteur-du-double-feminicide-dennasr-arrete-a-sejoumi\/#breadcrumb"},"inLanguage":"fr-FR","potentialAction":[{"@type":"ReadAction","target":["https:\/\/kapitalis.com\/tunisie\/2024\/08\/13\/lauteur-du-double-feminicide-dennasr-arrete-a-sejoumi\/"]}]},{"@type":"ImageObject","inLanguage":"fr-FR","@id":"https:\/\/kapitalis.com\/tunisie\/2024\/08\/13\/lauteur-du-double-feminicide-dennasr-arrete-a-sejoumi\/#primaryimage","url":"https:\/\/kapitalis.com\/tunisie\/wp-content\/uploads\/2022\/12\/arrestation-terroriste.jpg","contentUrl":"https:\/\/kapitalis.com\/tunisie\/wp-content\/uploads\/2022\/12\/arrestation-terroriste.jpg","width":1200,"height":630},{"@type":"BreadcrumbList","@id":"https:\/\/kapitalis.com\/tunisie\/2024\/08\/13\/lauteur-du-double-feminicide-dennasr-arrete-a-sejoumi\/#breadcrumb","itemListElement":[{"@type":"ListItem","position":1,"name":"Accueil","item":"https:\/\/kapitalis.com\/tunisie\/"},{"@type":"ListItem","position":2,"name":"L\u2019auteur du double f\u00e9minicide d\u2019Ennasr arr\u00eat\u00e9 \u00e0 S\u00e9joumi"}]},{"@type":"WebSite","@id":"https:\/\/kapitalis.com\/tunisie\/#website","url":"https:\/\/kapitalis.com\/tunisie\/","name":"Kapitalis","description":"L&#039;actualit\u00e9 en Tunisie et dans le monde","publisher":{"@id":"https:\/\/kapitalis.com\/tunisie\/#organization"},"potentialAction":[{"@type":"SearchAction","target":{"@type":"EntryPoint","urlTemplate":"https:\/\/kapitalis.com\/tunisie\/?s={search_term_string}"},"query-input":{"@type":"PropertyValueSpecification","valueRequired":true,"valueName":"search_term_string"}}],"inLanguage":"fr-FR"},{"@type":"Organization","@id":"https:\/\/kapitalis.com\/tunisie\/#organization","name":"Kapitalis","url":"https:\/\/kapitalis.com\/tunisie\/","logo":{"@type":"ImageObject","inLanguage":"fr-FR","@id":"https:\/\/kapitalis.com\/tunisie\/#\/schema\/logo\/image\/","url":"https:\/\/kapitalis.com\/tunisie\/wp-content\/uploads\/2022\/05\/Kapitalis-big-size.png","contentUrl":"https:\/\/kapitalis.com\/tunisie\/wp-content\/uploads\/2022\/05\/Kapitalis-big-size.png","width":5000,"height":1500,"caption":"Kapitalis"},"image":{"@id":"https:\/\/kapitalis.com\/tunisie\/#\/schema\/logo\/image\/"},"sameAs":["https:\/\/www.facebook.com\/KapitalisInfo\/","https:\/\/x.com\/KapitalisInfo","https:\/\/www.youtube.com\/channel\/UC-yDYrHyfFBWWZaOw3FPg9Q"]},{"@type":"Person","@id":"https:\/\/kapitalis.com\/tunisie\/#\/schema\/person\/d71f33a9ca44f7bad4698210b480c8e9","name":"webmaster kapitalis","url":"https:\/\/kapitalis.com\/tunisie\/author\/webmaster-kapitalis\/"}]}},"_links":{"self":[{"href":"https:\/\/kapitalis.com\/tunisie\/wp-json\/wp\/v2\/posts\/13760585","targetHints":{"allow":["GET"]}}],"collection":[{"href":"https:\/\/kapitalis.com\/tunisie\/wp-json\/wp\/v2\/posts"}],"about":[{"href":"https:\/\/kapitalis.com\/tunisie\/wp-json\/wp\/v2\/types\/post"}],"author":[{"embeddable":true,"href":"https:\/\/kapitalis.com\/tunisie\/wp-json\/wp\/v2\/users\/8"}],"replies":[{"embeddable":true,"href":"https:\/\/kapitalis.com\/tunisie\/wp-json\/wp\/v2\/comments?post=13760585"}],"version-history":[{"count":1,"href":"https:\/\/kapitalis.com\/tunisie\/wp-json\/wp\/v2\/posts\/13760585\/revisions"}],"predecessor-version":[{"id":13760628,"href":"https:\/\/kapitalis.com\/tunisie\/wp-json\/wp\/v2\/posts\/13760585\/revisions\/13760628"}],"wp:featuredmedia":[{"embeddable":true,"href":"https:\/\/kapitalis.com\/tunisie\/wp-json\/wp\/v2\/media\/5652935"}],"wp:attachment":[{"href":"https:\/\/kapitalis.com\/tunisie\/wp-json\/wp\/v2\/media?parent=13760585"}],"wp:term":[{"taxonomy":"category","embeddable":true,"href":"https:\/\/kapitalis.com\/tunisie\/wp-json\/wp\/v2\/categories?post=13760585"},{"taxonomy":"post_tag","embeddable":true,"href":"https:\/\/kapitalis.com\/tunisie\/wp-json\/wp\/v2\/tags?post=13760585"}],"curies":[{"name":"wp","href":"https:\/\/api.w.org\/{rel}","templated":true}]}}