{"id":13773429,"date":"2024-08-15T21:35:41","date_gmt":"2024-08-15T20:35:41","guid":{"rendered":"https:\/\/kapitalis.com\/tunisie\/?p=13773429"},"modified":"2024-08-15T21:39:01","modified_gmt":"2024-08-15T20:39:01","slug":"angham-fi-dhekira-3-a-carthage-un-hommage-une-releve-photos","status":"publish","type":"post","link":"https:\/\/kapitalis.com\/tunisie\/2024\/08\/15\/angham-fi-dhekira-3-a-carthage-un-hommage-une-releve-photos\/","title":{"rendered":"\u00ab Angham fi Dhekira 3 \u00bb \u00e0 Carthage : Un hommage, une rel\u00e8ve (Photos)"},"content":{"rendered":"\n<p><strong><em>Le Th\u00e9\u00e2tre romain de Carthage a vibr\u00e9 dans la nuit du mercredi 14 ao\u00fbt 2024 au rythme de la soir\u00e9e \u00ab Angham fi dhekira 3 \u00bb qui a mis \u00e0 l\u2019honneur cette ann\u00e9e dans le cadre de la 58\u00e8me \u00e9dition du Festival international de Carthage quatre grands artistes tunisiens de renom \u00e0 savoir le chanteur Chedly Hajji, le compositeur Naceur Sammoud, le parolier Habib Mahnouch et le luthiste Ridha Chmak.<\/em><\/strong><\/p>\n\n\n\n<!--more-->\n\n\n\n<p>Une soir\u00e9e marqu\u00e9e par un double honneur avec l\u2019hommage r\u00e9serv\u00e9 par Moncef Boukthir, ministre charg\u00e9 des Affaires culturelles qui est mont\u00e9 sur sc\u00e8ne pour honorer les quatre figures de proue pour leur contribution \u00e0 l\u2019enrichissement des annales du r\u00e9pertoire musical tunisien.<\/p>\n\n\n\n<figure class=\"wp-block-gallery aligncenter has-nested-images columns-2 is-cropped wp-block-gallery-1 is-layout-flex wp-block-gallery-is-layout-flex\">\n<figure class=\"wp-block-image size-large\"><img loading=\"lazy\" decoding=\"async\" width=\"1024\" height=\"683\" data-id=\"13773448\" src=\"https:\/\/kapitalis.com\/tunisie\/wp-content\/uploads\/2024\/08\/Angham-fi-Dhekira6-1024x683.jpg\" alt=\"\" class=\"wp-image-13773448\" srcset=\"https:\/\/kapitalis.com\/tunisie\/wp-content\/uploads\/2024\/08\/Angham-fi-Dhekira6-1024x683.jpg 1024w, https:\/\/kapitalis.com\/tunisie\/wp-content\/uploads\/2024\/08\/Angham-fi-Dhekira6-300x200.jpg 300w, https:\/\/kapitalis.com\/tunisie\/wp-content\/uploads\/2024\/08\/Angham-fi-Dhekira6-768x512.jpg 768w, https:\/\/kapitalis.com\/tunisie\/wp-content\/uploads\/2024\/08\/Angham-fi-Dhekira6-1536x1024.jpg 1536w, https:\/\/kapitalis.com\/tunisie\/wp-content\/uploads\/2024\/08\/Angham-fi-Dhekira6-580x387.jpg 580w, https:\/\/kapitalis.com\/tunisie\/wp-content\/uploads\/2024\/08\/Angham-fi-Dhekira6-860x573.jpg 860w, https:\/\/kapitalis.com\/tunisie\/wp-content\/uploads\/2024\/08\/Angham-fi-Dhekira6-1160x773.jpg 1160w, https:\/\/kapitalis.com\/tunisie\/wp-content\/uploads\/2024\/08\/Angham-fi-Dhekira6.jpg 2048w\" sizes=\"auto, (max-width: 1024px) 100vw, 1024px\" \/><\/figure>\n\n\n\n<figure class=\"wp-block-image size-large\"><img loading=\"lazy\" decoding=\"async\" width=\"1024\" height=\"683\" data-id=\"13773453\" src=\"https:\/\/kapitalis.com\/tunisie\/wp-content\/uploads\/2024\/08\/Angham-fi-Dhekira5-1024x683.jpg\" alt=\"\" class=\"wp-image-13773453\" srcset=\"https:\/\/kapitalis.com\/tunisie\/wp-content\/uploads\/2024\/08\/Angham-fi-Dhekira5-1024x683.jpg 1024w, https:\/\/kapitalis.com\/tunisie\/wp-content\/uploads\/2024\/08\/Angham-fi-Dhekira5-300x200.jpg 300w, https:\/\/kapitalis.com\/tunisie\/wp-content\/uploads\/2024\/08\/Angham-fi-Dhekira5-768x512.jpg 768w, https:\/\/kapitalis.com\/tunisie\/wp-content\/uploads\/2024\/08\/Angham-fi-Dhekira5-1536x1024.jpg 1536w, https:\/\/kapitalis.com\/tunisie\/wp-content\/uploads\/2024\/08\/Angham-fi-Dhekira5-580x387.jpg 580w, https:\/\/kapitalis.com\/tunisie\/wp-content\/uploads\/2024\/08\/Angham-fi-Dhekira5-860x573.jpg 860w, https:\/\/kapitalis.com\/tunisie\/wp-content\/uploads\/2024\/08\/Angham-fi-Dhekira5-1160x773.jpg 1160w, https:\/\/kapitalis.com\/tunisie\/wp-content\/uploads\/2024\/08\/Angham-fi-Dhekira5.jpg 2048w\" sizes=\"auto, (max-width: 1024px) 100vw, 1024px\" \/><\/figure>\n\n\n\n<figure class=\"wp-block-image size-large\"><img loading=\"lazy\" decoding=\"async\" width=\"1024\" height=\"683\" data-id=\"13773450\" src=\"https:\/\/kapitalis.com\/tunisie\/wp-content\/uploads\/2024\/08\/Angham-fi-Dhekira2-1024x683.jpg\" alt=\"\" class=\"wp-image-13773450\" srcset=\"https:\/\/kapitalis.com\/tunisie\/wp-content\/uploads\/2024\/08\/Angham-fi-Dhekira2-1024x683.jpg 1024w, https:\/\/kapitalis.com\/tunisie\/wp-content\/uploads\/2024\/08\/Angham-fi-Dhekira2-300x200.jpg 300w, https:\/\/kapitalis.com\/tunisie\/wp-content\/uploads\/2024\/08\/Angham-fi-Dhekira2-768x512.jpg 768w, https:\/\/kapitalis.com\/tunisie\/wp-content\/uploads\/2024\/08\/Angham-fi-Dhekira2-1536x1024.jpg 1536w, https:\/\/kapitalis.com\/tunisie\/wp-content\/uploads\/2024\/08\/Angham-fi-Dhekira2-580x387.jpg 580w, https:\/\/kapitalis.com\/tunisie\/wp-content\/uploads\/2024\/08\/Angham-fi-Dhekira2-860x573.jpg 860w, https:\/\/kapitalis.com\/tunisie\/wp-content\/uploads\/2024\/08\/Angham-fi-Dhekira2-1160x773.jpg 1160w, https:\/\/kapitalis.com\/tunisie\/wp-content\/uploads\/2024\/08\/Angham-fi-Dhekira2.jpg 2048w\" sizes=\"auto, (max-width: 1024px) 100vw, 1024px\" \/><\/figure>\n\n\n\n<figure class=\"wp-block-image size-large\"><img loading=\"lazy\" decoding=\"async\" width=\"1024\" height=\"683\" data-id=\"13773454\" src=\"https:\/\/kapitalis.com\/tunisie\/wp-content\/uploads\/2024\/08\/Angham-fi-Dhekira4-1024x683.jpg\" alt=\"\" class=\"wp-image-13773454\" srcset=\"https:\/\/kapitalis.com\/tunisie\/wp-content\/uploads\/2024\/08\/Angham-fi-Dhekira4-1024x683.jpg 1024w, https:\/\/kapitalis.com\/tunisie\/wp-content\/uploads\/2024\/08\/Angham-fi-Dhekira4-300x200.jpg 300w, https:\/\/kapitalis.com\/tunisie\/wp-content\/uploads\/2024\/08\/Angham-fi-Dhekira4-768x512.jpg 768w, https:\/\/kapitalis.com\/tunisie\/wp-content\/uploads\/2024\/08\/Angham-fi-Dhekira4-1536x1024.jpg 1536w, https:\/\/kapitalis.com\/tunisie\/wp-content\/uploads\/2024\/08\/Angham-fi-Dhekira4-580x387.jpg 580w, https:\/\/kapitalis.com\/tunisie\/wp-content\/uploads\/2024\/08\/Angham-fi-Dhekira4-860x573.jpg 860w, https:\/\/kapitalis.com\/tunisie\/wp-content\/uploads\/2024\/08\/Angham-fi-Dhekira4-1160x773.jpg 1160w, https:\/\/kapitalis.com\/tunisie\/wp-content\/uploads\/2024\/08\/Angham-fi-Dhekira4.jpg 2048w\" sizes=\"auto, (max-width: 1024px) 100vw, 1024px\" \/><\/figure>\n\n\n\n<figure class=\"wp-block-image size-large\"><img loading=\"lazy\" decoding=\"async\" width=\"1024\" height=\"683\" data-id=\"13773449\" src=\"https:\/\/kapitalis.com\/tunisie\/wp-content\/uploads\/2024\/08\/Angham-fi-Dhekira3-1024x683.jpg\" alt=\"\" class=\"wp-image-13773449\" srcset=\"https:\/\/kapitalis.com\/tunisie\/wp-content\/uploads\/2024\/08\/Angham-fi-Dhekira3-1024x683.jpg 1024w, https:\/\/kapitalis.com\/tunisie\/wp-content\/uploads\/2024\/08\/Angham-fi-Dhekira3-300x200.jpg 300w, https:\/\/kapitalis.com\/tunisie\/wp-content\/uploads\/2024\/08\/Angham-fi-Dhekira3-768x512.jpg 768w, https:\/\/kapitalis.com\/tunisie\/wp-content\/uploads\/2024\/08\/Angham-fi-Dhekira3-1536x1024.jpg 1536w, https:\/\/kapitalis.com\/tunisie\/wp-content\/uploads\/2024\/08\/Angham-fi-Dhekira3-580x387.jpg 580w, https:\/\/kapitalis.com\/tunisie\/wp-content\/uploads\/2024\/08\/Angham-fi-Dhekira3-860x573.jpg 860w, https:\/\/kapitalis.com\/tunisie\/wp-content\/uploads\/2024\/08\/Angham-fi-Dhekira3-1160x773.jpg 1160w, https:\/\/kapitalis.com\/tunisie\/wp-content\/uploads\/2024\/08\/Angham-fi-Dhekira3.jpg 2048w\" sizes=\"auto, (max-width: 1024px) 100vw, 1024px\" \/><\/figure>\n\n\n\n<figure class=\"wp-block-image size-large\"><img loading=\"lazy\" decoding=\"async\" width=\"1024\" height=\"683\" data-id=\"13773452\" src=\"https:\/\/kapitalis.com\/tunisie\/wp-content\/uploads\/2024\/08\/Angham-fi-Dhekira-1024x683.jpg\" alt=\"\" class=\"wp-image-13773452\" srcset=\"https:\/\/kapitalis.com\/tunisie\/wp-content\/uploads\/2024\/08\/Angham-fi-Dhekira-1024x683.jpg 1024w, https:\/\/kapitalis.com\/tunisie\/wp-content\/uploads\/2024\/08\/Angham-fi-Dhekira-300x200.jpg 300w, https:\/\/kapitalis.com\/tunisie\/wp-content\/uploads\/2024\/08\/Angham-fi-Dhekira-768x512.jpg 768w, https:\/\/kapitalis.com\/tunisie\/wp-content\/uploads\/2024\/08\/Angham-fi-Dhekira-1536x1024.jpg 1536w, https:\/\/kapitalis.com\/tunisie\/wp-content\/uploads\/2024\/08\/Angham-fi-Dhekira-580x387.jpg 580w, https:\/\/kapitalis.com\/tunisie\/wp-content\/uploads\/2024\/08\/Angham-fi-Dhekira-860x573.jpg 860w, https:\/\/kapitalis.com\/tunisie\/wp-content\/uploads\/2024\/08\/Angham-fi-Dhekira-1160x773.jpg 1160w, https:\/\/kapitalis.com\/tunisie\/wp-content\/uploads\/2024\/08\/Angham-fi-Dhekira.jpg 2048w\" sizes=\"auto, (max-width: 1024px) 100vw, 1024px\" \/><\/figure>\n<\/figure>\n\n\n\n<p>Produit par le festival international de Carthage, \u00ab Angham fi dhekira 3\u00bb d\u00e9di\u00e9 aux \u0153uvres de ces quatre artistes a \u00e9t\u00e9 donn\u00e9 par un orchestre compos\u00e9 d\u2019\u00e9minents instrumentistes et musiciens issus de toutes les r\u00e9gions du pays et dirig\u00e9 par Rassem Dammak.<\/p>\n\n\n\n<p>Port\u00e9 des voix f\u00e9minines de Rihab Sghaier et de la jeune Arij Braiek, le concert a d\u00e9marr\u00e9 avec Arij dans l\u2019interpr\u00e9tation de la chanson \u00ab Gaza \u00bb du parolier Habib Mahnouch, sur une composition de Naceur Sammoud et un arrangement de Rassem Dammak. Une chanson qui a largement touch\u00e9 le public par les mots et les rythmes avant qu\u2019elle poursuive avec \u00ab Ilheh El Arch \u00bb, \u00ab El azem \u00bb \u00ab W ken qalbi yitaweeni \u00bb.<\/p>\n\n\n\n<p>Par la suite c\u2019est Rihab Sghaier qui prend le micro pour interpr\u00e9ter avec son style \u00ab lyem wel maktoub\u00bb, \u00ab haddi haddi \u00bb, \u00ab Ghalta \u00bb.<\/p>\n\n\n\n<figure class=\"wp-block-gallery aligncenter has-nested-images columns-2 is-cropped wp-block-gallery-2 is-layout-flex wp-block-gallery-is-layout-flex\">\n<figure class=\"wp-block-image size-large\"><img loading=\"lazy\" decoding=\"async\" width=\"1024\" height=\"683\" data-id=\"13773461\" src=\"https:\/\/kapitalis.com\/tunisie\/wp-content\/uploads\/2024\/08\/Angham-fi-Dhekira12-1024x683.jpg\" alt=\"\" class=\"wp-image-13773461\" srcset=\"https:\/\/kapitalis.com\/tunisie\/wp-content\/uploads\/2024\/08\/Angham-fi-Dhekira12-1024x683.jpg 1024w, https:\/\/kapitalis.com\/tunisie\/wp-content\/uploads\/2024\/08\/Angham-fi-Dhekira12-300x200.jpg 300w, https:\/\/kapitalis.com\/tunisie\/wp-content\/uploads\/2024\/08\/Angham-fi-Dhekira12-768x512.jpg 768w, https:\/\/kapitalis.com\/tunisie\/wp-content\/uploads\/2024\/08\/Angham-fi-Dhekira12-1536x1024.jpg 1536w, https:\/\/kapitalis.com\/tunisie\/wp-content\/uploads\/2024\/08\/Angham-fi-Dhekira12-580x387.jpg 580w, https:\/\/kapitalis.com\/tunisie\/wp-content\/uploads\/2024\/08\/Angham-fi-Dhekira12-860x573.jpg 860w, https:\/\/kapitalis.com\/tunisie\/wp-content\/uploads\/2024\/08\/Angham-fi-Dhekira12-1160x773.jpg 1160w, https:\/\/kapitalis.com\/tunisie\/wp-content\/uploads\/2024\/08\/Angham-fi-Dhekira12.jpg 2048w\" sizes=\"auto, (max-width: 1024px) 100vw, 1024px\" \/><\/figure>\n\n\n\n<figure class=\"wp-block-image size-large\"><img loading=\"lazy\" decoding=\"async\" width=\"1024\" height=\"683\" data-id=\"13773457\" src=\"https:\/\/kapitalis.com\/tunisie\/wp-content\/uploads\/2024\/08\/Angham-fi-Dhekira11-1024x683.jpg\" alt=\"\" class=\"wp-image-13773457\" srcset=\"https:\/\/kapitalis.com\/tunisie\/wp-content\/uploads\/2024\/08\/Angham-fi-Dhekira11-1024x683.jpg 1024w, https:\/\/kapitalis.com\/tunisie\/wp-content\/uploads\/2024\/08\/Angham-fi-Dhekira11-300x200.jpg 300w, https:\/\/kapitalis.com\/tunisie\/wp-content\/uploads\/2024\/08\/Angham-fi-Dhekira11-768x512.jpg 768w, https:\/\/kapitalis.com\/tunisie\/wp-content\/uploads\/2024\/08\/Angham-fi-Dhekira11-1536x1024.jpg 1536w, https:\/\/kapitalis.com\/tunisie\/wp-content\/uploads\/2024\/08\/Angham-fi-Dhekira11-580x387.jpg 580w, https:\/\/kapitalis.com\/tunisie\/wp-content\/uploads\/2024\/08\/Angham-fi-Dhekira11-860x573.jpg 860w, https:\/\/kapitalis.com\/tunisie\/wp-content\/uploads\/2024\/08\/Angham-fi-Dhekira11-1160x773.jpg 1160w, https:\/\/kapitalis.com\/tunisie\/wp-content\/uploads\/2024\/08\/Angham-fi-Dhekira11.jpg 2048w\" sizes=\"auto, (max-width: 1024px) 100vw, 1024px\" \/><\/figure>\n\n\n\n<figure class=\"wp-block-image size-large\"><img loading=\"lazy\" decoding=\"async\" width=\"593\" height=\"395\" data-id=\"13773456\" src=\"https:\/\/kapitalis.com\/tunisie\/wp-content\/uploads\/2024\/08\/Angham-fi-Dhekira7.jpg\" alt=\"\" class=\"wp-image-13773456\" srcset=\"https:\/\/kapitalis.com\/tunisie\/wp-content\/uploads\/2024\/08\/Angham-fi-Dhekira7.jpg 593w, https:\/\/kapitalis.com\/tunisie\/wp-content\/uploads\/2024\/08\/Angham-fi-Dhekira7-300x200.jpg 300w, https:\/\/kapitalis.com\/tunisie\/wp-content\/uploads\/2024\/08\/Angham-fi-Dhekira7-580x386.jpg 580w\" sizes=\"auto, (max-width: 593px) 100vw, 593px\" \/><\/figure>\n\n\n\n<figure class=\"wp-block-image size-large\"><img loading=\"lazy\" decoding=\"async\" width=\"1024\" height=\"683\" data-id=\"13773458\" src=\"https:\/\/kapitalis.com\/tunisie\/wp-content\/uploads\/2024\/08\/Angham-fi-Dhekira10-1024x683.jpg\" alt=\"\" class=\"wp-image-13773458\" srcset=\"https:\/\/kapitalis.com\/tunisie\/wp-content\/uploads\/2024\/08\/Angham-fi-Dhekira10-1024x683.jpg 1024w, https:\/\/kapitalis.com\/tunisie\/wp-content\/uploads\/2024\/08\/Angham-fi-Dhekira10-300x200.jpg 300w, https:\/\/kapitalis.com\/tunisie\/wp-content\/uploads\/2024\/08\/Angham-fi-Dhekira10-768x512.jpg 768w, https:\/\/kapitalis.com\/tunisie\/wp-content\/uploads\/2024\/08\/Angham-fi-Dhekira10-1536x1024.jpg 1536w, https:\/\/kapitalis.com\/tunisie\/wp-content\/uploads\/2024\/08\/Angham-fi-Dhekira10-580x387.jpg 580w, https:\/\/kapitalis.com\/tunisie\/wp-content\/uploads\/2024\/08\/Angham-fi-Dhekira10-860x573.jpg 860w, https:\/\/kapitalis.com\/tunisie\/wp-content\/uploads\/2024\/08\/Angham-fi-Dhekira10-1160x773.jpg 1160w, https:\/\/kapitalis.com\/tunisie\/wp-content\/uploads\/2024\/08\/Angham-fi-Dhekira10.jpg 2048w\" sizes=\"auto, (max-width: 1024px) 100vw, 1024px\" \/><\/figure>\n\n\n\n<figure class=\"wp-block-image size-large\"><img loading=\"lazy\" decoding=\"async\" width=\"1024\" height=\"683\" data-id=\"13773459\" src=\"https:\/\/kapitalis.com\/tunisie\/wp-content\/uploads\/2024\/08\/Angham-fi-Dhekira9-1024x683.jpg\" alt=\"\" class=\"wp-image-13773459\" srcset=\"https:\/\/kapitalis.com\/tunisie\/wp-content\/uploads\/2024\/08\/Angham-fi-Dhekira9-1024x683.jpg 1024w, https:\/\/kapitalis.com\/tunisie\/wp-content\/uploads\/2024\/08\/Angham-fi-Dhekira9-300x200.jpg 300w, https:\/\/kapitalis.com\/tunisie\/wp-content\/uploads\/2024\/08\/Angham-fi-Dhekira9-768x512.jpg 768w, https:\/\/kapitalis.com\/tunisie\/wp-content\/uploads\/2024\/08\/Angham-fi-Dhekira9-1536x1024.jpg 1536w, https:\/\/kapitalis.com\/tunisie\/wp-content\/uploads\/2024\/08\/Angham-fi-Dhekira9-580x387.jpg 580w, https:\/\/kapitalis.com\/tunisie\/wp-content\/uploads\/2024\/08\/Angham-fi-Dhekira9-860x573.jpg 860w, https:\/\/kapitalis.com\/tunisie\/wp-content\/uploads\/2024\/08\/Angham-fi-Dhekira9-1160x773.jpg 1160w, https:\/\/kapitalis.com\/tunisie\/wp-content\/uploads\/2024\/08\/Angham-fi-Dhekira9.jpg 2048w\" sizes=\"auto, (max-width: 1024px) 100vw, 1024px\" \/><\/figure>\n\n\n\n<figure class=\"wp-block-image size-large\"><img loading=\"lazy\" decoding=\"async\" width=\"1024\" height=\"683\" data-id=\"13773460\" src=\"https:\/\/kapitalis.com\/tunisie\/wp-content\/uploads\/2024\/08\/Angham-fi-Dhekira8-1024x683.jpg\" alt=\"\" class=\"wp-image-13773460\" srcset=\"https:\/\/kapitalis.com\/tunisie\/wp-content\/uploads\/2024\/08\/Angham-fi-Dhekira8-1024x683.jpg 1024w, https:\/\/kapitalis.com\/tunisie\/wp-content\/uploads\/2024\/08\/Angham-fi-Dhekira8-300x200.jpg 300w, https:\/\/kapitalis.com\/tunisie\/wp-content\/uploads\/2024\/08\/Angham-fi-Dhekira8-768x512.jpg 768w, https:\/\/kapitalis.com\/tunisie\/wp-content\/uploads\/2024\/08\/Angham-fi-Dhekira8-1536x1024.jpg 1536w, https:\/\/kapitalis.com\/tunisie\/wp-content\/uploads\/2024\/08\/Angham-fi-Dhekira8-580x387.jpg 580w, https:\/\/kapitalis.com\/tunisie\/wp-content\/uploads\/2024\/08\/Angham-fi-Dhekira8-860x573.jpg 860w, https:\/\/kapitalis.com\/tunisie\/wp-content\/uploads\/2024\/08\/Angham-fi-Dhekira8-1160x773.jpg 1160w, https:\/\/kapitalis.com\/tunisie\/wp-content\/uploads\/2024\/08\/Angham-fi-Dhekira8.jpg 2048w\" sizes=\"auto, (max-width: 1024px) 100vw, 1024px\" \/><\/figure>\n<\/figure>\n\n\n\n<p><br>Du chant, le public est pass\u00e9 aux notes de luth avec Ridha Chmak qui a \u00e9merveill\u00e9 en jouant au \u00ab Oud \u00bb mais aussi en chantant \u00ab Iradet El hayet \u00bb.<\/p>\n\n\n\n<p>Chedly Hajji prend par la suite la rel\u00e8ve pour interpr\u00e9ter de son r\u00e9pertoire ses c\u00e9l\u00e8bres tubes \u00e0 succ\u00e8s \u00ab Ghaddar \u00bb, \u00ab Mazelt Sghir \u00bb \u00ab Mihi maa Laryeh \u00bb, \u00ab mahla rabii chbebna \u00bb avant que le concert touche \u00e0 sa fin, c\u2019est au tour de Sofiene Zeidi d\u2019\u00e9merveiller le public en interpr\u00e9tant \u00ab Zidi Aliya \u00bb, \u00ab Ena taal sabri \u00bb, \u00ab Mahboubi \u00bb et \u00ab mahla zin chbebana \u00bb, fortement appr\u00e9ci\u00e9s et ovationn\u00e9s par le public dans une soir\u00e9e o\u00f9 la chanson tunisienne, mise \u00e0 l\u2019honneur, a fait le bonheur des festivaliers.<\/p>\n\n\n\n<p class=\"has-text-align-right\"><strong>Communiqu\u00e9<\/strong><\/p>\n","protected":false},"excerpt":{"rendered":"<p>Le Th\u00e9\u00e2tre romain de Carthage a vibr\u00e9 dans la nuit du mercredi 14 ao\u00fbt 2024 au rythme de la soir\u00e9e \u00ab Angham fi dhekira 3 \u00bb qui a mis \u00e0 l\u2019honneur cette ann\u00e9e dans le cadre de la 58\u00e8me \u00e9dition du Festival international de Carthage quatre grands artistes tunisiens de renom \u00e0 savoir le chanteur&#8230;<\/p>\n","protected":false},"author":6,"featured_media":13773473,"comment_status":"closed","ping_status":"open","sticky":false,"template":"","format":"standard","meta":{"footnotes":""},"categories":[994,2433],"tags":[117473,4798,117474],"class_list":["post-13773429","post","type-post","status-publish","format-standard","has-post-thumbnail","hentry","category-culture","category-tunisie","tag-angham-fi-dhekira","tag-festival-de-carthage","tag-r-moncef-boukthir"],"yoast_head":"<!-- This site is optimized with the Yoast SEO plugin v26.6 - https:\/\/yoast.com\/wordpress\/plugins\/seo\/ -->\n<title>\u00ab Angham fi Dhekira 3 \u00bb \u00e0 Carthage : Un hommage, une rel\u00e8ve (Photos) - Kapitalis<\/title>\n<meta name=\"robots\" content=\"index, follow, max-snippet:-1, max-image-preview:large, max-video-preview:-1\" \/>\n<link rel=\"canonical\" href=\"https:\/\/kapitalis.com\/tunisie\/2024\/08\/15\/angham-fi-dhekira-3-a-carthage-un-hommage-une-releve-photos\/\" \/>\n<meta property=\"og:locale\" content=\"fr_FR\" \/>\n<meta property=\"og:type\" content=\"article\" \/>\n<meta property=\"og:title\" content=\"\u00ab Angham fi Dhekira 3 \u00bb \u00e0 Carthage : Un hommage, une rel\u00e8ve (Photos) - Kapitalis\" \/>\n<meta property=\"og:description\" content=\"Le Th\u00e9\u00e2tre romain de Carthage a vibr\u00e9 dans la nuit du mercredi 14 ao\u00fbt 2024 au rythme de la soir\u00e9e \u00ab Angham fi dhekira 3 \u00bb qui a mis \u00e0 l\u2019honneur cette ann\u00e9e dans le cadre de la 58\u00e8me \u00e9dition du Festival international de Carthage quatre grands artistes tunisiens de renom \u00e0 savoir le chanteur...\" \/>\n<meta property=\"og:url\" content=\"https:\/\/kapitalis.com\/tunisie\/2024\/08\/15\/angham-fi-dhekira-3-a-carthage-un-hommage-une-releve-photos\/\" \/>\n<meta property=\"og:site_name\" content=\"Kapitalis\" \/>\n<meta property=\"article:publisher\" content=\"https:\/\/www.facebook.com\/KapitalisInfo\/\" \/>\n<meta property=\"article:published_time\" content=\"2024-08-15T20:35:41+00:00\" \/>\n<meta property=\"article:modified_time\" content=\"2024-08-15T20:39:01+00:00\" \/>\n<meta property=\"og:image\" content=\"https:\/\/kapitalis.com\/tunisie\/wp-content\/uploads\/2024\/08\/Angham-fi-Dhekira-Carthage.jpg\" \/>\n\t<meta property=\"og:image:width\" content=\"1200\" \/>\n\t<meta property=\"og:image:height\" content=\"630\" \/>\n\t<meta property=\"og:image:type\" content=\"image\/jpeg\" \/>\n<meta name=\"author\" content=\"Yusra NY\" \/>\n<meta name=\"twitter:card\" content=\"summary_large_image\" \/>\n<meta name=\"twitter:creator\" content=\"@KapitalisInfo\" \/>\n<meta name=\"twitter:site\" content=\"@KapitalisInfo\" \/>\n<meta name=\"twitter:label1\" content=\"\u00c9crit par\" \/>\n\t<meta name=\"twitter:data1\" content=\"Yusra NY\" \/>\n\t<meta name=\"twitter:label2\" content=\"Dur\u00e9e de lecture estim\u00e9e\" \/>\n\t<meta name=\"twitter:data2\" content=\"5 minutes\" \/>\n<script type=\"application\/ld+json\" class=\"yoast-schema-graph\">{\"@context\":\"https:\/\/schema.org\",\"@graph\":[{\"@type\":\"Article\",\"@id\":\"https:\/\/kapitalis.com\/tunisie\/2024\/08\/15\/angham-fi-dhekira-3-a-carthage-un-hommage-une-releve-photos\/#article\",\"isPartOf\":{\"@id\":\"https:\/\/kapitalis.com\/tunisie\/2024\/08\/15\/angham-fi-dhekira-3-a-carthage-un-hommage-une-releve-photos\/\"},\"author\":{\"name\":\"Yusra NY\",\"@id\":\"https:\/\/kapitalis.com\/tunisie\/#\/schema\/person\/74bbde0154d49d790a92aaeac5bc01d5\"},\"headline\":\"\u00ab Angham fi Dhekira 3 \u00bb \u00e0 Carthage : Un hommage, une rel\u00e8ve (Photos)\",\"datePublished\":\"2024-08-15T20:35:41+00:00\",\"dateModified\":\"2024-08-15T20:39:01+00:00\",\"mainEntityOfPage\":{\"@id\":\"https:\/\/kapitalis.com\/tunisie\/2024\/08\/15\/angham-fi-dhekira-3-a-carthage-un-hommage-une-releve-photos\/\"},\"wordCount\":382,\"publisher\":{\"@id\":\"https:\/\/kapitalis.com\/tunisie\/#organization\"},\"image\":{\"@id\":\"https:\/\/kapitalis.com\/tunisie\/2024\/08\/15\/angham-fi-dhekira-3-a-carthage-un-hommage-une-releve-photos\/#primaryimage\"},\"thumbnailUrl\":\"https:\/\/kapitalis.com\/tunisie\/wp-content\/uploads\/2024\/08\/Angham-fi-Dhekira-Carthage.jpg\",\"keywords\":[\"Angham fi Dhekira\",\"Festival de Carthage\",\"r Moncef Boukthir\"],\"articleSection\":[\"CULTURE\",\"Tunisie\"],\"inLanguage\":\"fr-FR\"},{\"@type\":\"WebPage\",\"@id\":\"https:\/\/kapitalis.com\/tunisie\/2024\/08\/15\/angham-fi-dhekira-3-a-carthage-un-hommage-une-releve-photos\/\",\"url\":\"https:\/\/kapitalis.com\/tunisie\/2024\/08\/15\/angham-fi-dhekira-3-a-carthage-un-hommage-une-releve-photos\/\",\"name\":\"\u00ab Angham fi Dhekira 3 \u00bb \u00e0 Carthage : Un hommage, une rel\u00e8ve (Photos) - Kapitalis\",\"isPartOf\":{\"@id\":\"https:\/\/kapitalis.com\/tunisie\/#website\"},\"primaryImageOfPage\":{\"@id\":\"https:\/\/kapitalis.com\/tunisie\/2024\/08\/15\/angham-fi-dhekira-3-a-carthage-un-hommage-une-releve-photos\/#primaryimage\"},\"image\":{\"@id\":\"https:\/\/kapitalis.com\/tunisie\/2024\/08\/15\/angham-fi-dhekira-3-a-carthage-un-hommage-une-releve-photos\/#primaryimage\"},\"thumbnailUrl\":\"https:\/\/kapitalis.com\/tunisie\/wp-content\/uploads\/2024\/08\/Angham-fi-Dhekira-Carthage.jpg\",\"datePublished\":\"2024-08-15T20:35:41+00:00\",\"dateModified\":\"2024-08-15T20:39:01+00:00\",\"breadcrumb\":{\"@id\":\"https:\/\/kapitalis.com\/tunisie\/2024\/08\/15\/angham-fi-dhekira-3-a-carthage-un-hommage-une-releve-photos\/#breadcrumb\"},\"inLanguage\":\"fr-FR\",\"potentialAction\":[{\"@type\":\"ReadAction\",\"target\":[\"https:\/\/kapitalis.com\/tunisie\/2024\/08\/15\/angham-fi-dhekira-3-a-carthage-un-hommage-une-releve-photos\/\"]}]},{\"@type\":\"ImageObject\",\"inLanguage\":\"fr-FR\",\"@id\":\"https:\/\/kapitalis.com\/tunisie\/2024\/08\/15\/angham-fi-dhekira-3-a-carthage-un-hommage-une-releve-photos\/#primaryimage\",\"url\":\"https:\/\/kapitalis.com\/tunisie\/wp-content\/uploads\/2024\/08\/Angham-fi-Dhekira-Carthage.jpg\",\"contentUrl\":\"https:\/\/kapitalis.com\/tunisie\/wp-content\/uploads\/2024\/08\/Angham-fi-Dhekira-Carthage.jpg\",\"width\":1200,\"height\":630},{\"@type\":\"BreadcrumbList\",\"@id\":\"https:\/\/kapitalis.com\/tunisie\/2024\/08\/15\/angham-fi-dhekira-3-a-carthage-un-hommage-une-releve-photos\/#breadcrumb\",\"itemListElement\":[{\"@type\":\"ListItem\",\"position\":1,\"name\":\"Accueil\",\"item\":\"https:\/\/kapitalis.com\/tunisie\/\"},{\"@type\":\"ListItem\",\"position\":2,\"name\":\"\u00ab Angham fi Dhekira 3 \u00bb \u00e0 Carthage : Un hommage, une rel\u00e8ve (Photos)\"}]},{\"@type\":\"WebSite\",\"@id\":\"https:\/\/kapitalis.com\/tunisie\/#website\",\"url\":\"https:\/\/kapitalis.com\/tunisie\/\",\"name\":\"Kapitalis\",\"description\":\"L&#039;actualit\u00e9 en Tunisie et dans le monde\",\"publisher\":{\"@id\":\"https:\/\/kapitalis.com\/tunisie\/#organization\"},\"potentialAction\":[{\"@type\":\"SearchAction\",\"target\":{\"@type\":\"EntryPoint\",\"urlTemplate\":\"https:\/\/kapitalis.com\/tunisie\/?s={search_term_string}\"},\"query-input\":{\"@type\":\"PropertyValueSpecification\",\"valueRequired\":true,\"valueName\":\"search_term_string\"}}],\"inLanguage\":\"fr-FR\"},{\"@type\":\"Organization\",\"@id\":\"https:\/\/kapitalis.com\/tunisie\/#organization\",\"name\":\"Kapitalis\",\"url\":\"https:\/\/kapitalis.com\/tunisie\/\",\"logo\":{\"@type\":\"ImageObject\",\"inLanguage\":\"fr-FR\",\"@id\":\"https:\/\/kapitalis.com\/tunisie\/#\/schema\/logo\/image\/\",\"url\":\"https:\/\/kapitalis.com\/tunisie\/wp-content\/uploads\/2022\/05\/Kapitalis-big-size.png\",\"contentUrl\":\"https:\/\/kapitalis.com\/tunisie\/wp-content\/uploads\/2022\/05\/Kapitalis-big-size.png\",\"width\":5000,\"height\":1500,\"caption\":\"Kapitalis\"},\"image\":{\"@id\":\"https:\/\/kapitalis.com\/tunisie\/#\/schema\/logo\/image\/\"},\"sameAs\":[\"https:\/\/www.facebook.com\/KapitalisInfo\/\",\"https:\/\/x.com\/KapitalisInfo\",\"https:\/\/www.youtube.com\/channel\/UC-yDYrHyfFBWWZaOw3FPg9Q\"]},{\"@type\":\"Person\",\"@id\":\"https:\/\/kapitalis.com\/tunisie\/#\/schema\/person\/74bbde0154d49d790a92aaeac5bc01d5\",\"name\":\"Yusra NY\",\"url\":\"https:\/\/kapitalis.com\/tunisie\/author\/yuza_adam\/\"}]}<\/script>\n<!-- \/ Yoast SEO plugin. -->","yoast_head_json":{"title":"\u00ab Angham fi Dhekira 3 \u00bb \u00e0 Carthage : Un hommage, une rel\u00e8ve (Photos) - Kapitalis","robots":{"index":"index","follow":"follow","max-snippet":"max-snippet:-1","max-image-preview":"max-image-preview:large","max-video-preview":"max-video-preview:-1"},"canonical":"https:\/\/kapitalis.com\/tunisie\/2024\/08\/15\/angham-fi-dhekira-3-a-carthage-un-hommage-une-releve-photos\/","og_locale":"fr_FR","og_type":"article","og_title":"\u00ab Angham fi Dhekira 3 \u00bb \u00e0 Carthage : Un hommage, une rel\u00e8ve (Photos) - Kapitalis","og_description":"Le Th\u00e9\u00e2tre romain de Carthage a vibr\u00e9 dans la nuit du mercredi 14 ao\u00fbt 2024 au rythme de la soir\u00e9e \u00ab Angham fi dhekira 3 \u00bb qui a mis \u00e0 l\u2019honneur cette ann\u00e9e dans le cadre de la 58\u00e8me \u00e9dition du Festival international de Carthage quatre grands artistes tunisiens de renom \u00e0 savoir le chanteur...","og_url":"https:\/\/kapitalis.com\/tunisie\/2024\/08\/15\/angham-fi-dhekira-3-a-carthage-un-hommage-une-releve-photos\/","og_site_name":"Kapitalis","article_publisher":"https:\/\/www.facebook.com\/KapitalisInfo\/","article_published_time":"2024-08-15T20:35:41+00:00","article_modified_time":"2024-08-15T20:39:01+00:00","og_image":[{"width":1200,"height":630,"url":"https:\/\/kapitalis.com\/tunisie\/wp-content\/uploads\/2024\/08\/Angham-fi-Dhekira-Carthage.jpg","type":"image\/jpeg"}],"author":"Yusra NY","twitter_card":"summary_large_image","twitter_creator":"@KapitalisInfo","twitter_site":"@KapitalisInfo","twitter_misc":{"\u00c9crit par":"Yusra NY","Dur\u00e9e de lecture estim\u00e9e":"5 minutes"},"schema":{"@context":"https:\/\/schema.org","@graph":[{"@type":"Article","@id":"https:\/\/kapitalis.com\/tunisie\/2024\/08\/15\/angham-fi-dhekira-3-a-carthage-un-hommage-une-releve-photos\/#article","isPartOf":{"@id":"https:\/\/kapitalis.com\/tunisie\/2024\/08\/15\/angham-fi-dhekira-3-a-carthage-un-hommage-une-releve-photos\/"},"author":{"name":"Yusra NY","@id":"https:\/\/kapitalis.com\/tunisie\/#\/schema\/person\/74bbde0154d49d790a92aaeac5bc01d5"},"headline":"\u00ab Angham fi Dhekira 3 \u00bb \u00e0 Carthage : Un hommage, une rel\u00e8ve (Photos)","datePublished":"2024-08-15T20:35:41+00:00","dateModified":"2024-08-15T20:39:01+00:00","mainEntityOfPage":{"@id":"https:\/\/kapitalis.com\/tunisie\/2024\/08\/15\/angham-fi-dhekira-3-a-carthage-un-hommage-une-releve-photos\/"},"wordCount":382,"publisher":{"@id":"https:\/\/kapitalis.com\/tunisie\/#organization"},"image":{"@id":"https:\/\/kapitalis.com\/tunisie\/2024\/08\/15\/angham-fi-dhekira-3-a-carthage-un-hommage-une-releve-photos\/#primaryimage"},"thumbnailUrl":"https:\/\/kapitalis.com\/tunisie\/wp-content\/uploads\/2024\/08\/Angham-fi-Dhekira-Carthage.jpg","keywords":["Angham fi Dhekira","Festival de Carthage","r Moncef Boukthir"],"articleSection":["CULTURE","Tunisie"],"inLanguage":"fr-FR"},{"@type":"WebPage","@id":"https:\/\/kapitalis.com\/tunisie\/2024\/08\/15\/angham-fi-dhekira-3-a-carthage-un-hommage-une-releve-photos\/","url":"https:\/\/kapitalis.com\/tunisie\/2024\/08\/15\/angham-fi-dhekira-3-a-carthage-un-hommage-une-releve-photos\/","name":"\u00ab Angham fi Dhekira 3 \u00bb \u00e0 Carthage : Un hommage, une rel\u00e8ve (Photos) - Kapitalis","isPartOf":{"@id":"https:\/\/kapitalis.com\/tunisie\/#website"},"primaryImageOfPage":{"@id":"https:\/\/kapitalis.com\/tunisie\/2024\/08\/15\/angham-fi-dhekira-3-a-carthage-un-hommage-une-releve-photos\/#primaryimage"},"image":{"@id":"https:\/\/kapitalis.com\/tunisie\/2024\/08\/15\/angham-fi-dhekira-3-a-carthage-un-hommage-une-releve-photos\/#primaryimage"},"thumbnailUrl":"https:\/\/kapitalis.com\/tunisie\/wp-content\/uploads\/2024\/08\/Angham-fi-Dhekira-Carthage.jpg","datePublished":"2024-08-15T20:35:41+00:00","dateModified":"2024-08-15T20:39:01+00:00","breadcrumb":{"@id":"https:\/\/kapitalis.com\/tunisie\/2024\/08\/15\/angham-fi-dhekira-3-a-carthage-un-hommage-une-releve-photos\/#breadcrumb"},"inLanguage":"fr-FR","potentialAction":[{"@type":"ReadAction","target":["https:\/\/kapitalis.com\/tunisie\/2024\/08\/15\/angham-fi-dhekira-3-a-carthage-un-hommage-une-releve-photos\/"]}]},{"@type":"ImageObject","inLanguage":"fr-FR","@id":"https:\/\/kapitalis.com\/tunisie\/2024\/08\/15\/angham-fi-dhekira-3-a-carthage-un-hommage-une-releve-photos\/#primaryimage","url":"https:\/\/kapitalis.com\/tunisie\/wp-content\/uploads\/2024\/08\/Angham-fi-Dhekira-Carthage.jpg","contentUrl":"https:\/\/kapitalis.com\/tunisie\/wp-content\/uploads\/2024\/08\/Angham-fi-Dhekira-Carthage.jpg","width":1200,"height":630},{"@type":"BreadcrumbList","@id":"https:\/\/kapitalis.com\/tunisie\/2024\/08\/15\/angham-fi-dhekira-3-a-carthage-un-hommage-une-releve-photos\/#breadcrumb","itemListElement":[{"@type":"ListItem","position":1,"name":"Accueil","item":"https:\/\/kapitalis.com\/tunisie\/"},{"@type":"ListItem","position":2,"name":"\u00ab Angham fi Dhekira 3 \u00bb \u00e0 Carthage : Un hommage, une rel\u00e8ve (Photos)"}]},{"@type":"WebSite","@id":"https:\/\/kapitalis.com\/tunisie\/#website","url":"https:\/\/kapitalis.com\/tunisie\/","name":"Kapitalis","description":"L&#039;actualit\u00e9 en Tunisie et dans le monde","publisher":{"@id":"https:\/\/kapitalis.com\/tunisie\/#organization"},"potentialAction":[{"@type":"SearchAction","target":{"@type":"EntryPoint","urlTemplate":"https:\/\/kapitalis.com\/tunisie\/?s={search_term_string}"},"query-input":{"@type":"PropertyValueSpecification","valueRequired":true,"valueName":"search_term_string"}}],"inLanguage":"fr-FR"},{"@type":"Organization","@id":"https:\/\/kapitalis.com\/tunisie\/#organization","name":"Kapitalis","url":"https:\/\/kapitalis.com\/tunisie\/","logo":{"@type":"ImageObject","inLanguage":"fr-FR","@id":"https:\/\/kapitalis.com\/tunisie\/#\/schema\/logo\/image\/","url":"https:\/\/kapitalis.com\/tunisie\/wp-content\/uploads\/2022\/05\/Kapitalis-big-size.png","contentUrl":"https:\/\/kapitalis.com\/tunisie\/wp-content\/uploads\/2022\/05\/Kapitalis-big-size.png","width":5000,"height":1500,"caption":"Kapitalis"},"image":{"@id":"https:\/\/kapitalis.com\/tunisie\/#\/schema\/logo\/image\/"},"sameAs":["https:\/\/www.facebook.com\/KapitalisInfo\/","https:\/\/x.com\/KapitalisInfo","https:\/\/www.youtube.com\/channel\/UC-yDYrHyfFBWWZaOw3FPg9Q"]},{"@type":"Person","@id":"https:\/\/kapitalis.com\/tunisie\/#\/schema\/person\/74bbde0154d49d790a92aaeac5bc01d5","name":"Yusra NY","url":"https:\/\/kapitalis.com\/tunisie\/author\/yuza_adam\/"}]}},"_links":{"self":[{"href":"https:\/\/kapitalis.com\/tunisie\/wp-json\/wp\/v2\/posts\/13773429","targetHints":{"allow":["GET"]}}],"collection":[{"href":"https:\/\/kapitalis.com\/tunisie\/wp-json\/wp\/v2\/posts"}],"about":[{"href":"https:\/\/kapitalis.com\/tunisie\/wp-json\/wp\/v2\/types\/post"}],"author":[{"embeddable":true,"href":"https:\/\/kapitalis.com\/tunisie\/wp-json\/wp\/v2\/users\/6"}],"replies":[{"embeddable":true,"href":"https:\/\/kapitalis.com\/tunisie\/wp-json\/wp\/v2\/comments?post=13773429"}],"version-history":[{"count":2,"href":"https:\/\/kapitalis.com\/tunisie\/wp-json\/wp\/v2\/posts\/13773429\/revisions"}],"predecessor-version":[{"id":13773533,"href":"https:\/\/kapitalis.com\/tunisie\/wp-json\/wp\/v2\/posts\/13773429\/revisions\/13773533"}],"wp:featuredmedia":[{"embeddable":true,"href":"https:\/\/kapitalis.com\/tunisie\/wp-json\/wp\/v2\/media\/13773473"}],"wp:attachment":[{"href":"https:\/\/kapitalis.com\/tunisie\/wp-json\/wp\/v2\/media?parent=13773429"}],"wp:term":[{"taxonomy":"category","embeddable":true,"href":"https:\/\/kapitalis.com\/tunisie\/wp-json\/wp\/v2\/categories?post=13773429"},{"taxonomy":"post_tag","embeddable":true,"href":"https:\/\/kapitalis.com\/tunisie\/wp-json\/wp\/v2\/tags?post=13773429"}],"curies":[{"name":"wp","href":"https:\/\/api.w.org\/{rel}","templated":true}]}}