{"id":13782451,"date":"2024-08-17T11:24:08","date_gmt":"2024-08-17T10:24:08","guid":{"rendered":"https:\/\/kapitalis.com\/tunisie\/?p=13782451"},"modified":"2024-08-17T11:24:09","modified_gmt":"2024-08-17T10:24:09","slug":"presidentielle-tunisienne-rejet-du-recours-de-abdellatif-mekki-contre-lisie","status":"publish","type":"post","link":"https:\/\/kapitalis.com\/tunisie\/2024\/08\/17\/presidentielle-tunisienne-rejet-du-recours-de-abdellatif-mekki-contre-lisie\/","title":{"rendered":"Pr\u00e9sidentielle tunisienne\u00a0: rejet du recours de Abdellatif Mekki contre l\u2019Isie"},"content":{"rendered":"\n<p><strong><em>Le tribunal administratif a rejet\u00e9 sur la forme le recours de Abdellatif Mekki, secr\u00e9taire g\u00e9n\u00e9ral du parti Amal Wa Injaz (Travail et r\u00e9alisation), contre la d\u00e9cision de l\u2019Instance sup\u00e9rieure ind\u00e9pendante pour les \u00e9lections (Isie) rejetant son dossier de candidature \u00e0 la pr\u00e9sidentielle du 6 octobre prochain.<\/em><\/strong><\/p>\n\n\n\n<!--more-->\n\n\n\n<p>C\u2019est le second rejet annonc\u00e9 apr\u00e8s celui du recours introduit par<a href=\"https:\/\/kapitalis.com\/tunisie\/2024\/08\/16\/presidentielle-tunisienne-le-tribunal-administratif-rejette-le-recours-de-neji-jalloul\/\" target=\"_blank\" rel=\"noreferrer noopener\"> Neji Jalloul<\/a>, pr\u00e9sident du parti de la Coalition nationale tunisienne. <\/p>\n\n\n\n<p>Selon le porte-parole du tribunal administratif, le juge Fay\u00e7al Bouguerra, cit\u00e9 par <a href=\"https:\/\/www.mosaiquefm.net\/ar\/%D8%A7%D9%84%D8%A5%D9%86%D8%AA%D8%AE%D8%A7%D8%A8%D8%A7%D8%AA-%D8%A7%D9%84%D8%B1%D8%A6%D8%A7%D8%B3%D9%8A%D8%A9-2024\/1303100\/%D8%A7%D9%84%D9%85%D8%AD%D9%83%D9%85%D8%A9-%D8%A7%D9%84%D8%A5%D8%AF%D8%A7%D8%B1%D9%8A%D8%A9-%D8%AA%D8%A4%D9%8A%D8%AF-%D8%B1%D9%81%D8%B6-%D9%85%D9%84%D9%81-%D8%AA%D8%B1%D8%B4%D8%AD-%D8%B9%D8%A8%D8%AF-%D8%A7%D9%84%D9%84%D8%B7%D9%8A%D9%81-%D8%A7%D9%84%D9%85%D9%83%D9%8A\" target=\"_blank\" rel=\"noreferrer noopener\">Mosa\u00efque<\/a>, les chambres d\u2019appel charg\u00e9e des recours dans le cadre des litiges \u00e9lectoraux relatifs aux \u00e9lections pr\u00e9sidentielles, ont annonc\u00e9, aujourd\u2019hui, samedi 17 ao\u00fbt 2024, le rejet du recours introduit par l&rsquo;ancien ministre de la Sant\u00e9, Abdellatif Mekki, apr\u00e8s qu\u2019une autre chambre d\u2019appel ait d\u00e9cid\u00e9, la veille, le rejet du recours sur la forme. \u00a0\u00a0\u00a0<\/p>\n\n\n\n<p class=\"has-text-align-right\"><strong>I. B.<\/strong> <\/p>\n\n\n\n<figure class=\"wp-block-embed is-type-wp-embed is-provider-kapitalis wp-block-embed-kapitalis\"><div class=\"wp-block-embed__wrapper\">\n<blockquote class=\"wp-embedded-content\" data-secret=\"7ou8kdY8a7\"><a href=\"https:\/\/kapitalis.com\/tunisie\/2024\/08\/01\/tunisie-abdellatif-mekki-laisse-en-liberte\/\">Tunisie : Abdellatif Mekki laiss\u00e9 en libert\u00e9<\/a><\/blockquote><iframe loading=\"lazy\" class=\"wp-embedded-content\" sandbox=\"allow-scripts\" security=\"restricted\" style=\"position: absolute; visibility: hidden;\" title=\"\u00ab\u00a0Tunisie : Abdellatif Mekki laiss\u00e9 en libert\u00e9\u00a0\u00bb &#8212; Kapitalis\" src=\"https:\/\/kapitalis.com\/tunisie\/2024\/08\/01\/tunisie-abdellatif-mekki-laisse-en-liberte\/embed\/#?secret=XgXmhbzYAQ#?secret=7ou8kdY8a7\" data-secret=\"7ou8kdY8a7\" width=\"600\" height=\"338\" frameborder=\"0\" marginwidth=\"0\" marginheight=\"0\" scrolling=\"no\"><\/iframe>\n<\/div><\/figure>\n","protected":false},"excerpt":{"rendered":"<p>Le tribunal administratif rejette le recours de Abdellatif Mekki contre la d\u00e9cision de la commission \u00e9lectorale rejetant sa candidature \u00e0 la pr\u00e9sidentielle.  <\/p>\n","protected":false},"author":8,"featured_media":1113658,"comment_status":"closed","ping_status":"open","sticky":false,"template":"","format":"standard","meta":{"footnotes":""},"categories":[997,2433],"tags":[17,116547,81727,86197,3159,4797,1772,62643],"class_list":["post-13782451","post","type-post","status-publish","format-standard","has-post-thumbnail","hentry","category-politique","category-tunisie","tag-abdellatif-mekki","tag-amal-wa-injaz","tag-coalition-nationale-tunisienne","tag-faycal-bouguerra","tag-neji-jalloul","tag-presidentielle","tag-tribunal-administratif","tag-tunisie"],"yoast_head":"<!-- This site is optimized with the Yoast SEO plugin v26.6 - https:\/\/yoast.com\/wordpress\/plugins\/seo\/ -->\n<title>Pr\u00e9sidentielle tunisienne\u00a0: rejet du recours de Abdellatif Mekki contre l\u2019Isie - Kapitalis<\/title>\n<meta name=\"robots\" content=\"index, follow, max-snippet:-1, max-image-preview:large, max-video-preview:-1\" \/>\n<link rel=\"canonical\" href=\"https:\/\/kapitalis.com\/tunisie\/2024\/08\/17\/presidentielle-tunisienne-rejet-du-recours-de-abdellatif-mekki-contre-lisie\/\" \/>\n<meta property=\"og:locale\" content=\"fr_FR\" \/>\n<meta property=\"og:type\" content=\"article\" \/>\n<meta property=\"og:title\" content=\"Pr\u00e9sidentielle tunisienne\u00a0: rejet du recours de Abdellatif Mekki contre l\u2019Isie - Kapitalis\" \/>\n<meta property=\"og:description\" content=\"Le tribunal administratif rejette le recours de Abdellatif Mekki contre la d\u00e9cision de la commission \u00e9lectorale rejetant sa candidature \u00e0 la pr\u00e9sidentielle.\" \/>\n<meta property=\"og:url\" content=\"https:\/\/kapitalis.com\/tunisie\/2024\/08\/17\/presidentielle-tunisienne-rejet-du-recours-de-abdellatif-mekki-contre-lisie\/\" \/>\n<meta property=\"og:site_name\" content=\"Kapitalis\" \/>\n<meta property=\"article:publisher\" content=\"https:\/\/www.facebook.com\/KapitalisInfo\/\" \/>\n<meta property=\"article:published_time\" content=\"2024-08-17T10:24:08+00:00\" \/>\n<meta property=\"article:modified_time\" content=\"2024-08-17T10:24:09+00:00\" \/>\n<meta property=\"og:image\" content=\"https:\/\/kapitalis.com\/tunisie\/wp-content\/uploads\/2022\/05\/abdellatif-mekki-2.jpg\" \/>\n\t<meta property=\"og:image:width\" content=\"1200\" \/>\n\t<meta property=\"og:image:height\" content=\"630\" \/>\n\t<meta property=\"og:image:type\" content=\"image\/jpeg\" \/>\n<meta name=\"author\" content=\"webmaster kapitalis\" \/>\n<meta name=\"twitter:card\" content=\"summary_large_image\" \/>\n<meta name=\"twitter:creator\" content=\"@KapitalisInfo\" \/>\n<meta name=\"twitter:site\" content=\"@KapitalisInfo\" \/>\n<meta name=\"twitter:label1\" content=\"\u00c9crit par\" \/>\n\t<meta name=\"twitter:data1\" content=\"webmaster kapitalis\" \/>\n\t<meta name=\"twitter:label2\" content=\"Dur\u00e9e de lecture estim\u00e9e\" \/>\n\t<meta name=\"twitter:data2\" content=\"1 minute\" \/>\n<script type=\"application\/ld+json\" class=\"yoast-schema-graph\">{\"@context\":\"https:\/\/schema.org\",\"@graph\":[{\"@type\":\"Article\",\"@id\":\"https:\/\/kapitalis.com\/tunisie\/2024\/08\/17\/presidentielle-tunisienne-rejet-du-recours-de-abdellatif-mekki-contre-lisie\/#article\",\"isPartOf\":{\"@id\":\"https:\/\/kapitalis.com\/tunisie\/2024\/08\/17\/presidentielle-tunisienne-rejet-du-recours-de-abdellatif-mekki-contre-lisie\/\"},\"author\":{\"name\":\"webmaster kapitalis\",\"@id\":\"https:\/\/kapitalis.com\/tunisie\/#\/schema\/person\/d71f33a9ca44f7bad4698210b480c8e9\"},\"headline\":\"Pr\u00e9sidentielle tunisienne\u00a0: rejet du recours de Abdellatif Mekki contre l\u2019Isie\",\"datePublished\":\"2024-08-17T10:24:08+00:00\",\"dateModified\":\"2024-08-17T10:24:09+00:00\",\"mainEntityOfPage\":{\"@id\":\"https:\/\/kapitalis.com\/tunisie\/2024\/08\/17\/presidentielle-tunisienne-rejet-du-recours-de-abdellatif-mekki-contre-lisie\/\"},\"wordCount\":170,\"publisher\":{\"@id\":\"https:\/\/kapitalis.com\/tunisie\/#organization\"},\"image\":{\"@id\":\"https:\/\/kapitalis.com\/tunisie\/2024\/08\/17\/presidentielle-tunisienne-rejet-du-recours-de-abdellatif-mekki-contre-lisie\/#primaryimage\"},\"thumbnailUrl\":\"https:\/\/kapitalis.com\/tunisie\/wp-content\/uploads\/2022\/05\/abdellatif-mekki-2.jpg\",\"keywords\":[\"Abdellatif Mekki\",\"Amal Wa Injaz\",\"Coalition nationale tunisienne\",\"Fay\u00e7al Bouguerra\",\"Neji Jalloul\",\"pr\u00e9sidentielle\",\"tribunal administratif\",\"Tunisie\"],\"articleSection\":[\"POLITIQUE\",\"Tunisie\"],\"inLanguage\":\"fr-FR\"},{\"@type\":\"WebPage\",\"@id\":\"https:\/\/kapitalis.com\/tunisie\/2024\/08\/17\/presidentielle-tunisienne-rejet-du-recours-de-abdellatif-mekki-contre-lisie\/\",\"url\":\"https:\/\/kapitalis.com\/tunisie\/2024\/08\/17\/presidentielle-tunisienne-rejet-du-recours-de-abdellatif-mekki-contre-lisie\/\",\"name\":\"Pr\u00e9sidentielle tunisienne\u00a0: rejet du recours de Abdellatif Mekki contre l\u2019Isie - Kapitalis\",\"isPartOf\":{\"@id\":\"https:\/\/kapitalis.com\/tunisie\/#website\"},\"primaryImageOfPage\":{\"@id\":\"https:\/\/kapitalis.com\/tunisie\/2024\/08\/17\/presidentielle-tunisienne-rejet-du-recours-de-abdellatif-mekki-contre-lisie\/#primaryimage\"},\"image\":{\"@id\":\"https:\/\/kapitalis.com\/tunisie\/2024\/08\/17\/presidentielle-tunisienne-rejet-du-recours-de-abdellatif-mekki-contre-lisie\/#primaryimage\"},\"thumbnailUrl\":\"https:\/\/kapitalis.com\/tunisie\/wp-content\/uploads\/2022\/05\/abdellatif-mekki-2.jpg\",\"datePublished\":\"2024-08-17T10:24:08+00:00\",\"dateModified\":\"2024-08-17T10:24:09+00:00\",\"breadcrumb\":{\"@id\":\"https:\/\/kapitalis.com\/tunisie\/2024\/08\/17\/presidentielle-tunisienne-rejet-du-recours-de-abdellatif-mekki-contre-lisie\/#breadcrumb\"},\"inLanguage\":\"fr-FR\",\"potentialAction\":[{\"@type\":\"ReadAction\",\"target\":[\"https:\/\/kapitalis.com\/tunisie\/2024\/08\/17\/presidentielle-tunisienne-rejet-du-recours-de-abdellatif-mekki-contre-lisie\/\"]}]},{\"@type\":\"ImageObject\",\"inLanguage\":\"fr-FR\",\"@id\":\"https:\/\/kapitalis.com\/tunisie\/2024\/08\/17\/presidentielle-tunisienne-rejet-du-recours-de-abdellatif-mekki-contre-lisie\/#primaryimage\",\"url\":\"https:\/\/kapitalis.com\/tunisie\/wp-content\/uploads\/2022\/05\/abdellatif-mekki-2.jpg\",\"contentUrl\":\"https:\/\/kapitalis.com\/tunisie\/wp-content\/uploads\/2022\/05\/abdellatif-mekki-2.jpg\",\"width\":1200,\"height\":630},{\"@type\":\"BreadcrumbList\",\"@id\":\"https:\/\/kapitalis.com\/tunisie\/2024\/08\/17\/presidentielle-tunisienne-rejet-du-recours-de-abdellatif-mekki-contre-lisie\/#breadcrumb\",\"itemListElement\":[{\"@type\":\"ListItem\",\"position\":1,\"name\":\"Accueil\",\"item\":\"https:\/\/kapitalis.com\/tunisie\/\"},{\"@type\":\"ListItem\",\"position\":2,\"name\":\"Pr\u00e9sidentielle tunisienne\u00a0: rejet du recours de Abdellatif Mekki contre l\u2019Isie\"}]},{\"@type\":\"WebSite\",\"@id\":\"https:\/\/kapitalis.com\/tunisie\/#website\",\"url\":\"https:\/\/kapitalis.com\/tunisie\/\",\"name\":\"Kapitalis\",\"description\":\"L&#039;actualit\u00e9 en Tunisie et dans le monde\",\"publisher\":{\"@id\":\"https:\/\/kapitalis.com\/tunisie\/#organization\"},\"potentialAction\":[{\"@type\":\"SearchAction\",\"target\":{\"@type\":\"EntryPoint\",\"urlTemplate\":\"https:\/\/kapitalis.com\/tunisie\/?s={search_term_string}\"},\"query-input\":{\"@type\":\"PropertyValueSpecification\",\"valueRequired\":true,\"valueName\":\"search_term_string\"}}],\"inLanguage\":\"fr-FR\"},{\"@type\":\"Organization\",\"@id\":\"https:\/\/kapitalis.com\/tunisie\/#organization\",\"name\":\"Kapitalis\",\"url\":\"https:\/\/kapitalis.com\/tunisie\/\",\"logo\":{\"@type\":\"ImageObject\",\"inLanguage\":\"fr-FR\",\"@id\":\"https:\/\/kapitalis.com\/tunisie\/#\/schema\/logo\/image\/\",\"url\":\"https:\/\/kapitalis.com\/tunisie\/wp-content\/uploads\/2022\/05\/Kapitalis-big-size.png\",\"contentUrl\":\"https:\/\/kapitalis.com\/tunisie\/wp-content\/uploads\/2022\/05\/Kapitalis-big-size.png\",\"width\":5000,\"height\":1500,\"caption\":\"Kapitalis\"},\"image\":{\"@id\":\"https:\/\/kapitalis.com\/tunisie\/#\/schema\/logo\/image\/\"},\"sameAs\":[\"https:\/\/www.facebook.com\/KapitalisInfo\/\",\"https:\/\/x.com\/KapitalisInfo\",\"https:\/\/www.youtube.com\/channel\/UC-yDYrHyfFBWWZaOw3FPg9Q\"]},{\"@type\":\"Person\",\"@id\":\"https:\/\/kapitalis.com\/tunisie\/#\/schema\/person\/d71f33a9ca44f7bad4698210b480c8e9\",\"name\":\"webmaster kapitalis\",\"url\":\"https:\/\/kapitalis.com\/tunisie\/author\/webmaster-kapitalis\/\"}]}<\/script>\n<!-- \/ Yoast SEO plugin. -->","yoast_head_json":{"title":"Pr\u00e9sidentielle tunisienne\u00a0: rejet du recours de Abdellatif Mekki contre l\u2019Isie - Kapitalis","robots":{"index":"index","follow":"follow","max-snippet":"max-snippet:-1","max-image-preview":"max-image-preview:large","max-video-preview":"max-video-preview:-1"},"canonical":"https:\/\/kapitalis.com\/tunisie\/2024\/08\/17\/presidentielle-tunisienne-rejet-du-recours-de-abdellatif-mekki-contre-lisie\/","og_locale":"fr_FR","og_type":"article","og_title":"Pr\u00e9sidentielle tunisienne\u00a0: rejet du recours de Abdellatif Mekki contre l\u2019Isie - Kapitalis","og_description":"Le tribunal administratif rejette le recours de Abdellatif Mekki contre la d\u00e9cision de la commission \u00e9lectorale rejetant sa candidature \u00e0 la pr\u00e9sidentielle.","og_url":"https:\/\/kapitalis.com\/tunisie\/2024\/08\/17\/presidentielle-tunisienne-rejet-du-recours-de-abdellatif-mekki-contre-lisie\/","og_site_name":"Kapitalis","article_publisher":"https:\/\/www.facebook.com\/KapitalisInfo\/","article_published_time":"2024-08-17T10:24:08+00:00","article_modified_time":"2024-08-17T10:24:09+00:00","og_image":[{"width":1200,"height":630,"url":"https:\/\/kapitalis.com\/tunisie\/wp-content\/uploads\/2022\/05\/abdellatif-mekki-2.jpg","type":"image\/jpeg"}],"author":"webmaster kapitalis","twitter_card":"summary_large_image","twitter_creator":"@KapitalisInfo","twitter_site":"@KapitalisInfo","twitter_misc":{"\u00c9crit par":"webmaster kapitalis","Dur\u00e9e de lecture estim\u00e9e":"1 minute"},"schema":{"@context":"https:\/\/schema.org","@graph":[{"@type":"Article","@id":"https:\/\/kapitalis.com\/tunisie\/2024\/08\/17\/presidentielle-tunisienne-rejet-du-recours-de-abdellatif-mekki-contre-lisie\/#article","isPartOf":{"@id":"https:\/\/kapitalis.com\/tunisie\/2024\/08\/17\/presidentielle-tunisienne-rejet-du-recours-de-abdellatif-mekki-contre-lisie\/"},"author":{"name":"webmaster kapitalis","@id":"https:\/\/kapitalis.com\/tunisie\/#\/schema\/person\/d71f33a9ca44f7bad4698210b480c8e9"},"headline":"Pr\u00e9sidentielle tunisienne\u00a0: rejet du recours de Abdellatif Mekki contre l\u2019Isie","datePublished":"2024-08-17T10:24:08+00:00","dateModified":"2024-08-17T10:24:09+00:00","mainEntityOfPage":{"@id":"https:\/\/kapitalis.com\/tunisie\/2024\/08\/17\/presidentielle-tunisienne-rejet-du-recours-de-abdellatif-mekki-contre-lisie\/"},"wordCount":170,"publisher":{"@id":"https:\/\/kapitalis.com\/tunisie\/#organization"},"image":{"@id":"https:\/\/kapitalis.com\/tunisie\/2024\/08\/17\/presidentielle-tunisienne-rejet-du-recours-de-abdellatif-mekki-contre-lisie\/#primaryimage"},"thumbnailUrl":"https:\/\/kapitalis.com\/tunisie\/wp-content\/uploads\/2022\/05\/abdellatif-mekki-2.jpg","keywords":["Abdellatif Mekki","Amal Wa Injaz","Coalition nationale tunisienne","Fay\u00e7al Bouguerra","Neji Jalloul","pr\u00e9sidentielle","tribunal administratif","Tunisie"],"articleSection":["POLITIQUE","Tunisie"],"inLanguage":"fr-FR"},{"@type":"WebPage","@id":"https:\/\/kapitalis.com\/tunisie\/2024\/08\/17\/presidentielle-tunisienne-rejet-du-recours-de-abdellatif-mekki-contre-lisie\/","url":"https:\/\/kapitalis.com\/tunisie\/2024\/08\/17\/presidentielle-tunisienne-rejet-du-recours-de-abdellatif-mekki-contre-lisie\/","name":"Pr\u00e9sidentielle tunisienne\u00a0: rejet du recours de Abdellatif Mekki contre l\u2019Isie - Kapitalis","isPartOf":{"@id":"https:\/\/kapitalis.com\/tunisie\/#website"},"primaryImageOfPage":{"@id":"https:\/\/kapitalis.com\/tunisie\/2024\/08\/17\/presidentielle-tunisienne-rejet-du-recours-de-abdellatif-mekki-contre-lisie\/#primaryimage"},"image":{"@id":"https:\/\/kapitalis.com\/tunisie\/2024\/08\/17\/presidentielle-tunisienne-rejet-du-recours-de-abdellatif-mekki-contre-lisie\/#primaryimage"},"thumbnailUrl":"https:\/\/kapitalis.com\/tunisie\/wp-content\/uploads\/2022\/05\/abdellatif-mekki-2.jpg","datePublished":"2024-08-17T10:24:08+00:00","dateModified":"2024-08-17T10:24:09+00:00","breadcrumb":{"@id":"https:\/\/kapitalis.com\/tunisie\/2024\/08\/17\/presidentielle-tunisienne-rejet-du-recours-de-abdellatif-mekki-contre-lisie\/#breadcrumb"},"inLanguage":"fr-FR","potentialAction":[{"@type":"ReadAction","target":["https:\/\/kapitalis.com\/tunisie\/2024\/08\/17\/presidentielle-tunisienne-rejet-du-recours-de-abdellatif-mekki-contre-lisie\/"]}]},{"@type":"ImageObject","inLanguage":"fr-FR","@id":"https:\/\/kapitalis.com\/tunisie\/2024\/08\/17\/presidentielle-tunisienne-rejet-du-recours-de-abdellatif-mekki-contre-lisie\/#primaryimage","url":"https:\/\/kapitalis.com\/tunisie\/wp-content\/uploads\/2022\/05\/abdellatif-mekki-2.jpg","contentUrl":"https:\/\/kapitalis.com\/tunisie\/wp-content\/uploads\/2022\/05\/abdellatif-mekki-2.jpg","width":1200,"height":630},{"@type":"BreadcrumbList","@id":"https:\/\/kapitalis.com\/tunisie\/2024\/08\/17\/presidentielle-tunisienne-rejet-du-recours-de-abdellatif-mekki-contre-lisie\/#breadcrumb","itemListElement":[{"@type":"ListItem","position":1,"name":"Accueil","item":"https:\/\/kapitalis.com\/tunisie\/"},{"@type":"ListItem","position":2,"name":"Pr\u00e9sidentielle tunisienne\u00a0: rejet du recours de Abdellatif Mekki contre l\u2019Isie"}]},{"@type":"WebSite","@id":"https:\/\/kapitalis.com\/tunisie\/#website","url":"https:\/\/kapitalis.com\/tunisie\/","name":"Kapitalis","description":"L&#039;actualit\u00e9 en Tunisie et dans le monde","publisher":{"@id":"https:\/\/kapitalis.com\/tunisie\/#organization"},"potentialAction":[{"@type":"SearchAction","target":{"@type":"EntryPoint","urlTemplate":"https:\/\/kapitalis.com\/tunisie\/?s={search_term_string}"},"query-input":{"@type":"PropertyValueSpecification","valueRequired":true,"valueName":"search_term_string"}}],"inLanguage":"fr-FR"},{"@type":"Organization","@id":"https:\/\/kapitalis.com\/tunisie\/#organization","name":"Kapitalis","url":"https:\/\/kapitalis.com\/tunisie\/","logo":{"@type":"ImageObject","inLanguage":"fr-FR","@id":"https:\/\/kapitalis.com\/tunisie\/#\/schema\/logo\/image\/","url":"https:\/\/kapitalis.com\/tunisie\/wp-content\/uploads\/2022\/05\/Kapitalis-big-size.png","contentUrl":"https:\/\/kapitalis.com\/tunisie\/wp-content\/uploads\/2022\/05\/Kapitalis-big-size.png","width":5000,"height":1500,"caption":"Kapitalis"},"image":{"@id":"https:\/\/kapitalis.com\/tunisie\/#\/schema\/logo\/image\/"},"sameAs":["https:\/\/www.facebook.com\/KapitalisInfo\/","https:\/\/x.com\/KapitalisInfo","https:\/\/www.youtube.com\/channel\/UC-yDYrHyfFBWWZaOw3FPg9Q"]},{"@type":"Person","@id":"https:\/\/kapitalis.com\/tunisie\/#\/schema\/person\/d71f33a9ca44f7bad4698210b480c8e9","name":"webmaster kapitalis","url":"https:\/\/kapitalis.com\/tunisie\/author\/webmaster-kapitalis\/"}]}},"_links":{"self":[{"href":"https:\/\/kapitalis.com\/tunisie\/wp-json\/wp\/v2\/posts\/13782451","targetHints":{"allow":["GET"]}}],"collection":[{"href":"https:\/\/kapitalis.com\/tunisie\/wp-json\/wp\/v2\/posts"}],"about":[{"href":"https:\/\/kapitalis.com\/tunisie\/wp-json\/wp\/v2\/types\/post"}],"author":[{"embeddable":true,"href":"https:\/\/kapitalis.com\/tunisie\/wp-json\/wp\/v2\/users\/8"}],"replies":[{"embeddable":true,"href":"https:\/\/kapitalis.com\/tunisie\/wp-json\/wp\/v2\/comments?post=13782451"}],"version-history":[{"count":1,"href":"https:\/\/kapitalis.com\/tunisie\/wp-json\/wp\/v2\/posts\/13782451\/revisions"}],"predecessor-version":[{"id":13782517,"href":"https:\/\/kapitalis.com\/tunisie\/wp-json\/wp\/v2\/posts\/13782451\/revisions\/13782517"}],"wp:featuredmedia":[{"embeddable":true,"href":"https:\/\/kapitalis.com\/tunisie\/wp-json\/wp\/v2\/media\/1113658"}],"wp:attachment":[{"href":"https:\/\/kapitalis.com\/tunisie\/wp-json\/wp\/v2\/media?parent=13782451"}],"wp:term":[{"taxonomy":"category","embeddable":true,"href":"https:\/\/kapitalis.com\/tunisie\/wp-json\/wp\/v2\/categories?post=13782451"},{"taxonomy":"post_tag","embeddable":true,"href":"https:\/\/kapitalis.com\/tunisie\/wp-json\/wp\/v2\/tags?post=13782451"}],"curies":[{"name":"wp","href":"https:\/\/api.w.org\/{rel}","templated":true}]}}