{"id":13794558,"date":"2024-08-19T09:49:17","date_gmt":"2024-08-19T08:49:17","guid":{"rendered":"https:\/\/kapitalis.com\/tunisie\/?p=13794558"},"modified":"2024-08-19T09:55:41","modified_gmt":"2024-08-19T08:55:41","slug":"presidentielle-tunisienne-zouhair-maghzaoui-tombe-le-masque-%d9%8dvideo","status":"publish","type":"post","link":"https:\/\/kapitalis.com\/tunisie\/2024\/08\/19\/presidentielle-tunisienne-zouhair-maghzaoui-tombe-le-masque-%d9%8dvideo\/","title":{"rendered":"Pr\u00e9sidentielle tunisienne\u00a0: Zouhair Maghzaoui tombe le masque \u00a0(\u064dVid\u00e9o)"},"content":{"rendered":"\n<p><strong><em>\u00abJe ne suis pas, comme le pr\u00e9tendent certains, un simple d\u00e9cor \u00e9lectoral pour pr\u00e9parer la voie \u00e0 un second mandat du pr\u00e9sident Ka\u00efs Sa\u00efed\u00bb, a lanc\u00e9 Zouhair Maghzaoui, dont la candidature a \u00e9t\u00e9 retenue par la commission \u00e9lectorale pour la pr\u00e9sidentielle du 6 octobre prochain.<\/em><\/strong> <a href=\"https:\/\/www.facebook.com\/zouhairMeg\/videos\/1609820286543761\" target=\"_blank\" rel=\"noreferrer noopener\">Vid\u00e9o.<\/a><\/p>\n\n\n\n<p><strong>Imed Bahri<\/strong><\/p>\n\n\n\n<!--more-->\n\n\n\n<p>Le secr\u00e9taire g\u00e9n\u00e9ral du mouvement Echa\u00e2b (nationaliste arabe) a fait cette d\u00e9claration dans une vid\u00e9o post\u00e9e sur sa page Facebook, dimanche 18 ao\u00fbt 2024, en r\u00e9ponse \u00e0 ceux qui doutent du s\u00e9rieux de sa candidature et qui \u00e9voquent, \u00e0 l\u2019appui de leurs doutes, le fait qu\u2019il \u00e9tait, jusque-l\u00e0, l\u2019un des plus fervents soutiens au projet politique que Sa\u00efed a inaugur\u00e9 par la proclamation de l\u2019\u00e9tat d\u2019exception, le 25 juillet 2021. \u00a0<\/p>\n\n\n\n<p>Parlant de lui-m\u00eame \u00e0 la troisi\u00e8me personne, en toute modestie, l\u2019ancien fonctionnaire de l\u2019Union g\u00e9n\u00e9rale tunisienne du travail (UGTT) a ajout\u00e9\u00a0: <em>\u00abCeux qui connaissent Zouhair Maghzaoui et son pass\u00e9 politique et syndical savent qu\u2019il n\u2019a jamais peur et lorsqu\u2019il s\u2019engage dans un projet impliquant l\u2019int\u00e9r\u00eat national il y va jusqu\u2019au bout\u00bb<\/em>.<\/p>\n\n\n\n<p><em>\u00abJe ne serais pas un faux t\u00e9moin\u00bb<\/em>, a-t-il indiqu\u00e9, r\u00e9pliquant \u00e0 ceux qui l\u2019accusent de servir la soupe \u00e0 Sa\u00efed et de faire de la figuration pour donner un semblant de cr\u00e9dibilit\u00e9 \u00e0 une \u00e9lection qui, \u00e0 leurs yeux, n\u2019en a pas, puisque beaucoup de candidats cr\u00e9dibles et ayant de r\u00e9elles chances de l\u2019emporter ont vu leurs candidatures rejet\u00e9e par l\u2019Instance sup\u00e9rieure ind\u00e9pendante pour les \u00e9lections (Isie). Il a ajout\u00e9 qu\u2019il ne cherche pas, \u00e0 travers sa candidature \u00e0 <em>\u00abr\u00e9aliser des desseins personnels ou \u00e0 acc\u00e9der \u00e0 quelque poste\u00bb<\/em>. <em>\u00abJe suis un candidat lib\u00e9r\u00e9 de tout calcul \u00e9troit et des contraintes des lobbys\u00bb<\/em>, a-t-il aussi martel\u00e9, sans pr\u00e9ciser de quels lobbys il parle, puisque, de toute fa\u00e7on, il est de notori\u00e9t\u00e9 publique qu\u2019il a toujours \u00e9t\u00e9 proches des cercles syndicaux et des mouvements nationalistes arabes. Sa vigoureuse d\u00e9fense des dictateurs d\u00e9chus et de ceux encore en place (Assad and co.) est connue de tous. \u00a0\u00a0\u00a0\u00a0<\/p>\n\n\n\n<p>D\u2019un autre c\u00f4t\u00e9, et pour dissiper tout malentendu au sujet de son soutien ind\u00e9fectible et d\u00e9finitif \u00e0 Sa\u00efed, Maghzaoui a d\u00e9menti ce qu\u2019il a qualifi\u00e9 de grand mensonge relay\u00e9 par certains \u00e0 son propos selon lequel sa candidature vise \u00e0 <em>\u00abpr\u00e9parer le retour du r\u00e9gime du 24-Juillet\u00bb<\/em>, par allusion au syst\u00e8me qui \u00e9tait en place avant la prise en main de l\u2019Etat par le pr\u00e9sident sortant. Et l\u00e0 nous n\u2019avons aucune raison pour ne pas le croire sur parole\u00a0: Maghzaoui reste un Sa\u00efedien pur jus, m\u00eame s\u2019il se mesurera \u00e0 lui lors de la prochaine pr\u00e9sidentielle, et l\u2019on se demande d\u2019ailleurs toujours pourquoi. <\/p>\n\n\n\n<p>Cela dit, le slogan de campagne de Maghzaoui est<em> \u00ab\u00a0Une autre Tunisie est possible\u00a0\u00bb<\/em>. Reste \u00e0 savoir laquelle. Une Tunisie nationaliste arabe, \u00e0 la mani\u00e8re de Kadhafi, Saddam et Assad ? Non merci, pas pour moi ! Et qu\u2019il me pardonne mon incompr\u00e9hension\u00a0: sa position et sa posture sont trop sophistiqu\u00e9es pour ma petite cervelle.<\/p>\n\n\n\n<figure class=\"wp-block-embed is-type-wp-embed is-provider-kapitalis wp-block-embed-kapitalis\"><div class=\"wp-block-embed__wrapper\">\n<blockquote class=\"wp-embedded-content\" data-secret=\"vNKU7e6rvz\"><a href=\"https:\/\/kapitalis.com\/tunisie\/2024\/08\/06\/presidentielle-tunisienne-zouhair-maghzaoui-se-presente-contre-ou-pour-kais-saied\/\">Pr\u00e9sidentielle tunisienne\u00a0: Zouhair Maghzaoui se pr\u00e9sente contre (ou pour) Ka\u00efs Sa\u00efed ?<\/a><\/blockquote><iframe loading=\"lazy\" class=\"wp-embedded-content\" sandbox=\"allow-scripts\" security=\"restricted\" style=\"position: absolute; visibility: hidden;\" title=\"\u00ab\u00a0Pr\u00e9sidentielle tunisienne\u00a0: Zouhair Maghzaoui se pr\u00e9sente contre (ou pour) Ka\u00efs Sa\u00efed ?\u00a0\u00bb &#8212; Kapitalis\" src=\"https:\/\/kapitalis.com\/tunisie\/2024\/08\/06\/presidentielle-tunisienne-zouhair-maghzaoui-se-presente-contre-ou-pour-kais-saied\/embed\/#?secret=cjlIJu3ztc#?secret=vNKU7e6rvz\" data-secret=\"vNKU7e6rvz\" width=\"600\" height=\"338\" frameborder=\"0\" marginwidth=\"0\" marginheight=\"0\" scrolling=\"no\"><\/iframe>\n<\/div><\/figure>\n\n\n\n<p class=\"has-text-align-right\"><\/p>\n","protected":false},"excerpt":{"rendered":"<p>Zouhair Maghzaoui affirme qu&rsquo;il ne sera pas un simple d\u00e9cor \u00e9lectoral pour assurer un second mandat \u00e0 Ka\u00efs Sa\u00efed.  <\/p>\n","protected":false},"author":8,"featured_media":13794604,"comment_status":"closed","ping_status":"open","sticky":false,"template":"","format":"standard","meta":{"footnotes":""},"categories":[992,997,2433,4806],"tags":[76012,18689,4797,936,4896],"class_list":["post-13794558","post","type-post","status-publish","format-standard","has-post-thumbnail","hentry","category-a-la-une","category-politique","category-tunisie","category-videos","tag-kais-saied-2","tag-mouvement-echaab","tag-presidentielle","tag-ugtt","tag-zouhair-maghzaoui"],"yoast_head":"<!-- This site is optimized with the Yoast SEO plugin v26.6 - https:\/\/yoast.com\/wordpress\/plugins\/seo\/ -->\n<title>Pr\u00e9sidentielle tunisienne\u00a0: Zouhair Maghzaoui tombe le masque \u00a0(\u064dVid\u00e9o) - Kapitalis<\/title>\n<meta name=\"robots\" content=\"index, follow, max-snippet:-1, max-image-preview:large, max-video-preview:-1\" \/>\n<link rel=\"canonical\" href=\"https:\/\/kapitalis.com\/tunisie\/2024\/08\/19\/presidentielle-tunisienne-zouhair-maghzaoui-tombe-le-masque-\u064dvideo\/\" \/>\n<meta property=\"og:locale\" content=\"fr_FR\" \/>\n<meta property=\"og:type\" content=\"article\" \/>\n<meta property=\"og:title\" content=\"Pr\u00e9sidentielle tunisienne\u00a0: Zouhair Maghzaoui tombe le masque \u00a0(\u064dVid\u00e9o) - Kapitalis\" \/>\n<meta property=\"og:description\" content=\"Zouhair Maghzaoui affirme qu&#039;il ne sera pas un simple d\u00e9cor \u00e9lectoral pour assurer un second mandat \u00e0 Ka\u00efs Sa\u00efed.\" \/>\n<meta property=\"og:url\" content=\"https:\/\/kapitalis.com\/tunisie\/2024\/08\/19\/presidentielle-tunisienne-zouhair-maghzaoui-tombe-le-masque-\u064dvideo\/\" \/>\n<meta property=\"og:site_name\" content=\"Kapitalis\" \/>\n<meta property=\"article:publisher\" content=\"https:\/\/www.facebook.com\/KapitalisInfo\/\" \/>\n<meta property=\"article:published_time\" content=\"2024-08-19T08:49:17+00:00\" \/>\n<meta property=\"article:modified_time\" content=\"2024-08-19T08:55:41+00:00\" \/>\n<meta property=\"og:image\" content=\"https:\/\/kapitalis.com\/tunisie\/wp-content\/uploads\/2024\/08\/Zouhair-Maghzaoui.jpg\" \/>\n\t<meta property=\"og:image:width\" content=\"1200\" \/>\n\t<meta property=\"og:image:height\" content=\"630\" \/>\n\t<meta property=\"og:image:type\" content=\"image\/jpeg\" \/>\n<meta name=\"author\" content=\"webmaster kapitalis\" \/>\n<meta name=\"twitter:card\" content=\"summary_large_image\" \/>\n<meta name=\"twitter:creator\" content=\"@KapitalisInfo\" \/>\n<meta name=\"twitter:site\" content=\"@KapitalisInfo\" \/>\n<meta name=\"twitter:label1\" content=\"\u00c9crit par\" \/>\n\t<meta name=\"twitter:data1\" content=\"webmaster kapitalis\" \/>\n\t<meta name=\"twitter:label2\" content=\"Dur\u00e9e de lecture estim\u00e9e\" \/>\n\t<meta name=\"twitter:data2\" content=\"3 minutes\" \/>\n<script type=\"application\/ld+json\" class=\"yoast-schema-graph\">{\"@context\":\"https:\/\/schema.org\",\"@graph\":[{\"@type\":\"Article\",\"@id\":\"https:\/\/kapitalis.com\/tunisie\/2024\/08\/19\/presidentielle-tunisienne-zouhair-maghzaoui-tombe-le-masque-%d9%8dvideo\/#article\",\"isPartOf\":{\"@id\":\"https:\/\/kapitalis.com\/tunisie\/2024\/08\/19\/presidentielle-tunisienne-zouhair-maghzaoui-tombe-le-masque-%d9%8dvideo\/\"},\"author\":{\"name\":\"webmaster kapitalis\",\"@id\":\"https:\/\/kapitalis.com\/tunisie\/#\/schema\/person\/d71f33a9ca44f7bad4698210b480c8e9\"},\"headline\":\"Pr\u00e9sidentielle tunisienne\u00a0: Zouhair Maghzaoui tombe le masque \u00a0(\u064dVid\u00e9o)\",\"datePublished\":\"2024-08-19T08:49:17+00:00\",\"dateModified\":\"2024-08-19T08:55:41+00:00\",\"mainEntityOfPage\":{\"@id\":\"https:\/\/kapitalis.com\/tunisie\/2024\/08\/19\/presidentielle-tunisienne-zouhair-maghzaoui-tombe-le-masque-%d9%8dvideo\/\"},\"wordCount\":555,\"publisher\":{\"@id\":\"https:\/\/kapitalis.com\/tunisie\/#organization\"},\"image\":{\"@id\":\"https:\/\/kapitalis.com\/tunisie\/2024\/08\/19\/presidentielle-tunisienne-zouhair-maghzaoui-tombe-le-masque-%d9%8dvideo\/#primaryimage\"},\"thumbnailUrl\":\"https:\/\/kapitalis.com\/tunisie\/wp-content\/uploads\/2024\/08\/Zouhair-Maghzaoui.jpg\",\"keywords\":[\"Ka\u00efs Sa\u00efed\",\"Mouvement Echa\u00e2b\",\"pr\u00e9sidentielle\",\"UGTT\",\"Zouhair Maghzaoui\"],\"articleSection\":[\"A LA UNE\",\"POLITIQUE\",\"Tunisie\",\"VIDEOS\"],\"inLanguage\":\"fr-FR\"},{\"@type\":\"WebPage\",\"@id\":\"https:\/\/kapitalis.com\/tunisie\/2024\/08\/19\/presidentielle-tunisienne-zouhair-maghzaoui-tombe-le-masque-%d9%8dvideo\/\",\"url\":\"https:\/\/kapitalis.com\/tunisie\/2024\/08\/19\/presidentielle-tunisienne-zouhair-maghzaoui-tombe-le-masque-%d9%8dvideo\/\",\"name\":\"Pr\u00e9sidentielle tunisienne\u00a0: Zouhair Maghzaoui tombe le masque \u00a0(\u064dVid\u00e9o) - Kapitalis\",\"isPartOf\":{\"@id\":\"https:\/\/kapitalis.com\/tunisie\/#website\"},\"primaryImageOfPage\":{\"@id\":\"https:\/\/kapitalis.com\/tunisie\/2024\/08\/19\/presidentielle-tunisienne-zouhair-maghzaoui-tombe-le-masque-%d9%8dvideo\/#primaryimage\"},\"image\":{\"@id\":\"https:\/\/kapitalis.com\/tunisie\/2024\/08\/19\/presidentielle-tunisienne-zouhair-maghzaoui-tombe-le-masque-%d9%8dvideo\/#primaryimage\"},\"thumbnailUrl\":\"https:\/\/kapitalis.com\/tunisie\/wp-content\/uploads\/2024\/08\/Zouhair-Maghzaoui.jpg\",\"datePublished\":\"2024-08-19T08:49:17+00:00\",\"dateModified\":\"2024-08-19T08:55:41+00:00\",\"breadcrumb\":{\"@id\":\"https:\/\/kapitalis.com\/tunisie\/2024\/08\/19\/presidentielle-tunisienne-zouhair-maghzaoui-tombe-le-masque-%d9%8dvideo\/#breadcrumb\"},\"inLanguage\":\"fr-FR\",\"potentialAction\":[{\"@type\":\"ReadAction\",\"target\":[\"https:\/\/kapitalis.com\/tunisie\/2024\/08\/19\/presidentielle-tunisienne-zouhair-maghzaoui-tombe-le-masque-%d9%8dvideo\/\"]}]},{\"@type\":\"ImageObject\",\"inLanguage\":\"fr-FR\",\"@id\":\"https:\/\/kapitalis.com\/tunisie\/2024\/08\/19\/presidentielle-tunisienne-zouhair-maghzaoui-tombe-le-masque-%d9%8dvideo\/#primaryimage\",\"url\":\"https:\/\/kapitalis.com\/tunisie\/wp-content\/uploads\/2024\/08\/Zouhair-Maghzaoui.jpg\",\"contentUrl\":\"https:\/\/kapitalis.com\/tunisie\/wp-content\/uploads\/2024\/08\/Zouhair-Maghzaoui.jpg\",\"width\":1200,\"height\":630},{\"@type\":\"BreadcrumbList\",\"@id\":\"https:\/\/kapitalis.com\/tunisie\/2024\/08\/19\/presidentielle-tunisienne-zouhair-maghzaoui-tombe-le-masque-%d9%8dvideo\/#breadcrumb\",\"itemListElement\":[{\"@type\":\"ListItem\",\"position\":1,\"name\":\"Accueil\",\"item\":\"https:\/\/kapitalis.com\/tunisie\/\"},{\"@type\":\"ListItem\",\"position\":2,\"name\":\"Pr\u00e9sidentielle tunisienne\u00a0: Zouhair Maghzaoui tombe le masque \u00a0(\u064dVid\u00e9o)\"}]},{\"@type\":\"WebSite\",\"@id\":\"https:\/\/kapitalis.com\/tunisie\/#website\",\"url\":\"https:\/\/kapitalis.com\/tunisie\/\",\"name\":\"Kapitalis\",\"description\":\"L&#039;actualit\u00e9 en Tunisie et dans le monde\",\"publisher\":{\"@id\":\"https:\/\/kapitalis.com\/tunisie\/#organization\"},\"potentialAction\":[{\"@type\":\"SearchAction\",\"target\":{\"@type\":\"EntryPoint\",\"urlTemplate\":\"https:\/\/kapitalis.com\/tunisie\/?s={search_term_string}\"},\"query-input\":{\"@type\":\"PropertyValueSpecification\",\"valueRequired\":true,\"valueName\":\"search_term_string\"}}],\"inLanguage\":\"fr-FR\"},{\"@type\":\"Organization\",\"@id\":\"https:\/\/kapitalis.com\/tunisie\/#organization\",\"name\":\"Kapitalis\",\"url\":\"https:\/\/kapitalis.com\/tunisie\/\",\"logo\":{\"@type\":\"ImageObject\",\"inLanguage\":\"fr-FR\",\"@id\":\"https:\/\/kapitalis.com\/tunisie\/#\/schema\/logo\/image\/\",\"url\":\"https:\/\/kapitalis.com\/tunisie\/wp-content\/uploads\/2022\/05\/Kapitalis-big-size.png\",\"contentUrl\":\"https:\/\/kapitalis.com\/tunisie\/wp-content\/uploads\/2022\/05\/Kapitalis-big-size.png\",\"width\":5000,\"height\":1500,\"caption\":\"Kapitalis\"},\"image\":{\"@id\":\"https:\/\/kapitalis.com\/tunisie\/#\/schema\/logo\/image\/\"},\"sameAs\":[\"https:\/\/www.facebook.com\/KapitalisInfo\/\",\"https:\/\/x.com\/KapitalisInfo\",\"https:\/\/www.youtube.com\/channel\/UC-yDYrHyfFBWWZaOw3FPg9Q\"]},{\"@type\":\"Person\",\"@id\":\"https:\/\/kapitalis.com\/tunisie\/#\/schema\/person\/d71f33a9ca44f7bad4698210b480c8e9\",\"name\":\"webmaster kapitalis\",\"url\":\"https:\/\/kapitalis.com\/tunisie\/author\/webmaster-kapitalis\/\"}]}<\/script>\n<!-- \/ Yoast SEO plugin. -->","yoast_head_json":{"title":"Pr\u00e9sidentielle tunisienne\u00a0: Zouhair Maghzaoui tombe le masque \u00a0(\u064dVid\u00e9o) - Kapitalis","robots":{"index":"index","follow":"follow","max-snippet":"max-snippet:-1","max-image-preview":"max-image-preview:large","max-video-preview":"max-video-preview:-1"},"canonical":"https:\/\/kapitalis.com\/tunisie\/2024\/08\/19\/presidentielle-tunisienne-zouhair-maghzaoui-tombe-le-masque-\u064dvideo\/","og_locale":"fr_FR","og_type":"article","og_title":"Pr\u00e9sidentielle tunisienne\u00a0: Zouhair Maghzaoui tombe le masque \u00a0(\u064dVid\u00e9o) - Kapitalis","og_description":"Zouhair Maghzaoui affirme qu'il ne sera pas un simple d\u00e9cor \u00e9lectoral pour assurer un second mandat \u00e0 Ka\u00efs Sa\u00efed.","og_url":"https:\/\/kapitalis.com\/tunisie\/2024\/08\/19\/presidentielle-tunisienne-zouhair-maghzaoui-tombe-le-masque-\u064dvideo\/","og_site_name":"Kapitalis","article_publisher":"https:\/\/www.facebook.com\/KapitalisInfo\/","article_published_time":"2024-08-19T08:49:17+00:00","article_modified_time":"2024-08-19T08:55:41+00:00","og_image":[{"width":1200,"height":630,"url":"https:\/\/kapitalis.com\/tunisie\/wp-content\/uploads\/2024\/08\/Zouhair-Maghzaoui.jpg","type":"image\/jpeg"}],"author":"webmaster kapitalis","twitter_card":"summary_large_image","twitter_creator":"@KapitalisInfo","twitter_site":"@KapitalisInfo","twitter_misc":{"\u00c9crit par":"webmaster kapitalis","Dur\u00e9e de lecture estim\u00e9e":"3 minutes"},"schema":{"@context":"https:\/\/schema.org","@graph":[{"@type":"Article","@id":"https:\/\/kapitalis.com\/tunisie\/2024\/08\/19\/presidentielle-tunisienne-zouhair-maghzaoui-tombe-le-masque-%d9%8dvideo\/#article","isPartOf":{"@id":"https:\/\/kapitalis.com\/tunisie\/2024\/08\/19\/presidentielle-tunisienne-zouhair-maghzaoui-tombe-le-masque-%d9%8dvideo\/"},"author":{"name":"webmaster kapitalis","@id":"https:\/\/kapitalis.com\/tunisie\/#\/schema\/person\/d71f33a9ca44f7bad4698210b480c8e9"},"headline":"Pr\u00e9sidentielle tunisienne\u00a0: Zouhair Maghzaoui tombe le masque \u00a0(\u064dVid\u00e9o)","datePublished":"2024-08-19T08:49:17+00:00","dateModified":"2024-08-19T08:55:41+00:00","mainEntityOfPage":{"@id":"https:\/\/kapitalis.com\/tunisie\/2024\/08\/19\/presidentielle-tunisienne-zouhair-maghzaoui-tombe-le-masque-%d9%8dvideo\/"},"wordCount":555,"publisher":{"@id":"https:\/\/kapitalis.com\/tunisie\/#organization"},"image":{"@id":"https:\/\/kapitalis.com\/tunisie\/2024\/08\/19\/presidentielle-tunisienne-zouhair-maghzaoui-tombe-le-masque-%d9%8dvideo\/#primaryimage"},"thumbnailUrl":"https:\/\/kapitalis.com\/tunisie\/wp-content\/uploads\/2024\/08\/Zouhair-Maghzaoui.jpg","keywords":["Ka\u00efs Sa\u00efed","Mouvement Echa\u00e2b","pr\u00e9sidentielle","UGTT","Zouhair Maghzaoui"],"articleSection":["A LA UNE","POLITIQUE","Tunisie","VIDEOS"],"inLanguage":"fr-FR"},{"@type":"WebPage","@id":"https:\/\/kapitalis.com\/tunisie\/2024\/08\/19\/presidentielle-tunisienne-zouhair-maghzaoui-tombe-le-masque-%d9%8dvideo\/","url":"https:\/\/kapitalis.com\/tunisie\/2024\/08\/19\/presidentielle-tunisienne-zouhair-maghzaoui-tombe-le-masque-%d9%8dvideo\/","name":"Pr\u00e9sidentielle tunisienne\u00a0: Zouhair Maghzaoui tombe le masque \u00a0(\u064dVid\u00e9o) - Kapitalis","isPartOf":{"@id":"https:\/\/kapitalis.com\/tunisie\/#website"},"primaryImageOfPage":{"@id":"https:\/\/kapitalis.com\/tunisie\/2024\/08\/19\/presidentielle-tunisienne-zouhair-maghzaoui-tombe-le-masque-%d9%8dvideo\/#primaryimage"},"image":{"@id":"https:\/\/kapitalis.com\/tunisie\/2024\/08\/19\/presidentielle-tunisienne-zouhair-maghzaoui-tombe-le-masque-%d9%8dvideo\/#primaryimage"},"thumbnailUrl":"https:\/\/kapitalis.com\/tunisie\/wp-content\/uploads\/2024\/08\/Zouhair-Maghzaoui.jpg","datePublished":"2024-08-19T08:49:17+00:00","dateModified":"2024-08-19T08:55:41+00:00","breadcrumb":{"@id":"https:\/\/kapitalis.com\/tunisie\/2024\/08\/19\/presidentielle-tunisienne-zouhair-maghzaoui-tombe-le-masque-%d9%8dvideo\/#breadcrumb"},"inLanguage":"fr-FR","potentialAction":[{"@type":"ReadAction","target":["https:\/\/kapitalis.com\/tunisie\/2024\/08\/19\/presidentielle-tunisienne-zouhair-maghzaoui-tombe-le-masque-%d9%8dvideo\/"]}]},{"@type":"ImageObject","inLanguage":"fr-FR","@id":"https:\/\/kapitalis.com\/tunisie\/2024\/08\/19\/presidentielle-tunisienne-zouhair-maghzaoui-tombe-le-masque-%d9%8dvideo\/#primaryimage","url":"https:\/\/kapitalis.com\/tunisie\/wp-content\/uploads\/2024\/08\/Zouhair-Maghzaoui.jpg","contentUrl":"https:\/\/kapitalis.com\/tunisie\/wp-content\/uploads\/2024\/08\/Zouhair-Maghzaoui.jpg","width":1200,"height":630},{"@type":"BreadcrumbList","@id":"https:\/\/kapitalis.com\/tunisie\/2024\/08\/19\/presidentielle-tunisienne-zouhair-maghzaoui-tombe-le-masque-%d9%8dvideo\/#breadcrumb","itemListElement":[{"@type":"ListItem","position":1,"name":"Accueil","item":"https:\/\/kapitalis.com\/tunisie\/"},{"@type":"ListItem","position":2,"name":"Pr\u00e9sidentielle tunisienne\u00a0: Zouhair Maghzaoui tombe le masque \u00a0(\u064dVid\u00e9o)"}]},{"@type":"WebSite","@id":"https:\/\/kapitalis.com\/tunisie\/#website","url":"https:\/\/kapitalis.com\/tunisie\/","name":"Kapitalis","description":"L&#039;actualit\u00e9 en Tunisie et dans le monde","publisher":{"@id":"https:\/\/kapitalis.com\/tunisie\/#organization"},"potentialAction":[{"@type":"SearchAction","target":{"@type":"EntryPoint","urlTemplate":"https:\/\/kapitalis.com\/tunisie\/?s={search_term_string}"},"query-input":{"@type":"PropertyValueSpecification","valueRequired":true,"valueName":"search_term_string"}}],"inLanguage":"fr-FR"},{"@type":"Organization","@id":"https:\/\/kapitalis.com\/tunisie\/#organization","name":"Kapitalis","url":"https:\/\/kapitalis.com\/tunisie\/","logo":{"@type":"ImageObject","inLanguage":"fr-FR","@id":"https:\/\/kapitalis.com\/tunisie\/#\/schema\/logo\/image\/","url":"https:\/\/kapitalis.com\/tunisie\/wp-content\/uploads\/2022\/05\/Kapitalis-big-size.png","contentUrl":"https:\/\/kapitalis.com\/tunisie\/wp-content\/uploads\/2022\/05\/Kapitalis-big-size.png","width":5000,"height":1500,"caption":"Kapitalis"},"image":{"@id":"https:\/\/kapitalis.com\/tunisie\/#\/schema\/logo\/image\/"},"sameAs":["https:\/\/www.facebook.com\/KapitalisInfo\/","https:\/\/x.com\/KapitalisInfo","https:\/\/www.youtube.com\/channel\/UC-yDYrHyfFBWWZaOw3FPg9Q"]},{"@type":"Person","@id":"https:\/\/kapitalis.com\/tunisie\/#\/schema\/person\/d71f33a9ca44f7bad4698210b480c8e9","name":"webmaster kapitalis","url":"https:\/\/kapitalis.com\/tunisie\/author\/webmaster-kapitalis\/"}]}},"_links":{"self":[{"href":"https:\/\/kapitalis.com\/tunisie\/wp-json\/wp\/v2\/posts\/13794558","targetHints":{"allow":["GET"]}}],"collection":[{"href":"https:\/\/kapitalis.com\/tunisie\/wp-json\/wp\/v2\/posts"}],"about":[{"href":"https:\/\/kapitalis.com\/tunisie\/wp-json\/wp\/v2\/types\/post"}],"author":[{"embeddable":true,"href":"https:\/\/kapitalis.com\/tunisie\/wp-json\/wp\/v2\/users\/8"}],"replies":[{"embeddable":true,"href":"https:\/\/kapitalis.com\/tunisie\/wp-json\/wp\/v2\/comments?post=13794558"}],"version-history":[{"count":2,"href":"https:\/\/kapitalis.com\/tunisie\/wp-json\/wp\/v2\/posts\/13794558\/revisions"}],"predecessor-version":[{"id":13794680,"href":"https:\/\/kapitalis.com\/tunisie\/wp-json\/wp\/v2\/posts\/13794558\/revisions\/13794680"}],"wp:featuredmedia":[{"embeddable":true,"href":"https:\/\/kapitalis.com\/tunisie\/wp-json\/wp\/v2\/media\/13794604"}],"wp:attachment":[{"href":"https:\/\/kapitalis.com\/tunisie\/wp-json\/wp\/v2\/media?parent=13794558"}],"wp:term":[{"taxonomy":"category","embeddable":true,"href":"https:\/\/kapitalis.com\/tunisie\/wp-json\/wp\/v2\/categories?post=13794558"},{"taxonomy":"post_tag","embeddable":true,"href":"https:\/\/kapitalis.com\/tunisie\/wp-json\/wp\/v2\/tags?post=13794558"}],"curies":[{"name":"wp","href":"https:\/\/api.w.org\/{rel}","templated":true}]}}