{"id":13795611,"date":"2024-08-19T12:11:39","date_gmt":"2024-08-19T11:11:39","guid":{"rendered":"https:\/\/kapitalis.com\/tunisie\/?p=13795611"},"modified":"2024-08-19T12:11:41","modified_gmt":"2024-08-19T11:11:41","slug":"le-parti-al-massar-appelle-les-tunisiens-a-boycotter-la-presidentielle","status":"publish","type":"post","link":"https:\/\/kapitalis.com\/tunisie\/2024\/08\/19\/le-parti-al-massar-appelle-les-tunisiens-a-boycotter-la-presidentielle\/","title":{"rendered":"Le parti Al-Massar appelle les Tunisiens \u00e0 boycotter la pr\u00e9sidentielle"},"content":{"rendered":"\n<p><strong><em>Le comit\u00e9 central du parti Al-Massar d\u00e9mocratique et social, r\u00e9uni en session ordinaire, a discut\u00e9 de la crise politique et des prochaines \u00e9lections pr\u00e9sidentielles en Tunisie, et appel\u00e9 les Tunisiennes et les Tunisiens \u00e0 ne pas\u00a0y participer.<\/em><\/strong><\/p>\n\n\n\n<!--more-->\n\n\n\n<p>Dans un communiqu\u00e9 publi\u00e9 ce lundi 19 ao\u00fbt 2024, Al-Massar a d\u00e9plor\u00e9 ce qu\u2019il a qualifi\u00e9 de <em>\u00abdangereux tournant politique en Tunisie\u00bb <\/em>et de <em>\u00abretour au carr\u00e9 du verrouillage politique, du pouvoir personnel, de l\u2019atteinte aux droits et aux libert\u00e9s et de l\u2019accaparement, par le pr\u00e9sident de la r\u00e9publique, candidat \u00e0 se succ\u00e9der \u00e0 lui-m\u00eame \u00e0 la t\u00eate de l\u2019Etat, du pouvoir de d\u00e9limiter les contours de la sc\u00e8ne politique et des conditions de la comp\u00e9tition \u00e9lectorale apr\u00e8s avoir \u00e9loign\u00e9 ses opposants, de mani\u00e8re \u00e0 faire des rendez-vous \u00e9lectoraux successifs des occasions pour assoir le pouvoir populiste conservateur qu\u2019il veut instaurer et s\u2019\u00e9terniser lui-m\u00eame au pouvoir\u00bb.<\/em> \u00a0<\/p>\n\n\n\n<p>Tout en affirmant que <em>\u00abl\u2019atmosph\u00e8re \u00e9lectorale actuelle ne permet aucunement la tenue d\u2019\u00e9lections libres et transparentes traduisant la r\u00e9alit\u00e9 des attentes des Tunisiennes et des Tunisiens\u00bb<\/em> et tout en d\u00e9plorant \u00ab<em>la mainmise du pr\u00e9sident de la r\u00e9publique sur tous les pouvoirs, dont celui d\u2019\u00e9crire la constitution, de d\u00e9finir le syst\u00e8me \u00e9lectoral, de promulguer les d\u00e9crets liberticides, de d\u00e9signer les membres de la commission \u00e9lectorale et de fixer les conditions de la comp\u00e9tition, en l\u2019absence de la cour constitutionnelle et de la Haica\u00bb<\/em> (Haute autorit\u00e9 ind\u00e9pendante de la communication audiovisuelle), entre autres reproches, Al-Massar appelle toutes les citoyennes et tous les citoyens \u00e0 ne pas participer \u00e0 l\u2019\u00e9lection pr\u00e9sidentielle du 6 octobre prochain et \u00e0 <em>\u00abpoursuivre le combat aux c\u00f4t\u00e9s des forces d\u00e9mocratiques et progressistes qui rejettent le despotisme et le populisme mis\u00e9rabiliste\u00bb<\/em>, et ce <em>\u00abjusqu\u2019\u00e0 la r\u00e9alisation de la d\u00e9mocratie, de la justice sociale et des objectifs de la r\u00e9volution de la libert\u00e9 et de la dignit\u00e9\u00bb<\/em>, du 14 janvier 2011.<\/p>\n\n\n\n<p>Rappelons qu&rsquo;Al-Massar n&rsquo;a pas pr\u00e9sent\u00e9 de candidat \u00e0 la pr\u00e9sidentielle et ne soutient aucun des candidats dont la candidature a \u00e9t\u00e9 accept\u00e9e par l&rsquo;Instance sup\u00e9rieure ind\u00e9pendante pour les \u00e9lections (Isie), \u00e0 savoir Ka\u00efs Sa\u00efed, Zouhair Maghazoui, secr\u00e9taire g\u00e9n\u00e9ral du mouvement Echa\u00e2b (nationaliste arabe), et Ayachi Zammel, secr\u00e9taire g\u00e9n\u00e9ral du parti Azimoun, tous deux r\u00e9put\u00e9s pour leur soutien au pr\u00e9sent sortant.     <\/p>\n\n\n\n<p class=\"has-text-align-right\"><strong>I. B.<\/strong><\/p>\n","protected":false},"excerpt":{"rendered":"<p>Le parti Al-Massar d\u00e9plore le \u00abdangereux tournant politique en Tunisie\u00bb et le \u00abretour au carr\u00e9 du verrouillage politique\u00bb. <\/p>\n","protected":false},"author":8,"featured_media":4386547,"comment_status":"closed","ping_status":"open","sticky":false,"template":"","format":"standard","meta":{"footnotes":""},"categories":[997,2433],"tags":[6803,79858,99253,7476,1843,76012,43626,4797,62643,117528],"class_list":["post-13795611","post","type-post","status-publish","format-standard","has-post-thumbnail","hentry","category-politique","category-tunisie","tag-al-massar","tag-ayachi-zammel","tag-commission-electorale","tag-cour-constitutionnelle","tag-haica","tag-kais-saied-2","tag-loi-electorale","tag-presidentielle","tag-tunisie","tag-zouhair-maghazoui"],"yoast_head":"<!-- This site is optimized with the Yoast SEO plugin v26.6 - https:\/\/yoast.com\/wordpress\/plugins\/seo\/ -->\n<title>Le parti Al-Massar appelle les Tunisiens \u00e0 boycotter la pr\u00e9sidentielle - Kapitalis<\/title>\n<meta name=\"robots\" content=\"index, follow, max-snippet:-1, max-image-preview:large, max-video-preview:-1\" \/>\n<link rel=\"canonical\" href=\"https:\/\/kapitalis.com\/tunisie\/2024\/08\/19\/le-parti-al-massar-appelle-les-tunisiens-a-boycotter-la-presidentielle\/\" \/>\n<meta property=\"og:locale\" content=\"fr_FR\" \/>\n<meta property=\"og:type\" content=\"article\" \/>\n<meta property=\"og:title\" content=\"Le parti Al-Massar appelle les Tunisiens \u00e0 boycotter la pr\u00e9sidentielle - Kapitalis\" \/>\n<meta property=\"og:description\" content=\"Le parti Al-Massar d\u00e9plore le \u00abdangereux tournant politique en Tunisie\u00bb et le \u00abretour au carr\u00e9 du verrouillage politique\u00bb.\" \/>\n<meta property=\"og:url\" content=\"https:\/\/kapitalis.com\/tunisie\/2024\/08\/19\/le-parti-al-massar-appelle-les-tunisiens-a-boycotter-la-presidentielle\/\" \/>\n<meta property=\"og:site_name\" content=\"Kapitalis\" \/>\n<meta property=\"article:publisher\" content=\"https:\/\/www.facebook.com\/KapitalisInfo\/\" \/>\n<meta property=\"article:published_time\" content=\"2024-08-19T11:11:39+00:00\" \/>\n<meta property=\"article:modified_time\" content=\"2024-08-19T11:11:41+00:00\" \/>\n<meta property=\"og:image\" content=\"https:\/\/kapitalis.com\/tunisie\/wp-content\/uploads\/2022\/10\/Al-Massar.jpg\" \/>\n\t<meta property=\"og:image:width\" content=\"1200\" \/>\n\t<meta property=\"og:image:height\" content=\"630\" \/>\n\t<meta property=\"og:image:type\" content=\"image\/jpeg\" \/>\n<meta name=\"author\" content=\"webmaster kapitalis\" \/>\n<meta name=\"twitter:card\" content=\"summary_large_image\" \/>\n<meta name=\"twitter:creator\" content=\"@KapitalisInfo\" \/>\n<meta name=\"twitter:site\" content=\"@KapitalisInfo\" \/>\n<meta name=\"twitter:label1\" content=\"\u00c9crit par\" \/>\n\t<meta name=\"twitter:data1\" content=\"webmaster kapitalis\" \/>\n\t<meta name=\"twitter:label2\" content=\"Dur\u00e9e de lecture estim\u00e9e\" \/>\n\t<meta name=\"twitter:data2\" content=\"3 minutes\" \/>\n<script type=\"application\/ld+json\" class=\"yoast-schema-graph\">{\"@context\":\"https:\/\/schema.org\",\"@graph\":[{\"@type\":\"Article\",\"@id\":\"https:\/\/kapitalis.com\/tunisie\/2024\/08\/19\/le-parti-al-massar-appelle-les-tunisiens-a-boycotter-la-presidentielle\/#article\",\"isPartOf\":{\"@id\":\"https:\/\/kapitalis.com\/tunisie\/2024\/08\/19\/le-parti-al-massar-appelle-les-tunisiens-a-boycotter-la-presidentielle\/\"},\"author\":{\"name\":\"webmaster kapitalis\",\"@id\":\"https:\/\/kapitalis.com\/tunisie\/#\/schema\/person\/d71f33a9ca44f7bad4698210b480c8e9\"},\"headline\":\"Le parti Al-Massar appelle les Tunisiens \u00e0 boycotter la pr\u00e9sidentielle\",\"datePublished\":\"2024-08-19T11:11:39+00:00\",\"dateModified\":\"2024-08-19T11:11:41+00:00\",\"mainEntityOfPage\":{\"@id\":\"https:\/\/kapitalis.com\/tunisie\/2024\/08\/19\/le-parti-al-massar-appelle-les-tunisiens-a-boycotter-la-presidentielle\/\"},\"wordCount\":426,\"publisher\":{\"@id\":\"https:\/\/kapitalis.com\/tunisie\/#organization\"},\"image\":{\"@id\":\"https:\/\/kapitalis.com\/tunisie\/2024\/08\/19\/le-parti-al-massar-appelle-les-tunisiens-a-boycotter-la-presidentielle\/#primaryimage\"},\"thumbnailUrl\":\"https:\/\/kapitalis.com\/tunisie\/wp-content\/uploads\/2022\/10\/Al-Massar.jpg\",\"keywords\":[\"Al-Massar\",\"Ayachi Zammel\",\"commission \u00e9lectorale\",\"Cour constitutionnelle\",\"Haica\",\"Ka\u00efs Sa\u00efed\",\"loi \u00e9lectorale\",\"pr\u00e9sidentielle\",\"Tunisie\",\"Zouhair Maghazoui\"],\"articleSection\":[\"POLITIQUE\",\"Tunisie\"],\"inLanguage\":\"fr-FR\"},{\"@type\":\"WebPage\",\"@id\":\"https:\/\/kapitalis.com\/tunisie\/2024\/08\/19\/le-parti-al-massar-appelle-les-tunisiens-a-boycotter-la-presidentielle\/\",\"url\":\"https:\/\/kapitalis.com\/tunisie\/2024\/08\/19\/le-parti-al-massar-appelle-les-tunisiens-a-boycotter-la-presidentielle\/\",\"name\":\"Le parti Al-Massar appelle les Tunisiens \u00e0 boycotter la pr\u00e9sidentielle - Kapitalis\",\"isPartOf\":{\"@id\":\"https:\/\/kapitalis.com\/tunisie\/#website\"},\"primaryImageOfPage\":{\"@id\":\"https:\/\/kapitalis.com\/tunisie\/2024\/08\/19\/le-parti-al-massar-appelle-les-tunisiens-a-boycotter-la-presidentielle\/#primaryimage\"},\"image\":{\"@id\":\"https:\/\/kapitalis.com\/tunisie\/2024\/08\/19\/le-parti-al-massar-appelle-les-tunisiens-a-boycotter-la-presidentielle\/#primaryimage\"},\"thumbnailUrl\":\"https:\/\/kapitalis.com\/tunisie\/wp-content\/uploads\/2022\/10\/Al-Massar.jpg\",\"datePublished\":\"2024-08-19T11:11:39+00:00\",\"dateModified\":\"2024-08-19T11:11:41+00:00\",\"breadcrumb\":{\"@id\":\"https:\/\/kapitalis.com\/tunisie\/2024\/08\/19\/le-parti-al-massar-appelle-les-tunisiens-a-boycotter-la-presidentielle\/#breadcrumb\"},\"inLanguage\":\"fr-FR\",\"potentialAction\":[{\"@type\":\"ReadAction\",\"target\":[\"https:\/\/kapitalis.com\/tunisie\/2024\/08\/19\/le-parti-al-massar-appelle-les-tunisiens-a-boycotter-la-presidentielle\/\"]}]},{\"@type\":\"ImageObject\",\"inLanguage\":\"fr-FR\",\"@id\":\"https:\/\/kapitalis.com\/tunisie\/2024\/08\/19\/le-parti-al-massar-appelle-les-tunisiens-a-boycotter-la-presidentielle\/#primaryimage\",\"url\":\"https:\/\/kapitalis.com\/tunisie\/wp-content\/uploads\/2022\/10\/Al-Massar.jpg\",\"contentUrl\":\"https:\/\/kapitalis.com\/tunisie\/wp-content\/uploads\/2022\/10\/Al-Massar.jpg\",\"width\":1200,\"height\":630},{\"@type\":\"BreadcrumbList\",\"@id\":\"https:\/\/kapitalis.com\/tunisie\/2024\/08\/19\/le-parti-al-massar-appelle-les-tunisiens-a-boycotter-la-presidentielle\/#breadcrumb\",\"itemListElement\":[{\"@type\":\"ListItem\",\"position\":1,\"name\":\"Accueil\",\"item\":\"https:\/\/kapitalis.com\/tunisie\/\"},{\"@type\":\"ListItem\",\"position\":2,\"name\":\"Le parti Al-Massar appelle les Tunisiens \u00e0 boycotter la pr\u00e9sidentielle\"}]},{\"@type\":\"WebSite\",\"@id\":\"https:\/\/kapitalis.com\/tunisie\/#website\",\"url\":\"https:\/\/kapitalis.com\/tunisie\/\",\"name\":\"Kapitalis\",\"description\":\"L&#039;actualit\u00e9 en Tunisie et dans le monde\",\"publisher\":{\"@id\":\"https:\/\/kapitalis.com\/tunisie\/#organization\"},\"potentialAction\":[{\"@type\":\"SearchAction\",\"target\":{\"@type\":\"EntryPoint\",\"urlTemplate\":\"https:\/\/kapitalis.com\/tunisie\/?s={search_term_string}\"},\"query-input\":{\"@type\":\"PropertyValueSpecification\",\"valueRequired\":true,\"valueName\":\"search_term_string\"}}],\"inLanguage\":\"fr-FR\"},{\"@type\":\"Organization\",\"@id\":\"https:\/\/kapitalis.com\/tunisie\/#organization\",\"name\":\"Kapitalis\",\"url\":\"https:\/\/kapitalis.com\/tunisie\/\",\"logo\":{\"@type\":\"ImageObject\",\"inLanguage\":\"fr-FR\",\"@id\":\"https:\/\/kapitalis.com\/tunisie\/#\/schema\/logo\/image\/\",\"url\":\"https:\/\/kapitalis.com\/tunisie\/wp-content\/uploads\/2022\/05\/Kapitalis-big-size.png\",\"contentUrl\":\"https:\/\/kapitalis.com\/tunisie\/wp-content\/uploads\/2022\/05\/Kapitalis-big-size.png\",\"width\":5000,\"height\":1500,\"caption\":\"Kapitalis\"},\"image\":{\"@id\":\"https:\/\/kapitalis.com\/tunisie\/#\/schema\/logo\/image\/\"},\"sameAs\":[\"https:\/\/www.facebook.com\/KapitalisInfo\/\",\"https:\/\/x.com\/KapitalisInfo\",\"https:\/\/www.youtube.com\/channel\/UC-yDYrHyfFBWWZaOw3FPg9Q\"]},{\"@type\":\"Person\",\"@id\":\"https:\/\/kapitalis.com\/tunisie\/#\/schema\/person\/d71f33a9ca44f7bad4698210b480c8e9\",\"name\":\"webmaster kapitalis\",\"url\":\"https:\/\/kapitalis.com\/tunisie\/author\/webmaster-kapitalis\/\"}]}<\/script>\n<!-- \/ Yoast SEO plugin. -->","yoast_head_json":{"title":"Le parti Al-Massar appelle les Tunisiens \u00e0 boycotter la pr\u00e9sidentielle - Kapitalis","robots":{"index":"index","follow":"follow","max-snippet":"max-snippet:-1","max-image-preview":"max-image-preview:large","max-video-preview":"max-video-preview:-1"},"canonical":"https:\/\/kapitalis.com\/tunisie\/2024\/08\/19\/le-parti-al-massar-appelle-les-tunisiens-a-boycotter-la-presidentielle\/","og_locale":"fr_FR","og_type":"article","og_title":"Le parti Al-Massar appelle les Tunisiens \u00e0 boycotter la pr\u00e9sidentielle - Kapitalis","og_description":"Le parti Al-Massar d\u00e9plore le \u00abdangereux tournant politique en Tunisie\u00bb et le \u00abretour au carr\u00e9 du verrouillage politique\u00bb.","og_url":"https:\/\/kapitalis.com\/tunisie\/2024\/08\/19\/le-parti-al-massar-appelle-les-tunisiens-a-boycotter-la-presidentielle\/","og_site_name":"Kapitalis","article_publisher":"https:\/\/www.facebook.com\/KapitalisInfo\/","article_published_time":"2024-08-19T11:11:39+00:00","article_modified_time":"2024-08-19T11:11:41+00:00","og_image":[{"width":1200,"height":630,"url":"https:\/\/kapitalis.com\/tunisie\/wp-content\/uploads\/2022\/10\/Al-Massar.jpg","type":"image\/jpeg"}],"author":"webmaster kapitalis","twitter_card":"summary_large_image","twitter_creator":"@KapitalisInfo","twitter_site":"@KapitalisInfo","twitter_misc":{"\u00c9crit par":"webmaster kapitalis","Dur\u00e9e de lecture estim\u00e9e":"3 minutes"},"schema":{"@context":"https:\/\/schema.org","@graph":[{"@type":"Article","@id":"https:\/\/kapitalis.com\/tunisie\/2024\/08\/19\/le-parti-al-massar-appelle-les-tunisiens-a-boycotter-la-presidentielle\/#article","isPartOf":{"@id":"https:\/\/kapitalis.com\/tunisie\/2024\/08\/19\/le-parti-al-massar-appelle-les-tunisiens-a-boycotter-la-presidentielle\/"},"author":{"name":"webmaster kapitalis","@id":"https:\/\/kapitalis.com\/tunisie\/#\/schema\/person\/d71f33a9ca44f7bad4698210b480c8e9"},"headline":"Le parti Al-Massar appelle les Tunisiens \u00e0 boycotter la pr\u00e9sidentielle","datePublished":"2024-08-19T11:11:39+00:00","dateModified":"2024-08-19T11:11:41+00:00","mainEntityOfPage":{"@id":"https:\/\/kapitalis.com\/tunisie\/2024\/08\/19\/le-parti-al-massar-appelle-les-tunisiens-a-boycotter-la-presidentielle\/"},"wordCount":426,"publisher":{"@id":"https:\/\/kapitalis.com\/tunisie\/#organization"},"image":{"@id":"https:\/\/kapitalis.com\/tunisie\/2024\/08\/19\/le-parti-al-massar-appelle-les-tunisiens-a-boycotter-la-presidentielle\/#primaryimage"},"thumbnailUrl":"https:\/\/kapitalis.com\/tunisie\/wp-content\/uploads\/2022\/10\/Al-Massar.jpg","keywords":["Al-Massar","Ayachi Zammel","commission \u00e9lectorale","Cour constitutionnelle","Haica","Ka\u00efs Sa\u00efed","loi \u00e9lectorale","pr\u00e9sidentielle","Tunisie","Zouhair Maghazoui"],"articleSection":["POLITIQUE","Tunisie"],"inLanguage":"fr-FR"},{"@type":"WebPage","@id":"https:\/\/kapitalis.com\/tunisie\/2024\/08\/19\/le-parti-al-massar-appelle-les-tunisiens-a-boycotter-la-presidentielle\/","url":"https:\/\/kapitalis.com\/tunisie\/2024\/08\/19\/le-parti-al-massar-appelle-les-tunisiens-a-boycotter-la-presidentielle\/","name":"Le parti Al-Massar appelle les Tunisiens \u00e0 boycotter la pr\u00e9sidentielle - Kapitalis","isPartOf":{"@id":"https:\/\/kapitalis.com\/tunisie\/#website"},"primaryImageOfPage":{"@id":"https:\/\/kapitalis.com\/tunisie\/2024\/08\/19\/le-parti-al-massar-appelle-les-tunisiens-a-boycotter-la-presidentielle\/#primaryimage"},"image":{"@id":"https:\/\/kapitalis.com\/tunisie\/2024\/08\/19\/le-parti-al-massar-appelle-les-tunisiens-a-boycotter-la-presidentielle\/#primaryimage"},"thumbnailUrl":"https:\/\/kapitalis.com\/tunisie\/wp-content\/uploads\/2022\/10\/Al-Massar.jpg","datePublished":"2024-08-19T11:11:39+00:00","dateModified":"2024-08-19T11:11:41+00:00","breadcrumb":{"@id":"https:\/\/kapitalis.com\/tunisie\/2024\/08\/19\/le-parti-al-massar-appelle-les-tunisiens-a-boycotter-la-presidentielle\/#breadcrumb"},"inLanguage":"fr-FR","potentialAction":[{"@type":"ReadAction","target":["https:\/\/kapitalis.com\/tunisie\/2024\/08\/19\/le-parti-al-massar-appelle-les-tunisiens-a-boycotter-la-presidentielle\/"]}]},{"@type":"ImageObject","inLanguage":"fr-FR","@id":"https:\/\/kapitalis.com\/tunisie\/2024\/08\/19\/le-parti-al-massar-appelle-les-tunisiens-a-boycotter-la-presidentielle\/#primaryimage","url":"https:\/\/kapitalis.com\/tunisie\/wp-content\/uploads\/2022\/10\/Al-Massar.jpg","contentUrl":"https:\/\/kapitalis.com\/tunisie\/wp-content\/uploads\/2022\/10\/Al-Massar.jpg","width":1200,"height":630},{"@type":"BreadcrumbList","@id":"https:\/\/kapitalis.com\/tunisie\/2024\/08\/19\/le-parti-al-massar-appelle-les-tunisiens-a-boycotter-la-presidentielle\/#breadcrumb","itemListElement":[{"@type":"ListItem","position":1,"name":"Accueil","item":"https:\/\/kapitalis.com\/tunisie\/"},{"@type":"ListItem","position":2,"name":"Le parti Al-Massar appelle les Tunisiens \u00e0 boycotter la pr\u00e9sidentielle"}]},{"@type":"WebSite","@id":"https:\/\/kapitalis.com\/tunisie\/#website","url":"https:\/\/kapitalis.com\/tunisie\/","name":"Kapitalis","description":"L&#039;actualit\u00e9 en Tunisie et dans le monde","publisher":{"@id":"https:\/\/kapitalis.com\/tunisie\/#organization"},"potentialAction":[{"@type":"SearchAction","target":{"@type":"EntryPoint","urlTemplate":"https:\/\/kapitalis.com\/tunisie\/?s={search_term_string}"},"query-input":{"@type":"PropertyValueSpecification","valueRequired":true,"valueName":"search_term_string"}}],"inLanguage":"fr-FR"},{"@type":"Organization","@id":"https:\/\/kapitalis.com\/tunisie\/#organization","name":"Kapitalis","url":"https:\/\/kapitalis.com\/tunisie\/","logo":{"@type":"ImageObject","inLanguage":"fr-FR","@id":"https:\/\/kapitalis.com\/tunisie\/#\/schema\/logo\/image\/","url":"https:\/\/kapitalis.com\/tunisie\/wp-content\/uploads\/2022\/05\/Kapitalis-big-size.png","contentUrl":"https:\/\/kapitalis.com\/tunisie\/wp-content\/uploads\/2022\/05\/Kapitalis-big-size.png","width":5000,"height":1500,"caption":"Kapitalis"},"image":{"@id":"https:\/\/kapitalis.com\/tunisie\/#\/schema\/logo\/image\/"},"sameAs":["https:\/\/www.facebook.com\/KapitalisInfo\/","https:\/\/x.com\/KapitalisInfo","https:\/\/www.youtube.com\/channel\/UC-yDYrHyfFBWWZaOw3FPg9Q"]},{"@type":"Person","@id":"https:\/\/kapitalis.com\/tunisie\/#\/schema\/person\/d71f33a9ca44f7bad4698210b480c8e9","name":"webmaster kapitalis","url":"https:\/\/kapitalis.com\/tunisie\/author\/webmaster-kapitalis\/"}]}},"_links":{"self":[{"href":"https:\/\/kapitalis.com\/tunisie\/wp-json\/wp\/v2\/posts\/13795611","targetHints":{"allow":["GET"]}}],"collection":[{"href":"https:\/\/kapitalis.com\/tunisie\/wp-json\/wp\/v2\/posts"}],"about":[{"href":"https:\/\/kapitalis.com\/tunisie\/wp-json\/wp\/v2\/types\/post"}],"author":[{"embeddable":true,"href":"https:\/\/kapitalis.com\/tunisie\/wp-json\/wp\/v2\/users\/8"}],"replies":[{"embeddable":true,"href":"https:\/\/kapitalis.com\/tunisie\/wp-json\/wp\/v2\/comments?post=13795611"}],"version-history":[{"count":2,"href":"https:\/\/kapitalis.com\/tunisie\/wp-json\/wp\/v2\/posts\/13795611\/revisions"}],"predecessor-version":[{"id":13795954,"href":"https:\/\/kapitalis.com\/tunisie\/wp-json\/wp\/v2\/posts\/13795611\/revisions\/13795954"}],"wp:featuredmedia":[{"embeddable":true,"href":"https:\/\/kapitalis.com\/tunisie\/wp-json\/wp\/v2\/media\/4386547"}],"wp:attachment":[{"href":"https:\/\/kapitalis.com\/tunisie\/wp-json\/wp\/v2\/media?parent=13795611"}],"wp:term":[{"taxonomy":"category","embeddable":true,"href":"https:\/\/kapitalis.com\/tunisie\/wp-json\/wp\/v2\/categories?post=13795611"},{"taxonomy":"post_tag","embeddable":true,"href":"https:\/\/kapitalis.com\/tunisie\/wp-json\/wp\/v2\/tags?post=13795611"}],"curies":[{"name":"wp","href":"https:\/\/api.w.org\/{rel}","templated":true}]}}