{"id":13797718,"date":"2024-08-19T18:25:34","date_gmt":"2024-08-19T17:25:34","guid":{"rendered":"https:\/\/kapitalis.com\/tunisie\/?p=13797718"},"modified":"2024-08-19T18:30:48","modified_gmt":"2024-08-19T17:30:48","slug":"la-tresoriere-de-azimoun-et-membre-de-lequipe-de-zammel-en-garde-a-vue","status":"publish","type":"post","link":"https:\/\/kapitalis.com\/tunisie\/2024\/08\/19\/la-tresoriere-de-azimoun-et-membre-de-lequipe-de-zammel-en-garde-a-vue\/","title":{"rendered":"La tr\u00e9sori\u00e8re de Azimoun et membre de l\u2019\u00e9quipe de Zammel en garde \u00e0 vue"},"content":{"rendered":"\n<p><em style=\"\"><b>La tr\u00e9sori\u00e8re du parti Azimoun et membre de l\u2019\u00e9quipe de campagne du candidat \u00e0 la <\/b><\/em><strong><em>pr\u00e9sidentielle Ayachi Zammel a \u00e9t\u00e9 plac\u00e9e en garde \u00e0 vue, ce lundi 19 ao\u00fbt 2024.<\/em><\/strong><\/p>\n\n\n\n<!--more-->\n\n\n\n<p>Le minist\u00e8re public pr\u00e8s le tribunal de premi\u00e8re instance de Tunis 2, a charg\u00e9 la brigade de la police judiciaire de Sidi Hassine-Essijoumi de poursuivre l&rsquo;enqu\u00eate pour soup\u00e7ons de falsification de parrainages en faveur de Ayachi Zammel et a d\u00e9cid\u00e9, \u00e0 cet effet, de placer en garde \u00e0 vue la tr\u00e9sori\u00e8re du parti.<\/p>\n\n\n\n<p>Cette enqu\u00eate fait suite, selon une source cit\u00e9e par Mosa\u00efque FM, \u00e0 des plaintes d\u00e9pos\u00e9es par des citoyens qui affirment avoir d\u00e9couvert leurs noms sur la liste des parrainages du candidat Ayachi Zammel alors qu&rsquo;ils disent ne pas l&rsquo;avoir parrain\u00e9.<\/p>\n\n\n\n<p class=\"has-text-align-right\"><strong>Y. N.<\/strong><\/p>\n\n\n\n<figure class=\"wp-block-embed is-type-wp-embed is-provider-kapitalis wp-block-embed-kapitalis\"><div class=\"wp-block-embed__wrapper\">\n<blockquote class=\"wp-embedded-content\" data-secret=\"ylaGR2BEn2\"><a href=\"https:\/\/kapitalis.com\/tunisie\/2024\/08\/18\/tunisie-ayachi-zammel-sexprime-sur-sa-candidature-a-la-presidentielle\/\">Tunisie : Ayachi Zammel s&rsquo;exprime sur sa candidature \u00e0 la pr\u00e9sidentielle<\/a><\/blockquote><iframe loading=\"lazy\" class=\"wp-embedded-content\" sandbox=\"allow-scripts\" security=\"restricted\" style=\"position: absolute; visibility: hidden;\" title=\"\u00ab\u00a0Tunisie : Ayachi Zammel s&rsquo;exprime sur sa candidature \u00e0 la pr\u00e9sidentielle\u00a0\u00bb &#8212; Kapitalis\" src=\"https:\/\/kapitalis.com\/tunisie\/2024\/08\/18\/tunisie-ayachi-zammel-sexprime-sur-sa-candidature-a-la-presidentielle\/embed\/#?secret=9mztQNyZvs#?secret=ylaGR2BEn2\" data-secret=\"ylaGR2BEn2\" width=\"600\" height=\"338\" frameborder=\"0\" marginwidth=\"0\" marginheight=\"0\" scrolling=\"no\"><\/iframe>\n<\/div><\/figure>\n","protected":false},"excerpt":{"rendered":"<p>La tr\u00e9sori\u00e8re du parti Azimoun et membre de l\u2019\u00e9quipe de campagne du candidat \u00e0 la pr\u00e9sidentielle Ayachi Zammel a \u00e9t\u00e9 plac\u00e9e en garde \u00e0 vue, ce lundi 19 ao\u00fbt 2024.<\/p>\n","protected":false},"author":6,"featured_media":2969525,"comment_status":"closed","ping_status":"open","sticky":false,"template":"","format":"standard","meta":{"footnotes":""},"categories":[997,2433],"tags":[79858,117533,117532,62643],"class_list":["post-13797718","post","type-post","status-publish","format-standard","has-post-thumbnail","hentry","category-politique","category-tunisie","tag-ayachi-zammel","tag-presentielle","tag-tresoriere","tag-tunisie"],"yoast_head":"<!-- This site is optimized with the Yoast SEO plugin v26.6 - https:\/\/yoast.com\/wordpress\/plugins\/seo\/ -->\n<title>La tr\u00e9sori\u00e8re de Azimoun et membre de l\u2019\u00e9quipe de Zammel en garde \u00e0 vue - Kapitalis<\/title>\n<meta name=\"robots\" content=\"index, follow, max-snippet:-1, max-image-preview:large, max-video-preview:-1\" \/>\n<link rel=\"canonical\" href=\"https:\/\/kapitalis.com\/tunisie\/2024\/08\/19\/la-tresoriere-de-azimoun-et-membre-de-lequipe-de-zammel-en-garde-a-vue\/\" \/>\n<meta property=\"og:locale\" content=\"fr_FR\" \/>\n<meta property=\"og:type\" content=\"article\" \/>\n<meta property=\"og:title\" content=\"La tr\u00e9sori\u00e8re de Azimoun et membre de l\u2019\u00e9quipe de Zammel en garde \u00e0 vue - Kapitalis\" \/>\n<meta property=\"og:description\" content=\"La tr\u00e9sori\u00e8re du parti Azimoun et membre de l\u2019\u00e9quipe de campagne du candidat \u00e0 la pr\u00e9sidentielle Ayachi Zammel a \u00e9t\u00e9 plac\u00e9e en garde \u00e0 vue, ce lundi 19 ao\u00fbt 2024.\" \/>\n<meta property=\"og:url\" content=\"https:\/\/kapitalis.com\/tunisie\/2024\/08\/19\/la-tresoriere-de-azimoun-et-membre-de-lequipe-de-zammel-en-garde-a-vue\/\" \/>\n<meta property=\"og:site_name\" content=\"Kapitalis\" \/>\n<meta property=\"article:publisher\" content=\"https:\/\/www.facebook.com\/KapitalisInfo\/\" \/>\n<meta property=\"article:published_time\" content=\"2024-08-19T17:25:34+00:00\" \/>\n<meta property=\"article:modified_time\" content=\"2024-08-19T17:30:48+00:00\" \/>\n<meta property=\"og:image\" content=\"https:\/\/kapitalis.com\/tunisie\/wp-content\/uploads\/2022\/08\/justice-juge.jpg\" \/>\n\t<meta property=\"og:image:width\" content=\"1200\" \/>\n\t<meta property=\"og:image:height\" content=\"630\" \/>\n\t<meta property=\"og:image:type\" content=\"image\/jpeg\" \/>\n<meta name=\"author\" content=\"Yusra NY\" \/>\n<meta name=\"twitter:card\" content=\"summary_large_image\" \/>\n<meta name=\"twitter:creator\" content=\"@KapitalisInfo\" \/>\n<meta name=\"twitter:site\" content=\"@KapitalisInfo\" \/>\n<meta name=\"twitter:label1\" content=\"\u00c9crit par\" \/>\n\t<meta name=\"twitter:data1\" content=\"Yusra NY\" \/>\n\t<meta name=\"twitter:label2\" content=\"Dur\u00e9e de lecture estim\u00e9e\" \/>\n\t<meta name=\"twitter:data2\" content=\"1 minute\" \/>\n<script type=\"application\/ld+json\" class=\"yoast-schema-graph\">{\"@context\":\"https:\/\/schema.org\",\"@graph\":[{\"@type\":\"Article\",\"@id\":\"https:\/\/kapitalis.com\/tunisie\/2024\/08\/19\/la-tresoriere-de-azimoun-et-membre-de-lequipe-de-zammel-en-garde-a-vue\/#article\",\"isPartOf\":{\"@id\":\"https:\/\/kapitalis.com\/tunisie\/2024\/08\/19\/la-tresoriere-de-azimoun-et-membre-de-lequipe-de-zammel-en-garde-a-vue\/\"},\"author\":{\"name\":\"Yusra NY\",\"@id\":\"https:\/\/kapitalis.com\/tunisie\/#\/schema\/person\/74bbde0154d49d790a92aaeac5bc01d5\"},\"headline\":\"La tr\u00e9sori\u00e8re de Azimoun et membre de l\u2019\u00e9quipe de Zammel en garde \u00e0 vue\",\"datePublished\":\"2024-08-19T17:25:34+00:00\",\"dateModified\":\"2024-08-19T17:30:48+00:00\",\"mainEntityOfPage\":{\"@id\":\"https:\/\/kapitalis.com\/tunisie\/2024\/08\/19\/la-tresoriere-de-azimoun-et-membre-de-lequipe-de-zammel-en-garde-a-vue\/\"},\"wordCount\":158,\"publisher\":{\"@id\":\"https:\/\/kapitalis.com\/tunisie\/#organization\"},\"image\":{\"@id\":\"https:\/\/kapitalis.com\/tunisie\/2024\/08\/19\/la-tresoriere-de-azimoun-et-membre-de-lequipe-de-zammel-en-garde-a-vue\/#primaryimage\"},\"thumbnailUrl\":\"https:\/\/kapitalis.com\/tunisie\/wp-content\/uploads\/2022\/08\/justice-juge.jpg\",\"keywords\":[\"Ayachi Zammel\",\"Pr\u00e9sentielle\",\"tr\u00e9sori\u00e8re\",\"Tunisie\"],\"articleSection\":[\"POLITIQUE\",\"Tunisie\"],\"inLanguage\":\"fr-FR\"},{\"@type\":\"WebPage\",\"@id\":\"https:\/\/kapitalis.com\/tunisie\/2024\/08\/19\/la-tresoriere-de-azimoun-et-membre-de-lequipe-de-zammel-en-garde-a-vue\/\",\"url\":\"https:\/\/kapitalis.com\/tunisie\/2024\/08\/19\/la-tresoriere-de-azimoun-et-membre-de-lequipe-de-zammel-en-garde-a-vue\/\",\"name\":\"La tr\u00e9sori\u00e8re de Azimoun et membre de l\u2019\u00e9quipe de Zammel en garde \u00e0 vue - Kapitalis\",\"isPartOf\":{\"@id\":\"https:\/\/kapitalis.com\/tunisie\/#website\"},\"primaryImageOfPage\":{\"@id\":\"https:\/\/kapitalis.com\/tunisie\/2024\/08\/19\/la-tresoriere-de-azimoun-et-membre-de-lequipe-de-zammel-en-garde-a-vue\/#primaryimage\"},\"image\":{\"@id\":\"https:\/\/kapitalis.com\/tunisie\/2024\/08\/19\/la-tresoriere-de-azimoun-et-membre-de-lequipe-de-zammel-en-garde-a-vue\/#primaryimage\"},\"thumbnailUrl\":\"https:\/\/kapitalis.com\/tunisie\/wp-content\/uploads\/2022\/08\/justice-juge.jpg\",\"datePublished\":\"2024-08-19T17:25:34+00:00\",\"dateModified\":\"2024-08-19T17:30:48+00:00\",\"breadcrumb\":{\"@id\":\"https:\/\/kapitalis.com\/tunisie\/2024\/08\/19\/la-tresoriere-de-azimoun-et-membre-de-lequipe-de-zammel-en-garde-a-vue\/#breadcrumb\"},\"inLanguage\":\"fr-FR\",\"potentialAction\":[{\"@type\":\"ReadAction\",\"target\":[\"https:\/\/kapitalis.com\/tunisie\/2024\/08\/19\/la-tresoriere-de-azimoun-et-membre-de-lequipe-de-zammel-en-garde-a-vue\/\"]}]},{\"@type\":\"ImageObject\",\"inLanguage\":\"fr-FR\",\"@id\":\"https:\/\/kapitalis.com\/tunisie\/2024\/08\/19\/la-tresoriere-de-azimoun-et-membre-de-lequipe-de-zammel-en-garde-a-vue\/#primaryimage\",\"url\":\"https:\/\/kapitalis.com\/tunisie\/wp-content\/uploads\/2022\/08\/justice-juge.jpg\",\"contentUrl\":\"https:\/\/kapitalis.com\/tunisie\/wp-content\/uploads\/2022\/08\/justice-juge.jpg\",\"width\":1200,\"height\":630},{\"@type\":\"BreadcrumbList\",\"@id\":\"https:\/\/kapitalis.com\/tunisie\/2024\/08\/19\/la-tresoriere-de-azimoun-et-membre-de-lequipe-de-zammel-en-garde-a-vue\/#breadcrumb\",\"itemListElement\":[{\"@type\":\"ListItem\",\"position\":1,\"name\":\"Accueil\",\"item\":\"https:\/\/kapitalis.com\/tunisie\/\"},{\"@type\":\"ListItem\",\"position\":2,\"name\":\"La tr\u00e9sori\u00e8re de Azimoun et membre de l\u2019\u00e9quipe de Zammel en garde \u00e0 vue\"}]},{\"@type\":\"WebSite\",\"@id\":\"https:\/\/kapitalis.com\/tunisie\/#website\",\"url\":\"https:\/\/kapitalis.com\/tunisie\/\",\"name\":\"Kapitalis\",\"description\":\"L&#039;actualit\u00e9 en Tunisie et dans le monde\",\"publisher\":{\"@id\":\"https:\/\/kapitalis.com\/tunisie\/#organization\"},\"potentialAction\":[{\"@type\":\"SearchAction\",\"target\":{\"@type\":\"EntryPoint\",\"urlTemplate\":\"https:\/\/kapitalis.com\/tunisie\/?s={search_term_string}\"},\"query-input\":{\"@type\":\"PropertyValueSpecification\",\"valueRequired\":true,\"valueName\":\"search_term_string\"}}],\"inLanguage\":\"fr-FR\"},{\"@type\":\"Organization\",\"@id\":\"https:\/\/kapitalis.com\/tunisie\/#organization\",\"name\":\"Kapitalis\",\"url\":\"https:\/\/kapitalis.com\/tunisie\/\",\"logo\":{\"@type\":\"ImageObject\",\"inLanguage\":\"fr-FR\",\"@id\":\"https:\/\/kapitalis.com\/tunisie\/#\/schema\/logo\/image\/\",\"url\":\"https:\/\/kapitalis.com\/tunisie\/wp-content\/uploads\/2022\/05\/Kapitalis-big-size.png\",\"contentUrl\":\"https:\/\/kapitalis.com\/tunisie\/wp-content\/uploads\/2022\/05\/Kapitalis-big-size.png\",\"width\":5000,\"height\":1500,\"caption\":\"Kapitalis\"},\"image\":{\"@id\":\"https:\/\/kapitalis.com\/tunisie\/#\/schema\/logo\/image\/\"},\"sameAs\":[\"https:\/\/www.facebook.com\/KapitalisInfo\/\",\"https:\/\/x.com\/KapitalisInfo\",\"https:\/\/www.youtube.com\/channel\/UC-yDYrHyfFBWWZaOw3FPg9Q\"]},{\"@type\":\"Person\",\"@id\":\"https:\/\/kapitalis.com\/tunisie\/#\/schema\/person\/74bbde0154d49d790a92aaeac5bc01d5\",\"name\":\"Yusra NY\",\"url\":\"https:\/\/kapitalis.com\/tunisie\/author\/yuza_adam\/\"}]}<\/script>\n<!-- \/ Yoast SEO plugin. -->","yoast_head_json":{"title":"La tr\u00e9sori\u00e8re de Azimoun et membre de l\u2019\u00e9quipe de Zammel en garde \u00e0 vue - Kapitalis","robots":{"index":"index","follow":"follow","max-snippet":"max-snippet:-1","max-image-preview":"max-image-preview:large","max-video-preview":"max-video-preview:-1"},"canonical":"https:\/\/kapitalis.com\/tunisie\/2024\/08\/19\/la-tresoriere-de-azimoun-et-membre-de-lequipe-de-zammel-en-garde-a-vue\/","og_locale":"fr_FR","og_type":"article","og_title":"La tr\u00e9sori\u00e8re de Azimoun et membre de l\u2019\u00e9quipe de Zammel en garde \u00e0 vue - Kapitalis","og_description":"La tr\u00e9sori\u00e8re du parti Azimoun et membre de l\u2019\u00e9quipe de campagne du candidat \u00e0 la pr\u00e9sidentielle Ayachi Zammel a \u00e9t\u00e9 plac\u00e9e en garde \u00e0 vue, ce lundi 19 ao\u00fbt 2024.","og_url":"https:\/\/kapitalis.com\/tunisie\/2024\/08\/19\/la-tresoriere-de-azimoun-et-membre-de-lequipe-de-zammel-en-garde-a-vue\/","og_site_name":"Kapitalis","article_publisher":"https:\/\/www.facebook.com\/KapitalisInfo\/","article_published_time":"2024-08-19T17:25:34+00:00","article_modified_time":"2024-08-19T17:30:48+00:00","og_image":[{"width":1200,"height":630,"url":"https:\/\/kapitalis.com\/tunisie\/wp-content\/uploads\/2022\/08\/justice-juge.jpg","type":"image\/jpeg"}],"author":"Yusra NY","twitter_card":"summary_large_image","twitter_creator":"@KapitalisInfo","twitter_site":"@KapitalisInfo","twitter_misc":{"\u00c9crit par":"Yusra NY","Dur\u00e9e de lecture estim\u00e9e":"1 minute"},"schema":{"@context":"https:\/\/schema.org","@graph":[{"@type":"Article","@id":"https:\/\/kapitalis.com\/tunisie\/2024\/08\/19\/la-tresoriere-de-azimoun-et-membre-de-lequipe-de-zammel-en-garde-a-vue\/#article","isPartOf":{"@id":"https:\/\/kapitalis.com\/tunisie\/2024\/08\/19\/la-tresoriere-de-azimoun-et-membre-de-lequipe-de-zammel-en-garde-a-vue\/"},"author":{"name":"Yusra NY","@id":"https:\/\/kapitalis.com\/tunisie\/#\/schema\/person\/74bbde0154d49d790a92aaeac5bc01d5"},"headline":"La tr\u00e9sori\u00e8re de Azimoun et membre de l\u2019\u00e9quipe de Zammel en garde \u00e0 vue","datePublished":"2024-08-19T17:25:34+00:00","dateModified":"2024-08-19T17:30:48+00:00","mainEntityOfPage":{"@id":"https:\/\/kapitalis.com\/tunisie\/2024\/08\/19\/la-tresoriere-de-azimoun-et-membre-de-lequipe-de-zammel-en-garde-a-vue\/"},"wordCount":158,"publisher":{"@id":"https:\/\/kapitalis.com\/tunisie\/#organization"},"image":{"@id":"https:\/\/kapitalis.com\/tunisie\/2024\/08\/19\/la-tresoriere-de-azimoun-et-membre-de-lequipe-de-zammel-en-garde-a-vue\/#primaryimage"},"thumbnailUrl":"https:\/\/kapitalis.com\/tunisie\/wp-content\/uploads\/2022\/08\/justice-juge.jpg","keywords":["Ayachi Zammel","Pr\u00e9sentielle","tr\u00e9sori\u00e8re","Tunisie"],"articleSection":["POLITIQUE","Tunisie"],"inLanguage":"fr-FR"},{"@type":"WebPage","@id":"https:\/\/kapitalis.com\/tunisie\/2024\/08\/19\/la-tresoriere-de-azimoun-et-membre-de-lequipe-de-zammel-en-garde-a-vue\/","url":"https:\/\/kapitalis.com\/tunisie\/2024\/08\/19\/la-tresoriere-de-azimoun-et-membre-de-lequipe-de-zammel-en-garde-a-vue\/","name":"La tr\u00e9sori\u00e8re de Azimoun et membre de l\u2019\u00e9quipe de Zammel en garde \u00e0 vue - Kapitalis","isPartOf":{"@id":"https:\/\/kapitalis.com\/tunisie\/#website"},"primaryImageOfPage":{"@id":"https:\/\/kapitalis.com\/tunisie\/2024\/08\/19\/la-tresoriere-de-azimoun-et-membre-de-lequipe-de-zammel-en-garde-a-vue\/#primaryimage"},"image":{"@id":"https:\/\/kapitalis.com\/tunisie\/2024\/08\/19\/la-tresoriere-de-azimoun-et-membre-de-lequipe-de-zammel-en-garde-a-vue\/#primaryimage"},"thumbnailUrl":"https:\/\/kapitalis.com\/tunisie\/wp-content\/uploads\/2022\/08\/justice-juge.jpg","datePublished":"2024-08-19T17:25:34+00:00","dateModified":"2024-08-19T17:30:48+00:00","breadcrumb":{"@id":"https:\/\/kapitalis.com\/tunisie\/2024\/08\/19\/la-tresoriere-de-azimoun-et-membre-de-lequipe-de-zammel-en-garde-a-vue\/#breadcrumb"},"inLanguage":"fr-FR","potentialAction":[{"@type":"ReadAction","target":["https:\/\/kapitalis.com\/tunisie\/2024\/08\/19\/la-tresoriere-de-azimoun-et-membre-de-lequipe-de-zammel-en-garde-a-vue\/"]}]},{"@type":"ImageObject","inLanguage":"fr-FR","@id":"https:\/\/kapitalis.com\/tunisie\/2024\/08\/19\/la-tresoriere-de-azimoun-et-membre-de-lequipe-de-zammel-en-garde-a-vue\/#primaryimage","url":"https:\/\/kapitalis.com\/tunisie\/wp-content\/uploads\/2022\/08\/justice-juge.jpg","contentUrl":"https:\/\/kapitalis.com\/tunisie\/wp-content\/uploads\/2022\/08\/justice-juge.jpg","width":1200,"height":630},{"@type":"BreadcrumbList","@id":"https:\/\/kapitalis.com\/tunisie\/2024\/08\/19\/la-tresoriere-de-azimoun-et-membre-de-lequipe-de-zammel-en-garde-a-vue\/#breadcrumb","itemListElement":[{"@type":"ListItem","position":1,"name":"Accueil","item":"https:\/\/kapitalis.com\/tunisie\/"},{"@type":"ListItem","position":2,"name":"La tr\u00e9sori\u00e8re de Azimoun et membre de l\u2019\u00e9quipe de Zammel en garde \u00e0 vue"}]},{"@type":"WebSite","@id":"https:\/\/kapitalis.com\/tunisie\/#website","url":"https:\/\/kapitalis.com\/tunisie\/","name":"Kapitalis","description":"L&#039;actualit\u00e9 en Tunisie et dans le monde","publisher":{"@id":"https:\/\/kapitalis.com\/tunisie\/#organization"},"potentialAction":[{"@type":"SearchAction","target":{"@type":"EntryPoint","urlTemplate":"https:\/\/kapitalis.com\/tunisie\/?s={search_term_string}"},"query-input":{"@type":"PropertyValueSpecification","valueRequired":true,"valueName":"search_term_string"}}],"inLanguage":"fr-FR"},{"@type":"Organization","@id":"https:\/\/kapitalis.com\/tunisie\/#organization","name":"Kapitalis","url":"https:\/\/kapitalis.com\/tunisie\/","logo":{"@type":"ImageObject","inLanguage":"fr-FR","@id":"https:\/\/kapitalis.com\/tunisie\/#\/schema\/logo\/image\/","url":"https:\/\/kapitalis.com\/tunisie\/wp-content\/uploads\/2022\/05\/Kapitalis-big-size.png","contentUrl":"https:\/\/kapitalis.com\/tunisie\/wp-content\/uploads\/2022\/05\/Kapitalis-big-size.png","width":5000,"height":1500,"caption":"Kapitalis"},"image":{"@id":"https:\/\/kapitalis.com\/tunisie\/#\/schema\/logo\/image\/"},"sameAs":["https:\/\/www.facebook.com\/KapitalisInfo\/","https:\/\/x.com\/KapitalisInfo","https:\/\/www.youtube.com\/channel\/UC-yDYrHyfFBWWZaOw3FPg9Q"]},{"@type":"Person","@id":"https:\/\/kapitalis.com\/tunisie\/#\/schema\/person\/74bbde0154d49d790a92aaeac5bc01d5","name":"Yusra NY","url":"https:\/\/kapitalis.com\/tunisie\/author\/yuza_adam\/"}]}},"_links":{"self":[{"href":"https:\/\/kapitalis.com\/tunisie\/wp-json\/wp\/v2\/posts\/13797718","targetHints":{"allow":["GET"]}}],"collection":[{"href":"https:\/\/kapitalis.com\/tunisie\/wp-json\/wp\/v2\/posts"}],"about":[{"href":"https:\/\/kapitalis.com\/tunisie\/wp-json\/wp\/v2\/types\/post"}],"author":[{"embeddable":true,"href":"https:\/\/kapitalis.com\/tunisie\/wp-json\/wp\/v2\/users\/6"}],"replies":[{"embeddable":true,"href":"https:\/\/kapitalis.com\/tunisie\/wp-json\/wp\/v2\/comments?post=13797718"}],"version-history":[{"count":4,"href":"https:\/\/kapitalis.com\/tunisie\/wp-json\/wp\/v2\/posts\/13797718\/revisions"}],"predecessor-version":[{"id":13797783,"href":"https:\/\/kapitalis.com\/tunisie\/wp-json\/wp\/v2\/posts\/13797718\/revisions\/13797783"}],"wp:featuredmedia":[{"embeddable":true,"href":"https:\/\/kapitalis.com\/tunisie\/wp-json\/wp\/v2\/media\/2969525"}],"wp:attachment":[{"href":"https:\/\/kapitalis.com\/tunisie\/wp-json\/wp\/v2\/media?parent=13797718"}],"wp:term":[{"taxonomy":"category","embeddable":true,"href":"https:\/\/kapitalis.com\/tunisie\/wp-json\/wp\/v2\/categories?post=13797718"},{"taxonomy":"post_tag","embeddable":true,"href":"https:\/\/kapitalis.com\/tunisie\/wp-json\/wp\/v2\/tags?post=13797718"}],"curies":[{"name":"wp","href":"https:\/\/api.w.org\/{rel}","templated":true}]}}