{"id":13800739,"date":"2024-08-20T08:55:29","date_gmt":"2024-08-20T07:55:29","guid":{"rendered":"https:\/\/kapitalis.com\/tunisie\/?p=13800739"},"modified":"2024-08-20T12:53:25","modified_gmt":"2024-08-20T11:53:25","slug":"tunisie-branle-bas-de-combat-contre-la-rage","status":"publish","type":"post","link":"https:\/\/kapitalis.com\/tunisie\/2024\/08\/20\/tunisie-branle-bas-de-combat-contre-la-rage\/","title":{"rendered":"Tunisie\u00a0: branle-bas de combat contre la rage"},"content":{"rendered":"\n<p><strong><em>Les v\u00e9t\u00e9rinaires et les m\u00e9decins du secteur priv\u00e9 seront impliqu\u00e9s dans la campagne nationale de vaccination contre la rage, dont la date de lancement va \u00eatre avanc\u00e9e. Cette maladie, souvent transmise par des chiens errants, a tu\u00e9 9 personnes depuis le d\u00e9but de cette ann\u00e9e, contre \u00abseulement\u00bb 6 pour toute l\u2019ann\u00e9e 2023. D\u2019o\u00f9 l\u2019urgence d\u2019agir\u2026<\/em><\/strong><\/p>\n\n\n\n<!--more-->\n\n\n\n<p>Dans ce contexte de crise, un conseil minist\u00e9riel restreint s\u2019est tenu, lundi 19 ao\u00fbt 2024, \u00e0 la Kasbah, sous la pr\u00e9sidence du chef du gouvernement Kamel Maddouri, qui a approuv\u00e9, entre autres mesures, l\u2019activation de la cellule de crise au minist\u00e8re de la Sant\u00e9 et le renforcement des volets des du programme national de lutte contre la rage, indique un communiqu\u00e9 de la pr\u00e9sidence du gouvernement.<\/p>\n\n\n\n<p>Le conseil, qui a r\u00e9uni les ministres de l\u2019Int\u00e9rieur, de la Sant\u00e9, de l\u2019Agriculture et de l\u2019Environnement, a \u00e9galement autoris\u00e9 l\u2019organisation de campagnes de sensibilisation et de vaccination au niveau central, r\u00e9gional et local, en ciblant les march\u00e9s hebdomadaires dans les r\u00e9gions.<\/p>\n\n\n\n<p>Il a aussi \u00e9t\u00e9 d\u00e9cid\u00e9 d\u2019intensifier les interventions pour mieux s\u2019occuper de l\u2019environnement et \u00e9liminer les d\u00e9charges sauvages de d\u00e9chets m\u00e9nagers.<\/p>\n\n\n\n<p>De plus, des num\u00e9ros verts seront mis \u00e0 la disposition des citoyens pour les informer, les orienter et les sensibiliser. Et un soutien psychologique sera assur\u00e9 par des sp\u00e9cialistes si n\u00e9cessaire, notamment aux familles ayant \u00e9t\u00e9 affect\u00e9es par ce mal.<\/p>\n\n\n\n<p>Les gouverneurs seront charg\u00e9s d\u2019assurer le suivi de la mise en \u0153uvre des mesures adopt\u00e9es, d\u2019organiser des r\u00e9unions de travail et d\u2019\u00e9tablir un cadre juridique pour r\u00e9glementer la d\u00e9tention d\u2019animaux dangereux et notamment des chiens.<\/p>\n\n\n\n<p>Le chef du gouvernement a insist\u00e9 sur l\u2019application imm\u00e9diate de ces diff\u00e9rentes mesures et sur le suivi rigoureux de leur mise en \u0153uvre de mani\u00e8re r\u00e9guli\u00e8re, en soulignant l\u2019importance d\u2019intervenir en urgence pour fournir tous les moyens logistiques, mat\u00e9riels et humains n\u00e9cessaires pour la pr\u00e9vention des complications li\u00e9es \u00e0 la rage.<\/p>\n\n\n\n<p class=\"has-text-align-right\"><strong>I. B.<\/strong> (avec Tap).<\/p>\n\n\n\n<figure class=\"wp-block-embed is-type-wp-embed is-provider-kapitalis wp-block-embed-kapitalis\"><div class=\"wp-block-embed__wrapper\">\n<blockquote class=\"wp-embedded-content\" data-secret=\"9dC5jdy3Mc\"><a href=\"https:\/\/kapitalis.com\/tunisie\/2024\/08\/15\/sousse-un-jeune-de-19-ans-decede-de-la-rage-apres-avoir-ete-griffe-par-un-chat\/\">Sousse : Un jeune de 19 ans d\u00e9c\u00e8de de la rage apr\u00e8s avoir \u00e9t\u00e9 griff\u00e9 par un chat<\/a><\/blockquote><iframe loading=\"lazy\" class=\"wp-embedded-content\" sandbox=\"allow-scripts\" security=\"restricted\" style=\"position: absolute; visibility: hidden;\" title=\"\u00ab\u00a0Sousse : Un jeune de 19 ans d\u00e9c\u00e8de de la rage apr\u00e8s avoir \u00e9t\u00e9 griff\u00e9 par un chat\u00a0\u00bb &#8212; Kapitalis\" src=\"https:\/\/kapitalis.com\/tunisie\/2024\/08\/15\/sousse-un-jeune-de-19-ans-decede-de-la-rage-apres-avoir-ete-griffe-par-un-chat\/embed\/#?secret=KF7Vz5G5QH#?secret=9dC5jdy3Mc\" data-secret=\"9dC5jdy3Mc\" width=\"600\" height=\"338\" frameborder=\"0\" marginwidth=\"0\" marginheight=\"0\" scrolling=\"no\"><\/iframe>\n<\/div><\/figure>\n","protected":false},"excerpt":{"rendered":"<p>Mobilisation g\u00e9n\u00e9rale en Tunisie pour lutter contre la rage qui a tu\u00e9 10 personnes en moins de 10 mois.  <\/p>\n","protected":false},"author":8,"featured_media":13800769,"comment_status":"closed","ping_status":"open","sticky":false,"template":"","format":"standard","meta":{"footnotes":""},"categories":[997,998,2433],"tags":[9595,106500,1269,810,62643,21520],"class_list":["post-13800739","post","type-post","status-publish","format-standard","has-post-thumbnail","hentry","category-politique","category-societe","category-tunisie","tag-chiens-errants","tag-kamel-maddouri","tag-rage","tag-sante","tag-tunisie","tag-veterinaires"],"yoast_head":"<!-- This site is optimized with the Yoast SEO plugin v26.6 - https:\/\/yoast.com\/wordpress\/plugins\/seo\/ -->\n<title>Tunisie\u00a0: branle-bas de combat contre la rage - Kapitalis<\/title>\n<meta name=\"robots\" content=\"index, follow, max-snippet:-1, max-image-preview:large, max-video-preview:-1\" \/>\n<link rel=\"canonical\" href=\"https:\/\/kapitalis.com\/tunisie\/2024\/08\/20\/tunisie-branle-bas-de-combat-contre-la-rage\/\" \/>\n<meta property=\"og:locale\" content=\"fr_FR\" \/>\n<meta property=\"og:type\" content=\"article\" \/>\n<meta property=\"og:title\" content=\"Tunisie\u00a0: branle-bas de combat contre la rage - Kapitalis\" \/>\n<meta property=\"og:description\" content=\"Mobilisation g\u00e9n\u00e9rale en Tunisie pour lutter contre la rage qui a tu\u00e9 10 personnes en moins de 10 mois.\" \/>\n<meta property=\"og:url\" content=\"https:\/\/kapitalis.com\/tunisie\/2024\/08\/20\/tunisie-branle-bas-de-combat-contre-la-rage\/\" \/>\n<meta property=\"og:site_name\" content=\"Kapitalis\" \/>\n<meta property=\"article:publisher\" content=\"https:\/\/www.facebook.com\/KapitalisInfo\/\" \/>\n<meta property=\"article:published_time\" content=\"2024-08-20T07:55:29+00:00\" \/>\n<meta property=\"article:modified_time\" content=\"2024-08-20T11:53:25+00:00\" \/>\n<meta property=\"og:image\" content=\"https:\/\/kapitalis.com\/tunisie\/wp-content\/uploads\/2024\/08\/Kamel-Maddouri-Conseil-ministeriel-Rage.jpg\" \/>\n\t<meta property=\"og:image:width\" content=\"1200\" \/>\n\t<meta property=\"og:image:height\" content=\"630\" \/>\n\t<meta property=\"og:image:type\" content=\"image\/jpeg\" \/>\n<meta name=\"author\" content=\"webmaster kapitalis\" \/>\n<meta name=\"twitter:card\" content=\"summary_large_image\" \/>\n<meta name=\"twitter:creator\" content=\"@KapitalisInfo\" \/>\n<meta name=\"twitter:site\" content=\"@KapitalisInfo\" \/>\n<meta name=\"twitter:label1\" content=\"\u00c9crit par\" \/>\n\t<meta name=\"twitter:data1\" content=\"webmaster kapitalis\" \/>\n\t<meta name=\"twitter:label2\" content=\"Dur\u00e9e de lecture estim\u00e9e\" \/>\n\t<meta name=\"twitter:data2\" content=\"2 minutes\" \/>\n<script type=\"application\/ld+json\" class=\"yoast-schema-graph\">{\"@context\":\"https:\/\/schema.org\",\"@graph\":[{\"@type\":\"Article\",\"@id\":\"https:\/\/kapitalis.com\/tunisie\/2024\/08\/20\/tunisie-branle-bas-de-combat-contre-la-rage\/#article\",\"isPartOf\":{\"@id\":\"https:\/\/kapitalis.com\/tunisie\/2024\/08\/20\/tunisie-branle-bas-de-combat-contre-la-rage\/\"},\"author\":{\"name\":\"webmaster kapitalis\",\"@id\":\"https:\/\/kapitalis.com\/tunisie\/#\/schema\/person\/d71f33a9ca44f7bad4698210b480c8e9\"},\"headline\":\"Tunisie\u00a0: branle-bas de combat contre la rage\",\"datePublished\":\"2024-08-20T07:55:29+00:00\",\"dateModified\":\"2024-08-20T11:53:25+00:00\",\"mainEntityOfPage\":{\"@id\":\"https:\/\/kapitalis.com\/tunisie\/2024\/08\/20\/tunisie-branle-bas-de-combat-contre-la-rage\/\"},\"wordCount\":379,\"publisher\":{\"@id\":\"https:\/\/kapitalis.com\/tunisie\/#organization\"},\"image\":{\"@id\":\"https:\/\/kapitalis.com\/tunisie\/2024\/08\/20\/tunisie-branle-bas-de-combat-contre-la-rage\/#primaryimage\"},\"thumbnailUrl\":\"https:\/\/kapitalis.com\/tunisie\/wp-content\/uploads\/2024\/08\/Kamel-Maddouri-Conseil-ministeriel-Rage.jpg\",\"keywords\":[\"chiens errants\",\"Kamel Maddouri\",\"rage\",\"Sant\u00e9\",\"Tunisie\",\"V\u00e9t\u00e9rinaires\"],\"articleSection\":[\"POLITIQUE\",\"SOCIETE\",\"Tunisie\"],\"inLanguage\":\"fr-FR\"},{\"@type\":\"WebPage\",\"@id\":\"https:\/\/kapitalis.com\/tunisie\/2024\/08\/20\/tunisie-branle-bas-de-combat-contre-la-rage\/\",\"url\":\"https:\/\/kapitalis.com\/tunisie\/2024\/08\/20\/tunisie-branle-bas-de-combat-contre-la-rage\/\",\"name\":\"Tunisie\u00a0: branle-bas de combat contre la rage - Kapitalis\",\"isPartOf\":{\"@id\":\"https:\/\/kapitalis.com\/tunisie\/#website\"},\"primaryImageOfPage\":{\"@id\":\"https:\/\/kapitalis.com\/tunisie\/2024\/08\/20\/tunisie-branle-bas-de-combat-contre-la-rage\/#primaryimage\"},\"image\":{\"@id\":\"https:\/\/kapitalis.com\/tunisie\/2024\/08\/20\/tunisie-branle-bas-de-combat-contre-la-rage\/#primaryimage\"},\"thumbnailUrl\":\"https:\/\/kapitalis.com\/tunisie\/wp-content\/uploads\/2024\/08\/Kamel-Maddouri-Conseil-ministeriel-Rage.jpg\",\"datePublished\":\"2024-08-20T07:55:29+00:00\",\"dateModified\":\"2024-08-20T11:53:25+00:00\",\"breadcrumb\":{\"@id\":\"https:\/\/kapitalis.com\/tunisie\/2024\/08\/20\/tunisie-branle-bas-de-combat-contre-la-rage\/#breadcrumb\"},\"inLanguage\":\"fr-FR\",\"potentialAction\":[{\"@type\":\"ReadAction\",\"target\":[\"https:\/\/kapitalis.com\/tunisie\/2024\/08\/20\/tunisie-branle-bas-de-combat-contre-la-rage\/\"]}]},{\"@type\":\"ImageObject\",\"inLanguage\":\"fr-FR\",\"@id\":\"https:\/\/kapitalis.com\/tunisie\/2024\/08\/20\/tunisie-branle-bas-de-combat-contre-la-rage\/#primaryimage\",\"url\":\"https:\/\/kapitalis.com\/tunisie\/wp-content\/uploads\/2024\/08\/Kamel-Maddouri-Conseil-ministeriel-Rage.jpg\",\"contentUrl\":\"https:\/\/kapitalis.com\/tunisie\/wp-content\/uploads\/2024\/08\/Kamel-Maddouri-Conseil-ministeriel-Rage.jpg\",\"width\":1200,\"height\":630},{\"@type\":\"BreadcrumbList\",\"@id\":\"https:\/\/kapitalis.com\/tunisie\/2024\/08\/20\/tunisie-branle-bas-de-combat-contre-la-rage\/#breadcrumb\",\"itemListElement\":[{\"@type\":\"ListItem\",\"position\":1,\"name\":\"Accueil\",\"item\":\"https:\/\/kapitalis.com\/tunisie\/\"},{\"@type\":\"ListItem\",\"position\":2,\"name\":\"Tunisie\u00a0: branle-bas de combat contre la rage\"}]},{\"@type\":\"WebSite\",\"@id\":\"https:\/\/kapitalis.com\/tunisie\/#website\",\"url\":\"https:\/\/kapitalis.com\/tunisie\/\",\"name\":\"Kapitalis\",\"description\":\"L&#039;actualit\u00e9 en Tunisie et dans le monde\",\"publisher\":{\"@id\":\"https:\/\/kapitalis.com\/tunisie\/#organization\"},\"potentialAction\":[{\"@type\":\"SearchAction\",\"target\":{\"@type\":\"EntryPoint\",\"urlTemplate\":\"https:\/\/kapitalis.com\/tunisie\/?s={search_term_string}\"},\"query-input\":{\"@type\":\"PropertyValueSpecification\",\"valueRequired\":true,\"valueName\":\"search_term_string\"}}],\"inLanguage\":\"fr-FR\"},{\"@type\":\"Organization\",\"@id\":\"https:\/\/kapitalis.com\/tunisie\/#organization\",\"name\":\"Kapitalis\",\"url\":\"https:\/\/kapitalis.com\/tunisie\/\",\"logo\":{\"@type\":\"ImageObject\",\"inLanguage\":\"fr-FR\",\"@id\":\"https:\/\/kapitalis.com\/tunisie\/#\/schema\/logo\/image\/\",\"url\":\"https:\/\/kapitalis.com\/tunisie\/wp-content\/uploads\/2022\/05\/Kapitalis-big-size.png\",\"contentUrl\":\"https:\/\/kapitalis.com\/tunisie\/wp-content\/uploads\/2022\/05\/Kapitalis-big-size.png\",\"width\":5000,\"height\":1500,\"caption\":\"Kapitalis\"},\"image\":{\"@id\":\"https:\/\/kapitalis.com\/tunisie\/#\/schema\/logo\/image\/\"},\"sameAs\":[\"https:\/\/www.facebook.com\/KapitalisInfo\/\",\"https:\/\/x.com\/KapitalisInfo\",\"https:\/\/www.youtube.com\/channel\/UC-yDYrHyfFBWWZaOw3FPg9Q\"]},{\"@type\":\"Person\",\"@id\":\"https:\/\/kapitalis.com\/tunisie\/#\/schema\/person\/d71f33a9ca44f7bad4698210b480c8e9\",\"name\":\"webmaster kapitalis\",\"url\":\"https:\/\/kapitalis.com\/tunisie\/author\/webmaster-kapitalis\/\"}]}<\/script>\n<!-- \/ Yoast SEO plugin. -->","yoast_head_json":{"title":"Tunisie\u00a0: branle-bas de combat contre la rage - Kapitalis","robots":{"index":"index","follow":"follow","max-snippet":"max-snippet:-1","max-image-preview":"max-image-preview:large","max-video-preview":"max-video-preview:-1"},"canonical":"https:\/\/kapitalis.com\/tunisie\/2024\/08\/20\/tunisie-branle-bas-de-combat-contre-la-rage\/","og_locale":"fr_FR","og_type":"article","og_title":"Tunisie\u00a0: branle-bas de combat contre la rage - Kapitalis","og_description":"Mobilisation g\u00e9n\u00e9rale en Tunisie pour lutter contre la rage qui a tu\u00e9 10 personnes en moins de 10 mois.","og_url":"https:\/\/kapitalis.com\/tunisie\/2024\/08\/20\/tunisie-branle-bas-de-combat-contre-la-rage\/","og_site_name":"Kapitalis","article_publisher":"https:\/\/www.facebook.com\/KapitalisInfo\/","article_published_time":"2024-08-20T07:55:29+00:00","article_modified_time":"2024-08-20T11:53:25+00:00","og_image":[{"width":1200,"height":630,"url":"https:\/\/kapitalis.com\/tunisie\/wp-content\/uploads\/2024\/08\/Kamel-Maddouri-Conseil-ministeriel-Rage.jpg","type":"image\/jpeg"}],"author":"webmaster kapitalis","twitter_card":"summary_large_image","twitter_creator":"@KapitalisInfo","twitter_site":"@KapitalisInfo","twitter_misc":{"\u00c9crit par":"webmaster kapitalis","Dur\u00e9e de lecture estim\u00e9e":"2 minutes"},"schema":{"@context":"https:\/\/schema.org","@graph":[{"@type":"Article","@id":"https:\/\/kapitalis.com\/tunisie\/2024\/08\/20\/tunisie-branle-bas-de-combat-contre-la-rage\/#article","isPartOf":{"@id":"https:\/\/kapitalis.com\/tunisie\/2024\/08\/20\/tunisie-branle-bas-de-combat-contre-la-rage\/"},"author":{"name":"webmaster kapitalis","@id":"https:\/\/kapitalis.com\/tunisie\/#\/schema\/person\/d71f33a9ca44f7bad4698210b480c8e9"},"headline":"Tunisie\u00a0: branle-bas de combat contre la rage","datePublished":"2024-08-20T07:55:29+00:00","dateModified":"2024-08-20T11:53:25+00:00","mainEntityOfPage":{"@id":"https:\/\/kapitalis.com\/tunisie\/2024\/08\/20\/tunisie-branle-bas-de-combat-contre-la-rage\/"},"wordCount":379,"publisher":{"@id":"https:\/\/kapitalis.com\/tunisie\/#organization"},"image":{"@id":"https:\/\/kapitalis.com\/tunisie\/2024\/08\/20\/tunisie-branle-bas-de-combat-contre-la-rage\/#primaryimage"},"thumbnailUrl":"https:\/\/kapitalis.com\/tunisie\/wp-content\/uploads\/2024\/08\/Kamel-Maddouri-Conseil-ministeriel-Rage.jpg","keywords":["chiens errants","Kamel Maddouri","rage","Sant\u00e9","Tunisie","V\u00e9t\u00e9rinaires"],"articleSection":["POLITIQUE","SOCIETE","Tunisie"],"inLanguage":"fr-FR"},{"@type":"WebPage","@id":"https:\/\/kapitalis.com\/tunisie\/2024\/08\/20\/tunisie-branle-bas-de-combat-contre-la-rage\/","url":"https:\/\/kapitalis.com\/tunisie\/2024\/08\/20\/tunisie-branle-bas-de-combat-contre-la-rage\/","name":"Tunisie\u00a0: branle-bas de combat contre la rage - Kapitalis","isPartOf":{"@id":"https:\/\/kapitalis.com\/tunisie\/#website"},"primaryImageOfPage":{"@id":"https:\/\/kapitalis.com\/tunisie\/2024\/08\/20\/tunisie-branle-bas-de-combat-contre-la-rage\/#primaryimage"},"image":{"@id":"https:\/\/kapitalis.com\/tunisie\/2024\/08\/20\/tunisie-branle-bas-de-combat-contre-la-rage\/#primaryimage"},"thumbnailUrl":"https:\/\/kapitalis.com\/tunisie\/wp-content\/uploads\/2024\/08\/Kamel-Maddouri-Conseil-ministeriel-Rage.jpg","datePublished":"2024-08-20T07:55:29+00:00","dateModified":"2024-08-20T11:53:25+00:00","breadcrumb":{"@id":"https:\/\/kapitalis.com\/tunisie\/2024\/08\/20\/tunisie-branle-bas-de-combat-contre-la-rage\/#breadcrumb"},"inLanguage":"fr-FR","potentialAction":[{"@type":"ReadAction","target":["https:\/\/kapitalis.com\/tunisie\/2024\/08\/20\/tunisie-branle-bas-de-combat-contre-la-rage\/"]}]},{"@type":"ImageObject","inLanguage":"fr-FR","@id":"https:\/\/kapitalis.com\/tunisie\/2024\/08\/20\/tunisie-branle-bas-de-combat-contre-la-rage\/#primaryimage","url":"https:\/\/kapitalis.com\/tunisie\/wp-content\/uploads\/2024\/08\/Kamel-Maddouri-Conseil-ministeriel-Rage.jpg","contentUrl":"https:\/\/kapitalis.com\/tunisie\/wp-content\/uploads\/2024\/08\/Kamel-Maddouri-Conseil-ministeriel-Rage.jpg","width":1200,"height":630},{"@type":"BreadcrumbList","@id":"https:\/\/kapitalis.com\/tunisie\/2024\/08\/20\/tunisie-branle-bas-de-combat-contre-la-rage\/#breadcrumb","itemListElement":[{"@type":"ListItem","position":1,"name":"Accueil","item":"https:\/\/kapitalis.com\/tunisie\/"},{"@type":"ListItem","position":2,"name":"Tunisie\u00a0: branle-bas de combat contre la rage"}]},{"@type":"WebSite","@id":"https:\/\/kapitalis.com\/tunisie\/#website","url":"https:\/\/kapitalis.com\/tunisie\/","name":"Kapitalis","description":"L&#039;actualit\u00e9 en Tunisie et dans le monde","publisher":{"@id":"https:\/\/kapitalis.com\/tunisie\/#organization"},"potentialAction":[{"@type":"SearchAction","target":{"@type":"EntryPoint","urlTemplate":"https:\/\/kapitalis.com\/tunisie\/?s={search_term_string}"},"query-input":{"@type":"PropertyValueSpecification","valueRequired":true,"valueName":"search_term_string"}}],"inLanguage":"fr-FR"},{"@type":"Organization","@id":"https:\/\/kapitalis.com\/tunisie\/#organization","name":"Kapitalis","url":"https:\/\/kapitalis.com\/tunisie\/","logo":{"@type":"ImageObject","inLanguage":"fr-FR","@id":"https:\/\/kapitalis.com\/tunisie\/#\/schema\/logo\/image\/","url":"https:\/\/kapitalis.com\/tunisie\/wp-content\/uploads\/2022\/05\/Kapitalis-big-size.png","contentUrl":"https:\/\/kapitalis.com\/tunisie\/wp-content\/uploads\/2022\/05\/Kapitalis-big-size.png","width":5000,"height":1500,"caption":"Kapitalis"},"image":{"@id":"https:\/\/kapitalis.com\/tunisie\/#\/schema\/logo\/image\/"},"sameAs":["https:\/\/www.facebook.com\/KapitalisInfo\/","https:\/\/x.com\/KapitalisInfo","https:\/\/www.youtube.com\/channel\/UC-yDYrHyfFBWWZaOw3FPg9Q"]},{"@type":"Person","@id":"https:\/\/kapitalis.com\/tunisie\/#\/schema\/person\/d71f33a9ca44f7bad4698210b480c8e9","name":"webmaster kapitalis","url":"https:\/\/kapitalis.com\/tunisie\/author\/webmaster-kapitalis\/"}]}},"_links":{"self":[{"href":"https:\/\/kapitalis.com\/tunisie\/wp-json\/wp\/v2\/posts\/13800739","targetHints":{"allow":["GET"]}}],"collection":[{"href":"https:\/\/kapitalis.com\/tunisie\/wp-json\/wp\/v2\/posts"}],"about":[{"href":"https:\/\/kapitalis.com\/tunisie\/wp-json\/wp\/v2\/types\/post"}],"author":[{"embeddable":true,"href":"https:\/\/kapitalis.com\/tunisie\/wp-json\/wp\/v2\/users\/8"}],"replies":[{"embeddable":true,"href":"https:\/\/kapitalis.com\/tunisie\/wp-json\/wp\/v2\/comments?post=13800739"}],"version-history":[{"count":2,"href":"https:\/\/kapitalis.com\/tunisie\/wp-json\/wp\/v2\/posts\/13800739\/revisions"}],"predecessor-version":[{"id":13802222,"href":"https:\/\/kapitalis.com\/tunisie\/wp-json\/wp\/v2\/posts\/13800739\/revisions\/13802222"}],"wp:featuredmedia":[{"embeddable":true,"href":"https:\/\/kapitalis.com\/tunisie\/wp-json\/wp\/v2\/media\/13800769"}],"wp:attachment":[{"href":"https:\/\/kapitalis.com\/tunisie\/wp-json\/wp\/v2\/media?parent=13800739"}],"wp:term":[{"taxonomy":"category","embeddable":true,"href":"https:\/\/kapitalis.com\/tunisie\/wp-json\/wp\/v2\/categories?post=13800739"},{"taxonomy":"post_tag","embeddable":true,"href":"https:\/\/kapitalis.com\/tunisie\/wp-json\/wp\/v2\/tags?post=13800739"}],"curies":[{"name":"wp","href":"https:\/\/api.w.org\/{rel}","templated":true}]}}