{"id":13819509,"date":"2024-08-22T00:19:06","date_gmt":"2024-08-21T23:19:06","guid":{"rendered":"https:\/\/kapitalis.com\/tunisie\/?p=13819509"},"modified":"2024-08-22T00:21:54","modified_gmt":"2024-08-21T23:21:54","slug":"paris-2024-tunisair-transporteur-officiel-du-comite-paralympiques-tunisien","status":"publish","type":"post","link":"https:\/\/kapitalis.com\/tunisie\/2024\/08\/22\/paris-2024-tunisair-transporteur-officiel-du-comite-paralympiques-tunisien\/","title":{"rendered":"Paris 2024 : Tunisair transporteur officiel du Comit\u00e9 paralympiques tunisien"},"content":{"rendered":"\n<p><em><strong>La compagnie a\u00e9rienne nationale Tunisair, transporteur officiel du Comit\u00e9 Paralympiques tunisien, a annonc\u00e9 que la d\u00e9l\u00e9gation tunisienne s&rsquo;est envol\u00e9e \u00e0 destination de Paris.<\/strong><\/em><\/p>\n\n\n\n<!--more-->\n\n\n\n<p>Notons que la Tunisie prendra part \u00e0 la 17e \u00e9dition des Jeux Paralympiques qui auront lieu du 28 ao\u00fbt au 8 septembre et sera repr\u00e9sent\u00e9e par 30 athl\u00e8tes, 13 femmes et 17 hommes :<\/p>\n\n\n\n<p><\/p>\n\n\n\n<figure class=\"wp-block-gallery has-nested-images columns-default is-cropped wp-block-gallery-1 is-layout-flex wp-block-gallery-is-layout-flex\">\n<figure class=\"wp-block-image size-large\"><img loading=\"lazy\" decoding=\"async\" width=\"959\" height=\"960\" data-id=\"13819595\" src=\"https:\/\/kapitalis.com\/tunisie\/wp-content\/uploads\/2024\/08\/Tunisair-Comite-paralympiques-3.jpg\" alt=\"\" class=\"wp-image-13819595\" srcset=\"https:\/\/kapitalis.com\/tunisie\/wp-content\/uploads\/2024\/08\/Tunisair-Comite-paralympiques-3.jpg 959w, https:\/\/kapitalis.com\/tunisie\/wp-content\/uploads\/2024\/08\/Tunisair-Comite-paralympiques-3-300x300.jpg 300w, https:\/\/kapitalis.com\/tunisie\/wp-content\/uploads\/2024\/08\/Tunisair-Comite-paralympiques-3-150x150.jpg 150w, https:\/\/kapitalis.com\/tunisie\/wp-content\/uploads\/2024\/08\/Tunisair-Comite-paralympiques-3-768x769.jpg 768w, https:\/\/kapitalis.com\/tunisie\/wp-content\/uploads\/2024\/08\/Tunisair-Comite-paralympiques-3-120x120.jpg 120w, https:\/\/kapitalis.com\/tunisie\/wp-content\/uploads\/2024\/08\/Tunisair-Comite-paralympiques-3-360x360.jpg 360w, https:\/\/kapitalis.com\/tunisie\/wp-content\/uploads\/2024\/08\/Tunisair-Comite-paralympiques-3-580x581.jpg 580w, https:\/\/kapitalis.com\/tunisie\/wp-content\/uploads\/2024\/08\/Tunisair-Comite-paralympiques-3-860x861.jpg 860w\" sizes=\"auto, (max-width: 959px) 100vw, 959px\" \/><\/figure>\n\n\n\n<figure class=\"wp-block-image size-large\"><img loading=\"lazy\" decoding=\"async\" width=\"1024\" height=\"768\" data-id=\"13819597\" src=\"https:\/\/kapitalis.com\/tunisie\/wp-content\/uploads\/2024\/08\/Tunisair-Comite-paralympiques-2-1024x768.jpg\" alt=\"\" class=\"wp-image-13819597\" srcset=\"https:\/\/kapitalis.com\/tunisie\/wp-content\/uploads\/2024\/08\/Tunisair-Comite-paralympiques-2-1024x768.jpg 1024w, https:\/\/kapitalis.com\/tunisie\/wp-content\/uploads\/2024\/08\/Tunisair-Comite-paralympiques-2-300x225.jpg 300w, https:\/\/kapitalis.com\/tunisie\/wp-content\/uploads\/2024\/08\/Tunisair-Comite-paralympiques-2-768x576.jpg 768w, https:\/\/kapitalis.com\/tunisie\/wp-content\/uploads\/2024\/08\/Tunisair-Comite-paralympiques-2-580x435.jpg 580w, https:\/\/kapitalis.com\/tunisie\/wp-content\/uploads\/2024\/08\/Tunisair-Comite-paralympiques-2-860x645.jpg 860w, https:\/\/kapitalis.com\/tunisie\/wp-content\/uploads\/2024\/08\/Tunisair-Comite-paralympiques-2-1160x870.jpg 1160w, https:\/\/kapitalis.com\/tunisie\/wp-content\/uploads\/2024\/08\/Tunisair-Comite-paralympiques-2.jpg 1280w\" sizes=\"auto, (max-width: 1024px) 100vw, 1024px\" \/><\/figure>\n\n\n\n<figure class=\"wp-block-image size-large\"><img loading=\"lazy\" decoding=\"async\" width=\"1024\" height=\"768\" data-id=\"13819596\" src=\"https:\/\/kapitalis.com\/tunisie\/wp-content\/uploads\/2024\/08\/Tunisair-Comite-paralympiques--1024x768.jpg\" alt=\"\" class=\"wp-image-13819596\" srcset=\"https:\/\/kapitalis.com\/tunisie\/wp-content\/uploads\/2024\/08\/Tunisair-Comite-paralympiques--1024x768.jpg 1024w, https:\/\/kapitalis.com\/tunisie\/wp-content\/uploads\/2024\/08\/Tunisair-Comite-paralympiques--300x225.jpg 300w, https:\/\/kapitalis.com\/tunisie\/wp-content\/uploads\/2024\/08\/Tunisair-Comite-paralympiques--768x576.jpg 768w, https:\/\/kapitalis.com\/tunisie\/wp-content\/uploads\/2024\/08\/Tunisair-Comite-paralympiques--580x435.jpg 580w, https:\/\/kapitalis.com\/tunisie\/wp-content\/uploads\/2024\/08\/Tunisair-Comite-paralympiques--860x645.jpg 860w, https:\/\/kapitalis.com\/tunisie\/wp-content\/uploads\/2024\/08\/Tunisair-Comite-paralympiques--1160x870.jpg 1160w, https:\/\/kapitalis.com\/tunisie\/wp-content\/uploads\/2024\/08\/Tunisair-Comite-paralympiques-.jpg 1280w\" sizes=\"auto, (max-width: 1024px) 100vw, 1024px\" \/><\/figure>\n<\/figure>\n\n\n\n<p><strong>Athl\u00e9tisme<\/strong>:<\/p>\n\n\n\n<ul class=\"wp-block-list\">\n<li>Walid Ktila (T34): 100 et 800m en chaise roulante<\/li>\n\n\n\n<li>Soumaya Boussaid (T13): 400 et 1500m<\/li>\n\n\n\n<li>Mohamed Farhat Chida (T38): 400m et saut en longueur<\/li>\n\n\n\n<li>Raouaa Tlili (F41): Lancer du disque et du poids<\/li>\n\n\n\n<li>Rouay Jebabli (T12): 400 et 1500m<\/li>\n\n\n\n<li>Raja Jebali (F40): lancer du poids<\/li>\n\n\n\n<li>Nada Behi (T37) : 400m<\/li>\n\n\n\n<li>Bechir Agoubi (T46) : 1500m<\/li>\n\n\n\n<li>Wassim Salhi (F32) : club<\/li>\n\n\n\n<li>Yassine Gharbi (T54) : 400m<\/li>\n\n\n\n<li>Mohamed Nidhal Kh\u00e9lifi (T53) : 400m<\/li>\n\n\n\n<li>Sawsen Ben Mbarek (F34): lancer du javelot.<\/li>\n\n\n\n<li>Yosr Ben Jemaa (F34): lancer du javelot<\/li>\n\n\n\n<li>Amenallah Tissaoui (T37) : 400m<\/li>\n\n\n\n<li>Fethia Amaimia (F41) : Lancer du disque<\/li>\n\n\n\n<li>Jih\u00e8ne Azaiez (F46) : Lancer du poids<\/li>\n\n\n\n<li>Maroua Brahmi (F32) : Lancer du poids<\/li>\n\n\n\n<li>Saida Neili (F32) : Lancer du poids<\/li>\n\n\n\n<li>Yassine Guennichi (F36): Lancer du poids<\/li>\n\n\n\n<li>Nourh\u00e8ne Belhaj (F40): lancer du poids<\/li>\n\n\n\n<li>Oussama Sassi (F33) : Lancer du poids<\/li>\n\n\n\n<li>Wajdi Boukhili (T12): marathon<\/li>\n\n\n\n<li>Hatem Nasrallah (T12): marathon<\/li>\n\n\n\n<li>Ahmed Ben Mosleh (F37): lancer du poids<\/li>\n\n\n\n<li>Samar Ben Kaalab (F41): lancer du disque et du poids<\/li>\n<\/ul>\n\n\n\n<p><strong>Boccia:<\/strong><\/p>\n\n\n\n<ul class=\"wp-block-list\">\n<li>Achref Tayahi (BC2)<\/li>\n\n\n\n<li>Ayed Ben Youb (BC2)<\/li>\n\n\n\n<li>Maha Ounallah (BC1)<\/li>\n<\/ul>\n\n\n\n<p><strong>Para-aviron:<\/strong><\/p>\n\n\n\n<ul class=\"wp-block-list\">\n<li>Maher Rahmani (PR1)<\/li>\n<\/ul>\n\n\n\n<p><strong>Para-triathlon:<\/strong><\/p>\n\n\n\n<ul class=\"wp-block-list\">\n<li>Fethi Zouinkhi<\/li>\n<\/ul>\n\n\n\n<p class=\"has-text-align-right\"><strong>Y. N.<\/strong><\/p>\n","protected":false},"excerpt":{"rendered":"<p>La compagnie a\u00e9rienne nationale Tunisair, transporteur officiel du Comit\u00e9 Paralympiques tunisien, a annonc\u00e9 que la d\u00e9l\u00e9gation tunisienne s&rsquo;est envol\u00e9e \u00e0 destination de Paris.<\/p>\n","protected":false},"author":6,"featured_media":13819590,"comment_status":"closed","ping_status":"open","sticky":false,"template":"","format":"standard","meta":{"footnotes":""},"categories":[999,2433],"tags":[94626,110512,1501,62643],"class_list":["post-13819509","post","type-post","status-publish","format-standard","has-post-thumbnail","hentry","category-sport","category-tunisie","tag-paralympiques","tag-paris-2024","tag-tunisair","tag-tunisie"],"yoast_head":"<!-- This site is optimized with the Yoast SEO plugin v26.6 - https:\/\/yoast.com\/wordpress\/plugins\/seo\/ -->\n<title>Paris 2024 : Tunisair transporteur officiel du Comit\u00e9 paralympiques tunisien - Kapitalis<\/title>\n<meta name=\"robots\" content=\"index, follow, max-snippet:-1, max-image-preview:large, max-video-preview:-1\" \/>\n<link rel=\"canonical\" href=\"https:\/\/kapitalis.com\/tunisie\/2024\/08\/22\/paris-2024-tunisair-transporteur-officiel-du-comite-paralympiques-tunisien\/\" \/>\n<meta property=\"og:locale\" content=\"fr_FR\" \/>\n<meta property=\"og:type\" content=\"article\" \/>\n<meta property=\"og:title\" content=\"Paris 2024 : Tunisair transporteur officiel du Comit\u00e9 paralympiques tunisien - Kapitalis\" \/>\n<meta property=\"og:description\" content=\"La compagnie a\u00e9rienne nationale Tunisair, transporteur officiel du Comit\u00e9 Paralympiques tunisien, a annonc\u00e9 que la d\u00e9l\u00e9gation tunisienne s&rsquo;est envol\u00e9e \u00e0 destination de Paris.\" \/>\n<meta property=\"og:url\" content=\"https:\/\/kapitalis.com\/tunisie\/2024\/08\/22\/paris-2024-tunisair-transporteur-officiel-du-comite-paralympiques-tunisien\/\" \/>\n<meta property=\"og:site_name\" content=\"Kapitalis\" \/>\n<meta property=\"article:publisher\" content=\"https:\/\/www.facebook.com\/KapitalisInfo\/\" \/>\n<meta property=\"article:published_time\" content=\"2024-08-21T23:19:06+00:00\" \/>\n<meta property=\"article:modified_time\" content=\"2024-08-21T23:21:54+00:00\" \/>\n<meta property=\"og:image\" content=\"https:\/\/kapitalis.com\/tunisie\/wp-content\/uploads\/2024\/08\/Comite-paralympiques-tunisien.jpg\" \/>\n\t<meta property=\"og:image:width\" content=\"1200\" \/>\n\t<meta property=\"og:image:height\" content=\"630\" \/>\n\t<meta property=\"og:image:type\" content=\"image\/jpeg\" \/>\n<meta name=\"author\" content=\"Yusra NY\" \/>\n<meta name=\"twitter:card\" content=\"summary_large_image\" \/>\n<meta name=\"twitter:creator\" content=\"@KapitalisInfo\" \/>\n<meta name=\"twitter:site\" content=\"@KapitalisInfo\" \/>\n<meta name=\"twitter:label1\" content=\"\u00c9crit par\" \/>\n\t<meta name=\"twitter:data1\" content=\"Yusra NY\" \/>\n\t<meta name=\"twitter:label2\" content=\"Dur\u00e9e de lecture estim\u00e9e\" \/>\n\t<meta name=\"twitter:data2\" content=\"2 minutes\" \/>\n<script type=\"application\/ld+json\" class=\"yoast-schema-graph\">{\"@context\":\"https:\/\/schema.org\",\"@graph\":[{\"@type\":\"Article\",\"@id\":\"https:\/\/kapitalis.com\/tunisie\/2024\/08\/22\/paris-2024-tunisair-transporteur-officiel-du-comite-paralympiques-tunisien\/#article\",\"isPartOf\":{\"@id\":\"https:\/\/kapitalis.com\/tunisie\/2024\/08\/22\/paris-2024-tunisair-transporteur-officiel-du-comite-paralympiques-tunisien\/\"},\"author\":{\"name\":\"Yusra NY\",\"@id\":\"https:\/\/kapitalis.com\/tunisie\/#\/schema\/person\/74bbde0154d49d790a92aaeac5bc01d5\"},\"headline\":\"Paris 2024 : Tunisair transporteur officiel du Comit\u00e9 paralympiques tunisien\",\"datePublished\":\"2024-08-21T23:19:06+00:00\",\"dateModified\":\"2024-08-21T23:21:54+00:00\",\"mainEntityOfPage\":{\"@id\":\"https:\/\/kapitalis.com\/tunisie\/2024\/08\/22\/paris-2024-tunisair-transporteur-officiel-du-comite-paralympiques-tunisien\/\"},\"wordCount\":238,\"publisher\":{\"@id\":\"https:\/\/kapitalis.com\/tunisie\/#organization\"},\"image\":{\"@id\":\"https:\/\/kapitalis.com\/tunisie\/2024\/08\/22\/paris-2024-tunisair-transporteur-officiel-du-comite-paralympiques-tunisien\/#primaryimage\"},\"thumbnailUrl\":\"https:\/\/kapitalis.com\/tunisie\/wp-content\/uploads\/2024\/08\/Comite-paralympiques-tunisien.jpg\",\"keywords\":[\"paralympiques\",\"Paris 2024\",\"Tunisair\",\"Tunisie\"],\"articleSection\":[\"SPORT\",\"Tunisie\"],\"inLanguage\":\"fr-FR\"},{\"@type\":\"WebPage\",\"@id\":\"https:\/\/kapitalis.com\/tunisie\/2024\/08\/22\/paris-2024-tunisair-transporteur-officiel-du-comite-paralympiques-tunisien\/\",\"url\":\"https:\/\/kapitalis.com\/tunisie\/2024\/08\/22\/paris-2024-tunisair-transporteur-officiel-du-comite-paralympiques-tunisien\/\",\"name\":\"Paris 2024 : Tunisair transporteur officiel du Comit\u00e9 paralympiques tunisien - Kapitalis\",\"isPartOf\":{\"@id\":\"https:\/\/kapitalis.com\/tunisie\/#website\"},\"primaryImageOfPage\":{\"@id\":\"https:\/\/kapitalis.com\/tunisie\/2024\/08\/22\/paris-2024-tunisair-transporteur-officiel-du-comite-paralympiques-tunisien\/#primaryimage\"},\"image\":{\"@id\":\"https:\/\/kapitalis.com\/tunisie\/2024\/08\/22\/paris-2024-tunisair-transporteur-officiel-du-comite-paralympiques-tunisien\/#primaryimage\"},\"thumbnailUrl\":\"https:\/\/kapitalis.com\/tunisie\/wp-content\/uploads\/2024\/08\/Comite-paralympiques-tunisien.jpg\",\"datePublished\":\"2024-08-21T23:19:06+00:00\",\"dateModified\":\"2024-08-21T23:21:54+00:00\",\"breadcrumb\":{\"@id\":\"https:\/\/kapitalis.com\/tunisie\/2024\/08\/22\/paris-2024-tunisair-transporteur-officiel-du-comite-paralympiques-tunisien\/#breadcrumb\"},\"inLanguage\":\"fr-FR\",\"potentialAction\":[{\"@type\":\"ReadAction\",\"target\":[\"https:\/\/kapitalis.com\/tunisie\/2024\/08\/22\/paris-2024-tunisair-transporteur-officiel-du-comite-paralympiques-tunisien\/\"]}]},{\"@type\":\"ImageObject\",\"inLanguage\":\"fr-FR\",\"@id\":\"https:\/\/kapitalis.com\/tunisie\/2024\/08\/22\/paris-2024-tunisair-transporteur-officiel-du-comite-paralympiques-tunisien\/#primaryimage\",\"url\":\"https:\/\/kapitalis.com\/tunisie\/wp-content\/uploads\/2024\/08\/Comite-paralympiques-tunisien.jpg\",\"contentUrl\":\"https:\/\/kapitalis.com\/tunisie\/wp-content\/uploads\/2024\/08\/Comite-paralympiques-tunisien.jpg\",\"width\":1200,\"height\":630},{\"@type\":\"BreadcrumbList\",\"@id\":\"https:\/\/kapitalis.com\/tunisie\/2024\/08\/22\/paris-2024-tunisair-transporteur-officiel-du-comite-paralympiques-tunisien\/#breadcrumb\",\"itemListElement\":[{\"@type\":\"ListItem\",\"position\":1,\"name\":\"Accueil\",\"item\":\"https:\/\/kapitalis.com\/tunisie\/\"},{\"@type\":\"ListItem\",\"position\":2,\"name\":\"Paris 2024 : Tunisair transporteur officiel du Comit\u00e9 paralympiques tunisien\"}]},{\"@type\":\"WebSite\",\"@id\":\"https:\/\/kapitalis.com\/tunisie\/#website\",\"url\":\"https:\/\/kapitalis.com\/tunisie\/\",\"name\":\"Kapitalis\",\"description\":\"L&#039;actualit\u00e9 en Tunisie et dans le monde\",\"publisher\":{\"@id\":\"https:\/\/kapitalis.com\/tunisie\/#organization\"},\"potentialAction\":[{\"@type\":\"SearchAction\",\"target\":{\"@type\":\"EntryPoint\",\"urlTemplate\":\"https:\/\/kapitalis.com\/tunisie\/?s={search_term_string}\"},\"query-input\":{\"@type\":\"PropertyValueSpecification\",\"valueRequired\":true,\"valueName\":\"search_term_string\"}}],\"inLanguage\":\"fr-FR\"},{\"@type\":\"Organization\",\"@id\":\"https:\/\/kapitalis.com\/tunisie\/#organization\",\"name\":\"Kapitalis\",\"url\":\"https:\/\/kapitalis.com\/tunisie\/\",\"logo\":{\"@type\":\"ImageObject\",\"inLanguage\":\"fr-FR\",\"@id\":\"https:\/\/kapitalis.com\/tunisie\/#\/schema\/logo\/image\/\",\"url\":\"https:\/\/kapitalis.com\/tunisie\/wp-content\/uploads\/2022\/05\/Kapitalis-big-size.png\",\"contentUrl\":\"https:\/\/kapitalis.com\/tunisie\/wp-content\/uploads\/2022\/05\/Kapitalis-big-size.png\",\"width\":5000,\"height\":1500,\"caption\":\"Kapitalis\"},\"image\":{\"@id\":\"https:\/\/kapitalis.com\/tunisie\/#\/schema\/logo\/image\/\"},\"sameAs\":[\"https:\/\/www.facebook.com\/KapitalisInfo\/\",\"https:\/\/x.com\/KapitalisInfo\",\"https:\/\/www.youtube.com\/channel\/UC-yDYrHyfFBWWZaOw3FPg9Q\"]},{\"@type\":\"Person\",\"@id\":\"https:\/\/kapitalis.com\/tunisie\/#\/schema\/person\/74bbde0154d49d790a92aaeac5bc01d5\",\"name\":\"Yusra NY\",\"url\":\"https:\/\/kapitalis.com\/tunisie\/author\/yuza_adam\/\"}]}<\/script>\n<!-- \/ Yoast SEO plugin. -->","yoast_head_json":{"title":"Paris 2024 : Tunisair transporteur officiel du Comit\u00e9 paralympiques tunisien - Kapitalis","robots":{"index":"index","follow":"follow","max-snippet":"max-snippet:-1","max-image-preview":"max-image-preview:large","max-video-preview":"max-video-preview:-1"},"canonical":"https:\/\/kapitalis.com\/tunisie\/2024\/08\/22\/paris-2024-tunisair-transporteur-officiel-du-comite-paralympiques-tunisien\/","og_locale":"fr_FR","og_type":"article","og_title":"Paris 2024 : Tunisair transporteur officiel du Comit\u00e9 paralympiques tunisien - Kapitalis","og_description":"La compagnie a\u00e9rienne nationale Tunisair, transporteur officiel du Comit\u00e9 Paralympiques tunisien, a annonc\u00e9 que la d\u00e9l\u00e9gation tunisienne s&rsquo;est envol\u00e9e \u00e0 destination de Paris.","og_url":"https:\/\/kapitalis.com\/tunisie\/2024\/08\/22\/paris-2024-tunisair-transporteur-officiel-du-comite-paralympiques-tunisien\/","og_site_name":"Kapitalis","article_publisher":"https:\/\/www.facebook.com\/KapitalisInfo\/","article_published_time":"2024-08-21T23:19:06+00:00","article_modified_time":"2024-08-21T23:21:54+00:00","og_image":[{"width":1200,"height":630,"url":"https:\/\/kapitalis.com\/tunisie\/wp-content\/uploads\/2024\/08\/Comite-paralympiques-tunisien.jpg","type":"image\/jpeg"}],"author":"Yusra NY","twitter_card":"summary_large_image","twitter_creator":"@KapitalisInfo","twitter_site":"@KapitalisInfo","twitter_misc":{"\u00c9crit par":"Yusra NY","Dur\u00e9e de lecture estim\u00e9e":"2 minutes"},"schema":{"@context":"https:\/\/schema.org","@graph":[{"@type":"Article","@id":"https:\/\/kapitalis.com\/tunisie\/2024\/08\/22\/paris-2024-tunisair-transporteur-officiel-du-comite-paralympiques-tunisien\/#article","isPartOf":{"@id":"https:\/\/kapitalis.com\/tunisie\/2024\/08\/22\/paris-2024-tunisair-transporteur-officiel-du-comite-paralympiques-tunisien\/"},"author":{"name":"Yusra NY","@id":"https:\/\/kapitalis.com\/tunisie\/#\/schema\/person\/74bbde0154d49d790a92aaeac5bc01d5"},"headline":"Paris 2024 : Tunisair transporteur officiel du Comit\u00e9 paralympiques tunisien","datePublished":"2024-08-21T23:19:06+00:00","dateModified":"2024-08-21T23:21:54+00:00","mainEntityOfPage":{"@id":"https:\/\/kapitalis.com\/tunisie\/2024\/08\/22\/paris-2024-tunisair-transporteur-officiel-du-comite-paralympiques-tunisien\/"},"wordCount":238,"publisher":{"@id":"https:\/\/kapitalis.com\/tunisie\/#organization"},"image":{"@id":"https:\/\/kapitalis.com\/tunisie\/2024\/08\/22\/paris-2024-tunisair-transporteur-officiel-du-comite-paralympiques-tunisien\/#primaryimage"},"thumbnailUrl":"https:\/\/kapitalis.com\/tunisie\/wp-content\/uploads\/2024\/08\/Comite-paralympiques-tunisien.jpg","keywords":["paralympiques","Paris 2024","Tunisair","Tunisie"],"articleSection":["SPORT","Tunisie"],"inLanguage":"fr-FR"},{"@type":"WebPage","@id":"https:\/\/kapitalis.com\/tunisie\/2024\/08\/22\/paris-2024-tunisair-transporteur-officiel-du-comite-paralympiques-tunisien\/","url":"https:\/\/kapitalis.com\/tunisie\/2024\/08\/22\/paris-2024-tunisair-transporteur-officiel-du-comite-paralympiques-tunisien\/","name":"Paris 2024 : Tunisair transporteur officiel du Comit\u00e9 paralympiques tunisien - Kapitalis","isPartOf":{"@id":"https:\/\/kapitalis.com\/tunisie\/#website"},"primaryImageOfPage":{"@id":"https:\/\/kapitalis.com\/tunisie\/2024\/08\/22\/paris-2024-tunisair-transporteur-officiel-du-comite-paralympiques-tunisien\/#primaryimage"},"image":{"@id":"https:\/\/kapitalis.com\/tunisie\/2024\/08\/22\/paris-2024-tunisair-transporteur-officiel-du-comite-paralympiques-tunisien\/#primaryimage"},"thumbnailUrl":"https:\/\/kapitalis.com\/tunisie\/wp-content\/uploads\/2024\/08\/Comite-paralympiques-tunisien.jpg","datePublished":"2024-08-21T23:19:06+00:00","dateModified":"2024-08-21T23:21:54+00:00","breadcrumb":{"@id":"https:\/\/kapitalis.com\/tunisie\/2024\/08\/22\/paris-2024-tunisair-transporteur-officiel-du-comite-paralympiques-tunisien\/#breadcrumb"},"inLanguage":"fr-FR","potentialAction":[{"@type":"ReadAction","target":["https:\/\/kapitalis.com\/tunisie\/2024\/08\/22\/paris-2024-tunisair-transporteur-officiel-du-comite-paralympiques-tunisien\/"]}]},{"@type":"ImageObject","inLanguage":"fr-FR","@id":"https:\/\/kapitalis.com\/tunisie\/2024\/08\/22\/paris-2024-tunisair-transporteur-officiel-du-comite-paralympiques-tunisien\/#primaryimage","url":"https:\/\/kapitalis.com\/tunisie\/wp-content\/uploads\/2024\/08\/Comite-paralympiques-tunisien.jpg","contentUrl":"https:\/\/kapitalis.com\/tunisie\/wp-content\/uploads\/2024\/08\/Comite-paralympiques-tunisien.jpg","width":1200,"height":630},{"@type":"BreadcrumbList","@id":"https:\/\/kapitalis.com\/tunisie\/2024\/08\/22\/paris-2024-tunisair-transporteur-officiel-du-comite-paralympiques-tunisien\/#breadcrumb","itemListElement":[{"@type":"ListItem","position":1,"name":"Accueil","item":"https:\/\/kapitalis.com\/tunisie\/"},{"@type":"ListItem","position":2,"name":"Paris 2024 : Tunisair transporteur officiel du Comit\u00e9 paralympiques tunisien"}]},{"@type":"WebSite","@id":"https:\/\/kapitalis.com\/tunisie\/#website","url":"https:\/\/kapitalis.com\/tunisie\/","name":"Kapitalis","description":"L&#039;actualit\u00e9 en Tunisie et dans le monde","publisher":{"@id":"https:\/\/kapitalis.com\/tunisie\/#organization"},"potentialAction":[{"@type":"SearchAction","target":{"@type":"EntryPoint","urlTemplate":"https:\/\/kapitalis.com\/tunisie\/?s={search_term_string}"},"query-input":{"@type":"PropertyValueSpecification","valueRequired":true,"valueName":"search_term_string"}}],"inLanguage":"fr-FR"},{"@type":"Organization","@id":"https:\/\/kapitalis.com\/tunisie\/#organization","name":"Kapitalis","url":"https:\/\/kapitalis.com\/tunisie\/","logo":{"@type":"ImageObject","inLanguage":"fr-FR","@id":"https:\/\/kapitalis.com\/tunisie\/#\/schema\/logo\/image\/","url":"https:\/\/kapitalis.com\/tunisie\/wp-content\/uploads\/2022\/05\/Kapitalis-big-size.png","contentUrl":"https:\/\/kapitalis.com\/tunisie\/wp-content\/uploads\/2022\/05\/Kapitalis-big-size.png","width":5000,"height":1500,"caption":"Kapitalis"},"image":{"@id":"https:\/\/kapitalis.com\/tunisie\/#\/schema\/logo\/image\/"},"sameAs":["https:\/\/www.facebook.com\/KapitalisInfo\/","https:\/\/x.com\/KapitalisInfo","https:\/\/www.youtube.com\/channel\/UC-yDYrHyfFBWWZaOw3FPg9Q"]},{"@type":"Person","@id":"https:\/\/kapitalis.com\/tunisie\/#\/schema\/person\/74bbde0154d49d790a92aaeac5bc01d5","name":"Yusra NY","url":"https:\/\/kapitalis.com\/tunisie\/author\/yuza_adam\/"}]}},"_links":{"self":[{"href":"https:\/\/kapitalis.com\/tunisie\/wp-json\/wp\/v2\/posts\/13819509","targetHints":{"allow":["GET"]}}],"collection":[{"href":"https:\/\/kapitalis.com\/tunisie\/wp-json\/wp\/v2\/posts"}],"about":[{"href":"https:\/\/kapitalis.com\/tunisie\/wp-json\/wp\/v2\/types\/post"}],"author":[{"embeddable":true,"href":"https:\/\/kapitalis.com\/tunisie\/wp-json\/wp\/v2\/users\/6"}],"replies":[{"embeddable":true,"href":"https:\/\/kapitalis.com\/tunisie\/wp-json\/wp\/v2\/comments?post=13819509"}],"version-history":[{"count":2,"href":"https:\/\/kapitalis.com\/tunisie\/wp-json\/wp\/v2\/posts\/13819509\/revisions"}],"predecessor-version":[{"id":13819606,"href":"https:\/\/kapitalis.com\/tunisie\/wp-json\/wp\/v2\/posts\/13819509\/revisions\/13819606"}],"wp:featuredmedia":[{"embeddable":true,"href":"https:\/\/kapitalis.com\/tunisie\/wp-json\/wp\/v2\/media\/13819590"}],"wp:attachment":[{"href":"https:\/\/kapitalis.com\/tunisie\/wp-json\/wp\/v2\/media?parent=13819509"}],"wp:term":[{"taxonomy":"category","embeddable":true,"href":"https:\/\/kapitalis.com\/tunisie\/wp-json\/wp\/v2\/categories?post=13819509"},{"taxonomy":"post_tag","embeddable":true,"href":"https:\/\/kapitalis.com\/tunisie\/wp-json\/wp\/v2\/tags?post=13819509"}],"curies":[{"name":"wp","href":"https:\/\/api.w.org\/{rel}","templated":true}]}}