{"id":13824376,"date":"2024-08-22T12:50:14","date_gmt":"2024-08-22T11:50:14","guid":{"rendered":"https:\/\/kapitalis.com\/tunisie\/?p=13824376"},"modified":"2024-08-22T12:50:16","modified_gmt":"2024-08-22T11:50:16","slug":"les-tunisiens-sont-ils-sales","status":"publish","type":"post","link":"https:\/\/kapitalis.com\/tunisie\/2024\/08\/22\/les-tunisiens-sont-ils-sales\/","title":{"rendered":"Les Tunisiens sont-ils sales\u00a0?"},"content":{"rendered":"\n<p><strong><em>Beaucoup de Tunisiens ne font pas de lien entre la hausse des d\u00e9c\u00e8s par la rage parmi les animaux (350 en 2023) et les \u00eatres humains (6 en 2023, et 9 en moins de 8 mois depuis le d\u00e9but de 2024), d\u2019un c\u00f4t\u00e9, et de l\u2019autre, l\u2019amoncellement des ordures m\u00e9nag\u00e8res \u00e0 tous les coins de rues de nos villes et villages. Ce lien est pourtant \u00e9vident.<\/em><\/strong><\/p>\n\n\n\n<p><strong>Imed Bahri<\/strong><\/p>\n\n\n\n<!--more-->\n\n\n\n<p>Bien entendu, la vaccination des chiens errants, principal v\u00e9hicule de ce mal, est une solution \u00e0 mettre en \u0153uvre dans l\u2019urgence. L\u2019ouverture de nouveaux abris pour les animaux abandonn\u00e9s en est une autre. Ainsi que l\u2019adoption de mesures strictes en mati\u00e8re de possession d\u2019animaux de compagnie. Mais il y a une autre solution qui m\u00e9rite notre attention&nbsp;: la lutte contre les d\u00e9charges publiques anarchiques qui se multiplient dans nos villes et, souvent, au c\u0153ur m\u00eame des zones r\u00e9sidentielles populeuses. Ce sont ces d\u00e9charges qui attirent les chiens et les chats et aggravent les menaces de contagion par la rage, maladie souvent mortelle qui se transmet d\u2019un animal \u00e0 un autre et des animaux aux \u00eatres humains. &nbsp;<\/p>\n\n\n\n<h2 class=\"wp-block-heading\">La responsabilit\u00e9 des municipalit\u00e9s\u2026 &nbsp;<\/h2>\n\n\n\n<p>A ce niveau, ce sont les municipalit\u00e9s qui sont d\u00e9faillantes. Faute de moyens mat\u00e9riels et humains ou parce qu\u2019elles sont mal g\u00e9r\u00e9e (les conseils municipaux \u00e9lus en 2018 ayant tous \u00e9t\u00e9 dissous par d\u00e9cret pr\u00e9sidentiel en 2022 et non remplac\u00e9s depuis), ces municipalit\u00e9s n\u2019assument pas leur mission de lev\u00e9e des ordures m\u00e9nag\u00e8res avec la r\u00e9gularit\u00e9 et la c\u00e9l\u00e9rit\u00e9 requises. D\u2019o\u00f9 ces amoncellements d\u2019ordures \u00e0 toutes les heures de la journ\u00e9e et \u00e0 tout coin de rue qui enlaidissent nos quartiers r\u00e9sidentiels, y compris les plus hupp\u00e9s, et parfois m\u00eame nos stations touristiques.<\/p>\n\n\n\n<figure class=\"wp-block-embed is-type-wp-embed is-provider-kapitalis wp-block-embed-kapitalis\"><div class=\"wp-block-embed__wrapper\">\n<blockquote class=\"wp-embedded-content\" data-secret=\"8IblNeigfh\"><a href=\"https:\/\/kapitalis.com\/tunisie\/2024\/08\/03\/arret-sur-images-ete-2024-en-tunisie\/\">Arr\u00eat sur images : \u00c9t\u00e9 2024 en Tunisie<\/a><\/blockquote><iframe loading=\"lazy\" class=\"wp-embedded-content\" sandbox=\"allow-scripts\" security=\"restricted\" style=\"position: absolute; visibility: hidden;\" title=\"\u00ab\u00a0Arr\u00eat sur images : \u00c9t\u00e9 2024 en Tunisie\u00a0\u00bb &#8212; Kapitalis\" src=\"https:\/\/kapitalis.com\/tunisie\/2024\/08\/03\/arret-sur-images-ete-2024-en-tunisie\/embed\/#?secret=aq6run6co9#?secret=8IblNeigfh\" data-secret=\"8IblNeigfh\" width=\"600\" height=\"338\" frameborder=\"0\" marginwidth=\"0\" marginheight=\"0\" scrolling=\"no\"><\/iframe>\n<\/div><\/figure>\n\n\n\n<h2 class=\"wp-block-heading\">\u2026 et des citoyens<\/h2>\n\n\n\n<p>La responsabilit\u00e9 des citoyens est \u00e9galement fortement engag\u00e9e dans l\u2019aggravation de ce fl\u00e9au, car ce sont eux qui jettent leurs ordures partout, m\u00eame parfois devant leurs propres maisons. Certains ne prennent m\u00eame pas soin de mettre leurs ordures dans des sacs en plastique rigoureusement ferm\u00e9s ni m\u00eame d\u2019\u00e9lever leurs enfants et de leur apprendre \u00e0 respecter les r\u00e8gles \u00e9l\u00e9mentaires de la propret\u00e9 de l\u2019environnement. Ce qui fait dire \u00e0 beaucoup de visiteurs \u00e9trangers que les <em>\u00abTunisiens sont sales\u00bb<\/em>.<\/p>\n\n\n\n<p>M\u00eame si cette g\u00e9n\u00e9ralisation abusive est offensante pour beaucoup d\u2019entre nous, elle n\u2019est malheureusement pas compl\u00e8tement d\u00e9nu\u00e9e de v\u00e9rit\u00e9. Et ce sont souvent les Tunisiens eux-m\u00eames qui reprochent \u00e0 leurs compatriotes un comportement irresponsable, \u00e9go\u00efste et d\u2019un laxisme inacceptable dans tout ce qui se rapporte \u00e0 leur cadre de vie.<\/p>\n\n\n\n<p>C\u2019est \u00e0 ces deux niveaux que quelque chose doit changer&nbsp;pour pr\u00e9venir la multiplication de maladies contagieuses comme la rage : doter les municipalit\u00e9s de moyens suppl\u00e9mentaires et responsabiliser les citoyens de mani\u00e8re \u00e0 ce que la conjugaison de leurs efforts respectifs aide \u00e0 am\u00e9liorer notre environnement, lequel se d\u00e9grade \u00e0 vue d\u2019\u0153il. &nbsp;&nbsp;&nbsp;&nbsp;<\/p>\n\n\n\n<figure class=\"wp-block-embed is-type-wp-embed is-provider-kapitalis wp-block-embed-kapitalis\"><div class=\"wp-block-embed__wrapper\">\n<blockquote class=\"wp-embedded-content\" data-secret=\"eXxbgQJSjj\"><a href=\"https:\/\/kapitalis.com\/tunisie\/2024\/07\/19\/les-touristes-se-plaignent-de-la-salete-en-tunisie\/\">Les touristes se plaignent de la salet\u00e9 en Tunisie<\/a><\/blockquote><iframe loading=\"lazy\" class=\"wp-embedded-content\" sandbox=\"allow-scripts\" security=\"restricted\" style=\"position: absolute; visibility: hidden;\" title=\"\u00ab\u00a0Les touristes se plaignent de la salet\u00e9 en Tunisie\u00a0\u00bb &#8212; Kapitalis\" src=\"https:\/\/kapitalis.com\/tunisie\/2024\/07\/19\/les-touristes-se-plaignent-de-la-salete-en-tunisie\/embed\/#?secret=ZdAWGur4pU#?secret=eXxbgQJSjj\" data-secret=\"eXxbgQJSjj\" width=\"600\" height=\"338\" frameborder=\"0\" marginwidth=\"0\" marginheight=\"0\" scrolling=\"no\"><\/iframe>\n<\/div><\/figure>\n","protected":false},"excerpt":{"rendered":"<p>A propos du lien entre la hausse des d\u00e9c\u00e8s par la rage parmi les animaux et l\u2019amoncellement des ordures m\u00e9nag\u00e8res \u00e0 tous les coins de rues de les villes et villages tunisiens.<\/p>\n","protected":false},"author":8,"featured_media":13824413,"comment_status":"closed","ping_status":"open","sticky":false,"template":"","format":"standard","meta":{"footnotes":""},"categories":[992,998,2433],"tags":[9595,117591,1629,95245,1269,62643],"class_list":["post-13824376","post","type-post","status-publish","format-standard","has-post-thumbnail","hentry","category-a-la-une","category-societe","category-tunisie","tag-chiens-errants","tag-maladies-contagieuses","tag-ordures","tag-ordures-menageres","tag-rage","tag-tunisie"],"yoast_head":"<!-- This site is optimized with the Yoast SEO plugin v26.6 - https:\/\/yoast.com\/wordpress\/plugins\/seo\/ -->\n<title>Les Tunisiens sont-ils sales\u00a0? - Kapitalis<\/title>\n<meta name=\"robots\" content=\"index, follow, max-snippet:-1, max-image-preview:large, max-video-preview:-1\" \/>\n<link rel=\"canonical\" href=\"https:\/\/kapitalis.com\/tunisie\/2024\/08\/22\/les-tunisiens-sont-ils-sales\/\" \/>\n<meta property=\"og:locale\" content=\"fr_FR\" \/>\n<meta property=\"og:type\" content=\"article\" \/>\n<meta property=\"og:title\" content=\"Les Tunisiens sont-ils sales\u00a0? - Kapitalis\" \/>\n<meta property=\"og:description\" content=\"A propos du lien entre la hausse des d\u00e9c\u00e8s par la rage parmi les animaux et l\u2019amoncellement des ordures m\u00e9nag\u00e8res \u00e0 tous les coins de rues de les villes et villages tunisiens.\" \/>\n<meta property=\"og:url\" content=\"https:\/\/kapitalis.com\/tunisie\/2024\/08\/22\/les-tunisiens-sont-ils-sales\/\" \/>\n<meta property=\"og:site_name\" content=\"Kapitalis\" \/>\n<meta property=\"article:publisher\" content=\"https:\/\/www.facebook.com\/KapitalisInfo\/\" \/>\n<meta property=\"article:published_time\" content=\"2024-08-22T11:50:14+00:00\" \/>\n<meta property=\"article:modified_time\" content=\"2024-08-22T11:50:16+00:00\" \/>\n<meta property=\"og:image\" content=\"https:\/\/kapitalis.com\/tunisie\/wp-content\/uploads\/2024\/08\/Ordures-animaux.jpg\" \/>\n\t<meta property=\"og:image:width\" content=\"1200\" \/>\n\t<meta property=\"og:image:height\" content=\"630\" \/>\n\t<meta property=\"og:image:type\" content=\"image\/jpeg\" \/>\n<meta name=\"author\" content=\"webmaster kapitalis\" \/>\n<meta name=\"twitter:card\" content=\"summary_large_image\" \/>\n<meta name=\"twitter:creator\" content=\"@KapitalisInfo\" \/>\n<meta name=\"twitter:site\" content=\"@KapitalisInfo\" \/>\n<meta name=\"twitter:label1\" content=\"\u00c9crit par\" \/>\n\t<meta name=\"twitter:data1\" content=\"webmaster kapitalis\" \/>\n\t<meta name=\"twitter:label2\" content=\"Dur\u00e9e de lecture estim\u00e9e\" \/>\n\t<meta name=\"twitter:data2\" content=\"3 minutes\" \/>\n<script type=\"application\/ld+json\" class=\"yoast-schema-graph\">{\"@context\":\"https:\/\/schema.org\",\"@graph\":[{\"@type\":\"Article\",\"@id\":\"https:\/\/kapitalis.com\/tunisie\/2024\/08\/22\/les-tunisiens-sont-ils-sales\/#article\",\"isPartOf\":{\"@id\":\"https:\/\/kapitalis.com\/tunisie\/2024\/08\/22\/les-tunisiens-sont-ils-sales\/\"},\"author\":{\"name\":\"webmaster kapitalis\",\"@id\":\"https:\/\/kapitalis.com\/tunisie\/#\/schema\/person\/d71f33a9ca44f7bad4698210b480c8e9\"},\"headline\":\"Les Tunisiens sont-ils sales\u00a0?\",\"datePublished\":\"2024-08-22T11:50:14+00:00\",\"dateModified\":\"2024-08-22T11:50:16+00:00\",\"mainEntityOfPage\":{\"@id\":\"https:\/\/kapitalis.com\/tunisie\/2024\/08\/22\/les-tunisiens-sont-ils-sales\/\"},\"wordCount\":542,\"publisher\":{\"@id\":\"https:\/\/kapitalis.com\/tunisie\/#organization\"},\"image\":{\"@id\":\"https:\/\/kapitalis.com\/tunisie\/2024\/08\/22\/les-tunisiens-sont-ils-sales\/#primaryimage\"},\"thumbnailUrl\":\"https:\/\/kapitalis.com\/tunisie\/wp-content\/uploads\/2024\/08\/Ordures-animaux.jpg\",\"keywords\":[\"chiens errants\",\"maladies contagieuses\",\"ordures\",\"ordures m\u00e9nag\u00e8res\",\"rage\",\"Tunisie\"],\"articleSection\":[\"A LA UNE\",\"SOCIETE\",\"Tunisie\"],\"inLanguage\":\"fr-FR\"},{\"@type\":\"WebPage\",\"@id\":\"https:\/\/kapitalis.com\/tunisie\/2024\/08\/22\/les-tunisiens-sont-ils-sales\/\",\"url\":\"https:\/\/kapitalis.com\/tunisie\/2024\/08\/22\/les-tunisiens-sont-ils-sales\/\",\"name\":\"Les Tunisiens sont-ils sales\u00a0? - Kapitalis\",\"isPartOf\":{\"@id\":\"https:\/\/kapitalis.com\/tunisie\/#website\"},\"primaryImageOfPage\":{\"@id\":\"https:\/\/kapitalis.com\/tunisie\/2024\/08\/22\/les-tunisiens-sont-ils-sales\/#primaryimage\"},\"image\":{\"@id\":\"https:\/\/kapitalis.com\/tunisie\/2024\/08\/22\/les-tunisiens-sont-ils-sales\/#primaryimage\"},\"thumbnailUrl\":\"https:\/\/kapitalis.com\/tunisie\/wp-content\/uploads\/2024\/08\/Ordures-animaux.jpg\",\"datePublished\":\"2024-08-22T11:50:14+00:00\",\"dateModified\":\"2024-08-22T11:50:16+00:00\",\"breadcrumb\":{\"@id\":\"https:\/\/kapitalis.com\/tunisie\/2024\/08\/22\/les-tunisiens-sont-ils-sales\/#breadcrumb\"},\"inLanguage\":\"fr-FR\",\"potentialAction\":[{\"@type\":\"ReadAction\",\"target\":[\"https:\/\/kapitalis.com\/tunisie\/2024\/08\/22\/les-tunisiens-sont-ils-sales\/\"]}]},{\"@type\":\"ImageObject\",\"inLanguage\":\"fr-FR\",\"@id\":\"https:\/\/kapitalis.com\/tunisie\/2024\/08\/22\/les-tunisiens-sont-ils-sales\/#primaryimage\",\"url\":\"https:\/\/kapitalis.com\/tunisie\/wp-content\/uploads\/2024\/08\/Ordures-animaux.jpg\",\"contentUrl\":\"https:\/\/kapitalis.com\/tunisie\/wp-content\/uploads\/2024\/08\/Ordures-animaux.jpg\",\"width\":1200,\"height\":630},{\"@type\":\"BreadcrumbList\",\"@id\":\"https:\/\/kapitalis.com\/tunisie\/2024\/08\/22\/les-tunisiens-sont-ils-sales\/#breadcrumb\",\"itemListElement\":[{\"@type\":\"ListItem\",\"position\":1,\"name\":\"Accueil\",\"item\":\"https:\/\/kapitalis.com\/tunisie\/\"},{\"@type\":\"ListItem\",\"position\":2,\"name\":\"Les Tunisiens sont-ils sales\u00a0?\"}]},{\"@type\":\"WebSite\",\"@id\":\"https:\/\/kapitalis.com\/tunisie\/#website\",\"url\":\"https:\/\/kapitalis.com\/tunisie\/\",\"name\":\"Kapitalis\",\"description\":\"L&#039;actualit\u00e9 en Tunisie et dans le monde\",\"publisher\":{\"@id\":\"https:\/\/kapitalis.com\/tunisie\/#organization\"},\"potentialAction\":[{\"@type\":\"SearchAction\",\"target\":{\"@type\":\"EntryPoint\",\"urlTemplate\":\"https:\/\/kapitalis.com\/tunisie\/?s={search_term_string}\"},\"query-input\":{\"@type\":\"PropertyValueSpecification\",\"valueRequired\":true,\"valueName\":\"search_term_string\"}}],\"inLanguage\":\"fr-FR\"},{\"@type\":\"Organization\",\"@id\":\"https:\/\/kapitalis.com\/tunisie\/#organization\",\"name\":\"Kapitalis\",\"url\":\"https:\/\/kapitalis.com\/tunisie\/\",\"logo\":{\"@type\":\"ImageObject\",\"inLanguage\":\"fr-FR\",\"@id\":\"https:\/\/kapitalis.com\/tunisie\/#\/schema\/logo\/image\/\",\"url\":\"https:\/\/kapitalis.com\/tunisie\/wp-content\/uploads\/2022\/05\/Kapitalis-big-size.png\",\"contentUrl\":\"https:\/\/kapitalis.com\/tunisie\/wp-content\/uploads\/2022\/05\/Kapitalis-big-size.png\",\"width\":5000,\"height\":1500,\"caption\":\"Kapitalis\"},\"image\":{\"@id\":\"https:\/\/kapitalis.com\/tunisie\/#\/schema\/logo\/image\/\"},\"sameAs\":[\"https:\/\/www.facebook.com\/KapitalisInfo\/\",\"https:\/\/x.com\/KapitalisInfo\",\"https:\/\/www.youtube.com\/channel\/UC-yDYrHyfFBWWZaOw3FPg9Q\"]},{\"@type\":\"Person\",\"@id\":\"https:\/\/kapitalis.com\/tunisie\/#\/schema\/person\/d71f33a9ca44f7bad4698210b480c8e9\",\"name\":\"webmaster kapitalis\",\"url\":\"https:\/\/kapitalis.com\/tunisie\/author\/webmaster-kapitalis\/\"}]}<\/script>\n<!-- \/ Yoast SEO plugin. -->","yoast_head_json":{"title":"Les Tunisiens sont-ils sales\u00a0? - Kapitalis","robots":{"index":"index","follow":"follow","max-snippet":"max-snippet:-1","max-image-preview":"max-image-preview:large","max-video-preview":"max-video-preview:-1"},"canonical":"https:\/\/kapitalis.com\/tunisie\/2024\/08\/22\/les-tunisiens-sont-ils-sales\/","og_locale":"fr_FR","og_type":"article","og_title":"Les Tunisiens sont-ils sales\u00a0? - Kapitalis","og_description":"A propos du lien entre la hausse des d\u00e9c\u00e8s par la rage parmi les animaux et l\u2019amoncellement des ordures m\u00e9nag\u00e8res \u00e0 tous les coins de rues de les villes et villages tunisiens.","og_url":"https:\/\/kapitalis.com\/tunisie\/2024\/08\/22\/les-tunisiens-sont-ils-sales\/","og_site_name":"Kapitalis","article_publisher":"https:\/\/www.facebook.com\/KapitalisInfo\/","article_published_time":"2024-08-22T11:50:14+00:00","article_modified_time":"2024-08-22T11:50:16+00:00","og_image":[{"width":1200,"height":630,"url":"https:\/\/kapitalis.com\/tunisie\/wp-content\/uploads\/2024\/08\/Ordures-animaux.jpg","type":"image\/jpeg"}],"author":"webmaster kapitalis","twitter_card":"summary_large_image","twitter_creator":"@KapitalisInfo","twitter_site":"@KapitalisInfo","twitter_misc":{"\u00c9crit par":"webmaster kapitalis","Dur\u00e9e de lecture estim\u00e9e":"3 minutes"},"schema":{"@context":"https:\/\/schema.org","@graph":[{"@type":"Article","@id":"https:\/\/kapitalis.com\/tunisie\/2024\/08\/22\/les-tunisiens-sont-ils-sales\/#article","isPartOf":{"@id":"https:\/\/kapitalis.com\/tunisie\/2024\/08\/22\/les-tunisiens-sont-ils-sales\/"},"author":{"name":"webmaster kapitalis","@id":"https:\/\/kapitalis.com\/tunisie\/#\/schema\/person\/d71f33a9ca44f7bad4698210b480c8e9"},"headline":"Les Tunisiens sont-ils sales\u00a0?","datePublished":"2024-08-22T11:50:14+00:00","dateModified":"2024-08-22T11:50:16+00:00","mainEntityOfPage":{"@id":"https:\/\/kapitalis.com\/tunisie\/2024\/08\/22\/les-tunisiens-sont-ils-sales\/"},"wordCount":542,"publisher":{"@id":"https:\/\/kapitalis.com\/tunisie\/#organization"},"image":{"@id":"https:\/\/kapitalis.com\/tunisie\/2024\/08\/22\/les-tunisiens-sont-ils-sales\/#primaryimage"},"thumbnailUrl":"https:\/\/kapitalis.com\/tunisie\/wp-content\/uploads\/2024\/08\/Ordures-animaux.jpg","keywords":["chiens errants","maladies contagieuses","ordures","ordures m\u00e9nag\u00e8res","rage","Tunisie"],"articleSection":["A LA UNE","SOCIETE","Tunisie"],"inLanguage":"fr-FR"},{"@type":"WebPage","@id":"https:\/\/kapitalis.com\/tunisie\/2024\/08\/22\/les-tunisiens-sont-ils-sales\/","url":"https:\/\/kapitalis.com\/tunisie\/2024\/08\/22\/les-tunisiens-sont-ils-sales\/","name":"Les Tunisiens sont-ils sales\u00a0? - Kapitalis","isPartOf":{"@id":"https:\/\/kapitalis.com\/tunisie\/#website"},"primaryImageOfPage":{"@id":"https:\/\/kapitalis.com\/tunisie\/2024\/08\/22\/les-tunisiens-sont-ils-sales\/#primaryimage"},"image":{"@id":"https:\/\/kapitalis.com\/tunisie\/2024\/08\/22\/les-tunisiens-sont-ils-sales\/#primaryimage"},"thumbnailUrl":"https:\/\/kapitalis.com\/tunisie\/wp-content\/uploads\/2024\/08\/Ordures-animaux.jpg","datePublished":"2024-08-22T11:50:14+00:00","dateModified":"2024-08-22T11:50:16+00:00","breadcrumb":{"@id":"https:\/\/kapitalis.com\/tunisie\/2024\/08\/22\/les-tunisiens-sont-ils-sales\/#breadcrumb"},"inLanguage":"fr-FR","potentialAction":[{"@type":"ReadAction","target":["https:\/\/kapitalis.com\/tunisie\/2024\/08\/22\/les-tunisiens-sont-ils-sales\/"]}]},{"@type":"ImageObject","inLanguage":"fr-FR","@id":"https:\/\/kapitalis.com\/tunisie\/2024\/08\/22\/les-tunisiens-sont-ils-sales\/#primaryimage","url":"https:\/\/kapitalis.com\/tunisie\/wp-content\/uploads\/2024\/08\/Ordures-animaux.jpg","contentUrl":"https:\/\/kapitalis.com\/tunisie\/wp-content\/uploads\/2024\/08\/Ordures-animaux.jpg","width":1200,"height":630},{"@type":"BreadcrumbList","@id":"https:\/\/kapitalis.com\/tunisie\/2024\/08\/22\/les-tunisiens-sont-ils-sales\/#breadcrumb","itemListElement":[{"@type":"ListItem","position":1,"name":"Accueil","item":"https:\/\/kapitalis.com\/tunisie\/"},{"@type":"ListItem","position":2,"name":"Les Tunisiens sont-ils sales\u00a0?"}]},{"@type":"WebSite","@id":"https:\/\/kapitalis.com\/tunisie\/#website","url":"https:\/\/kapitalis.com\/tunisie\/","name":"Kapitalis","description":"L&#039;actualit\u00e9 en Tunisie et dans le monde","publisher":{"@id":"https:\/\/kapitalis.com\/tunisie\/#organization"},"potentialAction":[{"@type":"SearchAction","target":{"@type":"EntryPoint","urlTemplate":"https:\/\/kapitalis.com\/tunisie\/?s={search_term_string}"},"query-input":{"@type":"PropertyValueSpecification","valueRequired":true,"valueName":"search_term_string"}}],"inLanguage":"fr-FR"},{"@type":"Organization","@id":"https:\/\/kapitalis.com\/tunisie\/#organization","name":"Kapitalis","url":"https:\/\/kapitalis.com\/tunisie\/","logo":{"@type":"ImageObject","inLanguage":"fr-FR","@id":"https:\/\/kapitalis.com\/tunisie\/#\/schema\/logo\/image\/","url":"https:\/\/kapitalis.com\/tunisie\/wp-content\/uploads\/2022\/05\/Kapitalis-big-size.png","contentUrl":"https:\/\/kapitalis.com\/tunisie\/wp-content\/uploads\/2022\/05\/Kapitalis-big-size.png","width":5000,"height":1500,"caption":"Kapitalis"},"image":{"@id":"https:\/\/kapitalis.com\/tunisie\/#\/schema\/logo\/image\/"},"sameAs":["https:\/\/www.facebook.com\/KapitalisInfo\/","https:\/\/x.com\/KapitalisInfo","https:\/\/www.youtube.com\/channel\/UC-yDYrHyfFBWWZaOw3FPg9Q"]},{"@type":"Person","@id":"https:\/\/kapitalis.com\/tunisie\/#\/schema\/person\/d71f33a9ca44f7bad4698210b480c8e9","name":"webmaster kapitalis","url":"https:\/\/kapitalis.com\/tunisie\/author\/webmaster-kapitalis\/"}]}},"_links":{"self":[{"href":"https:\/\/kapitalis.com\/tunisie\/wp-json\/wp\/v2\/posts\/13824376","targetHints":{"allow":["GET"]}}],"collection":[{"href":"https:\/\/kapitalis.com\/tunisie\/wp-json\/wp\/v2\/posts"}],"about":[{"href":"https:\/\/kapitalis.com\/tunisie\/wp-json\/wp\/v2\/types\/post"}],"author":[{"embeddable":true,"href":"https:\/\/kapitalis.com\/tunisie\/wp-json\/wp\/v2\/users\/8"}],"replies":[{"embeddable":true,"href":"https:\/\/kapitalis.com\/tunisie\/wp-json\/wp\/v2\/comments?post=13824376"}],"version-history":[{"count":1,"href":"https:\/\/kapitalis.com\/tunisie\/wp-json\/wp\/v2\/posts\/13824376\/revisions"}],"predecessor-version":[{"id":13824425,"href":"https:\/\/kapitalis.com\/tunisie\/wp-json\/wp\/v2\/posts\/13824376\/revisions\/13824425"}],"wp:featuredmedia":[{"embeddable":true,"href":"https:\/\/kapitalis.com\/tunisie\/wp-json\/wp\/v2\/media\/13824413"}],"wp:attachment":[{"href":"https:\/\/kapitalis.com\/tunisie\/wp-json\/wp\/v2\/media?parent=13824376"}],"wp:term":[{"taxonomy":"category","embeddable":true,"href":"https:\/\/kapitalis.com\/tunisie\/wp-json\/wp\/v2\/categories?post=13824376"},{"taxonomy":"post_tag","embeddable":true,"href":"https:\/\/kapitalis.com\/tunisie\/wp-json\/wp\/v2\/tags?post=13824376"}],"curies":[{"name":"wp","href":"https:\/\/api.w.org\/{rel}","templated":true}]}}