{"id":138251,"date":"2018-02-13T08:42:08","date_gmt":"2018-02-13T07:42:08","guid":{"rendered":"http:\/\/kapitalis.com\/tunisie\/?p=138251"},"modified":"2018-02-13T08:42:08","modified_gmt":"2018-02-13T07:42:08","slug":"esperance-de-tunis-deux-mois-de-repos-ali-machani","status":"publish","type":"post","link":"https:\/\/kapitalis.com\/tunisie\/2018\/02\/13\/esperance-de-tunis-deux-mois-de-repos-ali-machani\/","title":{"rendered":"Esp\u00e9rance de Tunis : Deux mois de repos pour Ali Machani"},"content":{"rendered":"<p style=\"text-align: center;\"><img loading=\"lazy\" decoding=\"async\" class=\"alignnone size-full wp-image-138252\" src=\"http:\/\/kapitalis.com\/tunisie\/wp-content\/uploads\/2018\/02\/Ali-Machani.jpg\" alt=\"\" width=\"626\" height=\"380\" \/><\/p>\n<p><em><strong>Coup dur pour l\u2019Esp\u00e9rance sportive de Tunis (EST) : son d\u00e9fenseur central titulaire Ali Machani devra observer un repos d\u2019au moins deux mois.\u00a0<\/strong><\/em><\/p>\n<p><!--more--><\/p>\n<p>D\u00e9j\u00e0 priv\u00e9e de Taha Yassine Khenissi (encore en convalescence) et Iheb Mbarki (forfait jusqu\u2019\u00e0 la fin de la saison), le club de Bab Souika, qui s\u2019appr\u00eate \u00e0 n\u00e9gocier le grand tournant de sa saison 2017-2018, ne pourra compter sur son d\u00e9fenseur central titulaire pendant au moins deux mois.<\/p>\n<p>L\u2019IRM qu\u2019il a effectu\u00e9e a confirm\u00e9 le diagnostic d\u2019une l\u00e9sion au niveau du tendon calcan\u00e9en. La prise en charge chirurgicale et la dur\u00e9e d\u2019indisponibilit\u00e9 seront \u00e9tablies par Dr Moncef Ben Abid, pr\u00e9sident de la commission m\u00e9dicale du club qui l\u2019op\u00e9ra dans la semaine.<\/p>\n<p>Ali Machani a \u00e9t\u00e9 bless\u00e9 en d\u00e9but du match aller du premier tour de la Ligue des champions disput\u00e9, samedi dernier, contre l\u2019ASAC Concorde, \u00e0 Nouakchott, Mauritanie.<\/p>\n<p>Il serait contraint de rater presque le reste de la saison.<\/p>\n<p style=\"text-align: right;\"><strong>H. M.<\/strong><\/p>\n","protected":false},"excerpt":{"rendered":"<p>Coup dur pour l\u2019Esp\u00e9rance sportive de Tunis (EST) : son d\u00e9fenseur central titulaire Ali Machani devra observer un repos d\u2019au moins deux mois.\u00a0<\/p>\n","protected":false},"author":8,"featured_media":138252,"comment_status":"open","ping_status":"open","sticky":false,"template":"","format":"standard","meta":{"footnotes":""},"categories":[999,2433],"tags":[31524,40167,3261,34604,1527,16218,18924],"class_list":["post-138251","post","type-post","status-publish","format-standard","has-post-thumbnail","hentry","category-sport","category-tunisie","tag-ali-machani","tag-asac-concorde","tag-esperance-sportive-de-tunis","tag-iheb-mbarki","tag-mauritanie","tag-nouakchott","tag-taha-yassine-khenissi"],"yoast_head":"<!-- This site is optimized with the Yoast SEO plugin v26.6 - https:\/\/yoast.com\/wordpress\/plugins\/seo\/ -->\n<title>Esp\u00e9rance de Tunis : Deux mois de repos pour Ali Machani - Kapitalis<\/title>\n<meta name=\"robots\" content=\"index, follow, max-snippet:-1, max-image-preview:large, max-video-preview:-1\" \/>\n<link rel=\"canonical\" href=\"https:\/\/kapitalis.com\/tunisie\/2018\/02\/13\/esperance-de-tunis-deux-mois-de-repos-ali-machani\/\" \/>\n<meta property=\"og:locale\" content=\"fr_FR\" \/>\n<meta property=\"og:type\" content=\"article\" \/>\n<meta property=\"og:title\" content=\"Esp\u00e9rance de Tunis : Deux mois de repos pour Ali Machani - Kapitalis\" \/>\n<meta property=\"og:description\" content=\"Coup dur pour l\u2019Esp\u00e9rance sportive de Tunis (EST) : son d\u00e9fenseur central titulaire Ali Machani devra observer un repos d\u2019au moins deux mois.\u00a0\" \/>\n<meta property=\"og:url\" content=\"https:\/\/kapitalis.com\/tunisie\/2018\/02\/13\/esperance-de-tunis-deux-mois-de-repos-ali-machani\/\" \/>\n<meta property=\"og:site_name\" content=\"Kapitalis\" \/>\n<meta property=\"article:publisher\" content=\"https:\/\/www.facebook.com\/KapitalisInfo\/\" \/>\n<meta property=\"article:published_time\" content=\"2018-02-13T07:42:08+00:00\" \/>\n<meta property=\"og:image\" content=\"https:\/\/kapitalis.com\/tunisie\/wp-content\/uploads\/2022\/05\/kapitalis-logo-fb.png\" \/>\n\t<meta property=\"og:image:width\" content=\"1200\" \/>\n\t<meta property=\"og:image:height\" content=\"630\" \/>\n\t<meta property=\"og:image:type\" content=\"image\/png\" \/>\n<meta name=\"author\" content=\"webmaster kapitalis\" \/>\n<meta name=\"twitter:card\" content=\"summary_large_image\" \/>\n<meta name=\"twitter:creator\" content=\"@KapitalisInfo\" \/>\n<meta name=\"twitter:site\" content=\"@KapitalisInfo\" \/>\n<meta name=\"twitter:label1\" content=\"\u00c9crit par\" \/>\n\t<meta name=\"twitter:data1\" content=\"webmaster kapitalis\" \/>\n\t<meta name=\"twitter:label2\" content=\"Dur\u00e9e de lecture estim\u00e9e\" \/>\n\t<meta name=\"twitter:data2\" content=\"1 minute\" \/>\n<script type=\"application\/ld+json\" class=\"yoast-schema-graph\">{\"@context\":\"https:\/\/schema.org\",\"@graph\":[{\"@type\":\"Article\",\"@id\":\"https:\/\/kapitalis.com\/tunisie\/2018\/02\/13\/esperance-de-tunis-deux-mois-de-repos-ali-machani\/#article\",\"isPartOf\":{\"@id\":\"https:\/\/kapitalis.com\/tunisie\/2018\/02\/13\/esperance-de-tunis-deux-mois-de-repos-ali-machani\/\"},\"author\":{\"name\":\"webmaster kapitalis\",\"@id\":\"https:\/\/kapitalis.com\/tunisie\/#\/schema\/person\/d71f33a9ca44f7bad4698210b480c8e9\"},\"headline\":\"Esp\u00e9rance de Tunis : Deux mois de repos pour Ali Machani\",\"datePublished\":\"2018-02-13T07:42:08+00:00\",\"mainEntityOfPage\":{\"@id\":\"https:\/\/kapitalis.com\/tunisie\/2018\/02\/13\/esperance-de-tunis-deux-mois-de-repos-ali-machani\/\"},\"wordCount\":186,\"commentCount\":0,\"publisher\":{\"@id\":\"https:\/\/kapitalis.com\/tunisie\/#organization\"},\"image\":{\"@id\":\"https:\/\/kapitalis.com\/tunisie\/2018\/02\/13\/esperance-de-tunis-deux-mois-de-repos-ali-machani\/#primaryimage\"},\"thumbnailUrl\":\"\",\"keywords\":[\"Ali Machani\",\"ASAC Concorde\",\"Esp\u00e9rance sportive de Tunis\",\"Iheb Mbarki\",\"Mauritanie\",\"Nouakchott\",\"Taha Yassine Khenissi\"],\"articleSection\":[\"SPORT\",\"Tunisie\"],\"inLanguage\":\"fr-FR\",\"potentialAction\":[{\"@type\":\"CommentAction\",\"name\":\"Comment\",\"target\":[\"https:\/\/kapitalis.com\/tunisie\/2018\/02\/13\/esperance-de-tunis-deux-mois-de-repos-ali-machani\/#respond\"]}]},{\"@type\":\"WebPage\",\"@id\":\"https:\/\/kapitalis.com\/tunisie\/2018\/02\/13\/esperance-de-tunis-deux-mois-de-repos-ali-machani\/\",\"url\":\"https:\/\/kapitalis.com\/tunisie\/2018\/02\/13\/esperance-de-tunis-deux-mois-de-repos-ali-machani\/\",\"name\":\"Esp\u00e9rance de Tunis : Deux mois de repos pour Ali Machani - Kapitalis\",\"isPartOf\":{\"@id\":\"https:\/\/kapitalis.com\/tunisie\/#website\"},\"primaryImageOfPage\":{\"@id\":\"https:\/\/kapitalis.com\/tunisie\/2018\/02\/13\/esperance-de-tunis-deux-mois-de-repos-ali-machani\/#primaryimage\"},\"image\":{\"@id\":\"https:\/\/kapitalis.com\/tunisie\/2018\/02\/13\/esperance-de-tunis-deux-mois-de-repos-ali-machani\/#primaryimage\"},\"thumbnailUrl\":\"\",\"datePublished\":\"2018-02-13T07:42:08+00:00\",\"breadcrumb\":{\"@id\":\"https:\/\/kapitalis.com\/tunisie\/2018\/02\/13\/esperance-de-tunis-deux-mois-de-repos-ali-machani\/#breadcrumb\"},\"inLanguage\":\"fr-FR\",\"potentialAction\":[{\"@type\":\"ReadAction\",\"target\":[\"https:\/\/kapitalis.com\/tunisie\/2018\/02\/13\/esperance-de-tunis-deux-mois-de-repos-ali-machani\/\"]}]},{\"@type\":\"ImageObject\",\"inLanguage\":\"fr-FR\",\"@id\":\"https:\/\/kapitalis.com\/tunisie\/2018\/02\/13\/esperance-de-tunis-deux-mois-de-repos-ali-machani\/#primaryimage\",\"url\":\"\",\"contentUrl\":\"\"},{\"@type\":\"BreadcrumbList\",\"@id\":\"https:\/\/kapitalis.com\/tunisie\/2018\/02\/13\/esperance-de-tunis-deux-mois-de-repos-ali-machani\/#breadcrumb\",\"itemListElement\":[{\"@type\":\"ListItem\",\"position\":1,\"name\":\"Accueil\",\"item\":\"https:\/\/kapitalis.com\/tunisie\/\"},{\"@type\":\"ListItem\",\"position\":2,\"name\":\"Esp\u00e9rance de Tunis : Deux mois de repos pour Ali Machani\"}]},{\"@type\":\"WebSite\",\"@id\":\"https:\/\/kapitalis.com\/tunisie\/#website\",\"url\":\"https:\/\/kapitalis.com\/tunisie\/\",\"name\":\"Kapitalis\",\"description\":\"L&#039;actualit\u00e9 en Tunisie et dans le monde\",\"publisher\":{\"@id\":\"https:\/\/kapitalis.com\/tunisie\/#organization\"},\"potentialAction\":[{\"@type\":\"SearchAction\",\"target\":{\"@type\":\"EntryPoint\",\"urlTemplate\":\"https:\/\/kapitalis.com\/tunisie\/?s={search_term_string}\"},\"query-input\":{\"@type\":\"PropertyValueSpecification\",\"valueRequired\":true,\"valueName\":\"search_term_string\"}}],\"inLanguage\":\"fr-FR\"},{\"@type\":\"Organization\",\"@id\":\"https:\/\/kapitalis.com\/tunisie\/#organization\",\"name\":\"Kapitalis\",\"url\":\"https:\/\/kapitalis.com\/tunisie\/\",\"logo\":{\"@type\":\"ImageObject\",\"inLanguage\":\"fr-FR\",\"@id\":\"https:\/\/kapitalis.com\/tunisie\/#\/schema\/logo\/image\/\",\"url\":\"https:\/\/kapitalis.com\/tunisie\/wp-content\/uploads\/2022\/05\/Kapitalis-big-size.png\",\"contentUrl\":\"https:\/\/kapitalis.com\/tunisie\/wp-content\/uploads\/2022\/05\/Kapitalis-big-size.png\",\"width\":5000,\"height\":1500,\"caption\":\"Kapitalis\"},\"image\":{\"@id\":\"https:\/\/kapitalis.com\/tunisie\/#\/schema\/logo\/image\/\"},\"sameAs\":[\"https:\/\/www.facebook.com\/KapitalisInfo\/\",\"https:\/\/x.com\/KapitalisInfo\",\"https:\/\/www.youtube.com\/channel\/UC-yDYrHyfFBWWZaOw3FPg9Q\"]},{\"@type\":\"Person\",\"@id\":\"https:\/\/kapitalis.com\/tunisie\/#\/schema\/person\/d71f33a9ca44f7bad4698210b480c8e9\",\"name\":\"webmaster kapitalis\",\"url\":\"https:\/\/kapitalis.com\/tunisie\/author\/webmaster-kapitalis\/\"}]}<\/script>\n<!-- \/ Yoast SEO plugin. -->","yoast_head_json":{"title":"Esp\u00e9rance de Tunis : Deux mois de repos pour Ali Machani - Kapitalis","robots":{"index":"index","follow":"follow","max-snippet":"max-snippet:-1","max-image-preview":"max-image-preview:large","max-video-preview":"max-video-preview:-1"},"canonical":"https:\/\/kapitalis.com\/tunisie\/2018\/02\/13\/esperance-de-tunis-deux-mois-de-repos-ali-machani\/","og_locale":"fr_FR","og_type":"article","og_title":"Esp\u00e9rance de Tunis : Deux mois de repos pour Ali Machani - Kapitalis","og_description":"Coup dur pour l\u2019Esp\u00e9rance sportive de Tunis (EST) : son d\u00e9fenseur central titulaire Ali Machani devra observer un repos d\u2019au moins deux mois.\u00a0","og_url":"https:\/\/kapitalis.com\/tunisie\/2018\/02\/13\/esperance-de-tunis-deux-mois-de-repos-ali-machani\/","og_site_name":"Kapitalis","article_publisher":"https:\/\/www.facebook.com\/KapitalisInfo\/","article_published_time":"2018-02-13T07:42:08+00:00","og_image":[{"width":1200,"height":630,"url":"https:\/\/kapitalis.com\/tunisie\/wp-content\/uploads\/2022\/05\/kapitalis-logo-fb.png","type":"image\/png"}],"author":"webmaster kapitalis","twitter_card":"summary_large_image","twitter_creator":"@KapitalisInfo","twitter_site":"@KapitalisInfo","twitter_misc":{"\u00c9crit par":"webmaster kapitalis","Dur\u00e9e de lecture estim\u00e9e":"1 minute"},"schema":{"@context":"https:\/\/schema.org","@graph":[{"@type":"Article","@id":"https:\/\/kapitalis.com\/tunisie\/2018\/02\/13\/esperance-de-tunis-deux-mois-de-repos-ali-machani\/#article","isPartOf":{"@id":"https:\/\/kapitalis.com\/tunisie\/2018\/02\/13\/esperance-de-tunis-deux-mois-de-repos-ali-machani\/"},"author":{"name":"webmaster kapitalis","@id":"https:\/\/kapitalis.com\/tunisie\/#\/schema\/person\/d71f33a9ca44f7bad4698210b480c8e9"},"headline":"Esp\u00e9rance de Tunis : Deux mois de repos pour Ali Machani","datePublished":"2018-02-13T07:42:08+00:00","mainEntityOfPage":{"@id":"https:\/\/kapitalis.com\/tunisie\/2018\/02\/13\/esperance-de-tunis-deux-mois-de-repos-ali-machani\/"},"wordCount":186,"commentCount":0,"publisher":{"@id":"https:\/\/kapitalis.com\/tunisie\/#organization"},"image":{"@id":"https:\/\/kapitalis.com\/tunisie\/2018\/02\/13\/esperance-de-tunis-deux-mois-de-repos-ali-machani\/#primaryimage"},"thumbnailUrl":"","keywords":["Ali Machani","ASAC Concorde","Esp\u00e9rance sportive de Tunis","Iheb Mbarki","Mauritanie","Nouakchott","Taha Yassine Khenissi"],"articleSection":["SPORT","Tunisie"],"inLanguage":"fr-FR","potentialAction":[{"@type":"CommentAction","name":"Comment","target":["https:\/\/kapitalis.com\/tunisie\/2018\/02\/13\/esperance-de-tunis-deux-mois-de-repos-ali-machani\/#respond"]}]},{"@type":"WebPage","@id":"https:\/\/kapitalis.com\/tunisie\/2018\/02\/13\/esperance-de-tunis-deux-mois-de-repos-ali-machani\/","url":"https:\/\/kapitalis.com\/tunisie\/2018\/02\/13\/esperance-de-tunis-deux-mois-de-repos-ali-machani\/","name":"Esp\u00e9rance de Tunis : Deux mois de repos pour Ali Machani - Kapitalis","isPartOf":{"@id":"https:\/\/kapitalis.com\/tunisie\/#website"},"primaryImageOfPage":{"@id":"https:\/\/kapitalis.com\/tunisie\/2018\/02\/13\/esperance-de-tunis-deux-mois-de-repos-ali-machani\/#primaryimage"},"image":{"@id":"https:\/\/kapitalis.com\/tunisie\/2018\/02\/13\/esperance-de-tunis-deux-mois-de-repos-ali-machani\/#primaryimage"},"thumbnailUrl":"","datePublished":"2018-02-13T07:42:08+00:00","breadcrumb":{"@id":"https:\/\/kapitalis.com\/tunisie\/2018\/02\/13\/esperance-de-tunis-deux-mois-de-repos-ali-machani\/#breadcrumb"},"inLanguage":"fr-FR","potentialAction":[{"@type":"ReadAction","target":["https:\/\/kapitalis.com\/tunisie\/2018\/02\/13\/esperance-de-tunis-deux-mois-de-repos-ali-machani\/"]}]},{"@type":"ImageObject","inLanguage":"fr-FR","@id":"https:\/\/kapitalis.com\/tunisie\/2018\/02\/13\/esperance-de-tunis-deux-mois-de-repos-ali-machani\/#primaryimage","url":"","contentUrl":""},{"@type":"BreadcrumbList","@id":"https:\/\/kapitalis.com\/tunisie\/2018\/02\/13\/esperance-de-tunis-deux-mois-de-repos-ali-machani\/#breadcrumb","itemListElement":[{"@type":"ListItem","position":1,"name":"Accueil","item":"https:\/\/kapitalis.com\/tunisie\/"},{"@type":"ListItem","position":2,"name":"Esp\u00e9rance de Tunis : Deux mois de repos pour Ali Machani"}]},{"@type":"WebSite","@id":"https:\/\/kapitalis.com\/tunisie\/#website","url":"https:\/\/kapitalis.com\/tunisie\/","name":"Kapitalis","description":"L&#039;actualit\u00e9 en Tunisie et dans le monde","publisher":{"@id":"https:\/\/kapitalis.com\/tunisie\/#organization"},"potentialAction":[{"@type":"SearchAction","target":{"@type":"EntryPoint","urlTemplate":"https:\/\/kapitalis.com\/tunisie\/?s={search_term_string}"},"query-input":{"@type":"PropertyValueSpecification","valueRequired":true,"valueName":"search_term_string"}}],"inLanguage":"fr-FR"},{"@type":"Organization","@id":"https:\/\/kapitalis.com\/tunisie\/#organization","name":"Kapitalis","url":"https:\/\/kapitalis.com\/tunisie\/","logo":{"@type":"ImageObject","inLanguage":"fr-FR","@id":"https:\/\/kapitalis.com\/tunisie\/#\/schema\/logo\/image\/","url":"https:\/\/kapitalis.com\/tunisie\/wp-content\/uploads\/2022\/05\/Kapitalis-big-size.png","contentUrl":"https:\/\/kapitalis.com\/tunisie\/wp-content\/uploads\/2022\/05\/Kapitalis-big-size.png","width":5000,"height":1500,"caption":"Kapitalis"},"image":{"@id":"https:\/\/kapitalis.com\/tunisie\/#\/schema\/logo\/image\/"},"sameAs":["https:\/\/www.facebook.com\/KapitalisInfo\/","https:\/\/x.com\/KapitalisInfo","https:\/\/www.youtube.com\/channel\/UC-yDYrHyfFBWWZaOw3FPg9Q"]},{"@type":"Person","@id":"https:\/\/kapitalis.com\/tunisie\/#\/schema\/person\/d71f33a9ca44f7bad4698210b480c8e9","name":"webmaster kapitalis","url":"https:\/\/kapitalis.com\/tunisie\/author\/webmaster-kapitalis\/"}]}},"_links":{"self":[{"href":"https:\/\/kapitalis.com\/tunisie\/wp-json\/wp\/v2\/posts\/138251","targetHints":{"allow":["GET"]}}],"collection":[{"href":"https:\/\/kapitalis.com\/tunisie\/wp-json\/wp\/v2\/posts"}],"about":[{"href":"https:\/\/kapitalis.com\/tunisie\/wp-json\/wp\/v2\/types\/post"}],"author":[{"embeddable":true,"href":"https:\/\/kapitalis.com\/tunisie\/wp-json\/wp\/v2\/users\/8"}],"replies":[{"embeddable":true,"href":"https:\/\/kapitalis.com\/tunisie\/wp-json\/wp\/v2\/comments?post=138251"}],"version-history":[{"count":0,"href":"https:\/\/kapitalis.com\/tunisie\/wp-json\/wp\/v2\/posts\/138251\/revisions"}],"wp:featuredmedia":[{"embeddable":true,"href":"https:\/\/kapitalis.com\/tunisie\/wp-json\/wp\/v2\/media\/138252"}],"wp:attachment":[{"href":"https:\/\/kapitalis.com\/tunisie\/wp-json\/wp\/v2\/media?parent=138251"}],"wp:term":[{"taxonomy":"category","embeddable":true,"href":"https:\/\/kapitalis.com\/tunisie\/wp-json\/wp\/v2\/categories?post=138251"},{"taxonomy":"post_tag","embeddable":true,"href":"https:\/\/kapitalis.com\/tunisie\/wp-json\/wp\/v2\/tags?post=138251"}],"curies":[{"name":"wp","href":"https:\/\/api.w.org\/{rel}","templated":true}]}}