{"id":13858316,"date":"2024-08-25T23:48:07","date_gmt":"2024-08-25T22:48:07","guid":{"rendered":"https:\/\/kapitalis.com\/tunisie\/?p=13858316"},"modified":"2024-08-25T23:50:50","modified_gmt":"2024-08-25T22:50:50","slug":"recours-aupres-du-tribunal-administratif-verdicts-attendus-le-29-aout","status":"publish","type":"post","link":"https:\/\/kapitalis.com\/tunisie\/2024\/08\/25\/recours-aupres-du-tribunal-administratif-verdicts-attendus-le-29-aout\/","title":{"rendered":"Recours aupr\u00e8s du tribunal administratif : Verdicts attendus le 29 ao\u00fbt"},"content":{"rendered":"\n<p><em><strong>Le tribunal administratif a annonc\u00e9 que son Assembl\u00e9e g\u00e9n\u00e9rale s&rsquo;est tenue ce dimanche 25 ao\u00fbt 2024, pour une audience consacr\u00e9e aux plaidoiries relatives \u00e0 quatre recours d\u00e9pos\u00e9s par des candidats \u00e0 la pr\u00e9sidentielle du 6 octobre.<\/strong><\/em><\/p>\n\n\n\n<!--more-->\n\n\n\n<p>Ces recours concernent la seconde phase des proc\u00e9dures suite au rejet des dossiers des candidatures en premi\u00e8re instance, pr\u00e9cise le Tribunal administratif qui a soulign\u00e9 que son verdict sur ces quatre recours sera rendu jeudi prochain, soit le 29 ao\u00fbt 2024.<\/p>\n\n\n\n<p>Dans son communiqu\u00e9, le Tribunal administratif a rappel\u00e9 que deux premiers recours ont \u00e9t\u00e9 examin\u00e9s le 22 ao\u00fbt et que les r\u00e9sultats seront annonc\u00e9s le 27 ao\u00fbt.<\/p>\n\n\n\n<p class=\"has-text-align-right\"><strong>Y. N.<\/strong><\/p>\n","protected":false},"excerpt":{"rendered":"<p>Le tribunal administratif a annonc\u00e9 que son Assembl\u00e9e g\u00e9n\u00e9rale s&rsquo;est tenue ce dimanche 25 ao\u00fbt 2024, pour une audience consacr\u00e9e aux plaidoiries relatives \u00e0 quatre recours d\u00e9pos\u00e9s par des candidats \u00e0 la pr\u00e9sidentielle du 6 octobre.<\/p>\n","protected":false},"author":6,"featured_media":5812485,"comment_status":"closed","ping_status":"open","sticky":false,"template":"","format":"standard","meta":{"footnotes":""},"categories":[997,2433],"tags":[182,4797,1772,62643],"class_list":["post-13858316","post","type-post","status-publish","format-standard","has-post-thumbnail","hentry","category-politique","category-tunisie","tag-candidatures","tag-presidentielle","tag-tribunal-administratif","tag-tunisie"],"yoast_head":"<!-- This site is optimized with the Yoast SEO plugin v26.6 - https:\/\/yoast.com\/wordpress\/plugins\/seo\/ -->\n<title>Recours aupr\u00e8s du tribunal administratif : Verdicts attendus le 29 ao\u00fbt - Kapitalis<\/title>\n<meta name=\"robots\" content=\"index, follow, max-snippet:-1, max-image-preview:large, max-video-preview:-1\" \/>\n<link rel=\"canonical\" href=\"https:\/\/kapitalis.com\/tunisie\/2024\/08\/25\/recours-aupres-du-tribunal-administratif-verdicts-attendus-le-29-aout\/\" \/>\n<meta property=\"og:locale\" content=\"fr_FR\" \/>\n<meta property=\"og:type\" content=\"article\" \/>\n<meta property=\"og:title\" content=\"Recours aupr\u00e8s du tribunal administratif : Verdicts attendus le 29 ao\u00fbt - Kapitalis\" \/>\n<meta property=\"og:description\" content=\"Le tribunal administratif a annonc\u00e9 que son Assembl\u00e9e g\u00e9n\u00e9rale s&rsquo;est tenue ce dimanche 25 ao\u00fbt 2024, pour une audience consacr\u00e9e aux plaidoiries relatives \u00e0 quatre recours d\u00e9pos\u00e9s par des candidats \u00e0 la pr\u00e9sidentielle du 6 octobre.\" \/>\n<meta property=\"og:url\" content=\"https:\/\/kapitalis.com\/tunisie\/2024\/08\/25\/recours-aupres-du-tribunal-administratif-verdicts-attendus-le-29-aout\/\" \/>\n<meta property=\"og:site_name\" content=\"Kapitalis\" \/>\n<meta property=\"article:publisher\" content=\"https:\/\/www.facebook.com\/KapitalisInfo\/\" \/>\n<meta property=\"article:published_time\" content=\"2024-08-25T22:48:07+00:00\" \/>\n<meta property=\"article:modified_time\" content=\"2024-08-25T22:50:50+00:00\" \/>\n<meta property=\"og:image\" content=\"https:\/\/kapitalis.com\/tunisie\/wp-content\/uploads\/2022\/12\/Tribunal-adminsitratif.jpg\" \/>\n\t<meta property=\"og:image:width\" content=\"1200\" \/>\n\t<meta property=\"og:image:height\" content=\"630\" \/>\n\t<meta property=\"og:image:type\" content=\"image\/jpeg\" \/>\n<meta name=\"author\" content=\"Yusra NY\" \/>\n<meta name=\"twitter:card\" content=\"summary_large_image\" \/>\n<meta name=\"twitter:creator\" content=\"@KapitalisInfo\" \/>\n<meta name=\"twitter:site\" content=\"@KapitalisInfo\" \/>\n<meta name=\"twitter:label1\" content=\"\u00c9crit par\" \/>\n\t<meta name=\"twitter:data1\" content=\"Yusra NY\" \/>\n\t<meta name=\"twitter:label2\" content=\"Dur\u00e9e de lecture estim\u00e9e\" \/>\n\t<meta name=\"twitter:data2\" content=\"1 minute\" \/>\n<script type=\"application\/ld+json\" class=\"yoast-schema-graph\">{\"@context\":\"https:\/\/schema.org\",\"@graph\":[{\"@type\":\"Article\",\"@id\":\"https:\/\/kapitalis.com\/tunisie\/2024\/08\/25\/recours-aupres-du-tribunal-administratif-verdicts-attendus-le-29-aout\/#article\",\"isPartOf\":{\"@id\":\"https:\/\/kapitalis.com\/tunisie\/2024\/08\/25\/recours-aupres-du-tribunal-administratif-verdicts-attendus-le-29-aout\/\"},\"author\":{\"name\":\"Yusra NY\",\"@id\":\"https:\/\/kapitalis.com\/tunisie\/#\/schema\/person\/74bbde0154d49d790a92aaeac5bc01d5\"},\"headline\":\"Recours aupr\u00e8s du tribunal administratif : Verdicts attendus le 29 ao\u00fbt\",\"datePublished\":\"2024-08-25T22:48:07+00:00\",\"dateModified\":\"2024-08-25T22:50:50+00:00\",\"mainEntityOfPage\":{\"@id\":\"https:\/\/kapitalis.com\/tunisie\/2024\/08\/25\/recours-aupres-du-tribunal-administratif-verdicts-attendus-le-29-aout\/\"},\"wordCount\":125,\"publisher\":{\"@id\":\"https:\/\/kapitalis.com\/tunisie\/#organization\"},\"image\":{\"@id\":\"https:\/\/kapitalis.com\/tunisie\/2024\/08\/25\/recours-aupres-du-tribunal-administratif-verdicts-attendus-le-29-aout\/#primaryimage\"},\"thumbnailUrl\":\"https:\/\/kapitalis.com\/tunisie\/wp-content\/uploads\/2022\/12\/Tribunal-adminsitratif.jpg\",\"keywords\":[\"candidatures\",\"pr\u00e9sidentielle\",\"tribunal administratif\",\"Tunisie\"],\"articleSection\":[\"POLITIQUE\",\"Tunisie\"],\"inLanguage\":\"fr-FR\"},{\"@type\":\"WebPage\",\"@id\":\"https:\/\/kapitalis.com\/tunisie\/2024\/08\/25\/recours-aupres-du-tribunal-administratif-verdicts-attendus-le-29-aout\/\",\"url\":\"https:\/\/kapitalis.com\/tunisie\/2024\/08\/25\/recours-aupres-du-tribunal-administratif-verdicts-attendus-le-29-aout\/\",\"name\":\"Recours aupr\u00e8s du tribunal administratif : Verdicts attendus le 29 ao\u00fbt - Kapitalis\",\"isPartOf\":{\"@id\":\"https:\/\/kapitalis.com\/tunisie\/#website\"},\"primaryImageOfPage\":{\"@id\":\"https:\/\/kapitalis.com\/tunisie\/2024\/08\/25\/recours-aupres-du-tribunal-administratif-verdicts-attendus-le-29-aout\/#primaryimage\"},\"image\":{\"@id\":\"https:\/\/kapitalis.com\/tunisie\/2024\/08\/25\/recours-aupres-du-tribunal-administratif-verdicts-attendus-le-29-aout\/#primaryimage\"},\"thumbnailUrl\":\"https:\/\/kapitalis.com\/tunisie\/wp-content\/uploads\/2022\/12\/Tribunal-adminsitratif.jpg\",\"datePublished\":\"2024-08-25T22:48:07+00:00\",\"dateModified\":\"2024-08-25T22:50:50+00:00\",\"breadcrumb\":{\"@id\":\"https:\/\/kapitalis.com\/tunisie\/2024\/08\/25\/recours-aupres-du-tribunal-administratif-verdicts-attendus-le-29-aout\/#breadcrumb\"},\"inLanguage\":\"fr-FR\",\"potentialAction\":[{\"@type\":\"ReadAction\",\"target\":[\"https:\/\/kapitalis.com\/tunisie\/2024\/08\/25\/recours-aupres-du-tribunal-administratif-verdicts-attendus-le-29-aout\/\"]}]},{\"@type\":\"ImageObject\",\"inLanguage\":\"fr-FR\",\"@id\":\"https:\/\/kapitalis.com\/tunisie\/2024\/08\/25\/recours-aupres-du-tribunal-administratif-verdicts-attendus-le-29-aout\/#primaryimage\",\"url\":\"https:\/\/kapitalis.com\/tunisie\/wp-content\/uploads\/2022\/12\/Tribunal-adminsitratif.jpg\",\"contentUrl\":\"https:\/\/kapitalis.com\/tunisie\/wp-content\/uploads\/2022\/12\/Tribunal-adminsitratif.jpg\",\"width\":1200,\"height\":630},{\"@type\":\"BreadcrumbList\",\"@id\":\"https:\/\/kapitalis.com\/tunisie\/2024\/08\/25\/recours-aupres-du-tribunal-administratif-verdicts-attendus-le-29-aout\/#breadcrumb\",\"itemListElement\":[{\"@type\":\"ListItem\",\"position\":1,\"name\":\"Accueil\",\"item\":\"https:\/\/kapitalis.com\/tunisie\/\"},{\"@type\":\"ListItem\",\"position\":2,\"name\":\"Recours aupr\u00e8s du tribunal administratif : Verdicts attendus le 29 ao\u00fbt\"}]},{\"@type\":\"WebSite\",\"@id\":\"https:\/\/kapitalis.com\/tunisie\/#website\",\"url\":\"https:\/\/kapitalis.com\/tunisie\/\",\"name\":\"Kapitalis\",\"description\":\"L&#039;actualit\u00e9 en Tunisie et dans le monde\",\"publisher\":{\"@id\":\"https:\/\/kapitalis.com\/tunisie\/#organization\"},\"potentialAction\":[{\"@type\":\"SearchAction\",\"target\":{\"@type\":\"EntryPoint\",\"urlTemplate\":\"https:\/\/kapitalis.com\/tunisie\/?s={search_term_string}\"},\"query-input\":{\"@type\":\"PropertyValueSpecification\",\"valueRequired\":true,\"valueName\":\"search_term_string\"}}],\"inLanguage\":\"fr-FR\"},{\"@type\":\"Organization\",\"@id\":\"https:\/\/kapitalis.com\/tunisie\/#organization\",\"name\":\"Kapitalis\",\"url\":\"https:\/\/kapitalis.com\/tunisie\/\",\"logo\":{\"@type\":\"ImageObject\",\"inLanguage\":\"fr-FR\",\"@id\":\"https:\/\/kapitalis.com\/tunisie\/#\/schema\/logo\/image\/\",\"url\":\"https:\/\/kapitalis.com\/tunisie\/wp-content\/uploads\/2022\/05\/Kapitalis-big-size.png\",\"contentUrl\":\"https:\/\/kapitalis.com\/tunisie\/wp-content\/uploads\/2022\/05\/Kapitalis-big-size.png\",\"width\":5000,\"height\":1500,\"caption\":\"Kapitalis\"},\"image\":{\"@id\":\"https:\/\/kapitalis.com\/tunisie\/#\/schema\/logo\/image\/\"},\"sameAs\":[\"https:\/\/www.facebook.com\/KapitalisInfo\/\",\"https:\/\/x.com\/KapitalisInfo\",\"https:\/\/www.youtube.com\/channel\/UC-yDYrHyfFBWWZaOw3FPg9Q\"]},{\"@type\":\"Person\",\"@id\":\"https:\/\/kapitalis.com\/tunisie\/#\/schema\/person\/74bbde0154d49d790a92aaeac5bc01d5\",\"name\":\"Yusra NY\",\"url\":\"https:\/\/kapitalis.com\/tunisie\/author\/yuza_adam\/\"}]}<\/script>\n<!-- \/ Yoast SEO plugin. -->","yoast_head_json":{"title":"Recours aupr\u00e8s du tribunal administratif : Verdicts attendus le 29 ao\u00fbt - Kapitalis","robots":{"index":"index","follow":"follow","max-snippet":"max-snippet:-1","max-image-preview":"max-image-preview:large","max-video-preview":"max-video-preview:-1"},"canonical":"https:\/\/kapitalis.com\/tunisie\/2024\/08\/25\/recours-aupres-du-tribunal-administratif-verdicts-attendus-le-29-aout\/","og_locale":"fr_FR","og_type":"article","og_title":"Recours aupr\u00e8s du tribunal administratif : Verdicts attendus le 29 ao\u00fbt - Kapitalis","og_description":"Le tribunal administratif a annonc\u00e9 que son Assembl\u00e9e g\u00e9n\u00e9rale s&rsquo;est tenue ce dimanche 25 ao\u00fbt 2024, pour une audience consacr\u00e9e aux plaidoiries relatives \u00e0 quatre recours d\u00e9pos\u00e9s par des candidats \u00e0 la pr\u00e9sidentielle du 6 octobre.","og_url":"https:\/\/kapitalis.com\/tunisie\/2024\/08\/25\/recours-aupres-du-tribunal-administratif-verdicts-attendus-le-29-aout\/","og_site_name":"Kapitalis","article_publisher":"https:\/\/www.facebook.com\/KapitalisInfo\/","article_published_time":"2024-08-25T22:48:07+00:00","article_modified_time":"2024-08-25T22:50:50+00:00","og_image":[{"width":1200,"height":630,"url":"https:\/\/kapitalis.com\/tunisie\/wp-content\/uploads\/2022\/12\/Tribunal-adminsitratif.jpg","type":"image\/jpeg"}],"author":"Yusra NY","twitter_card":"summary_large_image","twitter_creator":"@KapitalisInfo","twitter_site":"@KapitalisInfo","twitter_misc":{"\u00c9crit par":"Yusra NY","Dur\u00e9e de lecture estim\u00e9e":"1 minute"},"schema":{"@context":"https:\/\/schema.org","@graph":[{"@type":"Article","@id":"https:\/\/kapitalis.com\/tunisie\/2024\/08\/25\/recours-aupres-du-tribunal-administratif-verdicts-attendus-le-29-aout\/#article","isPartOf":{"@id":"https:\/\/kapitalis.com\/tunisie\/2024\/08\/25\/recours-aupres-du-tribunal-administratif-verdicts-attendus-le-29-aout\/"},"author":{"name":"Yusra NY","@id":"https:\/\/kapitalis.com\/tunisie\/#\/schema\/person\/74bbde0154d49d790a92aaeac5bc01d5"},"headline":"Recours aupr\u00e8s du tribunal administratif : Verdicts attendus le 29 ao\u00fbt","datePublished":"2024-08-25T22:48:07+00:00","dateModified":"2024-08-25T22:50:50+00:00","mainEntityOfPage":{"@id":"https:\/\/kapitalis.com\/tunisie\/2024\/08\/25\/recours-aupres-du-tribunal-administratif-verdicts-attendus-le-29-aout\/"},"wordCount":125,"publisher":{"@id":"https:\/\/kapitalis.com\/tunisie\/#organization"},"image":{"@id":"https:\/\/kapitalis.com\/tunisie\/2024\/08\/25\/recours-aupres-du-tribunal-administratif-verdicts-attendus-le-29-aout\/#primaryimage"},"thumbnailUrl":"https:\/\/kapitalis.com\/tunisie\/wp-content\/uploads\/2022\/12\/Tribunal-adminsitratif.jpg","keywords":["candidatures","pr\u00e9sidentielle","tribunal administratif","Tunisie"],"articleSection":["POLITIQUE","Tunisie"],"inLanguage":"fr-FR"},{"@type":"WebPage","@id":"https:\/\/kapitalis.com\/tunisie\/2024\/08\/25\/recours-aupres-du-tribunal-administratif-verdicts-attendus-le-29-aout\/","url":"https:\/\/kapitalis.com\/tunisie\/2024\/08\/25\/recours-aupres-du-tribunal-administratif-verdicts-attendus-le-29-aout\/","name":"Recours aupr\u00e8s du tribunal administratif : Verdicts attendus le 29 ao\u00fbt - Kapitalis","isPartOf":{"@id":"https:\/\/kapitalis.com\/tunisie\/#website"},"primaryImageOfPage":{"@id":"https:\/\/kapitalis.com\/tunisie\/2024\/08\/25\/recours-aupres-du-tribunal-administratif-verdicts-attendus-le-29-aout\/#primaryimage"},"image":{"@id":"https:\/\/kapitalis.com\/tunisie\/2024\/08\/25\/recours-aupres-du-tribunal-administratif-verdicts-attendus-le-29-aout\/#primaryimage"},"thumbnailUrl":"https:\/\/kapitalis.com\/tunisie\/wp-content\/uploads\/2022\/12\/Tribunal-adminsitratif.jpg","datePublished":"2024-08-25T22:48:07+00:00","dateModified":"2024-08-25T22:50:50+00:00","breadcrumb":{"@id":"https:\/\/kapitalis.com\/tunisie\/2024\/08\/25\/recours-aupres-du-tribunal-administratif-verdicts-attendus-le-29-aout\/#breadcrumb"},"inLanguage":"fr-FR","potentialAction":[{"@type":"ReadAction","target":["https:\/\/kapitalis.com\/tunisie\/2024\/08\/25\/recours-aupres-du-tribunal-administratif-verdicts-attendus-le-29-aout\/"]}]},{"@type":"ImageObject","inLanguage":"fr-FR","@id":"https:\/\/kapitalis.com\/tunisie\/2024\/08\/25\/recours-aupres-du-tribunal-administratif-verdicts-attendus-le-29-aout\/#primaryimage","url":"https:\/\/kapitalis.com\/tunisie\/wp-content\/uploads\/2022\/12\/Tribunal-adminsitratif.jpg","contentUrl":"https:\/\/kapitalis.com\/tunisie\/wp-content\/uploads\/2022\/12\/Tribunal-adminsitratif.jpg","width":1200,"height":630},{"@type":"BreadcrumbList","@id":"https:\/\/kapitalis.com\/tunisie\/2024\/08\/25\/recours-aupres-du-tribunal-administratif-verdicts-attendus-le-29-aout\/#breadcrumb","itemListElement":[{"@type":"ListItem","position":1,"name":"Accueil","item":"https:\/\/kapitalis.com\/tunisie\/"},{"@type":"ListItem","position":2,"name":"Recours aupr\u00e8s du tribunal administratif : Verdicts attendus le 29 ao\u00fbt"}]},{"@type":"WebSite","@id":"https:\/\/kapitalis.com\/tunisie\/#website","url":"https:\/\/kapitalis.com\/tunisie\/","name":"Kapitalis","description":"L&#039;actualit\u00e9 en Tunisie et dans le monde","publisher":{"@id":"https:\/\/kapitalis.com\/tunisie\/#organization"},"potentialAction":[{"@type":"SearchAction","target":{"@type":"EntryPoint","urlTemplate":"https:\/\/kapitalis.com\/tunisie\/?s={search_term_string}"},"query-input":{"@type":"PropertyValueSpecification","valueRequired":true,"valueName":"search_term_string"}}],"inLanguage":"fr-FR"},{"@type":"Organization","@id":"https:\/\/kapitalis.com\/tunisie\/#organization","name":"Kapitalis","url":"https:\/\/kapitalis.com\/tunisie\/","logo":{"@type":"ImageObject","inLanguage":"fr-FR","@id":"https:\/\/kapitalis.com\/tunisie\/#\/schema\/logo\/image\/","url":"https:\/\/kapitalis.com\/tunisie\/wp-content\/uploads\/2022\/05\/Kapitalis-big-size.png","contentUrl":"https:\/\/kapitalis.com\/tunisie\/wp-content\/uploads\/2022\/05\/Kapitalis-big-size.png","width":5000,"height":1500,"caption":"Kapitalis"},"image":{"@id":"https:\/\/kapitalis.com\/tunisie\/#\/schema\/logo\/image\/"},"sameAs":["https:\/\/www.facebook.com\/KapitalisInfo\/","https:\/\/x.com\/KapitalisInfo","https:\/\/www.youtube.com\/channel\/UC-yDYrHyfFBWWZaOw3FPg9Q"]},{"@type":"Person","@id":"https:\/\/kapitalis.com\/tunisie\/#\/schema\/person\/74bbde0154d49d790a92aaeac5bc01d5","name":"Yusra NY","url":"https:\/\/kapitalis.com\/tunisie\/author\/yuza_adam\/"}]}},"_links":{"self":[{"href":"https:\/\/kapitalis.com\/tunisie\/wp-json\/wp\/v2\/posts\/13858316","targetHints":{"allow":["GET"]}}],"collection":[{"href":"https:\/\/kapitalis.com\/tunisie\/wp-json\/wp\/v2\/posts"}],"about":[{"href":"https:\/\/kapitalis.com\/tunisie\/wp-json\/wp\/v2\/types\/post"}],"author":[{"embeddable":true,"href":"https:\/\/kapitalis.com\/tunisie\/wp-json\/wp\/v2\/users\/6"}],"replies":[{"embeddable":true,"href":"https:\/\/kapitalis.com\/tunisie\/wp-json\/wp\/v2\/comments?post=13858316"}],"version-history":[{"count":3,"href":"https:\/\/kapitalis.com\/tunisie\/wp-json\/wp\/v2\/posts\/13858316\/revisions"}],"predecessor-version":[{"id":13862557,"href":"https:\/\/kapitalis.com\/tunisie\/wp-json\/wp\/v2\/posts\/13858316\/revisions\/13862557"}],"wp:featuredmedia":[{"embeddable":true,"href":"https:\/\/kapitalis.com\/tunisie\/wp-json\/wp\/v2\/media\/5812485"}],"wp:attachment":[{"href":"https:\/\/kapitalis.com\/tunisie\/wp-json\/wp\/v2\/media?parent=13858316"}],"wp:term":[{"taxonomy":"category","embeddable":true,"href":"https:\/\/kapitalis.com\/tunisie\/wp-json\/wp\/v2\/categories?post=13858316"},{"taxonomy":"post_tag","embeddable":true,"href":"https:\/\/kapitalis.com\/tunisie\/wp-json\/wp\/v2\/tags?post=13858316"}],"curies":[{"name":"wp","href":"https:\/\/api.w.org\/{rel}","templated":true}]}}